{"id":27082,"date":"2021-05-31T23:15:39","date_gmt":"2021-05-31T22:15:39","guid":{"rendered":"https:\/\/radioljubuski.ba\/?p=27082"},"modified":"2021-05-31T23:15:40","modified_gmt":"2021-05-31T22:15:40","slug":"brozovic-nova-tetovaza-ako-osvojimo-euro","status":"publish","type":"post","link":"https:\/\/radioljubuski.ba\/index.php\/2021\/05\/31\/brozovic-nova-tetovaza-ako-osvojimo-euro\/","title":{"rendered":"Brozovi\u0107: Nova tetova\u017ea ako osvojimo Euro"},"content":{"rendered":"\n<p><strong>Marcelo Brozovi\u0107 u Velikoj Gorici slovi za &#8220;doma\u0107ina&#8221; uo\u010di sutra\u0161nje prijateljske utakmice s Armenijom u njegovu susjedstvu pa je, uz izbornika Zlatka Dali\u0107a najavio dvoboj. Me\u0111utim, pitanja su po\u010dela s Belgijcima Lukakuom i De Bruyneom, objavljeno je na portalu&nbsp;<\/strong><a href=\"https:\/\/hns-cff.hr\/\" target=\"_blank\" rel=\"noreferrer noopener\">hns-cff.hr<\/a><strong>.<\/strong><\/p>\n\n\n\n<p>&#8211; Lukakua je jako te\u0161ko \u010duvati. Fizi\u010dki je stvarno vrlo jak. Me\u0111utim, moramo dati sve od sebe, boriti se i to je to. A De Bruyne je, po mom mi\u0161ljenju, me\u0111u tri najbolja veznjaka na svijetu. Ima odli\u010dan udarac i pregled igre, zato i igra na tako visokoj razini. A Gorica&#8230; Velika je stvar za mene da igramo u mom gradu, nadam se da \u0107emo pobijediti.<br><br>Isti\u010de kako igra\u010de nije puno poremetio ostanak u Rovinju umjesto odlaska u kamp u \u0160kotsku.<br><br>&#8211; Vidjeli smo nekoliko solucija koje su se nudile i odlu\u010dili smo da nam je najbolje ostati u Hrvatskoj, u Rovinju. Koliko mo\u017eemo na Euru? Hrvatska mo\u017ee jako puno, ali, kao \u0161to smo vidjeli u tri posljednje utakmice, ako pristup nije pravi i ako nismo svi na sto posto, mo\u017ee biti problema. Najbitnije je okrenuti se prvim trima utakmicama na Europskom prvenstvu, a poslije \u0107emo vidjeti. Nova tetova\u017ea ako u\u0111emo u finale? Ne ako u\u0111emo, nego ako osvojimo.<br><br>Osje\u0107a se jako dobro, poslije naporne sezone imao je tek nekoliko dana odmora, no smatra da je to dovoljno.<br><br>&#8211; Od prvog dana treniramo jako dobro, a u mom\u010dadi vlada jako dobra atmosfera. Je l\u2019 slu\u0161aju mla\u0111i igra\u010di? Nekad na treningu, ako nisu unutra sto posto, podviknemo na njih.<br><br>S&nbsp;<strong>Vedranom \u0106orlukom&nbsp;<\/strong>godinama je dijelio svla\u010dionicu, a sad mu je jedan od &#8220;\u0161efova&#8221;.<br><br>&#8211; \u010carlija svi jako dobro znate, kakav je bio na terenu, takav je i sada kad je dio sto\u017eera. Rije\u010d je o karakternom igra\u010du, \u0161to god bi rekao, uvijek bi ga svi poslu\u0161ali. Sigurno \u0107e nam biti od velike pomo\u0107i.<\/p>\n\n\n\n<p>Izvor:hrt.hr<\/p>\n","protected":false},"excerpt":{"rendered":"<p>Marcelo Brozovi\u0107 u Velikoj Gorici slovi za &#8220;doma\u0107ina&#8221; uo\u010di sutra\u0161nje prijateljske utakmice s Armenijom u njegovu susjedstvu pa je, uz izbornika Zlatka Dali\u0107a najavio dvoboj. Me\u0111utim, pitanja su po\u010dela s Belgijcima Lukakuom i De Bruyneom, objavljeno je na portalu&nbsp;hns-cff.hr. &#8211; Lukakua je jako te\u0161ko \u010duvati. Fizi\u010dki je stvarno vrlo jak. Me\u0111utim, moramo dati sve od [&hellip;]<\/p>\n","protected":false},"author":2,"featured_media":27083,"comment_status":"closed","ping_status":"closed","sticky":false,"template":"","format":"standard","meta":{"h5ap_radio_sources":[],"footnotes":""},"categories":[1],"tags":[],"class_list":["post-27082","post","type-post","status-publish","format-standard","has-post-thumbnail","hentry","category-bihiregija"],"yoast_head":"<!-- This site is optimized with the Yoast SEO plugin v27.4 - https:\/\/yoast.com\/product\/yoast-seo-wordpress\/ -->\n<title>Brozovi\u0107: Nova tetova\u017ea ako osvojimo Euro - RADIO LJUBU\u0160KI<\/title>\n<meta name=\"robots\" content=\"index, follow, max-snippet:-1, max-image-preview:large, max-video-preview:-1\" \/>\n<link rel=\"canonical\" href=\"https:\/\/radioljubuski.ba\/index.php\/2021\/05\/31\/brozovic-nova-tetovaza-ako-osvojimo-euro\/\" \/>\n<meta property=\"og:locale\" content=\"hr_HR\" \/>\n<meta property=\"og:type\" content=\"article\" \/>\n<meta property=\"og:title\" content=\"Brozovi\u0107: Nova tetova\u017ea ako osvojimo Euro - RADIO LJUBU\u0160KI\" \/>\n<meta property=\"og:description\" content=\"Marcelo Brozovi\u0107 u Velikoj Gorici slovi za &#8220;doma\u0107ina&#8221; uo\u010di sutra\u0161nje prijateljske utakmice s Armenijom u njegovu susjedstvu pa je, uz izbornika Zlatka Dali\u0107a najavio dvoboj. Me\u0111utim, pitanja su po\u010dela s Belgijcima Lukakuom i De Bruyneom, objavljeno je na portalu&nbsp;hns-cff.hr. &#8211; Lukakua je jako te\u0161ko \u010duvati. Fizi\u010dki je stvarno vrlo jak. Me\u0111utim, moramo dati sve od [&hellip;]\" \/>\n<meta property=\"og:url\" content=\"https:\/\/radioljubuski.ba\/index.php\/2021\/05\/31\/brozovic-nova-tetovaza-ako-osvojimo-euro\/\" \/>\n<meta property=\"og:site_name\" content=\"RADIO LJUBU\u0160KI\" \/>\n<meta property=\"article:publisher\" content=\"https:\/\/www.facebook.com\/Radiio-Ljubuski-1490835324566332\" \/>\n<meta property=\"article:published_time\" content=\"2021-05-31T22:15:39+00:00\" \/>\n<meta property=\"article:modified_time\" content=\"2021-05-31T22:15:40+00:00\" \/>\n<meta property=\"og:image\" content=\"https:\/\/radioljubuski.ba\/wp-content\/uploads\/2021\/05\/62097931-brozovic.jpg\" \/>\n\t<meta property=\"og:image:width\" content=\"1920\" \/>\n\t<meta property=\"og:image:height\" content=\"1080\" \/>\n\t<meta property=\"og:image:type\" content=\"image\/jpeg\" \/>\n<meta name=\"author\" content=\"Radio Ljubu\u0161ki\" \/>\n<meta name=\"twitter:card\" content=\"summary_large_image\" \/>\n<meta name=\"twitter:creator\" content=\"@radioljubuski\" \/>\n<meta name=\"twitter:site\" content=\"@radioljubuski\" \/>\n<meta name=\"twitter:label1\" content=\"Napisao\/la\" \/>\n\t<meta name=\"twitter:data1\" content=\"Radio Ljubu\u0161ki\" \/>\n\t<meta name=\"twitter:label2\" content=\"Procijenjeno vrijeme \u010ditanja\" \/>\n\t<meta name=\"twitter:data2\" content=\"2 minute\" \/>\n<script type=\"application\/ld+json\" class=\"yoast-schema-graph\">{\"@context\":\"https:\\\/\\\/schema.org\",\"@graph\":[{\"@type\":\"Article\",\"@id\":\"https:\\\/\\\/radioljubuski.ba\\\/index.php\\\/2021\\\/05\\\/31\\\/brozovic-nova-tetovaza-ako-osvojimo-euro\\\/#article\",\"isPartOf\":{\"@id\":\"https:\\\/\\\/radioljubuski.ba\\\/index.php\\\/2021\\\/05\\\/31\\\/brozovic-nova-tetovaza-ako-osvojimo-euro\\\/\"},\"author\":{\"name\":\"Radio Ljubu\u0161ki\",\"@id\":\"https:\\\/\\\/radioljubuski.ba\\\/#\\\/schema\\\/person\\\/19fc700381a780f69665d7956c469e3b\"},\"headline\":\"Brozovi\u0107: Nova tetova\u017ea ako osvojimo Euro\",\"datePublished\":\"2021-05-31T22:15:39+00:00\",\"dateModified\":\"2021-05-31T22:15:40+00:00\",\"mainEntityOfPage\":{\"@id\":\"https:\\\/\\\/radioljubuski.ba\\\/index.php\\\/2021\\\/05\\\/31\\\/brozovic-nova-tetovaza-ako-osvojimo-euro\\\/\"},\"wordCount\":347,\"publisher\":{\"@id\":\"https:\\\/\\\/radioljubuski.ba\\\/#organization\"},\"image\":{\"@id\":\"https:\\\/\\\/radioljubuski.ba\\\/index.php\\\/2021\\\/05\\\/31\\\/brozovic-nova-tetovaza-ako-osvojimo-euro\\\/#primaryimage\"},\"thumbnailUrl\":\"https:\\\/\\\/radioljubuski.ba\\\/wp-content\\\/uploads\\\/2021\\\/05\\\/62097931-brozovic.jpg\",\"articleSection\":[\"BIH i regija\"],\"inLanguage\":\"hr\"},{\"@type\":\"WebPage\",\"@id\":\"https:\\\/\\\/radioljubuski.ba\\\/index.php\\\/2021\\\/05\\\/31\\\/brozovic-nova-tetovaza-ako-osvojimo-euro\\\/\",\"url\":\"https:\\\/\\\/radioljubuski.ba\\\/index.php\\\/2021\\\/05\\\/31\\\/brozovic-nova-tetovaza-ako-osvojimo-euro\\\/\",\"name\":\"Brozovi\u0107: Nova tetova\u017ea ako osvojimo Euro - RADIO LJUBU\u0160KI\",\"isPartOf\":{\"@id\":\"https:\\\/\\\/radioljubuski.ba\\\/#website\"},\"primaryImageOfPage\":{\"@id\":\"https:\\\/\\\/radioljubuski.ba\\\/index.php\\\/2021\\\/05\\\/31\\\/brozovic-nova-tetovaza-ako-osvojimo-euro\\\/#primaryimage\"},\"image\":{\"@id\":\"https:\\\/\\\/radioljubuski.ba\\\/index.php\\\/2021\\\/05\\\/31\\\/brozovic-nova-tetovaza-ako-osvojimo-euro\\\/#primaryimage\"},\"thumbnailUrl\":\"https:\\\/\\\/radioljubuski.ba\\\/wp-content\\\/uploads\\\/2021\\\/05\\\/62097931-brozovic.jpg\",\"datePublished\":\"2021-05-31T22:15:39+00:00\",\"dateModified\":\"2021-05-31T22:15:40+00:00\",\"breadcrumb\":{\"@id\":\"https:\\\/\\\/radioljubuski.ba\\\/index.php\\\/2021\\\/05\\\/31\\\/brozovic-nova-tetovaza-ako-osvojimo-euro\\\/#breadcrumb\"},\"inLanguage\":\"hr\",\"potentialAction\":[{\"@type\":\"ReadAction\",\"target\":[\"https:\\\/\\\/radioljubuski.ba\\\/index.php\\\/2021\\\/05\\\/31\\\/brozovic-nova-tetovaza-ako-osvojimo-euro\\\/\"]}]},{\"@type\":\"ImageObject\",\"inLanguage\":\"hr\",\"@id\":\"https:\\\/\\\/radioljubuski.ba\\\/index.php\\\/2021\\\/05\\\/31\\\/brozovic-nova-tetovaza-ako-osvojimo-euro\\\/#primaryimage\",\"url\":\"https:\\\/\\\/radioljubuski.ba\\\/wp-content\\\/uploads\\\/2021\\\/05\\\/62097931-brozovic.jpg\",\"contentUrl\":\"https:\\\/\\\/radioljubuski.ba\\\/wp-content\\\/uploads\\\/2021\\\/05\\\/62097931-brozovic.jpg\",\"width\":1920,\"height\":1080},{\"@type\":\"BreadcrumbList\",\"@id\":\"https:\\\/\\\/radioljubuski.ba\\\/index.php\\\/2021\\\/05\\\/31\\\/brozovic-nova-tetovaza-ako-osvojimo-euro\\\/#breadcrumb\",\"itemListElement\":[{\"@type\":\"ListItem\",\"position\":1,\"name\":\"Po\u010detna stranica\",\"item\":\"https:\\\/\\\/radioljubuski.ba\\\/\"},{\"@type\":\"ListItem\",\"position\":2,\"name\":\"Brozovi\u0107: Nova tetova\u017ea ako osvojimo Euro\"}]},{\"@type\":\"WebSite\",\"@id\":\"https:\\\/\\\/radioljubuski.ba\\\/#website\",\"url\":\"https:\\\/\\\/radioljubuski.ba\\\/\",\"name\":\"Radio Ljubu\u0161ki\",\"description\":\"Sun\u010dana frekvencija Hercegovine\",\"publisher\":{\"@id\":\"https:\\\/\\\/radioljubuski.ba\\\/#organization\"},\"potentialAction\":[{\"@type\":\"SearchAction\",\"target\":{\"@type\":\"EntryPoint\",\"urlTemplate\":\"https:\\\/\\\/radioljubuski.ba\\\/?s={search_term_string}\"},\"query-input\":{\"@type\":\"PropertyValueSpecification\",\"valueRequired\":true,\"valueName\":\"search_term_string\"}}],\"inLanguage\":\"hr\"},{\"@type\":\"Organization\",\"@id\":\"https:\\\/\\\/radioljubuski.ba\\\/#organization\",\"name\":\"Radio Ljubu\u0161ki\",\"url\":\"https:\\\/\\\/radioljubuski.ba\\\/\",\"logo\":{\"@type\":\"ImageObject\",\"inLanguage\":\"hr\",\"@id\":\"https:\\\/\\\/radioljubuski.ba\\\/#\\\/schema\\\/logo\\\/image\\\/\",\"url\":\"https:\\\/\\\/radioljubuski.ba\\\/wp-content\\\/uploads\\\/2021\\\/02\\\/cropped-Radio_Ljubuski_logo1.jpg\",\"contentUrl\":\"https:\\\/\\\/radioljubuski.ba\\\/wp-content\\\/uploads\\\/2021\\\/02\\\/cropped-Radio_Ljubuski_logo1.jpg\",\"width\":512,\"height\":512,\"caption\":\"Radio Ljubu\u0161ki\"},\"image\":{\"@id\":\"https:\\\/\\\/radioljubuski.ba\\\/#\\\/schema\\\/logo\\\/image\\\/\"},\"sameAs\":[\"https:\\\/\\\/www.facebook.com\\\/Radiio-Ljubuski-1490835324566332\",\"https:\\\/\\\/x.com\\\/radioljubuski\",\"https:\\\/\\\/hr.linkedin.com\\\/company\\\/radio-ljubuski\",\"https:\\\/\\\/www.youtube.com\\\/channel\\\/UCHYaeO_n0Db3tjNGudGpXyw\"]},{\"@type\":\"Person\",\"@id\":\"https:\\\/\\\/radioljubuski.ba\\\/#\\\/schema\\\/person\\\/19fc700381a780f69665d7956c469e3b\",\"name\":\"Radio Ljubu\u0161ki\"}]}<\/script>\n<!-- \/ Yoast SEO plugin. -->","yoast_head_json":{"title":"Brozovi\u0107: Nova tetova\u017ea ako osvojimo Euro - RADIO LJUBU\u0160KI","robots":{"index":"index","follow":"follow","max-snippet":"max-snippet:-1","max-image-preview":"max-image-preview:large","max-video-preview":"max-video-preview:-1"},"canonical":"https:\/\/radioljubuski.ba\/index.php\/2021\/05\/31\/brozovic-nova-tetovaza-ako-osvojimo-euro\/","og_locale":"hr_HR","og_type":"article","og_title":"Brozovi\u0107: Nova tetova\u017ea ako osvojimo Euro - RADIO LJUBU\u0160KI","og_description":"Marcelo Brozovi\u0107 u Velikoj Gorici slovi za &#8220;doma\u0107ina&#8221; uo\u010di sutra\u0161nje prijateljske utakmice s Armenijom u njegovu susjedstvu pa je, uz izbornika Zlatka Dali\u0107a najavio dvoboj. Me\u0111utim, pitanja su po\u010dela s Belgijcima Lukakuom i De Bruyneom, objavljeno je na portalu&nbsp;hns-cff.hr. &#8211; Lukakua je jako te\u0161ko \u010duvati. Fizi\u010dki je stvarno vrlo jak. Me\u0111utim, moramo dati sve od [&hellip;]","og_url":"https:\/\/radioljubuski.ba\/index.php\/2021\/05\/31\/brozovic-nova-tetovaza-ako-osvojimo-euro\/","og_site_name":"RADIO LJUBU\u0160KI","article_publisher":"https:\/\/www.facebook.com\/Radiio-Ljubuski-1490835324566332","article_published_time":"2021-05-31T22:15:39+00:00","article_modified_time":"2021-05-31T22:15:40+00:00","og_image":[{"width":1920,"height":1080,"url":"https:\/\/radioljubuski.ba\/wp-content\/uploads\/2021\/05\/62097931-brozovic.jpg","type":"image\/jpeg"}],"author":"Radio Ljubu\u0161ki","twitter_card":"summary_large_image","twitter_creator":"@radioljubuski","twitter_site":"@radioljubuski","twitter_misc":{"Napisao\/la":"Radio Ljubu\u0161ki","Procijenjeno vrijeme \u010ditanja":"2 minute"},"schema":{"@context":"https:\/\/schema.org","@graph":[{"@type":"Article","@id":"https:\/\/radioljubuski.ba\/index.php\/2021\/05\/31\/brozovic-nova-tetovaza-ako-osvojimo-euro\/#article","isPartOf":{"@id":"https:\/\/radioljubuski.ba\/index.php\/2021\/05\/31\/brozovic-nova-tetovaza-ako-osvojimo-euro\/"},"author":{"name":"Radio Ljubu\u0161ki","@id":"https:\/\/radioljubuski.ba\/#\/schema\/person\/19fc700381a780f69665d7956c469e3b"},"headline":"Brozovi\u0107: Nova tetova\u017ea ako osvojimo Euro","datePublished":"2021-05-31T22:15:39+00:00","dateModified":"2021-05-31T22:15:40+00:00","mainEntityOfPage":{"@id":"https:\/\/radioljubuski.ba\/index.php\/2021\/05\/31\/brozovic-nova-tetovaza-ako-osvojimo-euro\/"},"wordCount":347,"publisher":{"@id":"https:\/\/radioljubuski.ba\/#organization"},"image":{"@id":"https:\/\/radioljubuski.ba\/index.php\/2021\/05\/31\/brozovic-nova-tetovaza-ako-osvojimo-euro\/#primaryimage"},"thumbnailUrl":"https:\/\/radioljubuski.ba\/wp-content\/uploads\/2021\/05\/62097931-brozovic.jpg","articleSection":["BIH i regija"],"inLanguage":"hr"},{"@type":"WebPage","@id":"https:\/\/radioljubuski.ba\/index.php\/2021\/05\/31\/brozovic-nova-tetovaza-ako-osvojimo-euro\/","url":"https:\/\/radioljubuski.ba\/index.php\/2021\/05\/31\/brozovic-nova-tetovaza-ako-osvojimo-euro\/","name":"Brozovi\u0107: Nova tetova\u017ea ako osvojimo Euro - RADIO LJUBU\u0160KI","isPartOf":{"@id":"https:\/\/radioljubuski.ba\/#website"},"primaryImageOfPage":{"@id":"https:\/\/radioljubuski.ba\/index.php\/2021\/05\/31\/brozovic-nova-tetovaza-ako-osvojimo-euro\/#primaryimage"},"image":{"@id":"https:\/\/radioljubuski.ba\/index.php\/2021\/05\/31\/brozovic-nova-tetovaza-ako-osvojimo-euro\/#primaryimage"},"thumbnailUrl":"https:\/\/radioljubuski.ba\/wp-content\/uploads\/2021\/05\/62097931-brozovic.jpg","datePublished":"2021-05-31T22:15:39+00:00","dateModified":"2021-05-31T22:15:40+00:00","breadcrumb":{"@id":"https:\/\/radioljubuski.ba\/index.php\/2021\/05\/31\/brozovic-nova-tetovaza-ako-osvojimo-euro\/#breadcrumb"},"inLanguage":"hr","potentialAction":[{"@type":"ReadAction","target":["https:\/\/radioljubuski.ba\/index.php\/2021\/05\/31\/brozovic-nova-tetovaza-ako-osvojimo-euro\/"]}]},{"@type":"ImageObject","inLanguage":"hr","@id":"https:\/\/radioljubuski.ba\/index.php\/2021\/05\/31\/brozovic-nova-tetovaza-ako-osvojimo-euro\/#primaryimage","url":"https:\/\/radioljubuski.ba\/wp-content\/uploads\/2021\/05\/62097931-brozovic.jpg","contentUrl":"https:\/\/radioljubuski.ba\/wp-content\/uploads\/2021\/05\/62097931-brozovic.jpg","width":1920,"height":1080},{"@type":"BreadcrumbList","@id":"https:\/\/radioljubuski.ba\/index.php\/2021\/05\/31\/brozovic-nova-tetovaza-ako-osvojimo-euro\/#breadcrumb","itemListElement":[{"@type":"ListItem","position":1,"name":"Po\u010detna stranica","item":"https:\/\/radioljubuski.ba\/"},{"@type":"ListItem","position":2,"name":"Brozovi\u0107: Nova tetova\u017ea ako osvojimo Euro"}]},{"@type":"WebSite","@id":"https:\/\/radioljubuski.ba\/#website","url":"https:\/\/radioljubuski.ba\/","name":"Radio Ljubu\u0161ki","description":"Sun\u010dana frekvencija Hercegovine","publisher":{"@id":"https:\/\/radioljubuski.ba\/#organization"},"potentialAction":[{"@type":"SearchAction","target":{"@type":"EntryPoint","urlTemplate":"https:\/\/radioljubuski.ba\/?s={search_term_string}"},"query-input":{"@type":"PropertyValueSpecification","valueRequired":true,"valueName":"search_term_string"}}],"inLanguage":"hr"},{"@type":"Organization","@id":"https:\/\/radioljubuski.ba\/#organization","name":"Radio Ljubu\u0161ki","url":"https:\/\/radioljubuski.ba\/","logo":{"@type":"ImageObject","inLanguage":"hr","@id":"https:\/\/radioljubuski.ba\/#\/schema\/logo\/image\/","url":"https:\/\/radioljubuski.ba\/wp-content\/uploads\/2021\/02\/cropped-Radio_Ljubuski_logo1.jpg","contentUrl":"https:\/\/radioljubuski.ba\/wp-content\/uploads\/2021\/02\/cropped-Radio_Ljubuski_logo1.jpg","width":512,"height":512,"caption":"Radio Ljubu\u0161ki"},"image":{"@id":"https:\/\/radioljubuski.ba\/#\/schema\/logo\/image\/"},"sameAs":["https:\/\/www.facebook.com\/Radiio-Ljubuski-1490835324566332","https:\/\/x.com\/radioljubuski","https:\/\/hr.linkedin.com\/company\/radio-ljubuski","https:\/\/www.youtube.com\/channel\/UCHYaeO_n0Db3tjNGudGpXyw"]},{"@type":"Person","@id":"https:\/\/radioljubuski.ba\/#\/schema\/person\/19fc700381a780f69665d7956c469e3b","name":"Radio Ljubu\u0161ki"}]}},"_links":{"self":[{"href":"https:\/\/radioljubuski.ba\/index.php\/wp-json\/wp\/v2\/posts\/27082","targetHints":{"allow":["GET"]}}],"collection":[{"href":"https:\/\/radioljubuski.ba\/index.php\/wp-json\/wp\/v2\/posts"}],"about":[{"href":"https:\/\/radioljubuski.ba\/index.php\/wp-json\/wp\/v2\/types\/post"}],"author":[{"embeddable":true,"href":"https:\/\/radioljubuski.ba\/index.php\/wp-json\/wp\/v2\/users\/2"}],"replies":[{"embeddable":true,"href":"https:\/\/radioljubuski.ba\/index.php\/wp-json\/wp\/v2\/comments?post=27082"}],"version-history":[{"count":1,"href":"https:\/\/radioljubuski.ba\/index.php\/wp-json\/wp\/v2\/posts\/27082\/revisions"}],"predecessor-version":[{"id":27084,"href":"https:\/\/radioljubuski.ba\/index.php\/wp-json\/wp\/v2\/posts\/27082\/revisions\/27084"}],"wp:featuredmedia":[{"embeddable":true,"href":"https:\/\/radioljubuski.ba\/index.php\/wp-json\/wp\/v2\/media\/27083"}],"wp:attachment":[{"href":"https:\/\/radioljubuski.ba\/index.php\/wp-json\/wp\/v2\/media?parent=27082"}],"wp:term":[{"taxonomy":"category","embeddable":true,"href":"https:\/\/radioljubuski.ba\/index.php\/wp-json\/wp\/v2\/categories?post=27082"},{"taxonomy":"post_tag","embeddable":true,"href":"https:\/\/radioljubuski.ba\/index.php\/wp-json\/wp\/v2\/tags?post=27082"}],"curies":[{"name":"wp","href":"https:\/\/api.w.org\/{rel}","templated":true}]}}