{"id":2713,"date":"2021-03-11T10:31:46","date_gmt":"2021-03-11T09:31:46","guid":{"rendered":"https:\/\/radioljubuski.ba\/?p=2713"},"modified":"2021-03-11T10:31:47","modified_gmt":"2021-03-11T09:31:47","slug":"u-hrvatskoj-777-novooboljelih-udio-novozarazenih-115-posto","status":"publish","type":"post","link":"https:\/\/radioljubuski.ba\/index.php\/2021\/03\/11\/u-hrvatskoj-777-novooboljelih-udio-novozarazenih-115-posto\/","title":{"rendered":"U Hrvatskoj 777 novooboljelih, udio novozara\u017eenih 11,5 posto"},"content":{"rendered":"\n<p>U Hrvatskoj 777 novooboljelih, udio novozara\u017eenih u protekla 24 sata 11,5 posto, rekao je na sjednici Vlade ministar zdravstva Vili Bero\u0161. Ju\u010der je udio oboljelih me\u0111u testiranima bio 13 posto, a broj zara\u017eenih u posljednjih tjedan dana porastao je 19 posto.<\/p>\n\n\n\n<p><strong>Koronavirus u Hrvatskoj:<\/strong><br><br>\u25cf Vlada o nabavi cjepiva protiv COVID-a i stanju vezanom za potres na Banovini<a href=\"https:\/\/vijesti.hrt.hr\/hrvatska\/vlada-o-nabavi-cjepiva-protiv-covida-i-stanju-vezanom-za-potres-na-banovini-1041917\" target=\"_blank\" rel=\"noreferrer noopener\"><strong>Op\u0161irnije<\/strong><\/a><\/p>\n\n\n\n<p>&#8211; Do\u0161lo je do ubrzavanja lokalne transmisije u Primorsko-goranskoj \u017eupaniji, ali i Republici Hrvatskoj. To je posljedica opu\u0161tanja koje smo primijetili jo\u0161 sredinom velja\u010de, ka\u017ee <strong>Vladimir Mi\u0107ovi\u0107<\/strong>, ravnatelj Nastavnog zavoda za javno zdravstvo Primorsko-goranske \u017eupanije. <a href=\"https:\/\/vijesti.hrt.hr\/hrvatska\/micovic-treba-aktivno-pronalaziti-virus-populaciji-1042847\" target=\"_blank\" rel=\"noreferrer noopener\"><strong>Op\u0161irnije<\/strong><\/a><\/p>\n\n\n\n<p><strong>Izvje\u0161\u0107a \u017eupanijskih sto\u017eera:<\/strong><strong><br><br>\u25cf <\/strong>U<strong> Vukovarsko-srijemskoj \u017eupaniji<\/strong>, prema podacima pristiglim do 8:00 sati, u posljednja 24 sata je 21 nova pozitivna osoba na COVID-19.<br><br><strong>\u25cf <\/strong>Na podru\u010dju <strong>Bjelovarsko-bilogorske \u017eupanije<\/strong> potvr\u0111eno je devet novih slu\u010dajeva zaraze koronavirusom, priop\u0107ili su u \u010detvrtak iz \u017eupanijskog Sto\u017eera civilne za\u0161tite.<br><br>\u25cf U <strong>Istarskoj \u017eupaniji <\/strong>potvr\u0111eno je 11 novozara\u017eenih osoba. Ispitano je 297 uzoraka briseva na COVID-19. Jedna je osoba preminula.&nbsp;<br><br>\u25cf U&nbsp; <strong>Koprivni\u010dko-kri\u017eeva\u010dkoj \u017eupaniji<\/strong> potvr\u0111eno 11 novih slu\u010dajeva bolesti COVID-19, a na bolni\u010dkom lije\u010denju nalazi se sedam osoba.<br><br>\u25cf U <strong>Po\u017ee\u0161ko-slavonskoj \u017eupaniji<\/strong> 12 novih slu\u010dajeva zaraze.<br><br>\u25cf U <strong>Sisa\u010dko-moslava\u010dkoj \u017eupaniji <\/strong>11 novih slu\u010dajeva zaraze.<br><br>\u25cf U <strong>Primorsko-goranskoj \u017eupaniji<\/strong> 130 novozara\u017eenih.<\/p>\n\n\n\n<p><strong>Koronavirus u svijetu:&nbsp;<\/strong><br><br>\u25cf Velika ve\u0107ina oboljelih od bolesti COVID-19, primljena u ameri\u010dke bolnice u prvim mjesecima pandemije, dobivala je antibiotike i prije nego \u0161to se potvrdilo da kod njih postoji neka bakterijska infekcija, pokazalo je istra\u017eivanje.<br><br>\u25cf Pro\u0161lo je godinu dana od progla\u0161enja pandemije koronavirusa u svijetu.<br><br>\u25cf Studija Ameri\u010dkih centara za kontrolu i prevenciju bolesti (CDC) pokazala je da je pro\u0161la godina bila najsmrtonosnija u ameri\u010dkoj povijesti s pove\u0107anjem broja umrlih od 15 posto, u \u010demu je ulogu imao i COVID-19.<br><br>\u25cf Sjedinjene Ameri\u010dke Dr\u017eave planiraju udvostru\u010diti narud\u017ebu Johnson&amp;Johnson cjepiva protiv koronavirusa kako bi pove\u0107ali ameri\u010dku opskrbu u slu\u010daju &#8220;neo\u010dekivanih izazova&#8221; u pandemiji. <a href=\"https:\/\/vijesti.hrt.hr\/svijet\/sad-planiraju-udvostruciti-narudzbu-cjepiva-1042119\" target=\"_blank\" rel=\"noreferrer noopener\"><strong>Op\u0161irnije<\/strong><\/a><br><br>\u25cf Australska vlada predstavila je u \u010detvrtak paket turisti\u010dke potpore u iznosu od 928 milijuna ameri\u010dkih dolara s ciljem ja\u010danja lokalnih putovanja, dok me\u0111unarodne rute ostaju i dalje zatvorene zbog pandemije.<br><br>\u25cf Gotovo svi pokazatelji koji mjere razvoj djece i adolescenata nazadovali su tijekom pandemije koronavirusne bolesti, \u0161to bi moglo imati trajne posljedice za cijelu generaciju, upozorava Fond Ujedinjenih naroda za djecu (UNICEF). <a href=\"https:\/\/vijesti.hrt.hr\/svijet\/zbog-pandemije-ugrozene-generacije-djece-1041913\" target=\"_blank\" rel=\"noreferrer noopener\"><strong>Op\u0161irnije<\/strong><\/a><br><br>\u25cf Ju\u017ena Koreja odobrila je u \u010detvrtak upotrebu AstraZenecina cjepiva protiv bolesti COVID-19 za ljude u dobi od 65 godina i starije, \u017eele\u0107i poja\u010dati uvo\u0111enje cjepiva jer su nova inozemna istra\u017eivanja pokazala njegovu u\u010dinkovitost. <a href=\"https:\/\/vijesti.hrt.hr\/svijet\/jkoreja-cjepivo-astrazenece-i-za-starije-od-65-1041915\" target=\"_blank\" rel=\"noreferrer noopener\"><strong>Op\u0161irnije<\/strong><\/a><br><br>\u25cf Zvijezda NBA lige i Los Angeles Lakersa LeBron James suo\u010dio se s kritikama dijela javnosti jer nije \u017eelio otkriti ho\u0107e li se cijepiti protiv koronavirusa.<\/p>\n\n\n\n<p>Izvor:hrt.hr<\/p>\n","protected":false},"excerpt":{"rendered":"<p>U Hrvatskoj 777 novooboljelih, udio novozara\u017eenih u protekla 24 sata 11,5 posto, rekao je na sjednici Vlade ministar zdravstva Vili Bero\u0161. Ju\u010der je udio oboljelih me\u0111u testiranima bio 13 posto, a broj zara\u017eenih u posljednjih tjedan dana porastao je 19 posto. Koronavirus u Hrvatskoj: \u25cf Vlada o nabavi cjepiva protiv COVID-a i stanju vezanom za [&hellip;]<\/p>\n","protected":false},"author":2,"featured_media":2716,"comment_status":"closed","ping_status":"closed","sticky":false,"template":"","format":"standard","meta":{"h5ap_radio_sources":[],"footnotes":""},"categories":[1],"tags":[],"class_list":["post-2713","post","type-post","status-publish","format-standard","has-post-thumbnail","hentry","category-bihiregija"],"yoast_head":"<!-- This site is optimized with the Yoast SEO plugin v27.5 - https:\/\/yoast.com\/product\/yoast-seo-wordpress\/ -->\n<title>U Hrvatskoj 777 novooboljelih, udio novozara\u017eenih 11,5 posto - RADIO LJUBU\u0160KI<\/title>\n<meta name=\"robots\" content=\"index, follow, max-snippet:-1, max-image-preview:large, max-video-preview:-1\" \/>\n<link rel=\"canonical\" href=\"https:\/\/radioljubuski.ba\/index.php\/2021\/03\/11\/u-hrvatskoj-777-novooboljelih-udio-novozarazenih-115-posto\/\" \/>\n<meta property=\"og:locale\" content=\"hr_HR\" \/>\n<meta property=\"og:type\" content=\"article\" \/>\n<meta property=\"og:title\" content=\"U Hrvatskoj 777 novooboljelih, udio novozara\u017eenih 11,5 posto - RADIO LJUBU\u0160KI\" \/>\n<meta property=\"og:description\" content=\"U Hrvatskoj 777 novooboljelih, udio novozara\u017eenih u protekla 24 sata 11,5 posto, rekao je na sjednici Vlade ministar zdravstva Vili Bero\u0161. Ju\u010der je udio oboljelih me\u0111u testiranima bio 13 posto, a broj zara\u017eenih u posljednjih tjedan dana porastao je 19 posto. Koronavirus u Hrvatskoj: \u25cf Vlada o nabavi cjepiva protiv COVID-a i stanju vezanom za [&hellip;]\" \/>\n<meta property=\"og:url\" content=\"https:\/\/radioljubuski.ba\/index.php\/2021\/03\/11\/u-hrvatskoj-777-novooboljelih-udio-novozarazenih-115-posto\/\" \/>\n<meta property=\"og:site_name\" content=\"RADIO LJUBU\u0160KI\" \/>\n<meta property=\"article:publisher\" content=\"https:\/\/www.facebook.com\/Radiio-Ljubuski-1490835324566332\" \/>\n<meta property=\"article:published_time\" content=\"2021-03-11T09:31:46+00:00\" \/>\n<meta property=\"article:modified_time\" content=\"2021-03-11T09:31:47+00:00\" \/>\n<meta property=\"og:image\" content=\"https:\/\/radioljubuski.ba\/wp-content\/uploads\/2021\/03\/22-7.png\" \/>\n\t<meta property=\"og:image:width\" content=\"648\" \/>\n\t<meta property=\"og:image:height\" content=\"385\" \/>\n\t<meta property=\"og:image:type\" content=\"image\/png\" \/>\n<meta name=\"author\" content=\"Radio Ljubu\u0161ki\" \/>\n<meta name=\"twitter:card\" content=\"summary_large_image\" \/>\n<meta name=\"twitter:creator\" content=\"@radioljubuski\" \/>\n<meta name=\"twitter:site\" content=\"@radioljubuski\" \/>\n<meta name=\"twitter:label1\" content=\"Napisao\/la\" \/>\n\t<meta name=\"twitter:data1\" content=\"Radio Ljubu\u0161ki\" \/>\n\t<meta name=\"twitter:label2\" content=\"Procijenjeno vrijeme \u010ditanja\" \/>\n\t<meta name=\"twitter:data2\" content=\"2 minute\" \/>\n<script type=\"application\/ld+json\" class=\"yoast-schema-graph\">{\"@context\":\"https:\\\/\\\/schema.org\",\"@graph\":[{\"@type\":\"Article\",\"@id\":\"https:\\\/\\\/radioljubuski.ba\\\/index.php\\\/2021\\\/03\\\/11\\\/u-hrvatskoj-777-novooboljelih-udio-novozarazenih-115-posto\\\/#article\",\"isPartOf\":{\"@id\":\"https:\\\/\\\/radioljubuski.ba\\\/index.php\\\/2021\\\/03\\\/11\\\/u-hrvatskoj-777-novooboljelih-udio-novozarazenih-115-posto\\\/\"},\"author\":{\"name\":\"Radio Ljubu\u0161ki\",\"@id\":\"https:\\\/\\\/radioljubuski.ba\\\/#\\\/schema\\\/person\\\/19fc700381a780f69665d7956c469e3b\"},\"headline\":\"U Hrvatskoj 777 novooboljelih, udio novozara\u017eenih 11,5 posto\",\"datePublished\":\"2021-03-11T09:31:46+00:00\",\"dateModified\":\"2021-03-11T09:31:47+00:00\",\"mainEntityOfPage\":{\"@id\":\"https:\\\/\\\/radioljubuski.ba\\\/index.php\\\/2021\\\/03\\\/11\\\/u-hrvatskoj-777-novooboljelih-udio-novozarazenih-115-posto\\\/\"},\"wordCount\":480,\"publisher\":{\"@id\":\"https:\\\/\\\/radioljubuski.ba\\\/#organization\"},\"image\":{\"@id\":\"https:\\\/\\\/radioljubuski.ba\\\/index.php\\\/2021\\\/03\\\/11\\\/u-hrvatskoj-777-novooboljelih-udio-novozarazenih-115-posto\\\/#primaryimage\"},\"thumbnailUrl\":\"https:\\\/\\\/radioljubuski.ba\\\/wp-content\\\/uploads\\\/2021\\\/03\\\/22-7.png\",\"articleSection\":[\"BIH i regija\"],\"inLanguage\":\"hr\"},{\"@type\":\"WebPage\",\"@id\":\"https:\\\/\\\/radioljubuski.ba\\\/index.php\\\/2021\\\/03\\\/11\\\/u-hrvatskoj-777-novooboljelih-udio-novozarazenih-115-posto\\\/\",\"url\":\"https:\\\/\\\/radioljubuski.ba\\\/index.php\\\/2021\\\/03\\\/11\\\/u-hrvatskoj-777-novooboljelih-udio-novozarazenih-115-posto\\\/\",\"name\":\"U Hrvatskoj 777 novooboljelih, udio novozara\u017eenih 11,5 posto - RADIO LJUBU\u0160KI\",\"isPartOf\":{\"@id\":\"https:\\\/\\\/radioljubuski.ba\\\/#website\"},\"primaryImageOfPage\":{\"@id\":\"https:\\\/\\\/radioljubuski.ba\\\/index.php\\\/2021\\\/03\\\/11\\\/u-hrvatskoj-777-novooboljelih-udio-novozarazenih-115-posto\\\/#primaryimage\"},\"image\":{\"@id\":\"https:\\\/\\\/radioljubuski.ba\\\/index.php\\\/2021\\\/03\\\/11\\\/u-hrvatskoj-777-novooboljelih-udio-novozarazenih-115-posto\\\/#primaryimage\"},\"thumbnailUrl\":\"https:\\\/\\\/radioljubuski.ba\\\/wp-content\\\/uploads\\\/2021\\\/03\\\/22-7.png\",\"datePublished\":\"2021-03-11T09:31:46+00:00\",\"dateModified\":\"2021-03-11T09:31:47+00:00\",\"breadcrumb\":{\"@id\":\"https:\\\/\\\/radioljubuski.ba\\\/index.php\\\/2021\\\/03\\\/11\\\/u-hrvatskoj-777-novooboljelih-udio-novozarazenih-115-posto\\\/#breadcrumb\"},\"inLanguage\":\"hr\",\"potentialAction\":[{\"@type\":\"ReadAction\",\"target\":[\"https:\\\/\\\/radioljubuski.ba\\\/index.php\\\/2021\\\/03\\\/11\\\/u-hrvatskoj-777-novooboljelih-udio-novozarazenih-115-posto\\\/\"]}]},{\"@type\":\"ImageObject\",\"inLanguage\":\"hr\",\"@id\":\"https:\\\/\\\/radioljubuski.ba\\\/index.php\\\/2021\\\/03\\\/11\\\/u-hrvatskoj-777-novooboljelih-udio-novozarazenih-115-posto\\\/#primaryimage\",\"url\":\"https:\\\/\\\/radioljubuski.ba\\\/wp-content\\\/uploads\\\/2021\\\/03\\\/22-7.png\",\"contentUrl\":\"https:\\\/\\\/radioljubuski.ba\\\/wp-content\\\/uploads\\\/2021\\\/03\\\/22-7.png\",\"width\":648,\"height\":385},{\"@type\":\"BreadcrumbList\",\"@id\":\"https:\\\/\\\/radioljubuski.ba\\\/index.php\\\/2021\\\/03\\\/11\\\/u-hrvatskoj-777-novooboljelih-udio-novozarazenih-115-posto\\\/#breadcrumb\",\"itemListElement\":[{\"@type\":\"ListItem\",\"position\":1,\"name\":\"Po\u010detna stranica\",\"item\":\"https:\\\/\\\/radioljubuski.ba\\\/\"},{\"@type\":\"ListItem\",\"position\":2,\"name\":\"U Hrvatskoj 777 novooboljelih, udio novozara\u017eenih 11,5 posto\"}]},{\"@type\":\"WebSite\",\"@id\":\"https:\\\/\\\/radioljubuski.ba\\\/#website\",\"url\":\"https:\\\/\\\/radioljubuski.ba\\\/\",\"name\":\"Radio Ljubu\u0161ki\",\"description\":\"Sun\u010dana frekvencija Hercegovine\",\"publisher\":{\"@id\":\"https:\\\/\\\/radioljubuski.ba\\\/#organization\"},\"potentialAction\":[{\"@type\":\"SearchAction\",\"target\":{\"@type\":\"EntryPoint\",\"urlTemplate\":\"https:\\\/\\\/radioljubuski.ba\\\/?s={search_term_string}\"},\"query-input\":{\"@type\":\"PropertyValueSpecification\",\"valueRequired\":true,\"valueName\":\"search_term_string\"}}],\"inLanguage\":\"hr\"},{\"@type\":\"Organization\",\"@id\":\"https:\\\/\\\/radioljubuski.ba\\\/#organization\",\"name\":\"Radio Ljubu\u0161ki\",\"url\":\"https:\\\/\\\/radioljubuski.ba\\\/\",\"logo\":{\"@type\":\"ImageObject\",\"inLanguage\":\"hr\",\"@id\":\"https:\\\/\\\/radioljubuski.ba\\\/#\\\/schema\\\/logo\\\/image\\\/\",\"url\":\"https:\\\/\\\/radioljubuski.ba\\\/wp-content\\\/uploads\\\/2021\\\/02\\\/cropped-Radio_Ljubuski_logo1.jpg\",\"contentUrl\":\"https:\\\/\\\/radioljubuski.ba\\\/wp-content\\\/uploads\\\/2021\\\/02\\\/cropped-Radio_Ljubuski_logo1.jpg\",\"width\":512,\"height\":512,\"caption\":\"Radio Ljubu\u0161ki\"},\"image\":{\"@id\":\"https:\\\/\\\/radioljubuski.ba\\\/#\\\/schema\\\/logo\\\/image\\\/\"},\"sameAs\":[\"https:\\\/\\\/www.facebook.com\\\/Radiio-Ljubuski-1490835324566332\",\"https:\\\/\\\/x.com\\\/radioljubuski\",\"https:\\\/\\\/hr.linkedin.com\\\/company\\\/radio-ljubuski\",\"https:\\\/\\\/www.youtube.com\\\/channel\\\/UCHYaeO_n0Db3tjNGudGpXyw\"]},{\"@type\":\"Person\",\"@id\":\"https:\\\/\\\/radioljubuski.ba\\\/#\\\/schema\\\/person\\\/19fc700381a780f69665d7956c469e3b\",\"name\":\"Radio Ljubu\u0161ki\"}]}<\/script>\n<!-- \/ Yoast SEO plugin. -->","yoast_head_json":{"title":"U Hrvatskoj 777 novooboljelih, udio novozara\u017eenih 11,5 posto - RADIO LJUBU\u0160KI","robots":{"index":"index","follow":"follow","max-snippet":"max-snippet:-1","max-image-preview":"max-image-preview:large","max-video-preview":"max-video-preview:-1"},"canonical":"https:\/\/radioljubuski.ba\/index.php\/2021\/03\/11\/u-hrvatskoj-777-novooboljelih-udio-novozarazenih-115-posto\/","og_locale":"hr_HR","og_type":"article","og_title":"U Hrvatskoj 777 novooboljelih, udio novozara\u017eenih 11,5 posto - RADIO LJUBU\u0160KI","og_description":"U Hrvatskoj 777 novooboljelih, udio novozara\u017eenih u protekla 24 sata 11,5 posto, rekao je na sjednici Vlade ministar zdravstva Vili Bero\u0161. Ju\u010der je udio oboljelih me\u0111u testiranima bio 13 posto, a broj zara\u017eenih u posljednjih tjedan dana porastao je 19 posto. Koronavirus u Hrvatskoj: \u25cf Vlada o nabavi cjepiva protiv COVID-a i stanju vezanom za [&hellip;]","og_url":"https:\/\/radioljubuski.ba\/index.php\/2021\/03\/11\/u-hrvatskoj-777-novooboljelih-udio-novozarazenih-115-posto\/","og_site_name":"RADIO LJUBU\u0160KI","article_publisher":"https:\/\/www.facebook.com\/Radiio-Ljubuski-1490835324566332","article_published_time":"2021-03-11T09:31:46+00:00","article_modified_time":"2021-03-11T09:31:47+00:00","og_image":[{"width":648,"height":385,"url":"https:\/\/radioljubuski.ba\/wp-content\/uploads\/2021\/03\/22-7.png","type":"image\/png"}],"author":"Radio Ljubu\u0161ki","twitter_card":"summary_large_image","twitter_creator":"@radioljubuski","twitter_site":"@radioljubuski","twitter_misc":{"Napisao\/la":"Radio Ljubu\u0161ki","Procijenjeno vrijeme \u010ditanja":"2 minute"},"schema":{"@context":"https:\/\/schema.org","@graph":[{"@type":"Article","@id":"https:\/\/radioljubuski.ba\/index.php\/2021\/03\/11\/u-hrvatskoj-777-novooboljelih-udio-novozarazenih-115-posto\/#article","isPartOf":{"@id":"https:\/\/radioljubuski.ba\/index.php\/2021\/03\/11\/u-hrvatskoj-777-novooboljelih-udio-novozarazenih-115-posto\/"},"author":{"name":"Radio Ljubu\u0161ki","@id":"https:\/\/radioljubuski.ba\/#\/schema\/person\/19fc700381a780f69665d7956c469e3b"},"headline":"U Hrvatskoj 777 novooboljelih, udio novozara\u017eenih 11,5 posto","datePublished":"2021-03-11T09:31:46+00:00","dateModified":"2021-03-11T09:31:47+00:00","mainEntityOfPage":{"@id":"https:\/\/radioljubuski.ba\/index.php\/2021\/03\/11\/u-hrvatskoj-777-novooboljelih-udio-novozarazenih-115-posto\/"},"wordCount":480,"publisher":{"@id":"https:\/\/radioljubuski.ba\/#organization"},"image":{"@id":"https:\/\/radioljubuski.ba\/index.php\/2021\/03\/11\/u-hrvatskoj-777-novooboljelih-udio-novozarazenih-115-posto\/#primaryimage"},"thumbnailUrl":"https:\/\/radioljubuski.ba\/wp-content\/uploads\/2021\/03\/22-7.png","articleSection":["BIH i regija"],"inLanguage":"hr"},{"@type":"WebPage","@id":"https:\/\/radioljubuski.ba\/index.php\/2021\/03\/11\/u-hrvatskoj-777-novooboljelih-udio-novozarazenih-115-posto\/","url":"https:\/\/radioljubuski.ba\/index.php\/2021\/03\/11\/u-hrvatskoj-777-novooboljelih-udio-novozarazenih-115-posto\/","name":"U Hrvatskoj 777 novooboljelih, udio novozara\u017eenih 11,5 posto - RADIO LJUBU\u0160KI","isPartOf":{"@id":"https:\/\/radioljubuski.ba\/#website"},"primaryImageOfPage":{"@id":"https:\/\/radioljubuski.ba\/index.php\/2021\/03\/11\/u-hrvatskoj-777-novooboljelih-udio-novozarazenih-115-posto\/#primaryimage"},"image":{"@id":"https:\/\/radioljubuski.ba\/index.php\/2021\/03\/11\/u-hrvatskoj-777-novooboljelih-udio-novozarazenih-115-posto\/#primaryimage"},"thumbnailUrl":"https:\/\/radioljubuski.ba\/wp-content\/uploads\/2021\/03\/22-7.png","datePublished":"2021-03-11T09:31:46+00:00","dateModified":"2021-03-11T09:31:47+00:00","breadcrumb":{"@id":"https:\/\/radioljubuski.ba\/index.php\/2021\/03\/11\/u-hrvatskoj-777-novooboljelih-udio-novozarazenih-115-posto\/#breadcrumb"},"inLanguage":"hr","potentialAction":[{"@type":"ReadAction","target":["https:\/\/radioljubuski.ba\/index.php\/2021\/03\/11\/u-hrvatskoj-777-novooboljelih-udio-novozarazenih-115-posto\/"]}]},{"@type":"ImageObject","inLanguage":"hr","@id":"https:\/\/radioljubuski.ba\/index.php\/2021\/03\/11\/u-hrvatskoj-777-novooboljelih-udio-novozarazenih-115-posto\/#primaryimage","url":"https:\/\/radioljubuski.ba\/wp-content\/uploads\/2021\/03\/22-7.png","contentUrl":"https:\/\/radioljubuski.ba\/wp-content\/uploads\/2021\/03\/22-7.png","width":648,"height":385},{"@type":"BreadcrumbList","@id":"https:\/\/radioljubuski.ba\/index.php\/2021\/03\/11\/u-hrvatskoj-777-novooboljelih-udio-novozarazenih-115-posto\/#breadcrumb","itemListElement":[{"@type":"ListItem","position":1,"name":"Po\u010detna stranica","item":"https:\/\/radioljubuski.ba\/"},{"@type":"ListItem","position":2,"name":"U Hrvatskoj 777 novooboljelih, udio novozara\u017eenih 11,5 posto"}]},{"@type":"WebSite","@id":"https:\/\/radioljubuski.ba\/#website","url":"https:\/\/radioljubuski.ba\/","name":"Radio Ljubu\u0161ki","description":"Sun\u010dana frekvencija Hercegovine","publisher":{"@id":"https:\/\/radioljubuski.ba\/#organization"},"potentialAction":[{"@type":"SearchAction","target":{"@type":"EntryPoint","urlTemplate":"https:\/\/radioljubuski.ba\/?s={search_term_string}"},"query-input":{"@type":"PropertyValueSpecification","valueRequired":true,"valueName":"search_term_string"}}],"inLanguage":"hr"},{"@type":"Organization","@id":"https:\/\/radioljubuski.ba\/#organization","name":"Radio Ljubu\u0161ki","url":"https:\/\/radioljubuski.ba\/","logo":{"@type":"ImageObject","inLanguage":"hr","@id":"https:\/\/radioljubuski.ba\/#\/schema\/logo\/image\/","url":"https:\/\/radioljubuski.ba\/wp-content\/uploads\/2021\/02\/cropped-Radio_Ljubuski_logo1.jpg","contentUrl":"https:\/\/radioljubuski.ba\/wp-content\/uploads\/2021\/02\/cropped-Radio_Ljubuski_logo1.jpg","width":512,"height":512,"caption":"Radio Ljubu\u0161ki"},"image":{"@id":"https:\/\/radioljubuski.ba\/#\/schema\/logo\/image\/"},"sameAs":["https:\/\/www.facebook.com\/Radiio-Ljubuski-1490835324566332","https:\/\/x.com\/radioljubuski","https:\/\/hr.linkedin.com\/company\/radio-ljubuski","https:\/\/www.youtube.com\/channel\/UCHYaeO_n0Db3tjNGudGpXyw"]},{"@type":"Person","@id":"https:\/\/radioljubuski.ba\/#\/schema\/person\/19fc700381a780f69665d7956c469e3b","name":"Radio Ljubu\u0161ki"}]}},"_links":{"self":[{"href":"https:\/\/radioljubuski.ba\/index.php\/wp-json\/wp\/v2\/posts\/2713","targetHints":{"allow":["GET"]}}],"collection":[{"href":"https:\/\/radioljubuski.ba\/index.php\/wp-json\/wp\/v2\/posts"}],"about":[{"href":"https:\/\/radioljubuski.ba\/index.php\/wp-json\/wp\/v2\/types\/post"}],"author":[{"embeddable":true,"href":"https:\/\/radioljubuski.ba\/index.php\/wp-json\/wp\/v2\/users\/2"}],"replies":[{"embeddable":true,"href":"https:\/\/radioljubuski.ba\/index.php\/wp-json\/wp\/v2\/comments?post=2713"}],"version-history":[{"count":1,"href":"https:\/\/radioljubuski.ba\/index.php\/wp-json\/wp\/v2\/posts\/2713\/revisions"}],"predecessor-version":[{"id":2717,"href":"https:\/\/radioljubuski.ba\/index.php\/wp-json\/wp\/v2\/posts\/2713\/revisions\/2717"}],"wp:featuredmedia":[{"embeddable":true,"href":"https:\/\/radioljubuski.ba\/index.php\/wp-json\/wp\/v2\/media\/2716"}],"wp:attachment":[{"href":"https:\/\/radioljubuski.ba\/index.php\/wp-json\/wp\/v2\/media?parent=2713"}],"wp:term":[{"taxonomy":"category","embeddable":true,"href":"https:\/\/radioljubuski.ba\/index.php\/wp-json\/wp\/v2\/categories?post=2713"},{"taxonomy":"post_tag","embeddable":true,"href":"https:\/\/radioljubuski.ba\/index.php\/wp-json\/wp\/v2\/tags?post=2713"}],"curies":[{"name":"wp","href":"https:\/\/api.w.org\/{rel}","templated":true}]}}