{"id":27140,"date":"2021-06-01T00:02:00","date_gmt":"2021-05-31T23:02:00","guid":{"rendered":"https:\/\/radioljubuski.ba\/?p=27140"},"modified":"2021-06-01T00:02:01","modified_gmt":"2021-05-31T23:02:01","slug":"grubesa-eu-je-protiv-ulaska-saudijaca-u-bih-bez-viza-hrvatski-ministri-stite-europski-put-nase-zemlje","status":"publish","type":"post","link":"https:\/\/radioljubuski.ba\/index.php\/2021\/06\/01\/grubesa-eu-je-protiv-ulaska-saudijaca-u-bih-bez-viza-hrvatski-ministri-stite-europski-put-nase-zemlje\/","title":{"rendered":"Grube\u0161a: EU je protiv ulaska Saudijaca u BiH bez viza, hrvatski ministri \u0161tite europski put na\u0161e zemlje"},"content":{"rendered":"\n<p><strong>Vije\u0107e ministara BiH danas nije usvojilo odluku o izmjenama Odluke o vizama kojima bi se gra\u0111anima Saudijske Arabije, Irske i Ujedinjenog Kraljevstva omogu\u0107io ulazak u BiH bez viza. Protiv ove odluke glasovali su ministri iz HDZ BiH.<\/strong><\/p>\n\n\n\n<p>Ministar pravde BiH Josip Grube\u0161a kazao je novinarima u Sarajevu, nakon izvanredne sjednice Vije\u0107a ministara BiH, da su hrvatski ministri bili protiv ove odluke zbog toga \u0161to je Europska unija izrazila zabrinutost, te da HDZ BiH \u0161titi interese europskog puta BiH, prenose \u201cNezavisne novine\u201d.<\/p>\n\n\n\n<p>\u201cOvo sve je izazvalo veliku polemiku, naravno da su nam svi turisti dobro do\u0161li, svi oni koji dolaze u BiH, ali moramo imati sigurnosne pretpostavke za sve ljude koji dolaze. S druge strane, ne smatramo to problemom za ljude koji dolaze iz Saudijske Arabije, ako imaju vizu za neku od europskih zemalja ili SAD-a, njihova viza vrijedi i u BiH\u201d, izjavio je Grube\u0161a.<\/p>\n\n\n\n<p>Naglasio je da ako BiH istinski \u017eeli prema EU, a ako je EU iskazala zadr\u0161ku prema nekim odlukama, da bismo mi trebali po\u0161tivati te preporuke, rekao je Grube\u0161a.<\/p>\n\n\n\n<p>Iako nije htjela iza\u0107i pred novinare Bisera Turkovi\u0107, minsitrica vanjskih poslova oglasila se na svom profilu na Facebooku kazav\u0161i da je propu\u0161tena povjesna \u0161ansa da se ubla\u017ee negativne posljedice pandemije korona virusa na turisti\u010dki sektor.<\/p>\n\n\n\n<p>\u201cOdgovornost za milijunske \u0161tete je na ministrima koji su se usprotivili prijedlogu za olak\u0161avanje viznog re\u017eima za gra\u0111ne Velike Britanije, Irske i Saudijske Arabije a ova odluka je podr\u017eana u cijeloj BiH. Ne mogu prona\u0107i nikakvo opravdanje za ovakav \u010din, ali je ovo mo\u017eda njablji odgovor za\u0161to BiH ne napreduje\u201d, napisala je Turkovi\u0107eva.<\/p>\n\n\n\n<p>Podsjetimo, Vlada Kantona Sarajevo danas je uputila poruku Vije\u0107u minsitara da je spremna da na ra\u010dun institucija BiH uplati 880.000 KM koliko se u prora\u010dun BiH godi\u0161nje prikupi od viza gra\u0111ana Saudijske Arabije.<\/p>\n\n\n\n<p>Danas je ponovo pala i odluka o liberalizaciji re\u017eima ulaska stranih dr\u017eavljana u BiH, te mogu\u0107nost da se priznaje potvrda o cjepljenju ili prebolovanom korona virusu. Protiv ove odluke glasali su Bisera Turkovi\u0107, minstrica vanjskih poslova BiH i Sifet Pod\u017ei\u0107, ministar obrane BiH.<\/p>\n\n\n\n<p>\/HMS\/<\/p>\n","protected":false},"excerpt":{"rendered":"<p>Vije\u0107e ministara BiH danas nije usvojilo odluku o izmjenama Odluke o vizama kojima bi se gra\u0111anima Saudijske Arabije, Irske i Ujedinjenog Kraljevstva omogu\u0107io ulazak u BiH bez viza. Protiv ove odluke glasovali su ministri iz HDZ BiH. Ministar pravde BiH Josip Grube\u0161a kazao je novinarima u Sarajevu, nakon izvanredne sjednice Vije\u0107a ministara BiH, da su [&hellip;]<\/p>\n","protected":false},"author":2,"featured_media":27141,"comment_status":"closed","ping_status":"closed","sticky":false,"template":"","format":"standard","meta":{"h5ap_radio_sources":[],"footnotes":""},"categories":[1],"tags":[],"class_list":["post-27140","post","type-post","status-publish","format-standard","has-post-thumbnail","hentry","category-bihiregija"],"yoast_head":"<!-- This site is optimized with the Yoast SEO plugin v27.5 - https:\/\/yoast.com\/product\/yoast-seo-wordpress\/ -->\n<title>Grube\u0161a: EU je protiv ulaska Saudijaca u BiH bez viza, hrvatski ministri \u0161tite europski put na\u0161e zemlje - RADIO LJUBU\u0160KI<\/title>\n<meta name=\"robots\" content=\"index, follow, max-snippet:-1, max-image-preview:large, max-video-preview:-1\" \/>\n<link rel=\"canonical\" href=\"https:\/\/radioljubuski.ba\/index.php\/2021\/06\/01\/grubesa-eu-je-protiv-ulaska-saudijaca-u-bih-bez-viza-hrvatski-ministri-stite-europski-put-nase-zemlje\/\" \/>\n<meta property=\"og:locale\" content=\"hr_HR\" \/>\n<meta property=\"og:type\" content=\"article\" \/>\n<meta property=\"og:title\" content=\"Grube\u0161a: EU je protiv ulaska Saudijaca u BiH bez viza, hrvatski ministri \u0161tite europski put na\u0161e zemlje - RADIO LJUBU\u0160KI\" \/>\n<meta property=\"og:description\" content=\"Vije\u0107e ministara BiH danas nije usvojilo odluku o izmjenama Odluke o vizama kojima bi se gra\u0111anima Saudijske Arabije, Irske i Ujedinjenog Kraljevstva omogu\u0107io ulazak u BiH bez viza. Protiv ove odluke glasovali su ministri iz HDZ BiH. Ministar pravde BiH Josip Grube\u0161a kazao je novinarima u Sarajevu, nakon izvanredne sjednice Vije\u0107a ministara BiH, da su [&hellip;]\" \/>\n<meta property=\"og:url\" content=\"https:\/\/radioljubuski.ba\/index.php\/2021\/06\/01\/grubesa-eu-je-protiv-ulaska-saudijaca-u-bih-bez-viza-hrvatski-ministri-stite-europski-put-nase-zemlje\/\" \/>\n<meta property=\"og:site_name\" content=\"RADIO LJUBU\u0160KI\" \/>\n<meta property=\"article:publisher\" content=\"https:\/\/www.facebook.com\/Radiio-Ljubuski-1490835324566332\" \/>\n<meta property=\"article:published_time\" content=\"2021-05-31T23:02:00+00:00\" \/>\n<meta property=\"article:modified_time\" content=\"2021-05-31T23:02:01+00:00\" \/>\n<meta property=\"og:image\" content=\"https:\/\/radioljubuski.ba\/wp-content\/uploads\/2021\/06\/Josip-Grubesa.jpg\" \/>\n\t<meta property=\"og:image:width\" content=\"1024\" \/>\n\t<meta property=\"og:image:height\" content=\"480\" \/>\n\t<meta property=\"og:image:type\" content=\"image\/jpeg\" \/>\n<meta name=\"author\" content=\"Radio Ljubu\u0161ki\" \/>\n<meta name=\"twitter:card\" content=\"summary_large_image\" \/>\n<meta name=\"twitter:creator\" content=\"@radioljubuski\" \/>\n<meta name=\"twitter:site\" content=\"@radioljubuski\" \/>\n<meta name=\"twitter:label1\" content=\"Napisao\/la\" \/>\n\t<meta name=\"twitter:data1\" content=\"Radio Ljubu\u0161ki\" \/>\n\t<meta name=\"twitter:label2\" content=\"Procijenjeno vrijeme \u010ditanja\" \/>\n\t<meta name=\"twitter:data2\" content=\"2 minute\" \/>\n<script type=\"application\/ld+json\" class=\"yoast-schema-graph\">{\"@context\":\"https:\\\/\\\/schema.org\",\"@graph\":[{\"@type\":\"Article\",\"@id\":\"https:\\\/\\\/radioljubuski.ba\\\/index.php\\\/2021\\\/06\\\/01\\\/grubesa-eu-je-protiv-ulaska-saudijaca-u-bih-bez-viza-hrvatski-ministri-stite-europski-put-nase-zemlje\\\/#article\",\"isPartOf\":{\"@id\":\"https:\\\/\\\/radioljubuski.ba\\\/index.php\\\/2021\\\/06\\\/01\\\/grubesa-eu-je-protiv-ulaska-saudijaca-u-bih-bez-viza-hrvatski-ministri-stite-europski-put-nase-zemlje\\\/\"},\"author\":{\"name\":\"Radio Ljubu\u0161ki\",\"@id\":\"https:\\\/\\\/radioljubuski.ba\\\/#\\\/schema\\\/person\\\/19fc700381a780f69665d7956c469e3b\"},\"headline\":\"Grube\u0161a: EU je protiv ulaska Saudijaca u BiH bez viza, hrvatski ministri \u0161tite europski put na\u0161e zemlje\",\"datePublished\":\"2021-05-31T23:02:00+00:00\",\"dateModified\":\"2021-05-31T23:02:01+00:00\",\"mainEntityOfPage\":{\"@id\":\"https:\\\/\\\/radioljubuski.ba\\\/index.php\\\/2021\\\/06\\\/01\\\/grubesa-eu-je-protiv-ulaska-saudijaca-u-bih-bez-viza-hrvatski-ministri-stite-europski-put-nase-zemlje\\\/\"},\"wordCount\":387,\"publisher\":{\"@id\":\"https:\\\/\\\/radioljubuski.ba\\\/#organization\"},\"image\":{\"@id\":\"https:\\\/\\\/radioljubuski.ba\\\/index.php\\\/2021\\\/06\\\/01\\\/grubesa-eu-je-protiv-ulaska-saudijaca-u-bih-bez-viza-hrvatski-ministri-stite-europski-put-nase-zemlje\\\/#primaryimage\"},\"thumbnailUrl\":\"https:\\\/\\\/radioljubuski.ba\\\/wp-content\\\/uploads\\\/2021\\\/06\\\/Josip-Grubesa.jpg\",\"articleSection\":[\"BIH i regija\"],\"inLanguage\":\"hr\"},{\"@type\":\"WebPage\",\"@id\":\"https:\\\/\\\/radioljubuski.ba\\\/index.php\\\/2021\\\/06\\\/01\\\/grubesa-eu-je-protiv-ulaska-saudijaca-u-bih-bez-viza-hrvatski-ministri-stite-europski-put-nase-zemlje\\\/\",\"url\":\"https:\\\/\\\/radioljubuski.ba\\\/index.php\\\/2021\\\/06\\\/01\\\/grubesa-eu-je-protiv-ulaska-saudijaca-u-bih-bez-viza-hrvatski-ministri-stite-europski-put-nase-zemlje\\\/\",\"name\":\"Grube\u0161a: EU je protiv ulaska Saudijaca u BiH bez viza, hrvatski ministri \u0161tite europski put na\u0161e zemlje - RADIO LJUBU\u0160KI\",\"isPartOf\":{\"@id\":\"https:\\\/\\\/radioljubuski.ba\\\/#website\"},\"primaryImageOfPage\":{\"@id\":\"https:\\\/\\\/radioljubuski.ba\\\/index.php\\\/2021\\\/06\\\/01\\\/grubesa-eu-je-protiv-ulaska-saudijaca-u-bih-bez-viza-hrvatski-ministri-stite-europski-put-nase-zemlje\\\/#primaryimage\"},\"image\":{\"@id\":\"https:\\\/\\\/radioljubuski.ba\\\/index.php\\\/2021\\\/06\\\/01\\\/grubesa-eu-je-protiv-ulaska-saudijaca-u-bih-bez-viza-hrvatski-ministri-stite-europski-put-nase-zemlje\\\/#primaryimage\"},\"thumbnailUrl\":\"https:\\\/\\\/radioljubuski.ba\\\/wp-content\\\/uploads\\\/2021\\\/06\\\/Josip-Grubesa.jpg\",\"datePublished\":\"2021-05-31T23:02:00+00:00\",\"dateModified\":\"2021-05-31T23:02:01+00:00\",\"breadcrumb\":{\"@id\":\"https:\\\/\\\/radioljubuski.ba\\\/index.php\\\/2021\\\/06\\\/01\\\/grubesa-eu-je-protiv-ulaska-saudijaca-u-bih-bez-viza-hrvatski-ministri-stite-europski-put-nase-zemlje\\\/#breadcrumb\"},\"inLanguage\":\"hr\",\"potentialAction\":[{\"@type\":\"ReadAction\",\"target\":[\"https:\\\/\\\/radioljubuski.ba\\\/index.php\\\/2021\\\/06\\\/01\\\/grubesa-eu-je-protiv-ulaska-saudijaca-u-bih-bez-viza-hrvatski-ministri-stite-europski-put-nase-zemlje\\\/\"]}]},{\"@type\":\"ImageObject\",\"inLanguage\":\"hr\",\"@id\":\"https:\\\/\\\/radioljubuski.ba\\\/index.php\\\/2021\\\/06\\\/01\\\/grubesa-eu-je-protiv-ulaska-saudijaca-u-bih-bez-viza-hrvatski-ministri-stite-europski-put-nase-zemlje\\\/#primaryimage\",\"url\":\"https:\\\/\\\/radioljubuski.ba\\\/wp-content\\\/uploads\\\/2021\\\/06\\\/Josip-Grubesa.jpg\",\"contentUrl\":\"https:\\\/\\\/radioljubuski.ba\\\/wp-content\\\/uploads\\\/2021\\\/06\\\/Josip-Grubesa.jpg\",\"width\":1024,\"height\":480},{\"@type\":\"BreadcrumbList\",\"@id\":\"https:\\\/\\\/radioljubuski.ba\\\/index.php\\\/2021\\\/06\\\/01\\\/grubesa-eu-je-protiv-ulaska-saudijaca-u-bih-bez-viza-hrvatski-ministri-stite-europski-put-nase-zemlje\\\/#breadcrumb\",\"itemListElement\":[{\"@type\":\"ListItem\",\"position\":1,\"name\":\"Po\u010detna stranica\",\"item\":\"https:\\\/\\\/radioljubuski.ba\\\/\"},{\"@type\":\"ListItem\",\"position\":2,\"name\":\"Grube\u0161a: EU je protiv ulaska Saudijaca u BiH bez viza, hrvatski ministri \u0161tite europski put na\u0161e zemlje\"}]},{\"@type\":\"WebSite\",\"@id\":\"https:\\\/\\\/radioljubuski.ba\\\/#website\",\"url\":\"https:\\\/\\\/radioljubuski.ba\\\/\",\"name\":\"Radio Ljubu\u0161ki\",\"description\":\"Sun\u010dana frekvencija Hercegovine\",\"publisher\":{\"@id\":\"https:\\\/\\\/radioljubuski.ba\\\/#organization\"},\"potentialAction\":[{\"@type\":\"SearchAction\",\"target\":{\"@type\":\"EntryPoint\",\"urlTemplate\":\"https:\\\/\\\/radioljubuski.ba\\\/?s={search_term_string}\"},\"query-input\":{\"@type\":\"PropertyValueSpecification\",\"valueRequired\":true,\"valueName\":\"search_term_string\"}}],\"inLanguage\":\"hr\"},{\"@type\":\"Organization\",\"@id\":\"https:\\\/\\\/radioljubuski.ba\\\/#organization\",\"name\":\"Radio Ljubu\u0161ki\",\"url\":\"https:\\\/\\\/radioljubuski.ba\\\/\",\"logo\":{\"@type\":\"ImageObject\",\"inLanguage\":\"hr\",\"@id\":\"https:\\\/\\\/radioljubuski.ba\\\/#\\\/schema\\\/logo\\\/image\\\/\",\"url\":\"https:\\\/\\\/radioljubuski.ba\\\/wp-content\\\/uploads\\\/2021\\\/02\\\/cropped-Radio_Ljubuski_logo1.jpg\",\"contentUrl\":\"https:\\\/\\\/radioljubuski.ba\\\/wp-content\\\/uploads\\\/2021\\\/02\\\/cropped-Radio_Ljubuski_logo1.jpg\",\"width\":512,\"height\":512,\"caption\":\"Radio Ljubu\u0161ki\"},\"image\":{\"@id\":\"https:\\\/\\\/radioljubuski.ba\\\/#\\\/schema\\\/logo\\\/image\\\/\"},\"sameAs\":[\"https:\\\/\\\/www.facebook.com\\\/Radiio-Ljubuski-1490835324566332\",\"https:\\\/\\\/x.com\\\/radioljubuski\",\"https:\\\/\\\/hr.linkedin.com\\\/company\\\/radio-ljubuski\",\"https:\\\/\\\/www.youtube.com\\\/channel\\\/UCHYaeO_n0Db3tjNGudGpXyw\"]},{\"@type\":\"Person\",\"@id\":\"https:\\\/\\\/radioljubuski.ba\\\/#\\\/schema\\\/person\\\/19fc700381a780f69665d7956c469e3b\",\"name\":\"Radio Ljubu\u0161ki\"}]}<\/script>\n<!-- \/ Yoast SEO plugin. -->","yoast_head_json":{"title":"Grube\u0161a: EU je protiv ulaska Saudijaca u BiH bez viza, hrvatski ministri \u0161tite europski put na\u0161e zemlje - RADIO LJUBU\u0160KI","robots":{"index":"index","follow":"follow","max-snippet":"max-snippet:-1","max-image-preview":"max-image-preview:large","max-video-preview":"max-video-preview:-1"},"canonical":"https:\/\/radioljubuski.ba\/index.php\/2021\/06\/01\/grubesa-eu-je-protiv-ulaska-saudijaca-u-bih-bez-viza-hrvatski-ministri-stite-europski-put-nase-zemlje\/","og_locale":"hr_HR","og_type":"article","og_title":"Grube\u0161a: EU je protiv ulaska Saudijaca u BiH bez viza, hrvatski ministri \u0161tite europski put na\u0161e zemlje - RADIO LJUBU\u0160KI","og_description":"Vije\u0107e ministara BiH danas nije usvojilo odluku o izmjenama Odluke o vizama kojima bi se gra\u0111anima Saudijske Arabije, Irske i Ujedinjenog Kraljevstva omogu\u0107io ulazak u BiH bez viza. Protiv ove odluke glasovali su ministri iz HDZ BiH. Ministar pravde BiH Josip Grube\u0161a kazao je novinarima u Sarajevu, nakon izvanredne sjednice Vije\u0107a ministara BiH, da su [&hellip;]","og_url":"https:\/\/radioljubuski.ba\/index.php\/2021\/06\/01\/grubesa-eu-je-protiv-ulaska-saudijaca-u-bih-bez-viza-hrvatski-ministri-stite-europski-put-nase-zemlje\/","og_site_name":"RADIO LJUBU\u0160KI","article_publisher":"https:\/\/www.facebook.com\/Radiio-Ljubuski-1490835324566332","article_published_time":"2021-05-31T23:02:00+00:00","article_modified_time":"2021-05-31T23:02:01+00:00","og_image":[{"width":1024,"height":480,"url":"https:\/\/radioljubuski.ba\/wp-content\/uploads\/2021\/06\/Josip-Grubesa.jpg","type":"image\/jpeg"}],"author":"Radio Ljubu\u0161ki","twitter_card":"summary_large_image","twitter_creator":"@radioljubuski","twitter_site":"@radioljubuski","twitter_misc":{"Napisao\/la":"Radio Ljubu\u0161ki","Procijenjeno vrijeme \u010ditanja":"2 minute"},"schema":{"@context":"https:\/\/schema.org","@graph":[{"@type":"Article","@id":"https:\/\/radioljubuski.ba\/index.php\/2021\/06\/01\/grubesa-eu-je-protiv-ulaska-saudijaca-u-bih-bez-viza-hrvatski-ministri-stite-europski-put-nase-zemlje\/#article","isPartOf":{"@id":"https:\/\/radioljubuski.ba\/index.php\/2021\/06\/01\/grubesa-eu-je-protiv-ulaska-saudijaca-u-bih-bez-viza-hrvatski-ministri-stite-europski-put-nase-zemlje\/"},"author":{"name":"Radio Ljubu\u0161ki","@id":"https:\/\/radioljubuski.ba\/#\/schema\/person\/19fc700381a780f69665d7956c469e3b"},"headline":"Grube\u0161a: EU je protiv ulaska Saudijaca u BiH bez viza, hrvatski ministri \u0161tite europski put na\u0161e zemlje","datePublished":"2021-05-31T23:02:00+00:00","dateModified":"2021-05-31T23:02:01+00:00","mainEntityOfPage":{"@id":"https:\/\/radioljubuski.ba\/index.php\/2021\/06\/01\/grubesa-eu-je-protiv-ulaska-saudijaca-u-bih-bez-viza-hrvatski-ministri-stite-europski-put-nase-zemlje\/"},"wordCount":387,"publisher":{"@id":"https:\/\/radioljubuski.ba\/#organization"},"image":{"@id":"https:\/\/radioljubuski.ba\/index.php\/2021\/06\/01\/grubesa-eu-je-protiv-ulaska-saudijaca-u-bih-bez-viza-hrvatski-ministri-stite-europski-put-nase-zemlje\/#primaryimage"},"thumbnailUrl":"https:\/\/radioljubuski.ba\/wp-content\/uploads\/2021\/06\/Josip-Grubesa.jpg","articleSection":["BIH i regija"],"inLanguage":"hr"},{"@type":"WebPage","@id":"https:\/\/radioljubuski.ba\/index.php\/2021\/06\/01\/grubesa-eu-je-protiv-ulaska-saudijaca-u-bih-bez-viza-hrvatski-ministri-stite-europski-put-nase-zemlje\/","url":"https:\/\/radioljubuski.ba\/index.php\/2021\/06\/01\/grubesa-eu-je-protiv-ulaska-saudijaca-u-bih-bez-viza-hrvatski-ministri-stite-europski-put-nase-zemlje\/","name":"Grube\u0161a: EU je protiv ulaska Saudijaca u BiH bez viza, hrvatski ministri \u0161tite europski put na\u0161e zemlje - RADIO LJUBU\u0160KI","isPartOf":{"@id":"https:\/\/radioljubuski.ba\/#website"},"primaryImageOfPage":{"@id":"https:\/\/radioljubuski.ba\/index.php\/2021\/06\/01\/grubesa-eu-je-protiv-ulaska-saudijaca-u-bih-bez-viza-hrvatski-ministri-stite-europski-put-nase-zemlje\/#primaryimage"},"image":{"@id":"https:\/\/radioljubuski.ba\/index.php\/2021\/06\/01\/grubesa-eu-je-protiv-ulaska-saudijaca-u-bih-bez-viza-hrvatski-ministri-stite-europski-put-nase-zemlje\/#primaryimage"},"thumbnailUrl":"https:\/\/radioljubuski.ba\/wp-content\/uploads\/2021\/06\/Josip-Grubesa.jpg","datePublished":"2021-05-31T23:02:00+00:00","dateModified":"2021-05-31T23:02:01+00:00","breadcrumb":{"@id":"https:\/\/radioljubuski.ba\/index.php\/2021\/06\/01\/grubesa-eu-je-protiv-ulaska-saudijaca-u-bih-bez-viza-hrvatski-ministri-stite-europski-put-nase-zemlje\/#breadcrumb"},"inLanguage":"hr","potentialAction":[{"@type":"ReadAction","target":["https:\/\/radioljubuski.ba\/index.php\/2021\/06\/01\/grubesa-eu-je-protiv-ulaska-saudijaca-u-bih-bez-viza-hrvatski-ministri-stite-europski-put-nase-zemlje\/"]}]},{"@type":"ImageObject","inLanguage":"hr","@id":"https:\/\/radioljubuski.ba\/index.php\/2021\/06\/01\/grubesa-eu-je-protiv-ulaska-saudijaca-u-bih-bez-viza-hrvatski-ministri-stite-europski-put-nase-zemlje\/#primaryimage","url":"https:\/\/radioljubuski.ba\/wp-content\/uploads\/2021\/06\/Josip-Grubesa.jpg","contentUrl":"https:\/\/radioljubuski.ba\/wp-content\/uploads\/2021\/06\/Josip-Grubesa.jpg","width":1024,"height":480},{"@type":"BreadcrumbList","@id":"https:\/\/radioljubuski.ba\/index.php\/2021\/06\/01\/grubesa-eu-je-protiv-ulaska-saudijaca-u-bih-bez-viza-hrvatski-ministri-stite-europski-put-nase-zemlje\/#breadcrumb","itemListElement":[{"@type":"ListItem","position":1,"name":"Po\u010detna stranica","item":"https:\/\/radioljubuski.ba\/"},{"@type":"ListItem","position":2,"name":"Grube\u0161a: EU je protiv ulaska Saudijaca u BiH bez viza, hrvatski ministri \u0161tite europski put na\u0161e zemlje"}]},{"@type":"WebSite","@id":"https:\/\/radioljubuski.ba\/#website","url":"https:\/\/radioljubuski.ba\/","name":"Radio Ljubu\u0161ki","description":"Sun\u010dana frekvencija Hercegovine","publisher":{"@id":"https:\/\/radioljubuski.ba\/#organization"},"potentialAction":[{"@type":"SearchAction","target":{"@type":"EntryPoint","urlTemplate":"https:\/\/radioljubuski.ba\/?s={search_term_string}"},"query-input":{"@type":"PropertyValueSpecification","valueRequired":true,"valueName":"search_term_string"}}],"inLanguage":"hr"},{"@type":"Organization","@id":"https:\/\/radioljubuski.ba\/#organization","name":"Radio Ljubu\u0161ki","url":"https:\/\/radioljubuski.ba\/","logo":{"@type":"ImageObject","inLanguage":"hr","@id":"https:\/\/radioljubuski.ba\/#\/schema\/logo\/image\/","url":"https:\/\/radioljubuski.ba\/wp-content\/uploads\/2021\/02\/cropped-Radio_Ljubuski_logo1.jpg","contentUrl":"https:\/\/radioljubuski.ba\/wp-content\/uploads\/2021\/02\/cropped-Radio_Ljubuski_logo1.jpg","width":512,"height":512,"caption":"Radio Ljubu\u0161ki"},"image":{"@id":"https:\/\/radioljubuski.ba\/#\/schema\/logo\/image\/"},"sameAs":["https:\/\/www.facebook.com\/Radiio-Ljubuski-1490835324566332","https:\/\/x.com\/radioljubuski","https:\/\/hr.linkedin.com\/company\/radio-ljubuski","https:\/\/www.youtube.com\/channel\/UCHYaeO_n0Db3tjNGudGpXyw"]},{"@type":"Person","@id":"https:\/\/radioljubuski.ba\/#\/schema\/person\/19fc700381a780f69665d7956c469e3b","name":"Radio Ljubu\u0161ki"}]}},"_links":{"self":[{"href":"https:\/\/radioljubuski.ba\/index.php\/wp-json\/wp\/v2\/posts\/27140","targetHints":{"allow":["GET"]}}],"collection":[{"href":"https:\/\/radioljubuski.ba\/index.php\/wp-json\/wp\/v2\/posts"}],"about":[{"href":"https:\/\/radioljubuski.ba\/index.php\/wp-json\/wp\/v2\/types\/post"}],"author":[{"embeddable":true,"href":"https:\/\/radioljubuski.ba\/index.php\/wp-json\/wp\/v2\/users\/2"}],"replies":[{"embeddable":true,"href":"https:\/\/radioljubuski.ba\/index.php\/wp-json\/wp\/v2\/comments?post=27140"}],"version-history":[{"count":1,"href":"https:\/\/radioljubuski.ba\/index.php\/wp-json\/wp\/v2\/posts\/27140\/revisions"}],"predecessor-version":[{"id":27142,"href":"https:\/\/radioljubuski.ba\/index.php\/wp-json\/wp\/v2\/posts\/27140\/revisions\/27142"}],"wp:featuredmedia":[{"embeddable":true,"href":"https:\/\/radioljubuski.ba\/index.php\/wp-json\/wp\/v2\/media\/27141"}],"wp:attachment":[{"href":"https:\/\/radioljubuski.ba\/index.php\/wp-json\/wp\/v2\/media?parent=27140"}],"wp:term":[{"taxonomy":"category","embeddable":true,"href":"https:\/\/radioljubuski.ba\/index.php\/wp-json\/wp\/v2\/categories?post=27140"},{"taxonomy":"post_tag","embeddable":true,"href":"https:\/\/radioljubuski.ba\/index.php\/wp-json\/wp\/v2\/tags?post=27140"}],"curies":[{"name":"wp","href":"https:\/\/api.w.org\/{rel}","templated":true}]}}