{"id":27146,"date":"2021-06-01T00:05:34","date_gmt":"2021-05-31T23:05:34","guid":{"rendered":"https:\/\/radioljubuski.ba\/?p=27146"},"modified":"2021-06-01T00:05:35","modified_gmt":"2021-05-31T23:05:35","slug":"hadzifejzovic-onog-koji-me-zeli-ubiti-pustaju-na-slobodu-nalagodavac-je-kukavica-iz-trezora","status":"publish","type":"post","link":"https:\/\/radioljubuski.ba\/index.php\/2021\/06\/01\/hadzifejzovic-onog-koji-me-zeli-ubiti-pustaju-na-slobodu-nalagodavac-je-kukavica-iz-trezora\/","title":{"rendered":"Had\u017eifejzovi\u0107: Onog koji me \u017eeli ubiti pu\u0161taju na slobodu! Nalagodavac je \u201ckukavica iz trezora\u201d"},"content":{"rendered":"\n<p><strong>Senad Had\u017eifejzovi\u0107, novinar, urednik i vlasnik Face TV, ve\u010deras se obratio javnosti nakon ro\u010di\u0161ta Abdulahu Hajdarevi\u0107u, kojeg je sutkinja op\u0107inskog suda u Sarajevu pustila da se brani sa slobode, odbijaju\u0107i prijedlog Tu\u017eiteljstva da mu se odredi pritvor, javlja HMS. Hajdarevi\u0107 je prije nekoliko dana poku\u0161ao u\u0107i u zgradu Bosmala,\u00a0 gdje se nalazi Face tv, u \u010demu ga je sprije\u010dilo osiguranje, uz prijetnje Had\u017eifejzovi\u0107u i novinarima Face tv. Uz napomenu da posljednji incident nije bio jedini. Had\u017eifejzovi\u0107 se na po\u010detku na\u0161alio kazav\u0161i da je zamaskiran da ga ne bi prepoznali napada\u010di.<\/strong><\/p>\n\n\n\n<figure class=\"wp-block-embed is-type-video is-provider-youtube wp-block-embed-youtube wp-embed-aspect-16-9 wp-has-aspect-ratio\"><div class=\"wp-block-embed__wrapper\">\n<iframe loading=\"lazy\" title=\"Had\u017eifejzovi\u0107,u\u017eivo: Sudija Jasmina Sazdovski oslobodila napada\u010da na Face?! \u0160ta kada novinara ubiju?\" width=\"640\" height=\"360\" src=\"https:\/\/www.youtube.com\/embed\/IVgY2G3BSSo?feature=oembed\" frameborder=\"0\" allow=\"accelerometer; autoplay; clipboard-write; encrypted-media; gyroscope; picture-in-picture; web-share\" referrerpolicy=\"strict-origin-when-cross-origin\" allowfullscreen><\/iframe>\n<\/div><\/figure>\n\n\n\n<p>\u2013 Na mene, na novinare Face TV, godinama se vr\u0161e pritisci. \u0160alju prijetnje i, najgore, fizi\u010dki smo napadnuti vi\u0161e puta. Javno, o fizi\u010dkim napadima na mene i cijelu moju obitelj, nismo govorili na Face tv. Prepustili smo i obavijest i vijest i presudu pravosudnim organima. Nismo previ\u0161e govorili o fizi\u010dkom napadu na mog sina, direktora Face. A izravni napada\u010d uz pomo\u0107 i realizaciju troje grmalja iz njegovog osiguranja bio je Edin \u0160abanovi\u0107, direktor Bosmala \u2013 kazao je Had\u017eifejzovi\u0107.<\/p>\n\n\n\n<p>Dodao je kako o tome nije govorio javno.<\/p>\n\n\n\n<p>\u2013 Mene, moju suprugu i dvoje maloljetne djece fizi\u010dki je napao, davio, gu\u0161io i htio ubiti Alen Bucalo, policajac. Bez sumnje po nare\u0111enju. Nikada taj slu\u010daj Tu\u017eiteljstvo nije privelo ni po\u010detku ni kraju. I to je bila gre\u0161ka. Na\u0161a \u0161utnja, na\u0161e povjerenje u pravosudni sustav bila je gre\u0161ka, jer na silu iz optimizma, iz \u017eelje, nekako smo vjerovali da \u0107e taj sustav, pravosudni, nikakav, ipak u\u010diniti nekakav korak u za\u0161titi nas novinara i na\u0161ih obitelji \u2013 kazao je Had\u017eifejzovi\u0107.<\/p>\n\n\n\n<p>On je rekao da je bio na ro\u010di\u0161tu Abdulahu Hajdarevi\u0107u, kojeg je u zadnjem trenutku osiguranje objekta u kojem je Face TV, sprije\u010dilo da u\u010dini svoju nakanu.<\/p>\n\n\n\n<p>\u2013 Nije ga to osiguranje sprije\u010dilo zbog nas, ve\u0107 zbog sebe. Ja sam legalista, po\u0161tujem odluke suda, ali imam pravo na komentar. Iako Tu\u017eiteljstvo KS ima pravo na \u017ealbu, iako odluka suda nije kona\u010dna, ipak \u0107u izraziti makar svoj osje\u0107aj. Mogu ovim komentarom ote\u017eati posao tu\u017eiteljstvu koje je, mislim na gospo\u0111u \u017deljku Tomi\u0107, bilo izuzetno profesionalno, kao i MUP KS, mislim na komesara Nusreta Selimovi\u0107a, i bilo je tu na desetine ljudi, ali ja sam novinar i nemam kalkulacije ni prema profesionalcima. Sutkinja Op\u0107inskog suda je Jasmina \u0160azdovski. Danas je prakti\u010dno oslobodila odgovornosti napada\u010da na Face. Rekao bih nekako kompromisno-politi\u010dka presuda. Napada\u010d, koji je na Facebooku najavio, objavio i komentirao napad, objavio da to radi u ime Sebije Izetbegovi\u0107, ne mora u zatvor. To je presuda danas \u2013 rekao je Had\u017eifejzovi\u0107.<\/p>\n\n\n\n<p>On je potom kazao da se osumnji\u010deni ne smije pribli\u017eavati njemu.<\/p>\n\n\n\n<p>\u2013 To je nevjerojatno. Napada\u010d sam priznaje, najavljuje napad i nastavak ubila\u010dke akcije, \u010deka nas pred objektom Bosmala, ali nam se, po presudi suda, ne smije pribli\u017eiti. \u0160to to zna\u010di? Da mo\u017ee pucati s razdaljine dalje od sto metara. Ne smije izbliza. Nisam ja u pitanju, kunem vas me, svi smo mi u pitanju \u2013 poru\u010dio je Had\u017eifejzovi\u0107 i dodao:<\/p>\n\n\n\n<p>\u2013 Tu\u017eiteljica \u017deljka Tomi\u0107 koja o\u010digledno ima ljudski i profesionalni osje\u0107aj, naravno uz jasne dokaze danas je navela da se protiv Hajdarevi\u0107a vodi jo\u0161 jedna istraga zbog sli\u010dnih i istih prijetnji jo\u0161 jednom novinaru. Taj napada\u010d, Hajdarevi\u0107 je ve\u0107 osu\u0111ivan. Tu\u017eiteljica Tomi\u0107 je tra\u017eila da se osumnji\u010deni pritvori zbog toga \u0161to bi mogao zavr\u0161iti zapo\u010deto djelo, no sutkinja Jasmina Sazdovski je odlu\u010dila kako jeste. Mi smo danas predali jednu novu kaznenu prijavu Tu\u017eiteljstvu dr\u017eeva Bosne i Hercegovine protiv jedne osobe, zato \u0161to se radi o ozbiljnoj ugro\u017eenosti na moj i \u017eivot moje obitelji. Sve ovo o \u010demu govorim i sadr\u017eaj kaznene prijave je uzrok djelovanja osobe koja je danas prakti\u010dno oslobo\u0111eno. To je ustvari poticaj za druge takve osobe da nesmetano krenu na novinare, na svakoga tko ne misli kao vlast. Totalna intima sada. Ja sam svoj \u017eivot davno halalio za ovu zemlju i halalosum i davno u ratu klanjao d\u017eenazu sam sebi \u2013 ka\u017ee Had\u017eifejzovi\u0107, te nastavlja:<\/p>\n\n\n\n<p>\u2013 No, vi koji kre\u0107ete na mene znajte i da ako uspijete u svojoj nakani, budite sigurni ne\u0107ete biti sigurni ni nakon mene. tko mi dirne obitelj, a to radi ona obitelj, neka zna koliko sam ozbiljan. 39 mojih prijatelja, radnika, heroja RTV Bosne i Hercegovine poginulo je, ubijeno je u ratu. I vi\u0161e, ali statistika je prevara. To su moja bra\u0107a i sestre, kao i svaki onaj koji je poginuo za na\u0161u domovinu. Sada \u010dekamo da nas ubiju oni koji vode ovu domovinu,a da za nju ja garantiram svojim imenom i prezimenom i mojim ratom, ni\u0161ta nisu u\u010dinili, ni\u0161ta za ovu zemlju.<\/p>\n\n\n\n<p>One koji su nalogodavci napada na novinare nazvao je \u201ekukavicama iz trezora i specijalizantima u ratu, a ne na rati\u0161tu\u201c.<\/p>\n\n\n\n<p>\u2013 Kako sam, kako smo svi mi novinari, intelektualci, umjetnici, knji\u017eevnici, glumci, \u010dasni politi\u010dari, antifa\u0161isti, gra\u0111ani i pisci govorili istinu u ratu, tako je govorimo i danas u miru i zato smo na meti. No pasaran \u2013 ne\u0107ete pro\u0107i. Mo\u017eete ubiti, ali \u0107ete izgubiti. Hvala kolegama iz drugih medija na podr\u0161ci, nisu svi podr\u017eali, danas su bila dva medija na ro\u010di\u0161tu, ali eto kada oni do\u0111u na red mi \u0107emo ih braniti kao \u0161to su ve\u0107 bili na redu pa smo ih mi branili. Postoje novinari, postoje njihovi novinari, to \u0107emo jasno u na\u0161em programu odvojiti \u0161ljam iz na\u0161e profesije. Tko je naru\u010ditelj, tko je podstrekiva\u010d napada na novinare. Prijavio sam ih policiji i tu\u017eiteljstvu, objavio sam njihova imena javno u petak i u subotu. I opet \u0107u. Oni su izdajnici ove zemlje, oni su vele izdajnici i svoju veleizdaju prikrivaju tako \u0161to novinarima, nama koji govorimo istinu tovare svoju izdaju. No pasaran, ne\u0107ete pro\u0107i, ne\u0107e vam pro\u0107i. Oni koji vode ovu zemlju su ucjenjeni i to\u010dka \u2013 zaklju\u010dio je Had\u017eifejzovi\u0107.<\/p>\n\n\n\n<p>\/HMS\/<\/p>\n","protected":false},"excerpt":{"rendered":"<p>Senad Had\u017eifejzovi\u0107, novinar, urednik i vlasnik Face TV, ve\u010deras se obratio javnosti nakon ro\u010di\u0161ta Abdulahu Hajdarevi\u0107u, kojeg je sutkinja op\u0107inskog suda u Sarajevu pustila da se brani sa slobode, odbijaju\u0107i prijedlog Tu\u017eiteljstva da mu se odredi pritvor, javlja HMS. Hajdarevi\u0107 je prije nekoliko dana poku\u0161ao u\u0107i u zgradu Bosmala,\u00a0 gdje se nalazi Face tv, u [&hellip;]<\/p>\n","protected":false},"author":2,"featured_media":27147,"comment_status":"closed","ping_status":"closed","sticky":false,"template":"","format":"standard","meta":{"h5ap_radio_sources":[],"footnotes":""},"categories":[1],"tags":[],"class_list":["post-27146","post","type-post","status-publish","format-standard","has-post-thumbnail","hentry","category-bihiregija"],"yoast_head":"<!-- This site is optimized with the Yoast SEO plugin v27.5 - https:\/\/yoast.com\/product\/yoast-seo-wordpress\/ -->\n<title>Had\u017eifejzovi\u0107: Onog koji me \u017eeli ubiti pu\u0161taju na slobodu! Nalagodavac je \u201ckukavica iz trezora\u201d - RADIO LJUBU\u0160KI<\/title>\n<meta name=\"robots\" content=\"index, follow, max-snippet:-1, max-image-preview:large, max-video-preview:-1\" \/>\n<link rel=\"canonical\" href=\"https:\/\/radioljubuski.ba\/index.php\/2021\/06\/01\/hadzifejzovic-onog-koji-me-zeli-ubiti-pustaju-na-slobodu-nalagodavac-je-kukavica-iz-trezora\/\" \/>\n<meta property=\"og:locale\" content=\"hr_HR\" \/>\n<meta property=\"og:type\" content=\"article\" \/>\n<meta property=\"og:title\" content=\"Had\u017eifejzovi\u0107: Onog koji me \u017eeli ubiti pu\u0161taju na slobodu! Nalagodavac je \u201ckukavica iz trezora\u201d - RADIO LJUBU\u0160KI\" \/>\n<meta property=\"og:description\" content=\"Senad Had\u017eifejzovi\u0107, novinar, urednik i vlasnik Face TV, ve\u010deras se obratio javnosti nakon ro\u010di\u0161ta Abdulahu Hajdarevi\u0107u, kojeg je sutkinja op\u0107inskog suda u Sarajevu pustila da se brani sa slobode, odbijaju\u0107i prijedlog Tu\u017eiteljstva da mu se odredi pritvor, javlja HMS. Hajdarevi\u0107 je prije nekoliko dana poku\u0161ao u\u0107i u zgradu Bosmala,\u00a0 gdje se nalazi Face tv, u [&hellip;]\" \/>\n<meta property=\"og:url\" content=\"https:\/\/radioljubuski.ba\/index.php\/2021\/06\/01\/hadzifejzovic-onog-koji-me-zeli-ubiti-pustaju-na-slobodu-nalagodavac-je-kukavica-iz-trezora\/\" \/>\n<meta property=\"og:site_name\" content=\"RADIO LJUBU\u0160KI\" \/>\n<meta property=\"article:publisher\" content=\"https:\/\/www.facebook.com\/Radiio-Ljubuski-1490835324566332\" \/>\n<meta property=\"article:published_time\" content=\"2021-05-31T23:05:34+00:00\" \/>\n<meta property=\"article:modified_time\" content=\"2021-05-31T23:05:35+00:00\" \/>\n<meta property=\"og:image\" content=\"https:\/\/radioljubuski.ba\/wp-content\/uploads\/2021\/06\/hqdefault.jpg\" \/>\n\t<meta property=\"og:image:width\" content=\"480\" \/>\n\t<meta property=\"og:image:height\" content=\"360\" \/>\n\t<meta property=\"og:image:type\" content=\"image\/jpeg\" \/>\n<meta name=\"author\" content=\"Radio Ljubu\u0161ki\" \/>\n<meta name=\"twitter:card\" content=\"summary_large_image\" \/>\n<meta name=\"twitter:creator\" content=\"@radioljubuski\" \/>\n<meta name=\"twitter:site\" content=\"@radioljubuski\" \/>\n<meta name=\"twitter:label1\" content=\"Napisao\/la\" \/>\n\t<meta name=\"twitter:data1\" content=\"Radio Ljubu\u0161ki\" \/>\n\t<meta name=\"twitter:label2\" content=\"Procijenjeno vrijeme \u010ditanja\" \/>\n\t<meta name=\"twitter:data2\" content=\"5 minuta\" \/>\n<script type=\"application\/ld+json\" class=\"yoast-schema-graph\">{\"@context\":\"https:\\\/\\\/schema.org\",\"@graph\":[{\"@type\":\"Article\",\"@id\":\"https:\\\/\\\/radioljubuski.ba\\\/index.php\\\/2021\\\/06\\\/01\\\/hadzifejzovic-onog-koji-me-zeli-ubiti-pustaju-na-slobodu-nalagodavac-je-kukavica-iz-trezora\\\/#article\",\"isPartOf\":{\"@id\":\"https:\\\/\\\/radioljubuski.ba\\\/index.php\\\/2021\\\/06\\\/01\\\/hadzifejzovic-onog-koji-me-zeli-ubiti-pustaju-na-slobodu-nalagodavac-je-kukavica-iz-trezora\\\/\"},\"author\":{\"name\":\"Radio Ljubu\u0161ki\",\"@id\":\"https:\\\/\\\/radioljubuski.ba\\\/#\\\/schema\\\/person\\\/19fc700381a780f69665d7956c469e3b\"},\"headline\":\"Had\u017eifejzovi\u0107: Onog koji me \u017eeli ubiti pu\u0161taju na slobodu! Nalagodavac je \u201ckukavica iz trezora\u201d\",\"datePublished\":\"2021-05-31T23:05:34+00:00\",\"dateModified\":\"2021-05-31T23:05:35+00:00\",\"mainEntityOfPage\":{\"@id\":\"https:\\\/\\\/radioljubuski.ba\\\/index.php\\\/2021\\\/06\\\/01\\\/hadzifejzovic-onog-koji-me-zeli-ubiti-pustaju-na-slobodu-nalagodavac-je-kukavica-iz-trezora\\\/\"},\"wordCount\":1067,\"publisher\":{\"@id\":\"https:\\\/\\\/radioljubuski.ba\\\/#organization\"},\"image\":{\"@id\":\"https:\\\/\\\/radioljubuski.ba\\\/index.php\\\/2021\\\/06\\\/01\\\/hadzifejzovic-onog-koji-me-zeli-ubiti-pustaju-na-slobodu-nalagodavac-je-kukavica-iz-trezora\\\/#primaryimage\"},\"thumbnailUrl\":\"https:\\\/\\\/radioljubuski.ba\\\/wp-content\\\/uploads\\\/2021\\\/06\\\/hqdefault.jpg\",\"articleSection\":[\"BIH i regija\"],\"inLanguage\":\"hr\"},{\"@type\":\"WebPage\",\"@id\":\"https:\\\/\\\/radioljubuski.ba\\\/index.php\\\/2021\\\/06\\\/01\\\/hadzifejzovic-onog-koji-me-zeli-ubiti-pustaju-na-slobodu-nalagodavac-je-kukavica-iz-trezora\\\/\",\"url\":\"https:\\\/\\\/radioljubuski.ba\\\/index.php\\\/2021\\\/06\\\/01\\\/hadzifejzovic-onog-koji-me-zeli-ubiti-pustaju-na-slobodu-nalagodavac-je-kukavica-iz-trezora\\\/\",\"name\":\"Had\u017eifejzovi\u0107: Onog koji me \u017eeli ubiti pu\u0161taju na slobodu! Nalagodavac je \u201ckukavica iz trezora\u201d - RADIO LJUBU\u0160KI\",\"isPartOf\":{\"@id\":\"https:\\\/\\\/radioljubuski.ba\\\/#website\"},\"primaryImageOfPage\":{\"@id\":\"https:\\\/\\\/radioljubuski.ba\\\/index.php\\\/2021\\\/06\\\/01\\\/hadzifejzovic-onog-koji-me-zeli-ubiti-pustaju-na-slobodu-nalagodavac-je-kukavica-iz-trezora\\\/#primaryimage\"},\"image\":{\"@id\":\"https:\\\/\\\/radioljubuski.ba\\\/index.php\\\/2021\\\/06\\\/01\\\/hadzifejzovic-onog-koji-me-zeli-ubiti-pustaju-na-slobodu-nalagodavac-je-kukavica-iz-trezora\\\/#primaryimage\"},\"thumbnailUrl\":\"https:\\\/\\\/radioljubuski.ba\\\/wp-content\\\/uploads\\\/2021\\\/06\\\/hqdefault.jpg\",\"datePublished\":\"2021-05-31T23:05:34+00:00\",\"dateModified\":\"2021-05-31T23:05:35+00:00\",\"breadcrumb\":{\"@id\":\"https:\\\/\\\/radioljubuski.ba\\\/index.php\\\/2021\\\/06\\\/01\\\/hadzifejzovic-onog-koji-me-zeli-ubiti-pustaju-na-slobodu-nalagodavac-je-kukavica-iz-trezora\\\/#breadcrumb\"},\"inLanguage\":\"hr\",\"potentialAction\":[{\"@type\":\"ReadAction\",\"target\":[\"https:\\\/\\\/radioljubuski.ba\\\/index.php\\\/2021\\\/06\\\/01\\\/hadzifejzovic-onog-koji-me-zeli-ubiti-pustaju-na-slobodu-nalagodavac-je-kukavica-iz-trezora\\\/\"]}]},{\"@type\":\"ImageObject\",\"inLanguage\":\"hr\",\"@id\":\"https:\\\/\\\/radioljubuski.ba\\\/index.php\\\/2021\\\/06\\\/01\\\/hadzifejzovic-onog-koji-me-zeli-ubiti-pustaju-na-slobodu-nalagodavac-je-kukavica-iz-trezora\\\/#primaryimage\",\"url\":\"https:\\\/\\\/radioljubuski.ba\\\/wp-content\\\/uploads\\\/2021\\\/06\\\/hqdefault.jpg\",\"contentUrl\":\"https:\\\/\\\/radioljubuski.ba\\\/wp-content\\\/uploads\\\/2021\\\/06\\\/hqdefault.jpg\",\"width\":480,\"height\":360},{\"@type\":\"BreadcrumbList\",\"@id\":\"https:\\\/\\\/radioljubuski.ba\\\/index.php\\\/2021\\\/06\\\/01\\\/hadzifejzovic-onog-koji-me-zeli-ubiti-pustaju-na-slobodu-nalagodavac-je-kukavica-iz-trezora\\\/#breadcrumb\",\"itemListElement\":[{\"@type\":\"ListItem\",\"position\":1,\"name\":\"Po\u010detna stranica\",\"item\":\"https:\\\/\\\/radioljubuski.ba\\\/\"},{\"@type\":\"ListItem\",\"position\":2,\"name\":\"Had\u017eifejzovi\u0107: Onog koji me \u017eeli ubiti pu\u0161taju na slobodu! Nalagodavac je \u201ckukavica iz trezora\u201d\"}]},{\"@type\":\"WebSite\",\"@id\":\"https:\\\/\\\/radioljubuski.ba\\\/#website\",\"url\":\"https:\\\/\\\/radioljubuski.ba\\\/\",\"name\":\"Radio Ljubu\u0161ki\",\"description\":\"Sun\u010dana frekvencija Hercegovine\",\"publisher\":{\"@id\":\"https:\\\/\\\/radioljubuski.ba\\\/#organization\"},\"potentialAction\":[{\"@type\":\"SearchAction\",\"target\":{\"@type\":\"EntryPoint\",\"urlTemplate\":\"https:\\\/\\\/radioljubuski.ba\\\/?s={search_term_string}\"},\"query-input\":{\"@type\":\"PropertyValueSpecification\",\"valueRequired\":true,\"valueName\":\"search_term_string\"}}],\"inLanguage\":\"hr\"},{\"@type\":\"Organization\",\"@id\":\"https:\\\/\\\/radioljubuski.ba\\\/#organization\",\"name\":\"Radio Ljubu\u0161ki\",\"url\":\"https:\\\/\\\/radioljubuski.ba\\\/\",\"logo\":{\"@type\":\"ImageObject\",\"inLanguage\":\"hr\",\"@id\":\"https:\\\/\\\/radioljubuski.ba\\\/#\\\/schema\\\/logo\\\/image\\\/\",\"url\":\"https:\\\/\\\/radioljubuski.ba\\\/wp-content\\\/uploads\\\/2021\\\/02\\\/cropped-Radio_Ljubuski_logo1.jpg\",\"contentUrl\":\"https:\\\/\\\/radioljubuski.ba\\\/wp-content\\\/uploads\\\/2021\\\/02\\\/cropped-Radio_Ljubuski_logo1.jpg\",\"width\":512,\"height\":512,\"caption\":\"Radio Ljubu\u0161ki\"},\"image\":{\"@id\":\"https:\\\/\\\/radioljubuski.ba\\\/#\\\/schema\\\/logo\\\/image\\\/\"},\"sameAs\":[\"https:\\\/\\\/www.facebook.com\\\/Radiio-Ljubuski-1490835324566332\",\"https:\\\/\\\/x.com\\\/radioljubuski\",\"https:\\\/\\\/hr.linkedin.com\\\/company\\\/radio-ljubuski\",\"https:\\\/\\\/www.youtube.com\\\/channel\\\/UCHYaeO_n0Db3tjNGudGpXyw\"]},{\"@type\":\"Person\",\"@id\":\"https:\\\/\\\/radioljubuski.ba\\\/#\\\/schema\\\/person\\\/19fc700381a780f69665d7956c469e3b\",\"name\":\"Radio Ljubu\u0161ki\"}]}<\/script>\n<!-- \/ Yoast SEO plugin. -->","yoast_head_json":{"title":"Had\u017eifejzovi\u0107: Onog koji me \u017eeli ubiti pu\u0161taju na slobodu! Nalagodavac je \u201ckukavica iz trezora\u201d - RADIO LJUBU\u0160KI","robots":{"index":"index","follow":"follow","max-snippet":"max-snippet:-1","max-image-preview":"max-image-preview:large","max-video-preview":"max-video-preview:-1"},"canonical":"https:\/\/radioljubuski.ba\/index.php\/2021\/06\/01\/hadzifejzovic-onog-koji-me-zeli-ubiti-pustaju-na-slobodu-nalagodavac-je-kukavica-iz-trezora\/","og_locale":"hr_HR","og_type":"article","og_title":"Had\u017eifejzovi\u0107: Onog koji me \u017eeli ubiti pu\u0161taju na slobodu! Nalagodavac je \u201ckukavica iz trezora\u201d - RADIO LJUBU\u0160KI","og_description":"Senad Had\u017eifejzovi\u0107, novinar, urednik i vlasnik Face TV, ve\u010deras se obratio javnosti nakon ro\u010di\u0161ta Abdulahu Hajdarevi\u0107u, kojeg je sutkinja op\u0107inskog suda u Sarajevu pustila da se brani sa slobode, odbijaju\u0107i prijedlog Tu\u017eiteljstva da mu se odredi pritvor, javlja HMS. Hajdarevi\u0107 je prije nekoliko dana poku\u0161ao u\u0107i u zgradu Bosmala,\u00a0 gdje se nalazi Face tv, u [&hellip;]","og_url":"https:\/\/radioljubuski.ba\/index.php\/2021\/06\/01\/hadzifejzovic-onog-koji-me-zeli-ubiti-pustaju-na-slobodu-nalagodavac-je-kukavica-iz-trezora\/","og_site_name":"RADIO LJUBU\u0160KI","article_publisher":"https:\/\/www.facebook.com\/Radiio-Ljubuski-1490835324566332","article_published_time":"2021-05-31T23:05:34+00:00","article_modified_time":"2021-05-31T23:05:35+00:00","og_image":[{"width":480,"height":360,"url":"https:\/\/radioljubuski.ba\/wp-content\/uploads\/2021\/06\/hqdefault.jpg","type":"image\/jpeg"}],"author":"Radio Ljubu\u0161ki","twitter_card":"summary_large_image","twitter_creator":"@radioljubuski","twitter_site":"@radioljubuski","twitter_misc":{"Napisao\/la":"Radio Ljubu\u0161ki","Procijenjeno vrijeme \u010ditanja":"5 minuta"},"schema":{"@context":"https:\/\/schema.org","@graph":[{"@type":"Article","@id":"https:\/\/radioljubuski.ba\/index.php\/2021\/06\/01\/hadzifejzovic-onog-koji-me-zeli-ubiti-pustaju-na-slobodu-nalagodavac-je-kukavica-iz-trezora\/#article","isPartOf":{"@id":"https:\/\/radioljubuski.ba\/index.php\/2021\/06\/01\/hadzifejzovic-onog-koji-me-zeli-ubiti-pustaju-na-slobodu-nalagodavac-je-kukavica-iz-trezora\/"},"author":{"name":"Radio Ljubu\u0161ki","@id":"https:\/\/radioljubuski.ba\/#\/schema\/person\/19fc700381a780f69665d7956c469e3b"},"headline":"Had\u017eifejzovi\u0107: Onog koji me \u017eeli ubiti pu\u0161taju na slobodu! Nalagodavac je \u201ckukavica iz trezora\u201d","datePublished":"2021-05-31T23:05:34+00:00","dateModified":"2021-05-31T23:05:35+00:00","mainEntityOfPage":{"@id":"https:\/\/radioljubuski.ba\/index.php\/2021\/06\/01\/hadzifejzovic-onog-koji-me-zeli-ubiti-pustaju-na-slobodu-nalagodavac-je-kukavica-iz-trezora\/"},"wordCount":1067,"publisher":{"@id":"https:\/\/radioljubuski.ba\/#organization"},"image":{"@id":"https:\/\/radioljubuski.ba\/index.php\/2021\/06\/01\/hadzifejzovic-onog-koji-me-zeli-ubiti-pustaju-na-slobodu-nalagodavac-je-kukavica-iz-trezora\/#primaryimage"},"thumbnailUrl":"https:\/\/radioljubuski.ba\/wp-content\/uploads\/2021\/06\/hqdefault.jpg","articleSection":["BIH i regija"],"inLanguage":"hr"},{"@type":"WebPage","@id":"https:\/\/radioljubuski.ba\/index.php\/2021\/06\/01\/hadzifejzovic-onog-koji-me-zeli-ubiti-pustaju-na-slobodu-nalagodavac-je-kukavica-iz-trezora\/","url":"https:\/\/radioljubuski.ba\/index.php\/2021\/06\/01\/hadzifejzovic-onog-koji-me-zeli-ubiti-pustaju-na-slobodu-nalagodavac-je-kukavica-iz-trezora\/","name":"Had\u017eifejzovi\u0107: Onog koji me \u017eeli ubiti pu\u0161taju na slobodu! Nalagodavac je \u201ckukavica iz trezora\u201d - RADIO LJUBU\u0160KI","isPartOf":{"@id":"https:\/\/radioljubuski.ba\/#website"},"primaryImageOfPage":{"@id":"https:\/\/radioljubuski.ba\/index.php\/2021\/06\/01\/hadzifejzovic-onog-koji-me-zeli-ubiti-pustaju-na-slobodu-nalagodavac-je-kukavica-iz-trezora\/#primaryimage"},"image":{"@id":"https:\/\/radioljubuski.ba\/index.php\/2021\/06\/01\/hadzifejzovic-onog-koji-me-zeli-ubiti-pustaju-na-slobodu-nalagodavac-je-kukavica-iz-trezora\/#primaryimage"},"thumbnailUrl":"https:\/\/radioljubuski.ba\/wp-content\/uploads\/2021\/06\/hqdefault.jpg","datePublished":"2021-05-31T23:05:34+00:00","dateModified":"2021-05-31T23:05:35+00:00","breadcrumb":{"@id":"https:\/\/radioljubuski.ba\/index.php\/2021\/06\/01\/hadzifejzovic-onog-koji-me-zeli-ubiti-pustaju-na-slobodu-nalagodavac-je-kukavica-iz-trezora\/#breadcrumb"},"inLanguage":"hr","potentialAction":[{"@type":"ReadAction","target":["https:\/\/radioljubuski.ba\/index.php\/2021\/06\/01\/hadzifejzovic-onog-koji-me-zeli-ubiti-pustaju-na-slobodu-nalagodavac-je-kukavica-iz-trezora\/"]}]},{"@type":"ImageObject","inLanguage":"hr","@id":"https:\/\/radioljubuski.ba\/index.php\/2021\/06\/01\/hadzifejzovic-onog-koji-me-zeli-ubiti-pustaju-na-slobodu-nalagodavac-je-kukavica-iz-trezora\/#primaryimage","url":"https:\/\/radioljubuski.ba\/wp-content\/uploads\/2021\/06\/hqdefault.jpg","contentUrl":"https:\/\/radioljubuski.ba\/wp-content\/uploads\/2021\/06\/hqdefault.jpg","width":480,"height":360},{"@type":"BreadcrumbList","@id":"https:\/\/radioljubuski.ba\/index.php\/2021\/06\/01\/hadzifejzovic-onog-koji-me-zeli-ubiti-pustaju-na-slobodu-nalagodavac-je-kukavica-iz-trezora\/#breadcrumb","itemListElement":[{"@type":"ListItem","position":1,"name":"Po\u010detna stranica","item":"https:\/\/radioljubuski.ba\/"},{"@type":"ListItem","position":2,"name":"Had\u017eifejzovi\u0107: Onog koji me \u017eeli ubiti pu\u0161taju na slobodu! Nalagodavac je \u201ckukavica iz trezora\u201d"}]},{"@type":"WebSite","@id":"https:\/\/radioljubuski.ba\/#website","url":"https:\/\/radioljubuski.ba\/","name":"Radio Ljubu\u0161ki","description":"Sun\u010dana frekvencija Hercegovine","publisher":{"@id":"https:\/\/radioljubuski.ba\/#organization"},"potentialAction":[{"@type":"SearchAction","target":{"@type":"EntryPoint","urlTemplate":"https:\/\/radioljubuski.ba\/?s={search_term_string}"},"query-input":{"@type":"PropertyValueSpecification","valueRequired":true,"valueName":"search_term_string"}}],"inLanguage":"hr"},{"@type":"Organization","@id":"https:\/\/radioljubuski.ba\/#organization","name":"Radio Ljubu\u0161ki","url":"https:\/\/radioljubuski.ba\/","logo":{"@type":"ImageObject","inLanguage":"hr","@id":"https:\/\/radioljubuski.ba\/#\/schema\/logo\/image\/","url":"https:\/\/radioljubuski.ba\/wp-content\/uploads\/2021\/02\/cropped-Radio_Ljubuski_logo1.jpg","contentUrl":"https:\/\/radioljubuski.ba\/wp-content\/uploads\/2021\/02\/cropped-Radio_Ljubuski_logo1.jpg","width":512,"height":512,"caption":"Radio Ljubu\u0161ki"},"image":{"@id":"https:\/\/radioljubuski.ba\/#\/schema\/logo\/image\/"},"sameAs":["https:\/\/www.facebook.com\/Radiio-Ljubuski-1490835324566332","https:\/\/x.com\/radioljubuski","https:\/\/hr.linkedin.com\/company\/radio-ljubuski","https:\/\/www.youtube.com\/channel\/UCHYaeO_n0Db3tjNGudGpXyw"]},{"@type":"Person","@id":"https:\/\/radioljubuski.ba\/#\/schema\/person\/19fc700381a780f69665d7956c469e3b","name":"Radio Ljubu\u0161ki"}]}},"_links":{"self":[{"href":"https:\/\/radioljubuski.ba\/index.php\/wp-json\/wp\/v2\/posts\/27146","targetHints":{"allow":["GET"]}}],"collection":[{"href":"https:\/\/radioljubuski.ba\/index.php\/wp-json\/wp\/v2\/posts"}],"about":[{"href":"https:\/\/radioljubuski.ba\/index.php\/wp-json\/wp\/v2\/types\/post"}],"author":[{"embeddable":true,"href":"https:\/\/radioljubuski.ba\/index.php\/wp-json\/wp\/v2\/users\/2"}],"replies":[{"embeddable":true,"href":"https:\/\/radioljubuski.ba\/index.php\/wp-json\/wp\/v2\/comments?post=27146"}],"version-history":[{"count":1,"href":"https:\/\/radioljubuski.ba\/index.php\/wp-json\/wp\/v2\/posts\/27146\/revisions"}],"predecessor-version":[{"id":27148,"href":"https:\/\/radioljubuski.ba\/index.php\/wp-json\/wp\/v2\/posts\/27146\/revisions\/27148"}],"wp:featuredmedia":[{"embeddable":true,"href":"https:\/\/radioljubuski.ba\/index.php\/wp-json\/wp\/v2\/media\/27147"}],"wp:attachment":[{"href":"https:\/\/radioljubuski.ba\/index.php\/wp-json\/wp\/v2\/media?parent=27146"}],"wp:term":[{"taxonomy":"category","embeddable":true,"href":"https:\/\/radioljubuski.ba\/index.php\/wp-json\/wp\/v2\/categories?post=27146"},{"taxonomy":"post_tag","embeddable":true,"href":"https:\/\/radioljubuski.ba\/index.php\/wp-json\/wp\/v2\/tags?post=27146"}],"curies":[{"name":"wp","href":"https:\/\/api.w.org\/{rel}","templated":true}]}}