{"id":2718,"date":"2021-03-11T10:35:22","date_gmt":"2021-03-11T09:35:22","guid":{"rendered":"https:\/\/radioljubuski.ba\/?p=2718"},"modified":"2021-03-11T10:35:23","modified_gmt":"2021-03-11T09:35:23","slug":"nizozemac-36-razbijao-i-vrijedao-jer-mu-je-pauk-pokupio-vozilo","status":"publish","type":"post","link":"https:\/\/radioljubuski.ba\/index.php\/2021\/03\/11\/nizozemac-36-razbijao-i-vrijedao-jer-mu-je-pauk-pokupio-vozilo\/","title":{"rendered":"Nizozemac (36) razbijao i vrije\u0111ao jer mu je pauk &#8220;pokupio&#8221; vozilo"},"content":{"rendered":"\n<p>Policijski slu\u017ebenici Prve policijske postaje Zadar i Policijske postaje Biograd dovr\u0161ili su kriminalisti\u010dko istra\u017eivanje nad nizozemskim dr\u017eavljaninom u dobi od 36 godina, kojeg se sumnji\u010di za vi\u0161e ka\u017enjivih radnji.<\/p>\n\n\n\n<p>Naime, 36-godi\u0161njaka se sumnji\u010di da je u utorak 09. o\u017eujka 2021. godine oko 13,25 sati u ulica Marka Maruli\u0107a u Zadru vrije\u0111ao djelatnika pravne osobe te negodovao \u0161to mu je prethodno, 03. o\u017eujka zbog nepropisnog parkiranja, podignuto njegovo vozilo marke Peugeot nizozemskih registarskih oznaka te zatra\u017eio da mu se omogu\u0107i izlazak s vozilom bez pla\u0107anja nastalih tro\u0161kova. Kada mu je djelatnik objasnio na koji na\u010din mo\u017ee preuzeti svoje vozilo, 36-godi\u0161njak je fizi\u010dkom snagom o\u0161tetio rampu za izlaz iz ogra\u0111enog prostora pravne osobe, nakon \u010dega je u\u0161ao u svoje vozilo, kojeg je stavio u pogon i poku\u0161ao napustiti mjesto doga\u0111aja u \u010demu je sprije\u010den od djelatnika. Potom je s vozilom krenuo naprijed te o\u0161tetio metalnu \u017ei\u010danu ogradu i nastavio vo\u017enju u nepoznatom pravcu.<br><br>Ne\u0161to kasnije, oko 15,00 sati na DC-08 u Turnju policijski slu\u017ebenici su uo\u010dili navedeni automobil kojeg su poku\u0161ali zaustaviti dok se 36-godi\u0161njak oglu\u0161io na izdana svjetlosna i zvu\u010dna upozorenja te nastavio vo\u017enju prema Biogradu gdje je ubrzo zaustavljen.<br><br>Voza\u010d je uhi\u0107en i priveden u slu\u017ebene prostorije, a tijekom kriminalisti\u010dkog istra\u017eivanja vrije\u0111ao je i omalova\u017eavao policijske slu\u017ebenike na engleskom jeziku, te je odbio test na alkohol i droge.<br><br>Na mjestu doga\u0111aja, u Ulici Marka Maruli\u0107a u Zadru, izvr\u0161en je o\u010devid, dok materijalna \u0161teta koja je pri\u010dinjena pravnoj osobi iznosi nekoliko tisu\u0107a kuna.<\/p>\n\n\n\n<p>Izvor:hrt.hr<\/p>\n","protected":false},"excerpt":{"rendered":"<p>Policijski slu\u017ebenici Prve policijske postaje Zadar i Policijske postaje Biograd dovr\u0161ili su kriminalisti\u010dko istra\u017eivanje nad nizozemskim dr\u017eavljaninom u dobi od 36 godina, kojeg se sumnji\u010di za vi\u0161e ka\u017enjivih radnji. Naime, 36-godi\u0161njaka se sumnji\u010di da je u utorak 09. o\u017eujka 2021. godine oko 13,25 sati u ulica Marka Maruli\u0107a u Zadru vrije\u0111ao djelatnika pravne osobe te [&hellip;]<\/p>\n","protected":false},"author":2,"featured_media":2719,"comment_status":"closed","ping_status":"closed","sticky":false,"template":"","format":"standard","meta":{"h5ap_radio_sources":[],"footnotes":""},"categories":[1],"tags":[],"class_list":["post-2718","post","type-post","status-publish","format-standard","has-post-thumbnail","hentry","category-bihiregija"],"yoast_head":"<!-- This site is optimized with the Yoast SEO plugin v27.5 - https:\/\/yoast.com\/product\/yoast-seo-wordpress\/ -->\n<title>Nizozemac (36) razbijao i vrije\u0111ao jer mu je pauk &quot;pokupio&quot; vozilo - RADIO LJUBU\u0160KI<\/title>\n<meta name=\"robots\" content=\"index, follow, max-snippet:-1, max-image-preview:large, max-video-preview:-1\" \/>\n<link rel=\"canonical\" href=\"https:\/\/radioljubuski.ba\/index.php\/2021\/03\/11\/nizozemac-36-razbijao-i-vrijedao-jer-mu-je-pauk-pokupio-vozilo\/\" \/>\n<meta property=\"og:locale\" content=\"hr_HR\" \/>\n<meta property=\"og:type\" content=\"article\" \/>\n<meta property=\"og:title\" content=\"Nizozemac (36) razbijao i vrije\u0111ao jer mu je pauk &quot;pokupio&quot; vozilo - RADIO LJUBU\u0160KI\" \/>\n<meta property=\"og:description\" content=\"Policijski slu\u017ebenici Prve policijske postaje Zadar i Policijske postaje Biograd dovr\u0161ili su kriminalisti\u010dko istra\u017eivanje nad nizozemskim dr\u017eavljaninom u dobi od 36 godina, kojeg se sumnji\u010di za vi\u0161e ka\u017enjivih radnji. Naime, 36-godi\u0161njaka se sumnji\u010di da je u utorak 09. o\u017eujka 2021. godine oko 13,25 sati u ulica Marka Maruli\u0107a u Zadru vrije\u0111ao djelatnika pravne osobe te [&hellip;]\" \/>\n<meta property=\"og:url\" content=\"https:\/\/radioljubuski.ba\/index.php\/2021\/03\/11\/nizozemac-36-razbijao-i-vrijedao-jer-mu-je-pauk-pokupio-vozilo\/\" \/>\n<meta property=\"og:site_name\" content=\"RADIO LJUBU\u0160KI\" \/>\n<meta property=\"article:publisher\" content=\"https:\/\/www.facebook.com\/Radiio-Ljubuski-1490835324566332\" \/>\n<meta property=\"article:published_time\" content=\"2021-03-11T09:35:22+00:00\" \/>\n<meta property=\"article:modified_time\" content=\"2021-03-11T09:35:23+00:00\" \/>\n<meta property=\"og:image\" content=\"https:\/\/radioljubuski.ba\/wp-content\/uploads\/2021\/03\/pxl-060414-7561701-20210311092016-scaled.jpg\" \/>\n\t<meta property=\"og:image:width\" content=\"2560\" \/>\n\t<meta property=\"og:image:height\" content=\"1451\" \/>\n\t<meta property=\"og:image:type\" content=\"image\/jpeg\" \/>\n<meta name=\"author\" content=\"Radio Ljubu\u0161ki\" \/>\n<meta name=\"twitter:card\" content=\"summary_large_image\" \/>\n<meta name=\"twitter:creator\" content=\"@radioljubuski\" \/>\n<meta name=\"twitter:site\" content=\"@radioljubuski\" \/>\n<meta name=\"twitter:label1\" content=\"Napisao\/la\" \/>\n\t<meta name=\"twitter:data1\" content=\"Radio Ljubu\u0161ki\" \/>\n\t<meta name=\"twitter:label2\" content=\"Procijenjeno vrijeme \u010ditanja\" \/>\n\t<meta name=\"twitter:data2\" content=\"2 minute\" \/>\n<script type=\"application\/ld+json\" class=\"yoast-schema-graph\">{\"@context\":\"https:\\\/\\\/schema.org\",\"@graph\":[{\"@type\":\"Article\",\"@id\":\"https:\\\/\\\/radioljubuski.ba\\\/index.php\\\/2021\\\/03\\\/11\\\/nizozemac-36-razbijao-i-vrijedao-jer-mu-je-pauk-pokupio-vozilo\\\/#article\",\"isPartOf\":{\"@id\":\"https:\\\/\\\/radioljubuski.ba\\\/index.php\\\/2021\\\/03\\\/11\\\/nizozemac-36-razbijao-i-vrijedao-jer-mu-je-pauk-pokupio-vozilo\\\/\"},\"author\":{\"name\":\"Radio Ljubu\u0161ki\",\"@id\":\"https:\\\/\\\/radioljubuski.ba\\\/#\\\/schema\\\/person\\\/19fc700381a780f69665d7956c469e3b\"},\"headline\":\"Nizozemac (36) razbijao i vrije\u0111ao jer mu je pauk &#8220;pokupio&#8221; vozilo\",\"datePublished\":\"2021-03-11T09:35:22+00:00\",\"dateModified\":\"2021-03-11T09:35:23+00:00\",\"mainEntityOfPage\":{\"@id\":\"https:\\\/\\\/radioljubuski.ba\\\/index.php\\\/2021\\\/03\\\/11\\\/nizozemac-36-razbijao-i-vrijedao-jer-mu-je-pauk-pokupio-vozilo\\\/\"},\"wordCount\":302,\"publisher\":{\"@id\":\"https:\\\/\\\/radioljubuski.ba\\\/#organization\"},\"image\":{\"@id\":\"https:\\\/\\\/radioljubuski.ba\\\/index.php\\\/2021\\\/03\\\/11\\\/nizozemac-36-razbijao-i-vrijedao-jer-mu-je-pauk-pokupio-vozilo\\\/#primaryimage\"},\"thumbnailUrl\":\"https:\\\/\\\/radioljubuski.ba\\\/wp-content\\\/uploads\\\/2021\\\/03\\\/pxl-060414-7561701-20210311092016-scaled.jpg\",\"articleSection\":[\"BIH i regija\"],\"inLanguage\":\"hr\"},{\"@type\":\"WebPage\",\"@id\":\"https:\\\/\\\/radioljubuski.ba\\\/index.php\\\/2021\\\/03\\\/11\\\/nizozemac-36-razbijao-i-vrijedao-jer-mu-je-pauk-pokupio-vozilo\\\/\",\"url\":\"https:\\\/\\\/radioljubuski.ba\\\/index.php\\\/2021\\\/03\\\/11\\\/nizozemac-36-razbijao-i-vrijedao-jer-mu-je-pauk-pokupio-vozilo\\\/\",\"name\":\"Nizozemac (36) razbijao i vrije\u0111ao jer mu je pauk \\\"pokupio\\\" vozilo - RADIO LJUBU\u0160KI\",\"isPartOf\":{\"@id\":\"https:\\\/\\\/radioljubuski.ba\\\/#website\"},\"primaryImageOfPage\":{\"@id\":\"https:\\\/\\\/radioljubuski.ba\\\/index.php\\\/2021\\\/03\\\/11\\\/nizozemac-36-razbijao-i-vrijedao-jer-mu-je-pauk-pokupio-vozilo\\\/#primaryimage\"},\"image\":{\"@id\":\"https:\\\/\\\/radioljubuski.ba\\\/index.php\\\/2021\\\/03\\\/11\\\/nizozemac-36-razbijao-i-vrijedao-jer-mu-je-pauk-pokupio-vozilo\\\/#primaryimage\"},\"thumbnailUrl\":\"https:\\\/\\\/radioljubuski.ba\\\/wp-content\\\/uploads\\\/2021\\\/03\\\/pxl-060414-7561701-20210311092016-scaled.jpg\",\"datePublished\":\"2021-03-11T09:35:22+00:00\",\"dateModified\":\"2021-03-11T09:35:23+00:00\",\"breadcrumb\":{\"@id\":\"https:\\\/\\\/radioljubuski.ba\\\/index.php\\\/2021\\\/03\\\/11\\\/nizozemac-36-razbijao-i-vrijedao-jer-mu-je-pauk-pokupio-vozilo\\\/#breadcrumb\"},\"inLanguage\":\"hr\",\"potentialAction\":[{\"@type\":\"ReadAction\",\"target\":[\"https:\\\/\\\/radioljubuski.ba\\\/index.php\\\/2021\\\/03\\\/11\\\/nizozemac-36-razbijao-i-vrijedao-jer-mu-je-pauk-pokupio-vozilo\\\/\"]}]},{\"@type\":\"ImageObject\",\"inLanguage\":\"hr\",\"@id\":\"https:\\\/\\\/radioljubuski.ba\\\/index.php\\\/2021\\\/03\\\/11\\\/nizozemac-36-razbijao-i-vrijedao-jer-mu-je-pauk-pokupio-vozilo\\\/#primaryimage\",\"url\":\"https:\\\/\\\/radioljubuski.ba\\\/wp-content\\\/uploads\\\/2021\\\/03\\\/pxl-060414-7561701-20210311092016-scaled.jpg\",\"contentUrl\":\"https:\\\/\\\/radioljubuski.ba\\\/wp-content\\\/uploads\\\/2021\\\/03\\\/pxl-060414-7561701-20210311092016-scaled.jpg\",\"width\":2560,\"height\":1451,\"caption\":\"06.04.2014., Sibenska Dubrava - Policija kontrolira promet u Sibensko-kninskoj zupaniji. Photo: Hrvoje Jelavic\\\/PIXSELL\"},{\"@type\":\"BreadcrumbList\",\"@id\":\"https:\\\/\\\/radioljubuski.ba\\\/index.php\\\/2021\\\/03\\\/11\\\/nizozemac-36-razbijao-i-vrijedao-jer-mu-je-pauk-pokupio-vozilo\\\/#breadcrumb\",\"itemListElement\":[{\"@type\":\"ListItem\",\"position\":1,\"name\":\"Po\u010detna stranica\",\"item\":\"https:\\\/\\\/radioljubuski.ba\\\/\"},{\"@type\":\"ListItem\",\"position\":2,\"name\":\"Nizozemac (36) razbijao i vrije\u0111ao jer mu je pauk &#8220;pokupio&#8221; vozilo\"}]},{\"@type\":\"WebSite\",\"@id\":\"https:\\\/\\\/radioljubuski.ba\\\/#website\",\"url\":\"https:\\\/\\\/radioljubuski.ba\\\/\",\"name\":\"Radio Ljubu\u0161ki\",\"description\":\"Sun\u010dana frekvencija Hercegovine\",\"publisher\":{\"@id\":\"https:\\\/\\\/radioljubuski.ba\\\/#organization\"},\"potentialAction\":[{\"@type\":\"SearchAction\",\"target\":{\"@type\":\"EntryPoint\",\"urlTemplate\":\"https:\\\/\\\/radioljubuski.ba\\\/?s={search_term_string}\"},\"query-input\":{\"@type\":\"PropertyValueSpecification\",\"valueRequired\":true,\"valueName\":\"search_term_string\"}}],\"inLanguage\":\"hr\"},{\"@type\":\"Organization\",\"@id\":\"https:\\\/\\\/radioljubuski.ba\\\/#organization\",\"name\":\"Radio Ljubu\u0161ki\",\"url\":\"https:\\\/\\\/radioljubuski.ba\\\/\",\"logo\":{\"@type\":\"ImageObject\",\"inLanguage\":\"hr\",\"@id\":\"https:\\\/\\\/radioljubuski.ba\\\/#\\\/schema\\\/logo\\\/image\\\/\",\"url\":\"https:\\\/\\\/radioljubuski.ba\\\/wp-content\\\/uploads\\\/2021\\\/02\\\/cropped-Radio_Ljubuski_logo1.jpg\",\"contentUrl\":\"https:\\\/\\\/radioljubuski.ba\\\/wp-content\\\/uploads\\\/2021\\\/02\\\/cropped-Radio_Ljubuski_logo1.jpg\",\"width\":512,\"height\":512,\"caption\":\"Radio Ljubu\u0161ki\"},\"image\":{\"@id\":\"https:\\\/\\\/radioljubuski.ba\\\/#\\\/schema\\\/logo\\\/image\\\/\"},\"sameAs\":[\"https:\\\/\\\/www.facebook.com\\\/Radiio-Ljubuski-1490835324566332\",\"https:\\\/\\\/x.com\\\/radioljubuski\",\"https:\\\/\\\/hr.linkedin.com\\\/company\\\/radio-ljubuski\",\"https:\\\/\\\/www.youtube.com\\\/channel\\\/UCHYaeO_n0Db3tjNGudGpXyw\"]},{\"@type\":\"Person\",\"@id\":\"https:\\\/\\\/radioljubuski.ba\\\/#\\\/schema\\\/person\\\/19fc700381a780f69665d7956c469e3b\",\"name\":\"Radio Ljubu\u0161ki\"}]}<\/script>\n<!-- \/ Yoast SEO plugin. -->","yoast_head_json":{"title":"Nizozemac (36) razbijao i vrije\u0111ao jer mu je pauk \"pokupio\" vozilo - RADIO LJUBU\u0160KI","robots":{"index":"index","follow":"follow","max-snippet":"max-snippet:-1","max-image-preview":"max-image-preview:large","max-video-preview":"max-video-preview:-1"},"canonical":"https:\/\/radioljubuski.ba\/index.php\/2021\/03\/11\/nizozemac-36-razbijao-i-vrijedao-jer-mu-je-pauk-pokupio-vozilo\/","og_locale":"hr_HR","og_type":"article","og_title":"Nizozemac (36) razbijao i vrije\u0111ao jer mu je pauk \"pokupio\" vozilo - RADIO LJUBU\u0160KI","og_description":"Policijski slu\u017ebenici Prve policijske postaje Zadar i Policijske postaje Biograd dovr\u0161ili su kriminalisti\u010dko istra\u017eivanje nad nizozemskim dr\u017eavljaninom u dobi od 36 godina, kojeg se sumnji\u010di za vi\u0161e ka\u017enjivih radnji. Naime, 36-godi\u0161njaka se sumnji\u010di da je u utorak 09. o\u017eujka 2021. godine oko 13,25 sati u ulica Marka Maruli\u0107a u Zadru vrije\u0111ao djelatnika pravne osobe te [&hellip;]","og_url":"https:\/\/radioljubuski.ba\/index.php\/2021\/03\/11\/nizozemac-36-razbijao-i-vrijedao-jer-mu-je-pauk-pokupio-vozilo\/","og_site_name":"RADIO LJUBU\u0160KI","article_publisher":"https:\/\/www.facebook.com\/Radiio-Ljubuski-1490835324566332","article_published_time":"2021-03-11T09:35:22+00:00","article_modified_time":"2021-03-11T09:35:23+00:00","og_image":[{"width":2560,"height":1451,"url":"https:\/\/radioljubuski.ba\/wp-content\/uploads\/2021\/03\/pxl-060414-7561701-20210311092016-scaled.jpg","type":"image\/jpeg"}],"author":"Radio Ljubu\u0161ki","twitter_card":"summary_large_image","twitter_creator":"@radioljubuski","twitter_site":"@radioljubuski","twitter_misc":{"Napisao\/la":"Radio Ljubu\u0161ki","Procijenjeno vrijeme \u010ditanja":"2 minute"},"schema":{"@context":"https:\/\/schema.org","@graph":[{"@type":"Article","@id":"https:\/\/radioljubuski.ba\/index.php\/2021\/03\/11\/nizozemac-36-razbijao-i-vrijedao-jer-mu-je-pauk-pokupio-vozilo\/#article","isPartOf":{"@id":"https:\/\/radioljubuski.ba\/index.php\/2021\/03\/11\/nizozemac-36-razbijao-i-vrijedao-jer-mu-je-pauk-pokupio-vozilo\/"},"author":{"name":"Radio Ljubu\u0161ki","@id":"https:\/\/radioljubuski.ba\/#\/schema\/person\/19fc700381a780f69665d7956c469e3b"},"headline":"Nizozemac (36) razbijao i vrije\u0111ao jer mu je pauk &#8220;pokupio&#8221; vozilo","datePublished":"2021-03-11T09:35:22+00:00","dateModified":"2021-03-11T09:35:23+00:00","mainEntityOfPage":{"@id":"https:\/\/radioljubuski.ba\/index.php\/2021\/03\/11\/nizozemac-36-razbijao-i-vrijedao-jer-mu-je-pauk-pokupio-vozilo\/"},"wordCount":302,"publisher":{"@id":"https:\/\/radioljubuski.ba\/#organization"},"image":{"@id":"https:\/\/radioljubuski.ba\/index.php\/2021\/03\/11\/nizozemac-36-razbijao-i-vrijedao-jer-mu-je-pauk-pokupio-vozilo\/#primaryimage"},"thumbnailUrl":"https:\/\/radioljubuski.ba\/wp-content\/uploads\/2021\/03\/pxl-060414-7561701-20210311092016-scaled.jpg","articleSection":["BIH i regija"],"inLanguage":"hr"},{"@type":"WebPage","@id":"https:\/\/radioljubuski.ba\/index.php\/2021\/03\/11\/nizozemac-36-razbijao-i-vrijedao-jer-mu-je-pauk-pokupio-vozilo\/","url":"https:\/\/radioljubuski.ba\/index.php\/2021\/03\/11\/nizozemac-36-razbijao-i-vrijedao-jer-mu-je-pauk-pokupio-vozilo\/","name":"Nizozemac (36) razbijao i vrije\u0111ao jer mu je pauk \"pokupio\" vozilo - RADIO LJUBU\u0160KI","isPartOf":{"@id":"https:\/\/radioljubuski.ba\/#website"},"primaryImageOfPage":{"@id":"https:\/\/radioljubuski.ba\/index.php\/2021\/03\/11\/nizozemac-36-razbijao-i-vrijedao-jer-mu-je-pauk-pokupio-vozilo\/#primaryimage"},"image":{"@id":"https:\/\/radioljubuski.ba\/index.php\/2021\/03\/11\/nizozemac-36-razbijao-i-vrijedao-jer-mu-je-pauk-pokupio-vozilo\/#primaryimage"},"thumbnailUrl":"https:\/\/radioljubuski.ba\/wp-content\/uploads\/2021\/03\/pxl-060414-7561701-20210311092016-scaled.jpg","datePublished":"2021-03-11T09:35:22+00:00","dateModified":"2021-03-11T09:35:23+00:00","breadcrumb":{"@id":"https:\/\/radioljubuski.ba\/index.php\/2021\/03\/11\/nizozemac-36-razbijao-i-vrijedao-jer-mu-je-pauk-pokupio-vozilo\/#breadcrumb"},"inLanguage":"hr","potentialAction":[{"@type":"ReadAction","target":["https:\/\/radioljubuski.ba\/index.php\/2021\/03\/11\/nizozemac-36-razbijao-i-vrijedao-jer-mu-je-pauk-pokupio-vozilo\/"]}]},{"@type":"ImageObject","inLanguage":"hr","@id":"https:\/\/radioljubuski.ba\/index.php\/2021\/03\/11\/nizozemac-36-razbijao-i-vrijedao-jer-mu-je-pauk-pokupio-vozilo\/#primaryimage","url":"https:\/\/radioljubuski.ba\/wp-content\/uploads\/2021\/03\/pxl-060414-7561701-20210311092016-scaled.jpg","contentUrl":"https:\/\/radioljubuski.ba\/wp-content\/uploads\/2021\/03\/pxl-060414-7561701-20210311092016-scaled.jpg","width":2560,"height":1451,"caption":"06.04.2014., Sibenska Dubrava - Policija kontrolira promet u Sibensko-kninskoj zupaniji. Photo: Hrvoje Jelavic\/PIXSELL"},{"@type":"BreadcrumbList","@id":"https:\/\/radioljubuski.ba\/index.php\/2021\/03\/11\/nizozemac-36-razbijao-i-vrijedao-jer-mu-je-pauk-pokupio-vozilo\/#breadcrumb","itemListElement":[{"@type":"ListItem","position":1,"name":"Po\u010detna stranica","item":"https:\/\/radioljubuski.ba\/"},{"@type":"ListItem","position":2,"name":"Nizozemac (36) razbijao i vrije\u0111ao jer mu je pauk &#8220;pokupio&#8221; vozilo"}]},{"@type":"WebSite","@id":"https:\/\/radioljubuski.ba\/#website","url":"https:\/\/radioljubuski.ba\/","name":"Radio Ljubu\u0161ki","description":"Sun\u010dana frekvencija Hercegovine","publisher":{"@id":"https:\/\/radioljubuski.ba\/#organization"},"potentialAction":[{"@type":"SearchAction","target":{"@type":"EntryPoint","urlTemplate":"https:\/\/radioljubuski.ba\/?s={search_term_string}"},"query-input":{"@type":"PropertyValueSpecification","valueRequired":true,"valueName":"search_term_string"}}],"inLanguage":"hr"},{"@type":"Organization","@id":"https:\/\/radioljubuski.ba\/#organization","name":"Radio Ljubu\u0161ki","url":"https:\/\/radioljubuski.ba\/","logo":{"@type":"ImageObject","inLanguage":"hr","@id":"https:\/\/radioljubuski.ba\/#\/schema\/logo\/image\/","url":"https:\/\/radioljubuski.ba\/wp-content\/uploads\/2021\/02\/cropped-Radio_Ljubuski_logo1.jpg","contentUrl":"https:\/\/radioljubuski.ba\/wp-content\/uploads\/2021\/02\/cropped-Radio_Ljubuski_logo1.jpg","width":512,"height":512,"caption":"Radio Ljubu\u0161ki"},"image":{"@id":"https:\/\/radioljubuski.ba\/#\/schema\/logo\/image\/"},"sameAs":["https:\/\/www.facebook.com\/Radiio-Ljubuski-1490835324566332","https:\/\/x.com\/radioljubuski","https:\/\/hr.linkedin.com\/company\/radio-ljubuski","https:\/\/www.youtube.com\/channel\/UCHYaeO_n0Db3tjNGudGpXyw"]},{"@type":"Person","@id":"https:\/\/radioljubuski.ba\/#\/schema\/person\/19fc700381a780f69665d7956c469e3b","name":"Radio Ljubu\u0161ki"}]}},"_links":{"self":[{"href":"https:\/\/radioljubuski.ba\/index.php\/wp-json\/wp\/v2\/posts\/2718","targetHints":{"allow":["GET"]}}],"collection":[{"href":"https:\/\/radioljubuski.ba\/index.php\/wp-json\/wp\/v2\/posts"}],"about":[{"href":"https:\/\/radioljubuski.ba\/index.php\/wp-json\/wp\/v2\/types\/post"}],"author":[{"embeddable":true,"href":"https:\/\/radioljubuski.ba\/index.php\/wp-json\/wp\/v2\/users\/2"}],"replies":[{"embeddable":true,"href":"https:\/\/radioljubuski.ba\/index.php\/wp-json\/wp\/v2\/comments?post=2718"}],"version-history":[{"count":1,"href":"https:\/\/radioljubuski.ba\/index.php\/wp-json\/wp\/v2\/posts\/2718\/revisions"}],"predecessor-version":[{"id":2721,"href":"https:\/\/radioljubuski.ba\/index.php\/wp-json\/wp\/v2\/posts\/2718\/revisions\/2721"}],"wp:featuredmedia":[{"embeddable":true,"href":"https:\/\/radioljubuski.ba\/index.php\/wp-json\/wp\/v2\/media\/2719"}],"wp:attachment":[{"href":"https:\/\/radioljubuski.ba\/index.php\/wp-json\/wp\/v2\/media?parent=2718"}],"wp:term":[{"taxonomy":"category","embeddable":true,"href":"https:\/\/radioljubuski.ba\/index.php\/wp-json\/wp\/v2\/categories?post=2718"},{"taxonomy":"post_tag","embeddable":true,"href":"https:\/\/radioljubuski.ba\/index.php\/wp-json\/wp\/v2\/tags?post=2718"}],"curies":[{"name":"wp","href":"https:\/\/api.w.org\/{rel}","templated":true}]}}