{"id":27197,"date":"2021-06-01T09:32:28","date_gmt":"2021-06-01T08:32:28","guid":{"rendered":"https:\/\/radioljubuski.ba\/?p=27197"},"modified":"2021-06-01T10:10:19","modified_gmt":"2021-06-01T09:10:19","slug":"petra-barbir-nagradena-na-simicevim-susretima","status":"publish","type":"post","link":"https:\/\/radioljubuski.ba\/index.php\/2021\/06\/01\/petra-barbir-nagradena-na-simicevim-susretima\/","title":{"rendered":"Petra Barbir, Marta Herceg i Vita Grgi\u0107 pohvaljene za svoje likovne radove, pjesme i bajke"},"content":{"rendered":"\n<p>Proteklog petka odr\u017eana je Knji\u017eevno \u2013 kulturna manifestacija 58. \u0160imi\u0107evi susreti.<\/p>\n\n\n\n<p>Pjesnici su srda\u010dno recitirali stihove povezane sa svojim knji\u017eevnim stvaranjem i sa \u0160imi\u0107evim knji\u017eevnim stvaranjem.<\/p>\n\n\n\n<p>Me\u0111u njima bila je i mlada u\u010denica O\u0160 Ivane Brli\u0107 Ma\u017eurani\u0107 Ljubu\u0161ki Petra Barbir, a njezina pjesma &#8220;Bolje sutra&#8221; osvojila je 1. mjesto, kao najbolji pjesni\u010dki rad mladih pjesnika, objavili su iz njezine \u0161kole na Facebooku. <\/p>\n\n\n\n<iframe loading=\"lazy\" src=\"https:\/\/www.facebook.com\/plugins\/post.php?href=https%3A%2F%2Fwww.facebook.com%2FIBM.Humac%2Fposts%2F5501266183277210&amp;show_text=true&amp;width=500\" width=\"500\" height=\"792\" style=\"border:none;overflow:hidden\" scrolling=\"no\" frameborder=\"0\" allowfullscreen=\"true\" allow=\"autoplay; clipboard-write; encrypted-media; picture-in-picture; web-share\"><\/iframe>\n\n\n\n<p>Ovo je samo jedna u nizu nagrada koje su proteklih tjedana dobili u\u010denici O\u0160 Ivane Brli\u0107 Ma\u017eurani\u0107. <\/p>\n\n\n\n<p>Na nedavno odr\u017eanom me\u0111unarodnom Festivalu dje\u010dje umjetnosti 2021. me\u0111u najljep\u0161im bajkama je bila i &#8220;Plavooki&#8221; u\u010denice Marte Herceg iz 9.b. <\/p>\n\n\n\n<p>Ocjenjiva\u010dki sud Festivala posebnom je pohvalom ocijenio njezino ma\u0161tovito &#8220;bajkopisanje&#8221;.<\/p>\n\n\n\n<iframe loading=\"lazy\" src=\"https:\/\/www.facebook.com\/plugins\/post.php?href=https%3A%2F%2Fwww.facebook.com%2FIBM.Humac%2Fposts%2F5439638932773269&amp;show_text=true&amp;width=500\" width=\"500\" height=\"754\" style=\"border:none;overflow:hidden\" scrolling=\"no\" frameborder=\"0\" allowfullscreen=\"true\" allow=\"autoplay; clipboard-write; encrypted-media; picture-in-picture; web-share\"><\/iframe>\n\n\n\n<p>Tako\u0111er, u\u010denica Vita Grgi\u0107 pohvaljena je za svoj likovni rad. Kako ka\u017eu iz \u0161kole, me\u0111u najljep\u0161im likovnim radovima natje\u010daja \u017eupanijskog MZOKS-a &#8220;Kulturna ba\u0161tina moga kraja&#8221; bio je Vitin rad koji je osvojio 2. mjesto.<\/p>\n\n\n\n<iframe loading=\"lazy\" src=\"https:\/\/www.facebook.com\/plugins\/post.php?href=https%3A%2F%2Fwww.facebook.com%2FIBM.Humac%2Fposts%2F5507019732701855&amp;show_text=true&amp;width=500\" width=\"500\" height=\"773\" style=\"border:none;overflow:hidden\" scrolling=\"no\" frameborder=\"0\" allowfullscreen=\"true\" allow=\"autoplay; clipboard-write; encrypted-media; picture-in-picture; web-share\"><\/iframe>\n","protected":false},"excerpt":{"rendered":"<p>Proteklog petka odr\u017eana je Knji\u017eevno \u2013 kulturna manifestacija 58. \u0160imi\u0107evi susreti. Pjesnici su srda\u010dno recitirali stihove povezane sa svojim knji\u017eevnim stvaranjem i sa \u0160imi\u0107evim knji\u017eevnim stvaranjem. Me\u0111u njima bila je i mlada u\u010denica O\u0160 Ivane Brli\u0107 Ma\u017eurani\u0107 Ljubu\u0161ki Petra Barbir, a njezina pjesma &#8220;Bolje sutra&#8221; osvojila je 1. mjesto, kao najbolji pjesni\u010dki rad mladih pjesnika, [&hellip;]<\/p>\n","protected":false},"author":2,"featured_media":27220,"comment_status":"closed","ping_status":"closed","sticky":false,"template":"","format":"standard","meta":{"h5ap_radio_sources":[],"footnotes":""},"categories":[3],"tags":[],"class_list":["post-27197","post","type-post","status-publish","format-standard","has-post-thumbnail","hentry","category-ljubuski"],"yoast_head":"<!-- This site is optimized with the Yoast SEO plugin v27.5 - https:\/\/yoast.com\/product\/yoast-seo-wordpress\/ -->\n<title>Petra Barbir, Marta Herceg i Vita Grgi\u0107 pohvaljene za svoje likovne radove, pjesme i bajke - RADIO LJUBU\u0160KI<\/title>\n<meta name=\"robots\" content=\"index, follow, max-snippet:-1, max-image-preview:large, max-video-preview:-1\" \/>\n<link rel=\"canonical\" href=\"https:\/\/radioljubuski.ba\/index.php\/2021\/06\/01\/petra-barbir-nagradena-na-simicevim-susretima\/\" \/>\n<meta property=\"og:locale\" content=\"hr_HR\" \/>\n<meta property=\"og:type\" content=\"article\" \/>\n<meta property=\"og:title\" content=\"Petra Barbir, Marta Herceg i Vita Grgi\u0107 pohvaljene za svoje likovne radove, pjesme i bajke - RADIO LJUBU\u0160KI\" \/>\n<meta property=\"og:description\" content=\"Proteklog petka odr\u017eana je Knji\u017eevno \u2013 kulturna manifestacija 58. \u0160imi\u0107evi susreti. Pjesnici su srda\u010dno recitirali stihove povezane sa svojim knji\u017eevnim stvaranjem i sa \u0160imi\u0107evim knji\u017eevnim stvaranjem. Me\u0111u njima bila je i mlada u\u010denica O\u0160 Ivane Brli\u0107 Ma\u017eurani\u0107 Ljubu\u0161ki Petra Barbir, a njezina pjesma &#8220;Bolje sutra&#8221; osvojila je 1. mjesto, kao najbolji pjesni\u010dki rad mladih pjesnika, [&hellip;]\" \/>\n<meta property=\"og:url\" content=\"https:\/\/radioljubuski.ba\/index.php\/2021\/06\/01\/petra-barbir-nagradena-na-simicevim-susretima\/\" \/>\n<meta property=\"og:site_name\" content=\"RADIO LJUBU\u0160KI\" \/>\n<meta property=\"article:publisher\" content=\"https:\/\/www.facebook.com\/Radiio-Ljubuski-1490835324566332\" \/>\n<meta property=\"article:published_time\" content=\"2021-06-01T08:32:28+00:00\" \/>\n<meta property=\"article:modified_time\" content=\"2021-06-01T09:10:19+00:00\" \/>\n<meta property=\"og:image\" content=\"https:\/\/radioljubuski.ba\/wp-content\/uploads\/2021\/06\/nagrade.jpg\" \/>\n\t<meta property=\"og:image:width\" content=\"584\" \/>\n\t<meta property=\"og:image:height\" content=\"494\" \/>\n\t<meta property=\"og:image:type\" content=\"image\/jpeg\" \/>\n<meta name=\"author\" content=\"Radio Ljubu\u0161ki\" \/>\n<meta name=\"twitter:card\" content=\"summary_large_image\" \/>\n<meta name=\"twitter:creator\" content=\"@radioljubuski\" \/>\n<meta name=\"twitter:site\" content=\"@radioljubuski\" \/>\n<meta name=\"twitter:label1\" content=\"Napisao\/la\" \/>\n\t<meta name=\"twitter:data1\" content=\"Radio Ljubu\u0161ki\" \/>\n\t<meta name=\"twitter:label2\" content=\"Procijenjeno vrijeme \u010ditanja\" \/>\n\t<meta name=\"twitter:data2\" content=\"1 minuta\" \/>\n<script type=\"application\/ld+json\" class=\"yoast-schema-graph\">{\"@context\":\"https:\\\/\\\/schema.org\",\"@graph\":[{\"@type\":\"Article\",\"@id\":\"https:\\\/\\\/radioljubuski.ba\\\/index.php\\\/2021\\\/06\\\/01\\\/petra-barbir-nagradena-na-simicevim-susretima\\\/#article\",\"isPartOf\":{\"@id\":\"https:\\\/\\\/radioljubuski.ba\\\/index.php\\\/2021\\\/06\\\/01\\\/petra-barbir-nagradena-na-simicevim-susretima\\\/\"},\"author\":{\"name\":\"Radio Ljubu\u0161ki\",\"@id\":\"https:\\\/\\\/radioljubuski.ba\\\/#\\\/schema\\\/person\\\/19fc700381a780f69665d7956c469e3b\"},\"headline\":\"Petra Barbir, Marta Herceg i Vita Grgi\u0107 pohvaljene za svoje likovne radove, pjesme i bajke\",\"datePublished\":\"2021-06-01T08:32:28+00:00\",\"dateModified\":\"2021-06-01T09:10:19+00:00\",\"mainEntityOfPage\":{\"@id\":\"https:\\\/\\\/radioljubuski.ba\\\/index.php\\\/2021\\\/06\\\/01\\\/petra-barbir-nagradena-na-simicevim-susretima\\\/\"},\"wordCount\":182,\"publisher\":{\"@id\":\"https:\\\/\\\/radioljubuski.ba\\\/#organization\"},\"image\":{\"@id\":\"https:\\\/\\\/radioljubuski.ba\\\/index.php\\\/2021\\\/06\\\/01\\\/petra-barbir-nagradena-na-simicevim-susretima\\\/#primaryimage\"},\"thumbnailUrl\":\"https:\\\/\\\/radioljubuski.ba\\\/wp-content\\\/uploads\\\/2021\\\/06\\\/nagrade.jpg\",\"articleSection\":[\"Ljubu\u0161ki\"],\"inLanguage\":\"hr\"},{\"@type\":\"WebPage\",\"@id\":\"https:\\\/\\\/radioljubuski.ba\\\/index.php\\\/2021\\\/06\\\/01\\\/petra-barbir-nagradena-na-simicevim-susretima\\\/\",\"url\":\"https:\\\/\\\/radioljubuski.ba\\\/index.php\\\/2021\\\/06\\\/01\\\/petra-barbir-nagradena-na-simicevim-susretima\\\/\",\"name\":\"Petra Barbir, Marta Herceg i Vita Grgi\u0107 pohvaljene za svoje likovne radove, pjesme i bajke - RADIO LJUBU\u0160KI\",\"isPartOf\":{\"@id\":\"https:\\\/\\\/radioljubuski.ba\\\/#website\"},\"primaryImageOfPage\":{\"@id\":\"https:\\\/\\\/radioljubuski.ba\\\/index.php\\\/2021\\\/06\\\/01\\\/petra-barbir-nagradena-na-simicevim-susretima\\\/#primaryimage\"},\"image\":{\"@id\":\"https:\\\/\\\/radioljubuski.ba\\\/index.php\\\/2021\\\/06\\\/01\\\/petra-barbir-nagradena-na-simicevim-susretima\\\/#primaryimage\"},\"thumbnailUrl\":\"https:\\\/\\\/radioljubuski.ba\\\/wp-content\\\/uploads\\\/2021\\\/06\\\/nagrade.jpg\",\"datePublished\":\"2021-06-01T08:32:28+00:00\",\"dateModified\":\"2021-06-01T09:10:19+00:00\",\"breadcrumb\":{\"@id\":\"https:\\\/\\\/radioljubuski.ba\\\/index.php\\\/2021\\\/06\\\/01\\\/petra-barbir-nagradena-na-simicevim-susretima\\\/#breadcrumb\"},\"inLanguage\":\"hr\",\"potentialAction\":[{\"@type\":\"ReadAction\",\"target\":[\"https:\\\/\\\/radioljubuski.ba\\\/index.php\\\/2021\\\/06\\\/01\\\/petra-barbir-nagradena-na-simicevim-susretima\\\/\"]}]},{\"@type\":\"ImageObject\",\"inLanguage\":\"hr\",\"@id\":\"https:\\\/\\\/radioljubuski.ba\\\/index.php\\\/2021\\\/06\\\/01\\\/petra-barbir-nagradena-na-simicevim-susretima\\\/#primaryimage\",\"url\":\"https:\\\/\\\/radioljubuski.ba\\\/wp-content\\\/uploads\\\/2021\\\/06\\\/nagrade.jpg\",\"contentUrl\":\"https:\\\/\\\/radioljubuski.ba\\\/wp-content\\\/uploads\\\/2021\\\/06\\\/nagrade.jpg\",\"width\":584,\"height\":494},{\"@type\":\"BreadcrumbList\",\"@id\":\"https:\\\/\\\/radioljubuski.ba\\\/index.php\\\/2021\\\/06\\\/01\\\/petra-barbir-nagradena-na-simicevim-susretima\\\/#breadcrumb\",\"itemListElement\":[{\"@type\":\"ListItem\",\"position\":1,\"name\":\"Po\u010detna stranica\",\"item\":\"https:\\\/\\\/radioljubuski.ba\\\/\"},{\"@type\":\"ListItem\",\"position\":2,\"name\":\"Petra Barbir, Marta Herceg i Vita Grgi\u0107 pohvaljene za svoje likovne radove, pjesme i bajke\"}]},{\"@type\":\"WebSite\",\"@id\":\"https:\\\/\\\/radioljubuski.ba\\\/#website\",\"url\":\"https:\\\/\\\/radioljubuski.ba\\\/\",\"name\":\"Radio Ljubu\u0161ki\",\"description\":\"Sun\u010dana frekvencija Hercegovine\",\"publisher\":{\"@id\":\"https:\\\/\\\/radioljubuski.ba\\\/#organization\"},\"potentialAction\":[{\"@type\":\"SearchAction\",\"target\":{\"@type\":\"EntryPoint\",\"urlTemplate\":\"https:\\\/\\\/radioljubuski.ba\\\/?s={search_term_string}\"},\"query-input\":{\"@type\":\"PropertyValueSpecification\",\"valueRequired\":true,\"valueName\":\"search_term_string\"}}],\"inLanguage\":\"hr\"},{\"@type\":\"Organization\",\"@id\":\"https:\\\/\\\/radioljubuski.ba\\\/#organization\",\"name\":\"Radio Ljubu\u0161ki\",\"url\":\"https:\\\/\\\/radioljubuski.ba\\\/\",\"logo\":{\"@type\":\"ImageObject\",\"inLanguage\":\"hr\",\"@id\":\"https:\\\/\\\/radioljubuski.ba\\\/#\\\/schema\\\/logo\\\/image\\\/\",\"url\":\"https:\\\/\\\/radioljubuski.ba\\\/wp-content\\\/uploads\\\/2021\\\/02\\\/cropped-Radio_Ljubuski_logo1.jpg\",\"contentUrl\":\"https:\\\/\\\/radioljubuski.ba\\\/wp-content\\\/uploads\\\/2021\\\/02\\\/cropped-Radio_Ljubuski_logo1.jpg\",\"width\":512,\"height\":512,\"caption\":\"Radio Ljubu\u0161ki\"},\"image\":{\"@id\":\"https:\\\/\\\/radioljubuski.ba\\\/#\\\/schema\\\/logo\\\/image\\\/\"},\"sameAs\":[\"https:\\\/\\\/www.facebook.com\\\/Radiio-Ljubuski-1490835324566332\",\"https:\\\/\\\/x.com\\\/radioljubuski\",\"https:\\\/\\\/hr.linkedin.com\\\/company\\\/radio-ljubuski\",\"https:\\\/\\\/www.youtube.com\\\/channel\\\/UCHYaeO_n0Db3tjNGudGpXyw\"]},{\"@type\":\"Person\",\"@id\":\"https:\\\/\\\/radioljubuski.ba\\\/#\\\/schema\\\/person\\\/19fc700381a780f69665d7956c469e3b\",\"name\":\"Radio Ljubu\u0161ki\"}]}<\/script>\n<!-- \/ Yoast SEO plugin. -->","yoast_head_json":{"title":"Petra Barbir, Marta Herceg i Vita Grgi\u0107 pohvaljene za svoje likovne radove, pjesme i bajke - RADIO LJUBU\u0160KI","robots":{"index":"index","follow":"follow","max-snippet":"max-snippet:-1","max-image-preview":"max-image-preview:large","max-video-preview":"max-video-preview:-1"},"canonical":"https:\/\/radioljubuski.ba\/index.php\/2021\/06\/01\/petra-barbir-nagradena-na-simicevim-susretima\/","og_locale":"hr_HR","og_type":"article","og_title":"Petra Barbir, Marta Herceg i Vita Grgi\u0107 pohvaljene za svoje likovne radove, pjesme i bajke - RADIO LJUBU\u0160KI","og_description":"Proteklog petka odr\u017eana je Knji\u017eevno \u2013 kulturna manifestacija 58. \u0160imi\u0107evi susreti. Pjesnici su srda\u010dno recitirali stihove povezane sa svojim knji\u017eevnim stvaranjem i sa \u0160imi\u0107evim knji\u017eevnim stvaranjem. Me\u0111u njima bila je i mlada u\u010denica O\u0160 Ivane Brli\u0107 Ma\u017eurani\u0107 Ljubu\u0161ki Petra Barbir, a njezina pjesma &#8220;Bolje sutra&#8221; osvojila je 1. mjesto, kao najbolji pjesni\u010dki rad mladih pjesnika, [&hellip;]","og_url":"https:\/\/radioljubuski.ba\/index.php\/2021\/06\/01\/petra-barbir-nagradena-na-simicevim-susretima\/","og_site_name":"RADIO LJUBU\u0160KI","article_publisher":"https:\/\/www.facebook.com\/Radiio-Ljubuski-1490835324566332","article_published_time":"2021-06-01T08:32:28+00:00","article_modified_time":"2021-06-01T09:10:19+00:00","og_image":[{"width":584,"height":494,"url":"https:\/\/radioljubuski.ba\/wp-content\/uploads\/2021\/06\/nagrade.jpg","type":"image\/jpeg"}],"author":"Radio Ljubu\u0161ki","twitter_card":"summary_large_image","twitter_creator":"@radioljubuski","twitter_site":"@radioljubuski","twitter_misc":{"Napisao\/la":"Radio Ljubu\u0161ki","Procijenjeno vrijeme \u010ditanja":"1 minuta"},"schema":{"@context":"https:\/\/schema.org","@graph":[{"@type":"Article","@id":"https:\/\/radioljubuski.ba\/index.php\/2021\/06\/01\/petra-barbir-nagradena-na-simicevim-susretima\/#article","isPartOf":{"@id":"https:\/\/radioljubuski.ba\/index.php\/2021\/06\/01\/petra-barbir-nagradena-na-simicevim-susretima\/"},"author":{"name":"Radio Ljubu\u0161ki","@id":"https:\/\/radioljubuski.ba\/#\/schema\/person\/19fc700381a780f69665d7956c469e3b"},"headline":"Petra Barbir, Marta Herceg i Vita Grgi\u0107 pohvaljene za svoje likovne radove, pjesme i bajke","datePublished":"2021-06-01T08:32:28+00:00","dateModified":"2021-06-01T09:10:19+00:00","mainEntityOfPage":{"@id":"https:\/\/radioljubuski.ba\/index.php\/2021\/06\/01\/petra-barbir-nagradena-na-simicevim-susretima\/"},"wordCount":182,"publisher":{"@id":"https:\/\/radioljubuski.ba\/#organization"},"image":{"@id":"https:\/\/radioljubuski.ba\/index.php\/2021\/06\/01\/petra-barbir-nagradena-na-simicevim-susretima\/#primaryimage"},"thumbnailUrl":"https:\/\/radioljubuski.ba\/wp-content\/uploads\/2021\/06\/nagrade.jpg","articleSection":["Ljubu\u0161ki"],"inLanguage":"hr"},{"@type":"WebPage","@id":"https:\/\/radioljubuski.ba\/index.php\/2021\/06\/01\/petra-barbir-nagradena-na-simicevim-susretima\/","url":"https:\/\/radioljubuski.ba\/index.php\/2021\/06\/01\/petra-barbir-nagradena-na-simicevim-susretima\/","name":"Petra Barbir, Marta Herceg i Vita Grgi\u0107 pohvaljene za svoje likovne radove, pjesme i bajke - RADIO LJUBU\u0160KI","isPartOf":{"@id":"https:\/\/radioljubuski.ba\/#website"},"primaryImageOfPage":{"@id":"https:\/\/radioljubuski.ba\/index.php\/2021\/06\/01\/petra-barbir-nagradena-na-simicevim-susretima\/#primaryimage"},"image":{"@id":"https:\/\/radioljubuski.ba\/index.php\/2021\/06\/01\/petra-barbir-nagradena-na-simicevim-susretima\/#primaryimage"},"thumbnailUrl":"https:\/\/radioljubuski.ba\/wp-content\/uploads\/2021\/06\/nagrade.jpg","datePublished":"2021-06-01T08:32:28+00:00","dateModified":"2021-06-01T09:10:19+00:00","breadcrumb":{"@id":"https:\/\/radioljubuski.ba\/index.php\/2021\/06\/01\/petra-barbir-nagradena-na-simicevim-susretima\/#breadcrumb"},"inLanguage":"hr","potentialAction":[{"@type":"ReadAction","target":["https:\/\/radioljubuski.ba\/index.php\/2021\/06\/01\/petra-barbir-nagradena-na-simicevim-susretima\/"]}]},{"@type":"ImageObject","inLanguage":"hr","@id":"https:\/\/radioljubuski.ba\/index.php\/2021\/06\/01\/petra-barbir-nagradena-na-simicevim-susretima\/#primaryimage","url":"https:\/\/radioljubuski.ba\/wp-content\/uploads\/2021\/06\/nagrade.jpg","contentUrl":"https:\/\/radioljubuski.ba\/wp-content\/uploads\/2021\/06\/nagrade.jpg","width":584,"height":494},{"@type":"BreadcrumbList","@id":"https:\/\/radioljubuski.ba\/index.php\/2021\/06\/01\/petra-barbir-nagradena-na-simicevim-susretima\/#breadcrumb","itemListElement":[{"@type":"ListItem","position":1,"name":"Po\u010detna stranica","item":"https:\/\/radioljubuski.ba\/"},{"@type":"ListItem","position":2,"name":"Petra Barbir, Marta Herceg i Vita Grgi\u0107 pohvaljene za svoje likovne radove, pjesme i bajke"}]},{"@type":"WebSite","@id":"https:\/\/radioljubuski.ba\/#website","url":"https:\/\/radioljubuski.ba\/","name":"Radio Ljubu\u0161ki","description":"Sun\u010dana frekvencija Hercegovine","publisher":{"@id":"https:\/\/radioljubuski.ba\/#organization"},"potentialAction":[{"@type":"SearchAction","target":{"@type":"EntryPoint","urlTemplate":"https:\/\/radioljubuski.ba\/?s={search_term_string}"},"query-input":{"@type":"PropertyValueSpecification","valueRequired":true,"valueName":"search_term_string"}}],"inLanguage":"hr"},{"@type":"Organization","@id":"https:\/\/radioljubuski.ba\/#organization","name":"Radio Ljubu\u0161ki","url":"https:\/\/radioljubuski.ba\/","logo":{"@type":"ImageObject","inLanguage":"hr","@id":"https:\/\/radioljubuski.ba\/#\/schema\/logo\/image\/","url":"https:\/\/radioljubuski.ba\/wp-content\/uploads\/2021\/02\/cropped-Radio_Ljubuski_logo1.jpg","contentUrl":"https:\/\/radioljubuski.ba\/wp-content\/uploads\/2021\/02\/cropped-Radio_Ljubuski_logo1.jpg","width":512,"height":512,"caption":"Radio Ljubu\u0161ki"},"image":{"@id":"https:\/\/radioljubuski.ba\/#\/schema\/logo\/image\/"},"sameAs":["https:\/\/www.facebook.com\/Radiio-Ljubuski-1490835324566332","https:\/\/x.com\/radioljubuski","https:\/\/hr.linkedin.com\/company\/radio-ljubuski","https:\/\/www.youtube.com\/channel\/UCHYaeO_n0Db3tjNGudGpXyw"]},{"@type":"Person","@id":"https:\/\/radioljubuski.ba\/#\/schema\/person\/19fc700381a780f69665d7956c469e3b","name":"Radio Ljubu\u0161ki"}]}},"_links":{"self":[{"href":"https:\/\/radioljubuski.ba\/index.php\/wp-json\/wp\/v2\/posts\/27197","targetHints":{"allow":["GET"]}}],"collection":[{"href":"https:\/\/radioljubuski.ba\/index.php\/wp-json\/wp\/v2\/posts"}],"about":[{"href":"https:\/\/radioljubuski.ba\/index.php\/wp-json\/wp\/v2\/types\/post"}],"author":[{"embeddable":true,"href":"https:\/\/radioljubuski.ba\/index.php\/wp-json\/wp\/v2\/users\/2"}],"replies":[{"embeddable":true,"href":"https:\/\/radioljubuski.ba\/index.php\/wp-json\/wp\/v2\/comments?post=27197"}],"version-history":[{"count":3,"href":"https:\/\/radioljubuski.ba\/index.php\/wp-json\/wp\/v2\/posts\/27197\/revisions"}],"predecessor-version":[{"id":27223,"href":"https:\/\/radioljubuski.ba\/index.php\/wp-json\/wp\/v2\/posts\/27197\/revisions\/27223"}],"wp:featuredmedia":[{"embeddable":true,"href":"https:\/\/radioljubuski.ba\/index.php\/wp-json\/wp\/v2\/media\/27220"}],"wp:attachment":[{"href":"https:\/\/radioljubuski.ba\/index.php\/wp-json\/wp\/v2\/media?parent=27197"}],"wp:term":[{"taxonomy":"category","embeddable":true,"href":"https:\/\/radioljubuski.ba\/index.php\/wp-json\/wp\/v2\/categories?post=27197"},{"taxonomy":"post_tag","embeddable":true,"href":"https:\/\/radioljubuski.ba\/index.php\/wp-json\/wp\/v2\/tags?post=27197"}],"curies":[{"name":"wp","href":"https:\/\/api.w.org\/{rel}","templated":true}]}}