{"id":27215,"date":"2021-06-01T09:39:17","date_gmt":"2021-06-01T08:39:17","guid":{"rendered":"https:\/\/radioljubuski.ba\/?p=27215"},"modified":"2021-06-01T09:39:17","modified_gmt":"2021-06-01T08:39:17","slug":"ceste-fbih-promjene-u-dinamici-radova-omogucit-ce-neometan-promet-kroz-crnaju","status":"publish","type":"post","link":"https:\/\/radioljubuski.ba\/index.php\/2021\/06\/01\/ceste-fbih-promjene-u-dinamici-radova-omogucit-ce-neometan-promet-kroz-crnaju\/","title":{"rendered":"Ceste FBiH: Promjene u dinamici radova omogu\u0107it \u0107e neometan promet kroz Crnaju"},"content":{"rendered":"\n<p>Aktivnosti na rekonstrukciji tunela Crnaja odvijaju se br\u017ee od planiranog pa je Javno poduze\u0107e Ceste Federacije BiH zatra\u017eilo produ\u017eenje radova u tunelu Crnaja sa istim re\u017eimom do 30. lipnja, kako bi se od 1. srpnja omogu\u0107io dvosmjerni promet kroz tunel svakog dana od 5 do 20 sati.<\/p>\n\n\n\n<p>-Izvo\u0111a\u010di radova su nas uvjerili da do kraja lipnja, uz sada\u0161nji naizmjeni\u010dni re\u017eim prometa kroz tunel, mogu zavr\u0161iti betoniranje podno\u017enog svoda, gdje se zbog lo\u0161ih geolo\u0161kih uvjeta u srednjem dijelu tunela moralo raditi dodatno oja\u010danje sa mikrosipovima, \u0161to je uticalo na odgodu zavr\u0161etka ove faze radova. S druge strane, od 1. srpnja pustit \u0107emo potpuno, zna\u010di dvosmjerno, promet kroz tunel svakog dana od 5 do 20 sati, \u010dime \u0107e se sprije\u010diti zadr\u017eavanje i zastoji pred tunelom ne samo u klju\u010dnim mjesecima turisti\u010dke sezone, kada se i o\u010dekuje najve\u0107i promet na ovoj magistralnoj cesti, ve\u0107 i nakon tog vremena, poja\u0161njava direktor Cesta Federacije BiH Ljubo Pravdi\u0107.<\/p>\n\n\n\n<p>Od 1. srpnja, samo u razdoblju od 20 sati nave\u010der do 5 ujutro promet bi se kroz tunel odvijao jednom trakom naizmjeni\u010dno, kako bi se izvodili preostali radovi na rekonstrukciji tunela. Ovakav, br\u017ei re\u017eim prometa kroz tunel zadr\u017eao bi se sve do zavr\u0161etka radova, odnosno do izgradnje kratkih mostova prije tunela sa obje strane.<\/p>\n\n\n\n<p>-Smatramo da je ovo dobra informacija za sve koji koriste ovaj putni pravac, jer zna\u010di da nakon 30. lipnja vi\u0161e uop\u0107e ne\u0107e biti ograni\u010denja prometa u dnevnim satima. Prvobitno je bilo planirano da se naizmjeni\u010dni re\u017eim prometa vrati nakon ljetnih mjeseci. Produ\u017eetkom trenutnih radova do kraja lipnja, omogu\u0107it \u0107emo nesmetan promet i u ostatku perioda do zavr\u0161etka rekonstrukcije tunela, isti\u010de Pravdi\u0107.<\/p>\n\n\n\n<p>Izvor:pogled.ba<\/p>\n","protected":false},"excerpt":{"rendered":"<p>Aktivnosti na rekonstrukciji tunela Crnaja odvijaju se br\u017ee od planiranog pa je Javno poduze\u0107e Ceste Federacije BiH zatra\u017eilo produ\u017eenje radova u tunelu Crnaja sa istim re\u017eimom do 30. lipnja, kako bi se od 1. srpnja omogu\u0107io dvosmjerni promet kroz tunel svakog dana od 5 do 20 sati. -Izvo\u0111a\u010di radova su nas uvjerili da do kraja [&hellip;]<\/p>\n","protected":false},"author":2,"featured_media":27182,"comment_status":"closed","ping_status":"closed","sticky":false,"template":"","format":"standard","meta":{"h5ap_radio_sources":[],"footnotes":""},"categories":[1],"tags":[],"class_list":["post-27215","post","type-post","status-publish","format-standard","has-post-thumbnail","hentry","category-bihiregija"],"yoast_head":"<!-- This site is optimized with the Yoast SEO plugin v27.5 - https:\/\/yoast.com\/product\/yoast-seo-wordpress\/ -->\n<title>Ceste FBiH: Promjene u dinamici radova omogu\u0107it \u0107e neometan promet kroz Crnaju - RADIO LJUBU\u0160KI<\/title>\n<meta name=\"robots\" content=\"index, follow, max-snippet:-1, max-image-preview:large, max-video-preview:-1\" \/>\n<link rel=\"canonical\" href=\"https:\/\/radioljubuski.ba\/index.php\/2021\/06\/01\/ceste-fbih-promjene-u-dinamici-radova-omogucit-ce-neometan-promet-kroz-crnaju\/\" \/>\n<meta property=\"og:locale\" content=\"hr_HR\" \/>\n<meta property=\"og:type\" content=\"article\" \/>\n<meta property=\"og:title\" content=\"Ceste FBiH: Promjene u dinamici radova omogu\u0107it \u0107e neometan promet kroz Crnaju - RADIO LJUBU\u0160KI\" \/>\n<meta property=\"og:description\" content=\"Aktivnosti na rekonstrukciji tunela Crnaja odvijaju se br\u017ee od planiranog pa je Javno poduze\u0107e Ceste Federacije BiH zatra\u017eilo produ\u017eenje radova u tunelu Crnaja sa istim re\u017eimom do 30. lipnja, kako bi se od 1. srpnja omogu\u0107io dvosmjerni promet kroz tunel svakog dana od 5 do 20 sati. -Izvo\u0111a\u010di radova su nas uvjerili da do kraja [&hellip;]\" \/>\n<meta property=\"og:url\" content=\"https:\/\/radioljubuski.ba\/index.php\/2021\/06\/01\/ceste-fbih-promjene-u-dinamici-radova-omogucit-ce-neometan-promet-kroz-crnaju\/\" \/>\n<meta property=\"og:site_name\" content=\"RADIO LJUBU\u0160KI\" \/>\n<meta property=\"article:publisher\" content=\"https:\/\/www.facebook.com\/Radiio-Ljubuski-1490835324566332\" \/>\n<meta property=\"article:published_time\" content=\"2021-06-01T08:39:17+00:00\" \/>\n<meta property=\"og:image\" content=\"https:\/\/radioljubuski.ba\/wp-content\/uploads\/2021\/06\/2-2021-05-31-16-00-20-tunel_crnaja_04042021_rj.jpg\" \/>\n\t<meta property=\"og:image:width\" content=\"1000\" \/>\n\t<meta property=\"og:image:height\" content=\"625\" \/>\n\t<meta property=\"og:image:type\" content=\"image\/jpeg\" \/>\n<meta name=\"author\" content=\"Radio Ljubu\u0161ki\" \/>\n<meta name=\"twitter:card\" content=\"summary_large_image\" \/>\n<meta name=\"twitter:creator\" content=\"@radioljubuski\" \/>\n<meta name=\"twitter:site\" content=\"@radioljubuski\" \/>\n<meta name=\"twitter:label1\" content=\"Napisao\/la\" \/>\n\t<meta name=\"twitter:data1\" content=\"Radio Ljubu\u0161ki\" \/>\n\t<meta name=\"twitter:label2\" content=\"Procijenjeno vrijeme \u010ditanja\" \/>\n\t<meta name=\"twitter:data2\" content=\"2 minute\" \/>\n<script type=\"application\/ld+json\" class=\"yoast-schema-graph\">{\"@context\":\"https:\\\/\\\/schema.org\",\"@graph\":[{\"@type\":\"Article\",\"@id\":\"https:\\\/\\\/radioljubuski.ba\\\/index.php\\\/2021\\\/06\\\/01\\\/ceste-fbih-promjene-u-dinamici-radova-omogucit-ce-neometan-promet-kroz-crnaju\\\/#article\",\"isPartOf\":{\"@id\":\"https:\\\/\\\/radioljubuski.ba\\\/index.php\\\/2021\\\/06\\\/01\\\/ceste-fbih-promjene-u-dinamici-radova-omogucit-ce-neometan-promet-kroz-crnaju\\\/\"},\"author\":{\"name\":\"Radio Ljubu\u0161ki\",\"@id\":\"https:\\\/\\\/radioljubuski.ba\\\/#\\\/schema\\\/person\\\/19fc700381a780f69665d7956c469e3b\"},\"headline\":\"Ceste FBiH: Promjene u dinamici radova omogu\u0107it \u0107e neometan promet kroz Crnaju\",\"datePublished\":\"2021-06-01T08:39:17+00:00\",\"mainEntityOfPage\":{\"@id\":\"https:\\\/\\\/radioljubuski.ba\\\/index.php\\\/2021\\\/06\\\/01\\\/ceste-fbih-promjene-u-dinamici-radova-omogucit-ce-neometan-promet-kroz-crnaju\\\/\"},\"wordCount\":314,\"publisher\":{\"@id\":\"https:\\\/\\\/radioljubuski.ba\\\/#organization\"},\"image\":{\"@id\":\"https:\\\/\\\/radioljubuski.ba\\\/index.php\\\/2021\\\/06\\\/01\\\/ceste-fbih-promjene-u-dinamici-radova-omogucit-ce-neometan-promet-kroz-crnaju\\\/#primaryimage\"},\"thumbnailUrl\":\"https:\\\/\\\/radioljubuski.ba\\\/wp-content\\\/uploads\\\/2021\\\/06\\\/2-2021-05-31-16-00-20-tunel_crnaja_04042021_rj.jpg\",\"articleSection\":[\"BIH i regija\"],\"inLanguage\":\"hr\"},{\"@type\":\"WebPage\",\"@id\":\"https:\\\/\\\/radioljubuski.ba\\\/index.php\\\/2021\\\/06\\\/01\\\/ceste-fbih-promjene-u-dinamici-radova-omogucit-ce-neometan-promet-kroz-crnaju\\\/\",\"url\":\"https:\\\/\\\/radioljubuski.ba\\\/index.php\\\/2021\\\/06\\\/01\\\/ceste-fbih-promjene-u-dinamici-radova-omogucit-ce-neometan-promet-kroz-crnaju\\\/\",\"name\":\"Ceste FBiH: Promjene u dinamici radova omogu\u0107it \u0107e neometan promet kroz Crnaju - RADIO LJUBU\u0160KI\",\"isPartOf\":{\"@id\":\"https:\\\/\\\/radioljubuski.ba\\\/#website\"},\"primaryImageOfPage\":{\"@id\":\"https:\\\/\\\/radioljubuski.ba\\\/index.php\\\/2021\\\/06\\\/01\\\/ceste-fbih-promjene-u-dinamici-radova-omogucit-ce-neometan-promet-kroz-crnaju\\\/#primaryimage\"},\"image\":{\"@id\":\"https:\\\/\\\/radioljubuski.ba\\\/index.php\\\/2021\\\/06\\\/01\\\/ceste-fbih-promjene-u-dinamici-radova-omogucit-ce-neometan-promet-kroz-crnaju\\\/#primaryimage\"},\"thumbnailUrl\":\"https:\\\/\\\/radioljubuski.ba\\\/wp-content\\\/uploads\\\/2021\\\/06\\\/2-2021-05-31-16-00-20-tunel_crnaja_04042021_rj.jpg\",\"datePublished\":\"2021-06-01T08:39:17+00:00\",\"breadcrumb\":{\"@id\":\"https:\\\/\\\/radioljubuski.ba\\\/index.php\\\/2021\\\/06\\\/01\\\/ceste-fbih-promjene-u-dinamici-radova-omogucit-ce-neometan-promet-kroz-crnaju\\\/#breadcrumb\"},\"inLanguage\":\"hr\",\"potentialAction\":[{\"@type\":\"ReadAction\",\"target\":[\"https:\\\/\\\/radioljubuski.ba\\\/index.php\\\/2021\\\/06\\\/01\\\/ceste-fbih-promjene-u-dinamici-radova-omogucit-ce-neometan-promet-kroz-crnaju\\\/\"]}]},{\"@type\":\"ImageObject\",\"inLanguage\":\"hr\",\"@id\":\"https:\\\/\\\/radioljubuski.ba\\\/index.php\\\/2021\\\/06\\\/01\\\/ceste-fbih-promjene-u-dinamici-radova-omogucit-ce-neometan-promet-kroz-crnaju\\\/#primaryimage\",\"url\":\"https:\\\/\\\/radioljubuski.ba\\\/wp-content\\\/uploads\\\/2021\\\/06\\\/2-2021-05-31-16-00-20-tunel_crnaja_04042021_rj.jpg\",\"contentUrl\":\"https:\\\/\\\/radioljubuski.ba\\\/wp-content\\\/uploads\\\/2021\\\/06\\\/2-2021-05-31-16-00-20-tunel_crnaja_04042021_rj.jpg\",\"width\":1000,\"height\":625},{\"@type\":\"BreadcrumbList\",\"@id\":\"https:\\\/\\\/radioljubuski.ba\\\/index.php\\\/2021\\\/06\\\/01\\\/ceste-fbih-promjene-u-dinamici-radova-omogucit-ce-neometan-promet-kroz-crnaju\\\/#breadcrumb\",\"itemListElement\":[{\"@type\":\"ListItem\",\"position\":1,\"name\":\"Po\u010detna stranica\",\"item\":\"https:\\\/\\\/radioljubuski.ba\\\/\"},{\"@type\":\"ListItem\",\"position\":2,\"name\":\"Ceste FBiH: Promjene u dinamici radova omogu\u0107it \u0107e neometan promet kroz Crnaju\"}]},{\"@type\":\"WebSite\",\"@id\":\"https:\\\/\\\/radioljubuski.ba\\\/#website\",\"url\":\"https:\\\/\\\/radioljubuski.ba\\\/\",\"name\":\"Radio Ljubu\u0161ki\",\"description\":\"Sun\u010dana frekvencija Hercegovine\",\"publisher\":{\"@id\":\"https:\\\/\\\/radioljubuski.ba\\\/#organization\"},\"potentialAction\":[{\"@type\":\"SearchAction\",\"target\":{\"@type\":\"EntryPoint\",\"urlTemplate\":\"https:\\\/\\\/radioljubuski.ba\\\/?s={search_term_string}\"},\"query-input\":{\"@type\":\"PropertyValueSpecification\",\"valueRequired\":true,\"valueName\":\"search_term_string\"}}],\"inLanguage\":\"hr\"},{\"@type\":\"Organization\",\"@id\":\"https:\\\/\\\/radioljubuski.ba\\\/#organization\",\"name\":\"Radio Ljubu\u0161ki\",\"url\":\"https:\\\/\\\/radioljubuski.ba\\\/\",\"logo\":{\"@type\":\"ImageObject\",\"inLanguage\":\"hr\",\"@id\":\"https:\\\/\\\/radioljubuski.ba\\\/#\\\/schema\\\/logo\\\/image\\\/\",\"url\":\"https:\\\/\\\/radioljubuski.ba\\\/wp-content\\\/uploads\\\/2021\\\/02\\\/cropped-Radio_Ljubuski_logo1.jpg\",\"contentUrl\":\"https:\\\/\\\/radioljubuski.ba\\\/wp-content\\\/uploads\\\/2021\\\/02\\\/cropped-Radio_Ljubuski_logo1.jpg\",\"width\":512,\"height\":512,\"caption\":\"Radio Ljubu\u0161ki\"},\"image\":{\"@id\":\"https:\\\/\\\/radioljubuski.ba\\\/#\\\/schema\\\/logo\\\/image\\\/\"},\"sameAs\":[\"https:\\\/\\\/www.facebook.com\\\/Radiio-Ljubuski-1490835324566332\",\"https:\\\/\\\/x.com\\\/radioljubuski\",\"https:\\\/\\\/hr.linkedin.com\\\/company\\\/radio-ljubuski\",\"https:\\\/\\\/www.youtube.com\\\/channel\\\/UCHYaeO_n0Db3tjNGudGpXyw\"]},{\"@type\":\"Person\",\"@id\":\"https:\\\/\\\/radioljubuski.ba\\\/#\\\/schema\\\/person\\\/19fc700381a780f69665d7956c469e3b\",\"name\":\"Radio Ljubu\u0161ki\"}]}<\/script>\n<!-- \/ Yoast SEO plugin. -->","yoast_head_json":{"title":"Ceste FBiH: Promjene u dinamici radova omogu\u0107it \u0107e neometan promet kroz Crnaju - RADIO LJUBU\u0160KI","robots":{"index":"index","follow":"follow","max-snippet":"max-snippet:-1","max-image-preview":"max-image-preview:large","max-video-preview":"max-video-preview:-1"},"canonical":"https:\/\/radioljubuski.ba\/index.php\/2021\/06\/01\/ceste-fbih-promjene-u-dinamici-radova-omogucit-ce-neometan-promet-kroz-crnaju\/","og_locale":"hr_HR","og_type":"article","og_title":"Ceste FBiH: Promjene u dinamici radova omogu\u0107it \u0107e neometan promet kroz Crnaju - RADIO LJUBU\u0160KI","og_description":"Aktivnosti na rekonstrukciji tunela Crnaja odvijaju se br\u017ee od planiranog pa je Javno poduze\u0107e Ceste Federacije BiH zatra\u017eilo produ\u017eenje radova u tunelu Crnaja sa istim re\u017eimom do 30. lipnja, kako bi se od 1. srpnja omogu\u0107io dvosmjerni promet kroz tunel svakog dana od 5 do 20 sati. -Izvo\u0111a\u010di radova su nas uvjerili da do kraja [&hellip;]","og_url":"https:\/\/radioljubuski.ba\/index.php\/2021\/06\/01\/ceste-fbih-promjene-u-dinamici-radova-omogucit-ce-neometan-promet-kroz-crnaju\/","og_site_name":"RADIO LJUBU\u0160KI","article_publisher":"https:\/\/www.facebook.com\/Radiio-Ljubuski-1490835324566332","article_published_time":"2021-06-01T08:39:17+00:00","og_image":[{"width":1000,"height":625,"url":"https:\/\/radioljubuski.ba\/wp-content\/uploads\/2021\/06\/2-2021-05-31-16-00-20-tunel_crnaja_04042021_rj.jpg","type":"image\/jpeg"}],"author":"Radio Ljubu\u0161ki","twitter_card":"summary_large_image","twitter_creator":"@radioljubuski","twitter_site":"@radioljubuski","twitter_misc":{"Napisao\/la":"Radio Ljubu\u0161ki","Procijenjeno vrijeme \u010ditanja":"2 minute"},"schema":{"@context":"https:\/\/schema.org","@graph":[{"@type":"Article","@id":"https:\/\/radioljubuski.ba\/index.php\/2021\/06\/01\/ceste-fbih-promjene-u-dinamici-radova-omogucit-ce-neometan-promet-kroz-crnaju\/#article","isPartOf":{"@id":"https:\/\/radioljubuski.ba\/index.php\/2021\/06\/01\/ceste-fbih-promjene-u-dinamici-radova-omogucit-ce-neometan-promet-kroz-crnaju\/"},"author":{"name":"Radio Ljubu\u0161ki","@id":"https:\/\/radioljubuski.ba\/#\/schema\/person\/19fc700381a780f69665d7956c469e3b"},"headline":"Ceste FBiH: Promjene u dinamici radova omogu\u0107it \u0107e neometan promet kroz Crnaju","datePublished":"2021-06-01T08:39:17+00:00","mainEntityOfPage":{"@id":"https:\/\/radioljubuski.ba\/index.php\/2021\/06\/01\/ceste-fbih-promjene-u-dinamici-radova-omogucit-ce-neometan-promet-kroz-crnaju\/"},"wordCount":314,"publisher":{"@id":"https:\/\/radioljubuski.ba\/#organization"},"image":{"@id":"https:\/\/radioljubuski.ba\/index.php\/2021\/06\/01\/ceste-fbih-promjene-u-dinamici-radova-omogucit-ce-neometan-promet-kroz-crnaju\/#primaryimage"},"thumbnailUrl":"https:\/\/radioljubuski.ba\/wp-content\/uploads\/2021\/06\/2-2021-05-31-16-00-20-tunel_crnaja_04042021_rj.jpg","articleSection":["BIH i regija"],"inLanguage":"hr"},{"@type":"WebPage","@id":"https:\/\/radioljubuski.ba\/index.php\/2021\/06\/01\/ceste-fbih-promjene-u-dinamici-radova-omogucit-ce-neometan-promet-kroz-crnaju\/","url":"https:\/\/radioljubuski.ba\/index.php\/2021\/06\/01\/ceste-fbih-promjene-u-dinamici-radova-omogucit-ce-neometan-promet-kroz-crnaju\/","name":"Ceste FBiH: Promjene u dinamici radova omogu\u0107it \u0107e neometan promet kroz Crnaju - RADIO LJUBU\u0160KI","isPartOf":{"@id":"https:\/\/radioljubuski.ba\/#website"},"primaryImageOfPage":{"@id":"https:\/\/radioljubuski.ba\/index.php\/2021\/06\/01\/ceste-fbih-promjene-u-dinamici-radova-omogucit-ce-neometan-promet-kroz-crnaju\/#primaryimage"},"image":{"@id":"https:\/\/radioljubuski.ba\/index.php\/2021\/06\/01\/ceste-fbih-promjene-u-dinamici-radova-omogucit-ce-neometan-promet-kroz-crnaju\/#primaryimage"},"thumbnailUrl":"https:\/\/radioljubuski.ba\/wp-content\/uploads\/2021\/06\/2-2021-05-31-16-00-20-tunel_crnaja_04042021_rj.jpg","datePublished":"2021-06-01T08:39:17+00:00","breadcrumb":{"@id":"https:\/\/radioljubuski.ba\/index.php\/2021\/06\/01\/ceste-fbih-promjene-u-dinamici-radova-omogucit-ce-neometan-promet-kroz-crnaju\/#breadcrumb"},"inLanguage":"hr","potentialAction":[{"@type":"ReadAction","target":["https:\/\/radioljubuski.ba\/index.php\/2021\/06\/01\/ceste-fbih-promjene-u-dinamici-radova-omogucit-ce-neometan-promet-kroz-crnaju\/"]}]},{"@type":"ImageObject","inLanguage":"hr","@id":"https:\/\/radioljubuski.ba\/index.php\/2021\/06\/01\/ceste-fbih-promjene-u-dinamici-radova-omogucit-ce-neometan-promet-kroz-crnaju\/#primaryimage","url":"https:\/\/radioljubuski.ba\/wp-content\/uploads\/2021\/06\/2-2021-05-31-16-00-20-tunel_crnaja_04042021_rj.jpg","contentUrl":"https:\/\/radioljubuski.ba\/wp-content\/uploads\/2021\/06\/2-2021-05-31-16-00-20-tunel_crnaja_04042021_rj.jpg","width":1000,"height":625},{"@type":"BreadcrumbList","@id":"https:\/\/radioljubuski.ba\/index.php\/2021\/06\/01\/ceste-fbih-promjene-u-dinamici-radova-omogucit-ce-neometan-promet-kroz-crnaju\/#breadcrumb","itemListElement":[{"@type":"ListItem","position":1,"name":"Po\u010detna stranica","item":"https:\/\/radioljubuski.ba\/"},{"@type":"ListItem","position":2,"name":"Ceste FBiH: Promjene u dinamici radova omogu\u0107it \u0107e neometan promet kroz Crnaju"}]},{"@type":"WebSite","@id":"https:\/\/radioljubuski.ba\/#website","url":"https:\/\/radioljubuski.ba\/","name":"Radio Ljubu\u0161ki","description":"Sun\u010dana frekvencija Hercegovine","publisher":{"@id":"https:\/\/radioljubuski.ba\/#organization"},"potentialAction":[{"@type":"SearchAction","target":{"@type":"EntryPoint","urlTemplate":"https:\/\/radioljubuski.ba\/?s={search_term_string}"},"query-input":{"@type":"PropertyValueSpecification","valueRequired":true,"valueName":"search_term_string"}}],"inLanguage":"hr"},{"@type":"Organization","@id":"https:\/\/radioljubuski.ba\/#organization","name":"Radio Ljubu\u0161ki","url":"https:\/\/radioljubuski.ba\/","logo":{"@type":"ImageObject","inLanguage":"hr","@id":"https:\/\/radioljubuski.ba\/#\/schema\/logo\/image\/","url":"https:\/\/radioljubuski.ba\/wp-content\/uploads\/2021\/02\/cropped-Radio_Ljubuski_logo1.jpg","contentUrl":"https:\/\/radioljubuski.ba\/wp-content\/uploads\/2021\/02\/cropped-Radio_Ljubuski_logo1.jpg","width":512,"height":512,"caption":"Radio Ljubu\u0161ki"},"image":{"@id":"https:\/\/radioljubuski.ba\/#\/schema\/logo\/image\/"},"sameAs":["https:\/\/www.facebook.com\/Radiio-Ljubuski-1490835324566332","https:\/\/x.com\/radioljubuski","https:\/\/hr.linkedin.com\/company\/radio-ljubuski","https:\/\/www.youtube.com\/channel\/UCHYaeO_n0Db3tjNGudGpXyw"]},{"@type":"Person","@id":"https:\/\/radioljubuski.ba\/#\/schema\/person\/19fc700381a780f69665d7956c469e3b","name":"Radio Ljubu\u0161ki"}]}},"_links":{"self":[{"href":"https:\/\/radioljubuski.ba\/index.php\/wp-json\/wp\/v2\/posts\/27215","targetHints":{"allow":["GET"]}}],"collection":[{"href":"https:\/\/radioljubuski.ba\/index.php\/wp-json\/wp\/v2\/posts"}],"about":[{"href":"https:\/\/radioljubuski.ba\/index.php\/wp-json\/wp\/v2\/types\/post"}],"author":[{"embeddable":true,"href":"https:\/\/radioljubuski.ba\/index.php\/wp-json\/wp\/v2\/users\/2"}],"replies":[{"embeddable":true,"href":"https:\/\/radioljubuski.ba\/index.php\/wp-json\/wp\/v2\/comments?post=27215"}],"version-history":[{"count":1,"href":"https:\/\/radioljubuski.ba\/index.php\/wp-json\/wp\/v2\/posts\/27215\/revisions"}],"predecessor-version":[{"id":27216,"href":"https:\/\/radioljubuski.ba\/index.php\/wp-json\/wp\/v2\/posts\/27215\/revisions\/27216"}],"wp:featuredmedia":[{"embeddable":true,"href":"https:\/\/radioljubuski.ba\/index.php\/wp-json\/wp\/v2\/media\/27182"}],"wp:attachment":[{"href":"https:\/\/radioljubuski.ba\/index.php\/wp-json\/wp\/v2\/media?parent=27215"}],"wp:term":[{"taxonomy":"category","embeddable":true,"href":"https:\/\/radioljubuski.ba\/index.php\/wp-json\/wp\/v2\/categories?post=27215"},{"taxonomy":"post_tag","embeddable":true,"href":"https:\/\/radioljubuski.ba\/index.php\/wp-json\/wp\/v2\/tags?post=27215"}],"curies":[{"name":"wp","href":"https:\/\/api.w.org\/{rel}","templated":true}]}}