{"id":27352,"date":"2021-06-01T12:27:22","date_gmt":"2021-06-01T11:27:22","guid":{"rendered":"https:\/\/radioljubuski.ba\/?p=27352"},"modified":"2021-06-01T12:27:24","modified_gmt":"2021-06-01T11:27:24","slug":"hrvatska-pocela-izdavati-digitalne-covid-potvrde-izdano-ih-13-000","status":"publish","type":"post","link":"https:\/\/radioljubuski.ba\/index.php\/2021\/06\/01\/hrvatska-pocela-izdavati-digitalne-covid-potvrde-izdano-ih-13-000\/","title":{"rendered":"Hrvatska po\u010dela izdavati digitalne COVID potvrde, izdano ih 13.000"},"content":{"rendered":"\n<p>Od danas bi prelazak dr\u017eavnih granica trebao biti br\u017ei i jednostavniji &#8211; po\u010delo je izdavanje digitalnih COVID potvrda u na\u0161oj zemlji. One \u0107e vrijediti u \u010dlanicama Europske unije s kojima su sklopljeni bilateralni sporazumi.<\/p>\n\n\n\n<p>COVID-potvrdu mogu dobiti oni koji su cijepljeni jednom ili dvije doze cjepiva, koji su preboljeli koronavirus ili oni koji imaju negativan tekst. Potvrda mo\u017ee biti u papirnatom ili digitalnom obliku. Osim \u0161to \u0107e olak\u0161ati kretanje gra\u0111ana, ova potvrda mo\u0107i \u0107e poslu\u017eiti i u druge svrhe u skladu s odlukama Sto\u017eera.<\/p>\n\n\n\n<p><strong>Kristina Leko Ku\u0161trak<\/strong>, direktorica IT sektora AKD-a, rekla je u podnevnom HTV-ovom Dnevniku kako je od 8 ujutro izdano preko 13.000 potvrda. Rekla je da gra\u0111ani do potvrde mogu do\u0107i putem stranice <a href=\"https:\/\/vijesti.hrt.hr\/hrvatska\/www.EUdigitalnaCOVIDpotvrda.hr\" target=\"_blank\" rel=\"noreferrer noopener\"><strong>www.EUdigitalnaCOVIDpotvrda.hr<\/strong><\/a> koja vodi na e-Gra\u0111ani ili u poslovnicama HZZO-a. Istaknula je kako su potvrde besplatne te da nema ograni\u010denja koli\u010dine potvrda koje gra\u0111ani sebi mogu izvaditi.<\/p>\n\n\n\n<p>&#8211; Prijava putem sustava e-Gra\u0111ani iznimno je jednostavna. Gra\u0111ani moraju imati samo vjerodajnicu druge ili tre\u0107e razine, nije potrebna nikakva dodatna dokumentacija. Na e-Gra\u0111anima, nakon \u0161to se pro\u0111e procedura prijave, automatski se pristupa sustavu, gdje se vrlo jednostavno mo\u017ee podnijeti zahtjev za novom COVID-potvrdom, rekla je Leko Ku\u0161trak.<\/p>\n\n\n\n<p>&#8211; Na granicama su potvrde ve\u0107 za\u017eivjele. Od dana\u0161njeg dana svi gra\u0111ani Europske unije koji posjeduju digitalnu COVID-potvrdu s istom mogu tako\u0111er prolaziti grani\u010dne prijelaze, tako i u Republici Hrvatskoj, navela je.<\/p>\n\n\n\n<div style=\"width: 640px;\" class=\"wp-video\"><video class=\"wp-video-shortcode\" id=\"video-27352-1\" width=\"640\" height=\"360\" preload=\"metadata\" controls=\"controls\"><source type=\"video\/mp4\" src=\"https:\/\/api.hrt.hr\/media\/d5\/1a\/tvd1-duplex-korona-putovnice-20210601103208.mp4?_=1\" \/><a href=\"https:\/\/api.hrt.hr\/media\/d5\/1a\/tvd1-duplex-korona-putovnice-20210601103208.mp4\">https:\/\/api.hrt.hr\/media\/d5\/1a\/tvd1-duplex-korona-putovnice-20210601103208.mp4<\/a><\/video><\/div>\n\n\n\n<p>Potvrdu mogu dobiti gra\u0111ani cijepljeni cjepivom protiv bolesti COVID-19 koje je odobrio HALMED, zatim oni koji imaju negativan nalaz PCR testa ili brzog antigenskog testa te oni koji su preboljeli COVID-19 11. dana od datuma prvog pozitivnog PCR testa.<\/p>\n\n\n\n<p><br>Potvrdu koju preuzmete putem portala e-Gra\u0111ani mo\u017eete spremiti na ra\u010dunalo, isprintati ili poslati putem elektroni\u010dke po\u0161te na svoju e-mail adresu.&nbsp;<br><br>EU digitalna COVID potvrda sadr\u017eava QR k\u00f4d s digitalnim potpisom radi za\u0161tite od krivotvorenja, koji se temelji na ICAO PKI specifikacijama. Pri provjeri potvrde skenira se QR k\u00f4d i provjerava digitalni potpis.<br><br>EU digitalna COVID potvrda kojom se potvr\u0111uje da je osoba testirana ili da je preboljela COVID-19 izdaje se i maloljetnim osobama, dok se EU digitalna COVID potvrda kojom se potvr\u0111uje da je osoba cijepljena izdaje isklju\u010divo gra\u0111anima u dobi od 18 godina i starijima.<br><br>Vi\u0161e informacija dostupno je na stranici <a href=\"https:\/\/vijesti.hrt.hr\/hrvatska\/www.EUdigitalnaCOVIDpotvrda.hr\" target=\"_blank\" rel=\"noreferrer noopener\"><strong>www.EUdigitalnaCOVIDpotvrda.hr<\/strong><\/a>.<\/p>\n\n\n\n<p><strong>Nastavlja se pad broja novozara\u017eenih<\/strong><br><br>Nastavlja padati broj novozara\u017eenih koronavirusom u na\u0161oj zemlji. Ju\u010der smo imali najmanje novih slu\u010dajeva zaraze od kolovoza pro\u0161le godine &#8211; 40. Preminulo je jo\u0161 12 osoba. Ohrabruje i rast broja cijepljenih &#8211; obje doze dosad je primilo gotovo 480 tisu\u0107a gra\u0111ana.<\/p>\n\n\n\n<p>Izvor:hrt.hr<\/p>\n","protected":false},"excerpt":{"rendered":"<p>Od danas bi prelazak dr\u017eavnih granica trebao biti br\u017ei i jednostavniji &#8211; po\u010delo je izdavanje digitalnih COVID potvrda u na\u0161oj zemlji. One \u0107e vrijediti u \u010dlanicama Europske unije s kojima su sklopljeni bilateralni sporazumi. COVID-potvrdu mogu dobiti oni koji su cijepljeni jednom ili dvije doze cjepiva, koji su preboljeli koronavirus ili oni koji imaju negativan [&hellip;]<\/p>\n","protected":false},"author":2,"featured_media":27353,"comment_status":"closed","ping_status":"closed","sticky":false,"template":"","format":"standard","meta":{"h5ap_radio_sources":[],"footnotes":""},"categories":[1],"tags":[],"class_list":["post-27352","post","type-post","status-publish","format-standard","has-post-thumbnail","hentry","category-bihiregija"],"yoast_head":"<!-- This site is optimized with the Yoast SEO plugin v27.5 - https:\/\/yoast.com\/product\/yoast-seo-wordpress\/ -->\n<title>Hrvatska po\u010dela izdavati digitalne COVID potvrde, izdano ih 13.000 - RADIO LJUBU\u0160KI<\/title>\n<meta name=\"robots\" content=\"index, follow, max-snippet:-1, max-image-preview:large, max-video-preview:-1\" \/>\n<link rel=\"canonical\" href=\"https:\/\/radioljubuski.ba\/index.php\/2021\/06\/01\/hrvatska-pocela-izdavati-digitalne-covid-potvrde-izdano-ih-13-000\/\" \/>\n<meta property=\"og:locale\" content=\"hr_HR\" \/>\n<meta property=\"og:type\" content=\"article\" \/>\n<meta property=\"og:title\" content=\"Hrvatska po\u010dela izdavati digitalne COVID potvrde, izdano ih 13.000 - RADIO LJUBU\u0160KI\" \/>\n<meta property=\"og:description\" content=\"Od danas bi prelazak dr\u017eavnih granica trebao biti br\u017ei i jednostavniji &#8211; po\u010delo je izdavanje digitalnih COVID potvrda u na\u0161oj zemlji. One \u0107e vrijediti u \u010dlanicama Europske unije s kojima su sklopljeni bilateralni sporazumi. COVID-potvrdu mogu dobiti oni koji su cijepljeni jednom ili dvije doze cjepiva, koji su preboljeli koronavirus ili oni koji imaju negativan [&hellip;]\" \/>\n<meta property=\"og:url\" content=\"https:\/\/radioljubuski.ba\/index.php\/2021\/06\/01\/hrvatska-pocela-izdavati-digitalne-covid-potvrde-izdano-ih-13-000\/\" \/>\n<meta property=\"og:site_name\" content=\"RADIO LJUBU\u0160KI\" \/>\n<meta property=\"article:publisher\" content=\"https:\/\/www.facebook.com\/Radiio-Ljubuski-1490835324566332\" \/>\n<meta property=\"article:published_time\" content=\"2021-06-01T11:27:22+00:00\" \/>\n<meta property=\"article:modified_time\" content=\"2021-06-01T11:27:24+00:00\" \/>\n<meta property=\"og:image\" content=\"https:\/\/radioljubuski.ba\/wp-content\/uploads\/2021\/06\/2021-04-27t133052z-235192495-rc2d4n93q325-rtrmadp-3-health-coronavirus-vaccine-20210511104647.jpg\" \/>\n\t<meta property=\"og:image:width\" content=\"688\" \/>\n\t<meta property=\"og:image:height\" content=\"434\" \/>\n\t<meta property=\"og:image:type\" content=\"image\/jpeg\" \/>\n<meta name=\"author\" content=\"Radio Ljubu\u0161ki\" \/>\n<meta name=\"twitter:card\" content=\"summary_large_image\" \/>\n<meta name=\"twitter:creator\" content=\"@radioljubuski\" \/>\n<meta name=\"twitter:site\" content=\"@radioljubuski\" \/>\n<meta name=\"twitter:label1\" content=\"Napisao\/la\" \/>\n\t<meta name=\"twitter:data1\" content=\"Radio Ljubu\u0161ki\" \/>\n\t<meta name=\"twitter:label2\" content=\"Procijenjeno vrijeme \u010ditanja\" \/>\n\t<meta name=\"twitter:data2\" content=\"2 minute\" \/>\n<script type=\"application\/ld+json\" class=\"yoast-schema-graph\">{\"@context\":\"https:\\\/\\\/schema.org\",\"@graph\":[{\"@type\":\"Article\",\"@id\":\"https:\\\/\\\/radioljubuski.ba\\\/index.php\\\/2021\\\/06\\\/01\\\/hrvatska-pocela-izdavati-digitalne-covid-potvrde-izdano-ih-13-000\\\/#article\",\"isPartOf\":{\"@id\":\"https:\\\/\\\/radioljubuski.ba\\\/index.php\\\/2021\\\/06\\\/01\\\/hrvatska-pocela-izdavati-digitalne-covid-potvrde-izdano-ih-13-000\\\/\"},\"author\":{\"name\":\"Radio Ljubu\u0161ki\",\"@id\":\"https:\\\/\\\/radioljubuski.ba\\\/#\\\/schema\\\/person\\\/19fc700381a780f69665d7956c469e3b\"},\"headline\":\"Hrvatska po\u010dela izdavati digitalne COVID potvrde, izdano ih 13.000\",\"datePublished\":\"2021-06-01T11:27:22+00:00\",\"dateModified\":\"2021-06-01T11:27:24+00:00\",\"mainEntityOfPage\":{\"@id\":\"https:\\\/\\\/radioljubuski.ba\\\/index.php\\\/2021\\\/06\\\/01\\\/hrvatska-pocela-izdavati-digitalne-covid-potvrde-izdano-ih-13-000\\\/\"},\"wordCount\":482,\"publisher\":{\"@id\":\"https:\\\/\\\/radioljubuski.ba\\\/#organization\"},\"image\":{\"@id\":\"https:\\\/\\\/radioljubuski.ba\\\/index.php\\\/2021\\\/06\\\/01\\\/hrvatska-pocela-izdavati-digitalne-covid-potvrde-izdano-ih-13-000\\\/#primaryimage\"},\"thumbnailUrl\":\"https:\\\/\\\/radioljubuski.ba\\\/wp-content\\\/uploads\\\/2021\\\/06\\\/2021-04-27t133052z-235192495-rc2d4n93q325-rtrmadp-3-health-coronavirus-vaccine-20210511104647.jpg\",\"articleSection\":[\"BIH i regija\"],\"inLanguage\":\"hr\"},{\"@type\":\"WebPage\",\"@id\":\"https:\\\/\\\/radioljubuski.ba\\\/index.php\\\/2021\\\/06\\\/01\\\/hrvatska-pocela-izdavati-digitalne-covid-potvrde-izdano-ih-13-000\\\/\",\"url\":\"https:\\\/\\\/radioljubuski.ba\\\/index.php\\\/2021\\\/06\\\/01\\\/hrvatska-pocela-izdavati-digitalne-covid-potvrde-izdano-ih-13-000\\\/\",\"name\":\"Hrvatska po\u010dela izdavati digitalne COVID potvrde, izdano ih 13.000 - RADIO LJUBU\u0160KI\",\"isPartOf\":{\"@id\":\"https:\\\/\\\/radioljubuski.ba\\\/#website\"},\"primaryImageOfPage\":{\"@id\":\"https:\\\/\\\/radioljubuski.ba\\\/index.php\\\/2021\\\/06\\\/01\\\/hrvatska-pocela-izdavati-digitalne-covid-potvrde-izdano-ih-13-000\\\/#primaryimage\"},\"image\":{\"@id\":\"https:\\\/\\\/radioljubuski.ba\\\/index.php\\\/2021\\\/06\\\/01\\\/hrvatska-pocela-izdavati-digitalne-covid-potvrde-izdano-ih-13-000\\\/#primaryimage\"},\"thumbnailUrl\":\"https:\\\/\\\/radioljubuski.ba\\\/wp-content\\\/uploads\\\/2021\\\/06\\\/2021-04-27t133052z-235192495-rc2d4n93q325-rtrmadp-3-health-coronavirus-vaccine-20210511104647.jpg\",\"datePublished\":\"2021-06-01T11:27:22+00:00\",\"dateModified\":\"2021-06-01T11:27:24+00:00\",\"breadcrumb\":{\"@id\":\"https:\\\/\\\/radioljubuski.ba\\\/index.php\\\/2021\\\/06\\\/01\\\/hrvatska-pocela-izdavati-digitalne-covid-potvrde-izdano-ih-13-000\\\/#breadcrumb\"},\"inLanguage\":\"hr\",\"potentialAction\":[{\"@type\":\"ReadAction\",\"target\":[\"https:\\\/\\\/radioljubuski.ba\\\/index.php\\\/2021\\\/06\\\/01\\\/hrvatska-pocela-izdavati-digitalne-covid-potvrde-izdano-ih-13-000\\\/\"]}]},{\"@type\":\"ImageObject\",\"inLanguage\":\"hr\",\"@id\":\"https:\\\/\\\/radioljubuski.ba\\\/index.php\\\/2021\\\/06\\\/01\\\/hrvatska-pocela-izdavati-digitalne-covid-potvrde-izdano-ih-13-000\\\/#primaryimage\",\"url\":\"https:\\\/\\\/radioljubuski.ba\\\/wp-content\\\/uploads\\\/2021\\\/06\\\/2021-04-27t133052z-235192495-rc2d4n93q325-rtrmadp-3-health-coronavirus-vaccine-20210511104647.jpg\",\"contentUrl\":\"https:\\\/\\\/radioljubuski.ba\\\/wp-content\\\/uploads\\\/2021\\\/06\\\/2021-04-27t133052z-235192495-rc2d4n93q325-rtrmadp-3-health-coronavirus-vaccine-20210511104647.jpg\",\"width\":688,\"height\":434},{\"@type\":\"BreadcrumbList\",\"@id\":\"https:\\\/\\\/radioljubuski.ba\\\/index.php\\\/2021\\\/06\\\/01\\\/hrvatska-pocela-izdavati-digitalne-covid-potvrde-izdano-ih-13-000\\\/#breadcrumb\",\"itemListElement\":[{\"@type\":\"ListItem\",\"position\":1,\"name\":\"Po\u010detna stranica\",\"item\":\"https:\\\/\\\/radioljubuski.ba\\\/\"},{\"@type\":\"ListItem\",\"position\":2,\"name\":\"Hrvatska po\u010dela izdavati digitalne COVID potvrde, izdano ih 13.000\"}]},{\"@type\":\"WebSite\",\"@id\":\"https:\\\/\\\/radioljubuski.ba\\\/#website\",\"url\":\"https:\\\/\\\/radioljubuski.ba\\\/\",\"name\":\"Radio Ljubu\u0161ki\",\"description\":\"Sun\u010dana frekvencija Hercegovine\",\"publisher\":{\"@id\":\"https:\\\/\\\/radioljubuski.ba\\\/#organization\"},\"potentialAction\":[{\"@type\":\"SearchAction\",\"target\":{\"@type\":\"EntryPoint\",\"urlTemplate\":\"https:\\\/\\\/radioljubuski.ba\\\/?s={search_term_string}\"},\"query-input\":{\"@type\":\"PropertyValueSpecification\",\"valueRequired\":true,\"valueName\":\"search_term_string\"}}],\"inLanguage\":\"hr\"},{\"@type\":\"Organization\",\"@id\":\"https:\\\/\\\/radioljubuski.ba\\\/#organization\",\"name\":\"Radio Ljubu\u0161ki\",\"url\":\"https:\\\/\\\/radioljubuski.ba\\\/\",\"logo\":{\"@type\":\"ImageObject\",\"inLanguage\":\"hr\",\"@id\":\"https:\\\/\\\/radioljubuski.ba\\\/#\\\/schema\\\/logo\\\/image\\\/\",\"url\":\"https:\\\/\\\/radioljubuski.ba\\\/wp-content\\\/uploads\\\/2021\\\/02\\\/cropped-Radio_Ljubuski_logo1.jpg\",\"contentUrl\":\"https:\\\/\\\/radioljubuski.ba\\\/wp-content\\\/uploads\\\/2021\\\/02\\\/cropped-Radio_Ljubuski_logo1.jpg\",\"width\":512,\"height\":512,\"caption\":\"Radio Ljubu\u0161ki\"},\"image\":{\"@id\":\"https:\\\/\\\/radioljubuski.ba\\\/#\\\/schema\\\/logo\\\/image\\\/\"},\"sameAs\":[\"https:\\\/\\\/www.facebook.com\\\/Radiio-Ljubuski-1490835324566332\",\"https:\\\/\\\/x.com\\\/radioljubuski\",\"https:\\\/\\\/hr.linkedin.com\\\/company\\\/radio-ljubuski\",\"https:\\\/\\\/www.youtube.com\\\/channel\\\/UCHYaeO_n0Db3tjNGudGpXyw\"]},{\"@type\":\"Person\",\"@id\":\"https:\\\/\\\/radioljubuski.ba\\\/#\\\/schema\\\/person\\\/19fc700381a780f69665d7956c469e3b\",\"name\":\"Radio Ljubu\u0161ki\"}]}<\/script>\n<!-- \/ Yoast SEO plugin. -->","yoast_head_json":{"title":"Hrvatska po\u010dela izdavati digitalne COVID potvrde, izdano ih 13.000 - RADIO LJUBU\u0160KI","robots":{"index":"index","follow":"follow","max-snippet":"max-snippet:-1","max-image-preview":"max-image-preview:large","max-video-preview":"max-video-preview:-1"},"canonical":"https:\/\/radioljubuski.ba\/index.php\/2021\/06\/01\/hrvatska-pocela-izdavati-digitalne-covid-potvrde-izdano-ih-13-000\/","og_locale":"hr_HR","og_type":"article","og_title":"Hrvatska po\u010dela izdavati digitalne COVID potvrde, izdano ih 13.000 - RADIO LJUBU\u0160KI","og_description":"Od danas bi prelazak dr\u017eavnih granica trebao biti br\u017ei i jednostavniji &#8211; po\u010delo je izdavanje digitalnih COVID potvrda u na\u0161oj zemlji. One \u0107e vrijediti u \u010dlanicama Europske unije s kojima su sklopljeni bilateralni sporazumi. COVID-potvrdu mogu dobiti oni koji su cijepljeni jednom ili dvije doze cjepiva, koji su preboljeli koronavirus ili oni koji imaju negativan [&hellip;]","og_url":"https:\/\/radioljubuski.ba\/index.php\/2021\/06\/01\/hrvatska-pocela-izdavati-digitalne-covid-potvrde-izdano-ih-13-000\/","og_site_name":"RADIO LJUBU\u0160KI","article_publisher":"https:\/\/www.facebook.com\/Radiio-Ljubuski-1490835324566332","article_published_time":"2021-06-01T11:27:22+00:00","article_modified_time":"2021-06-01T11:27:24+00:00","og_image":[{"width":688,"height":434,"url":"https:\/\/radioljubuski.ba\/wp-content\/uploads\/2021\/06\/2021-04-27t133052z-235192495-rc2d4n93q325-rtrmadp-3-health-coronavirus-vaccine-20210511104647.jpg","type":"image\/jpeg"}],"author":"Radio Ljubu\u0161ki","twitter_card":"summary_large_image","twitter_creator":"@radioljubuski","twitter_site":"@radioljubuski","twitter_misc":{"Napisao\/la":"Radio Ljubu\u0161ki","Procijenjeno vrijeme \u010ditanja":"2 minute"},"schema":{"@context":"https:\/\/schema.org","@graph":[{"@type":"Article","@id":"https:\/\/radioljubuski.ba\/index.php\/2021\/06\/01\/hrvatska-pocela-izdavati-digitalne-covid-potvrde-izdano-ih-13-000\/#article","isPartOf":{"@id":"https:\/\/radioljubuski.ba\/index.php\/2021\/06\/01\/hrvatska-pocela-izdavati-digitalne-covid-potvrde-izdano-ih-13-000\/"},"author":{"name":"Radio Ljubu\u0161ki","@id":"https:\/\/radioljubuski.ba\/#\/schema\/person\/19fc700381a780f69665d7956c469e3b"},"headline":"Hrvatska po\u010dela izdavati digitalne COVID potvrde, izdano ih 13.000","datePublished":"2021-06-01T11:27:22+00:00","dateModified":"2021-06-01T11:27:24+00:00","mainEntityOfPage":{"@id":"https:\/\/radioljubuski.ba\/index.php\/2021\/06\/01\/hrvatska-pocela-izdavati-digitalne-covid-potvrde-izdano-ih-13-000\/"},"wordCount":482,"publisher":{"@id":"https:\/\/radioljubuski.ba\/#organization"},"image":{"@id":"https:\/\/radioljubuski.ba\/index.php\/2021\/06\/01\/hrvatska-pocela-izdavati-digitalne-covid-potvrde-izdano-ih-13-000\/#primaryimage"},"thumbnailUrl":"https:\/\/radioljubuski.ba\/wp-content\/uploads\/2021\/06\/2021-04-27t133052z-235192495-rc2d4n93q325-rtrmadp-3-health-coronavirus-vaccine-20210511104647.jpg","articleSection":["BIH i regija"],"inLanguage":"hr"},{"@type":"WebPage","@id":"https:\/\/radioljubuski.ba\/index.php\/2021\/06\/01\/hrvatska-pocela-izdavati-digitalne-covid-potvrde-izdano-ih-13-000\/","url":"https:\/\/radioljubuski.ba\/index.php\/2021\/06\/01\/hrvatska-pocela-izdavati-digitalne-covid-potvrde-izdano-ih-13-000\/","name":"Hrvatska po\u010dela izdavati digitalne COVID potvrde, izdano ih 13.000 - RADIO LJUBU\u0160KI","isPartOf":{"@id":"https:\/\/radioljubuski.ba\/#website"},"primaryImageOfPage":{"@id":"https:\/\/radioljubuski.ba\/index.php\/2021\/06\/01\/hrvatska-pocela-izdavati-digitalne-covid-potvrde-izdano-ih-13-000\/#primaryimage"},"image":{"@id":"https:\/\/radioljubuski.ba\/index.php\/2021\/06\/01\/hrvatska-pocela-izdavati-digitalne-covid-potvrde-izdano-ih-13-000\/#primaryimage"},"thumbnailUrl":"https:\/\/radioljubuski.ba\/wp-content\/uploads\/2021\/06\/2021-04-27t133052z-235192495-rc2d4n93q325-rtrmadp-3-health-coronavirus-vaccine-20210511104647.jpg","datePublished":"2021-06-01T11:27:22+00:00","dateModified":"2021-06-01T11:27:24+00:00","breadcrumb":{"@id":"https:\/\/radioljubuski.ba\/index.php\/2021\/06\/01\/hrvatska-pocela-izdavati-digitalne-covid-potvrde-izdano-ih-13-000\/#breadcrumb"},"inLanguage":"hr","potentialAction":[{"@type":"ReadAction","target":["https:\/\/radioljubuski.ba\/index.php\/2021\/06\/01\/hrvatska-pocela-izdavati-digitalne-covid-potvrde-izdano-ih-13-000\/"]}]},{"@type":"ImageObject","inLanguage":"hr","@id":"https:\/\/radioljubuski.ba\/index.php\/2021\/06\/01\/hrvatska-pocela-izdavati-digitalne-covid-potvrde-izdano-ih-13-000\/#primaryimage","url":"https:\/\/radioljubuski.ba\/wp-content\/uploads\/2021\/06\/2021-04-27t133052z-235192495-rc2d4n93q325-rtrmadp-3-health-coronavirus-vaccine-20210511104647.jpg","contentUrl":"https:\/\/radioljubuski.ba\/wp-content\/uploads\/2021\/06\/2021-04-27t133052z-235192495-rc2d4n93q325-rtrmadp-3-health-coronavirus-vaccine-20210511104647.jpg","width":688,"height":434},{"@type":"BreadcrumbList","@id":"https:\/\/radioljubuski.ba\/index.php\/2021\/06\/01\/hrvatska-pocela-izdavati-digitalne-covid-potvrde-izdano-ih-13-000\/#breadcrumb","itemListElement":[{"@type":"ListItem","position":1,"name":"Po\u010detna stranica","item":"https:\/\/radioljubuski.ba\/"},{"@type":"ListItem","position":2,"name":"Hrvatska po\u010dela izdavati digitalne COVID potvrde, izdano ih 13.000"}]},{"@type":"WebSite","@id":"https:\/\/radioljubuski.ba\/#website","url":"https:\/\/radioljubuski.ba\/","name":"Radio Ljubu\u0161ki","description":"Sun\u010dana frekvencija Hercegovine","publisher":{"@id":"https:\/\/radioljubuski.ba\/#organization"},"potentialAction":[{"@type":"SearchAction","target":{"@type":"EntryPoint","urlTemplate":"https:\/\/radioljubuski.ba\/?s={search_term_string}"},"query-input":{"@type":"PropertyValueSpecification","valueRequired":true,"valueName":"search_term_string"}}],"inLanguage":"hr"},{"@type":"Organization","@id":"https:\/\/radioljubuski.ba\/#organization","name":"Radio Ljubu\u0161ki","url":"https:\/\/radioljubuski.ba\/","logo":{"@type":"ImageObject","inLanguage":"hr","@id":"https:\/\/radioljubuski.ba\/#\/schema\/logo\/image\/","url":"https:\/\/radioljubuski.ba\/wp-content\/uploads\/2021\/02\/cropped-Radio_Ljubuski_logo1.jpg","contentUrl":"https:\/\/radioljubuski.ba\/wp-content\/uploads\/2021\/02\/cropped-Radio_Ljubuski_logo1.jpg","width":512,"height":512,"caption":"Radio Ljubu\u0161ki"},"image":{"@id":"https:\/\/radioljubuski.ba\/#\/schema\/logo\/image\/"},"sameAs":["https:\/\/www.facebook.com\/Radiio-Ljubuski-1490835324566332","https:\/\/x.com\/radioljubuski","https:\/\/hr.linkedin.com\/company\/radio-ljubuski","https:\/\/www.youtube.com\/channel\/UCHYaeO_n0Db3tjNGudGpXyw"]},{"@type":"Person","@id":"https:\/\/radioljubuski.ba\/#\/schema\/person\/19fc700381a780f69665d7956c469e3b","name":"Radio Ljubu\u0161ki"}]}},"_links":{"self":[{"href":"https:\/\/radioljubuski.ba\/index.php\/wp-json\/wp\/v2\/posts\/27352","targetHints":{"allow":["GET"]}}],"collection":[{"href":"https:\/\/radioljubuski.ba\/index.php\/wp-json\/wp\/v2\/posts"}],"about":[{"href":"https:\/\/radioljubuski.ba\/index.php\/wp-json\/wp\/v2\/types\/post"}],"author":[{"embeddable":true,"href":"https:\/\/radioljubuski.ba\/index.php\/wp-json\/wp\/v2\/users\/2"}],"replies":[{"embeddable":true,"href":"https:\/\/radioljubuski.ba\/index.php\/wp-json\/wp\/v2\/comments?post=27352"}],"version-history":[{"count":1,"href":"https:\/\/radioljubuski.ba\/index.php\/wp-json\/wp\/v2\/posts\/27352\/revisions"}],"predecessor-version":[{"id":27354,"href":"https:\/\/radioljubuski.ba\/index.php\/wp-json\/wp\/v2\/posts\/27352\/revisions\/27354"}],"wp:featuredmedia":[{"embeddable":true,"href":"https:\/\/radioljubuski.ba\/index.php\/wp-json\/wp\/v2\/media\/27353"}],"wp:attachment":[{"href":"https:\/\/radioljubuski.ba\/index.php\/wp-json\/wp\/v2\/media?parent=27352"}],"wp:term":[{"taxonomy":"category","embeddable":true,"href":"https:\/\/radioljubuski.ba\/index.php\/wp-json\/wp\/v2\/categories?post=27352"},{"taxonomy":"post_tag","embeddable":true,"href":"https:\/\/radioljubuski.ba\/index.php\/wp-json\/wp\/v2\/tags?post=27352"}],"curies":[{"name":"wp","href":"https:\/\/api.w.org\/{rel}","templated":true}]}}