{"id":27359,"date":"2021-06-01T12:33:56","date_gmt":"2021-06-01T11:33:56","guid":{"rendered":"https:\/\/radioljubuski.ba\/?p=27359"},"modified":"2021-06-01T12:33:56","modified_gmt":"2021-06-01T11:33:56","slug":"trobonjaca-epidemioloska-situacija-dobra-cijepljenje-je-urodilo-plodom","status":"publish","type":"post","link":"https:\/\/radioljubuski.ba\/index.php\/2021\/06\/01\/trobonjaca-epidemioloska-situacija-dobra-cijepljenje-je-urodilo-plodom\/","title":{"rendered":"Trobonja\u010da: Epidemiolo\u0161ka situacija dobra, cijepljenje je urodilo plodom"},"content":{"rendered":"\n<p>Problem post-Covid oporavaka postaje globalni problem. Stru\u010dnjaci, ali i ljudi koji su preboljeli COVID-19 ka\u017eu &#8211; ozdravljenja ima, ali opravka zapravo nema. Imunolog Zlatko Trobonja\u010da sa Sveu\u010dili\u0161ta u Rijeci u HTV-ovoj emisiji &#8220;Studio 4&#8221; rekao je kako Covid mo\u017eemo gledati kao bolest koja traje desetak dana, ali se mo\u017ee produ\u017eiti i na nekoliko tjedana.&nbsp;<\/p>\n\n\n\n<p>&#8211; Ako se nastavi i nakon tri mjeseca od po\u010detka bolesti, onda govorimo o dugotrajnom Covidu, rekao je.<br><br>Imunolog Trobonja\u010da je kazao kako \u0107e se i taj dugotrajni Covid s vremenom smiriti.<br><br>&#8211; Postoje predispozicije kod ljudi koji su pretili, koji imaju slabiju fizi\u010dku kondiciju, osobe s astmom da razviju dugotrajni Covid. Premda to nije uvijek tako, dodao je.<br><br><strong>&#8220;Post-Covid sindrom mo\u017ee izazvati depresiju&#8221;<\/strong><br><br>Trobonja\u010da je rekao kako Covid napada razli\u010dite organe. Napada kardiovaskularni sustav, te o\u0161te\u0107uje krvne \u017eile. O\u0161te\u0107uje i mozak, bubrege i plu\u0107a. Post-Covid sindrom mo\u017ee izazvati i depresiju, te bolove u mi\u0161i\u0107ima, ali i umor.<br><br>&#8211; Oni ljudi koji su u dobroj fizi\u010dkoj kondiciji u prosjeku prebolijevaju na puno lak\u0161i na\u010din tu bolest. Za\u0161to je tome tako? Pretpostavljam da je njihov kardiovaskularni sustav u boljem stanju, imaju ni\u017ei arterijski tlak, bolji metabolizam. Nemaju metaboli\u010dke smetnje, dijabetes ili sli\u010dno i zbog toga bolest prebolijevaju lak\u0161e. No, to ne zna\u010di da i njih ne mo\u017ee zahvatiti te\u017ei oblik bolest, poru\u010dio je.<br><br>Trobonja\u010da je naglasio kako postoje osobe koje asimptomatski prebole COVID-19, pa kasnije dobiju post-Covid sindrom, ali i razne komplikacije, te im \u017eivot mo\u017ee biti ugro\u017een.<br><br>&#8211; Mo\u017eemo se pomo\u0107i uzimaju\u0107i suplementacije vitamina D i to ne u manjim koli\u010dina ve\u0107 u ve\u0107im, primjerice \u010detiri tisu\u0107e internacionalnih jedinica dnevno ili boraviti na suncu, kazao je.<\/p>\n\n\n\n<p><strong>&#8220;Cijepljenje je urodilo polodom&#8221;<\/strong><br><br>Imunolog Zlatko Trobonja\u010da sa Sveu\u010dili\u0161ta u Rijeci rekao je kada ljudi dobiju cjepivo razvijaju imunosnu reakciju te se pojavljuju i imunosni simptomi, te se razvijaju antitijela.<br><br>&#8211; Simptomi imunosne reakcije obuhva\u0107aju bol na mjesto uboda, pove\u0107anje tjelesne temperature, umor, bol u mi\u0161i\u0107ima i le\u0111ima, zglobovima. Ti simptomi nakon dva ili tri dana pro\u0111u, ali nekima mogu trajati i du\u017ee, istaknuo je.<br><br>Nakon nekog vremena ti simptomi nestaju i nisu razlog da se \u010dovjek ne cijepi. Trobonja\u010da je istaknuo kako vjeruje da \u0107e i u Hrvatskoj padati broj cijepljenih ljudi, jer \u0107e odre\u0111eni broj ljudi stvoriti imunost infekcijom.<br><br>&#8211; Trebali bi imati oko 80 posto imunih ljudi u populaciji da bi sprije\u010dili ve\u0107e epidemijsko \u0161irenje. Za sada situacija izgleda izuzetno dobro, novi podaci su ohrabruju\u0107i, cijepljenje je urodilo plodom, poru\u010dio je.<br><br>Nada se kako \u0107e epidemiolo\u0161ka situacija u toplijim danima biti jo\u0161 bolja.<br><br>Imunolog je poru\u010dio kako cjepiva protiv Covida \u0161tite i protiv britanskog, ali i indijskog soja. Dodao je da vjeruje da \u0107e se Europsko prvenstvo u nogometu odr\u017eati, ali i Olimpijske igre u Japanu.<\/p>\n\n\n\n<p>Izvor:hrt.hr<\/p>\n","protected":false},"excerpt":{"rendered":"<p>Problem post-Covid oporavaka postaje globalni problem. Stru\u010dnjaci, ali i ljudi koji su preboljeli COVID-19 ka\u017eu &#8211; ozdravljenja ima, ali opravka zapravo nema. Imunolog Zlatko Trobonja\u010da sa Sveu\u010dili\u0161ta u Rijeci u HTV-ovoj emisiji &#8220;Studio 4&#8221; rekao je kako Covid mo\u017eemo gledati kao bolest koja traje desetak dana, ali se mo\u017ee produ\u017eiti i na nekoliko tjedana.&nbsp; &#8211; [&hellip;]<\/p>\n","protected":false},"author":2,"featured_media":27362,"comment_status":"closed","ping_status":"closed","sticky":false,"template":"","format":"standard","meta":{"h5ap_radio_sources":[],"footnotes":""},"categories":[1],"tags":[],"class_list":["post-27359","post","type-post","status-publish","format-standard","has-post-thumbnail","hentry","category-bihiregija"],"yoast_head":"<!-- This site is optimized with the Yoast SEO plugin v27.5 - https:\/\/yoast.com\/product\/yoast-seo-wordpress\/ -->\n<title>Trobonja\u010da: Epidemiolo\u0161ka situacija dobra, cijepljenje je urodilo plodom - RADIO LJUBU\u0160KI<\/title>\n<meta name=\"robots\" content=\"index, follow, max-snippet:-1, max-image-preview:large, max-video-preview:-1\" \/>\n<link rel=\"canonical\" href=\"https:\/\/radioljubuski.ba\/index.php\/2021\/06\/01\/trobonjaca-epidemioloska-situacija-dobra-cijepljenje-je-urodilo-plodom\/\" \/>\n<meta property=\"og:locale\" content=\"hr_HR\" \/>\n<meta property=\"og:type\" content=\"article\" \/>\n<meta property=\"og:title\" content=\"Trobonja\u010da: Epidemiolo\u0161ka situacija dobra, cijepljenje je urodilo plodom - RADIO LJUBU\u0160KI\" \/>\n<meta property=\"og:description\" content=\"Problem post-Covid oporavaka postaje globalni problem. Stru\u010dnjaci, ali i ljudi koji su preboljeli COVID-19 ka\u017eu &#8211; ozdravljenja ima, ali opravka zapravo nema. Imunolog Zlatko Trobonja\u010da sa Sveu\u010dili\u0161ta u Rijeci u HTV-ovoj emisiji &#8220;Studio 4&#8221; rekao je kako Covid mo\u017eemo gledati kao bolest koja traje desetak dana, ali se mo\u017ee produ\u017eiti i na nekoliko tjedana.&nbsp; &#8211; [&hellip;]\" \/>\n<meta property=\"og:url\" content=\"https:\/\/radioljubuski.ba\/index.php\/2021\/06\/01\/trobonjaca-epidemioloska-situacija-dobra-cijepljenje-je-urodilo-plodom\/\" \/>\n<meta property=\"og:site_name\" content=\"RADIO LJUBU\u0160KI\" \/>\n<meta property=\"article:publisher\" content=\"https:\/\/www.facebook.com\/Radiio-Ljubuski-1490835324566332\" \/>\n<meta property=\"article:published_time\" content=\"2021-06-01T11:33:56+00:00\" \/>\n<meta property=\"og:image\" content=\"https:\/\/radioljubuski.ba\/wp-content\/uploads\/2021\/06\/studio-4-frame-19726-20210414062642.jpg\" \/>\n\t<meta property=\"og:image:width\" content=\"1920\" \/>\n\t<meta property=\"og:image:height\" content=\"1080\" \/>\n\t<meta property=\"og:image:type\" content=\"image\/jpeg\" \/>\n<meta name=\"author\" content=\"Radio Ljubu\u0161ki\" \/>\n<meta name=\"twitter:card\" content=\"summary_large_image\" \/>\n<meta name=\"twitter:creator\" content=\"@radioljubuski\" \/>\n<meta name=\"twitter:site\" content=\"@radioljubuski\" \/>\n<meta name=\"twitter:label1\" content=\"Napisao\/la\" \/>\n\t<meta name=\"twitter:data1\" content=\"Radio Ljubu\u0161ki\" \/>\n\t<meta name=\"twitter:label2\" content=\"Procijenjeno vrijeme \u010ditanja\" \/>\n\t<meta name=\"twitter:data2\" content=\"2 minute\" \/>\n<script type=\"application\/ld+json\" class=\"yoast-schema-graph\">{\"@context\":\"https:\\\/\\\/schema.org\",\"@graph\":[{\"@type\":\"Article\",\"@id\":\"https:\\\/\\\/radioljubuski.ba\\\/index.php\\\/2021\\\/06\\\/01\\\/trobonjaca-epidemioloska-situacija-dobra-cijepljenje-je-urodilo-plodom\\\/#article\",\"isPartOf\":{\"@id\":\"https:\\\/\\\/radioljubuski.ba\\\/index.php\\\/2021\\\/06\\\/01\\\/trobonjaca-epidemioloska-situacija-dobra-cijepljenje-je-urodilo-plodom\\\/\"},\"author\":{\"name\":\"Radio Ljubu\u0161ki\",\"@id\":\"https:\\\/\\\/radioljubuski.ba\\\/#\\\/schema\\\/person\\\/19fc700381a780f69665d7956c469e3b\"},\"headline\":\"Trobonja\u010da: Epidemiolo\u0161ka situacija dobra, cijepljenje je urodilo plodom\",\"datePublished\":\"2021-06-01T11:33:56+00:00\",\"mainEntityOfPage\":{\"@id\":\"https:\\\/\\\/radioljubuski.ba\\\/index.php\\\/2021\\\/06\\\/01\\\/trobonjaca-epidemioloska-situacija-dobra-cijepljenje-je-urodilo-plodom\\\/\"},\"wordCount\":523,\"publisher\":{\"@id\":\"https:\\\/\\\/radioljubuski.ba\\\/#organization\"},\"image\":{\"@id\":\"https:\\\/\\\/radioljubuski.ba\\\/index.php\\\/2021\\\/06\\\/01\\\/trobonjaca-epidemioloska-situacija-dobra-cijepljenje-je-urodilo-plodom\\\/#primaryimage\"},\"thumbnailUrl\":\"https:\\\/\\\/radioljubuski.ba\\\/wp-content\\\/uploads\\\/2021\\\/06\\\/studio-4-frame-19726-20210414062642.jpg\",\"articleSection\":[\"BIH i regija\"],\"inLanguage\":\"hr\"},{\"@type\":\"WebPage\",\"@id\":\"https:\\\/\\\/radioljubuski.ba\\\/index.php\\\/2021\\\/06\\\/01\\\/trobonjaca-epidemioloska-situacija-dobra-cijepljenje-je-urodilo-plodom\\\/\",\"url\":\"https:\\\/\\\/radioljubuski.ba\\\/index.php\\\/2021\\\/06\\\/01\\\/trobonjaca-epidemioloska-situacija-dobra-cijepljenje-je-urodilo-plodom\\\/\",\"name\":\"Trobonja\u010da: Epidemiolo\u0161ka situacija dobra, cijepljenje je urodilo plodom - RADIO LJUBU\u0160KI\",\"isPartOf\":{\"@id\":\"https:\\\/\\\/radioljubuski.ba\\\/#website\"},\"primaryImageOfPage\":{\"@id\":\"https:\\\/\\\/radioljubuski.ba\\\/index.php\\\/2021\\\/06\\\/01\\\/trobonjaca-epidemioloska-situacija-dobra-cijepljenje-je-urodilo-plodom\\\/#primaryimage\"},\"image\":{\"@id\":\"https:\\\/\\\/radioljubuski.ba\\\/index.php\\\/2021\\\/06\\\/01\\\/trobonjaca-epidemioloska-situacija-dobra-cijepljenje-je-urodilo-plodom\\\/#primaryimage\"},\"thumbnailUrl\":\"https:\\\/\\\/radioljubuski.ba\\\/wp-content\\\/uploads\\\/2021\\\/06\\\/studio-4-frame-19726-20210414062642.jpg\",\"datePublished\":\"2021-06-01T11:33:56+00:00\",\"breadcrumb\":{\"@id\":\"https:\\\/\\\/radioljubuski.ba\\\/index.php\\\/2021\\\/06\\\/01\\\/trobonjaca-epidemioloska-situacija-dobra-cijepljenje-je-urodilo-plodom\\\/#breadcrumb\"},\"inLanguage\":\"hr\",\"potentialAction\":[{\"@type\":\"ReadAction\",\"target\":[\"https:\\\/\\\/radioljubuski.ba\\\/index.php\\\/2021\\\/06\\\/01\\\/trobonjaca-epidemioloska-situacija-dobra-cijepljenje-je-urodilo-plodom\\\/\"]}]},{\"@type\":\"ImageObject\",\"inLanguage\":\"hr\",\"@id\":\"https:\\\/\\\/radioljubuski.ba\\\/index.php\\\/2021\\\/06\\\/01\\\/trobonjaca-epidemioloska-situacija-dobra-cijepljenje-je-urodilo-plodom\\\/#primaryimage\",\"url\":\"https:\\\/\\\/radioljubuski.ba\\\/wp-content\\\/uploads\\\/2021\\\/06\\\/studio-4-frame-19726-20210414062642.jpg\",\"contentUrl\":\"https:\\\/\\\/radioljubuski.ba\\\/wp-content\\\/uploads\\\/2021\\\/06\\\/studio-4-frame-19726-20210414062642.jpg\",\"width\":1920,\"height\":1080},{\"@type\":\"BreadcrumbList\",\"@id\":\"https:\\\/\\\/radioljubuski.ba\\\/index.php\\\/2021\\\/06\\\/01\\\/trobonjaca-epidemioloska-situacija-dobra-cijepljenje-je-urodilo-plodom\\\/#breadcrumb\",\"itemListElement\":[{\"@type\":\"ListItem\",\"position\":1,\"name\":\"Po\u010detna stranica\",\"item\":\"https:\\\/\\\/radioljubuski.ba\\\/\"},{\"@type\":\"ListItem\",\"position\":2,\"name\":\"Trobonja\u010da: Epidemiolo\u0161ka situacija dobra, cijepljenje je urodilo plodom\"}]},{\"@type\":\"WebSite\",\"@id\":\"https:\\\/\\\/radioljubuski.ba\\\/#website\",\"url\":\"https:\\\/\\\/radioljubuski.ba\\\/\",\"name\":\"Radio Ljubu\u0161ki\",\"description\":\"Sun\u010dana frekvencija Hercegovine\",\"publisher\":{\"@id\":\"https:\\\/\\\/radioljubuski.ba\\\/#organization\"},\"potentialAction\":[{\"@type\":\"SearchAction\",\"target\":{\"@type\":\"EntryPoint\",\"urlTemplate\":\"https:\\\/\\\/radioljubuski.ba\\\/?s={search_term_string}\"},\"query-input\":{\"@type\":\"PropertyValueSpecification\",\"valueRequired\":true,\"valueName\":\"search_term_string\"}}],\"inLanguage\":\"hr\"},{\"@type\":\"Organization\",\"@id\":\"https:\\\/\\\/radioljubuski.ba\\\/#organization\",\"name\":\"Radio Ljubu\u0161ki\",\"url\":\"https:\\\/\\\/radioljubuski.ba\\\/\",\"logo\":{\"@type\":\"ImageObject\",\"inLanguage\":\"hr\",\"@id\":\"https:\\\/\\\/radioljubuski.ba\\\/#\\\/schema\\\/logo\\\/image\\\/\",\"url\":\"https:\\\/\\\/radioljubuski.ba\\\/wp-content\\\/uploads\\\/2021\\\/02\\\/cropped-Radio_Ljubuski_logo1.jpg\",\"contentUrl\":\"https:\\\/\\\/radioljubuski.ba\\\/wp-content\\\/uploads\\\/2021\\\/02\\\/cropped-Radio_Ljubuski_logo1.jpg\",\"width\":512,\"height\":512,\"caption\":\"Radio Ljubu\u0161ki\"},\"image\":{\"@id\":\"https:\\\/\\\/radioljubuski.ba\\\/#\\\/schema\\\/logo\\\/image\\\/\"},\"sameAs\":[\"https:\\\/\\\/www.facebook.com\\\/Radiio-Ljubuski-1490835324566332\",\"https:\\\/\\\/x.com\\\/radioljubuski\",\"https:\\\/\\\/hr.linkedin.com\\\/company\\\/radio-ljubuski\",\"https:\\\/\\\/www.youtube.com\\\/channel\\\/UCHYaeO_n0Db3tjNGudGpXyw\"]},{\"@type\":\"Person\",\"@id\":\"https:\\\/\\\/radioljubuski.ba\\\/#\\\/schema\\\/person\\\/19fc700381a780f69665d7956c469e3b\",\"name\":\"Radio Ljubu\u0161ki\"}]}<\/script>\n<!-- \/ Yoast SEO plugin. -->","yoast_head_json":{"title":"Trobonja\u010da: Epidemiolo\u0161ka situacija dobra, cijepljenje je urodilo plodom - RADIO LJUBU\u0160KI","robots":{"index":"index","follow":"follow","max-snippet":"max-snippet:-1","max-image-preview":"max-image-preview:large","max-video-preview":"max-video-preview:-1"},"canonical":"https:\/\/radioljubuski.ba\/index.php\/2021\/06\/01\/trobonjaca-epidemioloska-situacija-dobra-cijepljenje-je-urodilo-plodom\/","og_locale":"hr_HR","og_type":"article","og_title":"Trobonja\u010da: Epidemiolo\u0161ka situacija dobra, cijepljenje je urodilo plodom - RADIO LJUBU\u0160KI","og_description":"Problem post-Covid oporavaka postaje globalni problem. Stru\u010dnjaci, ali i ljudi koji su preboljeli COVID-19 ka\u017eu &#8211; ozdravljenja ima, ali opravka zapravo nema. Imunolog Zlatko Trobonja\u010da sa Sveu\u010dili\u0161ta u Rijeci u HTV-ovoj emisiji &#8220;Studio 4&#8221; rekao je kako Covid mo\u017eemo gledati kao bolest koja traje desetak dana, ali se mo\u017ee produ\u017eiti i na nekoliko tjedana.&nbsp; &#8211; [&hellip;]","og_url":"https:\/\/radioljubuski.ba\/index.php\/2021\/06\/01\/trobonjaca-epidemioloska-situacija-dobra-cijepljenje-je-urodilo-plodom\/","og_site_name":"RADIO LJUBU\u0160KI","article_publisher":"https:\/\/www.facebook.com\/Radiio-Ljubuski-1490835324566332","article_published_time":"2021-06-01T11:33:56+00:00","og_image":[{"width":1920,"height":1080,"url":"https:\/\/radioljubuski.ba\/wp-content\/uploads\/2021\/06\/studio-4-frame-19726-20210414062642.jpg","type":"image\/jpeg"}],"author":"Radio Ljubu\u0161ki","twitter_card":"summary_large_image","twitter_creator":"@radioljubuski","twitter_site":"@radioljubuski","twitter_misc":{"Napisao\/la":"Radio Ljubu\u0161ki","Procijenjeno vrijeme \u010ditanja":"2 minute"},"schema":{"@context":"https:\/\/schema.org","@graph":[{"@type":"Article","@id":"https:\/\/radioljubuski.ba\/index.php\/2021\/06\/01\/trobonjaca-epidemioloska-situacija-dobra-cijepljenje-je-urodilo-plodom\/#article","isPartOf":{"@id":"https:\/\/radioljubuski.ba\/index.php\/2021\/06\/01\/trobonjaca-epidemioloska-situacija-dobra-cijepljenje-je-urodilo-plodom\/"},"author":{"name":"Radio Ljubu\u0161ki","@id":"https:\/\/radioljubuski.ba\/#\/schema\/person\/19fc700381a780f69665d7956c469e3b"},"headline":"Trobonja\u010da: Epidemiolo\u0161ka situacija dobra, cijepljenje je urodilo plodom","datePublished":"2021-06-01T11:33:56+00:00","mainEntityOfPage":{"@id":"https:\/\/radioljubuski.ba\/index.php\/2021\/06\/01\/trobonjaca-epidemioloska-situacija-dobra-cijepljenje-je-urodilo-plodom\/"},"wordCount":523,"publisher":{"@id":"https:\/\/radioljubuski.ba\/#organization"},"image":{"@id":"https:\/\/radioljubuski.ba\/index.php\/2021\/06\/01\/trobonjaca-epidemioloska-situacija-dobra-cijepljenje-je-urodilo-plodom\/#primaryimage"},"thumbnailUrl":"https:\/\/radioljubuski.ba\/wp-content\/uploads\/2021\/06\/studio-4-frame-19726-20210414062642.jpg","articleSection":["BIH i regija"],"inLanguage":"hr"},{"@type":"WebPage","@id":"https:\/\/radioljubuski.ba\/index.php\/2021\/06\/01\/trobonjaca-epidemioloska-situacija-dobra-cijepljenje-je-urodilo-plodom\/","url":"https:\/\/radioljubuski.ba\/index.php\/2021\/06\/01\/trobonjaca-epidemioloska-situacija-dobra-cijepljenje-je-urodilo-plodom\/","name":"Trobonja\u010da: Epidemiolo\u0161ka situacija dobra, cijepljenje je urodilo plodom - RADIO LJUBU\u0160KI","isPartOf":{"@id":"https:\/\/radioljubuski.ba\/#website"},"primaryImageOfPage":{"@id":"https:\/\/radioljubuski.ba\/index.php\/2021\/06\/01\/trobonjaca-epidemioloska-situacija-dobra-cijepljenje-je-urodilo-plodom\/#primaryimage"},"image":{"@id":"https:\/\/radioljubuski.ba\/index.php\/2021\/06\/01\/trobonjaca-epidemioloska-situacija-dobra-cijepljenje-je-urodilo-plodom\/#primaryimage"},"thumbnailUrl":"https:\/\/radioljubuski.ba\/wp-content\/uploads\/2021\/06\/studio-4-frame-19726-20210414062642.jpg","datePublished":"2021-06-01T11:33:56+00:00","breadcrumb":{"@id":"https:\/\/radioljubuski.ba\/index.php\/2021\/06\/01\/trobonjaca-epidemioloska-situacija-dobra-cijepljenje-je-urodilo-plodom\/#breadcrumb"},"inLanguage":"hr","potentialAction":[{"@type":"ReadAction","target":["https:\/\/radioljubuski.ba\/index.php\/2021\/06\/01\/trobonjaca-epidemioloska-situacija-dobra-cijepljenje-je-urodilo-plodom\/"]}]},{"@type":"ImageObject","inLanguage":"hr","@id":"https:\/\/radioljubuski.ba\/index.php\/2021\/06\/01\/trobonjaca-epidemioloska-situacija-dobra-cijepljenje-je-urodilo-plodom\/#primaryimage","url":"https:\/\/radioljubuski.ba\/wp-content\/uploads\/2021\/06\/studio-4-frame-19726-20210414062642.jpg","contentUrl":"https:\/\/radioljubuski.ba\/wp-content\/uploads\/2021\/06\/studio-4-frame-19726-20210414062642.jpg","width":1920,"height":1080},{"@type":"BreadcrumbList","@id":"https:\/\/radioljubuski.ba\/index.php\/2021\/06\/01\/trobonjaca-epidemioloska-situacija-dobra-cijepljenje-je-urodilo-plodom\/#breadcrumb","itemListElement":[{"@type":"ListItem","position":1,"name":"Po\u010detna stranica","item":"https:\/\/radioljubuski.ba\/"},{"@type":"ListItem","position":2,"name":"Trobonja\u010da: Epidemiolo\u0161ka situacija dobra, cijepljenje je urodilo plodom"}]},{"@type":"WebSite","@id":"https:\/\/radioljubuski.ba\/#website","url":"https:\/\/radioljubuski.ba\/","name":"Radio Ljubu\u0161ki","description":"Sun\u010dana frekvencija Hercegovine","publisher":{"@id":"https:\/\/radioljubuski.ba\/#organization"},"potentialAction":[{"@type":"SearchAction","target":{"@type":"EntryPoint","urlTemplate":"https:\/\/radioljubuski.ba\/?s={search_term_string}"},"query-input":{"@type":"PropertyValueSpecification","valueRequired":true,"valueName":"search_term_string"}}],"inLanguage":"hr"},{"@type":"Organization","@id":"https:\/\/radioljubuski.ba\/#organization","name":"Radio Ljubu\u0161ki","url":"https:\/\/radioljubuski.ba\/","logo":{"@type":"ImageObject","inLanguage":"hr","@id":"https:\/\/radioljubuski.ba\/#\/schema\/logo\/image\/","url":"https:\/\/radioljubuski.ba\/wp-content\/uploads\/2021\/02\/cropped-Radio_Ljubuski_logo1.jpg","contentUrl":"https:\/\/radioljubuski.ba\/wp-content\/uploads\/2021\/02\/cropped-Radio_Ljubuski_logo1.jpg","width":512,"height":512,"caption":"Radio Ljubu\u0161ki"},"image":{"@id":"https:\/\/radioljubuski.ba\/#\/schema\/logo\/image\/"},"sameAs":["https:\/\/www.facebook.com\/Radiio-Ljubuski-1490835324566332","https:\/\/x.com\/radioljubuski","https:\/\/hr.linkedin.com\/company\/radio-ljubuski","https:\/\/www.youtube.com\/channel\/UCHYaeO_n0Db3tjNGudGpXyw"]},{"@type":"Person","@id":"https:\/\/radioljubuski.ba\/#\/schema\/person\/19fc700381a780f69665d7956c469e3b","name":"Radio Ljubu\u0161ki"}]}},"_links":{"self":[{"href":"https:\/\/radioljubuski.ba\/index.php\/wp-json\/wp\/v2\/posts\/27359","targetHints":{"allow":["GET"]}}],"collection":[{"href":"https:\/\/radioljubuski.ba\/index.php\/wp-json\/wp\/v2\/posts"}],"about":[{"href":"https:\/\/radioljubuski.ba\/index.php\/wp-json\/wp\/v2\/types\/post"}],"author":[{"embeddable":true,"href":"https:\/\/radioljubuski.ba\/index.php\/wp-json\/wp\/v2\/users\/2"}],"replies":[{"embeddable":true,"href":"https:\/\/radioljubuski.ba\/index.php\/wp-json\/wp\/v2\/comments?post=27359"}],"version-history":[{"count":1,"href":"https:\/\/radioljubuski.ba\/index.php\/wp-json\/wp\/v2\/posts\/27359\/revisions"}],"predecessor-version":[{"id":27363,"href":"https:\/\/radioljubuski.ba\/index.php\/wp-json\/wp\/v2\/posts\/27359\/revisions\/27363"}],"wp:featuredmedia":[{"embeddable":true,"href":"https:\/\/radioljubuski.ba\/index.php\/wp-json\/wp\/v2\/media\/27362"}],"wp:attachment":[{"href":"https:\/\/radioljubuski.ba\/index.php\/wp-json\/wp\/v2\/media?parent=27359"}],"wp:term":[{"taxonomy":"category","embeddable":true,"href":"https:\/\/radioljubuski.ba\/index.php\/wp-json\/wp\/v2\/categories?post=27359"},{"taxonomy":"post_tag","embeddable":true,"href":"https:\/\/radioljubuski.ba\/index.php\/wp-json\/wp\/v2\/tags?post=27359"}],"curies":[{"name":"wp","href":"https:\/\/api.w.org\/{rel}","templated":true}]}}