{"id":27393,"date":"2021-06-01T13:02:34","date_gmt":"2021-06-01T12:02:34","guid":{"rendered":"https:\/\/radioljubuski.ba\/?p=27393"},"modified":"2021-06-01T13:02:34","modified_gmt":"2021-06-01T12:02:34","slug":"znate-li-koliko-nas-vrelih-dana-ocekuje-ovog-ljeta-stigla-je-vremenska-prognoza-za-bih","status":"publish","type":"post","link":"https:\/\/radioljubuski.ba\/index.php\/2021\/06\/01\/znate-li-koliko-nas-vrelih-dana-ocekuje-ovog-ljeta-stigla-je-vremenska-prognoza-za-bih\/","title":{"rendered":"Znate li koliko nas vrelih dana o\u010dekuje ovog ljeta? &#8211; Stigla je vremenska prognoza za BiH"},"content":{"rendered":"\n<p>U Bosni i Hercegovini se o\u010dekuje da \u0107e ovo ljeto biti ne\u0161to hladnije nego pro\u0161logodi\u0161nje, ali toplije od dvadesetogodi\u0161njeg prosjeka. Broj o\u010dekivanih vrelih dana je ve\u0107i od 24, a o\u010dekuje se da \u0107e pasti otprilike ista koli\u010dina padalina kao i u 2020.<\/p>\n\n\n\n<p>Federalni hidrometeorolo\u0161ki zavod je objavio prognozu za ljeto 2021. godine koju su radili u suradnji sa meteorolo\u0161kim servisima Mediterana.<\/p>\n\n\n\n<p><br>Dostupni prognosti\u010dki materijali europskih i svjetskih centara za dugoro\u010dnu prognozu pokazuju da se u narednom ljetnom periodu (lipanj, srpanj i kolovoz) na prostoru Bosne i Hercegovine prognozira toplije do znatno toplije u odnosu na prosje\u010dnu temperaturu u periodu 1981-2010 godine, uz umjerenu vjerojatno\u0107u prognoze od 50 posto.<\/p>\n\n\n\n<p>Najve\u0107a temperaturna odstupanja u odnosu na referentni niz o\u010dekuju se sredinom srpnja i po\u010detkom kolovoza.<\/p>\n\n\n\n<p>U usporedbi sa istim periodom pro\u0161le godine, ljeto 2021. godine trebalo bi biti malo svje\u017eije. Iako se tokom ljeta o\u010dekuju ve\u0107e prosje\u010dne temperature zraka, u navedenom periodu pored toplotnih vala nisu isklju\u010deni kra\u0107i periodi sa prodorima svje\u017eijih zra\u010dnih masa.<\/p>\n\n\n\n<p>Broj o\u010dekivanih vrelih dana u Bosni tokom ljeta ve\u0107i je od 24, a na podru\u010dju ju\u017ene Hercegovine prognozira se preko 65 vrelih dana. Prosje\u010dan broj vrelih dana tokom ljeta po gradovima bit \u0107e za Sarajevo 24, Tuzlu 28, Biha\u0107 27, Mostar 59.<\/p>\n\n\n\n<p>Prognoza za padaline<\/p>\n\n\n\n<p>Dostupni modeli za ukupnu koli\u010dinu padalina ne preferiraju ni jedan mogu\u0107i scenarij. Signal za padaline tokom ljeta nije izra\u017een za \u0161iri prostor Balkana. Napominjemo da prognoza padalina za dugo vremensko razdoblje nije pouzdana u toj mjeri kao prognoza temperature zraka. Vjerojatno\u0107a ostvarenja prognoze je mala (oko 33 posto).<\/p>\n\n\n\n<p>Raspored o\u010dekivanih padalina tokom ljeta bit \u0107e naujedna\u010den, s najmanjom koli\u010dinom u srpnju. Ukupna koli\u010dina padalina mogu\u0107e da budu kao i na ljeto 2020. godine.<\/p>\n\n\n\n<p>Tijekom ljeta usljed jakih konvektivnih aktivnosti mogu\u0107a su kra\u0107a razdoblja sa izra\u017eenijim pljuskovitim padalinama pra\u0107eni grmljavinskim nevremenom i gradom.<\/p>\n\n\n\n<p>Izvor:pogled.ba<\/p>\n","protected":false},"excerpt":{"rendered":"<p>U Bosni i Hercegovini se o\u010dekuje da \u0107e ovo ljeto biti ne\u0161to hladnije nego pro\u0161logodi\u0161nje, ali toplije od dvadesetogodi\u0161njeg prosjeka. Broj o\u010dekivanih vrelih dana je ve\u0107i od 24, a o\u010dekuje se da \u0107e pasti otprilike ista koli\u010dina padalina kao i u 2020. Federalni hidrometeorolo\u0161ki zavod je objavio prognozu za ljeto 2021. godine koju su radili [&hellip;]<\/p>\n","protected":false},"author":2,"featured_media":27394,"comment_status":"closed","ping_status":"closed","sticky":false,"template":"","format":"standard","meta":{"h5ap_radio_sources":[],"footnotes":""},"categories":[1],"tags":[],"class_list":["post-27393","post","type-post","status-publish","format-standard","has-post-thumbnail","hentry","category-bihiregija"],"yoast_head":"<!-- This site is optimized with the Yoast SEO plugin v27.5 - https:\/\/yoast.com\/product\/yoast-seo-wordpress\/ -->\n<title>Znate li koliko nas vrelih dana o\u010dekuje ovog ljeta? - Stigla je vremenska prognoza za BiH - RADIO LJUBU\u0160KI<\/title>\n<meta name=\"robots\" content=\"index, follow, max-snippet:-1, max-image-preview:large, max-video-preview:-1\" \/>\n<link rel=\"canonical\" href=\"https:\/\/radioljubuski.ba\/index.php\/2021\/06\/01\/znate-li-koliko-nas-vrelih-dana-ocekuje-ovog-ljeta-stigla-je-vremenska-prognoza-za-bih\/\" \/>\n<meta property=\"og:locale\" content=\"hr_HR\" \/>\n<meta property=\"og:type\" content=\"article\" \/>\n<meta property=\"og:title\" content=\"Znate li koliko nas vrelih dana o\u010dekuje ovog ljeta? - Stigla je vremenska prognoza za BiH - RADIO LJUBU\u0160KI\" \/>\n<meta property=\"og:description\" content=\"U Bosni i Hercegovini se o\u010dekuje da \u0107e ovo ljeto biti ne\u0161to hladnije nego pro\u0161logodi\u0161nje, ali toplije od dvadesetogodi\u0161njeg prosjeka. Broj o\u010dekivanih vrelih dana je ve\u0107i od 24, a o\u010dekuje se da \u0107e pasti otprilike ista koli\u010dina padalina kao i u 2020. Federalni hidrometeorolo\u0161ki zavod je objavio prognozu za ljeto 2021. godine koju su radili [&hellip;]\" \/>\n<meta property=\"og:url\" content=\"https:\/\/radioljubuski.ba\/index.php\/2021\/06\/01\/znate-li-koliko-nas-vrelih-dana-ocekuje-ovog-ljeta-stigla-je-vremenska-prognoza-za-bih\/\" \/>\n<meta property=\"og:site_name\" content=\"RADIO LJUBU\u0160KI\" \/>\n<meta property=\"article:publisher\" content=\"https:\/\/www.facebook.com\/Radiio-Ljubuski-1490835324566332\" \/>\n<meta property=\"article:published_time\" content=\"2021-06-01T12:02:34+00:00\" \/>\n<meta property=\"og:image\" content=\"https:\/\/radioljubuski.ba\/wp-content\/uploads\/2021\/06\/QY7He6hb_600_1499239353600_1494509780velike_vrucine.jpg\" \/>\n\t<meta property=\"og:image:width\" content=\"1000\" \/>\n\t<meta property=\"og:image:height\" content=\"625\" \/>\n\t<meta property=\"og:image:type\" content=\"image\/jpeg\" \/>\n<meta name=\"author\" content=\"Radio Ljubu\u0161ki\" \/>\n<meta name=\"twitter:card\" content=\"summary_large_image\" \/>\n<meta name=\"twitter:creator\" content=\"@radioljubuski\" \/>\n<meta name=\"twitter:site\" content=\"@radioljubuski\" \/>\n<meta name=\"twitter:label1\" content=\"Napisao\/la\" \/>\n\t<meta name=\"twitter:data1\" content=\"Radio Ljubu\u0161ki\" \/>\n\t<meta name=\"twitter:label2\" content=\"Procijenjeno vrijeme \u010ditanja\" \/>\n\t<meta name=\"twitter:data2\" content=\"2 minute\" \/>\n<script type=\"application\/ld+json\" class=\"yoast-schema-graph\">{\"@context\":\"https:\\\/\\\/schema.org\",\"@graph\":[{\"@type\":\"Article\",\"@id\":\"https:\\\/\\\/radioljubuski.ba\\\/index.php\\\/2021\\\/06\\\/01\\\/znate-li-koliko-nas-vrelih-dana-ocekuje-ovog-ljeta-stigla-je-vremenska-prognoza-za-bih\\\/#article\",\"isPartOf\":{\"@id\":\"https:\\\/\\\/radioljubuski.ba\\\/index.php\\\/2021\\\/06\\\/01\\\/znate-li-koliko-nas-vrelih-dana-ocekuje-ovog-ljeta-stigla-je-vremenska-prognoza-za-bih\\\/\"},\"author\":{\"name\":\"Radio Ljubu\u0161ki\",\"@id\":\"https:\\\/\\\/radioljubuski.ba\\\/#\\\/schema\\\/person\\\/19fc700381a780f69665d7956c469e3b\"},\"headline\":\"Znate li koliko nas vrelih dana o\u010dekuje ovog ljeta? &#8211; Stigla je vremenska prognoza za BiH\",\"datePublished\":\"2021-06-01T12:02:34+00:00\",\"mainEntityOfPage\":{\"@id\":\"https:\\\/\\\/radioljubuski.ba\\\/index.php\\\/2021\\\/06\\\/01\\\/znate-li-koliko-nas-vrelih-dana-ocekuje-ovog-ljeta-stigla-je-vremenska-prognoza-za-bih\\\/\"},\"wordCount\":351,\"publisher\":{\"@id\":\"https:\\\/\\\/radioljubuski.ba\\\/#organization\"},\"image\":{\"@id\":\"https:\\\/\\\/radioljubuski.ba\\\/index.php\\\/2021\\\/06\\\/01\\\/znate-li-koliko-nas-vrelih-dana-ocekuje-ovog-ljeta-stigla-je-vremenska-prognoza-za-bih\\\/#primaryimage\"},\"thumbnailUrl\":\"https:\\\/\\\/radioljubuski.ba\\\/wp-content\\\/uploads\\\/2021\\\/06\\\/QY7He6hb_600_1499239353600_1494509780velike_vrucine.jpg\",\"articleSection\":[\"BIH i regija\"],\"inLanguage\":\"hr\"},{\"@type\":\"WebPage\",\"@id\":\"https:\\\/\\\/radioljubuski.ba\\\/index.php\\\/2021\\\/06\\\/01\\\/znate-li-koliko-nas-vrelih-dana-ocekuje-ovog-ljeta-stigla-je-vremenska-prognoza-za-bih\\\/\",\"url\":\"https:\\\/\\\/radioljubuski.ba\\\/index.php\\\/2021\\\/06\\\/01\\\/znate-li-koliko-nas-vrelih-dana-ocekuje-ovog-ljeta-stigla-je-vremenska-prognoza-za-bih\\\/\",\"name\":\"Znate li koliko nas vrelih dana o\u010dekuje ovog ljeta? - Stigla je vremenska prognoza za BiH - RADIO LJUBU\u0160KI\",\"isPartOf\":{\"@id\":\"https:\\\/\\\/radioljubuski.ba\\\/#website\"},\"primaryImageOfPage\":{\"@id\":\"https:\\\/\\\/radioljubuski.ba\\\/index.php\\\/2021\\\/06\\\/01\\\/znate-li-koliko-nas-vrelih-dana-ocekuje-ovog-ljeta-stigla-je-vremenska-prognoza-za-bih\\\/#primaryimage\"},\"image\":{\"@id\":\"https:\\\/\\\/radioljubuski.ba\\\/index.php\\\/2021\\\/06\\\/01\\\/znate-li-koliko-nas-vrelih-dana-ocekuje-ovog-ljeta-stigla-je-vremenska-prognoza-za-bih\\\/#primaryimage\"},\"thumbnailUrl\":\"https:\\\/\\\/radioljubuski.ba\\\/wp-content\\\/uploads\\\/2021\\\/06\\\/QY7He6hb_600_1499239353600_1494509780velike_vrucine.jpg\",\"datePublished\":\"2021-06-01T12:02:34+00:00\",\"breadcrumb\":{\"@id\":\"https:\\\/\\\/radioljubuski.ba\\\/index.php\\\/2021\\\/06\\\/01\\\/znate-li-koliko-nas-vrelih-dana-ocekuje-ovog-ljeta-stigla-je-vremenska-prognoza-za-bih\\\/#breadcrumb\"},\"inLanguage\":\"hr\",\"potentialAction\":[{\"@type\":\"ReadAction\",\"target\":[\"https:\\\/\\\/radioljubuski.ba\\\/index.php\\\/2021\\\/06\\\/01\\\/znate-li-koliko-nas-vrelih-dana-ocekuje-ovog-ljeta-stigla-je-vremenska-prognoza-za-bih\\\/\"]}]},{\"@type\":\"ImageObject\",\"inLanguage\":\"hr\",\"@id\":\"https:\\\/\\\/radioljubuski.ba\\\/index.php\\\/2021\\\/06\\\/01\\\/znate-li-koliko-nas-vrelih-dana-ocekuje-ovog-ljeta-stigla-je-vremenska-prognoza-za-bih\\\/#primaryimage\",\"url\":\"https:\\\/\\\/radioljubuski.ba\\\/wp-content\\\/uploads\\\/2021\\\/06\\\/QY7He6hb_600_1499239353600_1494509780velike_vrucine.jpg\",\"contentUrl\":\"https:\\\/\\\/radioljubuski.ba\\\/wp-content\\\/uploads\\\/2021\\\/06\\\/QY7He6hb_600_1499239353600_1494509780velike_vrucine.jpg\",\"width\":1000,\"height\":625},{\"@type\":\"BreadcrumbList\",\"@id\":\"https:\\\/\\\/radioljubuski.ba\\\/index.php\\\/2021\\\/06\\\/01\\\/znate-li-koliko-nas-vrelih-dana-ocekuje-ovog-ljeta-stigla-je-vremenska-prognoza-za-bih\\\/#breadcrumb\",\"itemListElement\":[{\"@type\":\"ListItem\",\"position\":1,\"name\":\"Po\u010detna stranica\",\"item\":\"https:\\\/\\\/radioljubuski.ba\\\/\"},{\"@type\":\"ListItem\",\"position\":2,\"name\":\"Znate li koliko nas vrelih dana o\u010dekuje ovog ljeta? &#8211; Stigla je vremenska prognoza za BiH\"}]},{\"@type\":\"WebSite\",\"@id\":\"https:\\\/\\\/radioljubuski.ba\\\/#website\",\"url\":\"https:\\\/\\\/radioljubuski.ba\\\/\",\"name\":\"Radio Ljubu\u0161ki\",\"description\":\"Sun\u010dana frekvencija Hercegovine\",\"publisher\":{\"@id\":\"https:\\\/\\\/radioljubuski.ba\\\/#organization\"},\"potentialAction\":[{\"@type\":\"SearchAction\",\"target\":{\"@type\":\"EntryPoint\",\"urlTemplate\":\"https:\\\/\\\/radioljubuski.ba\\\/?s={search_term_string}\"},\"query-input\":{\"@type\":\"PropertyValueSpecification\",\"valueRequired\":true,\"valueName\":\"search_term_string\"}}],\"inLanguage\":\"hr\"},{\"@type\":\"Organization\",\"@id\":\"https:\\\/\\\/radioljubuski.ba\\\/#organization\",\"name\":\"Radio Ljubu\u0161ki\",\"url\":\"https:\\\/\\\/radioljubuski.ba\\\/\",\"logo\":{\"@type\":\"ImageObject\",\"inLanguage\":\"hr\",\"@id\":\"https:\\\/\\\/radioljubuski.ba\\\/#\\\/schema\\\/logo\\\/image\\\/\",\"url\":\"https:\\\/\\\/radioljubuski.ba\\\/wp-content\\\/uploads\\\/2021\\\/02\\\/cropped-Radio_Ljubuski_logo1.jpg\",\"contentUrl\":\"https:\\\/\\\/radioljubuski.ba\\\/wp-content\\\/uploads\\\/2021\\\/02\\\/cropped-Radio_Ljubuski_logo1.jpg\",\"width\":512,\"height\":512,\"caption\":\"Radio Ljubu\u0161ki\"},\"image\":{\"@id\":\"https:\\\/\\\/radioljubuski.ba\\\/#\\\/schema\\\/logo\\\/image\\\/\"},\"sameAs\":[\"https:\\\/\\\/www.facebook.com\\\/Radiio-Ljubuski-1490835324566332\",\"https:\\\/\\\/x.com\\\/radioljubuski\",\"https:\\\/\\\/hr.linkedin.com\\\/company\\\/radio-ljubuski\",\"https:\\\/\\\/www.youtube.com\\\/channel\\\/UCHYaeO_n0Db3tjNGudGpXyw\"]},{\"@type\":\"Person\",\"@id\":\"https:\\\/\\\/radioljubuski.ba\\\/#\\\/schema\\\/person\\\/19fc700381a780f69665d7956c469e3b\",\"name\":\"Radio Ljubu\u0161ki\"}]}<\/script>\n<!-- \/ Yoast SEO plugin. -->","yoast_head_json":{"title":"Znate li koliko nas vrelih dana o\u010dekuje ovog ljeta? - Stigla je vremenska prognoza za BiH - RADIO LJUBU\u0160KI","robots":{"index":"index","follow":"follow","max-snippet":"max-snippet:-1","max-image-preview":"max-image-preview:large","max-video-preview":"max-video-preview:-1"},"canonical":"https:\/\/radioljubuski.ba\/index.php\/2021\/06\/01\/znate-li-koliko-nas-vrelih-dana-ocekuje-ovog-ljeta-stigla-je-vremenska-prognoza-za-bih\/","og_locale":"hr_HR","og_type":"article","og_title":"Znate li koliko nas vrelih dana o\u010dekuje ovog ljeta? - Stigla je vremenska prognoza za BiH - RADIO LJUBU\u0160KI","og_description":"U Bosni i Hercegovini se o\u010dekuje da \u0107e ovo ljeto biti ne\u0161to hladnije nego pro\u0161logodi\u0161nje, ali toplije od dvadesetogodi\u0161njeg prosjeka. Broj o\u010dekivanih vrelih dana je ve\u0107i od 24, a o\u010dekuje se da \u0107e pasti otprilike ista koli\u010dina padalina kao i u 2020. Federalni hidrometeorolo\u0161ki zavod je objavio prognozu za ljeto 2021. godine koju su radili [&hellip;]","og_url":"https:\/\/radioljubuski.ba\/index.php\/2021\/06\/01\/znate-li-koliko-nas-vrelih-dana-ocekuje-ovog-ljeta-stigla-je-vremenska-prognoza-za-bih\/","og_site_name":"RADIO LJUBU\u0160KI","article_publisher":"https:\/\/www.facebook.com\/Radiio-Ljubuski-1490835324566332","article_published_time":"2021-06-01T12:02:34+00:00","og_image":[{"width":1000,"height":625,"url":"https:\/\/radioljubuski.ba\/wp-content\/uploads\/2021\/06\/QY7He6hb_600_1499239353600_1494509780velike_vrucine.jpg","type":"image\/jpeg"}],"author":"Radio Ljubu\u0161ki","twitter_card":"summary_large_image","twitter_creator":"@radioljubuski","twitter_site":"@radioljubuski","twitter_misc":{"Napisao\/la":"Radio Ljubu\u0161ki","Procijenjeno vrijeme \u010ditanja":"2 minute"},"schema":{"@context":"https:\/\/schema.org","@graph":[{"@type":"Article","@id":"https:\/\/radioljubuski.ba\/index.php\/2021\/06\/01\/znate-li-koliko-nas-vrelih-dana-ocekuje-ovog-ljeta-stigla-je-vremenska-prognoza-za-bih\/#article","isPartOf":{"@id":"https:\/\/radioljubuski.ba\/index.php\/2021\/06\/01\/znate-li-koliko-nas-vrelih-dana-ocekuje-ovog-ljeta-stigla-je-vremenska-prognoza-za-bih\/"},"author":{"name":"Radio Ljubu\u0161ki","@id":"https:\/\/radioljubuski.ba\/#\/schema\/person\/19fc700381a780f69665d7956c469e3b"},"headline":"Znate li koliko nas vrelih dana o\u010dekuje ovog ljeta? &#8211; Stigla je vremenska prognoza za BiH","datePublished":"2021-06-01T12:02:34+00:00","mainEntityOfPage":{"@id":"https:\/\/radioljubuski.ba\/index.php\/2021\/06\/01\/znate-li-koliko-nas-vrelih-dana-ocekuje-ovog-ljeta-stigla-je-vremenska-prognoza-za-bih\/"},"wordCount":351,"publisher":{"@id":"https:\/\/radioljubuski.ba\/#organization"},"image":{"@id":"https:\/\/radioljubuski.ba\/index.php\/2021\/06\/01\/znate-li-koliko-nas-vrelih-dana-ocekuje-ovog-ljeta-stigla-je-vremenska-prognoza-za-bih\/#primaryimage"},"thumbnailUrl":"https:\/\/radioljubuski.ba\/wp-content\/uploads\/2021\/06\/QY7He6hb_600_1499239353600_1494509780velike_vrucine.jpg","articleSection":["BIH i regija"],"inLanguage":"hr"},{"@type":"WebPage","@id":"https:\/\/radioljubuski.ba\/index.php\/2021\/06\/01\/znate-li-koliko-nas-vrelih-dana-ocekuje-ovog-ljeta-stigla-je-vremenska-prognoza-za-bih\/","url":"https:\/\/radioljubuski.ba\/index.php\/2021\/06\/01\/znate-li-koliko-nas-vrelih-dana-ocekuje-ovog-ljeta-stigla-je-vremenska-prognoza-za-bih\/","name":"Znate li koliko nas vrelih dana o\u010dekuje ovog ljeta? - Stigla je vremenska prognoza za BiH - RADIO LJUBU\u0160KI","isPartOf":{"@id":"https:\/\/radioljubuski.ba\/#website"},"primaryImageOfPage":{"@id":"https:\/\/radioljubuski.ba\/index.php\/2021\/06\/01\/znate-li-koliko-nas-vrelih-dana-ocekuje-ovog-ljeta-stigla-je-vremenska-prognoza-za-bih\/#primaryimage"},"image":{"@id":"https:\/\/radioljubuski.ba\/index.php\/2021\/06\/01\/znate-li-koliko-nas-vrelih-dana-ocekuje-ovog-ljeta-stigla-je-vremenska-prognoza-za-bih\/#primaryimage"},"thumbnailUrl":"https:\/\/radioljubuski.ba\/wp-content\/uploads\/2021\/06\/QY7He6hb_600_1499239353600_1494509780velike_vrucine.jpg","datePublished":"2021-06-01T12:02:34+00:00","breadcrumb":{"@id":"https:\/\/radioljubuski.ba\/index.php\/2021\/06\/01\/znate-li-koliko-nas-vrelih-dana-ocekuje-ovog-ljeta-stigla-je-vremenska-prognoza-za-bih\/#breadcrumb"},"inLanguage":"hr","potentialAction":[{"@type":"ReadAction","target":["https:\/\/radioljubuski.ba\/index.php\/2021\/06\/01\/znate-li-koliko-nas-vrelih-dana-ocekuje-ovog-ljeta-stigla-je-vremenska-prognoza-za-bih\/"]}]},{"@type":"ImageObject","inLanguage":"hr","@id":"https:\/\/radioljubuski.ba\/index.php\/2021\/06\/01\/znate-li-koliko-nas-vrelih-dana-ocekuje-ovog-ljeta-stigla-je-vremenska-prognoza-za-bih\/#primaryimage","url":"https:\/\/radioljubuski.ba\/wp-content\/uploads\/2021\/06\/QY7He6hb_600_1499239353600_1494509780velike_vrucine.jpg","contentUrl":"https:\/\/radioljubuski.ba\/wp-content\/uploads\/2021\/06\/QY7He6hb_600_1499239353600_1494509780velike_vrucine.jpg","width":1000,"height":625},{"@type":"BreadcrumbList","@id":"https:\/\/radioljubuski.ba\/index.php\/2021\/06\/01\/znate-li-koliko-nas-vrelih-dana-ocekuje-ovog-ljeta-stigla-je-vremenska-prognoza-za-bih\/#breadcrumb","itemListElement":[{"@type":"ListItem","position":1,"name":"Po\u010detna stranica","item":"https:\/\/radioljubuski.ba\/"},{"@type":"ListItem","position":2,"name":"Znate li koliko nas vrelih dana o\u010dekuje ovog ljeta? &#8211; Stigla je vremenska prognoza za BiH"}]},{"@type":"WebSite","@id":"https:\/\/radioljubuski.ba\/#website","url":"https:\/\/radioljubuski.ba\/","name":"Radio Ljubu\u0161ki","description":"Sun\u010dana frekvencija Hercegovine","publisher":{"@id":"https:\/\/radioljubuski.ba\/#organization"},"potentialAction":[{"@type":"SearchAction","target":{"@type":"EntryPoint","urlTemplate":"https:\/\/radioljubuski.ba\/?s={search_term_string}"},"query-input":{"@type":"PropertyValueSpecification","valueRequired":true,"valueName":"search_term_string"}}],"inLanguage":"hr"},{"@type":"Organization","@id":"https:\/\/radioljubuski.ba\/#organization","name":"Radio Ljubu\u0161ki","url":"https:\/\/radioljubuski.ba\/","logo":{"@type":"ImageObject","inLanguage":"hr","@id":"https:\/\/radioljubuski.ba\/#\/schema\/logo\/image\/","url":"https:\/\/radioljubuski.ba\/wp-content\/uploads\/2021\/02\/cropped-Radio_Ljubuski_logo1.jpg","contentUrl":"https:\/\/radioljubuski.ba\/wp-content\/uploads\/2021\/02\/cropped-Radio_Ljubuski_logo1.jpg","width":512,"height":512,"caption":"Radio Ljubu\u0161ki"},"image":{"@id":"https:\/\/radioljubuski.ba\/#\/schema\/logo\/image\/"},"sameAs":["https:\/\/www.facebook.com\/Radiio-Ljubuski-1490835324566332","https:\/\/x.com\/radioljubuski","https:\/\/hr.linkedin.com\/company\/radio-ljubuski","https:\/\/www.youtube.com\/channel\/UCHYaeO_n0Db3tjNGudGpXyw"]},{"@type":"Person","@id":"https:\/\/radioljubuski.ba\/#\/schema\/person\/19fc700381a780f69665d7956c469e3b","name":"Radio Ljubu\u0161ki"}]}},"_links":{"self":[{"href":"https:\/\/radioljubuski.ba\/index.php\/wp-json\/wp\/v2\/posts\/27393","targetHints":{"allow":["GET"]}}],"collection":[{"href":"https:\/\/radioljubuski.ba\/index.php\/wp-json\/wp\/v2\/posts"}],"about":[{"href":"https:\/\/radioljubuski.ba\/index.php\/wp-json\/wp\/v2\/types\/post"}],"author":[{"embeddable":true,"href":"https:\/\/radioljubuski.ba\/index.php\/wp-json\/wp\/v2\/users\/2"}],"replies":[{"embeddable":true,"href":"https:\/\/radioljubuski.ba\/index.php\/wp-json\/wp\/v2\/comments?post=27393"}],"version-history":[{"count":1,"href":"https:\/\/radioljubuski.ba\/index.php\/wp-json\/wp\/v2\/posts\/27393\/revisions"}],"predecessor-version":[{"id":27395,"href":"https:\/\/radioljubuski.ba\/index.php\/wp-json\/wp\/v2\/posts\/27393\/revisions\/27395"}],"wp:featuredmedia":[{"embeddable":true,"href":"https:\/\/radioljubuski.ba\/index.php\/wp-json\/wp\/v2\/media\/27394"}],"wp:attachment":[{"href":"https:\/\/radioljubuski.ba\/index.php\/wp-json\/wp\/v2\/media?parent=27393"}],"wp:term":[{"taxonomy":"category","embeddable":true,"href":"https:\/\/radioljubuski.ba\/index.php\/wp-json\/wp\/v2\/categories?post=27393"},{"taxonomy":"post_tag","embeddable":true,"href":"https:\/\/radioljubuski.ba\/index.php\/wp-json\/wp\/v2\/tags?post=27393"}],"curies":[{"name":"wp","href":"https:\/\/api.w.org\/{rel}","templated":true}]}}