{"id":27461,"date":"2021-06-01T20:52:01","date_gmt":"2021-06-01T19:52:01","guid":{"rendered":"https:\/\/radioljubuski.ba\/?p=27461"},"modified":"2021-06-01T20:52:01","modified_gmt":"2021-06-01T19:52:01","slug":"evo-koliko-su-teski-celni-ljudi-mostara","status":"publish","type":"post","link":"https:\/\/radioljubuski.ba\/index.php\/2021\/06\/01\/evo-koliko-su-teski-celni-ljudi-mostara\/","title":{"rendered":"Evo koliko su \u201cte\u0161ki\u201d \u010delni ljudi Mostara"},"content":{"rendered":"\n<p><strong>Mostarski gradona\u010delnik Mario Kordi\u0107 posjeduje imovinu vrijednu preko 2,5 milijuna KM, stoji u imovinskom kartonu dostavljenom Sredi\u0161njem izbornom povjerenstvu BiH kojeg je&nbsp;<a href=\"https:\/\/www.bljesak.info\/vijesti\/politika\/uvid-u-imovinske-kartone-koliko-su-teski-celni-ljudi-mostara\/349612\" target=\"_blank\" rel=\"noreferrer noopener\">Bljesak.info<\/a>&nbsp;imao na uvid.<\/strong><\/p>\n\n\n\n<p>Kodri\u0107 je pro\u0161le godine zaradio 78.039,81 KM, stoji u imovinskom kartonu kojeg je nakon stupanja na du\u017enost predao Sredi\u0161njem izbornom povjerenstvu BiH.<\/p>\n\n\n\n<p>Tako je Kordi\u0107 prijavio kako ima ku\u0107u u Podaci od 70 \u010detvornih metara vrijednu 400.000 KM, zemlji\u0161te u Mostaru povr\u0161ine 4.800 \u010detvornih metara vrijedno 100.000 te hotel u Njema\u010dkoj od 1.200 \u010detvornih metara vrijedan 2.000.000 KM.<\/p>\n\n\n\n<p>Na ra\u010dunu u banci mostarski gradona\u010delnik ima 50.000 KM, a njegova je supruga pro\u0161le godine na osnovu pla\u0107a uprihodila 31.587,81 KM. Gospo\u0111a Kordi\u0107 posjeduje stan u Zagrebu vrijedan 500.000 KM te Audi A3 iz 2012. godine vrijedan 20.000 KM.<\/p>\n\n\n\n<p>U imovini djece koja je vrjednija od 5.000 KM Kordi\u0107 je upisao stan u Mostaru od 80 \u010detvornih metara vrijedan 210.000 KM, Mercedes C klase vrijedan 30.000 KM te kunski bankovni ra\u010dun na kojem je iznos od 500.000.<\/p>\n\n\n\n<p>Salem Mari\u0107, predsjedatelj Gradskog vije\u0107a Grada Mostara u imovinskom kartonu naveo je kako je lani na ime pla\u0107e zaradio 27.840 KM te na osnovu invalidnine, koja mjese\u010dno iznosi 58 KM, 696,00 KM.<\/p>\n\n\n\n<p>Mari\u0107 je prijavio stan od 35 \u010detvornih metara vrijedan 67.000 KM, ku\u0107u od 197 \u010detvornih metara vrijednu 250.000 KM, zemlji\u0161te od 206 \u010detvornih metara vrijedno 10.000 KM, Mercedes E klase vrijedan 15.000 KM te 2.500 KM na ra\u010dunu u banci.<\/p>\n\n\n\n<p>Prijavio je i vikendicu od 50 \u010detvornih metara vrijednu 50.000 KM uz opasku kako je ona na obiteljskom imanju bez papira. Mari\u0107 je upisao kako je u velja\u010di vratio kredit od 50.000 KM.<\/p>\n\n\n\n<p>Mari\u0107eva supruga posjeduje bankovni ra\u010dun s 2.000 KM, a u pro\u0161loj je godini zaradila 12.492 KM na ovnovu pla\u0107e dok je u velja\u010di ove godine vratila kredit od 25.000 KM. Uz to, Mari\u0107 je kao imovinu djece upisao Renault Clio vrijedan 9.000 KM.<\/p>\n\n\n\n<p>Glavna savjetnica Grada Mostara Radmila Komadina u pro\u0161loj je godini zaradila 31.920 KM na osnovu pla\u0107a. Od imovine je prijavila ku\u0107u bez navo\u0111enja povr\u0161ine vrijednu oko 80.000 KM te zemlji\u0161te nepoznate povr\u0161ine vrijedno 50.000 KM.<\/p>\n\n\n\n<p>Njezin mu\u017e uprihodio je na osnovu mirovine 8.760 KM za pro\u0161lu godinu te posjeduje Renault Kangoo vrijedan 5.000 KM.<\/p>\n\n\n\n<p>Od Sredi\u0161njeg izbornog povjerenstva&nbsp;<a href=\"https:\/\/www.bljesak.info\/vijesti\/politika\/uvid-u-imovinske-kartone-koliko-su-teski-celni-ljudi-mostara\/349612\" target=\"_blank\" rel=\"noreferrer noopener\">Bljesak.info<\/a>&nbsp;zatra\u017eio je i imovinski karton biv\u0161eg mostarskog gradona\u010delnika Ljube Be\u0161li\u0107a, ali on im nije dat na uvid.<\/p>\n\n\n\n<p>U SIP-u nisu mogli ni potvrditi je li ga Be\u0161li\u0107 uop\u0107e dostavio iako to po zakonu mora u\u010diniti.<\/p>\n\n\n\n<p>Podsjetit \u0107emo samo na detalje iz velja\u010de 2009. godine kada smo objavili da je Be\u0161li\u0107 2008. godine kao gradona\u010delnik zaradio 33 tisu\u0107e maraka.<\/p>\n\n\n\n<p>\u201dVlasnik je stana vrijednog 200 tisu\u0107a, obiteljske ku\u0107e koja je procijenjena na 350 tisu\u0107a maraka, te ima dionice vrijedne 70 tisu\u0107a maraka u tvrtki \u201cInterijeri\u201d. Vozi automobil vrijedan 80 tisu\u0107a i ima u\u0161te\u0111enih 35 tisu\u0107a maraka. Kredit od 150 tisu\u0107a mu istje\u010de 2020.\u201d, pisalo je u podacima o Be\u0161li\u0107evoj imovini 2009. godine.<\/p>\n\n\n\n<p>Nije poznato jesu li ljudi koji sjede na tri \u010delne pozicije u Gradu prijavili svu imovinu, jer Sredi\u0161nje izborno povjerenstvo ne provjerava podatke iz imovinskih kartona koje su izabrani du\u017enosnici du\u017eni dostaviti SIP-u na po\u010detku i na kraju mandata.<\/p>\n\n\n\n<p>\/HMS\/<\/p>\n","protected":false},"excerpt":{"rendered":"<p>Mostarski gradona\u010delnik Mario Kordi\u0107 posjeduje imovinu vrijednu preko 2,5 milijuna KM, stoji u imovinskom kartonu dostavljenom Sredi\u0161njem izbornom povjerenstvu BiH kojeg je&nbsp;Bljesak.info&nbsp;imao na uvid. Kodri\u0107 je pro\u0161le godine zaradio 78.039,81 KM, stoji u imovinskom kartonu kojeg je nakon stupanja na du\u017enost predao Sredi\u0161njem izbornom povjerenstvu BiH. Tako je Kordi\u0107 prijavio kako ima ku\u0107u u Podaci [&hellip;]<\/p>\n","protected":false},"author":2,"featured_media":27462,"comment_status":"closed","ping_status":"closed","sticky":false,"template":"","format":"standard","meta":{"h5ap_radio_sources":[],"footnotes":""},"categories":[1],"tags":[],"class_list":["post-27461","post","type-post","status-publish","format-standard","has-post-thumbnail","hentry","category-bihiregija"],"yoast_head":"<!-- This site is optimized with the Yoast SEO plugin v27.5 - https:\/\/yoast.com\/product\/yoast-seo-wordpress\/ -->\n<title>Evo koliko su \u201cte\u0161ki\u201d \u010delni ljudi Mostara - RADIO LJUBU\u0160KI<\/title>\n<meta name=\"robots\" content=\"index, follow, max-snippet:-1, max-image-preview:large, max-video-preview:-1\" \/>\n<link rel=\"canonical\" href=\"https:\/\/radioljubuski.ba\/index.php\/2021\/06\/01\/evo-koliko-su-teski-celni-ljudi-mostara\/\" \/>\n<meta property=\"og:locale\" content=\"hr_HR\" \/>\n<meta property=\"og:type\" content=\"article\" \/>\n<meta property=\"og:title\" content=\"Evo koliko su \u201cte\u0161ki\u201d \u010delni ljudi Mostara - RADIO LJUBU\u0160KI\" \/>\n<meta property=\"og:description\" content=\"Mostarski gradona\u010delnik Mario Kordi\u0107 posjeduje imovinu vrijednu preko 2,5 milijuna KM, stoji u imovinskom kartonu dostavljenom Sredi\u0161njem izbornom povjerenstvu BiH kojeg je&nbsp;Bljesak.info&nbsp;imao na uvid. Kodri\u0107 je pro\u0161le godine zaradio 78.039,81 KM, stoji u imovinskom kartonu kojeg je nakon stupanja na du\u017enost predao Sredi\u0161njem izbornom povjerenstvu BiH. Tako je Kordi\u0107 prijavio kako ima ku\u0107u u Podaci [&hellip;]\" \/>\n<meta property=\"og:url\" content=\"https:\/\/radioljubuski.ba\/index.php\/2021\/06\/01\/evo-koliko-su-teski-celni-ljudi-mostara\/\" \/>\n<meta property=\"og:site_name\" content=\"RADIO LJUBU\u0160KI\" \/>\n<meta property=\"article:publisher\" content=\"https:\/\/www.facebook.com\/Radiio-Ljubuski-1490835324566332\" \/>\n<meta property=\"article:published_time\" content=\"2021-06-01T19:52:01+00:00\" \/>\n<meta property=\"og:image\" content=\"https:\/\/radioljubuski.ba\/wp-content\/uploads\/2021\/06\/feena-kordic-123-maric.jpg\" \/>\n\t<meta property=\"og:image:width\" content=\"750\" \/>\n\t<meta property=\"og:image:height\" content=\"450\" \/>\n\t<meta property=\"og:image:type\" content=\"image\/jpeg\" \/>\n<meta name=\"author\" content=\"Radio Ljubu\u0161ki\" \/>\n<meta name=\"twitter:card\" content=\"summary_large_image\" \/>\n<meta name=\"twitter:creator\" content=\"@radioljubuski\" \/>\n<meta name=\"twitter:site\" content=\"@radioljubuski\" \/>\n<meta name=\"twitter:label1\" content=\"Napisao\/la\" \/>\n\t<meta name=\"twitter:data1\" content=\"Radio Ljubu\u0161ki\" \/>\n\t<meta name=\"twitter:label2\" content=\"Procijenjeno vrijeme \u010ditanja\" \/>\n\t<meta name=\"twitter:data2\" content=\"3 minute\" \/>\n<script type=\"application\/ld+json\" class=\"yoast-schema-graph\">{\"@context\":\"https:\\\/\\\/schema.org\",\"@graph\":[{\"@type\":\"Article\",\"@id\":\"https:\\\/\\\/radioljubuski.ba\\\/index.php\\\/2021\\\/06\\\/01\\\/evo-koliko-su-teski-celni-ljudi-mostara\\\/#article\",\"isPartOf\":{\"@id\":\"https:\\\/\\\/radioljubuski.ba\\\/index.php\\\/2021\\\/06\\\/01\\\/evo-koliko-su-teski-celni-ljudi-mostara\\\/\"},\"author\":{\"name\":\"Radio Ljubu\u0161ki\",\"@id\":\"https:\\\/\\\/radioljubuski.ba\\\/#\\\/schema\\\/person\\\/19fc700381a780f69665d7956c469e3b\"},\"headline\":\"Evo koliko su \u201cte\u0161ki\u201d \u010delni ljudi Mostara\",\"datePublished\":\"2021-06-01T19:52:01+00:00\",\"mainEntityOfPage\":{\"@id\":\"https:\\\/\\\/radioljubuski.ba\\\/index.php\\\/2021\\\/06\\\/01\\\/evo-koliko-su-teski-celni-ljudi-mostara\\\/\"},\"wordCount\":544,\"publisher\":{\"@id\":\"https:\\\/\\\/radioljubuski.ba\\\/#organization\"},\"image\":{\"@id\":\"https:\\\/\\\/radioljubuski.ba\\\/index.php\\\/2021\\\/06\\\/01\\\/evo-koliko-su-teski-celni-ljudi-mostara\\\/#primaryimage\"},\"thumbnailUrl\":\"https:\\\/\\\/radioljubuski.ba\\\/wp-content\\\/uploads\\\/2021\\\/06\\\/feena-kordic-123-maric.jpg\",\"articleSection\":[\"BIH i regija\"],\"inLanguage\":\"hr\"},{\"@type\":\"WebPage\",\"@id\":\"https:\\\/\\\/radioljubuski.ba\\\/index.php\\\/2021\\\/06\\\/01\\\/evo-koliko-su-teski-celni-ljudi-mostara\\\/\",\"url\":\"https:\\\/\\\/radioljubuski.ba\\\/index.php\\\/2021\\\/06\\\/01\\\/evo-koliko-su-teski-celni-ljudi-mostara\\\/\",\"name\":\"Evo koliko su \u201cte\u0161ki\u201d \u010delni ljudi Mostara - RADIO LJUBU\u0160KI\",\"isPartOf\":{\"@id\":\"https:\\\/\\\/radioljubuski.ba\\\/#website\"},\"primaryImageOfPage\":{\"@id\":\"https:\\\/\\\/radioljubuski.ba\\\/index.php\\\/2021\\\/06\\\/01\\\/evo-koliko-su-teski-celni-ljudi-mostara\\\/#primaryimage\"},\"image\":{\"@id\":\"https:\\\/\\\/radioljubuski.ba\\\/index.php\\\/2021\\\/06\\\/01\\\/evo-koliko-su-teski-celni-ljudi-mostara\\\/#primaryimage\"},\"thumbnailUrl\":\"https:\\\/\\\/radioljubuski.ba\\\/wp-content\\\/uploads\\\/2021\\\/06\\\/feena-kordic-123-maric.jpg\",\"datePublished\":\"2021-06-01T19:52:01+00:00\",\"breadcrumb\":{\"@id\":\"https:\\\/\\\/radioljubuski.ba\\\/index.php\\\/2021\\\/06\\\/01\\\/evo-koliko-su-teski-celni-ljudi-mostara\\\/#breadcrumb\"},\"inLanguage\":\"hr\",\"potentialAction\":[{\"@type\":\"ReadAction\",\"target\":[\"https:\\\/\\\/radioljubuski.ba\\\/index.php\\\/2021\\\/06\\\/01\\\/evo-koliko-su-teski-celni-ljudi-mostara\\\/\"]}]},{\"@type\":\"ImageObject\",\"inLanguage\":\"hr\",\"@id\":\"https:\\\/\\\/radioljubuski.ba\\\/index.php\\\/2021\\\/06\\\/01\\\/evo-koliko-su-teski-celni-ljudi-mostara\\\/#primaryimage\",\"url\":\"https:\\\/\\\/radioljubuski.ba\\\/wp-content\\\/uploads\\\/2021\\\/06\\\/feena-kordic-123-maric.jpg\",\"contentUrl\":\"https:\\\/\\\/radioljubuski.ba\\\/wp-content\\\/uploads\\\/2021\\\/06\\\/feena-kordic-123-maric.jpg\",\"width\":750,\"height\":450},{\"@type\":\"BreadcrumbList\",\"@id\":\"https:\\\/\\\/radioljubuski.ba\\\/index.php\\\/2021\\\/06\\\/01\\\/evo-koliko-su-teski-celni-ljudi-mostara\\\/#breadcrumb\",\"itemListElement\":[{\"@type\":\"ListItem\",\"position\":1,\"name\":\"Po\u010detna stranica\",\"item\":\"https:\\\/\\\/radioljubuski.ba\\\/\"},{\"@type\":\"ListItem\",\"position\":2,\"name\":\"Evo koliko su \u201cte\u0161ki\u201d \u010delni ljudi Mostara\"}]},{\"@type\":\"WebSite\",\"@id\":\"https:\\\/\\\/radioljubuski.ba\\\/#website\",\"url\":\"https:\\\/\\\/radioljubuski.ba\\\/\",\"name\":\"Radio Ljubu\u0161ki\",\"description\":\"Sun\u010dana frekvencija Hercegovine\",\"publisher\":{\"@id\":\"https:\\\/\\\/radioljubuski.ba\\\/#organization\"},\"potentialAction\":[{\"@type\":\"SearchAction\",\"target\":{\"@type\":\"EntryPoint\",\"urlTemplate\":\"https:\\\/\\\/radioljubuski.ba\\\/?s={search_term_string}\"},\"query-input\":{\"@type\":\"PropertyValueSpecification\",\"valueRequired\":true,\"valueName\":\"search_term_string\"}}],\"inLanguage\":\"hr\"},{\"@type\":\"Organization\",\"@id\":\"https:\\\/\\\/radioljubuski.ba\\\/#organization\",\"name\":\"Radio Ljubu\u0161ki\",\"url\":\"https:\\\/\\\/radioljubuski.ba\\\/\",\"logo\":{\"@type\":\"ImageObject\",\"inLanguage\":\"hr\",\"@id\":\"https:\\\/\\\/radioljubuski.ba\\\/#\\\/schema\\\/logo\\\/image\\\/\",\"url\":\"https:\\\/\\\/radioljubuski.ba\\\/wp-content\\\/uploads\\\/2021\\\/02\\\/cropped-Radio_Ljubuski_logo1.jpg\",\"contentUrl\":\"https:\\\/\\\/radioljubuski.ba\\\/wp-content\\\/uploads\\\/2021\\\/02\\\/cropped-Radio_Ljubuski_logo1.jpg\",\"width\":512,\"height\":512,\"caption\":\"Radio Ljubu\u0161ki\"},\"image\":{\"@id\":\"https:\\\/\\\/radioljubuski.ba\\\/#\\\/schema\\\/logo\\\/image\\\/\"},\"sameAs\":[\"https:\\\/\\\/www.facebook.com\\\/Radiio-Ljubuski-1490835324566332\",\"https:\\\/\\\/x.com\\\/radioljubuski\",\"https:\\\/\\\/hr.linkedin.com\\\/company\\\/radio-ljubuski\",\"https:\\\/\\\/www.youtube.com\\\/channel\\\/UCHYaeO_n0Db3tjNGudGpXyw\"]},{\"@type\":\"Person\",\"@id\":\"https:\\\/\\\/radioljubuski.ba\\\/#\\\/schema\\\/person\\\/19fc700381a780f69665d7956c469e3b\",\"name\":\"Radio Ljubu\u0161ki\"}]}<\/script>\n<!-- \/ Yoast SEO plugin. -->","yoast_head_json":{"title":"Evo koliko su \u201cte\u0161ki\u201d \u010delni ljudi Mostara - RADIO LJUBU\u0160KI","robots":{"index":"index","follow":"follow","max-snippet":"max-snippet:-1","max-image-preview":"max-image-preview:large","max-video-preview":"max-video-preview:-1"},"canonical":"https:\/\/radioljubuski.ba\/index.php\/2021\/06\/01\/evo-koliko-su-teski-celni-ljudi-mostara\/","og_locale":"hr_HR","og_type":"article","og_title":"Evo koliko su \u201cte\u0161ki\u201d \u010delni ljudi Mostara - RADIO LJUBU\u0160KI","og_description":"Mostarski gradona\u010delnik Mario Kordi\u0107 posjeduje imovinu vrijednu preko 2,5 milijuna KM, stoji u imovinskom kartonu dostavljenom Sredi\u0161njem izbornom povjerenstvu BiH kojeg je&nbsp;Bljesak.info&nbsp;imao na uvid. Kodri\u0107 je pro\u0161le godine zaradio 78.039,81 KM, stoji u imovinskom kartonu kojeg je nakon stupanja na du\u017enost predao Sredi\u0161njem izbornom povjerenstvu BiH. Tako je Kordi\u0107 prijavio kako ima ku\u0107u u Podaci [&hellip;]","og_url":"https:\/\/radioljubuski.ba\/index.php\/2021\/06\/01\/evo-koliko-su-teski-celni-ljudi-mostara\/","og_site_name":"RADIO LJUBU\u0160KI","article_publisher":"https:\/\/www.facebook.com\/Radiio-Ljubuski-1490835324566332","article_published_time":"2021-06-01T19:52:01+00:00","og_image":[{"width":750,"height":450,"url":"https:\/\/radioljubuski.ba\/wp-content\/uploads\/2021\/06\/feena-kordic-123-maric.jpg","type":"image\/jpeg"}],"author":"Radio Ljubu\u0161ki","twitter_card":"summary_large_image","twitter_creator":"@radioljubuski","twitter_site":"@radioljubuski","twitter_misc":{"Napisao\/la":"Radio Ljubu\u0161ki","Procijenjeno vrijeme \u010ditanja":"3 minute"},"schema":{"@context":"https:\/\/schema.org","@graph":[{"@type":"Article","@id":"https:\/\/radioljubuski.ba\/index.php\/2021\/06\/01\/evo-koliko-su-teski-celni-ljudi-mostara\/#article","isPartOf":{"@id":"https:\/\/radioljubuski.ba\/index.php\/2021\/06\/01\/evo-koliko-su-teski-celni-ljudi-mostara\/"},"author":{"name":"Radio Ljubu\u0161ki","@id":"https:\/\/radioljubuski.ba\/#\/schema\/person\/19fc700381a780f69665d7956c469e3b"},"headline":"Evo koliko su \u201cte\u0161ki\u201d \u010delni ljudi Mostara","datePublished":"2021-06-01T19:52:01+00:00","mainEntityOfPage":{"@id":"https:\/\/radioljubuski.ba\/index.php\/2021\/06\/01\/evo-koliko-su-teski-celni-ljudi-mostara\/"},"wordCount":544,"publisher":{"@id":"https:\/\/radioljubuski.ba\/#organization"},"image":{"@id":"https:\/\/radioljubuski.ba\/index.php\/2021\/06\/01\/evo-koliko-su-teski-celni-ljudi-mostara\/#primaryimage"},"thumbnailUrl":"https:\/\/radioljubuski.ba\/wp-content\/uploads\/2021\/06\/feena-kordic-123-maric.jpg","articleSection":["BIH i regija"],"inLanguage":"hr"},{"@type":"WebPage","@id":"https:\/\/radioljubuski.ba\/index.php\/2021\/06\/01\/evo-koliko-su-teski-celni-ljudi-mostara\/","url":"https:\/\/radioljubuski.ba\/index.php\/2021\/06\/01\/evo-koliko-su-teski-celni-ljudi-mostara\/","name":"Evo koliko su \u201cte\u0161ki\u201d \u010delni ljudi Mostara - RADIO LJUBU\u0160KI","isPartOf":{"@id":"https:\/\/radioljubuski.ba\/#website"},"primaryImageOfPage":{"@id":"https:\/\/radioljubuski.ba\/index.php\/2021\/06\/01\/evo-koliko-su-teski-celni-ljudi-mostara\/#primaryimage"},"image":{"@id":"https:\/\/radioljubuski.ba\/index.php\/2021\/06\/01\/evo-koliko-su-teski-celni-ljudi-mostara\/#primaryimage"},"thumbnailUrl":"https:\/\/radioljubuski.ba\/wp-content\/uploads\/2021\/06\/feena-kordic-123-maric.jpg","datePublished":"2021-06-01T19:52:01+00:00","breadcrumb":{"@id":"https:\/\/radioljubuski.ba\/index.php\/2021\/06\/01\/evo-koliko-su-teski-celni-ljudi-mostara\/#breadcrumb"},"inLanguage":"hr","potentialAction":[{"@type":"ReadAction","target":["https:\/\/radioljubuski.ba\/index.php\/2021\/06\/01\/evo-koliko-su-teski-celni-ljudi-mostara\/"]}]},{"@type":"ImageObject","inLanguage":"hr","@id":"https:\/\/radioljubuski.ba\/index.php\/2021\/06\/01\/evo-koliko-su-teski-celni-ljudi-mostara\/#primaryimage","url":"https:\/\/radioljubuski.ba\/wp-content\/uploads\/2021\/06\/feena-kordic-123-maric.jpg","contentUrl":"https:\/\/radioljubuski.ba\/wp-content\/uploads\/2021\/06\/feena-kordic-123-maric.jpg","width":750,"height":450},{"@type":"BreadcrumbList","@id":"https:\/\/radioljubuski.ba\/index.php\/2021\/06\/01\/evo-koliko-su-teski-celni-ljudi-mostara\/#breadcrumb","itemListElement":[{"@type":"ListItem","position":1,"name":"Po\u010detna stranica","item":"https:\/\/radioljubuski.ba\/"},{"@type":"ListItem","position":2,"name":"Evo koliko su \u201cte\u0161ki\u201d \u010delni ljudi Mostara"}]},{"@type":"WebSite","@id":"https:\/\/radioljubuski.ba\/#website","url":"https:\/\/radioljubuski.ba\/","name":"Radio Ljubu\u0161ki","description":"Sun\u010dana frekvencija Hercegovine","publisher":{"@id":"https:\/\/radioljubuski.ba\/#organization"},"potentialAction":[{"@type":"SearchAction","target":{"@type":"EntryPoint","urlTemplate":"https:\/\/radioljubuski.ba\/?s={search_term_string}"},"query-input":{"@type":"PropertyValueSpecification","valueRequired":true,"valueName":"search_term_string"}}],"inLanguage":"hr"},{"@type":"Organization","@id":"https:\/\/radioljubuski.ba\/#organization","name":"Radio Ljubu\u0161ki","url":"https:\/\/radioljubuski.ba\/","logo":{"@type":"ImageObject","inLanguage":"hr","@id":"https:\/\/radioljubuski.ba\/#\/schema\/logo\/image\/","url":"https:\/\/radioljubuski.ba\/wp-content\/uploads\/2021\/02\/cropped-Radio_Ljubuski_logo1.jpg","contentUrl":"https:\/\/radioljubuski.ba\/wp-content\/uploads\/2021\/02\/cropped-Radio_Ljubuski_logo1.jpg","width":512,"height":512,"caption":"Radio Ljubu\u0161ki"},"image":{"@id":"https:\/\/radioljubuski.ba\/#\/schema\/logo\/image\/"},"sameAs":["https:\/\/www.facebook.com\/Radiio-Ljubuski-1490835324566332","https:\/\/x.com\/radioljubuski","https:\/\/hr.linkedin.com\/company\/radio-ljubuski","https:\/\/www.youtube.com\/channel\/UCHYaeO_n0Db3tjNGudGpXyw"]},{"@type":"Person","@id":"https:\/\/radioljubuski.ba\/#\/schema\/person\/19fc700381a780f69665d7956c469e3b","name":"Radio Ljubu\u0161ki"}]}},"_links":{"self":[{"href":"https:\/\/radioljubuski.ba\/index.php\/wp-json\/wp\/v2\/posts\/27461","targetHints":{"allow":["GET"]}}],"collection":[{"href":"https:\/\/radioljubuski.ba\/index.php\/wp-json\/wp\/v2\/posts"}],"about":[{"href":"https:\/\/radioljubuski.ba\/index.php\/wp-json\/wp\/v2\/types\/post"}],"author":[{"embeddable":true,"href":"https:\/\/radioljubuski.ba\/index.php\/wp-json\/wp\/v2\/users\/2"}],"replies":[{"embeddable":true,"href":"https:\/\/radioljubuski.ba\/index.php\/wp-json\/wp\/v2\/comments?post=27461"}],"version-history":[{"count":1,"href":"https:\/\/radioljubuski.ba\/index.php\/wp-json\/wp\/v2\/posts\/27461\/revisions"}],"predecessor-version":[{"id":27463,"href":"https:\/\/radioljubuski.ba\/index.php\/wp-json\/wp\/v2\/posts\/27461\/revisions\/27463"}],"wp:featuredmedia":[{"embeddable":true,"href":"https:\/\/radioljubuski.ba\/index.php\/wp-json\/wp\/v2\/media\/27462"}],"wp:attachment":[{"href":"https:\/\/radioljubuski.ba\/index.php\/wp-json\/wp\/v2\/media?parent=27461"}],"wp:term":[{"taxonomy":"category","embeddable":true,"href":"https:\/\/radioljubuski.ba\/index.php\/wp-json\/wp\/v2\/categories?post=27461"},{"taxonomy":"post_tag","embeddable":true,"href":"https:\/\/radioljubuski.ba\/index.php\/wp-json\/wp\/v2\/tags?post=27461"}],"curies":[{"name":"wp","href":"https:\/\/api.w.org\/{rel}","templated":true}]}}