{"id":2747,"date":"2021-03-11T11:10:02","date_gmt":"2021-03-11T10:10:02","guid":{"rendered":"https:\/\/radioljubuski.ba\/?p=2747"},"modified":"2021-03-11T11:10:03","modified_gmt":"2021-03-11T10:10:03","slug":"kraljica-preuzima-inicijativu-doslo-je-vrijeme-za-drugaciji-pristup-ja-cu-sve-rijesiti-znam-i-kako-a-vi-ostali-sutite","status":"publish","type":"post","link":"https:\/\/radioljubuski.ba\/index.php\/2021\/03\/11\/kraljica-preuzima-inicijativu-doslo-je-vrijeme-za-drugaciji-pristup-ja-cu-sve-rijesiti-znam-i-kako-a-vi-ostali-sutite\/","title":{"rendered":"Kraljica preuzima inicijativu: \u2018Do\u0161lo je vrijeme za druga\u010diji pristup, ja \u0107u sve rije\u0161iti, znam i kako, a vi ostali \u0161utite!\u2018"},"content":{"rendered":"\n<p>Kraljica Elizabeta II planira ponuditi maslinovu gran\u010dicu princu Harryju i vojvotkinji od Sussexa Meghan Markle preuzimaju\u0107i odgovornost za posljedice njihova eksplozivnog intervjua \u0161to su ga dali Oprah Winfrey.<\/p>\n\n\n\n<p>Nakon niza \u0161okantnih navoda iznesenih u intervjuu \u010dlanovi kraljevske obitelji jo\u0161 uvijek ne mogu do\u0107i sebi, no kraljica je pisanim putem izdala najstro\u017eu naredbu kako bi sprije\u010dila osoblje da o tome komunicira o tome u javnosti.<\/p>\n\n\n\n<p>Navodno je odlu\u010dila osobno doprijeti do odmetnutog para koji \u017eivi u Kaliforniji. O\u010dekuje se da \u0107e u idu\u0107ih nekoliko dana s njima stupiti u kontakt telefonski. Kako javlja Daily Mail, Harry i Meghan su za priop\u0107enje iz Buckinghamske pala\u010de doznali prije nego \u0161to je ono odaslano u javnost, no kraljica sada vjeruje da je do\u0161lo vrijeme za intimniji pristup, prenosi <a href=\"https:\/\/www.jutarnji.hr\/scena\/strane-zvijezde\/kraljica-u-ofenzivi-doslo-je-vrijeme-za-drugaciji-pristup-ja-cu-to-rijesiti-znam-kako-a-vi-ostali-zacepite-15056891\" target=\"_blank\" rel=\"noreferrer noopener\">Jutarnji list<\/a>.<\/p>\n\n\n\n<p>Odluka 94-godi\u0161nje monarhinje da preuzme inicijativu \u010dini se razumnom, ocjenjuje promonarhisti\u010dki Daily Mail. Ostali \u010dlanovi kraljevske obitelji, poput princa Charlesa i vojvode od Cambridgea, princa Williama, silno su bili uzrujani zbog na\u010dina na koji su ih Meghan i Harry opisali.<\/p>\n\n\n\n<p>Harry je izme\u0111u ostalog rekao kako osje\u0107a da ga je otac iznevjerio te da je ignorirao njegove pozive prije odluke o napu\u0161tanju kraljevskih du\u017enosti. Tako\u0111er je priznao da izme\u0111u njega i Williama jo\u0161 uvijek postoji veliki jaz.<\/p>\n\n\n\n<p>Harry je tako\u0111er optu\u017eio neimenovanog \u010dlana obitelji za rasizam rekav\u0161i da je sa suprugom i sinom Archiejem odlu\u010dio napustiti Veliku Britaniju jer od drugih \u010dlanova obitelji nije dobio podr\u0161ku.<\/p>\n\n\n\n<p>Podsjetimo, kraljica Elizabeta II i njezina obitelj objavili su utorak da ih je rastu\u017eilo saznanje o iskustvima princa Harryja i njegove supruge Meghan i da \u0107e se pozabaviti pitanjem o rasi koje su iznijeli u intervjuu.<\/p>\n\n\n\n<p>&#8220;Cijela obitelj je ra\u017ealo\u0161\u0107ena zbog saznanja koliko su protekle godine bile izazovne za Harryja i Meghan&#8221;, priop\u0107ila je Buckinghamska pala\u010da.<\/p>\n\n\n\n<p>&#8220;Otvorena pitanja, osobito ona o rasi, zabrinjavaju\u0107a su. Iako se neka sje\u0107anja mogu razlikovati, ona se shva\u0107aju vrlo ozbiljno i obitelj \u0107e ih privatno rje\u0161avati&#8221;, dodaje se.<\/p>\n\n\n\n<p>Pi\u0161e JL<\/p>\n","protected":false},"excerpt":{"rendered":"<p>Kraljica Elizabeta II planira ponuditi maslinovu gran\u010dicu princu Harryju i vojvotkinji od Sussexa Meghan Markle preuzimaju\u0107i odgovornost za posljedice njihova eksplozivnog intervjua \u0161to su ga dali Oprah Winfrey. Nakon niza \u0161okantnih navoda iznesenih u intervjuu \u010dlanovi kraljevske obitelji jo\u0161 uvijek ne mogu do\u0107i sebi, no kraljica je pisanim putem izdala najstro\u017eu naredbu kako bi sprije\u010dila [&hellip;]<\/p>\n","protected":false},"author":2,"featured_media":2748,"comment_status":"closed","ping_status":"closed","sticky":false,"template":"","format":"standard","meta":{"h5ap_radio_sources":[],"footnotes":""},"categories":[1],"tags":[],"class_list":["post-2747","post","type-post","status-publish","format-standard","has-post-thumbnail","hentry","category-bihiregija"],"yoast_head":"<!-- This site is optimized with the Yoast SEO plugin v27.5 - https:\/\/yoast.com\/product\/yoast-seo-wordpress\/ -->\n<title>Kraljica preuzima inicijativu: \u2018Do\u0161lo je vrijeme za druga\u010diji pristup, ja \u0107u sve rije\u0161iti, znam i kako, a vi ostali \u0161utite!\u2018 - RADIO LJUBU\u0160KI<\/title>\n<meta name=\"robots\" content=\"index, follow, max-snippet:-1, max-image-preview:large, max-video-preview:-1\" \/>\n<link rel=\"canonical\" href=\"https:\/\/radioljubuski.ba\/index.php\/2021\/03\/11\/kraljica-preuzima-inicijativu-doslo-je-vrijeme-za-drugaciji-pristup-ja-cu-sve-rijesiti-znam-i-kako-a-vi-ostali-sutite\/\" \/>\n<meta property=\"og:locale\" content=\"hr_HR\" \/>\n<meta property=\"og:type\" content=\"article\" \/>\n<meta property=\"og:title\" content=\"Kraljica preuzima inicijativu: \u2018Do\u0161lo je vrijeme za druga\u010diji pristup, ja \u0107u sve rije\u0161iti, znam i kako, a vi ostali \u0161utite!\u2018 - RADIO LJUBU\u0160KI\" \/>\n<meta property=\"og:description\" content=\"Kraljica Elizabeta II planira ponuditi maslinovu gran\u010dicu princu Harryju i vojvotkinji od Sussexa Meghan Markle preuzimaju\u0107i odgovornost za posljedice njihova eksplozivnog intervjua \u0161to su ga dali Oprah Winfrey. Nakon niza \u0161okantnih navoda iznesenih u intervjuu \u010dlanovi kraljevske obitelji jo\u0161 uvijek ne mogu do\u0107i sebi, no kraljica je pisanim putem izdala najstro\u017eu naredbu kako bi sprije\u010dila [&hellip;]\" \/>\n<meta property=\"og:url\" content=\"https:\/\/radioljubuski.ba\/index.php\/2021\/03\/11\/kraljica-preuzima-inicijativu-doslo-je-vrijeme-za-drugaciji-pristup-ja-cu-sve-rijesiti-znam-i-kako-a-vi-ostali-sutite\/\" \/>\n<meta property=\"og:site_name\" content=\"RADIO LJUBU\u0160KI\" \/>\n<meta property=\"article:publisher\" content=\"https:\/\/www.facebook.com\/Radiio-Ljubuski-1490835324566332\" \/>\n<meta property=\"article:published_time\" content=\"2021-03-11T10:10:02+00:00\" \/>\n<meta property=\"article:modified_time\" content=\"2021-03-11T10:10:03+00:00\" \/>\n<meta property=\"og:image\" content=\"https:\/\/radioljubuski.ba\/wp-content\/uploads\/2021\/03\/66-3.png\" \/>\n\t<meta property=\"og:image:width\" content=\"582\" \/>\n\t<meta property=\"og:image:height\" content=\"429\" \/>\n\t<meta property=\"og:image:type\" content=\"image\/png\" \/>\n<meta name=\"author\" content=\"Radio Ljubu\u0161ki\" \/>\n<meta name=\"twitter:card\" content=\"summary_large_image\" \/>\n<meta name=\"twitter:creator\" content=\"@radioljubuski\" \/>\n<meta name=\"twitter:site\" content=\"@radioljubuski\" \/>\n<meta name=\"twitter:label1\" content=\"Napisao\/la\" \/>\n\t<meta name=\"twitter:data1\" content=\"Radio Ljubu\u0161ki\" \/>\n\t<meta name=\"twitter:label2\" content=\"Procijenjeno vrijeme \u010ditanja\" \/>\n\t<meta name=\"twitter:data2\" content=\"2 minute\" \/>\n<script type=\"application\/ld+json\" class=\"yoast-schema-graph\">{\"@context\":\"https:\\\/\\\/schema.org\",\"@graph\":[{\"@type\":\"Article\",\"@id\":\"https:\\\/\\\/radioljubuski.ba\\\/index.php\\\/2021\\\/03\\\/11\\\/kraljica-preuzima-inicijativu-doslo-je-vrijeme-za-drugaciji-pristup-ja-cu-sve-rijesiti-znam-i-kako-a-vi-ostali-sutite\\\/#article\",\"isPartOf\":{\"@id\":\"https:\\\/\\\/radioljubuski.ba\\\/index.php\\\/2021\\\/03\\\/11\\\/kraljica-preuzima-inicijativu-doslo-je-vrijeme-za-drugaciji-pristup-ja-cu-sve-rijesiti-znam-i-kako-a-vi-ostali-sutite\\\/\"},\"author\":{\"name\":\"Radio Ljubu\u0161ki\",\"@id\":\"https:\\\/\\\/radioljubuski.ba\\\/#\\\/schema\\\/person\\\/19fc700381a780f69665d7956c469e3b\"},\"headline\":\"Kraljica preuzima inicijativu: \u2018Do\u0161lo je vrijeme za druga\u010diji pristup, ja \u0107u sve rije\u0161iti, znam i kako, a vi ostali \u0161utite!\u2018\",\"datePublished\":\"2021-03-11T10:10:02+00:00\",\"dateModified\":\"2021-03-11T10:10:03+00:00\",\"mainEntityOfPage\":{\"@id\":\"https:\\\/\\\/radioljubuski.ba\\\/index.php\\\/2021\\\/03\\\/11\\\/kraljica-preuzima-inicijativu-doslo-je-vrijeme-za-drugaciji-pristup-ja-cu-sve-rijesiti-znam-i-kako-a-vi-ostali-sutite\\\/\"},\"wordCount\":375,\"publisher\":{\"@id\":\"https:\\\/\\\/radioljubuski.ba\\\/#organization\"},\"image\":{\"@id\":\"https:\\\/\\\/radioljubuski.ba\\\/index.php\\\/2021\\\/03\\\/11\\\/kraljica-preuzima-inicijativu-doslo-je-vrijeme-za-drugaciji-pristup-ja-cu-sve-rijesiti-znam-i-kako-a-vi-ostali-sutite\\\/#primaryimage\"},\"thumbnailUrl\":\"https:\\\/\\\/radioljubuski.ba\\\/wp-content\\\/uploads\\\/2021\\\/03\\\/66-3.png\",\"articleSection\":[\"BIH i regija\"],\"inLanguage\":\"hr\"},{\"@type\":\"WebPage\",\"@id\":\"https:\\\/\\\/radioljubuski.ba\\\/index.php\\\/2021\\\/03\\\/11\\\/kraljica-preuzima-inicijativu-doslo-je-vrijeme-za-drugaciji-pristup-ja-cu-sve-rijesiti-znam-i-kako-a-vi-ostali-sutite\\\/\",\"url\":\"https:\\\/\\\/radioljubuski.ba\\\/index.php\\\/2021\\\/03\\\/11\\\/kraljica-preuzima-inicijativu-doslo-je-vrijeme-za-drugaciji-pristup-ja-cu-sve-rijesiti-znam-i-kako-a-vi-ostali-sutite\\\/\",\"name\":\"Kraljica preuzima inicijativu: \u2018Do\u0161lo je vrijeme za druga\u010diji pristup, ja \u0107u sve rije\u0161iti, znam i kako, a vi ostali \u0161utite!\u2018 - RADIO LJUBU\u0160KI\",\"isPartOf\":{\"@id\":\"https:\\\/\\\/radioljubuski.ba\\\/#website\"},\"primaryImageOfPage\":{\"@id\":\"https:\\\/\\\/radioljubuski.ba\\\/index.php\\\/2021\\\/03\\\/11\\\/kraljica-preuzima-inicijativu-doslo-je-vrijeme-za-drugaciji-pristup-ja-cu-sve-rijesiti-znam-i-kako-a-vi-ostali-sutite\\\/#primaryimage\"},\"image\":{\"@id\":\"https:\\\/\\\/radioljubuski.ba\\\/index.php\\\/2021\\\/03\\\/11\\\/kraljica-preuzima-inicijativu-doslo-je-vrijeme-za-drugaciji-pristup-ja-cu-sve-rijesiti-znam-i-kako-a-vi-ostali-sutite\\\/#primaryimage\"},\"thumbnailUrl\":\"https:\\\/\\\/radioljubuski.ba\\\/wp-content\\\/uploads\\\/2021\\\/03\\\/66-3.png\",\"datePublished\":\"2021-03-11T10:10:02+00:00\",\"dateModified\":\"2021-03-11T10:10:03+00:00\",\"breadcrumb\":{\"@id\":\"https:\\\/\\\/radioljubuski.ba\\\/index.php\\\/2021\\\/03\\\/11\\\/kraljica-preuzima-inicijativu-doslo-je-vrijeme-za-drugaciji-pristup-ja-cu-sve-rijesiti-znam-i-kako-a-vi-ostali-sutite\\\/#breadcrumb\"},\"inLanguage\":\"hr\",\"potentialAction\":[{\"@type\":\"ReadAction\",\"target\":[\"https:\\\/\\\/radioljubuski.ba\\\/index.php\\\/2021\\\/03\\\/11\\\/kraljica-preuzima-inicijativu-doslo-je-vrijeme-za-drugaciji-pristup-ja-cu-sve-rijesiti-znam-i-kako-a-vi-ostali-sutite\\\/\"]}]},{\"@type\":\"ImageObject\",\"inLanguage\":\"hr\",\"@id\":\"https:\\\/\\\/radioljubuski.ba\\\/index.php\\\/2021\\\/03\\\/11\\\/kraljica-preuzima-inicijativu-doslo-je-vrijeme-za-drugaciji-pristup-ja-cu-sve-rijesiti-znam-i-kako-a-vi-ostali-sutite\\\/#primaryimage\",\"url\":\"https:\\\/\\\/radioljubuski.ba\\\/wp-content\\\/uploads\\\/2021\\\/03\\\/66-3.png\",\"contentUrl\":\"https:\\\/\\\/radioljubuski.ba\\\/wp-content\\\/uploads\\\/2021\\\/03\\\/66-3.png\",\"width\":582,\"height\":429},{\"@type\":\"BreadcrumbList\",\"@id\":\"https:\\\/\\\/radioljubuski.ba\\\/index.php\\\/2021\\\/03\\\/11\\\/kraljica-preuzima-inicijativu-doslo-je-vrijeme-za-drugaciji-pristup-ja-cu-sve-rijesiti-znam-i-kako-a-vi-ostali-sutite\\\/#breadcrumb\",\"itemListElement\":[{\"@type\":\"ListItem\",\"position\":1,\"name\":\"Po\u010detna stranica\",\"item\":\"https:\\\/\\\/radioljubuski.ba\\\/\"},{\"@type\":\"ListItem\",\"position\":2,\"name\":\"Kraljica preuzima inicijativu: \u2018Do\u0161lo je vrijeme za druga\u010diji pristup, ja \u0107u sve rije\u0161iti, znam i kako, a vi ostali \u0161utite!\u2018\"}]},{\"@type\":\"WebSite\",\"@id\":\"https:\\\/\\\/radioljubuski.ba\\\/#website\",\"url\":\"https:\\\/\\\/radioljubuski.ba\\\/\",\"name\":\"Radio Ljubu\u0161ki\",\"description\":\"Sun\u010dana frekvencija Hercegovine\",\"publisher\":{\"@id\":\"https:\\\/\\\/radioljubuski.ba\\\/#organization\"},\"potentialAction\":[{\"@type\":\"SearchAction\",\"target\":{\"@type\":\"EntryPoint\",\"urlTemplate\":\"https:\\\/\\\/radioljubuski.ba\\\/?s={search_term_string}\"},\"query-input\":{\"@type\":\"PropertyValueSpecification\",\"valueRequired\":true,\"valueName\":\"search_term_string\"}}],\"inLanguage\":\"hr\"},{\"@type\":\"Organization\",\"@id\":\"https:\\\/\\\/radioljubuski.ba\\\/#organization\",\"name\":\"Radio Ljubu\u0161ki\",\"url\":\"https:\\\/\\\/radioljubuski.ba\\\/\",\"logo\":{\"@type\":\"ImageObject\",\"inLanguage\":\"hr\",\"@id\":\"https:\\\/\\\/radioljubuski.ba\\\/#\\\/schema\\\/logo\\\/image\\\/\",\"url\":\"https:\\\/\\\/radioljubuski.ba\\\/wp-content\\\/uploads\\\/2021\\\/02\\\/cropped-Radio_Ljubuski_logo1.jpg\",\"contentUrl\":\"https:\\\/\\\/radioljubuski.ba\\\/wp-content\\\/uploads\\\/2021\\\/02\\\/cropped-Radio_Ljubuski_logo1.jpg\",\"width\":512,\"height\":512,\"caption\":\"Radio Ljubu\u0161ki\"},\"image\":{\"@id\":\"https:\\\/\\\/radioljubuski.ba\\\/#\\\/schema\\\/logo\\\/image\\\/\"},\"sameAs\":[\"https:\\\/\\\/www.facebook.com\\\/Radiio-Ljubuski-1490835324566332\",\"https:\\\/\\\/x.com\\\/radioljubuski\",\"https:\\\/\\\/hr.linkedin.com\\\/company\\\/radio-ljubuski\",\"https:\\\/\\\/www.youtube.com\\\/channel\\\/UCHYaeO_n0Db3tjNGudGpXyw\"]},{\"@type\":\"Person\",\"@id\":\"https:\\\/\\\/radioljubuski.ba\\\/#\\\/schema\\\/person\\\/19fc700381a780f69665d7956c469e3b\",\"name\":\"Radio Ljubu\u0161ki\"}]}<\/script>\n<!-- \/ Yoast SEO plugin. -->","yoast_head_json":{"title":"Kraljica preuzima inicijativu: \u2018Do\u0161lo je vrijeme za druga\u010diji pristup, ja \u0107u sve rije\u0161iti, znam i kako, a vi ostali \u0161utite!\u2018 - RADIO LJUBU\u0160KI","robots":{"index":"index","follow":"follow","max-snippet":"max-snippet:-1","max-image-preview":"max-image-preview:large","max-video-preview":"max-video-preview:-1"},"canonical":"https:\/\/radioljubuski.ba\/index.php\/2021\/03\/11\/kraljica-preuzima-inicijativu-doslo-je-vrijeme-za-drugaciji-pristup-ja-cu-sve-rijesiti-znam-i-kako-a-vi-ostali-sutite\/","og_locale":"hr_HR","og_type":"article","og_title":"Kraljica preuzima inicijativu: \u2018Do\u0161lo je vrijeme za druga\u010diji pristup, ja \u0107u sve rije\u0161iti, znam i kako, a vi ostali \u0161utite!\u2018 - RADIO LJUBU\u0160KI","og_description":"Kraljica Elizabeta II planira ponuditi maslinovu gran\u010dicu princu Harryju i vojvotkinji od Sussexa Meghan Markle preuzimaju\u0107i odgovornost za posljedice njihova eksplozivnog intervjua \u0161to su ga dali Oprah Winfrey. Nakon niza \u0161okantnih navoda iznesenih u intervjuu \u010dlanovi kraljevske obitelji jo\u0161 uvijek ne mogu do\u0107i sebi, no kraljica je pisanim putem izdala najstro\u017eu naredbu kako bi sprije\u010dila [&hellip;]","og_url":"https:\/\/radioljubuski.ba\/index.php\/2021\/03\/11\/kraljica-preuzima-inicijativu-doslo-je-vrijeme-za-drugaciji-pristup-ja-cu-sve-rijesiti-znam-i-kako-a-vi-ostali-sutite\/","og_site_name":"RADIO LJUBU\u0160KI","article_publisher":"https:\/\/www.facebook.com\/Radiio-Ljubuski-1490835324566332","article_published_time":"2021-03-11T10:10:02+00:00","article_modified_time":"2021-03-11T10:10:03+00:00","og_image":[{"width":582,"height":429,"url":"https:\/\/radioljubuski.ba\/wp-content\/uploads\/2021\/03\/66-3.png","type":"image\/png"}],"author":"Radio Ljubu\u0161ki","twitter_card":"summary_large_image","twitter_creator":"@radioljubuski","twitter_site":"@radioljubuski","twitter_misc":{"Napisao\/la":"Radio Ljubu\u0161ki","Procijenjeno vrijeme \u010ditanja":"2 minute"},"schema":{"@context":"https:\/\/schema.org","@graph":[{"@type":"Article","@id":"https:\/\/radioljubuski.ba\/index.php\/2021\/03\/11\/kraljica-preuzima-inicijativu-doslo-je-vrijeme-za-drugaciji-pristup-ja-cu-sve-rijesiti-znam-i-kako-a-vi-ostali-sutite\/#article","isPartOf":{"@id":"https:\/\/radioljubuski.ba\/index.php\/2021\/03\/11\/kraljica-preuzima-inicijativu-doslo-je-vrijeme-za-drugaciji-pristup-ja-cu-sve-rijesiti-znam-i-kako-a-vi-ostali-sutite\/"},"author":{"name":"Radio Ljubu\u0161ki","@id":"https:\/\/radioljubuski.ba\/#\/schema\/person\/19fc700381a780f69665d7956c469e3b"},"headline":"Kraljica preuzima inicijativu: \u2018Do\u0161lo je vrijeme za druga\u010diji pristup, ja \u0107u sve rije\u0161iti, znam i kako, a vi ostali \u0161utite!\u2018","datePublished":"2021-03-11T10:10:02+00:00","dateModified":"2021-03-11T10:10:03+00:00","mainEntityOfPage":{"@id":"https:\/\/radioljubuski.ba\/index.php\/2021\/03\/11\/kraljica-preuzima-inicijativu-doslo-je-vrijeme-za-drugaciji-pristup-ja-cu-sve-rijesiti-znam-i-kako-a-vi-ostali-sutite\/"},"wordCount":375,"publisher":{"@id":"https:\/\/radioljubuski.ba\/#organization"},"image":{"@id":"https:\/\/radioljubuski.ba\/index.php\/2021\/03\/11\/kraljica-preuzima-inicijativu-doslo-je-vrijeme-za-drugaciji-pristup-ja-cu-sve-rijesiti-znam-i-kako-a-vi-ostali-sutite\/#primaryimage"},"thumbnailUrl":"https:\/\/radioljubuski.ba\/wp-content\/uploads\/2021\/03\/66-3.png","articleSection":["BIH i regija"],"inLanguage":"hr"},{"@type":"WebPage","@id":"https:\/\/radioljubuski.ba\/index.php\/2021\/03\/11\/kraljica-preuzima-inicijativu-doslo-je-vrijeme-za-drugaciji-pristup-ja-cu-sve-rijesiti-znam-i-kako-a-vi-ostali-sutite\/","url":"https:\/\/radioljubuski.ba\/index.php\/2021\/03\/11\/kraljica-preuzima-inicijativu-doslo-je-vrijeme-za-drugaciji-pristup-ja-cu-sve-rijesiti-znam-i-kako-a-vi-ostali-sutite\/","name":"Kraljica preuzima inicijativu: \u2018Do\u0161lo je vrijeme za druga\u010diji pristup, ja \u0107u sve rije\u0161iti, znam i kako, a vi ostali \u0161utite!\u2018 - RADIO LJUBU\u0160KI","isPartOf":{"@id":"https:\/\/radioljubuski.ba\/#website"},"primaryImageOfPage":{"@id":"https:\/\/radioljubuski.ba\/index.php\/2021\/03\/11\/kraljica-preuzima-inicijativu-doslo-je-vrijeme-za-drugaciji-pristup-ja-cu-sve-rijesiti-znam-i-kako-a-vi-ostali-sutite\/#primaryimage"},"image":{"@id":"https:\/\/radioljubuski.ba\/index.php\/2021\/03\/11\/kraljica-preuzima-inicijativu-doslo-je-vrijeme-za-drugaciji-pristup-ja-cu-sve-rijesiti-znam-i-kako-a-vi-ostali-sutite\/#primaryimage"},"thumbnailUrl":"https:\/\/radioljubuski.ba\/wp-content\/uploads\/2021\/03\/66-3.png","datePublished":"2021-03-11T10:10:02+00:00","dateModified":"2021-03-11T10:10:03+00:00","breadcrumb":{"@id":"https:\/\/radioljubuski.ba\/index.php\/2021\/03\/11\/kraljica-preuzima-inicijativu-doslo-je-vrijeme-za-drugaciji-pristup-ja-cu-sve-rijesiti-znam-i-kako-a-vi-ostali-sutite\/#breadcrumb"},"inLanguage":"hr","potentialAction":[{"@type":"ReadAction","target":["https:\/\/radioljubuski.ba\/index.php\/2021\/03\/11\/kraljica-preuzima-inicijativu-doslo-je-vrijeme-za-drugaciji-pristup-ja-cu-sve-rijesiti-znam-i-kako-a-vi-ostali-sutite\/"]}]},{"@type":"ImageObject","inLanguage":"hr","@id":"https:\/\/radioljubuski.ba\/index.php\/2021\/03\/11\/kraljica-preuzima-inicijativu-doslo-je-vrijeme-za-drugaciji-pristup-ja-cu-sve-rijesiti-znam-i-kako-a-vi-ostali-sutite\/#primaryimage","url":"https:\/\/radioljubuski.ba\/wp-content\/uploads\/2021\/03\/66-3.png","contentUrl":"https:\/\/radioljubuski.ba\/wp-content\/uploads\/2021\/03\/66-3.png","width":582,"height":429},{"@type":"BreadcrumbList","@id":"https:\/\/radioljubuski.ba\/index.php\/2021\/03\/11\/kraljica-preuzima-inicijativu-doslo-je-vrijeme-za-drugaciji-pristup-ja-cu-sve-rijesiti-znam-i-kako-a-vi-ostali-sutite\/#breadcrumb","itemListElement":[{"@type":"ListItem","position":1,"name":"Po\u010detna stranica","item":"https:\/\/radioljubuski.ba\/"},{"@type":"ListItem","position":2,"name":"Kraljica preuzima inicijativu: \u2018Do\u0161lo je vrijeme za druga\u010diji pristup, ja \u0107u sve rije\u0161iti, znam i kako, a vi ostali \u0161utite!\u2018"}]},{"@type":"WebSite","@id":"https:\/\/radioljubuski.ba\/#website","url":"https:\/\/radioljubuski.ba\/","name":"Radio Ljubu\u0161ki","description":"Sun\u010dana frekvencija Hercegovine","publisher":{"@id":"https:\/\/radioljubuski.ba\/#organization"},"potentialAction":[{"@type":"SearchAction","target":{"@type":"EntryPoint","urlTemplate":"https:\/\/radioljubuski.ba\/?s={search_term_string}"},"query-input":{"@type":"PropertyValueSpecification","valueRequired":true,"valueName":"search_term_string"}}],"inLanguage":"hr"},{"@type":"Organization","@id":"https:\/\/radioljubuski.ba\/#organization","name":"Radio Ljubu\u0161ki","url":"https:\/\/radioljubuski.ba\/","logo":{"@type":"ImageObject","inLanguage":"hr","@id":"https:\/\/radioljubuski.ba\/#\/schema\/logo\/image\/","url":"https:\/\/radioljubuski.ba\/wp-content\/uploads\/2021\/02\/cropped-Radio_Ljubuski_logo1.jpg","contentUrl":"https:\/\/radioljubuski.ba\/wp-content\/uploads\/2021\/02\/cropped-Radio_Ljubuski_logo1.jpg","width":512,"height":512,"caption":"Radio Ljubu\u0161ki"},"image":{"@id":"https:\/\/radioljubuski.ba\/#\/schema\/logo\/image\/"},"sameAs":["https:\/\/www.facebook.com\/Radiio-Ljubuski-1490835324566332","https:\/\/x.com\/radioljubuski","https:\/\/hr.linkedin.com\/company\/radio-ljubuski","https:\/\/www.youtube.com\/channel\/UCHYaeO_n0Db3tjNGudGpXyw"]},{"@type":"Person","@id":"https:\/\/radioljubuski.ba\/#\/schema\/person\/19fc700381a780f69665d7956c469e3b","name":"Radio Ljubu\u0161ki"}]}},"_links":{"self":[{"href":"https:\/\/radioljubuski.ba\/index.php\/wp-json\/wp\/v2\/posts\/2747","targetHints":{"allow":["GET"]}}],"collection":[{"href":"https:\/\/radioljubuski.ba\/index.php\/wp-json\/wp\/v2\/posts"}],"about":[{"href":"https:\/\/radioljubuski.ba\/index.php\/wp-json\/wp\/v2\/types\/post"}],"author":[{"embeddable":true,"href":"https:\/\/radioljubuski.ba\/index.php\/wp-json\/wp\/v2\/users\/2"}],"replies":[{"embeddable":true,"href":"https:\/\/radioljubuski.ba\/index.php\/wp-json\/wp\/v2\/comments?post=2747"}],"version-history":[{"count":1,"href":"https:\/\/radioljubuski.ba\/index.php\/wp-json\/wp\/v2\/posts\/2747\/revisions"}],"predecessor-version":[{"id":2749,"href":"https:\/\/radioljubuski.ba\/index.php\/wp-json\/wp\/v2\/posts\/2747\/revisions\/2749"}],"wp:featuredmedia":[{"embeddable":true,"href":"https:\/\/radioljubuski.ba\/index.php\/wp-json\/wp\/v2\/media\/2748"}],"wp:attachment":[{"href":"https:\/\/radioljubuski.ba\/index.php\/wp-json\/wp\/v2\/media?parent=2747"}],"wp:term":[{"taxonomy":"category","embeddable":true,"href":"https:\/\/radioljubuski.ba\/index.php\/wp-json\/wp\/v2\/categories?post=2747"},{"taxonomy":"post_tag","embeddable":true,"href":"https:\/\/radioljubuski.ba\/index.php\/wp-json\/wp\/v2\/tags?post=2747"}],"curies":[{"name":"wp","href":"https:\/\/api.w.org\/{rel}","templated":true}]}}