{"id":27471,"date":"2021-06-02T07:49:56","date_gmt":"2021-06-02T06:49:56","guid":{"rendered":"https:\/\/radioljubuski.ba\/?p=27471"},"modified":"2021-06-02T08:55:41","modified_gmt":"2021-06-02T07:55:41","slug":"glorija-je-svoju-ljubav-prema-fotografiranju-pretvorila-u-posao-bio-je-to-pomalo-strasan-potez-ali-se-na-kraju-isplatio","status":"publish","type":"post","link":"https:\/\/radioljubuski.ba\/index.php\/2021\/06\/02\/glorija-je-svoju-ljubav-prema-fotografiranju-pretvorila-u-posao-bio-je-to-pomalo-strasan-potez-ali-se-na-kraju-isplatio\/","title":{"rendered":"Glorija je svoju ljubav prema fotografiranju pretvorila u posao:  \u201eBio je to pomalo stra\u0161an potez, ali se na kraju isplatio\u201c"},"content":{"rendered":"\n<p>Glorija Ivankovi\u0107 (25) iz Ljubu\u0161kog oduvijek je znala da se \u017eeli profesionalno baviti fotografijom, nakon dugogodi\u0161njeg rada za druge, pokrenula je svoj Instagram profil za profesionalno fotografiranje i tako postala primjer \u017eene koja slijedi svoje snove.<br><br>Svojom hrabro\u0161\u0107u i odlu\u010dno\u0161\u0107u, Glorija se dokazala kao primjer drugim mladim \u017eenama kako je mogu\u0107e u isto vrijeme \u0161kolovati se, ali i zara\u0111ivati rade\u0107i ono \u0161to zaista voli\u0161.<br><br>Kako ka\u017ee, za razliku od ve\u0107ine \u010dlanova svoje obitelji koji se bave glazbom, ona se od malenih nogu zanimala za fotografiju.<br><br>Po\u010dela je raditi ve\u0107 kao dvadesetogodi\u0161njakinja kada se zapo\u0161ljava u jednom foto-studiju i usavr\u0161ava umije\u0107e fotografiranja.<br><br>Prisje\u0107aju\u0107i se prvog anga\u017emana, Glorija ka\u017ee kako su je odmah \u201ebacili u vatru\u201c.<br><br>\u201eOdmah u vatru, odmah sama u svatove. Spremila sam se kao gost, a ne kao fotograf, na kraju do\u0161la ku\u0107i mokra sa \u017euljevima\u201c, prisje\u0107a se Glorija svojih profesionalnih po\u010detaka.<br><br>S vremenom je \u201eispekla zanat\u201c, te se prosincu 2020. osamostaljuje i osniva Barocco fotografiju.<br><br>Najprije je htjela svoj posao nazvati Perla, ali kako ve\u0107 postoje tvrtke sli\u010dnih naziva opredijelila se za naziv Barocco. Tim nazivom je htjela u svoj posao ugraditi i ljubav prema umjetnosti \u0161to ujedno i studira.<br><br>Isti\u010de da joj je najdra\u017ee umjetni\u010dko razdoblje barok, a kako barocco ima zna\u010denje bisera nepravilnog oblika, ime se savr\u0161eno uklopilo jer, kako Glorija ka\u017ee, \u201eneka bude biser\u201c.<\/p>\n\n\n\n<figure class=\"wp-block-image size-large\"><img loading=\"lazy\" decoding=\"async\" width=\"815\" height=\"597\" src=\"https:\/\/radioljubuski.ba\/wp-content\/uploads\/2021\/06\/barocco.jpg\" alt=\"\" class=\"wp-image-27474\" srcset=\"https:\/\/radioljubuski.ba\/wp-content\/uploads\/2021\/06\/barocco.jpg 815w, https:\/\/radioljubuski.ba\/wp-content\/uploads\/2021\/06\/barocco-300x220.jpg 300w, https:\/\/radioljubuski.ba\/wp-content\/uploads\/2021\/06\/barocco-768x563.jpg 768w, https:\/\/radioljubuski.ba\/wp-content\/uploads\/2021\/06\/barocco-16x12.jpg 16w\" sizes=\"auto, (max-width: 815px) 100vw, 815px\" \/><\/figure>\n\n\n\n<figure class=\"wp-block-gallery columns-3 is-cropped wp-block-gallery-1 is-layout-flex wp-block-gallery-is-layout-flex\"><ul class=\"blocks-gallery-grid\"><li class=\"blocks-gallery-item\"><figure><img loading=\"lazy\" decoding=\"async\" width=\"681\" height=\"1024\" src=\"https:\/\/radioljubuski.ba\/wp-content\/uploads\/2021\/06\/WhatsApp-Image-2021-04-19-at-11.24.48-681x1024.jpeg\" alt=\"\" data-id=\"27518\" data-full-url=\"https:\/\/radioljubuski.ba\/wp-content\/uploads\/2021\/06\/WhatsApp-Image-2021-04-19-at-11.24.48.jpeg\" data-link=\"https:\/\/radioljubuski.ba\/index.php\/2021\/06\/02\/glorija-je-svoju-ljubav-prema-fotografiranju-pretvorila-u-posao-bio-je-to-pomalo-strasan-potez-ali-se-na-kraju-isplatio\/whatsapp-image-2021-04-19-at-11-24-48\/\" class=\"wp-image-27518\" srcset=\"https:\/\/radioljubuski.ba\/wp-content\/uploads\/2021\/06\/WhatsApp-Image-2021-04-19-at-11.24.48-681x1024.jpeg 681w, https:\/\/radioljubuski.ba\/wp-content\/uploads\/2021\/06\/WhatsApp-Image-2021-04-19-at-11.24.48-200x300.jpeg 200w, https:\/\/radioljubuski.ba\/wp-content\/uploads\/2021\/06\/WhatsApp-Image-2021-04-19-at-11.24.48-768x1155.jpeg 768w, https:\/\/radioljubuski.ba\/wp-content\/uploads\/2021\/06\/WhatsApp-Image-2021-04-19-at-11.24.48-1021x1536.jpeg 1021w, https:\/\/radioljubuski.ba\/wp-content\/uploads\/2021\/06\/WhatsApp-Image-2021-04-19-at-11.24.48-8x12.jpeg 8w, https:\/\/radioljubuski.ba\/wp-content\/uploads\/2021\/06\/WhatsApp-Image-2021-04-19-at-11.24.48.jpeg 1064w\" sizes=\"auto, (max-width: 681px) 100vw, 681px\" \/><\/figure><\/li><li class=\"blocks-gallery-item\"><figure><img loading=\"lazy\" decoding=\"async\" width=\"682\" height=\"1024\" src=\"https:\/\/radioljubuski.ba\/wp-content\/uploads\/2021\/06\/WhatsApp-Image-2021-04-19-at-11.24.50-682x1024.jpeg\" alt=\"\" data-id=\"27519\" data-full-url=\"https:\/\/radioljubuski.ba\/wp-content\/uploads\/2021\/06\/WhatsApp-Image-2021-04-19-at-11.24.50.jpeg\" data-link=\"https:\/\/radioljubuski.ba\/index.php\/2021\/06\/02\/glorija-je-svoju-ljubav-prema-fotografiranju-pretvorila-u-posao-bio-je-to-pomalo-strasan-potez-ali-se-na-kraju-isplatio\/whatsapp-image-2021-04-19-at-11-24-50\/\" class=\"wp-image-27519\" srcset=\"https:\/\/radioljubuski.ba\/wp-content\/uploads\/2021\/06\/WhatsApp-Image-2021-04-19-at-11.24.50-682x1024.jpeg 682w, https:\/\/radioljubuski.ba\/wp-content\/uploads\/2021\/06\/WhatsApp-Image-2021-04-19-at-11.24.50-200x300.jpeg 200w, https:\/\/radioljubuski.ba\/wp-content\/uploads\/2021\/06\/WhatsApp-Image-2021-04-19-at-11.24.50-768x1153.jpeg 768w, https:\/\/radioljubuski.ba\/wp-content\/uploads\/2021\/06\/WhatsApp-Image-2021-04-19-at-11.24.50-1023x1536.jpeg 1023w, https:\/\/radioljubuski.ba\/wp-content\/uploads\/2021\/06\/WhatsApp-Image-2021-04-19-at-11.24.50-8x12.jpeg 8w, https:\/\/radioljubuski.ba\/wp-content\/uploads\/2021\/06\/WhatsApp-Image-2021-04-19-at-11.24.50.jpeg 1066w\" sizes=\"auto, (max-width: 682px) 100vw, 682px\" \/><\/figure><\/li><li class=\"blocks-gallery-item\"><figure><img loading=\"lazy\" decoding=\"async\" width=\"1024\" height=\"682\" src=\"https:\/\/radioljubuski.ba\/wp-content\/uploads\/2021\/06\/WhatsApp-Image-2021-04-19-at-11.24.51-1024x682.jpeg\" alt=\"\" data-id=\"27520\" data-full-url=\"https:\/\/radioljubuski.ba\/wp-content\/uploads\/2021\/06\/WhatsApp-Image-2021-04-19-at-11.24.51.jpeg\" data-link=\"https:\/\/radioljubuski.ba\/index.php\/2021\/06\/02\/glorija-je-svoju-ljubav-prema-fotografiranju-pretvorila-u-posao-bio-je-to-pomalo-strasan-potez-ali-se-na-kraju-isplatio\/whatsapp-image-2021-04-19-at-11-24-51\/\" class=\"wp-image-27520\" srcset=\"https:\/\/radioljubuski.ba\/wp-content\/uploads\/2021\/06\/WhatsApp-Image-2021-04-19-at-11.24.51-1024x682.jpeg 1024w, https:\/\/radioljubuski.ba\/wp-content\/uploads\/2021\/06\/WhatsApp-Image-2021-04-19-at-11.24.51-300x200.jpeg 300w, https:\/\/radioljubuski.ba\/wp-content\/uploads\/2021\/06\/WhatsApp-Image-2021-04-19-at-11.24.51-768x512.jpeg 768w, https:\/\/radioljubuski.ba\/wp-content\/uploads\/2021\/06\/WhatsApp-Image-2021-04-19-at-11.24.51-1536x1023.jpeg 1536w, https:\/\/radioljubuski.ba\/wp-content\/uploads\/2021\/06\/WhatsApp-Image-2021-04-19-at-11.24.51-16x12.jpeg 16w, https:\/\/radioljubuski.ba\/wp-content\/uploads\/2021\/06\/WhatsApp-Image-2021-04-19-at-11.24.51.jpeg 1600w\" sizes=\"auto, (max-width: 1024px) 100vw, 1024px\" \/><\/figure><\/li><li class=\"blocks-gallery-item\"><figure><img loading=\"lazy\" decoding=\"async\" width=\"682\" height=\"1024\" src=\"https:\/\/radioljubuski.ba\/wp-content\/uploads\/2021\/06\/WhatsApp-Image-2021-04-19-at-11.24.52-682x1024.jpeg\" alt=\"\" data-id=\"27521\" data-full-url=\"https:\/\/radioljubuski.ba\/wp-content\/uploads\/2021\/06\/WhatsApp-Image-2021-04-19-at-11.24.52.jpeg\" data-link=\"https:\/\/radioljubuski.ba\/index.php\/2021\/06\/02\/glorija-je-svoju-ljubav-prema-fotografiranju-pretvorila-u-posao-bio-je-to-pomalo-strasan-potez-ali-se-na-kraju-isplatio\/whatsapp-image-2021-04-19-at-11-24-52\/\" class=\"wp-image-27521\" srcset=\"https:\/\/radioljubuski.ba\/wp-content\/uploads\/2021\/06\/WhatsApp-Image-2021-04-19-at-11.24.52-682x1024.jpeg 682w, https:\/\/radioljubuski.ba\/wp-content\/uploads\/2021\/06\/WhatsApp-Image-2021-04-19-at-11.24.52-200x300.jpeg 200w, https:\/\/radioljubuski.ba\/wp-content\/uploads\/2021\/06\/WhatsApp-Image-2021-04-19-at-11.24.52-768x1153.jpeg 768w, https:\/\/radioljubuski.ba\/wp-content\/uploads\/2021\/06\/WhatsApp-Image-2021-04-19-at-11.24.52-1023x1536.jpeg 1023w, https:\/\/radioljubuski.ba\/wp-content\/uploads\/2021\/06\/WhatsApp-Image-2021-04-19-at-11.24.52-8x12.jpeg 8w, https:\/\/radioljubuski.ba\/wp-content\/uploads\/2021\/06\/WhatsApp-Image-2021-04-19-at-11.24.52.jpeg 1066w\" sizes=\"auto, (max-width: 682px) 100vw, 682px\" \/><\/figure><\/li><li class=\"blocks-gallery-item\"><figure><img loading=\"lazy\" decoding=\"async\" width=\"1024\" height=\"682\" src=\"https:\/\/radioljubuski.ba\/wp-content\/uploads\/2021\/06\/WhatsApp-Image-2021-04-19-at-11.24.53-1024x682.jpeg\" alt=\"\" data-id=\"27522\" data-full-url=\"https:\/\/radioljubuski.ba\/wp-content\/uploads\/2021\/06\/WhatsApp-Image-2021-04-19-at-11.24.53.jpeg\" data-link=\"https:\/\/radioljubuski.ba\/index.php\/2021\/06\/02\/glorija-je-svoju-ljubav-prema-fotografiranju-pretvorila-u-posao-bio-je-to-pomalo-strasan-potez-ali-se-na-kraju-isplatio\/whatsapp-image-2021-04-19-at-11-24-53\/\" class=\"wp-image-27522\" srcset=\"https:\/\/radioljubuski.ba\/wp-content\/uploads\/2021\/06\/WhatsApp-Image-2021-04-19-at-11.24.53-1024x682.jpeg 1024w, https:\/\/radioljubuski.ba\/wp-content\/uploads\/2021\/06\/WhatsApp-Image-2021-04-19-at-11.24.53-300x200.jpeg 300w, https:\/\/radioljubuski.ba\/wp-content\/uploads\/2021\/06\/WhatsApp-Image-2021-04-19-at-11.24.53-768x512.jpeg 768w, https:\/\/radioljubuski.ba\/wp-content\/uploads\/2021\/06\/WhatsApp-Image-2021-04-19-at-11.24.53-1536x1023.jpeg 1536w, https:\/\/radioljubuski.ba\/wp-content\/uploads\/2021\/06\/WhatsApp-Image-2021-04-19-at-11.24.53-16x12.jpeg 16w, https:\/\/radioljubuski.ba\/wp-content\/uploads\/2021\/06\/WhatsApp-Image-2021-04-19-at-11.24.53.jpeg 1600w\" sizes=\"auto, (max-width: 1024px) 100vw, 1024px\" \/><\/figure><\/li><li class=\"blocks-gallery-item\"><figure><img loading=\"lazy\" decoding=\"async\" width=\"684\" height=\"1024\" src=\"https:\/\/radioljubuski.ba\/wp-content\/uploads\/2021\/06\/WhatsApp-Image-2021-04-19-at-11.24.54-1-684x1024.jpeg\" alt=\"\" data-id=\"27523\" data-full-url=\"https:\/\/radioljubuski.ba\/wp-content\/uploads\/2021\/06\/WhatsApp-Image-2021-04-19-at-11.24.54-1.jpeg\" data-link=\"https:\/\/radioljubuski.ba\/index.php\/2021\/06\/02\/glorija-je-svoju-ljubav-prema-fotografiranju-pretvorila-u-posao-bio-je-to-pomalo-strasan-potez-ali-se-na-kraju-isplatio\/whatsapp-image-2021-04-19-at-11-24-54-1\/\" class=\"wp-image-27523\" srcset=\"https:\/\/radioljubuski.ba\/wp-content\/uploads\/2021\/06\/WhatsApp-Image-2021-04-19-at-11.24.54-1-684x1024.jpeg 684w, https:\/\/radioljubuski.ba\/wp-content\/uploads\/2021\/06\/WhatsApp-Image-2021-04-19-at-11.24.54-1-200x300.jpeg 200w, https:\/\/radioljubuski.ba\/wp-content\/uploads\/2021\/06\/WhatsApp-Image-2021-04-19-at-11.24.54-1-768x1151.jpeg 768w, https:\/\/radioljubuski.ba\/wp-content\/uploads\/2021\/06\/WhatsApp-Image-2021-04-19-at-11.24.54-1-1025x1536.jpeg 1025w, https:\/\/radioljubuski.ba\/wp-content\/uploads\/2021\/06\/WhatsApp-Image-2021-04-19-at-11.24.54-1-8x12.jpeg 8w, https:\/\/radioljubuski.ba\/wp-content\/uploads\/2021\/06\/WhatsApp-Image-2021-04-19-at-11.24.54-1.jpeg 1068w\" sizes=\"auto, (max-width: 684px) 100vw, 684px\" \/><\/figure><\/li><li class=\"blocks-gallery-item\"><figure><img loading=\"lazy\" decoding=\"async\" width=\"1024\" height=\"682\" src=\"https:\/\/radioljubuski.ba\/wp-content\/uploads\/2021\/06\/WhatsApp-Image-2021-04-19-at-11.24.56-1024x682.jpeg\" alt=\"\" data-id=\"27524\" data-full-url=\"https:\/\/radioljubuski.ba\/wp-content\/uploads\/2021\/06\/WhatsApp-Image-2021-04-19-at-11.24.56.jpeg\" data-link=\"https:\/\/radioljubuski.ba\/index.php\/2021\/06\/02\/glorija-je-svoju-ljubav-prema-fotografiranju-pretvorila-u-posao-bio-je-to-pomalo-strasan-potez-ali-se-na-kraju-isplatio\/whatsapp-image-2021-04-19-at-11-24-56\/\" class=\"wp-image-27524\" srcset=\"https:\/\/radioljubuski.ba\/wp-content\/uploads\/2021\/06\/WhatsApp-Image-2021-04-19-at-11.24.56-1024x682.jpeg 1024w, https:\/\/radioljubuski.ba\/wp-content\/uploads\/2021\/06\/WhatsApp-Image-2021-04-19-at-11.24.56-300x200.jpeg 300w, https:\/\/radioljubuski.ba\/wp-content\/uploads\/2021\/06\/WhatsApp-Image-2021-04-19-at-11.24.56-768x512.jpeg 768w, https:\/\/radioljubuski.ba\/wp-content\/uploads\/2021\/06\/WhatsApp-Image-2021-04-19-at-11.24.56-1536x1023.jpeg 1536w, https:\/\/radioljubuski.ba\/wp-content\/uploads\/2021\/06\/WhatsApp-Image-2021-04-19-at-11.24.56-16x12.jpeg 16w, https:\/\/radioljubuski.ba\/wp-content\/uploads\/2021\/06\/WhatsApp-Image-2021-04-19-at-11.24.56.jpeg 1600w\" sizes=\"auto, (max-width: 1024px) 100vw, 1024px\" \/><\/figure><\/li><\/ul><\/figure>\n\n\n\n<p><br><br>Govore\u0107i o onome \u010dime se bavi, Glorija ka\u017ee da je fotografiranje \u010dista umjetnost. Pri radu veliku pa\u017enju pridaje detaljima, kutu slikanja, pozi te isti\u010de kako su bitan faktor ma\u0161ta i kreativnost.<br><br>\u201eUostalom, uz oko za detalje i talent, finalni proizvod plod je truda i vremena koje svakodnevno ula\u017eem\u201c opisuje ona.<br><br>Fotografiranje svadbi joj je danas glavni dio posla.<br><br>\u201eUvijek postoji taj neki strah i trema kako \u0107e sve ispasti, dugi su radni sati kroz no\u0107, ali kroz sve godine rada se navikne\u0161 na sve vrste raspolo\u017eenja mladenaca i nau\u010di\u0161 kako se nositi s njima cijeli dan. Vremenom zamijeni\u0161 dan i no\u0107 i nema\u0161 problema raditi s tolikom satnicom\u201c, ka\u017ee Glorija.<br><br>Osim svadbi i kr\u0161tenja fotografira jo\u0161 i ro\u0111endane, sudbena vjen\u010danja, obiteljske fotografije i sli\u010dne sve\u010dane doga\u0111aje.<br><br>O pokretanju svog posla ka\u017ee kako je to bio pomalo stra\u0161an potez.<br><br>Navodi kako je tijekom rada u studiju njen privatni rad \u010desto zaostajao, jer nije mogla uskladiti sve obaveze.<br><br>\u201eStudio mi je uvijek bio prioritet jer sam tu radila i tu sam najvi\u0161e posvetila svog vremena i truda, stoga je moj privatni rad \u010desto zaostajao. Mnogi koji su znali \u010dime se bavim potaknuli su me da se odva\u017eim osamostaliti u cijelosti, posebice uz nagovore jednog kolege i mu\u017ea koji mi je govorio da se oslobodim. Tako\u0111er, \u010dinjenica da se ne moram nikomu prilago\u0111avati i imam mogu\u0107nost organizirati si sama vrijeme me potaknula na ovaj korak\u201c, isti\u010de Glorija.<br><br>Nakon \u0161to je pokrenula Barocoo ka\u017ee da su reakcije poznanika izuzetno pozitivne.<br><br>\u201eBio je to pomalo stra\u0161an, ali i hrabar potez koji je zahtijevao mnogo odricanja i truda ali se na kraju uvelike isplatio jer se ipak bavim onime \u0161to volim\u201c, poru\u010dila je za kraj Glorija.<br><br><\/p>\n\n\n\n<figure class=\"wp-block-image size-large\"><img loading=\"lazy\" decoding=\"async\" width=\"684\" height=\"1024\" src=\"https:\/\/radioljubuski.ba\/wp-content\/uploads\/2021\/06\/glorija-herceg-3-684x1024.jpg\" alt=\"\" class=\"wp-image-27473\" srcset=\"https:\/\/radioljubuski.ba\/wp-content\/uploads\/2021\/06\/glorija-herceg-3-684x1024.jpg 684w, https:\/\/radioljubuski.ba\/wp-content\/uploads\/2021\/06\/glorija-herceg-3-200x300.jpg 200w, https:\/\/radioljubuski.ba\/wp-content\/uploads\/2021\/06\/glorija-herceg-3-768x1150.jpg 768w, https:\/\/radioljubuski.ba\/wp-content\/uploads\/2021\/06\/glorija-herceg-3-1025x1536.jpg 1025w, https:\/\/radioljubuski.ba\/wp-content\/uploads\/2021\/06\/glorija-herceg-3-1367x2048.jpg 1367w, https:\/\/radioljubuski.ba\/wp-content\/uploads\/2021\/06\/glorija-herceg-3-8x12.jpg 8w, https:\/\/radioljubuski.ba\/wp-content\/uploads\/2021\/06\/glorija-herceg-3-scaled.jpg 1709w\" sizes=\"auto, (max-width: 684px) 100vw, 684px\" \/><\/figure>\n\n\n\n<p><strong>Autorica: Ru\u017ea \u010calaga<\/strong><\/p>\n","protected":false},"excerpt":{"rendered":"<p>Glorija Ivankovi\u0107 (25) iz Ljubu\u0161kog oduvijek je znala da se \u017eeli profesionalno baviti fotografijom, nakon dugogodi\u0161njeg rada za druge, pokrenula je svoj Instagram profil za profesionalno fotografiranje i tako postala primjer \u017eene koja slijedi svoje snove. Svojom hrabro\u0161\u0107u i odlu\u010dno\u0161\u0107u, Glorija se dokazala kao primjer drugim mladim \u017eenama kako je mogu\u0107e u isto vrijeme \u0161kolovati [&hellip;]<\/p>\n","protected":false},"author":2,"featured_media":27472,"comment_status":"closed","ping_status":"closed","sticky":false,"template":"","format":"standard","meta":{"h5ap_radio_sources":[],"footnotes":""},"categories":[3],"tags":[],"class_list":["post-27471","post","type-post","status-publish","format-standard","has-post-thumbnail","hentry","category-ljubuski"],"yoast_head":"<!-- This site is optimized with the Yoast SEO plugin v27.5 - https:\/\/yoast.com\/product\/yoast-seo-wordpress\/ -->\n<title>Glorija je svoju ljubav prema fotografiranju pretvorila u posao: \u201eBio je to pomalo stra\u0161an potez, ali se na kraju isplatio\u201c - RADIO LJUBU\u0160KI<\/title>\n<meta name=\"robots\" content=\"index, follow, max-snippet:-1, max-image-preview:large, max-video-preview:-1\" \/>\n<link rel=\"canonical\" href=\"https:\/\/radioljubuski.ba\/index.php\/2021\/06\/02\/glorija-je-svoju-ljubav-prema-fotografiranju-pretvorila-u-posao-bio-je-to-pomalo-strasan-potez-ali-se-na-kraju-isplatio\/\" \/>\n<meta property=\"og:locale\" content=\"hr_HR\" \/>\n<meta property=\"og:type\" content=\"article\" \/>\n<meta property=\"og:title\" content=\"Glorija je svoju ljubav prema fotografiranju pretvorila u posao: \u201eBio je to pomalo stra\u0161an potez, ali se na kraju isplatio\u201c - RADIO LJUBU\u0160KI\" \/>\n<meta property=\"og:description\" content=\"Glorija Ivankovi\u0107 (25) iz Ljubu\u0161kog oduvijek je znala da se \u017eeli profesionalno baviti fotografijom, nakon dugogodi\u0161njeg rada za druge, pokrenula je svoj Instagram profil za profesionalno fotografiranje i tako postala primjer \u017eene koja slijedi svoje snove. Svojom hrabro\u0161\u0107u i odlu\u010dno\u0161\u0107u, Glorija se dokazala kao primjer drugim mladim \u017eenama kako je mogu\u0107e u isto vrijeme \u0161kolovati [&hellip;]\" \/>\n<meta property=\"og:url\" content=\"https:\/\/radioljubuski.ba\/index.php\/2021\/06\/02\/glorija-je-svoju-ljubav-prema-fotografiranju-pretvorila-u-posao-bio-je-to-pomalo-strasan-potez-ali-se-na-kraju-isplatio\/\" \/>\n<meta property=\"og:site_name\" content=\"RADIO LJUBU\u0160KI\" \/>\n<meta property=\"article:publisher\" content=\"https:\/\/www.facebook.com\/Radiio-Ljubuski-1490835324566332\" \/>\n<meta property=\"article:published_time\" content=\"2021-06-02T06:49:56+00:00\" \/>\n<meta property=\"article:modified_time\" content=\"2021-06-02T07:55:41+00:00\" \/>\n<meta property=\"og:image\" content=\"https:\/\/radioljubuski.ba\/wp-content\/uploads\/2021\/06\/glorija1-scaled.jpg\" \/>\n\t<meta property=\"og:image:width\" content=\"1781\" \/>\n\t<meta property=\"og:image:height\" content=\"2560\" \/>\n\t<meta property=\"og:image:type\" content=\"image\/jpeg\" \/>\n<meta name=\"author\" content=\"Radio Ljubu\u0161ki\" \/>\n<meta name=\"twitter:card\" content=\"summary_large_image\" \/>\n<meta name=\"twitter:creator\" content=\"@radioljubuski\" \/>\n<meta name=\"twitter:site\" content=\"@radioljubuski\" \/>\n<meta name=\"twitter:label1\" content=\"Napisao\/la\" \/>\n\t<meta name=\"twitter:data1\" content=\"Radio Ljubu\u0161ki\" \/>\n\t<meta name=\"twitter:label2\" content=\"Procijenjeno vrijeme \u010ditanja\" \/>\n\t<meta name=\"twitter:data2\" content=\"5 minuta\" \/>\n<script type=\"application\/ld+json\" class=\"yoast-schema-graph\">{\"@context\":\"https:\\\/\\\/schema.org\",\"@graph\":[{\"@type\":\"Article\",\"@id\":\"https:\\\/\\\/radioljubuski.ba\\\/index.php\\\/2021\\\/06\\\/02\\\/glorija-je-svoju-ljubav-prema-fotografiranju-pretvorila-u-posao-bio-je-to-pomalo-strasan-potez-ali-se-na-kraju-isplatio\\\/#article\",\"isPartOf\":{\"@id\":\"https:\\\/\\\/radioljubuski.ba\\\/index.php\\\/2021\\\/06\\\/02\\\/glorija-je-svoju-ljubav-prema-fotografiranju-pretvorila-u-posao-bio-je-to-pomalo-strasan-potez-ali-se-na-kraju-isplatio\\\/\"},\"author\":{\"name\":\"Radio Ljubu\u0161ki\",\"@id\":\"https:\\\/\\\/radioljubuski.ba\\\/#\\\/schema\\\/person\\\/19fc700381a780f69665d7956c469e3b\"},\"headline\":\"Glorija je svoju ljubav prema fotografiranju pretvorila u posao: \u201eBio je to pomalo stra\u0161an potez, ali se na kraju isplatio\u201c\",\"datePublished\":\"2021-06-02T06:49:56+00:00\",\"dateModified\":\"2021-06-02T07:55:41+00:00\",\"mainEntityOfPage\":{\"@id\":\"https:\\\/\\\/radioljubuski.ba\\\/index.php\\\/2021\\\/06\\\/02\\\/glorija-je-svoju-ljubav-prema-fotografiranju-pretvorila-u-posao-bio-je-to-pomalo-strasan-potez-ali-se-na-kraju-isplatio\\\/\"},\"wordCount\":579,\"publisher\":{\"@id\":\"https:\\\/\\\/radioljubuski.ba\\\/#organization\"},\"image\":{\"@id\":\"https:\\\/\\\/radioljubuski.ba\\\/index.php\\\/2021\\\/06\\\/02\\\/glorija-je-svoju-ljubav-prema-fotografiranju-pretvorila-u-posao-bio-je-to-pomalo-strasan-potez-ali-se-na-kraju-isplatio\\\/#primaryimage\"},\"thumbnailUrl\":\"https:\\\/\\\/radioljubuski.ba\\\/wp-content\\\/uploads\\\/2021\\\/06\\\/glorija1-scaled.jpg\",\"articleSection\":[\"Ljubu\u0161ki\"],\"inLanguage\":\"hr\"},{\"@type\":\"WebPage\",\"@id\":\"https:\\\/\\\/radioljubuski.ba\\\/index.php\\\/2021\\\/06\\\/02\\\/glorija-je-svoju-ljubav-prema-fotografiranju-pretvorila-u-posao-bio-je-to-pomalo-strasan-potez-ali-se-na-kraju-isplatio\\\/\",\"url\":\"https:\\\/\\\/radioljubuski.ba\\\/index.php\\\/2021\\\/06\\\/02\\\/glorija-je-svoju-ljubav-prema-fotografiranju-pretvorila-u-posao-bio-je-to-pomalo-strasan-potez-ali-se-na-kraju-isplatio\\\/\",\"name\":\"Glorija je svoju ljubav prema fotografiranju pretvorila u posao: \u201eBio je to pomalo stra\u0161an potez, ali se na kraju isplatio\u201c - RADIO LJUBU\u0160KI\",\"isPartOf\":{\"@id\":\"https:\\\/\\\/radioljubuski.ba\\\/#website\"},\"primaryImageOfPage\":{\"@id\":\"https:\\\/\\\/radioljubuski.ba\\\/index.php\\\/2021\\\/06\\\/02\\\/glorija-je-svoju-ljubav-prema-fotografiranju-pretvorila-u-posao-bio-je-to-pomalo-strasan-potez-ali-se-na-kraju-isplatio\\\/#primaryimage\"},\"image\":{\"@id\":\"https:\\\/\\\/radioljubuski.ba\\\/index.php\\\/2021\\\/06\\\/02\\\/glorija-je-svoju-ljubav-prema-fotografiranju-pretvorila-u-posao-bio-je-to-pomalo-strasan-potez-ali-se-na-kraju-isplatio\\\/#primaryimage\"},\"thumbnailUrl\":\"https:\\\/\\\/radioljubuski.ba\\\/wp-content\\\/uploads\\\/2021\\\/06\\\/glorija1-scaled.jpg\",\"datePublished\":\"2021-06-02T06:49:56+00:00\",\"dateModified\":\"2021-06-02T07:55:41+00:00\",\"breadcrumb\":{\"@id\":\"https:\\\/\\\/radioljubuski.ba\\\/index.php\\\/2021\\\/06\\\/02\\\/glorija-je-svoju-ljubav-prema-fotografiranju-pretvorila-u-posao-bio-je-to-pomalo-strasan-potez-ali-se-na-kraju-isplatio\\\/#breadcrumb\"},\"inLanguage\":\"hr\",\"potentialAction\":[{\"@type\":\"ReadAction\",\"target\":[\"https:\\\/\\\/radioljubuski.ba\\\/index.php\\\/2021\\\/06\\\/02\\\/glorija-je-svoju-ljubav-prema-fotografiranju-pretvorila-u-posao-bio-je-to-pomalo-strasan-potez-ali-se-na-kraju-isplatio\\\/\"]}]},{\"@type\":\"ImageObject\",\"inLanguage\":\"hr\",\"@id\":\"https:\\\/\\\/radioljubuski.ba\\\/index.php\\\/2021\\\/06\\\/02\\\/glorija-je-svoju-ljubav-prema-fotografiranju-pretvorila-u-posao-bio-je-to-pomalo-strasan-potez-ali-se-na-kraju-isplatio\\\/#primaryimage\",\"url\":\"https:\\\/\\\/radioljubuski.ba\\\/wp-content\\\/uploads\\\/2021\\\/06\\\/glorija1-scaled.jpg\",\"contentUrl\":\"https:\\\/\\\/radioljubuski.ba\\\/wp-content\\\/uploads\\\/2021\\\/06\\\/glorija1-scaled.jpg\",\"width\":1781,\"height\":2560},{\"@type\":\"BreadcrumbList\",\"@id\":\"https:\\\/\\\/radioljubuski.ba\\\/index.php\\\/2021\\\/06\\\/02\\\/glorija-je-svoju-ljubav-prema-fotografiranju-pretvorila-u-posao-bio-je-to-pomalo-strasan-potez-ali-se-na-kraju-isplatio\\\/#breadcrumb\",\"itemListElement\":[{\"@type\":\"ListItem\",\"position\":1,\"name\":\"Po\u010detna stranica\",\"item\":\"https:\\\/\\\/radioljubuski.ba\\\/\"},{\"@type\":\"ListItem\",\"position\":2,\"name\":\"Glorija je svoju ljubav prema fotografiranju pretvorila u posao: \u201eBio je to pomalo stra\u0161an potez, ali se na kraju isplatio\u201c\"}]},{\"@type\":\"WebSite\",\"@id\":\"https:\\\/\\\/radioljubuski.ba\\\/#website\",\"url\":\"https:\\\/\\\/radioljubuski.ba\\\/\",\"name\":\"Radio Ljubu\u0161ki\",\"description\":\"Sun\u010dana frekvencija Hercegovine\",\"publisher\":{\"@id\":\"https:\\\/\\\/radioljubuski.ba\\\/#organization\"},\"potentialAction\":[{\"@type\":\"SearchAction\",\"target\":{\"@type\":\"EntryPoint\",\"urlTemplate\":\"https:\\\/\\\/radioljubuski.ba\\\/?s={search_term_string}\"},\"query-input\":{\"@type\":\"PropertyValueSpecification\",\"valueRequired\":true,\"valueName\":\"search_term_string\"}}],\"inLanguage\":\"hr\"},{\"@type\":\"Organization\",\"@id\":\"https:\\\/\\\/radioljubuski.ba\\\/#organization\",\"name\":\"Radio Ljubu\u0161ki\",\"url\":\"https:\\\/\\\/radioljubuski.ba\\\/\",\"logo\":{\"@type\":\"ImageObject\",\"inLanguage\":\"hr\",\"@id\":\"https:\\\/\\\/radioljubuski.ba\\\/#\\\/schema\\\/logo\\\/image\\\/\",\"url\":\"https:\\\/\\\/radioljubuski.ba\\\/wp-content\\\/uploads\\\/2021\\\/02\\\/cropped-Radio_Ljubuski_logo1.jpg\",\"contentUrl\":\"https:\\\/\\\/radioljubuski.ba\\\/wp-content\\\/uploads\\\/2021\\\/02\\\/cropped-Radio_Ljubuski_logo1.jpg\",\"width\":512,\"height\":512,\"caption\":\"Radio Ljubu\u0161ki\"},\"image\":{\"@id\":\"https:\\\/\\\/radioljubuski.ba\\\/#\\\/schema\\\/logo\\\/image\\\/\"},\"sameAs\":[\"https:\\\/\\\/www.facebook.com\\\/Radiio-Ljubuski-1490835324566332\",\"https:\\\/\\\/x.com\\\/radioljubuski\",\"https:\\\/\\\/hr.linkedin.com\\\/company\\\/radio-ljubuski\",\"https:\\\/\\\/www.youtube.com\\\/channel\\\/UCHYaeO_n0Db3tjNGudGpXyw\"]},{\"@type\":\"Person\",\"@id\":\"https:\\\/\\\/radioljubuski.ba\\\/#\\\/schema\\\/person\\\/19fc700381a780f69665d7956c469e3b\",\"name\":\"Radio Ljubu\u0161ki\"}]}<\/script>\n<!-- \/ Yoast SEO plugin. -->","yoast_head_json":{"title":"Glorija je svoju ljubav prema fotografiranju pretvorila u posao: \u201eBio je to pomalo stra\u0161an potez, ali se na kraju isplatio\u201c - RADIO LJUBU\u0160KI","robots":{"index":"index","follow":"follow","max-snippet":"max-snippet:-1","max-image-preview":"max-image-preview:large","max-video-preview":"max-video-preview:-1"},"canonical":"https:\/\/radioljubuski.ba\/index.php\/2021\/06\/02\/glorija-je-svoju-ljubav-prema-fotografiranju-pretvorila-u-posao-bio-je-to-pomalo-strasan-potez-ali-se-na-kraju-isplatio\/","og_locale":"hr_HR","og_type":"article","og_title":"Glorija je svoju ljubav prema fotografiranju pretvorila u posao: \u201eBio je to pomalo stra\u0161an potez, ali se na kraju isplatio\u201c - RADIO LJUBU\u0160KI","og_description":"Glorija Ivankovi\u0107 (25) iz Ljubu\u0161kog oduvijek je znala da se \u017eeli profesionalno baviti fotografijom, nakon dugogodi\u0161njeg rada za druge, pokrenula je svoj Instagram profil za profesionalno fotografiranje i tako postala primjer \u017eene koja slijedi svoje snove. Svojom hrabro\u0161\u0107u i odlu\u010dno\u0161\u0107u, Glorija se dokazala kao primjer drugim mladim \u017eenama kako je mogu\u0107e u isto vrijeme \u0161kolovati [&hellip;]","og_url":"https:\/\/radioljubuski.ba\/index.php\/2021\/06\/02\/glorija-je-svoju-ljubav-prema-fotografiranju-pretvorila-u-posao-bio-je-to-pomalo-strasan-potez-ali-se-na-kraju-isplatio\/","og_site_name":"RADIO LJUBU\u0160KI","article_publisher":"https:\/\/www.facebook.com\/Radiio-Ljubuski-1490835324566332","article_published_time":"2021-06-02T06:49:56+00:00","article_modified_time":"2021-06-02T07:55:41+00:00","og_image":[{"width":1781,"height":2560,"url":"https:\/\/radioljubuski.ba\/wp-content\/uploads\/2021\/06\/glorija1-scaled.jpg","type":"image\/jpeg"}],"author":"Radio Ljubu\u0161ki","twitter_card":"summary_large_image","twitter_creator":"@radioljubuski","twitter_site":"@radioljubuski","twitter_misc":{"Napisao\/la":"Radio Ljubu\u0161ki","Procijenjeno vrijeme \u010ditanja":"5 minuta"},"schema":{"@context":"https:\/\/schema.org","@graph":[{"@type":"Article","@id":"https:\/\/radioljubuski.ba\/index.php\/2021\/06\/02\/glorija-je-svoju-ljubav-prema-fotografiranju-pretvorila-u-posao-bio-je-to-pomalo-strasan-potez-ali-se-na-kraju-isplatio\/#article","isPartOf":{"@id":"https:\/\/radioljubuski.ba\/index.php\/2021\/06\/02\/glorija-je-svoju-ljubav-prema-fotografiranju-pretvorila-u-posao-bio-je-to-pomalo-strasan-potez-ali-se-na-kraju-isplatio\/"},"author":{"name":"Radio Ljubu\u0161ki","@id":"https:\/\/radioljubuski.ba\/#\/schema\/person\/19fc700381a780f69665d7956c469e3b"},"headline":"Glorija je svoju ljubav prema fotografiranju pretvorila u posao: \u201eBio je to pomalo stra\u0161an potez, ali se na kraju isplatio\u201c","datePublished":"2021-06-02T06:49:56+00:00","dateModified":"2021-06-02T07:55:41+00:00","mainEntityOfPage":{"@id":"https:\/\/radioljubuski.ba\/index.php\/2021\/06\/02\/glorija-je-svoju-ljubav-prema-fotografiranju-pretvorila-u-posao-bio-je-to-pomalo-strasan-potez-ali-se-na-kraju-isplatio\/"},"wordCount":579,"publisher":{"@id":"https:\/\/radioljubuski.ba\/#organization"},"image":{"@id":"https:\/\/radioljubuski.ba\/index.php\/2021\/06\/02\/glorija-je-svoju-ljubav-prema-fotografiranju-pretvorila-u-posao-bio-je-to-pomalo-strasan-potez-ali-se-na-kraju-isplatio\/#primaryimage"},"thumbnailUrl":"https:\/\/radioljubuski.ba\/wp-content\/uploads\/2021\/06\/glorija1-scaled.jpg","articleSection":["Ljubu\u0161ki"],"inLanguage":"hr"},{"@type":"WebPage","@id":"https:\/\/radioljubuski.ba\/index.php\/2021\/06\/02\/glorija-je-svoju-ljubav-prema-fotografiranju-pretvorila-u-posao-bio-je-to-pomalo-strasan-potez-ali-se-na-kraju-isplatio\/","url":"https:\/\/radioljubuski.ba\/index.php\/2021\/06\/02\/glorija-je-svoju-ljubav-prema-fotografiranju-pretvorila-u-posao-bio-je-to-pomalo-strasan-potez-ali-se-na-kraju-isplatio\/","name":"Glorija je svoju ljubav prema fotografiranju pretvorila u posao: \u201eBio je to pomalo stra\u0161an potez, ali se na kraju isplatio\u201c - RADIO LJUBU\u0160KI","isPartOf":{"@id":"https:\/\/radioljubuski.ba\/#website"},"primaryImageOfPage":{"@id":"https:\/\/radioljubuski.ba\/index.php\/2021\/06\/02\/glorija-je-svoju-ljubav-prema-fotografiranju-pretvorila-u-posao-bio-je-to-pomalo-strasan-potez-ali-se-na-kraju-isplatio\/#primaryimage"},"image":{"@id":"https:\/\/radioljubuski.ba\/index.php\/2021\/06\/02\/glorija-je-svoju-ljubav-prema-fotografiranju-pretvorila-u-posao-bio-je-to-pomalo-strasan-potez-ali-se-na-kraju-isplatio\/#primaryimage"},"thumbnailUrl":"https:\/\/radioljubuski.ba\/wp-content\/uploads\/2021\/06\/glorija1-scaled.jpg","datePublished":"2021-06-02T06:49:56+00:00","dateModified":"2021-06-02T07:55:41+00:00","breadcrumb":{"@id":"https:\/\/radioljubuski.ba\/index.php\/2021\/06\/02\/glorija-je-svoju-ljubav-prema-fotografiranju-pretvorila-u-posao-bio-je-to-pomalo-strasan-potez-ali-se-na-kraju-isplatio\/#breadcrumb"},"inLanguage":"hr","potentialAction":[{"@type":"ReadAction","target":["https:\/\/radioljubuski.ba\/index.php\/2021\/06\/02\/glorija-je-svoju-ljubav-prema-fotografiranju-pretvorila-u-posao-bio-je-to-pomalo-strasan-potez-ali-se-na-kraju-isplatio\/"]}]},{"@type":"ImageObject","inLanguage":"hr","@id":"https:\/\/radioljubuski.ba\/index.php\/2021\/06\/02\/glorija-je-svoju-ljubav-prema-fotografiranju-pretvorila-u-posao-bio-je-to-pomalo-strasan-potez-ali-se-na-kraju-isplatio\/#primaryimage","url":"https:\/\/radioljubuski.ba\/wp-content\/uploads\/2021\/06\/glorija1-scaled.jpg","contentUrl":"https:\/\/radioljubuski.ba\/wp-content\/uploads\/2021\/06\/glorija1-scaled.jpg","width":1781,"height":2560},{"@type":"BreadcrumbList","@id":"https:\/\/radioljubuski.ba\/index.php\/2021\/06\/02\/glorija-je-svoju-ljubav-prema-fotografiranju-pretvorila-u-posao-bio-je-to-pomalo-strasan-potez-ali-se-na-kraju-isplatio\/#breadcrumb","itemListElement":[{"@type":"ListItem","position":1,"name":"Po\u010detna stranica","item":"https:\/\/radioljubuski.ba\/"},{"@type":"ListItem","position":2,"name":"Glorija je svoju ljubav prema fotografiranju pretvorila u posao: \u201eBio je to pomalo stra\u0161an potez, ali se na kraju isplatio\u201c"}]},{"@type":"WebSite","@id":"https:\/\/radioljubuski.ba\/#website","url":"https:\/\/radioljubuski.ba\/","name":"Radio Ljubu\u0161ki","description":"Sun\u010dana frekvencija Hercegovine","publisher":{"@id":"https:\/\/radioljubuski.ba\/#organization"},"potentialAction":[{"@type":"SearchAction","target":{"@type":"EntryPoint","urlTemplate":"https:\/\/radioljubuski.ba\/?s={search_term_string}"},"query-input":{"@type":"PropertyValueSpecification","valueRequired":true,"valueName":"search_term_string"}}],"inLanguage":"hr"},{"@type":"Organization","@id":"https:\/\/radioljubuski.ba\/#organization","name":"Radio Ljubu\u0161ki","url":"https:\/\/radioljubuski.ba\/","logo":{"@type":"ImageObject","inLanguage":"hr","@id":"https:\/\/radioljubuski.ba\/#\/schema\/logo\/image\/","url":"https:\/\/radioljubuski.ba\/wp-content\/uploads\/2021\/02\/cropped-Radio_Ljubuski_logo1.jpg","contentUrl":"https:\/\/radioljubuski.ba\/wp-content\/uploads\/2021\/02\/cropped-Radio_Ljubuski_logo1.jpg","width":512,"height":512,"caption":"Radio Ljubu\u0161ki"},"image":{"@id":"https:\/\/radioljubuski.ba\/#\/schema\/logo\/image\/"},"sameAs":["https:\/\/www.facebook.com\/Radiio-Ljubuski-1490835324566332","https:\/\/x.com\/radioljubuski","https:\/\/hr.linkedin.com\/company\/radio-ljubuski","https:\/\/www.youtube.com\/channel\/UCHYaeO_n0Db3tjNGudGpXyw"]},{"@type":"Person","@id":"https:\/\/radioljubuski.ba\/#\/schema\/person\/19fc700381a780f69665d7956c469e3b","name":"Radio Ljubu\u0161ki"}]}},"_links":{"self":[{"href":"https:\/\/radioljubuski.ba\/index.php\/wp-json\/wp\/v2\/posts\/27471","targetHints":{"allow":["GET"]}}],"collection":[{"href":"https:\/\/radioljubuski.ba\/index.php\/wp-json\/wp\/v2\/posts"}],"about":[{"href":"https:\/\/radioljubuski.ba\/index.php\/wp-json\/wp\/v2\/types\/post"}],"author":[{"embeddable":true,"href":"https:\/\/radioljubuski.ba\/index.php\/wp-json\/wp\/v2\/users\/2"}],"replies":[{"embeddable":true,"href":"https:\/\/radioljubuski.ba\/index.php\/wp-json\/wp\/v2\/comments?post=27471"}],"version-history":[{"count":2,"href":"https:\/\/radioljubuski.ba\/index.php\/wp-json\/wp\/v2\/posts\/27471\/revisions"}],"predecessor-version":[{"id":27525,"href":"https:\/\/radioljubuski.ba\/index.php\/wp-json\/wp\/v2\/posts\/27471\/revisions\/27525"}],"wp:featuredmedia":[{"embeddable":true,"href":"https:\/\/radioljubuski.ba\/index.php\/wp-json\/wp\/v2\/media\/27472"}],"wp:attachment":[{"href":"https:\/\/radioljubuski.ba\/index.php\/wp-json\/wp\/v2\/media?parent=27471"}],"wp:term":[{"taxonomy":"category","embeddable":true,"href":"https:\/\/radioljubuski.ba\/index.php\/wp-json\/wp\/v2\/categories?post=27471"},{"taxonomy":"post_tag","embeddable":true,"href":"https:\/\/radioljubuski.ba\/index.php\/wp-json\/wp\/v2\/tags?post=27471"}],"curies":[{"name":"wp","href":"https:\/\/api.w.org\/{rel}","templated":true}]}}