{"id":27508,"date":"2021-06-02T08:08:13","date_gmt":"2021-06-02T07:08:13","guid":{"rendered":"https:\/\/radioljubuski.ba\/?p=27508"},"modified":"2021-06-02T08:08:14","modified_gmt":"2021-06-02T07:08:14","slug":"iris-coric-na-tatamiju-vidis-istreniranog-covjeka-ali-nitko-ne-vidi-suze-i-krv-prolivene-na-treninzima","status":"publish","type":"post","link":"https:\/\/radioljubuski.ba\/index.php\/2021\/06\/02\/iris-coric-na-tatamiju-vidis-istreniranog-covjeka-ali-nitko-ne-vidi-suze-i-krv-prolivene-na-treninzima\/","title":{"rendered":"Iris \u0106ori\u0107: Na tatamiju vidi\u0161 istreniranog \u010dovjeka, ali nitko ne vidi suze i krv prolivene na treninzima"},"content":{"rendered":"\n<p>Iris \u0106ori\u0107 je \u010dlanica Sveu\u010dili\u0161nog karate kluba Neretva i studentica druge godine preddiplomskog studija poslovne ekonomije. Tako\u0111er je dobitnica nagrade za Najbolju sporta\u0161icu grada Mostara 2020. godine, kao i dobitnica Rektorove nagrade Sveu\u010dili\u0161ta u Mostaru. Karate smatra vrlo bitnim dijelom svog \u017eivota, a njime se po\u010dela baviti jo\u0161 u ranom djetinjstvu.<\/p>\n\n\n\n<p>\u201eZa karate sam se zainteresirala kad sam imala 5 godina. Cura iz kluba je \u017eivjela u mom ulazu i jednu ve\u010der sam je srela u kimonu i zanimalo me \u0161ta je to. Oti\u0161la sam pogledati trening i izdr\u017eala samo pola treninga sjede\u0107i na klupi dok nisam utr\u010dala raditi s njima\u201c, otkriva Iris.<\/p>\n\n\n\n<p>Svojim talentom se istaknula ve\u0107 na samom po\u010detku.<\/p>\n\n\n\n<p>\u201ePrvi turnir mi je bio u Mostaru. Radila sam ga s osam godina, ali su napisali da sam starija jer nije bilo tako male kategorije. Tu sam osvojila zlato\u201c, prisje\u0107a se.<\/p>\n\n\n\n<p>Iako joj je tek 20 godina, iza Iris se nalazi bogata karijera. Deset zlatnih, pet srebrnih i jo\u0161 nekoliko bron\u010danih medalja na dr\u017eavnim prvenstvima te dvije bronce i zlato s balkanskog prvenstva samo su neke od medalja koje je osvojila u skoro 15 godina bavljenja karateom.<\/p>\n\n\n\n<p>\u201eNa prvo svjetsko prvenstvo sam oti\u0161la s \u010detrnaest godina, u Indoneziju. To mi je bio prvi veliki turnir. Konkurencija je bila ogromna i bila sam deveta. Kada sam nakon toga u\u0161la u juniorke, bila sam sedma na europskom prventsvu u Sofiji, Bugarskoj. \u0160to se ti\u010de daljih mjesta, tako\u0111er sam bila na Cipru\u201c, ka\u017ee Iris.<\/p>\n\n\n\n<p>Kao jedne od osoba zaslu\u017enih za njenu bogatu karijeru navodi trenere Miroslava i Zdenka Klepi\u0107a.<\/p>\n\n\n\n<p>\u201eImala sam sre\u0107u \u0161to me kao vrlo mladu, sa nekih jedanaest-dvanaest godina, Miroslav Klepi\u0107 uzeo u svoju grupu, tako da sam deset godina kod istog trenera. Ima\u0161 trenera koji te poznaje, koji te napravio i bio tu od po\u010detka\u201c, naglasila je.<\/p>\n\n\n\n<p>Tako\u0111er navodi kako treneri \u010desto dr\u017ee male motivacijske govori koji se u kona\u010dnici svode na \u201ekoliko ulo\u017ei\u0161 na terenu, toliko \u0107e\u0161 dobiti nazad\u201c.<\/p>\n\n\n\n<p>\u201ePosveti\u0161 se maksimalno, kad netko stane na tatami vidi\u0161 istreniranog \u010dovjeka, ali nitko ne vidi koliko si suza i krvi prolio na treningu\u201c, zaklju\u010duje Iris.&nbsp;<\/p>\n\n\n\n<p>Iako je tijekom lockdowna trenirala samostalno, Iris ka\u017ee da je povratak u formu bio prili\u010dno te\u017eak, ali da je ponovno otvaranje teretana olak\u0161alo sve.<\/p>\n\n\n\n<p>\u201eMjesec dana sam samo vra\u0107ala kondiciju da mogu izdr\u017eati me\u010deve jer su sada produ\u017eeni na tri minute. To su tri minute presinga i stalnog napora. Na dr\u017eavnom ba\u0161 i nisam imala sre\u0107e, odr\u017ealo se odmah u 2. mjesecu i nisam imala puno vremena da se spremim, bila sam tre\u0107a i kvalificirala se za balkansko prvenstvo. Balkansko je bilo u Beogradu i tu sam osvojila prvo mjesto.\u201c<\/p>\n\n\n\n<p>Ekonomiju navodi kao ne\u0161to \u0161to ju mnogo zanima i ka\u017ee da fakulteske obaveze i treninge uspjeva uskladiti uz dobru organizaciju. S obzirom na trenutni raspored, organizacija \u0107e joj u sljede\u0107ih nekoliko mjeseci biti vrlo bitna.<\/p>\n\n\n\n<p>\u201eEuropsko prvenstvo se trebalo odr\u017eati u Azerbejd\u017eanu u tre\u0107em mjesecu, ali se odgodilo. U jedanaestom mjesecu imam svjetsko prvenstvo za seniore u Dubaiju. Trenutno sam na prijelazu izme\u0111u U21 kategorije i seniora. Sada slijedi dr\u017eavno za U21 kategoriju, ako tu budem prva, idem na europsko prvenstvo u Finsku. Naravno, uz sve to dolaze i fakultetske obaveze\u201c, objasnila je.<\/p>\n\n\n\n<p>U ve\u0107 pretrpan raspored ipak uspije dodati i nekoliko hobija.<\/p>\n\n\n\n<p>\u201eLjeti sam na surfu, to mi je razonoda. Pretpro\u0161le godine sam \u010dak stigla raditi u surf \u0161koli. Pomogla bi s lekcijama surfanja kada bi trebalo, ali za profesionalno bavljenje tim je potrebno imati licencu koju jo\u0161 uvijek nisam izvadila. Dok sam u Mostaru, hobi mi je pjevanje\u201c, ka\u017ee Iris.<\/p>\n\n\n\n<p>Za ovu mladu sporta\u0161icu najbolje tek dolazi. Kao kratkoro\u010dni cilj navodi izboriti europsko prvenstvo i napraviti neki ve\u0107i rezultat na svjetskom u Dubaiju. Dugoro\u010dni cilj joj je napraviti ime za sebe, osvojiti jo\u0161 medalja i progurati se u top 10 ili top 20.<\/p>\n\n\n\n<p><strong>Pi\u0161e: Maria Ema Mijan<\/strong><br>Foto: Vecernji.ba<\/p>\n","protected":false},"excerpt":{"rendered":"<p>Iris \u0106ori\u0107 je \u010dlanica Sveu\u010dili\u0161nog karate kluba Neretva i studentica druge godine preddiplomskog studija poslovne ekonomije. Tako\u0111er je dobitnica nagrade za Najbolju sporta\u0161icu grada Mostara 2020. godine, kao i dobitnica Rektorove nagrade Sveu\u010dili\u0161ta u Mostaru. Karate smatra vrlo bitnim dijelom svog \u017eivota, a njime se po\u010dela baviti jo\u0161 u ranom djetinjstvu. \u201eZa karate sam se [&hellip;]<\/p>\n","protected":false},"author":2,"featured_media":27509,"comment_status":"closed","ping_status":"closed","sticky":false,"template":"","format":"standard","meta":{"h5ap_radio_sources":[],"footnotes":""},"categories":[7],"tags":[],"class_list":["post-27508","post","type-post","status-publish","format-standard","has-post-thumbnail","hentry","category-sport"],"yoast_head":"<!-- This site is optimized with the Yoast SEO plugin v27.5 - https:\/\/yoast.com\/product\/yoast-seo-wordpress\/ -->\n<title>Iris \u0106ori\u0107: Na tatamiju vidi\u0161 istreniranog \u010dovjeka, ali nitko ne vidi suze i krv prolivene na treninzima - RADIO LJUBU\u0160KI<\/title>\n<meta name=\"robots\" content=\"index, follow, max-snippet:-1, max-image-preview:large, max-video-preview:-1\" \/>\n<link rel=\"canonical\" href=\"https:\/\/radioljubuski.ba\/index.php\/2021\/06\/02\/iris-coric-na-tatamiju-vidis-istreniranog-covjeka-ali-nitko-ne-vidi-suze-i-krv-prolivene-na-treninzima\/\" \/>\n<meta property=\"og:locale\" content=\"hr_HR\" \/>\n<meta property=\"og:type\" content=\"article\" \/>\n<meta property=\"og:title\" content=\"Iris \u0106ori\u0107: Na tatamiju vidi\u0161 istreniranog \u010dovjeka, ali nitko ne vidi suze i krv prolivene na treninzima - RADIO LJUBU\u0160KI\" \/>\n<meta property=\"og:description\" content=\"Iris \u0106ori\u0107 je \u010dlanica Sveu\u010dili\u0161nog karate kluba Neretva i studentica druge godine preddiplomskog studija poslovne ekonomije. Tako\u0111er je dobitnica nagrade za Najbolju sporta\u0161icu grada Mostara 2020. godine, kao i dobitnica Rektorove nagrade Sveu\u010dili\u0161ta u Mostaru. Karate smatra vrlo bitnim dijelom svog \u017eivota, a njime se po\u010dela baviti jo\u0161 u ranom djetinjstvu. \u201eZa karate sam se [&hellip;]\" \/>\n<meta property=\"og:url\" content=\"https:\/\/radioljubuski.ba\/index.php\/2021\/06\/02\/iris-coric-na-tatamiju-vidis-istreniranog-covjeka-ali-nitko-ne-vidi-suze-i-krv-prolivene-na-treninzima\/\" \/>\n<meta property=\"og:site_name\" content=\"RADIO LJUBU\u0160KI\" \/>\n<meta property=\"article:publisher\" content=\"https:\/\/www.facebook.com\/Radiio-Ljubuski-1490835324566332\" \/>\n<meta property=\"article:published_time\" content=\"2021-06-02T07:08:13+00:00\" \/>\n<meta property=\"article:modified_time\" content=\"2021-06-02T07:08:14+00:00\" \/>\n<meta property=\"og:image\" content=\"https:\/\/radioljubuski.ba\/wp-content\/uploads\/2021\/06\/iris-coric.jpeg\" \/>\n\t<meta property=\"og:image:width\" content=\"612\" \/>\n\t<meta property=\"og:image:height\" content=\"408\" \/>\n\t<meta property=\"og:image:type\" content=\"image\/jpeg\" \/>\n<meta name=\"author\" content=\"Radio Ljubu\u0161ki\" \/>\n<meta name=\"twitter:card\" content=\"summary_large_image\" \/>\n<meta name=\"twitter:creator\" content=\"@radioljubuski\" \/>\n<meta name=\"twitter:site\" content=\"@radioljubuski\" \/>\n<meta name=\"twitter:label1\" content=\"Napisao\/la\" \/>\n\t<meta name=\"twitter:data1\" content=\"Radio Ljubu\u0161ki\" \/>\n\t<meta name=\"twitter:label2\" content=\"Procijenjeno vrijeme \u010ditanja\" \/>\n\t<meta name=\"twitter:data2\" content=\"3 minute\" \/>\n<script type=\"application\/ld+json\" class=\"yoast-schema-graph\">{\"@context\":\"https:\\\/\\\/schema.org\",\"@graph\":[{\"@type\":\"Article\",\"@id\":\"https:\\\/\\\/radioljubuski.ba\\\/index.php\\\/2021\\\/06\\\/02\\\/iris-coric-na-tatamiju-vidis-istreniranog-covjeka-ali-nitko-ne-vidi-suze-i-krv-prolivene-na-treninzima\\\/#article\",\"isPartOf\":{\"@id\":\"https:\\\/\\\/radioljubuski.ba\\\/index.php\\\/2021\\\/06\\\/02\\\/iris-coric-na-tatamiju-vidis-istreniranog-covjeka-ali-nitko-ne-vidi-suze-i-krv-prolivene-na-treninzima\\\/\"},\"author\":{\"name\":\"Radio Ljubu\u0161ki\",\"@id\":\"https:\\\/\\\/radioljubuski.ba\\\/#\\\/schema\\\/person\\\/19fc700381a780f69665d7956c469e3b\"},\"headline\":\"Iris \u0106ori\u0107: Na tatamiju vidi\u0161 istreniranog \u010dovjeka, ali nitko ne vidi suze i krv prolivene na treninzima\",\"datePublished\":\"2021-06-02T07:08:13+00:00\",\"dateModified\":\"2021-06-02T07:08:14+00:00\",\"mainEntityOfPage\":{\"@id\":\"https:\\\/\\\/radioljubuski.ba\\\/index.php\\\/2021\\\/06\\\/02\\\/iris-coric-na-tatamiju-vidis-istreniranog-covjeka-ali-nitko-ne-vidi-suze-i-krv-prolivene-na-treninzima\\\/\"},\"wordCount\":706,\"publisher\":{\"@id\":\"https:\\\/\\\/radioljubuski.ba\\\/#organization\"},\"image\":{\"@id\":\"https:\\\/\\\/radioljubuski.ba\\\/index.php\\\/2021\\\/06\\\/02\\\/iris-coric-na-tatamiju-vidis-istreniranog-covjeka-ali-nitko-ne-vidi-suze-i-krv-prolivene-na-treninzima\\\/#primaryimage\"},\"thumbnailUrl\":\"https:\\\/\\\/radioljubuski.ba\\\/wp-content\\\/uploads\\\/2021\\\/06\\\/iris-coric.jpeg\",\"articleSection\":[\"\u0160port\"],\"inLanguage\":\"hr\"},{\"@type\":\"WebPage\",\"@id\":\"https:\\\/\\\/radioljubuski.ba\\\/index.php\\\/2021\\\/06\\\/02\\\/iris-coric-na-tatamiju-vidis-istreniranog-covjeka-ali-nitko-ne-vidi-suze-i-krv-prolivene-na-treninzima\\\/\",\"url\":\"https:\\\/\\\/radioljubuski.ba\\\/index.php\\\/2021\\\/06\\\/02\\\/iris-coric-na-tatamiju-vidis-istreniranog-covjeka-ali-nitko-ne-vidi-suze-i-krv-prolivene-na-treninzima\\\/\",\"name\":\"Iris \u0106ori\u0107: Na tatamiju vidi\u0161 istreniranog \u010dovjeka, ali nitko ne vidi suze i krv prolivene na treninzima - RADIO LJUBU\u0160KI\",\"isPartOf\":{\"@id\":\"https:\\\/\\\/radioljubuski.ba\\\/#website\"},\"primaryImageOfPage\":{\"@id\":\"https:\\\/\\\/radioljubuski.ba\\\/index.php\\\/2021\\\/06\\\/02\\\/iris-coric-na-tatamiju-vidis-istreniranog-covjeka-ali-nitko-ne-vidi-suze-i-krv-prolivene-na-treninzima\\\/#primaryimage\"},\"image\":{\"@id\":\"https:\\\/\\\/radioljubuski.ba\\\/index.php\\\/2021\\\/06\\\/02\\\/iris-coric-na-tatamiju-vidis-istreniranog-covjeka-ali-nitko-ne-vidi-suze-i-krv-prolivene-na-treninzima\\\/#primaryimage\"},\"thumbnailUrl\":\"https:\\\/\\\/radioljubuski.ba\\\/wp-content\\\/uploads\\\/2021\\\/06\\\/iris-coric.jpeg\",\"datePublished\":\"2021-06-02T07:08:13+00:00\",\"dateModified\":\"2021-06-02T07:08:14+00:00\",\"breadcrumb\":{\"@id\":\"https:\\\/\\\/radioljubuski.ba\\\/index.php\\\/2021\\\/06\\\/02\\\/iris-coric-na-tatamiju-vidis-istreniranog-covjeka-ali-nitko-ne-vidi-suze-i-krv-prolivene-na-treninzima\\\/#breadcrumb\"},\"inLanguage\":\"hr\",\"potentialAction\":[{\"@type\":\"ReadAction\",\"target\":[\"https:\\\/\\\/radioljubuski.ba\\\/index.php\\\/2021\\\/06\\\/02\\\/iris-coric-na-tatamiju-vidis-istreniranog-covjeka-ali-nitko-ne-vidi-suze-i-krv-prolivene-na-treninzima\\\/\"]}]},{\"@type\":\"ImageObject\",\"inLanguage\":\"hr\",\"@id\":\"https:\\\/\\\/radioljubuski.ba\\\/index.php\\\/2021\\\/06\\\/02\\\/iris-coric-na-tatamiju-vidis-istreniranog-covjeka-ali-nitko-ne-vidi-suze-i-krv-prolivene-na-treninzima\\\/#primaryimage\",\"url\":\"https:\\\/\\\/radioljubuski.ba\\\/wp-content\\\/uploads\\\/2021\\\/06\\\/iris-coric.jpeg\",\"contentUrl\":\"https:\\\/\\\/radioljubuski.ba\\\/wp-content\\\/uploads\\\/2021\\\/06\\\/iris-coric.jpeg\",\"width\":612,\"height\":408},{\"@type\":\"BreadcrumbList\",\"@id\":\"https:\\\/\\\/radioljubuski.ba\\\/index.php\\\/2021\\\/06\\\/02\\\/iris-coric-na-tatamiju-vidis-istreniranog-covjeka-ali-nitko-ne-vidi-suze-i-krv-prolivene-na-treninzima\\\/#breadcrumb\",\"itemListElement\":[{\"@type\":\"ListItem\",\"position\":1,\"name\":\"Po\u010detna stranica\",\"item\":\"https:\\\/\\\/radioljubuski.ba\\\/\"},{\"@type\":\"ListItem\",\"position\":2,\"name\":\"Iris \u0106ori\u0107: Na tatamiju vidi\u0161 istreniranog \u010dovjeka, ali nitko ne vidi suze i krv prolivene na treninzima\"}]},{\"@type\":\"WebSite\",\"@id\":\"https:\\\/\\\/radioljubuski.ba\\\/#website\",\"url\":\"https:\\\/\\\/radioljubuski.ba\\\/\",\"name\":\"Radio Ljubu\u0161ki\",\"description\":\"Sun\u010dana frekvencija Hercegovine\",\"publisher\":{\"@id\":\"https:\\\/\\\/radioljubuski.ba\\\/#organization\"},\"potentialAction\":[{\"@type\":\"SearchAction\",\"target\":{\"@type\":\"EntryPoint\",\"urlTemplate\":\"https:\\\/\\\/radioljubuski.ba\\\/?s={search_term_string}\"},\"query-input\":{\"@type\":\"PropertyValueSpecification\",\"valueRequired\":true,\"valueName\":\"search_term_string\"}}],\"inLanguage\":\"hr\"},{\"@type\":\"Organization\",\"@id\":\"https:\\\/\\\/radioljubuski.ba\\\/#organization\",\"name\":\"Radio Ljubu\u0161ki\",\"url\":\"https:\\\/\\\/radioljubuski.ba\\\/\",\"logo\":{\"@type\":\"ImageObject\",\"inLanguage\":\"hr\",\"@id\":\"https:\\\/\\\/radioljubuski.ba\\\/#\\\/schema\\\/logo\\\/image\\\/\",\"url\":\"https:\\\/\\\/radioljubuski.ba\\\/wp-content\\\/uploads\\\/2021\\\/02\\\/cropped-Radio_Ljubuski_logo1.jpg\",\"contentUrl\":\"https:\\\/\\\/radioljubuski.ba\\\/wp-content\\\/uploads\\\/2021\\\/02\\\/cropped-Radio_Ljubuski_logo1.jpg\",\"width\":512,\"height\":512,\"caption\":\"Radio Ljubu\u0161ki\"},\"image\":{\"@id\":\"https:\\\/\\\/radioljubuski.ba\\\/#\\\/schema\\\/logo\\\/image\\\/\"},\"sameAs\":[\"https:\\\/\\\/www.facebook.com\\\/Radiio-Ljubuski-1490835324566332\",\"https:\\\/\\\/x.com\\\/radioljubuski\",\"https:\\\/\\\/hr.linkedin.com\\\/company\\\/radio-ljubuski\",\"https:\\\/\\\/www.youtube.com\\\/channel\\\/UCHYaeO_n0Db3tjNGudGpXyw\"]},{\"@type\":\"Person\",\"@id\":\"https:\\\/\\\/radioljubuski.ba\\\/#\\\/schema\\\/person\\\/19fc700381a780f69665d7956c469e3b\",\"name\":\"Radio Ljubu\u0161ki\"}]}<\/script>\n<!-- \/ Yoast SEO plugin. -->","yoast_head_json":{"title":"Iris \u0106ori\u0107: Na tatamiju vidi\u0161 istreniranog \u010dovjeka, ali nitko ne vidi suze i krv prolivene na treninzima - RADIO LJUBU\u0160KI","robots":{"index":"index","follow":"follow","max-snippet":"max-snippet:-1","max-image-preview":"max-image-preview:large","max-video-preview":"max-video-preview:-1"},"canonical":"https:\/\/radioljubuski.ba\/index.php\/2021\/06\/02\/iris-coric-na-tatamiju-vidis-istreniranog-covjeka-ali-nitko-ne-vidi-suze-i-krv-prolivene-na-treninzima\/","og_locale":"hr_HR","og_type":"article","og_title":"Iris \u0106ori\u0107: Na tatamiju vidi\u0161 istreniranog \u010dovjeka, ali nitko ne vidi suze i krv prolivene na treninzima - RADIO LJUBU\u0160KI","og_description":"Iris \u0106ori\u0107 je \u010dlanica Sveu\u010dili\u0161nog karate kluba Neretva i studentica druge godine preddiplomskog studija poslovne ekonomije. Tako\u0111er je dobitnica nagrade za Najbolju sporta\u0161icu grada Mostara 2020. godine, kao i dobitnica Rektorove nagrade Sveu\u010dili\u0161ta u Mostaru. Karate smatra vrlo bitnim dijelom svog \u017eivota, a njime se po\u010dela baviti jo\u0161 u ranom djetinjstvu. \u201eZa karate sam se [&hellip;]","og_url":"https:\/\/radioljubuski.ba\/index.php\/2021\/06\/02\/iris-coric-na-tatamiju-vidis-istreniranog-covjeka-ali-nitko-ne-vidi-suze-i-krv-prolivene-na-treninzima\/","og_site_name":"RADIO LJUBU\u0160KI","article_publisher":"https:\/\/www.facebook.com\/Radiio-Ljubuski-1490835324566332","article_published_time":"2021-06-02T07:08:13+00:00","article_modified_time":"2021-06-02T07:08:14+00:00","og_image":[{"width":612,"height":408,"url":"https:\/\/radioljubuski.ba\/wp-content\/uploads\/2021\/06\/iris-coric.jpeg","type":"image\/jpeg"}],"author":"Radio Ljubu\u0161ki","twitter_card":"summary_large_image","twitter_creator":"@radioljubuski","twitter_site":"@radioljubuski","twitter_misc":{"Napisao\/la":"Radio Ljubu\u0161ki","Procijenjeno vrijeme \u010ditanja":"3 minute"},"schema":{"@context":"https:\/\/schema.org","@graph":[{"@type":"Article","@id":"https:\/\/radioljubuski.ba\/index.php\/2021\/06\/02\/iris-coric-na-tatamiju-vidis-istreniranog-covjeka-ali-nitko-ne-vidi-suze-i-krv-prolivene-na-treninzima\/#article","isPartOf":{"@id":"https:\/\/radioljubuski.ba\/index.php\/2021\/06\/02\/iris-coric-na-tatamiju-vidis-istreniranog-covjeka-ali-nitko-ne-vidi-suze-i-krv-prolivene-na-treninzima\/"},"author":{"name":"Radio Ljubu\u0161ki","@id":"https:\/\/radioljubuski.ba\/#\/schema\/person\/19fc700381a780f69665d7956c469e3b"},"headline":"Iris \u0106ori\u0107: Na tatamiju vidi\u0161 istreniranog \u010dovjeka, ali nitko ne vidi suze i krv prolivene na treninzima","datePublished":"2021-06-02T07:08:13+00:00","dateModified":"2021-06-02T07:08:14+00:00","mainEntityOfPage":{"@id":"https:\/\/radioljubuski.ba\/index.php\/2021\/06\/02\/iris-coric-na-tatamiju-vidis-istreniranog-covjeka-ali-nitko-ne-vidi-suze-i-krv-prolivene-na-treninzima\/"},"wordCount":706,"publisher":{"@id":"https:\/\/radioljubuski.ba\/#organization"},"image":{"@id":"https:\/\/radioljubuski.ba\/index.php\/2021\/06\/02\/iris-coric-na-tatamiju-vidis-istreniranog-covjeka-ali-nitko-ne-vidi-suze-i-krv-prolivene-na-treninzima\/#primaryimage"},"thumbnailUrl":"https:\/\/radioljubuski.ba\/wp-content\/uploads\/2021\/06\/iris-coric.jpeg","articleSection":["\u0160port"],"inLanguage":"hr"},{"@type":"WebPage","@id":"https:\/\/radioljubuski.ba\/index.php\/2021\/06\/02\/iris-coric-na-tatamiju-vidis-istreniranog-covjeka-ali-nitko-ne-vidi-suze-i-krv-prolivene-na-treninzima\/","url":"https:\/\/radioljubuski.ba\/index.php\/2021\/06\/02\/iris-coric-na-tatamiju-vidis-istreniranog-covjeka-ali-nitko-ne-vidi-suze-i-krv-prolivene-na-treninzima\/","name":"Iris \u0106ori\u0107: Na tatamiju vidi\u0161 istreniranog \u010dovjeka, ali nitko ne vidi suze i krv prolivene na treninzima - RADIO LJUBU\u0160KI","isPartOf":{"@id":"https:\/\/radioljubuski.ba\/#website"},"primaryImageOfPage":{"@id":"https:\/\/radioljubuski.ba\/index.php\/2021\/06\/02\/iris-coric-na-tatamiju-vidis-istreniranog-covjeka-ali-nitko-ne-vidi-suze-i-krv-prolivene-na-treninzima\/#primaryimage"},"image":{"@id":"https:\/\/radioljubuski.ba\/index.php\/2021\/06\/02\/iris-coric-na-tatamiju-vidis-istreniranog-covjeka-ali-nitko-ne-vidi-suze-i-krv-prolivene-na-treninzima\/#primaryimage"},"thumbnailUrl":"https:\/\/radioljubuski.ba\/wp-content\/uploads\/2021\/06\/iris-coric.jpeg","datePublished":"2021-06-02T07:08:13+00:00","dateModified":"2021-06-02T07:08:14+00:00","breadcrumb":{"@id":"https:\/\/radioljubuski.ba\/index.php\/2021\/06\/02\/iris-coric-na-tatamiju-vidis-istreniranog-covjeka-ali-nitko-ne-vidi-suze-i-krv-prolivene-na-treninzima\/#breadcrumb"},"inLanguage":"hr","potentialAction":[{"@type":"ReadAction","target":["https:\/\/radioljubuski.ba\/index.php\/2021\/06\/02\/iris-coric-na-tatamiju-vidis-istreniranog-covjeka-ali-nitko-ne-vidi-suze-i-krv-prolivene-na-treninzima\/"]}]},{"@type":"ImageObject","inLanguage":"hr","@id":"https:\/\/radioljubuski.ba\/index.php\/2021\/06\/02\/iris-coric-na-tatamiju-vidis-istreniranog-covjeka-ali-nitko-ne-vidi-suze-i-krv-prolivene-na-treninzima\/#primaryimage","url":"https:\/\/radioljubuski.ba\/wp-content\/uploads\/2021\/06\/iris-coric.jpeg","contentUrl":"https:\/\/radioljubuski.ba\/wp-content\/uploads\/2021\/06\/iris-coric.jpeg","width":612,"height":408},{"@type":"BreadcrumbList","@id":"https:\/\/radioljubuski.ba\/index.php\/2021\/06\/02\/iris-coric-na-tatamiju-vidis-istreniranog-covjeka-ali-nitko-ne-vidi-suze-i-krv-prolivene-na-treninzima\/#breadcrumb","itemListElement":[{"@type":"ListItem","position":1,"name":"Po\u010detna stranica","item":"https:\/\/radioljubuski.ba\/"},{"@type":"ListItem","position":2,"name":"Iris \u0106ori\u0107: Na tatamiju vidi\u0161 istreniranog \u010dovjeka, ali nitko ne vidi suze i krv prolivene na treninzima"}]},{"@type":"WebSite","@id":"https:\/\/radioljubuski.ba\/#website","url":"https:\/\/radioljubuski.ba\/","name":"Radio Ljubu\u0161ki","description":"Sun\u010dana frekvencija Hercegovine","publisher":{"@id":"https:\/\/radioljubuski.ba\/#organization"},"potentialAction":[{"@type":"SearchAction","target":{"@type":"EntryPoint","urlTemplate":"https:\/\/radioljubuski.ba\/?s={search_term_string}"},"query-input":{"@type":"PropertyValueSpecification","valueRequired":true,"valueName":"search_term_string"}}],"inLanguage":"hr"},{"@type":"Organization","@id":"https:\/\/radioljubuski.ba\/#organization","name":"Radio Ljubu\u0161ki","url":"https:\/\/radioljubuski.ba\/","logo":{"@type":"ImageObject","inLanguage":"hr","@id":"https:\/\/radioljubuski.ba\/#\/schema\/logo\/image\/","url":"https:\/\/radioljubuski.ba\/wp-content\/uploads\/2021\/02\/cropped-Radio_Ljubuski_logo1.jpg","contentUrl":"https:\/\/radioljubuski.ba\/wp-content\/uploads\/2021\/02\/cropped-Radio_Ljubuski_logo1.jpg","width":512,"height":512,"caption":"Radio Ljubu\u0161ki"},"image":{"@id":"https:\/\/radioljubuski.ba\/#\/schema\/logo\/image\/"},"sameAs":["https:\/\/www.facebook.com\/Radiio-Ljubuski-1490835324566332","https:\/\/x.com\/radioljubuski","https:\/\/hr.linkedin.com\/company\/radio-ljubuski","https:\/\/www.youtube.com\/channel\/UCHYaeO_n0Db3tjNGudGpXyw"]},{"@type":"Person","@id":"https:\/\/radioljubuski.ba\/#\/schema\/person\/19fc700381a780f69665d7956c469e3b","name":"Radio Ljubu\u0161ki"}]}},"_links":{"self":[{"href":"https:\/\/radioljubuski.ba\/index.php\/wp-json\/wp\/v2\/posts\/27508","targetHints":{"allow":["GET"]}}],"collection":[{"href":"https:\/\/radioljubuski.ba\/index.php\/wp-json\/wp\/v2\/posts"}],"about":[{"href":"https:\/\/radioljubuski.ba\/index.php\/wp-json\/wp\/v2\/types\/post"}],"author":[{"embeddable":true,"href":"https:\/\/radioljubuski.ba\/index.php\/wp-json\/wp\/v2\/users\/2"}],"replies":[{"embeddable":true,"href":"https:\/\/radioljubuski.ba\/index.php\/wp-json\/wp\/v2\/comments?post=27508"}],"version-history":[{"count":1,"href":"https:\/\/radioljubuski.ba\/index.php\/wp-json\/wp\/v2\/posts\/27508\/revisions"}],"predecessor-version":[{"id":27510,"href":"https:\/\/radioljubuski.ba\/index.php\/wp-json\/wp\/v2\/posts\/27508\/revisions\/27510"}],"wp:featuredmedia":[{"embeddable":true,"href":"https:\/\/radioljubuski.ba\/index.php\/wp-json\/wp\/v2\/media\/27509"}],"wp:attachment":[{"href":"https:\/\/radioljubuski.ba\/index.php\/wp-json\/wp\/v2\/media?parent=27508"}],"wp:term":[{"taxonomy":"category","embeddable":true,"href":"https:\/\/radioljubuski.ba\/index.php\/wp-json\/wp\/v2\/categories?post=27508"},{"taxonomy":"post_tag","embeddable":true,"href":"https:\/\/radioljubuski.ba\/index.php\/wp-json\/wp\/v2\/tags?post=27508"}],"curies":[{"name":"wp","href":"https:\/\/api.w.org\/{rel}","templated":true}]}}