{"id":27511,"date":"2021-06-02T08:28:23","date_gmt":"2021-06-02T07:28:23","guid":{"rendered":"https:\/\/radioljubuski.ba\/?p=27511"},"modified":"2021-06-02T08:28:23","modified_gmt":"2021-06-02T07:28:23","slug":"zmajevi-danas-na-grbavici-protiv-crne-gore-traze-prvu-pobjedu-nakon-godinu-i-pol","status":"publish","type":"post","link":"https:\/\/radioljubuski.ba\/index.php\/2021\/06\/02\/zmajevi-danas-na-grbavici-protiv-crne-gore-traze-prvu-pobjedu-nakon-godinu-i-pol\/","title":{"rendered":"Zmajevi danas na Grbavici protiv Crne Gore tra\u017ee prvu pobjedu nakon godinu i pol"},"content":{"rendered":"\n<p><strong>Nogometna reprezentacija BiH danas od 18 sati na stadionu Grbavica u Sarajevu igra prijateljski susret protiv selekcije Crne Gore.<\/strong><\/p>\n\n\n\n<p>Zmajevi \u0107e u ovom periodu odigrati dva prijateljska susreta, prvi danas protiv Crne Gore, a drugi \u010detiri dana kasnije u Kopenhagenu protiv Danske.<\/p>\n\n\n\n<p>Na spisku za ove susrete nema kapetana Zmajeva Edina D\u017eeke (Roma) ni Miralema Pjani\u0107a (Barcelona), koji \u0107e se odmoriti, kao ni Edina Vi\u0161\u0107e (Ba\u0161ak\u0161ehir) koji se oprostio od reprezentacije te operiranog Marka Mihojevi\u0107a (Goztepe) i Amera Gojaka (Torino) zbog ozljede, a prve pozive u seniorski tim dobili su debitanti Aleksandar Jovi\u010di\u0107, Jusuf Gazibegovi\u0107, Andrej \u0110okanovi\u0107, Adi Nali\u0107, Ajdin Nuki\u0107 i Damir Sadikovi\u0107.<\/p>\n\n\n\n<p>Zbog ozlije\u0111enih Miroslava Stevanovi\u0107a, Seada Kola\u0161inca i Gojka Cimirota, Petev je naknadno poslao pozive Vladanu Danilovi\u0107u, Ajdinu Nuki\u0107u i Damiru Sadikovi\u0107u, dok su u me\u0111uvremenu otpali i Stjepan Lon\u010dar, kao i Dario \u0160ari\u0107.<\/p>\n\n\n\n<p>Na spisku reprezentacije BiH nalaze se sljede\u0107i igra\u010di:<\/p>\n\n\n\n<p><strong>Vratari:<\/strong>&nbsp;Ibrahim \u0160ehi\u0107 (Konyaspor), Nikola Vasilj (Zorya Lugansk) i Kenan Piri\u0107 (Maribor)<\/p>\n\n\n\n<p><strong>Obrana:<\/strong>&nbsp;Sini\u0161a Sani\u010danin (Vojvodina), Aleksandar Jovi\u010di\u0107 (Gorica), Anel Ahmedhod\u017ei\u0107 (Malmo), Dennis Had\u017eikaduni\u0107 (Rostov), Darko Todorovi\u0107 (Hajduk Split), Jusuf Gazibegovi\u0107 (Sturm Graz), Branimir Cipeti\u0107 (Lokomotiva Zagreb), Ajdin Nuki\u0107 (Tuzla City) i Eldar \u0106ivi\u0107 (Ferencvaro\u0161).<\/p>\n\n\n\n<p><strong>Vezni red:<\/strong>&nbsp;Amir Had\u017eiahmetovi\u0107 (Konyaspor), Andrej \u0110okanovi\u0107 (Sarajevo), Rade Kruni\u0107 (Milan), Adi Nali\u0107 (Malmo), Dino Be\u0161irovi\u0107 (Mezokovesd Zsory), i Almedin Ziljki\u0107 (Borac), Vladan Danilovi\u0107 (Nacional) i Damir Sadikovi\u0107 (Cracovia).<\/p>\n\n\n\n<p><strong>Napad:&nbsp;<\/strong>Luka Menalo (Rijeka), Ermedin Demirovi\u0107 (Freiburg) i Smail Prevljak (Eupen).<\/p>\n\n\n\n<p>Na spisku se nalaze i neki igra\u010di iz Premijer lige BiH koje izbornik \u017eeli provjeriti, a Petev je ranije istakao da \u0107e svi igra\u010di koji su na raspolaganju dobiti minuta\u017eu u predstoje\u0107im susretima.<\/p>\n\n\n\n<p>Zmajevi se nadaju da \u0107e prekinuti dugi niz bez pobjede, jer je posljednji trijumf na\u0161a selekcija ostvarila jo\u0161 18.studenog 2019. godine, kada smo u kvalifikacijama za EP savladali Lichtenstein rezultatom 3:0.<\/p>\n\n\n\n<p>Utakmica dolazi u nezgodno vrijeme, na kraju sezone, ali bugarski stru\u010dnjak vjeruje da \u0107e svi igra\u010di pru\u017eiti maksimum.<\/p>\n\n\n\n<p>&#8220;Vrijeme je isto nama, kao i njima. Bitno je da svaki igra\u010d ima svoju motivaciju i da pru\u017ei maksimum. Ako to uspijemo, mo\u017eemo se nadati dobrom rezultatu. Crna Gora je simpati\u010dna ekipa i ne\u0107e biti lako, ali sve zavisi od nas&#8221;, smatra Petev.<\/p>\n\n\n\n<p>S druge strane, Crnogorci \u0107e protiv Zmajeva biti veoma oslabljeni, bez velikog broja standardnih igra\u010da, a izbornik Miodrag Radulovi\u0107 priznao je da se nije nadao tome.<\/p>\n\n\n\n<p>&#8220;\u017deljeli smo izvu\u0107i benefite za utakmice u rujnu, koje \u0107e sigurno biti klju\u010dne u kvalifikacijama, ali na\u0161 plan je poreme\u0107en. Imamo 13 izostanaka, ali evo tu je i Ve\u0161ovi\u0107 da vidimo u kakvoj je on formi, kao i neki ostali igra\u010di. Poslu\u017eit \u0107e nam ova utakmica da vidimo mogu\u0107nosti igra\u010da i da pro\u0161irimo roster&#8221;, istakao je izbornik Crne Gore.<\/p>\n\n\n\n<p>Utakmica BiH &#8211; Crna Gora po\u010dinje od 18 sati. Direktan prijenos osigurala je Nova BH, a tekstualni prijenos susreta mo\u017eete pratiti na portalu Klix.ba.<\/p>\n\n\n\n<p>izvor: klix.ba<\/p>\n","protected":false},"excerpt":{"rendered":"<p>Nogometna reprezentacija BiH danas od 18 sati na stadionu Grbavica u Sarajevu igra prijateljski susret protiv selekcije Crne Gore. Zmajevi \u0107e u ovom periodu odigrati dva prijateljska susreta, prvi danas protiv Crne Gore, a drugi \u010detiri dana kasnije u Kopenhagenu protiv Danske. Na spisku za ove susrete nema kapetana Zmajeva Edina D\u017eeke (Roma) ni Miralema [&hellip;]<\/p>\n","protected":false},"author":2,"featured_media":27512,"comment_status":"closed","ping_status":"closed","sticky":false,"template":"","format":"standard","meta":{"h5ap_radio_sources":[],"footnotes":""},"categories":[7],"tags":[],"class_list":["post-27511","post","type-post","status-publish","format-standard","has-post-thumbnail","hentry","category-sport"],"yoast_head":"<!-- This site is optimized with the Yoast SEO plugin v27.5 - https:\/\/yoast.com\/product\/yoast-seo-wordpress\/ -->\n<title>Zmajevi danas na Grbavici protiv Crne Gore tra\u017ee prvu pobjedu nakon godinu i pol - RADIO LJUBU\u0160KI<\/title>\n<meta name=\"robots\" content=\"index, follow, max-snippet:-1, max-image-preview:large, max-video-preview:-1\" \/>\n<link rel=\"canonical\" href=\"https:\/\/radioljubuski.ba\/index.php\/2021\/06\/02\/zmajevi-danas-na-grbavici-protiv-crne-gore-traze-prvu-pobjedu-nakon-godinu-i-pol\/\" \/>\n<meta property=\"og:locale\" content=\"hr_HR\" \/>\n<meta property=\"og:type\" content=\"article\" \/>\n<meta property=\"og:title\" content=\"Zmajevi danas na Grbavici protiv Crne Gore tra\u017ee prvu pobjedu nakon godinu i pol - RADIO LJUBU\u0160KI\" \/>\n<meta property=\"og:description\" content=\"Nogometna reprezentacija BiH danas od 18 sati na stadionu Grbavica u Sarajevu igra prijateljski susret protiv selekcije Crne Gore. Zmajevi \u0107e u ovom periodu odigrati dva prijateljska susreta, prvi danas protiv Crne Gore, a drugi \u010detiri dana kasnije u Kopenhagenu protiv Danske. Na spisku za ove susrete nema kapetana Zmajeva Edina D\u017eeke (Roma) ni Miralema [&hellip;]\" \/>\n<meta property=\"og:url\" content=\"https:\/\/radioljubuski.ba\/index.php\/2021\/06\/02\/zmajevi-danas-na-grbavici-protiv-crne-gore-traze-prvu-pobjedu-nakon-godinu-i-pol\/\" \/>\n<meta property=\"og:site_name\" content=\"RADIO LJUBU\u0160KI\" \/>\n<meta property=\"article:publisher\" content=\"https:\/\/www.facebook.com\/Radiio-Ljubuski-1490835324566332\" \/>\n<meta property=\"article:published_time\" content=\"2021-06-02T07:28:23+00:00\" \/>\n<meta property=\"og:image\" content=\"https:\/\/radioljubuski.ba\/wp-content\/uploads\/2021\/06\/zmajevi.jpg\" \/>\n\t<meta property=\"og:image:width\" content=\"275\" \/>\n\t<meta property=\"og:image:height\" content=\"183\" \/>\n\t<meta property=\"og:image:type\" content=\"image\/jpeg\" \/>\n<meta name=\"author\" content=\"Radio Ljubu\u0161ki\" \/>\n<meta name=\"twitter:card\" content=\"summary_large_image\" \/>\n<meta name=\"twitter:creator\" content=\"@radioljubuski\" \/>\n<meta name=\"twitter:site\" content=\"@radioljubuski\" \/>\n<meta name=\"twitter:label1\" content=\"Napisao\/la\" \/>\n\t<meta name=\"twitter:data1\" content=\"Radio Ljubu\u0161ki\" \/>\n\t<meta name=\"twitter:label2\" content=\"Procijenjeno vrijeme \u010ditanja\" \/>\n\t<meta name=\"twitter:data2\" content=\"3 minute\" \/>\n<script type=\"application\/ld+json\" class=\"yoast-schema-graph\">{\"@context\":\"https:\\\/\\\/schema.org\",\"@graph\":[{\"@type\":\"Article\",\"@id\":\"https:\\\/\\\/radioljubuski.ba\\\/index.php\\\/2021\\\/06\\\/02\\\/zmajevi-danas-na-grbavici-protiv-crne-gore-traze-prvu-pobjedu-nakon-godinu-i-pol\\\/#article\",\"isPartOf\":{\"@id\":\"https:\\\/\\\/radioljubuski.ba\\\/index.php\\\/2021\\\/06\\\/02\\\/zmajevi-danas-na-grbavici-protiv-crne-gore-traze-prvu-pobjedu-nakon-godinu-i-pol\\\/\"},\"author\":{\"name\":\"Radio Ljubu\u0161ki\",\"@id\":\"https:\\\/\\\/radioljubuski.ba\\\/#\\\/schema\\\/person\\\/19fc700381a780f69665d7956c469e3b\"},\"headline\":\"Zmajevi danas na Grbavici protiv Crne Gore tra\u017ee prvu pobjedu nakon godinu i pol\",\"datePublished\":\"2021-06-02T07:28:23+00:00\",\"mainEntityOfPage\":{\"@id\":\"https:\\\/\\\/radioljubuski.ba\\\/index.php\\\/2021\\\/06\\\/02\\\/zmajevi-danas-na-grbavici-protiv-crne-gore-traze-prvu-pobjedu-nakon-godinu-i-pol\\\/\"},\"wordCount\":530,\"publisher\":{\"@id\":\"https:\\\/\\\/radioljubuski.ba\\\/#organization\"},\"image\":{\"@id\":\"https:\\\/\\\/radioljubuski.ba\\\/index.php\\\/2021\\\/06\\\/02\\\/zmajevi-danas-na-grbavici-protiv-crne-gore-traze-prvu-pobjedu-nakon-godinu-i-pol\\\/#primaryimage\"},\"thumbnailUrl\":\"https:\\\/\\\/radioljubuski.ba\\\/wp-content\\\/uploads\\\/2021\\\/06\\\/zmajevi.jpg\",\"articleSection\":[\"\u0160port\"],\"inLanguage\":\"hr\"},{\"@type\":\"WebPage\",\"@id\":\"https:\\\/\\\/radioljubuski.ba\\\/index.php\\\/2021\\\/06\\\/02\\\/zmajevi-danas-na-grbavici-protiv-crne-gore-traze-prvu-pobjedu-nakon-godinu-i-pol\\\/\",\"url\":\"https:\\\/\\\/radioljubuski.ba\\\/index.php\\\/2021\\\/06\\\/02\\\/zmajevi-danas-na-grbavici-protiv-crne-gore-traze-prvu-pobjedu-nakon-godinu-i-pol\\\/\",\"name\":\"Zmajevi danas na Grbavici protiv Crne Gore tra\u017ee prvu pobjedu nakon godinu i pol - RADIO LJUBU\u0160KI\",\"isPartOf\":{\"@id\":\"https:\\\/\\\/radioljubuski.ba\\\/#website\"},\"primaryImageOfPage\":{\"@id\":\"https:\\\/\\\/radioljubuski.ba\\\/index.php\\\/2021\\\/06\\\/02\\\/zmajevi-danas-na-grbavici-protiv-crne-gore-traze-prvu-pobjedu-nakon-godinu-i-pol\\\/#primaryimage\"},\"image\":{\"@id\":\"https:\\\/\\\/radioljubuski.ba\\\/index.php\\\/2021\\\/06\\\/02\\\/zmajevi-danas-na-grbavici-protiv-crne-gore-traze-prvu-pobjedu-nakon-godinu-i-pol\\\/#primaryimage\"},\"thumbnailUrl\":\"https:\\\/\\\/radioljubuski.ba\\\/wp-content\\\/uploads\\\/2021\\\/06\\\/zmajevi.jpg\",\"datePublished\":\"2021-06-02T07:28:23+00:00\",\"breadcrumb\":{\"@id\":\"https:\\\/\\\/radioljubuski.ba\\\/index.php\\\/2021\\\/06\\\/02\\\/zmajevi-danas-na-grbavici-protiv-crne-gore-traze-prvu-pobjedu-nakon-godinu-i-pol\\\/#breadcrumb\"},\"inLanguage\":\"hr\",\"potentialAction\":[{\"@type\":\"ReadAction\",\"target\":[\"https:\\\/\\\/radioljubuski.ba\\\/index.php\\\/2021\\\/06\\\/02\\\/zmajevi-danas-na-grbavici-protiv-crne-gore-traze-prvu-pobjedu-nakon-godinu-i-pol\\\/\"]}]},{\"@type\":\"ImageObject\",\"inLanguage\":\"hr\",\"@id\":\"https:\\\/\\\/radioljubuski.ba\\\/index.php\\\/2021\\\/06\\\/02\\\/zmajevi-danas-na-grbavici-protiv-crne-gore-traze-prvu-pobjedu-nakon-godinu-i-pol\\\/#primaryimage\",\"url\":\"https:\\\/\\\/radioljubuski.ba\\\/wp-content\\\/uploads\\\/2021\\\/06\\\/zmajevi.jpg\",\"contentUrl\":\"https:\\\/\\\/radioljubuski.ba\\\/wp-content\\\/uploads\\\/2021\\\/06\\\/zmajevi.jpg\",\"width\":275,\"height\":183},{\"@type\":\"BreadcrumbList\",\"@id\":\"https:\\\/\\\/radioljubuski.ba\\\/index.php\\\/2021\\\/06\\\/02\\\/zmajevi-danas-na-grbavici-protiv-crne-gore-traze-prvu-pobjedu-nakon-godinu-i-pol\\\/#breadcrumb\",\"itemListElement\":[{\"@type\":\"ListItem\",\"position\":1,\"name\":\"Po\u010detna stranica\",\"item\":\"https:\\\/\\\/radioljubuski.ba\\\/\"},{\"@type\":\"ListItem\",\"position\":2,\"name\":\"Zmajevi danas na Grbavici protiv Crne Gore tra\u017ee prvu pobjedu nakon godinu i pol\"}]},{\"@type\":\"WebSite\",\"@id\":\"https:\\\/\\\/radioljubuski.ba\\\/#website\",\"url\":\"https:\\\/\\\/radioljubuski.ba\\\/\",\"name\":\"Radio Ljubu\u0161ki\",\"description\":\"Sun\u010dana frekvencija Hercegovine\",\"publisher\":{\"@id\":\"https:\\\/\\\/radioljubuski.ba\\\/#organization\"},\"potentialAction\":[{\"@type\":\"SearchAction\",\"target\":{\"@type\":\"EntryPoint\",\"urlTemplate\":\"https:\\\/\\\/radioljubuski.ba\\\/?s={search_term_string}\"},\"query-input\":{\"@type\":\"PropertyValueSpecification\",\"valueRequired\":true,\"valueName\":\"search_term_string\"}}],\"inLanguage\":\"hr\"},{\"@type\":\"Organization\",\"@id\":\"https:\\\/\\\/radioljubuski.ba\\\/#organization\",\"name\":\"Radio Ljubu\u0161ki\",\"url\":\"https:\\\/\\\/radioljubuski.ba\\\/\",\"logo\":{\"@type\":\"ImageObject\",\"inLanguage\":\"hr\",\"@id\":\"https:\\\/\\\/radioljubuski.ba\\\/#\\\/schema\\\/logo\\\/image\\\/\",\"url\":\"https:\\\/\\\/radioljubuski.ba\\\/wp-content\\\/uploads\\\/2021\\\/02\\\/cropped-Radio_Ljubuski_logo1.jpg\",\"contentUrl\":\"https:\\\/\\\/radioljubuski.ba\\\/wp-content\\\/uploads\\\/2021\\\/02\\\/cropped-Radio_Ljubuski_logo1.jpg\",\"width\":512,\"height\":512,\"caption\":\"Radio Ljubu\u0161ki\"},\"image\":{\"@id\":\"https:\\\/\\\/radioljubuski.ba\\\/#\\\/schema\\\/logo\\\/image\\\/\"},\"sameAs\":[\"https:\\\/\\\/www.facebook.com\\\/Radiio-Ljubuski-1490835324566332\",\"https:\\\/\\\/x.com\\\/radioljubuski\",\"https:\\\/\\\/hr.linkedin.com\\\/company\\\/radio-ljubuski\",\"https:\\\/\\\/www.youtube.com\\\/channel\\\/UCHYaeO_n0Db3tjNGudGpXyw\"]},{\"@type\":\"Person\",\"@id\":\"https:\\\/\\\/radioljubuski.ba\\\/#\\\/schema\\\/person\\\/19fc700381a780f69665d7956c469e3b\",\"name\":\"Radio Ljubu\u0161ki\"}]}<\/script>\n<!-- \/ Yoast SEO plugin. -->","yoast_head_json":{"title":"Zmajevi danas na Grbavici protiv Crne Gore tra\u017ee prvu pobjedu nakon godinu i pol - RADIO LJUBU\u0160KI","robots":{"index":"index","follow":"follow","max-snippet":"max-snippet:-1","max-image-preview":"max-image-preview:large","max-video-preview":"max-video-preview:-1"},"canonical":"https:\/\/radioljubuski.ba\/index.php\/2021\/06\/02\/zmajevi-danas-na-grbavici-protiv-crne-gore-traze-prvu-pobjedu-nakon-godinu-i-pol\/","og_locale":"hr_HR","og_type":"article","og_title":"Zmajevi danas na Grbavici protiv Crne Gore tra\u017ee prvu pobjedu nakon godinu i pol - RADIO LJUBU\u0160KI","og_description":"Nogometna reprezentacija BiH danas od 18 sati na stadionu Grbavica u Sarajevu igra prijateljski susret protiv selekcije Crne Gore. Zmajevi \u0107e u ovom periodu odigrati dva prijateljska susreta, prvi danas protiv Crne Gore, a drugi \u010detiri dana kasnije u Kopenhagenu protiv Danske. Na spisku za ove susrete nema kapetana Zmajeva Edina D\u017eeke (Roma) ni Miralema [&hellip;]","og_url":"https:\/\/radioljubuski.ba\/index.php\/2021\/06\/02\/zmajevi-danas-na-grbavici-protiv-crne-gore-traze-prvu-pobjedu-nakon-godinu-i-pol\/","og_site_name":"RADIO LJUBU\u0160KI","article_publisher":"https:\/\/www.facebook.com\/Radiio-Ljubuski-1490835324566332","article_published_time":"2021-06-02T07:28:23+00:00","og_image":[{"width":275,"height":183,"url":"https:\/\/radioljubuski.ba\/wp-content\/uploads\/2021\/06\/zmajevi.jpg","type":"image\/jpeg"}],"author":"Radio Ljubu\u0161ki","twitter_card":"summary_large_image","twitter_creator":"@radioljubuski","twitter_site":"@radioljubuski","twitter_misc":{"Napisao\/la":"Radio Ljubu\u0161ki","Procijenjeno vrijeme \u010ditanja":"3 minute"},"schema":{"@context":"https:\/\/schema.org","@graph":[{"@type":"Article","@id":"https:\/\/radioljubuski.ba\/index.php\/2021\/06\/02\/zmajevi-danas-na-grbavici-protiv-crne-gore-traze-prvu-pobjedu-nakon-godinu-i-pol\/#article","isPartOf":{"@id":"https:\/\/radioljubuski.ba\/index.php\/2021\/06\/02\/zmajevi-danas-na-grbavici-protiv-crne-gore-traze-prvu-pobjedu-nakon-godinu-i-pol\/"},"author":{"name":"Radio Ljubu\u0161ki","@id":"https:\/\/radioljubuski.ba\/#\/schema\/person\/19fc700381a780f69665d7956c469e3b"},"headline":"Zmajevi danas na Grbavici protiv Crne Gore tra\u017ee prvu pobjedu nakon godinu i pol","datePublished":"2021-06-02T07:28:23+00:00","mainEntityOfPage":{"@id":"https:\/\/radioljubuski.ba\/index.php\/2021\/06\/02\/zmajevi-danas-na-grbavici-protiv-crne-gore-traze-prvu-pobjedu-nakon-godinu-i-pol\/"},"wordCount":530,"publisher":{"@id":"https:\/\/radioljubuski.ba\/#organization"},"image":{"@id":"https:\/\/radioljubuski.ba\/index.php\/2021\/06\/02\/zmajevi-danas-na-grbavici-protiv-crne-gore-traze-prvu-pobjedu-nakon-godinu-i-pol\/#primaryimage"},"thumbnailUrl":"https:\/\/radioljubuski.ba\/wp-content\/uploads\/2021\/06\/zmajevi.jpg","articleSection":["\u0160port"],"inLanguage":"hr"},{"@type":"WebPage","@id":"https:\/\/radioljubuski.ba\/index.php\/2021\/06\/02\/zmajevi-danas-na-grbavici-protiv-crne-gore-traze-prvu-pobjedu-nakon-godinu-i-pol\/","url":"https:\/\/radioljubuski.ba\/index.php\/2021\/06\/02\/zmajevi-danas-na-grbavici-protiv-crne-gore-traze-prvu-pobjedu-nakon-godinu-i-pol\/","name":"Zmajevi danas na Grbavici protiv Crne Gore tra\u017ee prvu pobjedu nakon godinu i pol - RADIO LJUBU\u0160KI","isPartOf":{"@id":"https:\/\/radioljubuski.ba\/#website"},"primaryImageOfPage":{"@id":"https:\/\/radioljubuski.ba\/index.php\/2021\/06\/02\/zmajevi-danas-na-grbavici-protiv-crne-gore-traze-prvu-pobjedu-nakon-godinu-i-pol\/#primaryimage"},"image":{"@id":"https:\/\/radioljubuski.ba\/index.php\/2021\/06\/02\/zmajevi-danas-na-grbavici-protiv-crne-gore-traze-prvu-pobjedu-nakon-godinu-i-pol\/#primaryimage"},"thumbnailUrl":"https:\/\/radioljubuski.ba\/wp-content\/uploads\/2021\/06\/zmajevi.jpg","datePublished":"2021-06-02T07:28:23+00:00","breadcrumb":{"@id":"https:\/\/radioljubuski.ba\/index.php\/2021\/06\/02\/zmajevi-danas-na-grbavici-protiv-crne-gore-traze-prvu-pobjedu-nakon-godinu-i-pol\/#breadcrumb"},"inLanguage":"hr","potentialAction":[{"@type":"ReadAction","target":["https:\/\/radioljubuski.ba\/index.php\/2021\/06\/02\/zmajevi-danas-na-grbavici-protiv-crne-gore-traze-prvu-pobjedu-nakon-godinu-i-pol\/"]}]},{"@type":"ImageObject","inLanguage":"hr","@id":"https:\/\/radioljubuski.ba\/index.php\/2021\/06\/02\/zmajevi-danas-na-grbavici-protiv-crne-gore-traze-prvu-pobjedu-nakon-godinu-i-pol\/#primaryimage","url":"https:\/\/radioljubuski.ba\/wp-content\/uploads\/2021\/06\/zmajevi.jpg","contentUrl":"https:\/\/radioljubuski.ba\/wp-content\/uploads\/2021\/06\/zmajevi.jpg","width":275,"height":183},{"@type":"BreadcrumbList","@id":"https:\/\/radioljubuski.ba\/index.php\/2021\/06\/02\/zmajevi-danas-na-grbavici-protiv-crne-gore-traze-prvu-pobjedu-nakon-godinu-i-pol\/#breadcrumb","itemListElement":[{"@type":"ListItem","position":1,"name":"Po\u010detna stranica","item":"https:\/\/radioljubuski.ba\/"},{"@type":"ListItem","position":2,"name":"Zmajevi danas na Grbavici protiv Crne Gore tra\u017ee prvu pobjedu nakon godinu i pol"}]},{"@type":"WebSite","@id":"https:\/\/radioljubuski.ba\/#website","url":"https:\/\/radioljubuski.ba\/","name":"Radio Ljubu\u0161ki","description":"Sun\u010dana frekvencija Hercegovine","publisher":{"@id":"https:\/\/radioljubuski.ba\/#organization"},"potentialAction":[{"@type":"SearchAction","target":{"@type":"EntryPoint","urlTemplate":"https:\/\/radioljubuski.ba\/?s={search_term_string}"},"query-input":{"@type":"PropertyValueSpecification","valueRequired":true,"valueName":"search_term_string"}}],"inLanguage":"hr"},{"@type":"Organization","@id":"https:\/\/radioljubuski.ba\/#organization","name":"Radio Ljubu\u0161ki","url":"https:\/\/radioljubuski.ba\/","logo":{"@type":"ImageObject","inLanguage":"hr","@id":"https:\/\/radioljubuski.ba\/#\/schema\/logo\/image\/","url":"https:\/\/radioljubuski.ba\/wp-content\/uploads\/2021\/02\/cropped-Radio_Ljubuski_logo1.jpg","contentUrl":"https:\/\/radioljubuski.ba\/wp-content\/uploads\/2021\/02\/cropped-Radio_Ljubuski_logo1.jpg","width":512,"height":512,"caption":"Radio Ljubu\u0161ki"},"image":{"@id":"https:\/\/radioljubuski.ba\/#\/schema\/logo\/image\/"},"sameAs":["https:\/\/www.facebook.com\/Radiio-Ljubuski-1490835324566332","https:\/\/x.com\/radioljubuski","https:\/\/hr.linkedin.com\/company\/radio-ljubuski","https:\/\/www.youtube.com\/channel\/UCHYaeO_n0Db3tjNGudGpXyw"]},{"@type":"Person","@id":"https:\/\/radioljubuski.ba\/#\/schema\/person\/19fc700381a780f69665d7956c469e3b","name":"Radio Ljubu\u0161ki"}]}},"_links":{"self":[{"href":"https:\/\/radioljubuski.ba\/index.php\/wp-json\/wp\/v2\/posts\/27511","targetHints":{"allow":["GET"]}}],"collection":[{"href":"https:\/\/radioljubuski.ba\/index.php\/wp-json\/wp\/v2\/posts"}],"about":[{"href":"https:\/\/radioljubuski.ba\/index.php\/wp-json\/wp\/v2\/types\/post"}],"author":[{"embeddable":true,"href":"https:\/\/radioljubuski.ba\/index.php\/wp-json\/wp\/v2\/users\/2"}],"replies":[{"embeddable":true,"href":"https:\/\/radioljubuski.ba\/index.php\/wp-json\/wp\/v2\/comments?post=27511"}],"version-history":[{"count":1,"href":"https:\/\/radioljubuski.ba\/index.php\/wp-json\/wp\/v2\/posts\/27511\/revisions"}],"predecessor-version":[{"id":27513,"href":"https:\/\/radioljubuski.ba\/index.php\/wp-json\/wp\/v2\/posts\/27511\/revisions\/27513"}],"wp:featuredmedia":[{"embeddable":true,"href":"https:\/\/radioljubuski.ba\/index.php\/wp-json\/wp\/v2\/media\/27512"}],"wp:attachment":[{"href":"https:\/\/radioljubuski.ba\/index.php\/wp-json\/wp\/v2\/media?parent=27511"}],"wp:term":[{"taxonomy":"category","embeddable":true,"href":"https:\/\/radioljubuski.ba\/index.php\/wp-json\/wp\/v2\/categories?post=27511"},{"taxonomy":"post_tag","embeddable":true,"href":"https:\/\/radioljubuski.ba\/index.php\/wp-json\/wp\/v2\/tags?post=27511"}],"curies":[{"name":"wp","href":"https:\/\/api.w.org\/{rel}","templated":true}]}}