{"id":27559,"date":"2021-06-02T13:37:32","date_gmt":"2021-06-02T12:37:32","guid":{"rendered":"https:\/\/radioljubuski.ba\/?p=27559"},"modified":"2021-06-02T13:37:32","modified_gmt":"2021-06-02T12:37:32","slug":"u-44-godini-preminula-kci-meri-cetinic-najdraza-moja-ivi","status":"publish","type":"post","link":"https:\/\/radioljubuski.ba\/index.php\/2021\/06\/02\/u-44-godini-preminula-kci-meri-cetinic-najdraza-moja-ivi\/","title":{"rendered":"U 44. godini preminula k\u0107i Meri Cetini\u0107: &#8216;Najdra\u017ea moja Ivi&#8230;&#8217;"},"content":{"rendered":"\n<p>Tu\u017enu vijest na dru\u0161tvenim mre\u017eama jutros je podijelila pjeva\u010dica Meri Cetini\u0107 (67). U dirljivoj poruci oprostila se od k\u0107eri Ivane Buri\u0107.<\/p>\n\n\n\n<p>Njezina k\u0107i preminula je, kako pi\u0161e, u 44 godini u bolnici KBC Split.<\/p>\n\n\n\n<p>-S neizmjernom boli javljam da je moja ljubljena k\u0107i Ivana Buri\u0107 preminula ju\u010der u KBC Split u 44-oj godini. Bila si moj dragulj, tvoja prekrasna poetska du\u0161a, puna ljubavi i nje\u017enosti, veliki glazbeni talenat, humor&#8230; \u010dinile su na\u0161 \u017eivot sretnim, prepun ljubavi&#8230; Opaka bolest je prijetila, ali smo je savladavale zajedno&#8230;Ovaj put je bila ja\u010da, nismo uspjele, sunce moje i dragi Bog te je uzeo k sebi u svoj zagrljaj, prema nebeskim visinama, zvijezdama&#8230; a tvojoj neutje\u0161noj majci ostavio najdublju tugu&#8230;Tvoje stotine puta ponavljano &#8220;Mami, I love you&#8221; odzvanjat \u0107e u mom srcu zauvijek! Po\u010divaj u miru Bo\u017ejem, najdra\u017ea moja Ivi&#8230;&#8230; &#8211; napisala je tu\u017ena majka.<\/p>\n\n\n\n<p>Pjeva\u010dica Jasna Zloki\u0107 (66), potresena je vije\u0161\u0107u.<\/p>\n\n\n\n<p>-Nisam se \u010dula s Meri, vijest sam sino\u0107 kasno doznala. Javili su mi prijatelji iz Splita. Jo\u0161 je rano da smetam Meri, a i treba se pripremit za to. Ivanu sam, naravno, znala. Ivana je jedno divno, toplo bi\u0107e, milo, muzikalno, obrazovano. Da tako brzo ode, ba\u0161 tuga. To je iz dubine srca, ba\u0161 sam tu\u017ena i tako bolna. Dijete je to. To je stra\u0161no bolno, za Mericu sigurno pogubno. To je te\u0161ka bol i te\u0161ka rana koja sigurno nikad zacijelit ne\u0107e &#8211; rekla je potresena Jasna Zloki\u0107 za 24sata.<\/p>\n\n\n\n<p>Tomislav Brali\u0107 (52) iz klape Intrade zate\u010den je preranim odlaskom kolegice.&nbsp;<\/p>\n\n\n\n<p>-\u010cuo sam kasno sino\u0107 da je Ivana umrla. Ivaninu pjesmu koju je napisala &#8216;Sritan \u010dovik&#8217; \u010desto smo pivali. Pogodilo me to da je vi\u0161e nema, ne znam \u0161to re\u0107i. Bila je mlada. Iskrena su\u0107ut Merici i cijeloj obitelji od mene i klape Intrade &#8211; rekao je Tomislav Brali\u0107.<\/p>\n\n\n\n<p>Izvor:pogled.ba<\/p>\n","protected":false},"excerpt":{"rendered":"<p>Tu\u017enu vijest na dru\u0161tvenim mre\u017eama jutros je podijelila pjeva\u010dica Meri Cetini\u0107 (67). U dirljivoj poruci oprostila se od k\u0107eri Ivane Buri\u0107. Njezina k\u0107i preminula je, kako pi\u0161e, u 44 godini u bolnici KBC Split. -S neizmjernom boli javljam da je moja ljubljena k\u0107i Ivana Buri\u0107 preminula ju\u010der u KBC Split u 44-oj godini. Bila si [&hellip;]<\/p>\n","protected":false},"author":2,"featured_media":27560,"comment_status":"closed","ping_status":"closed","sticky":false,"template":"","format":"standard","meta":{"h5ap_radio_sources":[],"footnotes":""},"categories":[1],"tags":[],"class_list":["post-27559","post","type-post","status-publish","format-standard","has-post-thumbnail","hentry","category-bihiregija"],"yoast_head":"<!-- This site is optimized with the Yoast SEO plugin v27.5 - https:\/\/yoast.com\/product\/yoast-seo-wordpress\/ -->\n<title>U 44. godini preminula k\u0107i Meri Cetini\u0107: &#039;Najdra\u017ea moja Ivi...&#039; - RADIO LJUBU\u0160KI<\/title>\n<meta name=\"robots\" content=\"index, follow, max-snippet:-1, max-image-preview:large, max-video-preview:-1\" \/>\n<link rel=\"canonical\" href=\"https:\/\/radioljubuski.ba\/index.php\/2021\/06\/02\/u-44-godini-preminula-kci-meri-cetinic-najdraza-moja-ivi\/\" \/>\n<meta property=\"og:locale\" content=\"hr_HR\" \/>\n<meta property=\"og:type\" content=\"article\" \/>\n<meta property=\"og:title\" content=\"U 44. godini preminula k\u0107i Meri Cetini\u0107: &#039;Najdra\u017ea moja Ivi...&#039; - RADIO LJUBU\u0160KI\" \/>\n<meta property=\"og:description\" content=\"Tu\u017enu vijest na dru\u0161tvenim mre\u017eama jutros je podijelila pjeva\u010dica Meri Cetini\u0107 (67). U dirljivoj poruci oprostila se od k\u0107eri Ivane Buri\u0107. Njezina k\u0107i preminula je, kako pi\u0161e, u 44 godini u bolnici KBC Split. -S neizmjernom boli javljam da je moja ljubljena k\u0107i Ivana Buri\u0107 preminula ju\u010der u KBC Split u 44-oj godini. Bila si [&hellip;]\" \/>\n<meta property=\"og:url\" content=\"https:\/\/radioljubuski.ba\/index.php\/2021\/06\/02\/u-44-godini-preminula-kci-meri-cetinic-najdraza-moja-ivi\/\" \/>\n<meta property=\"og:site_name\" content=\"RADIO LJUBU\u0160KI\" \/>\n<meta property=\"article:publisher\" content=\"https:\/\/www.facebook.com\/Radiio-Ljubuski-1490835324566332\" \/>\n<meta property=\"article:published_time\" content=\"2021-06-02T12:37:32+00:00\" \/>\n<meta property=\"og:image\" content=\"https:\/\/radioljubuski.ba\/wp-content\/uploads\/2021\/06\/2-2021-06-02-10-01-17-cetinic.jpg\" \/>\n\t<meta property=\"og:image:width\" content=\"1000\" \/>\n\t<meta property=\"og:image:height\" content=\"625\" \/>\n\t<meta property=\"og:image:type\" content=\"image\/jpeg\" \/>\n<meta name=\"author\" content=\"Radio Ljubu\u0161ki\" \/>\n<meta name=\"twitter:card\" content=\"summary_large_image\" \/>\n<meta name=\"twitter:creator\" content=\"@radioljubuski\" \/>\n<meta name=\"twitter:site\" content=\"@radioljubuski\" \/>\n<meta name=\"twitter:label1\" content=\"Napisao\/la\" \/>\n\t<meta name=\"twitter:data1\" content=\"Radio Ljubu\u0161ki\" \/>\n\t<meta name=\"twitter:label2\" content=\"Procijenjeno vrijeme \u010ditanja\" \/>\n\t<meta name=\"twitter:data2\" content=\"2 minute\" \/>\n<script type=\"application\/ld+json\" class=\"yoast-schema-graph\">{\"@context\":\"https:\\\/\\\/schema.org\",\"@graph\":[{\"@type\":\"Article\",\"@id\":\"https:\\\/\\\/radioljubuski.ba\\\/index.php\\\/2021\\\/06\\\/02\\\/u-44-godini-preminula-kci-meri-cetinic-najdraza-moja-ivi\\\/#article\",\"isPartOf\":{\"@id\":\"https:\\\/\\\/radioljubuski.ba\\\/index.php\\\/2021\\\/06\\\/02\\\/u-44-godini-preminula-kci-meri-cetinic-najdraza-moja-ivi\\\/\"},\"author\":{\"name\":\"Radio Ljubu\u0161ki\",\"@id\":\"https:\\\/\\\/radioljubuski.ba\\\/#\\\/schema\\\/person\\\/19fc700381a780f69665d7956c469e3b\"},\"headline\":\"U 44. godini preminula k\u0107i Meri Cetini\u0107: &#8216;Najdra\u017ea moja Ivi&#8230;&#8217;\",\"datePublished\":\"2021-06-02T12:37:32+00:00\",\"mainEntityOfPage\":{\"@id\":\"https:\\\/\\\/radioljubuski.ba\\\/index.php\\\/2021\\\/06\\\/02\\\/u-44-godini-preminula-kci-meri-cetinic-najdraza-moja-ivi\\\/\"},\"wordCount\":339,\"publisher\":{\"@id\":\"https:\\\/\\\/radioljubuski.ba\\\/#organization\"},\"image\":{\"@id\":\"https:\\\/\\\/radioljubuski.ba\\\/index.php\\\/2021\\\/06\\\/02\\\/u-44-godini-preminula-kci-meri-cetinic-najdraza-moja-ivi\\\/#primaryimage\"},\"thumbnailUrl\":\"https:\\\/\\\/radioljubuski.ba\\\/wp-content\\\/uploads\\\/2021\\\/06\\\/2-2021-06-02-10-01-17-cetinic.jpg\",\"articleSection\":[\"BIH i regija\"],\"inLanguage\":\"hr\"},{\"@type\":\"WebPage\",\"@id\":\"https:\\\/\\\/radioljubuski.ba\\\/index.php\\\/2021\\\/06\\\/02\\\/u-44-godini-preminula-kci-meri-cetinic-najdraza-moja-ivi\\\/\",\"url\":\"https:\\\/\\\/radioljubuski.ba\\\/index.php\\\/2021\\\/06\\\/02\\\/u-44-godini-preminula-kci-meri-cetinic-najdraza-moja-ivi\\\/\",\"name\":\"U 44. godini preminula k\u0107i Meri Cetini\u0107: 'Najdra\u017ea moja Ivi...' - RADIO LJUBU\u0160KI\",\"isPartOf\":{\"@id\":\"https:\\\/\\\/radioljubuski.ba\\\/#website\"},\"primaryImageOfPage\":{\"@id\":\"https:\\\/\\\/radioljubuski.ba\\\/index.php\\\/2021\\\/06\\\/02\\\/u-44-godini-preminula-kci-meri-cetinic-najdraza-moja-ivi\\\/#primaryimage\"},\"image\":{\"@id\":\"https:\\\/\\\/radioljubuski.ba\\\/index.php\\\/2021\\\/06\\\/02\\\/u-44-godini-preminula-kci-meri-cetinic-najdraza-moja-ivi\\\/#primaryimage\"},\"thumbnailUrl\":\"https:\\\/\\\/radioljubuski.ba\\\/wp-content\\\/uploads\\\/2021\\\/06\\\/2-2021-06-02-10-01-17-cetinic.jpg\",\"datePublished\":\"2021-06-02T12:37:32+00:00\",\"breadcrumb\":{\"@id\":\"https:\\\/\\\/radioljubuski.ba\\\/index.php\\\/2021\\\/06\\\/02\\\/u-44-godini-preminula-kci-meri-cetinic-najdraza-moja-ivi\\\/#breadcrumb\"},\"inLanguage\":\"hr\",\"potentialAction\":[{\"@type\":\"ReadAction\",\"target\":[\"https:\\\/\\\/radioljubuski.ba\\\/index.php\\\/2021\\\/06\\\/02\\\/u-44-godini-preminula-kci-meri-cetinic-najdraza-moja-ivi\\\/\"]}]},{\"@type\":\"ImageObject\",\"inLanguage\":\"hr\",\"@id\":\"https:\\\/\\\/radioljubuski.ba\\\/index.php\\\/2021\\\/06\\\/02\\\/u-44-godini-preminula-kci-meri-cetinic-najdraza-moja-ivi\\\/#primaryimage\",\"url\":\"https:\\\/\\\/radioljubuski.ba\\\/wp-content\\\/uploads\\\/2021\\\/06\\\/2-2021-06-02-10-01-17-cetinic.jpg\",\"contentUrl\":\"https:\\\/\\\/radioljubuski.ba\\\/wp-content\\\/uploads\\\/2021\\\/06\\\/2-2021-06-02-10-01-17-cetinic.jpg\",\"width\":1000,\"height\":625},{\"@type\":\"BreadcrumbList\",\"@id\":\"https:\\\/\\\/radioljubuski.ba\\\/index.php\\\/2021\\\/06\\\/02\\\/u-44-godini-preminula-kci-meri-cetinic-najdraza-moja-ivi\\\/#breadcrumb\",\"itemListElement\":[{\"@type\":\"ListItem\",\"position\":1,\"name\":\"Po\u010detna stranica\",\"item\":\"https:\\\/\\\/radioljubuski.ba\\\/\"},{\"@type\":\"ListItem\",\"position\":2,\"name\":\"U 44. godini preminula k\u0107i Meri Cetini\u0107: &#8216;Najdra\u017ea moja Ivi&#8230;&#8217;\"}]},{\"@type\":\"WebSite\",\"@id\":\"https:\\\/\\\/radioljubuski.ba\\\/#website\",\"url\":\"https:\\\/\\\/radioljubuski.ba\\\/\",\"name\":\"Radio Ljubu\u0161ki\",\"description\":\"Sun\u010dana frekvencija Hercegovine\",\"publisher\":{\"@id\":\"https:\\\/\\\/radioljubuski.ba\\\/#organization\"},\"potentialAction\":[{\"@type\":\"SearchAction\",\"target\":{\"@type\":\"EntryPoint\",\"urlTemplate\":\"https:\\\/\\\/radioljubuski.ba\\\/?s={search_term_string}\"},\"query-input\":{\"@type\":\"PropertyValueSpecification\",\"valueRequired\":true,\"valueName\":\"search_term_string\"}}],\"inLanguage\":\"hr\"},{\"@type\":\"Organization\",\"@id\":\"https:\\\/\\\/radioljubuski.ba\\\/#organization\",\"name\":\"Radio Ljubu\u0161ki\",\"url\":\"https:\\\/\\\/radioljubuski.ba\\\/\",\"logo\":{\"@type\":\"ImageObject\",\"inLanguage\":\"hr\",\"@id\":\"https:\\\/\\\/radioljubuski.ba\\\/#\\\/schema\\\/logo\\\/image\\\/\",\"url\":\"https:\\\/\\\/radioljubuski.ba\\\/wp-content\\\/uploads\\\/2021\\\/02\\\/cropped-Radio_Ljubuski_logo1.jpg\",\"contentUrl\":\"https:\\\/\\\/radioljubuski.ba\\\/wp-content\\\/uploads\\\/2021\\\/02\\\/cropped-Radio_Ljubuski_logo1.jpg\",\"width\":512,\"height\":512,\"caption\":\"Radio Ljubu\u0161ki\"},\"image\":{\"@id\":\"https:\\\/\\\/radioljubuski.ba\\\/#\\\/schema\\\/logo\\\/image\\\/\"},\"sameAs\":[\"https:\\\/\\\/www.facebook.com\\\/Radiio-Ljubuski-1490835324566332\",\"https:\\\/\\\/x.com\\\/radioljubuski\",\"https:\\\/\\\/hr.linkedin.com\\\/company\\\/radio-ljubuski\",\"https:\\\/\\\/www.youtube.com\\\/channel\\\/UCHYaeO_n0Db3tjNGudGpXyw\"]},{\"@type\":\"Person\",\"@id\":\"https:\\\/\\\/radioljubuski.ba\\\/#\\\/schema\\\/person\\\/19fc700381a780f69665d7956c469e3b\",\"name\":\"Radio Ljubu\u0161ki\"}]}<\/script>\n<!-- \/ Yoast SEO plugin. -->","yoast_head_json":{"title":"U 44. godini preminula k\u0107i Meri Cetini\u0107: 'Najdra\u017ea moja Ivi...' - RADIO LJUBU\u0160KI","robots":{"index":"index","follow":"follow","max-snippet":"max-snippet:-1","max-image-preview":"max-image-preview:large","max-video-preview":"max-video-preview:-1"},"canonical":"https:\/\/radioljubuski.ba\/index.php\/2021\/06\/02\/u-44-godini-preminula-kci-meri-cetinic-najdraza-moja-ivi\/","og_locale":"hr_HR","og_type":"article","og_title":"U 44. godini preminula k\u0107i Meri Cetini\u0107: 'Najdra\u017ea moja Ivi...' - RADIO LJUBU\u0160KI","og_description":"Tu\u017enu vijest na dru\u0161tvenim mre\u017eama jutros je podijelila pjeva\u010dica Meri Cetini\u0107 (67). U dirljivoj poruci oprostila se od k\u0107eri Ivane Buri\u0107. Njezina k\u0107i preminula je, kako pi\u0161e, u 44 godini u bolnici KBC Split. -S neizmjernom boli javljam da je moja ljubljena k\u0107i Ivana Buri\u0107 preminula ju\u010der u KBC Split u 44-oj godini. Bila si [&hellip;]","og_url":"https:\/\/radioljubuski.ba\/index.php\/2021\/06\/02\/u-44-godini-preminula-kci-meri-cetinic-najdraza-moja-ivi\/","og_site_name":"RADIO LJUBU\u0160KI","article_publisher":"https:\/\/www.facebook.com\/Radiio-Ljubuski-1490835324566332","article_published_time":"2021-06-02T12:37:32+00:00","og_image":[{"width":1000,"height":625,"url":"https:\/\/radioljubuski.ba\/wp-content\/uploads\/2021\/06\/2-2021-06-02-10-01-17-cetinic.jpg","type":"image\/jpeg"}],"author":"Radio Ljubu\u0161ki","twitter_card":"summary_large_image","twitter_creator":"@radioljubuski","twitter_site":"@radioljubuski","twitter_misc":{"Napisao\/la":"Radio Ljubu\u0161ki","Procijenjeno vrijeme \u010ditanja":"2 minute"},"schema":{"@context":"https:\/\/schema.org","@graph":[{"@type":"Article","@id":"https:\/\/radioljubuski.ba\/index.php\/2021\/06\/02\/u-44-godini-preminula-kci-meri-cetinic-najdraza-moja-ivi\/#article","isPartOf":{"@id":"https:\/\/radioljubuski.ba\/index.php\/2021\/06\/02\/u-44-godini-preminula-kci-meri-cetinic-najdraza-moja-ivi\/"},"author":{"name":"Radio Ljubu\u0161ki","@id":"https:\/\/radioljubuski.ba\/#\/schema\/person\/19fc700381a780f69665d7956c469e3b"},"headline":"U 44. godini preminula k\u0107i Meri Cetini\u0107: &#8216;Najdra\u017ea moja Ivi&#8230;&#8217;","datePublished":"2021-06-02T12:37:32+00:00","mainEntityOfPage":{"@id":"https:\/\/radioljubuski.ba\/index.php\/2021\/06\/02\/u-44-godini-preminula-kci-meri-cetinic-najdraza-moja-ivi\/"},"wordCount":339,"publisher":{"@id":"https:\/\/radioljubuski.ba\/#organization"},"image":{"@id":"https:\/\/radioljubuski.ba\/index.php\/2021\/06\/02\/u-44-godini-preminula-kci-meri-cetinic-najdraza-moja-ivi\/#primaryimage"},"thumbnailUrl":"https:\/\/radioljubuski.ba\/wp-content\/uploads\/2021\/06\/2-2021-06-02-10-01-17-cetinic.jpg","articleSection":["BIH i regija"],"inLanguage":"hr"},{"@type":"WebPage","@id":"https:\/\/radioljubuski.ba\/index.php\/2021\/06\/02\/u-44-godini-preminula-kci-meri-cetinic-najdraza-moja-ivi\/","url":"https:\/\/radioljubuski.ba\/index.php\/2021\/06\/02\/u-44-godini-preminula-kci-meri-cetinic-najdraza-moja-ivi\/","name":"U 44. godini preminula k\u0107i Meri Cetini\u0107: 'Najdra\u017ea moja Ivi...' - RADIO LJUBU\u0160KI","isPartOf":{"@id":"https:\/\/radioljubuski.ba\/#website"},"primaryImageOfPage":{"@id":"https:\/\/radioljubuski.ba\/index.php\/2021\/06\/02\/u-44-godini-preminula-kci-meri-cetinic-najdraza-moja-ivi\/#primaryimage"},"image":{"@id":"https:\/\/radioljubuski.ba\/index.php\/2021\/06\/02\/u-44-godini-preminula-kci-meri-cetinic-najdraza-moja-ivi\/#primaryimage"},"thumbnailUrl":"https:\/\/radioljubuski.ba\/wp-content\/uploads\/2021\/06\/2-2021-06-02-10-01-17-cetinic.jpg","datePublished":"2021-06-02T12:37:32+00:00","breadcrumb":{"@id":"https:\/\/radioljubuski.ba\/index.php\/2021\/06\/02\/u-44-godini-preminula-kci-meri-cetinic-najdraza-moja-ivi\/#breadcrumb"},"inLanguage":"hr","potentialAction":[{"@type":"ReadAction","target":["https:\/\/radioljubuski.ba\/index.php\/2021\/06\/02\/u-44-godini-preminula-kci-meri-cetinic-najdraza-moja-ivi\/"]}]},{"@type":"ImageObject","inLanguage":"hr","@id":"https:\/\/radioljubuski.ba\/index.php\/2021\/06\/02\/u-44-godini-preminula-kci-meri-cetinic-najdraza-moja-ivi\/#primaryimage","url":"https:\/\/radioljubuski.ba\/wp-content\/uploads\/2021\/06\/2-2021-06-02-10-01-17-cetinic.jpg","contentUrl":"https:\/\/radioljubuski.ba\/wp-content\/uploads\/2021\/06\/2-2021-06-02-10-01-17-cetinic.jpg","width":1000,"height":625},{"@type":"BreadcrumbList","@id":"https:\/\/radioljubuski.ba\/index.php\/2021\/06\/02\/u-44-godini-preminula-kci-meri-cetinic-najdraza-moja-ivi\/#breadcrumb","itemListElement":[{"@type":"ListItem","position":1,"name":"Po\u010detna stranica","item":"https:\/\/radioljubuski.ba\/"},{"@type":"ListItem","position":2,"name":"U 44. godini preminula k\u0107i Meri Cetini\u0107: &#8216;Najdra\u017ea moja Ivi&#8230;&#8217;"}]},{"@type":"WebSite","@id":"https:\/\/radioljubuski.ba\/#website","url":"https:\/\/radioljubuski.ba\/","name":"Radio Ljubu\u0161ki","description":"Sun\u010dana frekvencija Hercegovine","publisher":{"@id":"https:\/\/radioljubuski.ba\/#organization"},"potentialAction":[{"@type":"SearchAction","target":{"@type":"EntryPoint","urlTemplate":"https:\/\/radioljubuski.ba\/?s={search_term_string}"},"query-input":{"@type":"PropertyValueSpecification","valueRequired":true,"valueName":"search_term_string"}}],"inLanguage":"hr"},{"@type":"Organization","@id":"https:\/\/radioljubuski.ba\/#organization","name":"Radio Ljubu\u0161ki","url":"https:\/\/radioljubuski.ba\/","logo":{"@type":"ImageObject","inLanguage":"hr","@id":"https:\/\/radioljubuski.ba\/#\/schema\/logo\/image\/","url":"https:\/\/radioljubuski.ba\/wp-content\/uploads\/2021\/02\/cropped-Radio_Ljubuski_logo1.jpg","contentUrl":"https:\/\/radioljubuski.ba\/wp-content\/uploads\/2021\/02\/cropped-Radio_Ljubuski_logo1.jpg","width":512,"height":512,"caption":"Radio Ljubu\u0161ki"},"image":{"@id":"https:\/\/radioljubuski.ba\/#\/schema\/logo\/image\/"},"sameAs":["https:\/\/www.facebook.com\/Radiio-Ljubuski-1490835324566332","https:\/\/x.com\/radioljubuski","https:\/\/hr.linkedin.com\/company\/radio-ljubuski","https:\/\/www.youtube.com\/channel\/UCHYaeO_n0Db3tjNGudGpXyw"]},{"@type":"Person","@id":"https:\/\/radioljubuski.ba\/#\/schema\/person\/19fc700381a780f69665d7956c469e3b","name":"Radio Ljubu\u0161ki"}]}},"_links":{"self":[{"href":"https:\/\/radioljubuski.ba\/index.php\/wp-json\/wp\/v2\/posts\/27559","targetHints":{"allow":["GET"]}}],"collection":[{"href":"https:\/\/radioljubuski.ba\/index.php\/wp-json\/wp\/v2\/posts"}],"about":[{"href":"https:\/\/radioljubuski.ba\/index.php\/wp-json\/wp\/v2\/types\/post"}],"author":[{"embeddable":true,"href":"https:\/\/radioljubuski.ba\/index.php\/wp-json\/wp\/v2\/users\/2"}],"replies":[{"embeddable":true,"href":"https:\/\/radioljubuski.ba\/index.php\/wp-json\/wp\/v2\/comments?post=27559"}],"version-history":[{"count":1,"href":"https:\/\/radioljubuski.ba\/index.php\/wp-json\/wp\/v2\/posts\/27559\/revisions"}],"predecessor-version":[{"id":27561,"href":"https:\/\/radioljubuski.ba\/index.php\/wp-json\/wp\/v2\/posts\/27559\/revisions\/27561"}],"wp:featuredmedia":[{"embeddable":true,"href":"https:\/\/radioljubuski.ba\/index.php\/wp-json\/wp\/v2\/media\/27560"}],"wp:attachment":[{"href":"https:\/\/radioljubuski.ba\/index.php\/wp-json\/wp\/v2\/media?parent=27559"}],"wp:term":[{"taxonomy":"category","embeddable":true,"href":"https:\/\/radioljubuski.ba\/index.php\/wp-json\/wp\/v2\/categories?post=27559"},{"taxonomy":"post_tag","embeddable":true,"href":"https:\/\/radioljubuski.ba\/index.php\/wp-json\/wp\/v2\/tags?post=27559"}],"curies":[{"name":"wp","href":"https:\/\/api.w.org\/{rel}","templated":true}]}}