{"id":27562,"date":"2021-06-02T13:38:59","date_gmt":"2021-06-02T12:38:59","guid":{"rendered":"https:\/\/radioljubuski.ba\/?p=27562"},"modified":"2021-06-02T13:39:00","modified_gmt":"2021-06-02T12:39:00","slug":"gdje-je-zapelo-pisa-testiranje-u-bosni-i-hercegovini","status":"publish","type":"post","link":"https:\/\/radioljubuski.ba\/index.php\/2021\/06\/02\/gdje-je-zapelo-pisa-testiranje-u-bosni-i-hercegovini\/","title":{"rendered":"Gdje je zapelo PISA testiranje u Bosni i Hercegovini?"},"content":{"rendered":"\n<p>Iz Ministarstva civilnih poslova Bosne i Hercegovine su poru\u010dili da su zavr\u0161ili svoj dio posla kada je rije\u010d o sudjelovanju u PISA testiranju. Ukazali su na to da su sada na potezu druge nadle\u017ene institucije.<\/p>\n\n\n\n<p>Iz Ministarstva prosvjete i kulture Republike Srpske su pro\u0161li mjesec ukazali na to da su od dr\u017eavnog Ministarstva civilnih poslova tra\u017eili povratnu informaciju o njihovom mi\u0161ljenju o u\u010de\u0161\u0107u u Programe for International Student Assessment ili PISA testiranju. Tom prilikom su naglasili da nisu dobili odgovor iz Ministarstva civilnih poslova.<br>Tim povodom obratili smo se Ministarstvu civilnih poslova. U odgovoru za Klix.ba su potcrtali da od njih nije tra\u017eeno da se o\u010dituju po ovom pitanju.<\/p>\n\n\n\n<p>&#8220;Prema Zakonu o Agenciji za pred\u0161kolsko, osnovno i srednje obrazovanje (APOSO) Bosne i Hercegovine, Agencija je kao samostalna upravna organizacija, koja za svoj rad odgovara Vije\u0107u ministara Bosne i Hercegovine, samostalno provodila konsultacije i zahtijevane procedure za u\u010de\u0161\u0107e u PISA testiranju u koje Ministarstvo civilnih poslova Bosne i Hercegovine nije bilo uklju\u010deno. Dakle, Ministarstvo civilnih poslova nije pitano za mi\u0161ljenje, niti je sudjelovalo u provo\u0111enju procedure za zaklju\u010divanje Sporazuma za u\u010de\u0161\u0107e u PISA testiranju, tako da se Ministarstvo nije ni moglo o\u010ditovati po ovom pitanju&#8221;, ukazali su.<\/p>\n\n\n\n<p>Podsjetili su da oni koordiniraju izme\u0111u razli\u010ditih obrazovnih sustava u Bosni i Hercegovini, a da se to odnosi i na u\u010de\u0161\u0107e u ovom testiranju.<\/p>\n\n\n\n<p>&#8220;Ministarstvo civilnih poslova Bosne i Hercegovine je u skladu sa svojim zakonskim mandatom, koji se odnosi na koordiniranje obrazovnih politika u Bosni i Hercegovini, po\u010detkom jula 2020. obavijestilo nadle\u017ene obrazovne vlasti u Bosni i Hercegovini po predmetnom pitanju i zatra\u017eilo njihovo o\u010ditovanje&#8221;, obrazlo\u017eili su.<\/p>\n\n\n\n<p>Kako su naveli, dobili su samo o\u010ditovanje Ministarstva prosvjete i kulture Republike Srpske, prema kojem ostaju pri stavu &#8211; zaklju\u010dku entitetske vlade iz velja\u010de pro\u0161le godine. Istakli su da su o tome obavijestili Predsjedni\u0161tvo Bosne i Hercegovine te da su time zavr\u0161ili svoj dio posla.<\/p>\n\n\n\n<p>&#8220;O svemu navedenom Ministarstvo civilnih poslova je aktom od 22. srpnja 2020. godine obavijestilo Predsjedni\u0161tvo Bosne i Hercegovine, \u010dime su okon\u010dane aktivnosti Ministarstva civilnih poslova po ovom pitanju&#8221;, naglasili su i dodaju da sve daljnje aktivnosti provodi APOSO.<\/p>\n\n\n\n<p>Sljede\u0107e testiranje prolongirano za 2022.<br>Poru\u010dili su da kontinuirano podr\u017eavaju u\u010de\u0161\u0107e Bosne i Hercegovine u PISA testiranju, za koju su istakli da je zbog pandemije koronavirusa prolongirana za sljede\u0107u godinu, a trebalo je biti ove godine.<\/p>\n\n\n\n<p>O\u010dekuju da \u0107e biti ispunjeni svi uslovi da Bosna i Hercegovina sudjelovanje u ovom testiranju za koje su naglasili da \u0107e omogu\u0107iti dobijanje relevantnih podataka o ocjeni kvaliteta obrazovanja za cijelu Bosnu i Hercegovinu, na osnovu kojih \u0107e se obrazovni sektor Bosne i Hercegovine mo\u0107i upore\u0111ivati i pozicionirati na me\u0111unarodnom nivou.<\/p>\n\n\n\n<p>\u0160to zna\u010di zahtjev Republike Srpske da bude vidljivija u testiranju<br>Iz Ministarstva prosvjete i kulture Republike Srpske su poru\u010dili da njihov zahtjev da ovaj entitet bude vidljiviji u sljede\u0107em PISA testiranju zna\u010di to da bude posebno izlistan, istaknut u poretku nakon objavljivanja rezultata sljede\u0107eg testiranja. Tvrde da su tako posebno istaknuti bili Baku, Farska Ostvra i Hong Kong. Kao razlog za to su naveli da \u0107e time dobiti reprezentativniji uvid u stanje obrazovanja u Republici Srpskoj.<\/p>\n\n\n\n<p>Podsje\u0107amo da je predsjedavaju\u0107i Predsjedni\u0161tva Bosne i Hercegovine i predsjednik Saveza nezavisnih socijaldemokrata (SNSD) Milorad Dodik u srpnju pro\u0161le godine ulo\u017eio veto na odluku o u\u010de\u0161\u0107u dr\u017eave u testiranju funkcionalnog znanja u\u010denika prilikom \u010ditanja, iz matematike i prirodnih nauka.<\/p>\n\n\n\n<p>Smatrao je da je odluka &#8220;veoma \u0161tetna po vitalne interese Republike Srpske&#8221;. Njegov uvjet da bi pristao da Bosna i Hercegovina sudjeluje u ovom testiranju jeste upravo to da Republika Srpska bude vidljivija u testiranju.<\/p>\n\n\n\n<p>Potom je Narodna skup\u0161tina ovog entiteta zaklju\u010dila da se po ovom pitanju mora po\u0161tovati mi\u0161ljenje Republike Srpske. Kona\u010dnu suglasnost za sudjelovanje u PISA testiranju treba dati Predsjedni\u0161tvo Bosne i Hercegovine.<\/p>\n\n\n\n<p>Ve\u0107ina u\u010denika funkcionalno nepismena<br>PISA-om se testira funkcionalno znanje u\u010denika u \u010ditanju, matematici i prirodnim znanostima. Testiranjem iz 2018. je utvr\u0111eno da je svaki drugi 15-godi\u0161njak u Bosni i Hercegovini funkcionalno nepismen te je time Bosna i Hercegovina bila me\u0111u lo\u0161ije rangiranim dr\u017eavama.<\/p>\n\n\n\n<p>Podsje\u0107amo da rezultati PISA testiranja nisu jedina potvrda da je bosanskohercegova\u010dko \u0161kolstvo neadekvatno. To je pokazalo i Trends in International Mathematics and Science Study ili TIMSS testiranje od prije dvije godine.<\/p>\n\n\n\n<p>Njime je testirano znanje u\u010denika \u010detvrtog razreda iz matematike i prirodnih nauka. Utvr\u0111eno je da je njihovo znanje ispod prosje\u010dnog na svjetskom nivou. Prosjek iznosi 500 bodova, a \u0111aci u Bosni i Hercegovini su na testu iz matematike imali 452 boda, a iz prirodnih znanosti 459 bodova.<\/p>\n\n\n\n<p>Izvor:klix.ba<\/p>\n","protected":false},"excerpt":{"rendered":"<p>Iz Ministarstva civilnih poslova Bosne i Hercegovine su poru\u010dili da su zavr\u0161ili svoj dio posla kada je rije\u010d o sudjelovanju u PISA testiranju. Ukazali su na to da su sada na potezu druge nadle\u017ene institucije. Iz Ministarstva prosvjete i kulture Republike Srpske su pro\u0161li mjesec ukazali na to da su od dr\u017eavnog Ministarstva civilnih poslova [&hellip;]<\/p>\n","protected":false},"author":2,"featured_media":27563,"comment_status":"closed","ping_status":"closed","sticky":false,"template":"","format":"standard","meta":{"h5ap_radio_sources":[],"footnotes":""},"categories":[1],"tags":[],"class_list":["post-27562","post","type-post","status-publish","format-standard","has-post-thumbnail","hentry","category-bihiregija"],"yoast_head":"<!-- This site is optimized with the Yoast SEO plugin v27.5 - https:\/\/yoast.com\/product\/yoast-seo-wordpress\/ -->\n<title>Gdje je zapelo PISA testiranje u Bosni i Hercegovini? - RADIO LJUBU\u0160KI<\/title>\n<meta name=\"robots\" content=\"index, follow, max-snippet:-1, max-image-preview:large, max-video-preview:-1\" \/>\n<link rel=\"canonical\" href=\"https:\/\/radioljubuski.ba\/index.php\/2021\/06\/02\/gdje-je-zapelo-pisa-testiranje-u-bosni-i-hercegovini\/\" \/>\n<meta property=\"og:locale\" content=\"hr_HR\" \/>\n<meta property=\"og:type\" content=\"article\" \/>\n<meta property=\"og:title\" content=\"Gdje je zapelo PISA testiranje u Bosni i Hercegovini? - RADIO LJUBU\u0160KI\" \/>\n<meta property=\"og:description\" content=\"Iz Ministarstva civilnih poslova Bosne i Hercegovine su poru\u010dili da su zavr\u0161ili svoj dio posla kada je rije\u010d o sudjelovanju u PISA testiranju. Ukazali su na to da su sada na potezu druge nadle\u017ene institucije. Iz Ministarstva prosvjete i kulture Republike Srpske su pro\u0161li mjesec ukazali na to da su od dr\u017eavnog Ministarstva civilnih poslova [&hellip;]\" \/>\n<meta property=\"og:url\" content=\"https:\/\/radioljubuski.ba\/index.php\/2021\/06\/02\/gdje-je-zapelo-pisa-testiranje-u-bosni-i-hercegovini\/\" \/>\n<meta property=\"og:site_name\" content=\"RADIO LJUBU\u0160KI\" \/>\n<meta property=\"article:publisher\" content=\"https:\/\/www.facebook.com\/Radiio-Ljubuski-1490835324566332\" \/>\n<meta property=\"article:published_time\" content=\"2021-06-02T12:38:59+00:00\" \/>\n<meta property=\"article:modified_time\" content=\"2021-06-02T12:39:00+00:00\" \/>\n<meta property=\"og:image\" content=\"https:\/\/radioljubuski.ba\/wp-content\/uploads\/2021\/06\/M1dr73GQ_pisanje.jpg\" \/>\n\t<meta property=\"og:image:width\" content=\"1000\" \/>\n\t<meta property=\"og:image:height\" content=\"625\" \/>\n\t<meta property=\"og:image:type\" content=\"image\/jpeg\" \/>\n<meta name=\"author\" content=\"Radio Ljubu\u0161ki\" \/>\n<meta name=\"twitter:card\" content=\"summary_large_image\" \/>\n<meta name=\"twitter:creator\" content=\"@radioljubuski\" \/>\n<meta name=\"twitter:site\" content=\"@radioljubuski\" \/>\n<meta name=\"twitter:label1\" content=\"Napisao\/la\" \/>\n\t<meta name=\"twitter:data1\" content=\"Radio Ljubu\u0161ki\" \/>\n\t<meta name=\"twitter:label2\" content=\"Procijenjeno vrijeme \u010ditanja\" \/>\n\t<meta name=\"twitter:data2\" content=\"4 minute\" \/>\n<script type=\"application\/ld+json\" class=\"yoast-schema-graph\">{\"@context\":\"https:\\\/\\\/schema.org\",\"@graph\":[{\"@type\":\"Article\",\"@id\":\"https:\\\/\\\/radioljubuski.ba\\\/index.php\\\/2021\\\/06\\\/02\\\/gdje-je-zapelo-pisa-testiranje-u-bosni-i-hercegovini\\\/#article\",\"isPartOf\":{\"@id\":\"https:\\\/\\\/radioljubuski.ba\\\/index.php\\\/2021\\\/06\\\/02\\\/gdje-je-zapelo-pisa-testiranje-u-bosni-i-hercegovini\\\/\"},\"author\":{\"name\":\"Radio Ljubu\u0161ki\",\"@id\":\"https:\\\/\\\/radioljubuski.ba\\\/#\\\/schema\\\/person\\\/19fc700381a780f69665d7956c469e3b\"},\"headline\":\"Gdje je zapelo PISA testiranje u Bosni i Hercegovini?\",\"datePublished\":\"2021-06-02T12:38:59+00:00\",\"dateModified\":\"2021-06-02T12:39:00+00:00\",\"mainEntityOfPage\":{\"@id\":\"https:\\\/\\\/radioljubuski.ba\\\/index.php\\\/2021\\\/06\\\/02\\\/gdje-je-zapelo-pisa-testiranje-u-bosni-i-hercegovini\\\/\"},\"wordCount\":821,\"publisher\":{\"@id\":\"https:\\\/\\\/radioljubuski.ba\\\/#organization\"},\"image\":{\"@id\":\"https:\\\/\\\/radioljubuski.ba\\\/index.php\\\/2021\\\/06\\\/02\\\/gdje-je-zapelo-pisa-testiranje-u-bosni-i-hercegovini\\\/#primaryimage\"},\"thumbnailUrl\":\"https:\\\/\\\/radioljubuski.ba\\\/wp-content\\\/uploads\\\/2021\\\/06\\\/M1dr73GQ_pisanje.jpg\",\"articleSection\":[\"BIH i regija\"],\"inLanguage\":\"hr\"},{\"@type\":\"WebPage\",\"@id\":\"https:\\\/\\\/radioljubuski.ba\\\/index.php\\\/2021\\\/06\\\/02\\\/gdje-je-zapelo-pisa-testiranje-u-bosni-i-hercegovini\\\/\",\"url\":\"https:\\\/\\\/radioljubuski.ba\\\/index.php\\\/2021\\\/06\\\/02\\\/gdje-je-zapelo-pisa-testiranje-u-bosni-i-hercegovini\\\/\",\"name\":\"Gdje je zapelo PISA testiranje u Bosni i Hercegovini? - RADIO LJUBU\u0160KI\",\"isPartOf\":{\"@id\":\"https:\\\/\\\/radioljubuski.ba\\\/#website\"},\"primaryImageOfPage\":{\"@id\":\"https:\\\/\\\/radioljubuski.ba\\\/index.php\\\/2021\\\/06\\\/02\\\/gdje-je-zapelo-pisa-testiranje-u-bosni-i-hercegovini\\\/#primaryimage\"},\"image\":{\"@id\":\"https:\\\/\\\/radioljubuski.ba\\\/index.php\\\/2021\\\/06\\\/02\\\/gdje-je-zapelo-pisa-testiranje-u-bosni-i-hercegovini\\\/#primaryimage\"},\"thumbnailUrl\":\"https:\\\/\\\/radioljubuski.ba\\\/wp-content\\\/uploads\\\/2021\\\/06\\\/M1dr73GQ_pisanje.jpg\",\"datePublished\":\"2021-06-02T12:38:59+00:00\",\"dateModified\":\"2021-06-02T12:39:00+00:00\",\"breadcrumb\":{\"@id\":\"https:\\\/\\\/radioljubuski.ba\\\/index.php\\\/2021\\\/06\\\/02\\\/gdje-je-zapelo-pisa-testiranje-u-bosni-i-hercegovini\\\/#breadcrumb\"},\"inLanguage\":\"hr\",\"potentialAction\":[{\"@type\":\"ReadAction\",\"target\":[\"https:\\\/\\\/radioljubuski.ba\\\/index.php\\\/2021\\\/06\\\/02\\\/gdje-je-zapelo-pisa-testiranje-u-bosni-i-hercegovini\\\/\"]}]},{\"@type\":\"ImageObject\",\"inLanguage\":\"hr\",\"@id\":\"https:\\\/\\\/radioljubuski.ba\\\/index.php\\\/2021\\\/06\\\/02\\\/gdje-je-zapelo-pisa-testiranje-u-bosni-i-hercegovini\\\/#primaryimage\",\"url\":\"https:\\\/\\\/radioljubuski.ba\\\/wp-content\\\/uploads\\\/2021\\\/06\\\/M1dr73GQ_pisanje.jpg\",\"contentUrl\":\"https:\\\/\\\/radioljubuski.ba\\\/wp-content\\\/uploads\\\/2021\\\/06\\\/M1dr73GQ_pisanje.jpg\",\"width\":1000,\"height\":625},{\"@type\":\"BreadcrumbList\",\"@id\":\"https:\\\/\\\/radioljubuski.ba\\\/index.php\\\/2021\\\/06\\\/02\\\/gdje-je-zapelo-pisa-testiranje-u-bosni-i-hercegovini\\\/#breadcrumb\",\"itemListElement\":[{\"@type\":\"ListItem\",\"position\":1,\"name\":\"Po\u010detna stranica\",\"item\":\"https:\\\/\\\/radioljubuski.ba\\\/\"},{\"@type\":\"ListItem\",\"position\":2,\"name\":\"Gdje je zapelo PISA testiranje u Bosni i Hercegovini?\"}]},{\"@type\":\"WebSite\",\"@id\":\"https:\\\/\\\/radioljubuski.ba\\\/#website\",\"url\":\"https:\\\/\\\/radioljubuski.ba\\\/\",\"name\":\"Radio Ljubu\u0161ki\",\"description\":\"Sun\u010dana frekvencija Hercegovine\",\"publisher\":{\"@id\":\"https:\\\/\\\/radioljubuski.ba\\\/#organization\"},\"potentialAction\":[{\"@type\":\"SearchAction\",\"target\":{\"@type\":\"EntryPoint\",\"urlTemplate\":\"https:\\\/\\\/radioljubuski.ba\\\/?s={search_term_string}\"},\"query-input\":{\"@type\":\"PropertyValueSpecification\",\"valueRequired\":true,\"valueName\":\"search_term_string\"}}],\"inLanguage\":\"hr\"},{\"@type\":\"Organization\",\"@id\":\"https:\\\/\\\/radioljubuski.ba\\\/#organization\",\"name\":\"Radio Ljubu\u0161ki\",\"url\":\"https:\\\/\\\/radioljubuski.ba\\\/\",\"logo\":{\"@type\":\"ImageObject\",\"inLanguage\":\"hr\",\"@id\":\"https:\\\/\\\/radioljubuski.ba\\\/#\\\/schema\\\/logo\\\/image\\\/\",\"url\":\"https:\\\/\\\/radioljubuski.ba\\\/wp-content\\\/uploads\\\/2021\\\/02\\\/cropped-Radio_Ljubuski_logo1.jpg\",\"contentUrl\":\"https:\\\/\\\/radioljubuski.ba\\\/wp-content\\\/uploads\\\/2021\\\/02\\\/cropped-Radio_Ljubuski_logo1.jpg\",\"width\":512,\"height\":512,\"caption\":\"Radio Ljubu\u0161ki\"},\"image\":{\"@id\":\"https:\\\/\\\/radioljubuski.ba\\\/#\\\/schema\\\/logo\\\/image\\\/\"},\"sameAs\":[\"https:\\\/\\\/www.facebook.com\\\/Radiio-Ljubuski-1490835324566332\",\"https:\\\/\\\/x.com\\\/radioljubuski\",\"https:\\\/\\\/hr.linkedin.com\\\/company\\\/radio-ljubuski\",\"https:\\\/\\\/www.youtube.com\\\/channel\\\/UCHYaeO_n0Db3tjNGudGpXyw\"]},{\"@type\":\"Person\",\"@id\":\"https:\\\/\\\/radioljubuski.ba\\\/#\\\/schema\\\/person\\\/19fc700381a780f69665d7956c469e3b\",\"name\":\"Radio Ljubu\u0161ki\"}]}<\/script>\n<!-- \/ Yoast SEO plugin. -->","yoast_head_json":{"title":"Gdje je zapelo PISA testiranje u Bosni i Hercegovini? - RADIO LJUBU\u0160KI","robots":{"index":"index","follow":"follow","max-snippet":"max-snippet:-1","max-image-preview":"max-image-preview:large","max-video-preview":"max-video-preview:-1"},"canonical":"https:\/\/radioljubuski.ba\/index.php\/2021\/06\/02\/gdje-je-zapelo-pisa-testiranje-u-bosni-i-hercegovini\/","og_locale":"hr_HR","og_type":"article","og_title":"Gdje je zapelo PISA testiranje u Bosni i Hercegovini? - RADIO LJUBU\u0160KI","og_description":"Iz Ministarstva civilnih poslova Bosne i Hercegovine su poru\u010dili da su zavr\u0161ili svoj dio posla kada je rije\u010d o sudjelovanju u PISA testiranju. Ukazali su na to da su sada na potezu druge nadle\u017ene institucije. Iz Ministarstva prosvjete i kulture Republike Srpske su pro\u0161li mjesec ukazali na to da su od dr\u017eavnog Ministarstva civilnih poslova [&hellip;]","og_url":"https:\/\/radioljubuski.ba\/index.php\/2021\/06\/02\/gdje-je-zapelo-pisa-testiranje-u-bosni-i-hercegovini\/","og_site_name":"RADIO LJUBU\u0160KI","article_publisher":"https:\/\/www.facebook.com\/Radiio-Ljubuski-1490835324566332","article_published_time":"2021-06-02T12:38:59+00:00","article_modified_time":"2021-06-02T12:39:00+00:00","og_image":[{"width":1000,"height":625,"url":"https:\/\/radioljubuski.ba\/wp-content\/uploads\/2021\/06\/M1dr73GQ_pisanje.jpg","type":"image\/jpeg"}],"author":"Radio Ljubu\u0161ki","twitter_card":"summary_large_image","twitter_creator":"@radioljubuski","twitter_site":"@radioljubuski","twitter_misc":{"Napisao\/la":"Radio Ljubu\u0161ki","Procijenjeno vrijeme \u010ditanja":"4 minute"},"schema":{"@context":"https:\/\/schema.org","@graph":[{"@type":"Article","@id":"https:\/\/radioljubuski.ba\/index.php\/2021\/06\/02\/gdje-je-zapelo-pisa-testiranje-u-bosni-i-hercegovini\/#article","isPartOf":{"@id":"https:\/\/radioljubuski.ba\/index.php\/2021\/06\/02\/gdje-je-zapelo-pisa-testiranje-u-bosni-i-hercegovini\/"},"author":{"name":"Radio Ljubu\u0161ki","@id":"https:\/\/radioljubuski.ba\/#\/schema\/person\/19fc700381a780f69665d7956c469e3b"},"headline":"Gdje je zapelo PISA testiranje u Bosni i Hercegovini?","datePublished":"2021-06-02T12:38:59+00:00","dateModified":"2021-06-02T12:39:00+00:00","mainEntityOfPage":{"@id":"https:\/\/radioljubuski.ba\/index.php\/2021\/06\/02\/gdje-je-zapelo-pisa-testiranje-u-bosni-i-hercegovini\/"},"wordCount":821,"publisher":{"@id":"https:\/\/radioljubuski.ba\/#organization"},"image":{"@id":"https:\/\/radioljubuski.ba\/index.php\/2021\/06\/02\/gdje-je-zapelo-pisa-testiranje-u-bosni-i-hercegovini\/#primaryimage"},"thumbnailUrl":"https:\/\/radioljubuski.ba\/wp-content\/uploads\/2021\/06\/M1dr73GQ_pisanje.jpg","articleSection":["BIH i regija"],"inLanguage":"hr"},{"@type":"WebPage","@id":"https:\/\/radioljubuski.ba\/index.php\/2021\/06\/02\/gdje-je-zapelo-pisa-testiranje-u-bosni-i-hercegovini\/","url":"https:\/\/radioljubuski.ba\/index.php\/2021\/06\/02\/gdje-je-zapelo-pisa-testiranje-u-bosni-i-hercegovini\/","name":"Gdje je zapelo PISA testiranje u Bosni i Hercegovini? - RADIO LJUBU\u0160KI","isPartOf":{"@id":"https:\/\/radioljubuski.ba\/#website"},"primaryImageOfPage":{"@id":"https:\/\/radioljubuski.ba\/index.php\/2021\/06\/02\/gdje-je-zapelo-pisa-testiranje-u-bosni-i-hercegovini\/#primaryimage"},"image":{"@id":"https:\/\/radioljubuski.ba\/index.php\/2021\/06\/02\/gdje-je-zapelo-pisa-testiranje-u-bosni-i-hercegovini\/#primaryimage"},"thumbnailUrl":"https:\/\/radioljubuski.ba\/wp-content\/uploads\/2021\/06\/M1dr73GQ_pisanje.jpg","datePublished":"2021-06-02T12:38:59+00:00","dateModified":"2021-06-02T12:39:00+00:00","breadcrumb":{"@id":"https:\/\/radioljubuski.ba\/index.php\/2021\/06\/02\/gdje-je-zapelo-pisa-testiranje-u-bosni-i-hercegovini\/#breadcrumb"},"inLanguage":"hr","potentialAction":[{"@type":"ReadAction","target":["https:\/\/radioljubuski.ba\/index.php\/2021\/06\/02\/gdje-je-zapelo-pisa-testiranje-u-bosni-i-hercegovini\/"]}]},{"@type":"ImageObject","inLanguage":"hr","@id":"https:\/\/radioljubuski.ba\/index.php\/2021\/06\/02\/gdje-je-zapelo-pisa-testiranje-u-bosni-i-hercegovini\/#primaryimage","url":"https:\/\/radioljubuski.ba\/wp-content\/uploads\/2021\/06\/M1dr73GQ_pisanje.jpg","contentUrl":"https:\/\/radioljubuski.ba\/wp-content\/uploads\/2021\/06\/M1dr73GQ_pisanje.jpg","width":1000,"height":625},{"@type":"BreadcrumbList","@id":"https:\/\/radioljubuski.ba\/index.php\/2021\/06\/02\/gdje-je-zapelo-pisa-testiranje-u-bosni-i-hercegovini\/#breadcrumb","itemListElement":[{"@type":"ListItem","position":1,"name":"Po\u010detna stranica","item":"https:\/\/radioljubuski.ba\/"},{"@type":"ListItem","position":2,"name":"Gdje je zapelo PISA testiranje u Bosni i Hercegovini?"}]},{"@type":"WebSite","@id":"https:\/\/radioljubuski.ba\/#website","url":"https:\/\/radioljubuski.ba\/","name":"Radio Ljubu\u0161ki","description":"Sun\u010dana frekvencija Hercegovine","publisher":{"@id":"https:\/\/radioljubuski.ba\/#organization"},"potentialAction":[{"@type":"SearchAction","target":{"@type":"EntryPoint","urlTemplate":"https:\/\/radioljubuski.ba\/?s={search_term_string}"},"query-input":{"@type":"PropertyValueSpecification","valueRequired":true,"valueName":"search_term_string"}}],"inLanguage":"hr"},{"@type":"Organization","@id":"https:\/\/radioljubuski.ba\/#organization","name":"Radio Ljubu\u0161ki","url":"https:\/\/radioljubuski.ba\/","logo":{"@type":"ImageObject","inLanguage":"hr","@id":"https:\/\/radioljubuski.ba\/#\/schema\/logo\/image\/","url":"https:\/\/radioljubuski.ba\/wp-content\/uploads\/2021\/02\/cropped-Radio_Ljubuski_logo1.jpg","contentUrl":"https:\/\/radioljubuski.ba\/wp-content\/uploads\/2021\/02\/cropped-Radio_Ljubuski_logo1.jpg","width":512,"height":512,"caption":"Radio Ljubu\u0161ki"},"image":{"@id":"https:\/\/radioljubuski.ba\/#\/schema\/logo\/image\/"},"sameAs":["https:\/\/www.facebook.com\/Radiio-Ljubuski-1490835324566332","https:\/\/x.com\/radioljubuski","https:\/\/hr.linkedin.com\/company\/radio-ljubuski","https:\/\/www.youtube.com\/channel\/UCHYaeO_n0Db3tjNGudGpXyw"]},{"@type":"Person","@id":"https:\/\/radioljubuski.ba\/#\/schema\/person\/19fc700381a780f69665d7956c469e3b","name":"Radio Ljubu\u0161ki"}]}},"_links":{"self":[{"href":"https:\/\/radioljubuski.ba\/index.php\/wp-json\/wp\/v2\/posts\/27562","targetHints":{"allow":["GET"]}}],"collection":[{"href":"https:\/\/radioljubuski.ba\/index.php\/wp-json\/wp\/v2\/posts"}],"about":[{"href":"https:\/\/radioljubuski.ba\/index.php\/wp-json\/wp\/v2\/types\/post"}],"author":[{"embeddable":true,"href":"https:\/\/radioljubuski.ba\/index.php\/wp-json\/wp\/v2\/users\/2"}],"replies":[{"embeddable":true,"href":"https:\/\/radioljubuski.ba\/index.php\/wp-json\/wp\/v2\/comments?post=27562"}],"version-history":[{"count":1,"href":"https:\/\/radioljubuski.ba\/index.php\/wp-json\/wp\/v2\/posts\/27562\/revisions"}],"predecessor-version":[{"id":27564,"href":"https:\/\/radioljubuski.ba\/index.php\/wp-json\/wp\/v2\/posts\/27562\/revisions\/27564"}],"wp:featuredmedia":[{"embeddable":true,"href":"https:\/\/radioljubuski.ba\/index.php\/wp-json\/wp\/v2\/media\/27563"}],"wp:attachment":[{"href":"https:\/\/radioljubuski.ba\/index.php\/wp-json\/wp\/v2\/media?parent=27562"}],"wp:term":[{"taxonomy":"category","embeddable":true,"href":"https:\/\/radioljubuski.ba\/index.php\/wp-json\/wp\/v2\/categories?post=27562"},{"taxonomy":"post_tag","embeddable":true,"href":"https:\/\/radioljubuski.ba\/index.php\/wp-json\/wp\/v2\/tags?post=27562"}],"curies":[{"name":"wp","href":"https:\/\/api.w.org\/{rel}","templated":true}]}}