{"id":27571,"date":"2021-06-02T13:44:57","date_gmt":"2021-06-02T12:44:57","guid":{"rendered":"https:\/\/radioljubuski.ba\/?p=27571"},"modified":"2021-06-02T13:44:58","modified_gmt":"2021-06-02T12:44:58","slug":"fup-u-akciji-kolonija-uhiceno-14-osumnjicenih-zaplijenjeni-droga-i-oruzje","status":"publish","type":"post","link":"https:\/\/radioljubuski.ba\/index.php\/2021\/06\/02\/fup-u-akciji-kolonija-uhiceno-14-osumnjicenih-zaplijenjeni-droga-i-oruzje\/","title":{"rendered":"FUP: U akciji &#8220;Kolonija&#8221; uhi\u0107eno 14 osumnji\u010denih, zaplijenjeni droga i oru\u017eje"},"content":{"rendered":"\n<p>Policijski slu\u017ebenici Federalne uprave policije i Uprave policije Ministarstva unutra\u0161njih poslova Sarajevske \u017eupanije, a pod direktnim nadzorom \u017dupanijskog tu\u017eiteljstva S\u017d, od ranih jutarnjih sati provode aktivnosti na realizaciji operativno takti\u010dke akcije kodnog naziva \u201eKOLONIJA\u201c, vezano za dokumentiranja grupe osoba koja zajedni\u010dki djeluje na podru\u010dju Sarajevske \u017eupanije i svojim djelovanjem ve\u0107 du\u017ei vremenski period vr\u0161e krivi\u010dna djela \u201eUdru\u017eivanje radi \u010dinjenja krivi\u010dnih djela\u201c iz \u010dlana 340. KZ FBiH, a u vezi s krivi\u010dnim djelom \u201eNeovla\u0161tena proizvodnja i stavljanje u promet opojnih droga\u201c iz \u010dlana 238. stav 1. KZ FBIH, te krivi\u010dna djela \u201eRazbojni\u0161tvo\u201c iz \u010dlana 289. i \u201eTe\u0161ka kra\u0111a\u201c iz \u010dlana 287. istog Zakona.<\/p>\n\n\n\n<p>U sklopu navedenih aktivnosti, a na osnovu Naredbi Op\u0107inskog suda u Sarajevu 16 policijskih timova izvr\u0161ili su pretrese na 19 lokacija na podru\u010dju S\u017d, te je li\u0161eno slobode 14 osoba inicijala M.Z. (1995.), K.A. (1999.), M.O. (2000.), E.\u0160.(1999.), S.\u0106.(1999.), A.A. (1983.), A.M. (1993.), E.P. (1987.), K.K. (1987.), M.A. (1979.), N.P. (1989.), S.P. (1987.), S.K.(1987.), H.H. (1991.), dok se lica koja su obuhva\u0107ena ovom istragom H.E. (1998.) i A.S. (1999.) nalaze u pritvoru.<\/p>\n\n\n\n<p>Prilikom pretresa je prona\u0111ena odre\u0111ena koli\u010dina materije koja svojim izgledom asocira na opojne droge \u201eCanabis Sativa L\u201c, \u201eAmfetamin\u201c, oru\u017eje, municija, mobilni telefonski aparati i sim kartice, te drugi predmeti koji poti\u010du ili se dovode u vezu s predmetnim krivi\u010dnim djelima, a koji \u0107e biti dokaz u krivi\u010dnom postupku.<\/p>\n\n\n\n<p>Tako\u0111er, ovom akcijom je obuhva\u0107eno i dokumentiranje osoba koja se dovode u vezu s koruptivnim krivi\u010dnim djelima \u201eZloupotreba slu\u017ebena polo\u017eaja ili ovla\u0161tenja\u201c iz \u010dlana 383., \u201ePrimanje dara i drugih oblika koristi\u201c iz \u010dlana 380. i \u201eProtuzakonito posredovanje\u201c iz \u010dlana 382. i \u201eDavanje dara i drugih oblika koristi\u201c iz \u010dlana 381. KZ FBiH.<\/p>\n\n\n\n<p>Vezano za navedena koruptivna krivi\u010dna djela li\u0161eno je slobode \u010detiri osobe, te su na osnovu Naredbi Op\u0107inskog suda u Sarajevu na podru\u010dju Sarajevske \u017eupanije, Tuzlanske \u017eupanije i Hercegova\u010dko-neretvanske \u017eupanije, izvr\u0161eni pretresi na sedam lokacija, kojom prilikom su prona\u0111eni predmeti koji poti\u010du ili se dovode vezu s predmetnim krivi\u010dnim djelima, a isti \u0107e biti kori\u0161teni kao dokaz u krivi\u010dnom postupku.<\/p>\n\n\n\n<p>Osobe li\u0161ene slobode \u0107e nakon kriminalisti\u010dke obrade u Federalnoj upravi policije, u zakonskom roku biti predata na dalju nadle\u017enost \u017dupanijskom tu\u017eiteljstvu Sarajevske \u017eupanije uz Izvje\u0161taj o izvr\u0161enim krivi\u010dnim djelima.<\/p>\n\n\n\n<p>Nastavljaju se dalje aktivnosti na realizaciji ove operativne akcije.<\/p>\n\n\n\n<p>Izvor:pogled.ba<\/p>\n","protected":false},"excerpt":{"rendered":"<p>Policijski slu\u017ebenici Federalne uprave policije i Uprave policije Ministarstva unutra\u0161njih poslova Sarajevske \u017eupanije, a pod direktnim nadzorom \u017dupanijskog tu\u017eiteljstva S\u017d, od ranih jutarnjih sati provode aktivnosti na realizaciji operativno takti\u010dke akcije kodnog naziva \u201eKOLONIJA\u201c, vezano za dokumentiranja grupe osoba koja zajedni\u010dki djeluje na podru\u010dju Sarajevske \u017eupanije i svojim djelovanjem ve\u0107 du\u017ei vremenski period vr\u0161e krivi\u010dna [&hellip;]<\/p>\n","protected":false},"author":2,"featured_media":27572,"comment_status":"closed","ping_status":"closed","sticky":false,"template":"","format":"standard","meta":{"h5ap_radio_sources":[],"footnotes":""},"categories":[1],"tags":[],"class_list":["post-27571","post","type-post","status-publish","format-standard","has-post-thumbnail","hentry","category-bihiregija"],"yoast_head":"<!-- This site is optimized with the Yoast SEO plugin v27.5 - https:\/\/yoast.com\/product\/yoast-seo-wordpress\/ -->\n<title>FUP: U akciji &quot;Kolonija&quot; uhi\u0107eno 14 osumnji\u010denih, zaplijenjeni droga i oru\u017eje - RADIO LJUBU\u0160KI<\/title>\n<meta name=\"robots\" content=\"index, follow, max-snippet:-1, max-image-preview:large, max-video-preview:-1\" \/>\n<link rel=\"canonical\" href=\"https:\/\/radioljubuski.ba\/index.php\/2021\/06\/02\/fup-u-akciji-kolonija-uhiceno-14-osumnjicenih-zaplijenjeni-droga-i-oruzje\/\" \/>\n<meta property=\"og:locale\" content=\"hr_HR\" \/>\n<meta property=\"og:type\" content=\"article\" \/>\n<meta property=\"og:title\" content=\"FUP: U akciji &quot;Kolonija&quot; uhi\u0107eno 14 osumnji\u010denih, zaplijenjeni droga i oru\u017eje - RADIO LJUBU\u0160KI\" \/>\n<meta property=\"og:description\" content=\"Policijski slu\u017ebenici Federalne uprave policije i Uprave policije Ministarstva unutra\u0161njih poslova Sarajevske \u017eupanije, a pod direktnim nadzorom \u017dupanijskog tu\u017eiteljstva S\u017d, od ranih jutarnjih sati provode aktivnosti na realizaciji operativno takti\u010dke akcije kodnog naziva \u201eKOLONIJA\u201c, vezano za dokumentiranja grupe osoba koja zajedni\u010dki djeluje na podru\u010dju Sarajevske \u017eupanije i svojim djelovanjem ve\u0107 du\u017ei vremenski period vr\u0161e krivi\u010dna [&hellip;]\" \/>\n<meta property=\"og:url\" content=\"https:\/\/radioljubuski.ba\/index.php\/2021\/06\/02\/fup-u-akciji-kolonija-uhiceno-14-osumnjicenih-zaplijenjeni-droga-i-oruzje\/\" \/>\n<meta property=\"og:site_name\" content=\"RADIO LJUBU\u0160KI\" \/>\n<meta property=\"article:publisher\" content=\"https:\/\/www.facebook.com\/Radiio-Ljubuski-1490835324566332\" \/>\n<meta property=\"article:published_time\" content=\"2021-06-02T12:44:57+00:00\" \/>\n<meta property=\"article:modified_time\" content=\"2021-06-02T12:44:58+00:00\" \/>\n<meta property=\"og:image\" content=\"https:\/\/radioljubuski.ba\/wp-content\/uploads\/2021\/06\/2-2021-06-02-14-32-38-kolonija_4_02.06.21..jpg\" \/>\n\t<meta property=\"og:image:width\" content=\"1000\" \/>\n\t<meta property=\"og:image:height\" content=\"625\" \/>\n\t<meta property=\"og:image:type\" content=\"image\/jpeg\" \/>\n<meta name=\"author\" content=\"Radio Ljubu\u0161ki\" \/>\n<meta name=\"twitter:card\" content=\"summary_large_image\" \/>\n<meta name=\"twitter:creator\" content=\"@radioljubuski\" \/>\n<meta name=\"twitter:site\" content=\"@radioljubuski\" \/>\n<meta name=\"twitter:label1\" content=\"Napisao\/la\" \/>\n\t<meta name=\"twitter:data1\" content=\"Radio Ljubu\u0161ki\" \/>\n\t<meta name=\"twitter:label2\" content=\"Procijenjeno vrijeme \u010ditanja\" \/>\n\t<meta name=\"twitter:data2\" content=\"2 minute\" \/>\n<script type=\"application\/ld+json\" class=\"yoast-schema-graph\">{\"@context\":\"https:\\\/\\\/schema.org\",\"@graph\":[{\"@type\":\"Article\",\"@id\":\"https:\\\/\\\/radioljubuski.ba\\\/index.php\\\/2021\\\/06\\\/02\\\/fup-u-akciji-kolonija-uhiceno-14-osumnjicenih-zaplijenjeni-droga-i-oruzje\\\/#article\",\"isPartOf\":{\"@id\":\"https:\\\/\\\/radioljubuski.ba\\\/index.php\\\/2021\\\/06\\\/02\\\/fup-u-akciji-kolonija-uhiceno-14-osumnjicenih-zaplijenjeni-droga-i-oruzje\\\/\"},\"author\":{\"name\":\"Radio Ljubu\u0161ki\",\"@id\":\"https:\\\/\\\/radioljubuski.ba\\\/#\\\/schema\\\/person\\\/19fc700381a780f69665d7956c469e3b\"},\"headline\":\"FUP: U akciji &#8220;Kolonija&#8221; uhi\u0107eno 14 osumnji\u010denih, zaplijenjeni droga i oru\u017eje\",\"datePublished\":\"2021-06-02T12:44:57+00:00\",\"dateModified\":\"2021-06-02T12:44:58+00:00\",\"mainEntityOfPage\":{\"@id\":\"https:\\\/\\\/radioljubuski.ba\\\/index.php\\\/2021\\\/06\\\/02\\\/fup-u-akciji-kolonija-uhiceno-14-osumnjicenih-zaplijenjeni-droga-i-oruzje\\\/\"},\"wordCount\":429,\"publisher\":{\"@id\":\"https:\\\/\\\/radioljubuski.ba\\\/#organization\"},\"image\":{\"@id\":\"https:\\\/\\\/radioljubuski.ba\\\/index.php\\\/2021\\\/06\\\/02\\\/fup-u-akciji-kolonija-uhiceno-14-osumnjicenih-zaplijenjeni-droga-i-oruzje\\\/#primaryimage\"},\"thumbnailUrl\":\"https:\\\/\\\/radioljubuski.ba\\\/wp-content\\\/uploads\\\/2021\\\/06\\\/2-2021-06-02-14-32-38-kolonija_4_02.06.21..jpg\",\"articleSection\":[\"BIH i regija\"],\"inLanguage\":\"hr\"},{\"@type\":\"WebPage\",\"@id\":\"https:\\\/\\\/radioljubuski.ba\\\/index.php\\\/2021\\\/06\\\/02\\\/fup-u-akciji-kolonija-uhiceno-14-osumnjicenih-zaplijenjeni-droga-i-oruzje\\\/\",\"url\":\"https:\\\/\\\/radioljubuski.ba\\\/index.php\\\/2021\\\/06\\\/02\\\/fup-u-akciji-kolonija-uhiceno-14-osumnjicenih-zaplijenjeni-droga-i-oruzje\\\/\",\"name\":\"FUP: U akciji \\\"Kolonija\\\" uhi\u0107eno 14 osumnji\u010denih, zaplijenjeni droga i oru\u017eje - RADIO LJUBU\u0160KI\",\"isPartOf\":{\"@id\":\"https:\\\/\\\/radioljubuski.ba\\\/#website\"},\"primaryImageOfPage\":{\"@id\":\"https:\\\/\\\/radioljubuski.ba\\\/index.php\\\/2021\\\/06\\\/02\\\/fup-u-akciji-kolonija-uhiceno-14-osumnjicenih-zaplijenjeni-droga-i-oruzje\\\/#primaryimage\"},\"image\":{\"@id\":\"https:\\\/\\\/radioljubuski.ba\\\/index.php\\\/2021\\\/06\\\/02\\\/fup-u-akciji-kolonija-uhiceno-14-osumnjicenih-zaplijenjeni-droga-i-oruzje\\\/#primaryimage\"},\"thumbnailUrl\":\"https:\\\/\\\/radioljubuski.ba\\\/wp-content\\\/uploads\\\/2021\\\/06\\\/2-2021-06-02-14-32-38-kolonija_4_02.06.21..jpg\",\"datePublished\":\"2021-06-02T12:44:57+00:00\",\"dateModified\":\"2021-06-02T12:44:58+00:00\",\"breadcrumb\":{\"@id\":\"https:\\\/\\\/radioljubuski.ba\\\/index.php\\\/2021\\\/06\\\/02\\\/fup-u-akciji-kolonija-uhiceno-14-osumnjicenih-zaplijenjeni-droga-i-oruzje\\\/#breadcrumb\"},\"inLanguage\":\"hr\",\"potentialAction\":[{\"@type\":\"ReadAction\",\"target\":[\"https:\\\/\\\/radioljubuski.ba\\\/index.php\\\/2021\\\/06\\\/02\\\/fup-u-akciji-kolonija-uhiceno-14-osumnjicenih-zaplijenjeni-droga-i-oruzje\\\/\"]}]},{\"@type\":\"ImageObject\",\"inLanguage\":\"hr\",\"@id\":\"https:\\\/\\\/radioljubuski.ba\\\/index.php\\\/2021\\\/06\\\/02\\\/fup-u-akciji-kolonija-uhiceno-14-osumnjicenih-zaplijenjeni-droga-i-oruzje\\\/#primaryimage\",\"url\":\"https:\\\/\\\/radioljubuski.ba\\\/wp-content\\\/uploads\\\/2021\\\/06\\\/2-2021-06-02-14-32-38-kolonija_4_02.06.21..jpg\",\"contentUrl\":\"https:\\\/\\\/radioljubuski.ba\\\/wp-content\\\/uploads\\\/2021\\\/06\\\/2-2021-06-02-14-32-38-kolonija_4_02.06.21..jpg\",\"width\":1000,\"height\":625},{\"@type\":\"BreadcrumbList\",\"@id\":\"https:\\\/\\\/radioljubuski.ba\\\/index.php\\\/2021\\\/06\\\/02\\\/fup-u-akciji-kolonija-uhiceno-14-osumnjicenih-zaplijenjeni-droga-i-oruzje\\\/#breadcrumb\",\"itemListElement\":[{\"@type\":\"ListItem\",\"position\":1,\"name\":\"Po\u010detna stranica\",\"item\":\"https:\\\/\\\/radioljubuski.ba\\\/\"},{\"@type\":\"ListItem\",\"position\":2,\"name\":\"FUP: U akciji &#8220;Kolonija&#8221; uhi\u0107eno 14 osumnji\u010denih, zaplijenjeni droga i oru\u017eje\"}]},{\"@type\":\"WebSite\",\"@id\":\"https:\\\/\\\/radioljubuski.ba\\\/#website\",\"url\":\"https:\\\/\\\/radioljubuski.ba\\\/\",\"name\":\"Radio Ljubu\u0161ki\",\"description\":\"Sun\u010dana frekvencija Hercegovine\",\"publisher\":{\"@id\":\"https:\\\/\\\/radioljubuski.ba\\\/#organization\"},\"potentialAction\":[{\"@type\":\"SearchAction\",\"target\":{\"@type\":\"EntryPoint\",\"urlTemplate\":\"https:\\\/\\\/radioljubuski.ba\\\/?s={search_term_string}\"},\"query-input\":{\"@type\":\"PropertyValueSpecification\",\"valueRequired\":true,\"valueName\":\"search_term_string\"}}],\"inLanguage\":\"hr\"},{\"@type\":\"Organization\",\"@id\":\"https:\\\/\\\/radioljubuski.ba\\\/#organization\",\"name\":\"Radio Ljubu\u0161ki\",\"url\":\"https:\\\/\\\/radioljubuski.ba\\\/\",\"logo\":{\"@type\":\"ImageObject\",\"inLanguage\":\"hr\",\"@id\":\"https:\\\/\\\/radioljubuski.ba\\\/#\\\/schema\\\/logo\\\/image\\\/\",\"url\":\"https:\\\/\\\/radioljubuski.ba\\\/wp-content\\\/uploads\\\/2021\\\/02\\\/cropped-Radio_Ljubuski_logo1.jpg\",\"contentUrl\":\"https:\\\/\\\/radioljubuski.ba\\\/wp-content\\\/uploads\\\/2021\\\/02\\\/cropped-Radio_Ljubuski_logo1.jpg\",\"width\":512,\"height\":512,\"caption\":\"Radio Ljubu\u0161ki\"},\"image\":{\"@id\":\"https:\\\/\\\/radioljubuski.ba\\\/#\\\/schema\\\/logo\\\/image\\\/\"},\"sameAs\":[\"https:\\\/\\\/www.facebook.com\\\/Radiio-Ljubuski-1490835324566332\",\"https:\\\/\\\/x.com\\\/radioljubuski\",\"https:\\\/\\\/hr.linkedin.com\\\/company\\\/radio-ljubuski\",\"https:\\\/\\\/www.youtube.com\\\/channel\\\/UCHYaeO_n0Db3tjNGudGpXyw\"]},{\"@type\":\"Person\",\"@id\":\"https:\\\/\\\/radioljubuski.ba\\\/#\\\/schema\\\/person\\\/19fc700381a780f69665d7956c469e3b\",\"name\":\"Radio Ljubu\u0161ki\"}]}<\/script>\n<!-- \/ Yoast SEO plugin. -->","yoast_head_json":{"title":"FUP: U akciji \"Kolonija\" uhi\u0107eno 14 osumnji\u010denih, zaplijenjeni droga i oru\u017eje - RADIO LJUBU\u0160KI","robots":{"index":"index","follow":"follow","max-snippet":"max-snippet:-1","max-image-preview":"max-image-preview:large","max-video-preview":"max-video-preview:-1"},"canonical":"https:\/\/radioljubuski.ba\/index.php\/2021\/06\/02\/fup-u-akciji-kolonija-uhiceno-14-osumnjicenih-zaplijenjeni-droga-i-oruzje\/","og_locale":"hr_HR","og_type":"article","og_title":"FUP: U akciji \"Kolonija\" uhi\u0107eno 14 osumnji\u010denih, zaplijenjeni droga i oru\u017eje - RADIO LJUBU\u0160KI","og_description":"Policijski slu\u017ebenici Federalne uprave policije i Uprave policije Ministarstva unutra\u0161njih poslova Sarajevske \u017eupanije, a pod direktnim nadzorom \u017dupanijskog tu\u017eiteljstva S\u017d, od ranih jutarnjih sati provode aktivnosti na realizaciji operativno takti\u010dke akcije kodnog naziva \u201eKOLONIJA\u201c, vezano za dokumentiranja grupe osoba koja zajedni\u010dki djeluje na podru\u010dju Sarajevske \u017eupanije i svojim djelovanjem ve\u0107 du\u017ei vremenski period vr\u0161e krivi\u010dna [&hellip;]","og_url":"https:\/\/radioljubuski.ba\/index.php\/2021\/06\/02\/fup-u-akciji-kolonija-uhiceno-14-osumnjicenih-zaplijenjeni-droga-i-oruzje\/","og_site_name":"RADIO LJUBU\u0160KI","article_publisher":"https:\/\/www.facebook.com\/Radiio-Ljubuski-1490835324566332","article_published_time":"2021-06-02T12:44:57+00:00","article_modified_time":"2021-06-02T12:44:58+00:00","og_image":[{"width":1000,"height":625,"url":"https:\/\/radioljubuski.ba\/wp-content\/uploads\/2021\/06\/2-2021-06-02-14-32-38-kolonija_4_02.06.21..jpg","type":"image\/jpeg"}],"author":"Radio Ljubu\u0161ki","twitter_card":"summary_large_image","twitter_creator":"@radioljubuski","twitter_site":"@radioljubuski","twitter_misc":{"Napisao\/la":"Radio Ljubu\u0161ki","Procijenjeno vrijeme \u010ditanja":"2 minute"},"schema":{"@context":"https:\/\/schema.org","@graph":[{"@type":"Article","@id":"https:\/\/radioljubuski.ba\/index.php\/2021\/06\/02\/fup-u-akciji-kolonija-uhiceno-14-osumnjicenih-zaplijenjeni-droga-i-oruzje\/#article","isPartOf":{"@id":"https:\/\/radioljubuski.ba\/index.php\/2021\/06\/02\/fup-u-akciji-kolonija-uhiceno-14-osumnjicenih-zaplijenjeni-droga-i-oruzje\/"},"author":{"name":"Radio Ljubu\u0161ki","@id":"https:\/\/radioljubuski.ba\/#\/schema\/person\/19fc700381a780f69665d7956c469e3b"},"headline":"FUP: U akciji &#8220;Kolonija&#8221; uhi\u0107eno 14 osumnji\u010denih, zaplijenjeni droga i oru\u017eje","datePublished":"2021-06-02T12:44:57+00:00","dateModified":"2021-06-02T12:44:58+00:00","mainEntityOfPage":{"@id":"https:\/\/radioljubuski.ba\/index.php\/2021\/06\/02\/fup-u-akciji-kolonija-uhiceno-14-osumnjicenih-zaplijenjeni-droga-i-oruzje\/"},"wordCount":429,"publisher":{"@id":"https:\/\/radioljubuski.ba\/#organization"},"image":{"@id":"https:\/\/radioljubuski.ba\/index.php\/2021\/06\/02\/fup-u-akciji-kolonija-uhiceno-14-osumnjicenih-zaplijenjeni-droga-i-oruzje\/#primaryimage"},"thumbnailUrl":"https:\/\/radioljubuski.ba\/wp-content\/uploads\/2021\/06\/2-2021-06-02-14-32-38-kolonija_4_02.06.21..jpg","articleSection":["BIH i regija"],"inLanguage":"hr"},{"@type":"WebPage","@id":"https:\/\/radioljubuski.ba\/index.php\/2021\/06\/02\/fup-u-akciji-kolonija-uhiceno-14-osumnjicenih-zaplijenjeni-droga-i-oruzje\/","url":"https:\/\/radioljubuski.ba\/index.php\/2021\/06\/02\/fup-u-akciji-kolonija-uhiceno-14-osumnjicenih-zaplijenjeni-droga-i-oruzje\/","name":"FUP: U akciji \"Kolonija\" uhi\u0107eno 14 osumnji\u010denih, zaplijenjeni droga i oru\u017eje - RADIO LJUBU\u0160KI","isPartOf":{"@id":"https:\/\/radioljubuski.ba\/#website"},"primaryImageOfPage":{"@id":"https:\/\/radioljubuski.ba\/index.php\/2021\/06\/02\/fup-u-akciji-kolonija-uhiceno-14-osumnjicenih-zaplijenjeni-droga-i-oruzje\/#primaryimage"},"image":{"@id":"https:\/\/radioljubuski.ba\/index.php\/2021\/06\/02\/fup-u-akciji-kolonija-uhiceno-14-osumnjicenih-zaplijenjeni-droga-i-oruzje\/#primaryimage"},"thumbnailUrl":"https:\/\/radioljubuski.ba\/wp-content\/uploads\/2021\/06\/2-2021-06-02-14-32-38-kolonija_4_02.06.21..jpg","datePublished":"2021-06-02T12:44:57+00:00","dateModified":"2021-06-02T12:44:58+00:00","breadcrumb":{"@id":"https:\/\/radioljubuski.ba\/index.php\/2021\/06\/02\/fup-u-akciji-kolonija-uhiceno-14-osumnjicenih-zaplijenjeni-droga-i-oruzje\/#breadcrumb"},"inLanguage":"hr","potentialAction":[{"@type":"ReadAction","target":["https:\/\/radioljubuski.ba\/index.php\/2021\/06\/02\/fup-u-akciji-kolonija-uhiceno-14-osumnjicenih-zaplijenjeni-droga-i-oruzje\/"]}]},{"@type":"ImageObject","inLanguage":"hr","@id":"https:\/\/radioljubuski.ba\/index.php\/2021\/06\/02\/fup-u-akciji-kolonija-uhiceno-14-osumnjicenih-zaplijenjeni-droga-i-oruzje\/#primaryimage","url":"https:\/\/radioljubuski.ba\/wp-content\/uploads\/2021\/06\/2-2021-06-02-14-32-38-kolonija_4_02.06.21..jpg","contentUrl":"https:\/\/radioljubuski.ba\/wp-content\/uploads\/2021\/06\/2-2021-06-02-14-32-38-kolonija_4_02.06.21..jpg","width":1000,"height":625},{"@type":"BreadcrumbList","@id":"https:\/\/radioljubuski.ba\/index.php\/2021\/06\/02\/fup-u-akciji-kolonija-uhiceno-14-osumnjicenih-zaplijenjeni-droga-i-oruzje\/#breadcrumb","itemListElement":[{"@type":"ListItem","position":1,"name":"Po\u010detna stranica","item":"https:\/\/radioljubuski.ba\/"},{"@type":"ListItem","position":2,"name":"FUP: U akciji &#8220;Kolonija&#8221; uhi\u0107eno 14 osumnji\u010denih, zaplijenjeni droga i oru\u017eje"}]},{"@type":"WebSite","@id":"https:\/\/radioljubuski.ba\/#website","url":"https:\/\/radioljubuski.ba\/","name":"Radio Ljubu\u0161ki","description":"Sun\u010dana frekvencija Hercegovine","publisher":{"@id":"https:\/\/radioljubuski.ba\/#organization"},"potentialAction":[{"@type":"SearchAction","target":{"@type":"EntryPoint","urlTemplate":"https:\/\/radioljubuski.ba\/?s={search_term_string}"},"query-input":{"@type":"PropertyValueSpecification","valueRequired":true,"valueName":"search_term_string"}}],"inLanguage":"hr"},{"@type":"Organization","@id":"https:\/\/radioljubuski.ba\/#organization","name":"Radio Ljubu\u0161ki","url":"https:\/\/radioljubuski.ba\/","logo":{"@type":"ImageObject","inLanguage":"hr","@id":"https:\/\/radioljubuski.ba\/#\/schema\/logo\/image\/","url":"https:\/\/radioljubuski.ba\/wp-content\/uploads\/2021\/02\/cropped-Radio_Ljubuski_logo1.jpg","contentUrl":"https:\/\/radioljubuski.ba\/wp-content\/uploads\/2021\/02\/cropped-Radio_Ljubuski_logo1.jpg","width":512,"height":512,"caption":"Radio Ljubu\u0161ki"},"image":{"@id":"https:\/\/radioljubuski.ba\/#\/schema\/logo\/image\/"},"sameAs":["https:\/\/www.facebook.com\/Radiio-Ljubuski-1490835324566332","https:\/\/x.com\/radioljubuski","https:\/\/hr.linkedin.com\/company\/radio-ljubuski","https:\/\/www.youtube.com\/channel\/UCHYaeO_n0Db3tjNGudGpXyw"]},{"@type":"Person","@id":"https:\/\/radioljubuski.ba\/#\/schema\/person\/19fc700381a780f69665d7956c469e3b","name":"Radio Ljubu\u0161ki"}]}},"_links":{"self":[{"href":"https:\/\/radioljubuski.ba\/index.php\/wp-json\/wp\/v2\/posts\/27571","targetHints":{"allow":["GET"]}}],"collection":[{"href":"https:\/\/radioljubuski.ba\/index.php\/wp-json\/wp\/v2\/posts"}],"about":[{"href":"https:\/\/radioljubuski.ba\/index.php\/wp-json\/wp\/v2\/types\/post"}],"author":[{"embeddable":true,"href":"https:\/\/radioljubuski.ba\/index.php\/wp-json\/wp\/v2\/users\/2"}],"replies":[{"embeddable":true,"href":"https:\/\/radioljubuski.ba\/index.php\/wp-json\/wp\/v2\/comments?post=27571"}],"version-history":[{"count":1,"href":"https:\/\/radioljubuski.ba\/index.php\/wp-json\/wp\/v2\/posts\/27571\/revisions"}],"predecessor-version":[{"id":27573,"href":"https:\/\/radioljubuski.ba\/index.php\/wp-json\/wp\/v2\/posts\/27571\/revisions\/27573"}],"wp:featuredmedia":[{"embeddable":true,"href":"https:\/\/radioljubuski.ba\/index.php\/wp-json\/wp\/v2\/media\/27572"}],"wp:attachment":[{"href":"https:\/\/radioljubuski.ba\/index.php\/wp-json\/wp\/v2\/media?parent=27571"}],"wp:term":[{"taxonomy":"category","embeddable":true,"href":"https:\/\/radioljubuski.ba\/index.php\/wp-json\/wp\/v2\/categories?post=27571"},{"taxonomy":"post_tag","embeddable":true,"href":"https:\/\/radioljubuski.ba\/index.php\/wp-json\/wp\/v2\/tags?post=27571"}],"curies":[{"name":"wp","href":"https:\/\/api.w.org\/{rel}","templated":true}]}}