{"id":27574,"date":"2021-06-02T13:46:24","date_gmt":"2021-06-02T12:46:24","guid":{"rendered":"https:\/\/radioljubuski.ba\/?p=27574"},"modified":"2021-06-02T13:46:24","modified_gmt":"2021-06-02T12:46:24","slug":"2-lipnja-1979-prvi-posjet-pape-nekoj-komunistickoj-zemlji-ivan-pavao-ii-dosao-u-poljsku","status":"publish","type":"post","link":"https:\/\/radioljubuski.ba\/index.php\/2021\/06\/02\/2-lipnja-1979-prvi-posjet-pape-nekoj-komunistickoj-zemlji-ivan-pavao-ii-dosao-u-poljsku\/","title":{"rendered":"2. lipnja 1979. Prvi posjet pape nekoj komunisti\u010dkoj zemlji: Ivan Pavao II. do\u0161ao u Poljsku"},"content":{"rendered":"\n<p>Na dana\u0161nji dan, 2. lipnja 1979., papa Ivan Pavao II. posjetio je rodnu Poljsku. Bio je to prvi njegov posjet domovini od kad je postao papa i prvi posjet jednog pape nekoj komunisti\u010dkoj zemlji uop\u0107e.<\/p>\n\n\n\n<p>Kad je iza\u0161ao iz zrakoplova, papa je poljubio zemlju. Do\u010dekali su ga poljski \u0161ef dr\u017eave Henryk Jab\u0142o\u0144ski (komunist) i kardinal sluga Bo\u017eji Stefan Wyszy\u0144ski, najvi\u0161i dostojanstvenik Katoli\u010dke crkve u Poljskoj. Papa je odr\u017eao misu na najve\u0107em trgu u Var\u0161avi \u2013 Trgu pobjede u centru grada, pred gotovo 3 milijuna Poljaka.<\/p>\n\n\n\n<p>Prilikom svojeg posjeta Poljskoj 1979. godine, Papa je milijunima svojih sunarodnjaka uputio apel: \u201cBranite se protiv svega \u0161to kr\u0161i ljudsko dostojanstvo.\u201d Godinu dana kasnije radnici u Lenjinovom brodogradili\u0161tu po\u010deli su sa \u0161trajkom. To je rezultiralo osnivanjem prvog slobodnog sindikata u Isto\u010dnom bloku. U atmosferi poleta oko poljskog sindikata Solidarnost, Ivan Pavao Drugi katoli\u010dki je socijalni nauk propovijedao kao alternativu komunizmu i kapitalizmu.<\/p>\n\n\n\n<p>Papa je u Poljskoj ostao \u010dak 9 dana, posjetiv\u0161i najpoznatije poljsko sveti\u0161te Majke Bo\u017eje u Cz\u0119stochowi. Papin posjet imao je utjecaj na odnose Crkve i dr\u017eave u Isto\u010dnom bloku. Papa sv. Ivan Pavao II. posjetio je Poljsku jo\u0161 \u010dak osam puta, vi\u0161e nego ijednu drugu zemlju.<\/p>\n\n\n\n<p>Ukupno je posjetio 129 dr\u017eava za vrijeme svojeg mandata, proputovav\u0161i nevjerojatnih 1,167,000 kilometara, \u0161to je dovoljno da se 29 puta obi\u0111e zemaljska kugla.<\/p>\n\n\n\n<p>U svojem pontifikatu tri je puta posjetio Hrvatsku, a Hrvate u BiH posjetio je do\u0161av\u0161i u Sarajevo 1997. i u Banju Luku 2003.<\/p>\n\n\n\n<p><em>Izvor: narod.hr<\/em><\/p>\n","protected":false},"excerpt":{"rendered":"<p>Na dana\u0161nji dan, 2. lipnja 1979., papa Ivan Pavao II. posjetio je rodnu Poljsku. Bio je to prvi njegov posjet domovini od kad je postao papa i prvi posjet jednog pape nekoj komunisti\u010dkoj zemlji uop\u0107e. Kad je iza\u0161ao iz zrakoplova, papa je poljubio zemlju. Do\u010dekali su ga poljski \u0161ef dr\u017eave Henryk Jab\u0142o\u0144ski (komunist) i kardinal [&hellip;]<\/p>\n","protected":false},"author":2,"featured_media":27575,"comment_status":"closed","ping_status":"closed","sticky":false,"template":"","format":"standard","meta":{"h5ap_radio_sources":[],"footnotes":""},"categories":[1],"tags":[],"class_list":["post-27574","post","type-post","status-publish","format-standard","has-post-thumbnail","hentry","category-bihiregija"],"yoast_head":"<!-- This site is optimized with the Yoast SEO plugin v27.5 - https:\/\/yoast.com\/product\/yoast-seo-wordpress\/ -->\n<title>2. lipnja 1979. Prvi posjet pape nekoj komunisti\u010dkoj zemlji: Ivan Pavao II. do\u0161ao u Poljsku - RADIO LJUBU\u0160KI<\/title>\n<meta name=\"robots\" content=\"index, follow, max-snippet:-1, max-image-preview:large, max-video-preview:-1\" \/>\n<link rel=\"canonical\" href=\"https:\/\/radioljubuski.ba\/index.php\/2021\/06\/02\/2-lipnja-1979-prvi-posjet-pape-nekoj-komunistickoj-zemlji-ivan-pavao-ii-dosao-u-poljsku\/\" \/>\n<meta property=\"og:locale\" content=\"hr_HR\" \/>\n<meta property=\"og:type\" content=\"article\" \/>\n<meta property=\"og:title\" content=\"2. lipnja 1979. Prvi posjet pape nekoj komunisti\u010dkoj zemlji: Ivan Pavao II. do\u0161ao u Poljsku - RADIO LJUBU\u0160KI\" \/>\n<meta property=\"og:description\" content=\"Na dana\u0161nji dan, 2. lipnja 1979., papa Ivan Pavao II. posjetio je rodnu Poljsku. Bio je to prvi njegov posjet domovini od kad je postao papa i prvi posjet jednog pape nekoj komunisti\u010dkoj zemlji uop\u0107e. Kad je iza\u0161ao iz zrakoplova, papa je poljubio zemlju. Do\u010dekali su ga poljski \u0161ef dr\u017eave Henryk Jab\u0142o\u0144ski (komunist) i kardinal [&hellip;]\" \/>\n<meta property=\"og:url\" content=\"https:\/\/radioljubuski.ba\/index.php\/2021\/06\/02\/2-lipnja-1979-prvi-posjet-pape-nekoj-komunistickoj-zemlji-ivan-pavao-ii-dosao-u-poljsku\/\" \/>\n<meta property=\"og:site_name\" content=\"RADIO LJUBU\u0160KI\" \/>\n<meta property=\"article:publisher\" content=\"https:\/\/www.facebook.com\/Radiio-Ljubuski-1490835324566332\" \/>\n<meta property=\"article:published_time\" content=\"2021-06-02T12:46:24+00:00\" \/>\n<meta property=\"og:image\" content=\"https:\/\/radioljubuski.ba\/wp-content\/uploads\/2021\/06\/Ivan_Pavao_II-696x641-1.jpg\" \/>\n\t<meta property=\"og:image:width\" content=\"696\" \/>\n\t<meta property=\"og:image:height\" content=\"641\" \/>\n\t<meta property=\"og:image:type\" content=\"image\/jpeg\" \/>\n<meta name=\"author\" content=\"Radio Ljubu\u0161ki\" \/>\n<meta name=\"twitter:card\" content=\"summary_large_image\" \/>\n<meta name=\"twitter:creator\" content=\"@radioljubuski\" \/>\n<meta name=\"twitter:site\" content=\"@radioljubuski\" \/>\n<meta name=\"twitter:label1\" content=\"Napisao\/la\" \/>\n\t<meta name=\"twitter:data1\" content=\"Radio Ljubu\u0161ki\" \/>\n\t<meta name=\"twitter:label2\" content=\"Procijenjeno vrijeme \u010ditanja\" \/>\n\t<meta name=\"twitter:data2\" content=\"2 minute\" \/>\n<script type=\"application\/ld+json\" class=\"yoast-schema-graph\">{\"@context\":\"https:\\\/\\\/schema.org\",\"@graph\":[{\"@type\":\"Article\",\"@id\":\"https:\\\/\\\/radioljubuski.ba\\\/index.php\\\/2021\\\/06\\\/02\\\/2-lipnja-1979-prvi-posjet-pape-nekoj-komunistickoj-zemlji-ivan-pavao-ii-dosao-u-poljsku\\\/#article\",\"isPartOf\":{\"@id\":\"https:\\\/\\\/radioljubuski.ba\\\/index.php\\\/2021\\\/06\\\/02\\\/2-lipnja-1979-prvi-posjet-pape-nekoj-komunistickoj-zemlji-ivan-pavao-ii-dosao-u-poljsku\\\/\"},\"author\":{\"name\":\"Radio Ljubu\u0161ki\",\"@id\":\"https:\\\/\\\/radioljubuski.ba\\\/#\\\/schema\\\/person\\\/19fc700381a780f69665d7956c469e3b\"},\"headline\":\"2. lipnja 1979. Prvi posjet pape nekoj komunisti\u010dkoj zemlji: Ivan Pavao II. do\u0161ao u Poljsku\",\"datePublished\":\"2021-06-02T12:46:24+00:00\",\"mainEntityOfPage\":{\"@id\":\"https:\\\/\\\/radioljubuski.ba\\\/index.php\\\/2021\\\/06\\\/02\\\/2-lipnja-1979-prvi-posjet-pape-nekoj-komunistickoj-zemlji-ivan-pavao-ii-dosao-u-poljsku\\\/\"},\"wordCount\":278,\"publisher\":{\"@id\":\"https:\\\/\\\/radioljubuski.ba\\\/#organization\"},\"image\":{\"@id\":\"https:\\\/\\\/radioljubuski.ba\\\/index.php\\\/2021\\\/06\\\/02\\\/2-lipnja-1979-prvi-posjet-pape-nekoj-komunistickoj-zemlji-ivan-pavao-ii-dosao-u-poljsku\\\/#primaryimage\"},\"thumbnailUrl\":\"https:\\\/\\\/radioljubuski.ba\\\/wp-content\\\/uploads\\\/2021\\\/06\\\/Ivan_Pavao_II-696x641-1.jpg\",\"articleSection\":[\"BIH i regija\"],\"inLanguage\":\"hr\"},{\"@type\":\"WebPage\",\"@id\":\"https:\\\/\\\/radioljubuski.ba\\\/index.php\\\/2021\\\/06\\\/02\\\/2-lipnja-1979-prvi-posjet-pape-nekoj-komunistickoj-zemlji-ivan-pavao-ii-dosao-u-poljsku\\\/\",\"url\":\"https:\\\/\\\/radioljubuski.ba\\\/index.php\\\/2021\\\/06\\\/02\\\/2-lipnja-1979-prvi-posjet-pape-nekoj-komunistickoj-zemlji-ivan-pavao-ii-dosao-u-poljsku\\\/\",\"name\":\"2. lipnja 1979. Prvi posjet pape nekoj komunisti\u010dkoj zemlji: Ivan Pavao II. do\u0161ao u Poljsku - RADIO LJUBU\u0160KI\",\"isPartOf\":{\"@id\":\"https:\\\/\\\/radioljubuski.ba\\\/#website\"},\"primaryImageOfPage\":{\"@id\":\"https:\\\/\\\/radioljubuski.ba\\\/index.php\\\/2021\\\/06\\\/02\\\/2-lipnja-1979-prvi-posjet-pape-nekoj-komunistickoj-zemlji-ivan-pavao-ii-dosao-u-poljsku\\\/#primaryimage\"},\"image\":{\"@id\":\"https:\\\/\\\/radioljubuski.ba\\\/index.php\\\/2021\\\/06\\\/02\\\/2-lipnja-1979-prvi-posjet-pape-nekoj-komunistickoj-zemlji-ivan-pavao-ii-dosao-u-poljsku\\\/#primaryimage\"},\"thumbnailUrl\":\"https:\\\/\\\/radioljubuski.ba\\\/wp-content\\\/uploads\\\/2021\\\/06\\\/Ivan_Pavao_II-696x641-1.jpg\",\"datePublished\":\"2021-06-02T12:46:24+00:00\",\"breadcrumb\":{\"@id\":\"https:\\\/\\\/radioljubuski.ba\\\/index.php\\\/2021\\\/06\\\/02\\\/2-lipnja-1979-prvi-posjet-pape-nekoj-komunistickoj-zemlji-ivan-pavao-ii-dosao-u-poljsku\\\/#breadcrumb\"},\"inLanguage\":\"hr\",\"potentialAction\":[{\"@type\":\"ReadAction\",\"target\":[\"https:\\\/\\\/radioljubuski.ba\\\/index.php\\\/2021\\\/06\\\/02\\\/2-lipnja-1979-prvi-posjet-pape-nekoj-komunistickoj-zemlji-ivan-pavao-ii-dosao-u-poljsku\\\/\"]}]},{\"@type\":\"ImageObject\",\"inLanguage\":\"hr\",\"@id\":\"https:\\\/\\\/radioljubuski.ba\\\/index.php\\\/2021\\\/06\\\/02\\\/2-lipnja-1979-prvi-posjet-pape-nekoj-komunistickoj-zemlji-ivan-pavao-ii-dosao-u-poljsku\\\/#primaryimage\",\"url\":\"https:\\\/\\\/radioljubuski.ba\\\/wp-content\\\/uploads\\\/2021\\\/06\\\/Ivan_Pavao_II-696x641-1.jpg\",\"contentUrl\":\"https:\\\/\\\/radioljubuski.ba\\\/wp-content\\\/uploads\\\/2021\\\/06\\\/Ivan_Pavao_II-696x641-1.jpg\",\"width\":696,\"height\":641},{\"@type\":\"BreadcrumbList\",\"@id\":\"https:\\\/\\\/radioljubuski.ba\\\/index.php\\\/2021\\\/06\\\/02\\\/2-lipnja-1979-prvi-posjet-pape-nekoj-komunistickoj-zemlji-ivan-pavao-ii-dosao-u-poljsku\\\/#breadcrumb\",\"itemListElement\":[{\"@type\":\"ListItem\",\"position\":1,\"name\":\"Po\u010detna stranica\",\"item\":\"https:\\\/\\\/radioljubuski.ba\\\/\"},{\"@type\":\"ListItem\",\"position\":2,\"name\":\"2. lipnja 1979. Prvi posjet pape nekoj komunisti\u010dkoj zemlji: Ivan Pavao II. do\u0161ao u Poljsku\"}]},{\"@type\":\"WebSite\",\"@id\":\"https:\\\/\\\/radioljubuski.ba\\\/#website\",\"url\":\"https:\\\/\\\/radioljubuski.ba\\\/\",\"name\":\"Radio Ljubu\u0161ki\",\"description\":\"Sun\u010dana frekvencija Hercegovine\",\"publisher\":{\"@id\":\"https:\\\/\\\/radioljubuski.ba\\\/#organization\"},\"potentialAction\":[{\"@type\":\"SearchAction\",\"target\":{\"@type\":\"EntryPoint\",\"urlTemplate\":\"https:\\\/\\\/radioljubuski.ba\\\/?s={search_term_string}\"},\"query-input\":{\"@type\":\"PropertyValueSpecification\",\"valueRequired\":true,\"valueName\":\"search_term_string\"}}],\"inLanguage\":\"hr\"},{\"@type\":\"Organization\",\"@id\":\"https:\\\/\\\/radioljubuski.ba\\\/#organization\",\"name\":\"Radio Ljubu\u0161ki\",\"url\":\"https:\\\/\\\/radioljubuski.ba\\\/\",\"logo\":{\"@type\":\"ImageObject\",\"inLanguage\":\"hr\",\"@id\":\"https:\\\/\\\/radioljubuski.ba\\\/#\\\/schema\\\/logo\\\/image\\\/\",\"url\":\"https:\\\/\\\/radioljubuski.ba\\\/wp-content\\\/uploads\\\/2021\\\/02\\\/cropped-Radio_Ljubuski_logo1.jpg\",\"contentUrl\":\"https:\\\/\\\/radioljubuski.ba\\\/wp-content\\\/uploads\\\/2021\\\/02\\\/cropped-Radio_Ljubuski_logo1.jpg\",\"width\":512,\"height\":512,\"caption\":\"Radio Ljubu\u0161ki\"},\"image\":{\"@id\":\"https:\\\/\\\/radioljubuski.ba\\\/#\\\/schema\\\/logo\\\/image\\\/\"},\"sameAs\":[\"https:\\\/\\\/www.facebook.com\\\/Radiio-Ljubuski-1490835324566332\",\"https:\\\/\\\/x.com\\\/radioljubuski\",\"https:\\\/\\\/hr.linkedin.com\\\/company\\\/radio-ljubuski\",\"https:\\\/\\\/www.youtube.com\\\/channel\\\/UCHYaeO_n0Db3tjNGudGpXyw\"]},{\"@type\":\"Person\",\"@id\":\"https:\\\/\\\/radioljubuski.ba\\\/#\\\/schema\\\/person\\\/19fc700381a780f69665d7956c469e3b\",\"name\":\"Radio Ljubu\u0161ki\"}]}<\/script>\n<!-- \/ Yoast SEO plugin. -->","yoast_head_json":{"title":"2. lipnja 1979. Prvi posjet pape nekoj komunisti\u010dkoj zemlji: Ivan Pavao II. do\u0161ao u Poljsku - RADIO LJUBU\u0160KI","robots":{"index":"index","follow":"follow","max-snippet":"max-snippet:-1","max-image-preview":"max-image-preview:large","max-video-preview":"max-video-preview:-1"},"canonical":"https:\/\/radioljubuski.ba\/index.php\/2021\/06\/02\/2-lipnja-1979-prvi-posjet-pape-nekoj-komunistickoj-zemlji-ivan-pavao-ii-dosao-u-poljsku\/","og_locale":"hr_HR","og_type":"article","og_title":"2. lipnja 1979. Prvi posjet pape nekoj komunisti\u010dkoj zemlji: Ivan Pavao II. do\u0161ao u Poljsku - RADIO LJUBU\u0160KI","og_description":"Na dana\u0161nji dan, 2. lipnja 1979., papa Ivan Pavao II. posjetio je rodnu Poljsku. Bio je to prvi njegov posjet domovini od kad je postao papa i prvi posjet jednog pape nekoj komunisti\u010dkoj zemlji uop\u0107e. Kad je iza\u0161ao iz zrakoplova, papa je poljubio zemlju. Do\u010dekali su ga poljski \u0161ef dr\u017eave Henryk Jab\u0142o\u0144ski (komunist) i kardinal [&hellip;]","og_url":"https:\/\/radioljubuski.ba\/index.php\/2021\/06\/02\/2-lipnja-1979-prvi-posjet-pape-nekoj-komunistickoj-zemlji-ivan-pavao-ii-dosao-u-poljsku\/","og_site_name":"RADIO LJUBU\u0160KI","article_publisher":"https:\/\/www.facebook.com\/Radiio-Ljubuski-1490835324566332","article_published_time":"2021-06-02T12:46:24+00:00","og_image":[{"width":696,"height":641,"url":"https:\/\/radioljubuski.ba\/wp-content\/uploads\/2021\/06\/Ivan_Pavao_II-696x641-1.jpg","type":"image\/jpeg"}],"author":"Radio Ljubu\u0161ki","twitter_card":"summary_large_image","twitter_creator":"@radioljubuski","twitter_site":"@radioljubuski","twitter_misc":{"Napisao\/la":"Radio Ljubu\u0161ki","Procijenjeno vrijeme \u010ditanja":"2 minute"},"schema":{"@context":"https:\/\/schema.org","@graph":[{"@type":"Article","@id":"https:\/\/radioljubuski.ba\/index.php\/2021\/06\/02\/2-lipnja-1979-prvi-posjet-pape-nekoj-komunistickoj-zemlji-ivan-pavao-ii-dosao-u-poljsku\/#article","isPartOf":{"@id":"https:\/\/radioljubuski.ba\/index.php\/2021\/06\/02\/2-lipnja-1979-prvi-posjet-pape-nekoj-komunistickoj-zemlji-ivan-pavao-ii-dosao-u-poljsku\/"},"author":{"name":"Radio Ljubu\u0161ki","@id":"https:\/\/radioljubuski.ba\/#\/schema\/person\/19fc700381a780f69665d7956c469e3b"},"headline":"2. lipnja 1979. Prvi posjet pape nekoj komunisti\u010dkoj zemlji: Ivan Pavao II. do\u0161ao u Poljsku","datePublished":"2021-06-02T12:46:24+00:00","mainEntityOfPage":{"@id":"https:\/\/radioljubuski.ba\/index.php\/2021\/06\/02\/2-lipnja-1979-prvi-posjet-pape-nekoj-komunistickoj-zemlji-ivan-pavao-ii-dosao-u-poljsku\/"},"wordCount":278,"publisher":{"@id":"https:\/\/radioljubuski.ba\/#organization"},"image":{"@id":"https:\/\/radioljubuski.ba\/index.php\/2021\/06\/02\/2-lipnja-1979-prvi-posjet-pape-nekoj-komunistickoj-zemlji-ivan-pavao-ii-dosao-u-poljsku\/#primaryimage"},"thumbnailUrl":"https:\/\/radioljubuski.ba\/wp-content\/uploads\/2021\/06\/Ivan_Pavao_II-696x641-1.jpg","articleSection":["BIH i regija"],"inLanguage":"hr"},{"@type":"WebPage","@id":"https:\/\/radioljubuski.ba\/index.php\/2021\/06\/02\/2-lipnja-1979-prvi-posjet-pape-nekoj-komunistickoj-zemlji-ivan-pavao-ii-dosao-u-poljsku\/","url":"https:\/\/radioljubuski.ba\/index.php\/2021\/06\/02\/2-lipnja-1979-prvi-posjet-pape-nekoj-komunistickoj-zemlji-ivan-pavao-ii-dosao-u-poljsku\/","name":"2. lipnja 1979. Prvi posjet pape nekoj komunisti\u010dkoj zemlji: Ivan Pavao II. do\u0161ao u Poljsku - RADIO LJUBU\u0160KI","isPartOf":{"@id":"https:\/\/radioljubuski.ba\/#website"},"primaryImageOfPage":{"@id":"https:\/\/radioljubuski.ba\/index.php\/2021\/06\/02\/2-lipnja-1979-prvi-posjet-pape-nekoj-komunistickoj-zemlji-ivan-pavao-ii-dosao-u-poljsku\/#primaryimage"},"image":{"@id":"https:\/\/radioljubuski.ba\/index.php\/2021\/06\/02\/2-lipnja-1979-prvi-posjet-pape-nekoj-komunistickoj-zemlji-ivan-pavao-ii-dosao-u-poljsku\/#primaryimage"},"thumbnailUrl":"https:\/\/radioljubuski.ba\/wp-content\/uploads\/2021\/06\/Ivan_Pavao_II-696x641-1.jpg","datePublished":"2021-06-02T12:46:24+00:00","breadcrumb":{"@id":"https:\/\/radioljubuski.ba\/index.php\/2021\/06\/02\/2-lipnja-1979-prvi-posjet-pape-nekoj-komunistickoj-zemlji-ivan-pavao-ii-dosao-u-poljsku\/#breadcrumb"},"inLanguage":"hr","potentialAction":[{"@type":"ReadAction","target":["https:\/\/radioljubuski.ba\/index.php\/2021\/06\/02\/2-lipnja-1979-prvi-posjet-pape-nekoj-komunistickoj-zemlji-ivan-pavao-ii-dosao-u-poljsku\/"]}]},{"@type":"ImageObject","inLanguage":"hr","@id":"https:\/\/radioljubuski.ba\/index.php\/2021\/06\/02\/2-lipnja-1979-prvi-posjet-pape-nekoj-komunistickoj-zemlji-ivan-pavao-ii-dosao-u-poljsku\/#primaryimage","url":"https:\/\/radioljubuski.ba\/wp-content\/uploads\/2021\/06\/Ivan_Pavao_II-696x641-1.jpg","contentUrl":"https:\/\/radioljubuski.ba\/wp-content\/uploads\/2021\/06\/Ivan_Pavao_II-696x641-1.jpg","width":696,"height":641},{"@type":"BreadcrumbList","@id":"https:\/\/radioljubuski.ba\/index.php\/2021\/06\/02\/2-lipnja-1979-prvi-posjet-pape-nekoj-komunistickoj-zemlji-ivan-pavao-ii-dosao-u-poljsku\/#breadcrumb","itemListElement":[{"@type":"ListItem","position":1,"name":"Po\u010detna stranica","item":"https:\/\/radioljubuski.ba\/"},{"@type":"ListItem","position":2,"name":"2. lipnja 1979. Prvi posjet pape nekoj komunisti\u010dkoj zemlji: Ivan Pavao II. do\u0161ao u Poljsku"}]},{"@type":"WebSite","@id":"https:\/\/radioljubuski.ba\/#website","url":"https:\/\/radioljubuski.ba\/","name":"Radio Ljubu\u0161ki","description":"Sun\u010dana frekvencija Hercegovine","publisher":{"@id":"https:\/\/radioljubuski.ba\/#organization"},"potentialAction":[{"@type":"SearchAction","target":{"@type":"EntryPoint","urlTemplate":"https:\/\/radioljubuski.ba\/?s={search_term_string}"},"query-input":{"@type":"PropertyValueSpecification","valueRequired":true,"valueName":"search_term_string"}}],"inLanguage":"hr"},{"@type":"Organization","@id":"https:\/\/radioljubuski.ba\/#organization","name":"Radio Ljubu\u0161ki","url":"https:\/\/radioljubuski.ba\/","logo":{"@type":"ImageObject","inLanguage":"hr","@id":"https:\/\/radioljubuski.ba\/#\/schema\/logo\/image\/","url":"https:\/\/radioljubuski.ba\/wp-content\/uploads\/2021\/02\/cropped-Radio_Ljubuski_logo1.jpg","contentUrl":"https:\/\/radioljubuski.ba\/wp-content\/uploads\/2021\/02\/cropped-Radio_Ljubuski_logo1.jpg","width":512,"height":512,"caption":"Radio Ljubu\u0161ki"},"image":{"@id":"https:\/\/radioljubuski.ba\/#\/schema\/logo\/image\/"},"sameAs":["https:\/\/www.facebook.com\/Radiio-Ljubuski-1490835324566332","https:\/\/x.com\/radioljubuski","https:\/\/hr.linkedin.com\/company\/radio-ljubuski","https:\/\/www.youtube.com\/channel\/UCHYaeO_n0Db3tjNGudGpXyw"]},{"@type":"Person","@id":"https:\/\/radioljubuski.ba\/#\/schema\/person\/19fc700381a780f69665d7956c469e3b","name":"Radio Ljubu\u0161ki"}]}},"_links":{"self":[{"href":"https:\/\/radioljubuski.ba\/index.php\/wp-json\/wp\/v2\/posts\/27574","targetHints":{"allow":["GET"]}}],"collection":[{"href":"https:\/\/radioljubuski.ba\/index.php\/wp-json\/wp\/v2\/posts"}],"about":[{"href":"https:\/\/radioljubuski.ba\/index.php\/wp-json\/wp\/v2\/types\/post"}],"author":[{"embeddable":true,"href":"https:\/\/radioljubuski.ba\/index.php\/wp-json\/wp\/v2\/users\/2"}],"replies":[{"embeddable":true,"href":"https:\/\/radioljubuski.ba\/index.php\/wp-json\/wp\/v2\/comments?post=27574"}],"version-history":[{"count":1,"href":"https:\/\/radioljubuski.ba\/index.php\/wp-json\/wp\/v2\/posts\/27574\/revisions"}],"predecessor-version":[{"id":27576,"href":"https:\/\/radioljubuski.ba\/index.php\/wp-json\/wp\/v2\/posts\/27574\/revisions\/27576"}],"wp:featuredmedia":[{"embeddable":true,"href":"https:\/\/radioljubuski.ba\/index.php\/wp-json\/wp\/v2\/media\/27575"}],"wp:attachment":[{"href":"https:\/\/radioljubuski.ba\/index.php\/wp-json\/wp\/v2\/media?parent=27574"}],"wp:term":[{"taxonomy":"category","embeddable":true,"href":"https:\/\/radioljubuski.ba\/index.php\/wp-json\/wp\/v2\/categories?post=27574"},{"taxonomy":"post_tag","embeddable":true,"href":"https:\/\/radioljubuski.ba\/index.php\/wp-json\/wp\/v2\/tags?post=27574"}],"curies":[{"name":"wp","href":"https:\/\/api.w.org\/{rel}","templated":true}]}}