{"id":27690,"date":"2021-06-02T16:47:57","date_gmt":"2021-06-02T15:47:57","guid":{"rendered":"https:\/\/radioljubuski.ba\/?p=27690"},"modified":"2021-06-02T16:47:58","modified_gmt":"2021-06-02T15:47:58","slug":"gerrard-kandidat-za-klupu-evertona","status":"publish","type":"post","link":"https:\/\/radioljubuski.ba\/index.php\/2021\/06\/02\/gerrard-kandidat-za-klupu-evertona\/","title":{"rendered":"Gerrard kandidat za klupu Evertona"},"content":{"rendered":"\n<p><strong>Carlo Ancelotti je napustio klupu Evertona i vratio se u Madrid za kormilo Kraljevskog kluba za manju pla\u0107u nego \u0161to je imao na klupi Evertona. Za upra\u017enjeno trenersko mjesto u Evertonu konkurira i legenda rivalskog kluba, Steven Gerrard.&nbsp;<\/strong><\/p>\n\n\n\n<p><strong>Steven Gerrard&nbsp;<\/strong>je u djetinjstvu bio navija\u010d Evertona, ali kasnije je u\u0161ao u povijest i srca navija\u010da Liverpoola svojim igrama, zalaganjem i odanosti klubu. Britanski mediji pi\u0161u kako je upravo Gerrard jedan od kandidata za klupu Evertona \u0161to se sigurno ne\u0107e svidjeti navija\u010dima Liverpoola. Gerrard je ove sezone bio uspje\u0161an na klupi Rangersa i prekinuo vi\u0161egodi\u0161nju dominaciju Celtica, a ambiciozni klub s Goodisona htio bi u novu sezonu s perspektivnim i mladim trenerom. Pored Gerrarda, kandidati za klupu Evertona su i&nbsp;<strong>Roberto Martinez<\/strong>,&nbsp;<strong>Erik ten Hag<\/strong>,&nbsp;<strong>Paulo Fonseca&nbsp;<\/strong>i dobro im poznati&nbsp;<strong>David Moyes<\/strong>.<\/p>\n\n\n\n<p>Izvor:hrt.hr<\/p>\n","protected":false},"excerpt":{"rendered":"<p>Carlo Ancelotti je napustio klupu Evertona i vratio se u Madrid za kormilo Kraljevskog kluba za manju pla\u0107u nego \u0161to je imao na klupi Evertona. Za upra\u017enjeno trenersko mjesto u Evertonu konkurira i legenda rivalskog kluba, Steven Gerrard.&nbsp; Steven Gerrard&nbsp;je u djetinjstvu bio navija\u010d Evertona, ali kasnije je u\u0161ao u povijest i srca navija\u010da Liverpoola [&hellip;]<\/p>\n","protected":false},"author":2,"featured_media":27691,"comment_status":"closed","ping_status":"closed","sticky":false,"template":"","format":"standard","meta":{"h5ap_radio_sources":[],"footnotes":""},"categories":[7],"tags":[],"class_list":["post-27690","post","type-post","status-publish","format-standard","has-post-thumbnail","hentry","category-sport"],"yoast_head":"<!-- This site is optimized with the Yoast SEO plugin v27.5 - https:\/\/yoast.com\/product\/yoast-seo-wordpress\/ -->\n<title>Gerrard kandidat za klupu Evertona - RADIO LJUBU\u0160KI<\/title>\n<meta name=\"robots\" content=\"index, follow, max-snippet:-1, max-image-preview:large, max-video-preview:-1\" \/>\n<link rel=\"canonical\" href=\"https:\/\/radioljubuski.ba\/index.php\/2021\/06\/02\/gerrard-kandidat-za-klupu-evertona\/\" \/>\n<meta property=\"og:locale\" content=\"hr_HR\" \/>\n<meta property=\"og:type\" content=\"article\" \/>\n<meta property=\"og:title\" content=\"Gerrard kandidat za klupu Evertona - RADIO LJUBU\u0160KI\" \/>\n<meta property=\"og:description\" content=\"Carlo Ancelotti je napustio klupu Evertona i vratio se u Madrid za kormilo Kraljevskog kluba za manju pla\u0107u nego \u0161to je imao na klupi Evertona. Za upra\u017enjeno trenersko mjesto u Evertonu konkurira i legenda rivalskog kluba, Steven Gerrard.&nbsp; Steven Gerrard&nbsp;je u djetinjstvu bio navija\u010d Evertona, ali kasnije je u\u0161ao u povijest i srca navija\u010da Liverpoola [&hellip;]\" \/>\n<meta property=\"og:url\" content=\"https:\/\/radioljubuski.ba\/index.php\/2021\/06\/02\/gerrard-kandidat-za-klupu-evertona\/\" \/>\n<meta property=\"og:site_name\" content=\"RADIO LJUBU\u0160KI\" \/>\n<meta property=\"article:publisher\" content=\"https:\/\/www.facebook.com\/Radiio-Ljubuski-1490835324566332\" \/>\n<meta property=\"article:published_time\" content=\"2021-06-02T15:47:57+00:00\" \/>\n<meta property=\"article:modified_time\" content=\"2021-06-02T15:47:58+00:00\" \/>\n<meta property=\"og:image\" content=\"https:\/\/radioljubuski.ba\/wp-content\/uploads\/2021\/06\/preuzmi-1.jpg\" \/>\n\t<meta property=\"og:image:width\" content=\"640\" \/>\n\t<meta property=\"og:image:height\" content=\"462\" \/>\n\t<meta property=\"og:image:type\" content=\"image\/jpeg\" \/>\n<meta name=\"author\" content=\"Radio Ljubu\u0161ki\" \/>\n<meta name=\"twitter:card\" content=\"summary_large_image\" \/>\n<meta name=\"twitter:creator\" content=\"@radioljubuski\" \/>\n<meta name=\"twitter:site\" content=\"@radioljubuski\" \/>\n<meta name=\"twitter:label1\" content=\"Napisao\/la\" \/>\n\t<meta name=\"twitter:data1\" content=\"Radio Ljubu\u0161ki\" \/>\n\t<meta name=\"twitter:label2\" content=\"Procijenjeno vrijeme \u010ditanja\" \/>\n\t<meta name=\"twitter:data2\" content=\"1 minuta\" \/>\n<script type=\"application\/ld+json\" class=\"yoast-schema-graph\">{\"@context\":\"https:\\\/\\\/schema.org\",\"@graph\":[{\"@type\":\"Article\",\"@id\":\"https:\\\/\\\/radioljubuski.ba\\\/index.php\\\/2021\\\/06\\\/02\\\/gerrard-kandidat-za-klupu-evertona\\\/#article\",\"isPartOf\":{\"@id\":\"https:\\\/\\\/radioljubuski.ba\\\/index.php\\\/2021\\\/06\\\/02\\\/gerrard-kandidat-za-klupu-evertona\\\/\"},\"author\":{\"name\":\"Radio Ljubu\u0161ki\",\"@id\":\"https:\\\/\\\/radioljubuski.ba\\\/#\\\/schema\\\/person\\\/19fc700381a780f69665d7956c469e3b\"},\"headline\":\"Gerrard kandidat za klupu Evertona\",\"datePublished\":\"2021-06-02T15:47:57+00:00\",\"dateModified\":\"2021-06-02T15:47:58+00:00\",\"mainEntityOfPage\":{\"@id\":\"https:\\\/\\\/radioljubuski.ba\\\/index.php\\\/2021\\\/06\\\/02\\\/gerrard-kandidat-za-klupu-evertona\\\/\"},\"wordCount\":157,\"publisher\":{\"@id\":\"https:\\\/\\\/radioljubuski.ba\\\/#organization\"},\"image\":{\"@id\":\"https:\\\/\\\/radioljubuski.ba\\\/index.php\\\/2021\\\/06\\\/02\\\/gerrard-kandidat-za-klupu-evertona\\\/#primaryimage\"},\"thumbnailUrl\":\"https:\\\/\\\/radioljubuski.ba\\\/wp-content\\\/uploads\\\/2021\\\/06\\\/preuzmi-1.jpg\",\"articleSection\":[\"\u0160port\"],\"inLanguage\":\"hr\"},{\"@type\":\"WebPage\",\"@id\":\"https:\\\/\\\/radioljubuski.ba\\\/index.php\\\/2021\\\/06\\\/02\\\/gerrard-kandidat-za-klupu-evertona\\\/\",\"url\":\"https:\\\/\\\/radioljubuski.ba\\\/index.php\\\/2021\\\/06\\\/02\\\/gerrard-kandidat-za-klupu-evertona\\\/\",\"name\":\"Gerrard kandidat za klupu Evertona - RADIO LJUBU\u0160KI\",\"isPartOf\":{\"@id\":\"https:\\\/\\\/radioljubuski.ba\\\/#website\"},\"primaryImageOfPage\":{\"@id\":\"https:\\\/\\\/radioljubuski.ba\\\/index.php\\\/2021\\\/06\\\/02\\\/gerrard-kandidat-za-klupu-evertona\\\/#primaryimage\"},\"image\":{\"@id\":\"https:\\\/\\\/radioljubuski.ba\\\/index.php\\\/2021\\\/06\\\/02\\\/gerrard-kandidat-za-klupu-evertona\\\/#primaryimage\"},\"thumbnailUrl\":\"https:\\\/\\\/radioljubuski.ba\\\/wp-content\\\/uploads\\\/2021\\\/06\\\/preuzmi-1.jpg\",\"datePublished\":\"2021-06-02T15:47:57+00:00\",\"dateModified\":\"2021-06-02T15:47:58+00:00\",\"breadcrumb\":{\"@id\":\"https:\\\/\\\/radioljubuski.ba\\\/index.php\\\/2021\\\/06\\\/02\\\/gerrard-kandidat-za-klupu-evertona\\\/#breadcrumb\"},\"inLanguage\":\"hr\",\"potentialAction\":[{\"@type\":\"ReadAction\",\"target\":[\"https:\\\/\\\/radioljubuski.ba\\\/index.php\\\/2021\\\/06\\\/02\\\/gerrard-kandidat-za-klupu-evertona\\\/\"]}]},{\"@type\":\"ImageObject\",\"inLanguage\":\"hr\",\"@id\":\"https:\\\/\\\/radioljubuski.ba\\\/index.php\\\/2021\\\/06\\\/02\\\/gerrard-kandidat-za-klupu-evertona\\\/#primaryimage\",\"url\":\"https:\\\/\\\/radioljubuski.ba\\\/wp-content\\\/uploads\\\/2021\\\/06\\\/preuzmi-1.jpg\",\"contentUrl\":\"https:\\\/\\\/radioljubuski.ba\\\/wp-content\\\/uploads\\\/2021\\\/06\\\/preuzmi-1.jpg\",\"width\":640,\"height\":462},{\"@type\":\"BreadcrumbList\",\"@id\":\"https:\\\/\\\/radioljubuski.ba\\\/index.php\\\/2021\\\/06\\\/02\\\/gerrard-kandidat-za-klupu-evertona\\\/#breadcrumb\",\"itemListElement\":[{\"@type\":\"ListItem\",\"position\":1,\"name\":\"Po\u010detna stranica\",\"item\":\"https:\\\/\\\/radioljubuski.ba\\\/\"},{\"@type\":\"ListItem\",\"position\":2,\"name\":\"Gerrard kandidat za klupu Evertona\"}]},{\"@type\":\"WebSite\",\"@id\":\"https:\\\/\\\/radioljubuski.ba\\\/#website\",\"url\":\"https:\\\/\\\/radioljubuski.ba\\\/\",\"name\":\"Radio Ljubu\u0161ki\",\"description\":\"Sun\u010dana frekvencija Hercegovine\",\"publisher\":{\"@id\":\"https:\\\/\\\/radioljubuski.ba\\\/#organization\"},\"potentialAction\":[{\"@type\":\"SearchAction\",\"target\":{\"@type\":\"EntryPoint\",\"urlTemplate\":\"https:\\\/\\\/radioljubuski.ba\\\/?s={search_term_string}\"},\"query-input\":{\"@type\":\"PropertyValueSpecification\",\"valueRequired\":true,\"valueName\":\"search_term_string\"}}],\"inLanguage\":\"hr\"},{\"@type\":\"Organization\",\"@id\":\"https:\\\/\\\/radioljubuski.ba\\\/#organization\",\"name\":\"Radio Ljubu\u0161ki\",\"url\":\"https:\\\/\\\/radioljubuski.ba\\\/\",\"logo\":{\"@type\":\"ImageObject\",\"inLanguage\":\"hr\",\"@id\":\"https:\\\/\\\/radioljubuski.ba\\\/#\\\/schema\\\/logo\\\/image\\\/\",\"url\":\"https:\\\/\\\/radioljubuski.ba\\\/wp-content\\\/uploads\\\/2021\\\/02\\\/cropped-Radio_Ljubuski_logo1.jpg\",\"contentUrl\":\"https:\\\/\\\/radioljubuski.ba\\\/wp-content\\\/uploads\\\/2021\\\/02\\\/cropped-Radio_Ljubuski_logo1.jpg\",\"width\":512,\"height\":512,\"caption\":\"Radio Ljubu\u0161ki\"},\"image\":{\"@id\":\"https:\\\/\\\/radioljubuski.ba\\\/#\\\/schema\\\/logo\\\/image\\\/\"},\"sameAs\":[\"https:\\\/\\\/www.facebook.com\\\/Radiio-Ljubuski-1490835324566332\",\"https:\\\/\\\/x.com\\\/radioljubuski\",\"https:\\\/\\\/hr.linkedin.com\\\/company\\\/radio-ljubuski\",\"https:\\\/\\\/www.youtube.com\\\/channel\\\/UCHYaeO_n0Db3tjNGudGpXyw\"]},{\"@type\":\"Person\",\"@id\":\"https:\\\/\\\/radioljubuski.ba\\\/#\\\/schema\\\/person\\\/19fc700381a780f69665d7956c469e3b\",\"name\":\"Radio Ljubu\u0161ki\"}]}<\/script>\n<!-- \/ Yoast SEO plugin. -->","yoast_head_json":{"title":"Gerrard kandidat za klupu Evertona - RADIO LJUBU\u0160KI","robots":{"index":"index","follow":"follow","max-snippet":"max-snippet:-1","max-image-preview":"max-image-preview:large","max-video-preview":"max-video-preview:-1"},"canonical":"https:\/\/radioljubuski.ba\/index.php\/2021\/06\/02\/gerrard-kandidat-za-klupu-evertona\/","og_locale":"hr_HR","og_type":"article","og_title":"Gerrard kandidat za klupu Evertona - RADIO LJUBU\u0160KI","og_description":"Carlo Ancelotti je napustio klupu Evertona i vratio se u Madrid za kormilo Kraljevskog kluba za manju pla\u0107u nego \u0161to je imao na klupi Evertona. Za upra\u017enjeno trenersko mjesto u Evertonu konkurira i legenda rivalskog kluba, Steven Gerrard.&nbsp; Steven Gerrard&nbsp;je u djetinjstvu bio navija\u010d Evertona, ali kasnije je u\u0161ao u povijest i srca navija\u010da Liverpoola [&hellip;]","og_url":"https:\/\/radioljubuski.ba\/index.php\/2021\/06\/02\/gerrard-kandidat-za-klupu-evertona\/","og_site_name":"RADIO LJUBU\u0160KI","article_publisher":"https:\/\/www.facebook.com\/Radiio-Ljubuski-1490835324566332","article_published_time":"2021-06-02T15:47:57+00:00","article_modified_time":"2021-06-02T15:47:58+00:00","og_image":[{"width":640,"height":462,"url":"https:\/\/radioljubuski.ba\/wp-content\/uploads\/2021\/06\/preuzmi-1.jpg","type":"image\/jpeg"}],"author":"Radio Ljubu\u0161ki","twitter_card":"summary_large_image","twitter_creator":"@radioljubuski","twitter_site":"@radioljubuski","twitter_misc":{"Napisao\/la":"Radio Ljubu\u0161ki","Procijenjeno vrijeme \u010ditanja":"1 minuta"},"schema":{"@context":"https:\/\/schema.org","@graph":[{"@type":"Article","@id":"https:\/\/radioljubuski.ba\/index.php\/2021\/06\/02\/gerrard-kandidat-za-klupu-evertona\/#article","isPartOf":{"@id":"https:\/\/radioljubuski.ba\/index.php\/2021\/06\/02\/gerrard-kandidat-za-klupu-evertona\/"},"author":{"name":"Radio Ljubu\u0161ki","@id":"https:\/\/radioljubuski.ba\/#\/schema\/person\/19fc700381a780f69665d7956c469e3b"},"headline":"Gerrard kandidat za klupu Evertona","datePublished":"2021-06-02T15:47:57+00:00","dateModified":"2021-06-02T15:47:58+00:00","mainEntityOfPage":{"@id":"https:\/\/radioljubuski.ba\/index.php\/2021\/06\/02\/gerrard-kandidat-za-klupu-evertona\/"},"wordCount":157,"publisher":{"@id":"https:\/\/radioljubuski.ba\/#organization"},"image":{"@id":"https:\/\/radioljubuski.ba\/index.php\/2021\/06\/02\/gerrard-kandidat-za-klupu-evertona\/#primaryimage"},"thumbnailUrl":"https:\/\/radioljubuski.ba\/wp-content\/uploads\/2021\/06\/preuzmi-1.jpg","articleSection":["\u0160port"],"inLanguage":"hr"},{"@type":"WebPage","@id":"https:\/\/radioljubuski.ba\/index.php\/2021\/06\/02\/gerrard-kandidat-za-klupu-evertona\/","url":"https:\/\/radioljubuski.ba\/index.php\/2021\/06\/02\/gerrard-kandidat-za-klupu-evertona\/","name":"Gerrard kandidat za klupu Evertona - RADIO LJUBU\u0160KI","isPartOf":{"@id":"https:\/\/radioljubuski.ba\/#website"},"primaryImageOfPage":{"@id":"https:\/\/radioljubuski.ba\/index.php\/2021\/06\/02\/gerrard-kandidat-za-klupu-evertona\/#primaryimage"},"image":{"@id":"https:\/\/radioljubuski.ba\/index.php\/2021\/06\/02\/gerrard-kandidat-za-klupu-evertona\/#primaryimage"},"thumbnailUrl":"https:\/\/radioljubuski.ba\/wp-content\/uploads\/2021\/06\/preuzmi-1.jpg","datePublished":"2021-06-02T15:47:57+00:00","dateModified":"2021-06-02T15:47:58+00:00","breadcrumb":{"@id":"https:\/\/radioljubuski.ba\/index.php\/2021\/06\/02\/gerrard-kandidat-za-klupu-evertona\/#breadcrumb"},"inLanguage":"hr","potentialAction":[{"@type":"ReadAction","target":["https:\/\/radioljubuski.ba\/index.php\/2021\/06\/02\/gerrard-kandidat-za-klupu-evertona\/"]}]},{"@type":"ImageObject","inLanguage":"hr","@id":"https:\/\/radioljubuski.ba\/index.php\/2021\/06\/02\/gerrard-kandidat-za-klupu-evertona\/#primaryimage","url":"https:\/\/radioljubuski.ba\/wp-content\/uploads\/2021\/06\/preuzmi-1.jpg","contentUrl":"https:\/\/radioljubuski.ba\/wp-content\/uploads\/2021\/06\/preuzmi-1.jpg","width":640,"height":462},{"@type":"BreadcrumbList","@id":"https:\/\/radioljubuski.ba\/index.php\/2021\/06\/02\/gerrard-kandidat-za-klupu-evertona\/#breadcrumb","itemListElement":[{"@type":"ListItem","position":1,"name":"Po\u010detna stranica","item":"https:\/\/radioljubuski.ba\/"},{"@type":"ListItem","position":2,"name":"Gerrard kandidat za klupu Evertona"}]},{"@type":"WebSite","@id":"https:\/\/radioljubuski.ba\/#website","url":"https:\/\/radioljubuski.ba\/","name":"Radio Ljubu\u0161ki","description":"Sun\u010dana frekvencija Hercegovine","publisher":{"@id":"https:\/\/radioljubuski.ba\/#organization"},"potentialAction":[{"@type":"SearchAction","target":{"@type":"EntryPoint","urlTemplate":"https:\/\/radioljubuski.ba\/?s={search_term_string}"},"query-input":{"@type":"PropertyValueSpecification","valueRequired":true,"valueName":"search_term_string"}}],"inLanguage":"hr"},{"@type":"Organization","@id":"https:\/\/radioljubuski.ba\/#organization","name":"Radio Ljubu\u0161ki","url":"https:\/\/radioljubuski.ba\/","logo":{"@type":"ImageObject","inLanguage":"hr","@id":"https:\/\/radioljubuski.ba\/#\/schema\/logo\/image\/","url":"https:\/\/radioljubuski.ba\/wp-content\/uploads\/2021\/02\/cropped-Radio_Ljubuski_logo1.jpg","contentUrl":"https:\/\/radioljubuski.ba\/wp-content\/uploads\/2021\/02\/cropped-Radio_Ljubuski_logo1.jpg","width":512,"height":512,"caption":"Radio Ljubu\u0161ki"},"image":{"@id":"https:\/\/radioljubuski.ba\/#\/schema\/logo\/image\/"},"sameAs":["https:\/\/www.facebook.com\/Radiio-Ljubuski-1490835324566332","https:\/\/x.com\/radioljubuski","https:\/\/hr.linkedin.com\/company\/radio-ljubuski","https:\/\/www.youtube.com\/channel\/UCHYaeO_n0Db3tjNGudGpXyw"]},{"@type":"Person","@id":"https:\/\/radioljubuski.ba\/#\/schema\/person\/19fc700381a780f69665d7956c469e3b","name":"Radio Ljubu\u0161ki"}]}},"_links":{"self":[{"href":"https:\/\/radioljubuski.ba\/index.php\/wp-json\/wp\/v2\/posts\/27690","targetHints":{"allow":["GET"]}}],"collection":[{"href":"https:\/\/radioljubuski.ba\/index.php\/wp-json\/wp\/v2\/posts"}],"about":[{"href":"https:\/\/radioljubuski.ba\/index.php\/wp-json\/wp\/v2\/types\/post"}],"author":[{"embeddable":true,"href":"https:\/\/radioljubuski.ba\/index.php\/wp-json\/wp\/v2\/users\/2"}],"replies":[{"embeddable":true,"href":"https:\/\/radioljubuski.ba\/index.php\/wp-json\/wp\/v2\/comments?post=27690"}],"version-history":[{"count":1,"href":"https:\/\/radioljubuski.ba\/index.php\/wp-json\/wp\/v2\/posts\/27690\/revisions"}],"predecessor-version":[{"id":27692,"href":"https:\/\/radioljubuski.ba\/index.php\/wp-json\/wp\/v2\/posts\/27690\/revisions\/27692"}],"wp:featuredmedia":[{"embeddable":true,"href":"https:\/\/radioljubuski.ba\/index.php\/wp-json\/wp\/v2\/media\/27691"}],"wp:attachment":[{"href":"https:\/\/radioljubuski.ba\/index.php\/wp-json\/wp\/v2\/media?parent=27690"}],"wp:term":[{"taxonomy":"category","embeddable":true,"href":"https:\/\/radioljubuski.ba\/index.php\/wp-json\/wp\/v2\/categories?post=27690"},{"taxonomy":"post_tag","embeddable":true,"href":"https:\/\/radioljubuski.ba\/index.php\/wp-json\/wp\/v2\/tags?post=27690"}],"curies":[{"name":"wp","href":"https:\/\/api.w.org\/{rel}","templated":true}]}}