{"id":27693,"date":"2021-06-02T16:49:32","date_gmt":"2021-06-02T15:49:32","guid":{"rendered":"https:\/\/radioljubuski.ba\/?p=27693"},"modified":"2021-06-02T16:49:33","modified_gmt":"2021-06-02T15:49:33","slug":"vise-od-40-posto-navijaca-nece-dolaziti-na-stadione-zbog-var-a","status":"publish","type":"post","link":"https:\/\/radioljubuski.ba\/index.php\/2021\/06\/02\/vise-od-40-posto-navijaca-nece-dolaziti-na-stadione-zbog-var-a\/","title":{"rendered":"Vi\u0161e od 40 posto navija\u010da ne\u0107e dolaziti na stadione zbog VAR-a"},"content":{"rendered":"\n<p><strong>Studija koju je u Engleskoj provelo Udru\u017eenje navija\u010da nogometa (FSA) pokazala je da \u0107e vi\u0161e od 40 posto navija\u010da vjerojatno ne\u0107e dolaziti na stadione zbog upotrebe sustava Video Assistant Referee (VAR).<\/strong><\/p>\n\n\n\n<p>Istra\u017eivanje, koje su obuhvatilo 33.500 navija\u010da, pokazalo je da vi\u0161e od 94 posto ispitanika smatra da je VAR gledanje nogometa u\u010dinio &#8220;manje ugodnim&#8221;. Najvi\u0161e im smeta sporo potvr\u0111ivanje odluka, a i \u010dinjenica da je VAR pokvario spontanost proslava golova.<br><br>Samo 26 posto je podr\u017ealo upotrebu VAR-a, a 97 posto tehnologiju gol-linije jer pru\u017ea gotovo trenutne rezultate.<br><br>FSA je rekao da \u0107e rezultati istra\u017eivanja biti podijeljeni s Premijer ligom.<br><br>&#8211; Nadamo se da \u0107e Premier liga i suda\u010dko tijelo \u010duti glas navija\u010da i poduzeti hitne korake za pobolj\u0161anje sustava koji ne donosi jasne i razumljive odluke na stadionima, rekao je potpredsjednik FSA-e&nbsp;<strong>Tom Greatrex<\/strong>.<\/p>\n\n\n\n<p>Izvor:hrt.hr<\/p>\n","protected":false},"excerpt":{"rendered":"<p>Studija koju je u Engleskoj provelo Udru\u017eenje navija\u010da nogometa (FSA) pokazala je da \u0107e vi\u0161e od 40 posto navija\u010da vjerojatno ne\u0107e dolaziti na stadione zbog upotrebe sustava Video Assistant Referee (VAR). Istra\u017eivanje, koje su obuhvatilo 33.500 navija\u010da, pokazalo je da vi\u0161e od 94 posto ispitanika smatra da je VAR gledanje nogometa u\u010dinio &#8220;manje ugodnim&#8221;. Najvi\u0161e [&hellip;]<\/p>\n","protected":false},"author":2,"featured_media":27694,"comment_status":"closed","ping_status":"closed","sticky":false,"template":"","format":"standard","meta":{"h5ap_radio_sources":[],"footnotes":""},"categories":[7],"tags":[],"class_list":["post-27693","post","type-post","status-publish","format-standard","has-post-thumbnail","hentry","category-sport"],"yoast_head":"<!-- This site is optimized with the Yoast SEO plugin v27.5 - https:\/\/yoast.com\/product\/yoast-seo-wordpress\/ -->\n<title>Vi\u0161e od 40 posto navija\u010da ne\u0107e dolaziti na stadione zbog VAR-a - RADIO LJUBU\u0160KI<\/title>\n<meta name=\"robots\" content=\"index, follow, max-snippet:-1, max-image-preview:large, max-video-preview:-1\" \/>\n<link rel=\"canonical\" href=\"https:\/\/radioljubuski.ba\/index.php\/2021\/06\/02\/vise-od-40-posto-navijaca-nece-dolaziti-na-stadione-zbog-var-a\/\" \/>\n<meta property=\"og:locale\" content=\"hr_HR\" \/>\n<meta property=\"og:type\" content=\"article\" \/>\n<meta property=\"og:title\" content=\"Vi\u0161e od 40 posto navija\u010da ne\u0107e dolaziti na stadione zbog VAR-a - RADIO LJUBU\u0160KI\" \/>\n<meta property=\"og:description\" content=\"Studija koju je u Engleskoj provelo Udru\u017eenje navija\u010da nogometa (FSA) pokazala je da \u0107e vi\u0161e od 40 posto navija\u010da vjerojatno ne\u0107e dolaziti na stadione zbog upotrebe sustava Video Assistant Referee (VAR). Istra\u017eivanje, koje su obuhvatilo 33.500 navija\u010da, pokazalo je da vi\u0161e od 94 posto ispitanika smatra da je VAR gledanje nogometa u\u010dinio &#8220;manje ugodnim&#8221;. Najvi\u0161e [&hellip;]\" \/>\n<meta property=\"og:url\" content=\"https:\/\/radioljubuski.ba\/index.php\/2021\/06\/02\/vise-od-40-posto-navijaca-nece-dolaziti-na-stadione-zbog-var-a\/\" \/>\n<meta property=\"og:site_name\" content=\"RADIO LJUBU\u0160KI\" \/>\n<meta property=\"article:publisher\" content=\"https:\/\/www.facebook.com\/Radiio-Ljubuski-1490835324566332\" \/>\n<meta property=\"article:published_time\" content=\"2021-06-02T15:49:32+00:00\" \/>\n<meta property=\"article:modified_time\" content=\"2021-06-02T15:49:33+00:00\" \/>\n<meta property=\"og:image\" content=\"https:\/\/radioljubuski.ba\/wp-content\/uploads\/2021\/06\/2021-05-13t194519z-2064239536-up1eh5d1ivh89-rtrmadp-3-soccer-england-mun-liv-report-20210602092706.jpg\" \/>\n\t<meta property=\"og:image:width\" content=\"688\" \/>\n\t<meta property=\"og:image:height\" content=\"456\" \/>\n\t<meta property=\"og:image:type\" content=\"image\/jpeg\" \/>\n<meta name=\"author\" content=\"Radio Ljubu\u0161ki\" \/>\n<meta name=\"twitter:card\" content=\"summary_large_image\" \/>\n<meta name=\"twitter:creator\" content=\"@radioljubuski\" \/>\n<meta name=\"twitter:site\" content=\"@radioljubuski\" \/>\n<meta name=\"twitter:label1\" content=\"Napisao\/la\" \/>\n\t<meta name=\"twitter:data1\" content=\"Radio Ljubu\u0161ki\" \/>\n\t<meta name=\"twitter:label2\" content=\"Procijenjeno vrijeme \u010ditanja\" \/>\n\t<meta name=\"twitter:data2\" content=\"1 minuta\" \/>\n<script type=\"application\/ld+json\" class=\"yoast-schema-graph\">{\"@context\":\"https:\\\/\\\/schema.org\",\"@graph\":[{\"@type\":\"Article\",\"@id\":\"https:\\\/\\\/radioljubuski.ba\\\/index.php\\\/2021\\\/06\\\/02\\\/vise-od-40-posto-navijaca-nece-dolaziti-na-stadione-zbog-var-a\\\/#article\",\"isPartOf\":{\"@id\":\"https:\\\/\\\/radioljubuski.ba\\\/index.php\\\/2021\\\/06\\\/02\\\/vise-od-40-posto-navijaca-nece-dolaziti-na-stadione-zbog-var-a\\\/\"},\"author\":{\"name\":\"Radio Ljubu\u0161ki\",\"@id\":\"https:\\\/\\\/radioljubuski.ba\\\/#\\\/schema\\\/person\\\/19fc700381a780f69665d7956c469e3b\"},\"headline\":\"Vi\u0161e od 40 posto navija\u010da ne\u0107e dolaziti na stadione zbog VAR-a\",\"datePublished\":\"2021-06-02T15:49:32+00:00\",\"dateModified\":\"2021-06-02T15:49:33+00:00\",\"mainEntityOfPage\":{\"@id\":\"https:\\\/\\\/radioljubuski.ba\\\/index.php\\\/2021\\\/06\\\/02\\\/vise-od-40-posto-navijaca-nece-dolaziti-na-stadione-zbog-var-a\\\/\"},\"wordCount\":163,\"publisher\":{\"@id\":\"https:\\\/\\\/radioljubuski.ba\\\/#organization\"},\"image\":{\"@id\":\"https:\\\/\\\/radioljubuski.ba\\\/index.php\\\/2021\\\/06\\\/02\\\/vise-od-40-posto-navijaca-nece-dolaziti-na-stadione-zbog-var-a\\\/#primaryimage\"},\"thumbnailUrl\":\"https:\\\/\\\/radioljubuski.ba\\\/wp-content\\\/uploads\\\/2021\\\/06\\\/2021-05-13t194519z-2064239536-up1eh5d1ivh89-rtrmadp-3-soccer-england-mun-liv-report-20210602092706.jpg\",\"articleSection\":[\"\u0160port\"],\"inLanguage\":\"hr\"},{\"@type\":\"WebPage\",\"@id\":\"https:\\\/\\\/radioljubuski.ba\\\/index.php\\\/2021\\\/06\\\/02\\\/vise-od-40-posto-navijaca-nece-dolaziti-na-stadione-zbog-var-a\\\/\",\"url\":\"https:\\\/\\\/radioljubuski.ba\\\/index.php\\\/2021\\\/06\\\/02\\\/vise-od-40-posto-navijaca-nece-dolaziti-na-stadione-zbog-var-a\\\/\",\"name\":\"Vi\u0161e od 40 posto navija\u010da ne\u0107e dolaziti na stadione zbog VAR-a - RADIO LJUBU\u0160KI\",\"isPartOf\":{\"@id\":\"https:\\\/\\\/radioljubuski.ba\\\/#website\"},\"primaryImageOfPage\":{\"@id\":\"https:\\\/\\\/radioljubuski.ba\\\/index.php\\\/2021\\\/06\\\/02\\\/vise-od-40-posto-navijaca-nece-dolaziti-na-stadione-zbog-var-a\\\/#primaryimage\"},\"image\":{\"@id\":\"https:\\\/\\\/radioljubuski.ba\\\/index.php\\\/2021\\\/06\\\/02\\\/vise-od-40-posto-navijaca-nece-dolaziti-na-stadione-zbog-var-a\\\/#primaryimage\"},\"thumbnailUrl\":\"https:\\\/\\\/radioljubuski.ba\\\/wp-content\\\/uploads\\\/2021\\\/06\\\/2021-05-13t194519z-2064239536-up1eh5d1ivh89-rtrmadp-3-soccer-england-mun-liv-report-20210602092706.jpg\",\"datePublished\":\"2021-06-02T15:49:32+00:00\",\"dateModified\":\"2021-06-02T15:49:33+00:00\",\"breadcrumb\":{\"@id\":\"https:\\\/\\\/radioljubuski.ba\\\/index.php\\\/2021\\\/06\\\/02\\\/vise-od-40-posto-navijaca-nece-dolaziti-na-stadione-zbog-var-a\\\/#breadcrumb\"},\"inLanguage\":\"hr\",\"potentialAction\":[{\"@type\":\"ReadAction\",\"target\":[\"https:\\\/\\\/radioljubuski.ba\\\/index.php\\\/2021\\\/06\\\/02\\\/vise-od-40-posto-navijaca-nece-dolaziti-na-stadione-zbog-var-a\\\/\"]}]},{\"@type\":\"ImageObject\",\"inLanguage\":\"hr\",\"@id\":\"https:\\\/\\\/radioljubuski.ba\\\/index.php\\\/2021\\\/06\\\/02\\\/vise-od-40-posto-navijaca-nece-dolaziti-na-stadione-zbog-var-a\\\/#primaryimage\",\"url\":\"https:\\\/\\\/radioljubuski.ba\\\/wp-content\\\/uploads\\\/2021\\\/06\\\/2021-05-13t194519z-2064239536-up1eh5d1ivh89-rtrmadp-3-soccer-england-mun-liv-report-20210602092706.jpg\",\"contentUrl\":\"https:\\\/\\\/radioljubuski.ba\\\/wp-content\\\/uploads\\\/2021\\\/06\\\/2021-05-13t194519z-2064239536-up1eh5d1ivh89-rtrmadp-3-soccer-england-mun-liv-report-20210602092706.jpg\",\"width\":688,\"height\":456},{\"@type\":\"BreadcrumbList\",\"@id\":\"https:\\\/\\\/radioljubuski.ba\\\/index.php\\\/2021\\\/06\\\/02\\\/vise-od-40-posto-navijaca-nece-dolaziti-na-stadione-zbog-var-a\\\/#breadcrumb\",\"itemListElement\":[{\"@type\":\"ListItem\",\"position\":1,\"name\":\"Po\u010detna stranica\",\"item\":\"https:\\\/\\\/radioljubuski.ba\\\/\"},{\"@type\":\"ListItem\",\"position\":2,\"name\":\"Vi\u0161e od 40 posto navija\u010da ne\u0107e dolaziti na stadione zbog VAR-a\"}]},{\"@type\":\"WebSite\",\"@id\":\"https:\\\/\\\/radioljubuski.ba\\\/#website\",\"url\":\"https:\\\/\\\/radioljubuski.ba\\\/\",\"name\":\"Radio Ljubu\u0161ki\",\"description\":\"Sun\u010dana frekvencija Hercegovine\",\"publisher\":{\"@id\":\"https:\\\/\\\/radioljubuski.ba\\\/#organization\"},\"potentialAction\":[{\"@type\":\"SearchAction\",\"target\":{\"@type\":\"EntryPoint\",\"urlTemplate\":\"https:\\\/\\\/radioljubuski.ba\\\/?s={search_term_string}\"},\"query-input\":{\"@type\":\"PropertyValueSpecification\",\"valueRequired\":true,\"valueName\":\"search_term_string\"}}],\"inLanguage\":\"hr\"},{\"@type\":\"Organization\",\"@id\":\"https:\\\/\\\/radioljubuski.ba\\\/#organization\",\"name\":\"Radio Ljubu\u0161ki\",\"url\":\"https:\\\/\\\/radioljubuski.ba\\\/\",\"logo\":{\"@type\":\"ImageObject\",\"inLanguage\":\"hr\",\"@id\":\"https:\\\/\\\/radioljubuski.ba\\\/#\\\/schema\\\/logo\\\/image\\\/\",\"url\":\"https:\\\/\\\/radioljubuski.ba\\\/wp-content\\\/uploads\\\/2021\\\/02\\\/cropped-Radio_Ljubuski_logo1.jpg\",\"contentUrl\":\"https:\\\/\\\/radioljubuski.ba\\\/wp-content\\\/uploads\\\/2021\\\/02\\\/cropped-Radio_Ljubuski_logo1.jpg\",\"width\":512,\"height\":512,\"caption\":\"Radio Ljubu\u0161ki\"},\"image\":{\"@id\":\"https:\\\/\\\/radioljubuski.ba\\\/#\\\/schema\\\/logo\\\/image\\\/\"},\"sameAs\":[\"https:\\\/\\\/www.facebook.com\\\/Radiio-Ljubuski-1490835324566332\",\"https:\\\/\\\/x.com\\\/radioljubuski\",\"https:\\\/\\\/hr.linkedin.com\\\/company\\\/radio-ljubuski\",\"https:\\\/\\\/www.youtube.com\\\/channel\\\/UCHYaeO_n0Db3tjNGudGpXyw\"]},{\"@type\":\"Person\",\"@id\":\"https:\\\/\\\/radioljubuski.ba\\\/#\\\/schema\\\/person\\\/19fc700381a780f69665d7956c469e3b\",\"name\":\"Radio Ljubu\u0161ki\"}]}<\/script>\n<!-- \/ Yoast SEO plugin. -->","yoast_head_json":{"title":"Vi\u0161e od 40 posto navija\u010da ne\u0107e dolaziti na stadione zbog VAR-a - RADIO LJUBU\u0160KI","robots":{"index":"index","follow":"follow","max-snippet":"max-snippet:-1","max-image-preview":"max-image-preview:large","max-video-preview":"max-video-preview:-1"},"canonical":"https:\/\/radioljubuski.ba\/index.php\/2021\/06\/02\/vise-od-40-posto-navijaca-nece-dolaziti-na-stadione-zbog-var-a\/","og_locale":"hr_HR","og_type":"article","og_title":"Vi\u0161e od 40 posto navija\u010da ne\u0107e dolaziti na stadione zbog VAR-a - RADIO LJUBU\u0160KI","og_description":"Studija koju je u Engleskoj provelo Udru\u017eenje navija\u010da nogometa (FSA) pokazala je da \u0107e vi\u0161e od 40 posto navija\u010da vjerojatno ne\u0107e dolaziti na stadione zbog upotrebe sustava Video Assistant Referee (VAR). Istra\u017eivanje, koje su obuhvatilo 33.500 navija\u010da, pokazalo je da vi\u0161e od 94 posto ispitanika smatra da je VAR gledanje nogometa u\u010dinio &#8220;manje ugodnim&#8221;. Najvi\u0161e [&hellip;]","og_url":"https:\/\/radioljubuski.ba\/index.php\/2021\/06\/02\/vise-od-40-posto-navijaca-nece-dolaziti-na-stadione-zbog-var-a\/","og_site_name":"RADIO LJUBU\u0160KI","article_publisher":"https:\/\/www.facebook.com\/Radiio-Ljubuski-1490835324566332","article_published_time":"2021-06-02T15:49:32+00:00","article_modified_time":"2021-06-02T15:49:33+00:00","og_image":[{"width":688,"height":456,"url":"https:\/\/radioljubuski.ba\/wp-content\/uploads\/2021\/06\/2021-05-13t194519z-2064239536-up1eh5d1ivh89-rtrmadp-3-soccer-england-mun-liv-report-20210602092706.jpg","type":"image\/jpeg"}],"author":"Radio Ljubu\u0161ki","twitter_card":"summary_large_image","twitter_creator":"@radioljubuski","twitter_site":"@radioljubuski","twitter_misc":{"Napisao\/la":"Radio Ljubu\u0161ki","Procijenjeno vrijeme \u010ditanja":"1 minuta"},"schema":{"@context":"https:\/\/schema.org","@graph":[{"@type":"Article","@id":"https:\/\/radioljubuski.ba\/index.php\/2021\/06\/02\/vise-od-40-posto-navijaca-nece-dolaziti-na-stadione-zbog-var-a\/#article","isPartOf":{"@id":"https:\/\/radioljubuski.ba\/index.php\/2021\/06\/02\/vise-od-40-posto-navijaca-nece-dolaziti-na-stadione-zbog-var-a\/"},"author":{"name":"Radio Ljubu\u0161ki","@id":"https:\/\/radioljubuski.ba\/#\/schema\/person\/19fc700381a780f69665d7956c469e3b"},"headline":"Vi\u0161e od 40 posto navija\u010da ne\u0107e dolaziti na stadione zbog VAR-a","datePublished":"2021-06-02T15:49:32+00:00","dateModified":"2021-06-02T15:49:33+00:00","mainEntityOfPage":{"@id":"https:\/\/radioljubuski.ba\/index.php\/2021\/06\/02\/vise-od-40-posto-navijaca-nece-dolaziti-na-stadione-zbog-var-a\/"},"wordCount":163,"publisher":{"@id":"https:\/\/radioljubuski.ba\/#organization"},"image":{"@id":"https:\/\/radioljubuski.ba\/index.php\/2021\/06\/02\/vise-od-40-posto-navijaca-nece-dolaziti-na-stadione-zbog-var-a\/#primaryimage"},"thumbnailUrl":"https:\/\/radioljubuski.ba\/wp-content\/uploads\/2021\/06\/2021-05-13t194519z-2064239536-up1eh5d1ivh89-rtrmadp-3-soccer-england-mun-liv-report-20210602092706.jpg","articleSection":["\u0160port"],"inLanguage":"hr"},{"@type":"WebPage","@id":"https:\/\/radioljubuski.ba\/index.php\/2021\/06\/02\/vise-od-40-posto-navijaca-nece-dolaziti-na-stadione-zbog-var-a\/","url":"https:\/\/radioljubuski.ba\/index.php\/2021\/06\/02\/vise-od-40-posto-navijaca-nece-dolaziti-na-stadione-zbog-var-a\/","name":"Vi\u0161e od 40 posto navija\u010da ne\u0107e dolaziti na stadione zbog VAR-a - RADIO LJUBU\u0160KI","isPartOf":{"@id":"https:\/\/radioljubuski.ba\/#website"},"primaryImageOfPage":{"@id":"https:\/\/radioljubuski.ba\/index.php\/2021\/06\/02\/vise-od-40-posto-navijaca-nece-dolaziti-na-stadione-zbog-var-a\/#primaryimage"},"image":{"@id":"https:\/\/radioljubuski.ba\/index.php\/2021\/06\/02\/vise-od-40-posto-navijaca-nece-dolaziti-na-stadione-zbog-var-a\/#primaryimage"},"thumbnailUrl":"https:\/\/radioljubuski.ba\/wp-content\/uploads\/2021\/06\/2021-05-13t194519z-2064239536-up1eh5d1ivh89-rtrmadp-3-soccer-england-mun-liv-report-20210602092706.jpg","datePublished":"2021-06-02T15:49:32+00:00","dateModified":"2021-06-02T15:49:33+00:00","breadcrumb":{"@id":"https:\/\/radioljubuski.ba\/index.php\/2021\/06\/02\/vise-od-40-posto-navijaca-nece-dolaziti-na-stadione-zbog-var-a\/#breadcrumb"},"inLanguage":"hr","potentialAction":[{"@type":"ReadAction","target":["https:\/\/radioljubuski.ba\/index.php\/2021\/06\/02\/vise-od-40-posto-navijaca-nece-dolaziti-na-stadione-zbog-var-a\/"]}]},{"@type":"ImageObject","inLanguage":"hr","@id":"https:\/\/radioljubuski.ba\/index.php\/2021\/06\/02\/vise-od-40-posto-navijaca-nece-dolaziti-na-stadione-zbog-var-a\/#primaryimage","url":"https:\/\/radioljubuski.ba\/wp-content\/uploads\/2021\/06\/2021-05-13t194519z-2064239536-up1eh5d1ivh89-rtrmadp-3-soccer-england-mun-liv-report-20210602092706.jpg","contentUrl":"https:\/\/radioljubuski.ba\/wp-content\/uploads\/2021\/06\/2021-05-13t194519z-2064239536-up1eh5d1ivh89-rtrmadp-3-soccer-england-mun-liv-report-20210602092706.jpg","width":688,"height":456},{"@type":"BreadcrumbList","@id":"https:\/\/radioljubuski.ba\/index.php\/2021\/06\/02\/vise-od-40-posto-navijaca-nece-dolaziti-na-stadione-zbog-var-a\/#breadcrumb","itemListElement":[{"@type":"ListItem","position":1,"name":"Po\u010detna stranica","item":"https:\/\/radioljubuski.ba\/"},{"@type":"ListItem","position":2,"name":"Vi\u0161e od 40 posto navija\u010da ne\u0107e dolaziti na stadione zbog VAR-a"}]},{"@type":"WebSite","@id":"https:\/\/radioljubuski.ba\/#website","url":"https:\/\/radioljubuski.ba\/","name":"Radio Ljubu\u0161ki","description":"Sun\u010dana frekvencija Hercegovine","publisher":{"@id":"https:\/\/radioljubuski.ba\/#organization"},"potentialAction":[{"@type":"SearchAction","target":{"@type":"EntryPoint","urlTemplate":"https:\/\/radioljubuski.ba\/?s={search_term_string}"},"query-input":{"@type":"PropertyValueSpecification","valueRequired":true,"valueName":"search_term_string"}}],"inLanguage":"hr"},{"@type":"Organization","@id":"https:\/\/radioljubuski.ba\/#organization","name":"Radio Ljubu\u0161ki","url":"https:\/\/radioljubuski.ba\/","logo":{"@type":"ImageObject","inLanguage":"hr","@id":"https:\/\/radioljubuski.ba\/#\/schema\/logo\/image\/","url":"https:\/\/radioljubuski.ba\/wp-content\/uploads\/2021\/02\/cropped-Radio_Ljubuski_logo1.jpg","contentUrl":"https:\/\/radioljubuski.ba\/wp-content\/uploads\/2021\/02\/cropped-Radio_Ljubuski_logo1.jpg","width":512,"height":512,"caption":"Radio Ljubu\u0161ki"},"image":{"@id":"https:\/\/radioljubuski.ba\/#\/schema\/logo\/image\/"},"sameAs":["https:\/\/www.facebook.com\/Radiio-Ljubuski-1490835324566332","https:\/\/x.com\/radioljubuski","https:\/\/hr.linkedin.com\/company\/radio-ljubuski","https:\/\/www.youtube.com\/channel\/UCHYaeO_n0Db3tjNGudGpXyw"]},{"@type":"Person","@id":"https:\/\/radioljubuski.ba\/#\/schema\/person\/19fc700381a780f69665d7956c469e3b","name":"Radio Ljubu\u0161ki"}]}},"_links":{"self":[{"href":"https:\/\/radioljubuski.ba\/index.php\/wp-json\/wp\/v2\/posts\/27693","targetHints":{"allow":["GET"]}}],"collection":[{"href":"https:\/\/radioljubuski.ba\/index.php\/wp-json\/wp\/v2\/posts"}],"about":[{"href":"https:\/\/radioljubuski.ba\/index.php\/wp-json\/wp\/v2\/types\/post"}],"author":[{"embeddable":true,"href":"https:\/\/radioljubuski.ba\/index.php\/wp-json\/wp\/v2\/users\/2"}],"replies":[{"embeddable":true,"href":"https:\/\/radioljubuski.ba\/index.php\/wp-json\/wp\/v2\/comments?post=27693"}],"version-history":[{"count":1,"href":"https:\/\/radioljubuski.ba\/index.php\/wp-json\/wp\/v2\/posts\/27693\/revisions"}],"predecessor-version":[{"id":27695,"href":"https:\/\/radioljubuski.ba\/index.php\/wp-json\/wp\/v2\/posts\/27693\/revisions\/27695"}],"wp:featuredmedia":[{"embeddable":true,"href":"https:\/\/radioljubuski.ba\/index.php\/wp-json\/wp\/v2\/media\/27694"}],"wp:attachment":[{"href":"https:\/\/radioljubuski.ba\/index.php\/wp-json\/wp\/v2\/media?parent=27693"}],"wp:term":[{"taxonomy":"category","embeddable":true,"href":"https:\/\/radioljubuski.ba\/index.php\/wp-json\/wp\/v2\/categories?post=27693"},{"taxonomy":"post_tag","embeddable":true,"href":"https:\/\/radioljubuski.ba\/index.php\/wp-json\/wp\/v2\/tags?post=27693"}],"curies":[{"name":"wp","href":"https:\/\/api.w.org\/{rel}","templated":true}]}}