{"id":27736,"date":"2021-06-02T17:16:11","date_gmt":"2021-06-02T16:16:11","guid":{"rendered":"https:\/\/radioljubuski.ba\/?p=27736"},"modified":"2021-06-02T17:16:12","modified_gmt":"2021-06-02T16:16:12","slug":"odbojkasice-ostaju-u-pragu","status":"publish","type":"post","link":"https:\/\/radioljubuski.ba\/index.php\/2021\/06\/02\/odbojkasice-ostaju-u-pragu\/","title":{"rendered":"Odbojka\u0161ice ostaju u Pragu"},"content":{"rendered":"\n<p><strong>Hrvatska odbojka\u0161ka reprezentacija ostaje u Pragu jer je turnir koji se trebao odigrati u bjeloruskom Minsku otkazan, pa je Prag doma\u0107in i drugog turnira iz kojeg ekipe nisu ni oti\u0161le.<\/strong><\/p>\n\n\n\n<p><br>Na prvom od dva turnira na\u0161e su reprezentativke zauzele drugu poziciju s 4 boda. Pora\u017eene su od Ma\u0111arske 2-3 i \u010ce\u0161ke 1-3, da bi na kraju, posljednjeg dana turnira, izabranice trenera Danielea Santarellija pobijedile Bjelorusiju s 3-0. Prva je \u010ce\u0161ka koja ima tri pobjede i 9 bodova, a iza nas su Bjelorusija s 3 i Ma\u0111arska s 2 boda, ali koje imaju isti skor kao i Hrvatska 1-2.<br><br>Kako na Final Four u bugarsko mjesto Ruse 19. i 20. lipnja idu prvoplasirane ekipe iz sve tri skupine te najbolja drugoplasirana ekipa, ako Bugarska nije prva u svojoj skupini (trenutno je, s skorom 3-0), \u0161anse za zavr\u0161ni turnir na\u0161im djevojkama jo\u0161 su itekako izgledne.<br><br>Organizatorica igre na\u0161e izabrane vrste 23-godi\u0161nja<strong>&nbsp;Klara Peri\u0107&nbsp;<\/strong>otkriva:<br>&#8211; U drugi turnir idemo potpuno bez kalkulacija, dobiti svaku od tri utakmice i kvalificirati se na Final Four. Mislimo da to mo\u017eemo jer smo sada na prvom turniru potpuno upoznale protivnice, ali i same sebe. Naime, dosta je promjena u reprezentaciji i nismo dugo bile zajedno. Vidna je neuigranost kod nas. Zato smo i lo\u0161e otvorile turnir protiv Ma\u0111arske, druga protiv \u010ce\u0161ke bila je ve\u0107 bolja, ali na\u017ealost nedovoljna za pobjedu. U tre\u0107oj je utakmici protiv Bjelorusije ipak sjelo sve na svoje mjesto. Jo\u0161 je puno prostora pred nama za napredak. Najva\u017enije je da smo iz susreta u susret igrale sve bolje!<br><br>&#8211; Na\u0161a reprezentacija trenira u Pragu te s nestrpljenjem o\u010dekuje po\u010detak turnira. Sve su to vrlo sli\u010dne ekipe i sa svima mo\u017eemo ravnopravno igrati kada smo prave. Bjelorusija igra \u010dvrsto, no mo\u017eda malo sporije od \u010ce\u0161ke i Ma\u0111arske koje igraju br\u017ee i atraktivnije. Najva\u017enije je kako \u0107emo se mi postaviti. Treniramo dobro, atmosfera je sjajna u ekipi i vidno rastemo u formi,&nbsp; govori 184 cm visoka Klara Peri\u0107, kojoj je odli\u010dna sezona u Mladosti otvorila vrata reprezentacije te dodaje: &#8211; Sezona je bila zaista odli\u010dna, osvojile smo Kup i Prvenstvo Hrvatske. Trener je s nama odli\u010dno radio \u0161to mi je pomoglo da do\u0111em u reprezentaciju dobro pripremljena.<br><br>Drugi turnir u Pragu igra se od 4. do 6. lipnja.<\/p>\n\n\n\n<p>Izvor:hrt.hr<\/p>\n","protected":false},"excerpt":{"rendered":"<p>Hrvatska odbojka\u0161ka reprezentacija ostaje u Pragu jer je turnir koji se trebao odigrati u bjeloruskom Minsku otkazan, pa je Prag doma\u0107in i drugog turnira iz kojeg ekipe nisu ni oti\u0161le. Na prvom od dva turnira na\u0161e su reprezentativke zauzele drugu poziciju s 4 boda. Pora\u017eene su od Ma\u0111arske 2-3 i \u010ce\u0161ke 1-3, da bi na [&hellip;]<\/p>\n","protected":false},"author":2,"featured_media":27737,"comment_status":"closed","ping_status":"closed","sticky":false,"template":"","format":"standard","meta":{"h5ap_radio_sources":[],"footnotes":""},"categories":[7],"tags":[],"class_list":["post-27736","post","type-post","status-publish","format-standard","has-post-thumbnail","hentry","category-sport"],"yoast_head":"<!-- This site is optimized with the Yoast SEO plugin v27.5 - https:\/\/yoast.com\/product\/yoast-seo-wordpress\/ -->\n<title>Odbojka\u0161ice ostaju u Pragu - RADIO LJUBU\u0160KI<\/title>\n<meta name=\"robots\" content=\"index, follow, max-snippet:-1, max-image-preview:large, max-video-preview:-1\" \/>\n<link rel=\"canonical\" href=\"https:\/\/radioljubuski.ba\/index.php\/2021\/06\/02\/odbojkasice-ostaju-u-pragu\/\" \/>\n<meta property=\"og:locale\" content=\"hr_HR\" \/>\n<meta property=\"og:type\" content=\"article\" \/>\n<meta property=\"og:title\" content=\"Odbojka\u0161ice ostaju u Pragu - RADIO LJUBU\u0160KI\" \/>\n<meta property=\"og:description\" content=\"Hrvatska odbojka\u0161ka reprezentacija ostaje u Pragu jer je turnir koji se trebao odigrati u bjeloruskom Minsku otkazan, pa je Prag doma\u0107in i drugog turnira iz kojeg ekipe nisu ni oti\u0161le. Na prvom od dva turnira na\u0161e su reprezentativke zauzele drugu poziciju s 4 boda. Pora\u017eene su od Ma\u0111arske 2-3 i \u010ce\u0161ke 1-3, da bi na [&hellip;]\" \/>\n<meta property=\"og:url\" content=\"https:\/\/radioljubuski.ba\/index.php\/2021\/06\/02\/odbojkasice-ostaju-u-pragu\/\" \/>\n<meta property=\"og:site_name\" content=\"RADIO LJUBU\u0160KI\" \/>\n<meta property=\"article:publisher\" content=\"https:\/\/www.facebook.com\/Radiio-Ljubuski-1490835324566332\" \/>\n<meta property=\"article:published_time\" content=\"2021-06-02T16:16:11+00:00\" \/>\n<meta property=\"article:modified_time\" content=\"2021-06-02T16:16:12+00:00\" \/>\n<meta property=\"og:image\" content=\"https:\/\/radioljubuski.ba\/wp-content\/uploads\/2021\/06\/262421.jpg\" \/>\n\t<meta property=\"og:image:width\" content=\"730\" \/>\n\t<meta property=\"og:image:height\" content=\"487\" \/>\n\t<meta property=\"og:image:type\" content=\"image\/jpeg\" \/>\n<meta name=\"author\" content=\"Radio Ljubu\u0161ki\" \/>\n<meta name=\"twitter:card\" content=\"summary_large_image\" \/>\n<meta name=\"twitter:creator\" content=\"@radioljubuski\" \/>\n<meta name=\"twitter:site\" content=\"@radioljubuski\" \/>\n<meta name=\"twitter:label1\" content=\"Napisao\/la\" \/>\n\t<meta name=\"twitter:data1\" content=\"Radio Ljubu\u0161ki\" \/>\n\t<meta name=\"twitter:label2\" content=\"Procijenjeno vrijeme \u010ditanja\" \/>\n\t<meta name=\"twitter:data2\" content=\"2 minute\" \/>\n<script type=\"application\/ld+json\" class=\"yoast-schema-graph\">{\"@context\":\"https:\\\/\\\/schema.org\",\"@graph\":[{\"@type\":\"Article\",\"@id\":\"https:\\\/\\\/radioljubuski.ba\\\/index.php\\\/2021\\\/06\\\/02\\\/odbojkasice-ostaju-u-pragu\\\/#article\",\"isPartOf\":{\"@id\":\"https:\\\/\\\/radioljubuski.ba\\\/index.php\\\/2021\\\/06\\\/02\\\/odbojkasice-ostaju-u-pragu\\\/\"},\"author\":{\"name\":\"Radio Ljubu\u0161ki\",\"@id\":\"https:\\\/\\\/radioljubuski.ba\\\/#\\\/schema\\\/person\\\/19fc700381a780f69665d7956c469e3b\"},\"headline\":\"Odbojka\u0161ice ostaju u Pragu\",\"datePublished\":\"2021-06-02T16:16:11+00:00\",\"dateModified\":\"2021-06-02T16:16:12+00:00\",\"mainEntityOfPage\":{\"@id\":\"https:\\\/\\\/radioljubuski.ba\\\/index.php\\\/2021\\\/06\\\/02\\\/odbojkasice-ostaju-u-pragu\\\/\"},\"wordCount\":409,\"publisher\":{\"@id\":\"https:\\\/\\\/radioljubuski.ba\\\/#organization\"},\"image\":{\"@id\":\"https:\\\/\\\/radioljubuski.ba\\\/index.php\\\/2021\\\/06\\\/02\\\/odbojkasice-ostaju-u-pragu\\\/#primaryimage\"},\"thumbnailUrl\":\"https:\\\/\\\/radioljubuski.ba\\\/wp-content\\\/uploads\\\/2021\\\/06\\\/262421.jpg\",\"articleSection\":[\"\u0160port\"],\"inLanguage\":\"hr\"},{\"@type\":\"WebPage\",\"@id\":\"https:\\\/\\\/radioljubuski.ba\\\/index.php\\\/2021\\\/06\\\/02\\\/odbojkasice-ostaju-u-pragu\\\/\",\"url\":\"https:\\\/\\\/radioljubuski.ba\\\/index.php\\\/2021\\\/06\\\/02\\\/odbojkasice-ostaju-u-pragu\\\/\",\"name\":\"Odbojka\u0161ice ostaju u Pragu - RADIO LJUBU\u0160KI\",\"isPartOf\":{\"@id\":\"https:\\\/\\\/radioljubuski.ba\\\/#website\"},\"primaryImageOfPage\":{\"@id\":\"https:\\\/\\\/radioljubuski.ba\\\/index.php\\\/2021\\\/06\\\/02\\\/odbojkasice-ostaju-u-pragu\\\/#primaryimage\"},\"image\":{\"@id\":\"https:\\\/\\\/radioljubuski.ba\\\/index.php\\\/2021\\\/06\\\/02\\\/odbojkasice-ostaju-u-pragu\\\/#primaryimage\"},\"thumbnailUrl\":\"https:\\\/\\\/radioljubuski.ba\\\/wp-content\\\/uploads\\\/2021\\\/06\\\/262421.jpg\",\"datePublished\":\"2021-06-02T16:16:11+00:00\",\"dateModified\":\"2021-06-02T16:16:12+00:00\",\"breadcrumb\":{\"@id\":\"https:\\\/\\\/radioljubuski.ba\\\/index.php\\\/2021\\\/06\\\/02\\\/odbojkasice-ostaju-u-pragu\\\/#breadcrumb\"},\"inLanguage\":\"hr\",\"potentialAction\":[{\"@type\":\"ReadAction\",\"target\":[\"https:\\\/\\\/radioljubuski.ba\\\/index.php\\\/2021\\\/06\\\/02\\\/odbojkasice-ostaju-u-pragu\\\/\"]}]},{\"@type\":\"ImageObject\",\"inLanguage\":\"hr\",\"@id\":\"https:\\\/\\\/radioljubuski.ba\\\/index.php\\\/2021\\\/06\\\/02\\\/odbojkasice-ostaju-u-pragu\\\/#primaryimage\",\"url\":\"https:\\\/\\\/radioljubuski.ba\\\/wp-content\\\/uploads\\\/2021\\\/06\\\/262421.jpg\",\"contentUrl\":\"https:\\\/\\\/radioljubuski.ba\\\/wp-content\\\/uploads\\\/2021\\\/06\\\/262421.jpg\",\"width\":730,\"height\":487},{\"@type\":\"BreadcrumbList\",\"@id\":\"https:\\\/\\\/radioljubuski.ba\\\/index.php\\\/2021\\\/06\\\/02\\\/odbojkasice-ostaju-u-pragu\\\/#breadcrumb\",\"itemListElement\":[{\"@type\":\"ListItem\",\"position\":1,\"name\":\"Po\u010detna stranica\",\"item\":\"https:\\\/\\\/radioljubuski.ba\\\/\"},{\"@type\":\"ListItem\",\"position\":2,\"name\":\"Odbojka\u0161ice ostaju u Pragu\"}]},{\"@type\":\"WebSite\",\"@id\":\"https:\\\/\\\/radioljubuski.ba\\\/#website\",\"url\":\"https:\\\/\\\/radioljubuski.ba\\\/\",\"name\":\"Radio Ljubu\u0161ki\",\"description\":\"Sun\u010dana frekvencija Hercegovine\",\"publisher\":{\"@id\":\"https:\\\/\\\/radioljubuski.ba\\\/#organization\"},\"potentialAction\":[{\"@type\":\"SearchAction\",\"target\":{\"@type\":\"EntryPoint\",\"urlTemplate\":\"https:\\\/\\\/radioljubuski.ba\\\/?s={search_term_string}\"},\"query-input\":{\"@type\":\"PropertyValueSpecification\",\"valueRequired\":true,\"valueName\":\"search_term_string\"}}],\"inLanguage\":\"hr\"},{\"@type\":\"Organization\",\"@id\":\"https:\\\/\\\/radioljubuski.ba\\\/#organization\",\"name\":\"Radio Ljubu\u0161ki\",\"url\":\"https:\\\/\\\/radioljubuski.ba\\\/\",\"logo\":{\"@type\":\"ImageObject\",\"inLanguage\":\"hr\",\"@id\":\"https:\\\/\\\/radioljubuski.ba\\\/#\\\/schema\\\/logo\\\/image\\\/\",\"url\":\"https:\\\/\\\/radioljubuski.ba\\\/wp-content\\\/uploads\\\/2021\\\/02\\\/cropped-Radio_Ljubuski_logo1.jpg\",\"contentUrl\":\"https:\\\/\\\/radioljubuski.ba\\\/wp-content\\\/uploads\\\/2021\\\/02\\\/cropped-Radio_Ljubuski_logo1.jpg\",\"width\":512,\"height\":512,\"caption\":\"Radio Ljubu\u0161ki\"},\"image\":{\"@id\":\"https:\\\/\\\/radioljubuski.ba\\\/#\\\/schema\\\/logo\\\/image\\\/\"},\"sameAs\":[\"https:\\\/\\\/www.facebook.com\\\/Radiio-Ljubuski-1490835324566332\",\"https:\\\/\\\/x.com\\\/radioljubuski\",\"https:\\\/\\\/hr.linkedin.com\\\/company\\\/radio-ljubuski\",\"https:\\\/\\\/www.youtube.com\\\/channel\\\/UCHYaeO_n0Db3tjNGudGpXyw\"]},{\"@type\":\"Person\",\"@id\":\"https:\\\/\\\/radioljubuski.ba\\\/#\\\/schema\\\/person\\\/19fc700381a780f69665d7956c469e3b\",\"name\":\"Radio Ljubu\u0161ki\"}]}<\/script>\n<!-- \/ Yoast SEO plugin. -->","yoast_head_json":{"title":"Odbojka\u0161ice ostaju u Pragu - RADIO LJUBU\u0160KI","robots":{"index":"index","follow":"follow","max-snippet":"max-snippet:-1","max-image-preview":"max-image-preview:large","max-video-preview":"max-video-preview:-1"},"canonical":"https:\/\/radioljubuski.ba\/index.php\/2021\/06\/02\/odbojkasice-ostaju-u-pragu\/","og_locale":"hr_HR","og_type":"article","og_title":"Odbojka\u0161ice ostaju u Pragu - RADIO LJUBU\u0160KI","og_description":"Hrvatska odbojka\u0161ka reprezentacija ostaje u Pragu jer je turnir koji se trebao odigrati u bjeloruskom Minsku otkazan, pa je Prag doma\u0107in i drugog turnira iz kojeg ekipe nisu ni oti\u0161le. Na prvom od dva turnira na\u0161e su reprezentativke zauzele drugu poziciju s 4 boda. Pora\u017eene su od Ma\u0111arske 2-3 i \u010ce\u0161ke 1-3, da bi na [&hellip;]","og_url":"https:\/\/radioljubuski.ba\/index.php\/2021\/06\/02\/odbojkasice-ostaju-u-pragu\/","og_site_name":"RADIO LJUBU\u0160KI","article_publisher":"https:\/\/www.facebook.com\/Radiio-Ljubuski-1490835324566332","article_published_time":"2021-06-02T16:16:11+00:00","article_modified_time":"2021-06-02T16:16:12+00:00","og_image":[{"width":730,"height":487,"url":"https:\/\/radioljubuski.ba\/wp-content\/uploads\/2021\/06\/262421.jpg","type":"image\/jpeg"}],"author":"Radio Ljubu\u0161ki","twitter_card":"summary_large_image","twitter_creator":"@radioljubuski","twitter_site":"@radioljubuski","twitter_misc":{"Napisao\/la":"Radio Ljubu\u0161ki","Procijenjeno vrijeme \u010ditanja":"2 minute"},"schema":{"@context":"https:\/\/schema.org","@graph":[{"@type":"Article","@id":"https:\/\/radioljubuski.ba\/index.php\/2021\/06\/02\/odbojkasice-ostaju-u-pragu\/#article","isPartOf":{"@id":"https:\/\/radioljubuski.ba\/index.php\/2021\/06\/02\/odbojkasice-ostaju-u-pragu\/"},"author":{"name":"Radio Ljubu\u0161ki","@id":"https:\/\/radioljubuski.ba\/#\/schema\/person\/19fc700381a780f69665d7956c469e3b"},"headline":"Odbojka\u0161ice ostaju u Pragu","datePublished":"2021-06-02T16:16:11+00:00","dateModified":"2021-06-02T16:16:12+00:00","mainEntityOfPage":{"@id":"https:\/\/radioljubuski.ba\/index.php\/2021\/06\/02\/odbojkasice-ostaju-u-pragu\/"},"wordCount":409,"publisher":{"@id":"https:\/\/radioljubuski.ba\/#organization"},"image":{"@id":"https:\/\/radioljubuski.ba\/index.php\/2021\/06\/02\/odbojkasice-ostaju-u-pragu\/#primaryimage"},"thumbnailUrl":"https:\/\/radioljubuski.ba\/wp-content\/uploads\/2021\/06\/262421.jpg","articleSection":["\u0160port"],"inLanguage":"hr"},{"@type":"WebPage","@id":"https:\/\/radioljubuski.ba\/index.php\/2021\/06\/02\/odbojkasice-ostaju-u-pragu\/","url":"https:\/\/radioljubuski.ba\/index.php\/2021\/06\/02\/odbojkasice-ostaju-u-pragu\/","name":"Odbojka\u0161ice ostaju u Pragu - RADIO LJUBU\u0160KI","isPartOf":{"@id":"https:\/\/radioljubuski.ba\/#website"},"primaryImageOfPage":{"@id":"https:\/\/radioljubuski.ba\/index.php\/2021\/06\/02\/odbojkasice-ostaju-u-pragu\/#primaryimage"},"image":{"@id":"https:\/\/radioljubuski.ba\/index.php\/2021\/06\/02\/odbojkasice-ostaju-u-pragu\/#primaryimage"},"thumbnailUrl":"https:\/\/radioljubuski.ba\/wp-content\/uploads\/2021\/06\/262421.jpg","datePublished":"2021-06-02T16:16:11+00:00","dateModified":"2021-06-02T16:16:12+00:00","breadcrumb":{"@id":"https:\/\/radioljubuski.ba\/index.php\/2021\/06\/02\/odbojkasice-ostaju-u-pragu\/#breadcrumb"},"inLanguage":"hr","potentialAction":[{"@type":"ReadAction","target":["https:\/\/radioljubuski.ba\/index.php\/2021\/06\/02\/odbojkasice-ostaju-u-pragu\/"]}]},{"@type":"ImageObject","inLanguage":"hr","@id":"https:\/\/radioljubuski.ba\/index.php\/2021\/06\/02\/odbojkasice-ostaju-u-pragu\/#primaryimage","url":"https:\/\/radioljubuski.ba\/wp-content\/uploads\/2021\/06\/262421.jpg","contentUrl":"https:\/\/radioljubuski.ba\/wp-content\/uploads\/2021\/06\/262421.jpg","width":730,"height":487},{"@type":"BreadcrumbList","@id":"https:\/\/radioljubuski.ba\/index.php\/2021\/06\/02\/odbojkasice-ostaju-u-pragu\/#breadcrumb","itemListElement":[{"@type":"ListItem","position":1,"name":"Po\u010detna stranica","item":"https:\/\/radioljubuski.ba\/"},{"@type":"ListItem","position":2,"name":"Odbojka\u0161ice ostaju u Pragu"}]},{"@type":"WebSite","@id":"https:\/\/radioljubuski.ba\/#website","url":"https:\/\/radioljubuski.ba\/","name":"Radio Ljubu\u0161ki","description":"Sun\u010dana frekvencija Hercegovine","publisher":{"@id":"https:\/\/radioljubuski.ba\/#organization"},"potentialAction":[{"@type":"SearchAction","target":{"@type":"EntryPoint","urlTemplate":"https:\/\/radioljubuski.ba\/?s={search_term_string}"},"query-input":{"@type":"PropertyValueSpecification","valueRequired":true,"valueName":"search_term_string"}}],"inLanguage":"hr"},{"@type":"Organization","@id":"https:\/\/radioljubuski.ba\/#organization","name":"Radio Ljubu\u0161ki","url":"https:\/\/radioljubuski.ba\/","logo":{"@type":"ImageObject","inLanguage":"hr","@id":"https:\/\/radioljubuski.ba\/#\/schema\/logo\/image\/","url":"https:\/\/radioljubuski.ba\/wp-content\/uploads\/2021\/02\/cropped-Radio_Ljubuski_logo1.jpg","contentUrl":"https:\/\/radioljubuski.ba\/wp-content\/uploads\/2021\/02\/cropped-Radio_Ljubuski_logo1.jpg","width":512,"height":512,"caption":"Radio Ljubu\u0161ki"},"image":{"@id":"https:\/\/radioljubuski.ba\/#\/schema\/logo\/image\/"},"sameAs":["https:\/\/www.facebook.com\/Radiio-Ljubuski-1490835324566332","https:\/\/x.com\/radioljubuski","https:\/\/hr.linkedin.com\/company\/radio-ljubuski","https:\/\/www.youtube.com\/channel\/UCHYaeO_n0Db3tjNGudGpXyw"]},{"@type":"Person","@id":"https:\/\/radioljubuski.ba\/#\/schema\/person\/19fc700381a780f69665d7956c469e3b","name":"Radio Ljubu\u0161ki"}]}},"_links":{"self":[{"href":"https:\/\/radioljubuski.ba\/index.php\/wp-json\/wp\/v2\/posts\/27736","targetHints":{"allow":["GET"]}}],"collection":[{"href":"https:\/\/radioljubuski.ba\/index.php\/wp-json\/wp\/v2\/posts"}],"about":[{"href":"https:\/\/radioljubuski.ba\/index.php\/wp-json\/wp\/v2\/types\/post"}],"author":[{"embeddable":true,"href":"https:\/\/radioljubuski.ba\/index.php\/wp-json\/wp\/v2\/users\/2"}],"replies":[{"embeddable":true,"href":"https:\/\/radioljubuski.ba\/index.php\/wp-json\/wp\/v2\/comments?post=27736"}],"version-history":[{"count":1,"href":"https:\/\/radioljubuski.ba\/index.php\/wp-json\/wp\/v2\/posts\/27736\/revisions"}],"predecessor-version":[{"id":27738,"href":"https:\/\/radioljubuski.ba\/index.php\/wp-json\/wp\/v2\/posts\/27736\/revisions\/27738"}],"wp:featuredmedia":[{"embeddable":true,"href":"https:\/\/radioljubuski.ba\/index.php\/wp-json\/wp\/v2\/media\/27737"}],"wp:attachment":[{"href":"https:\/\/radioljubuski.ba\/index.php\/wp-json\/wp\/v2\/media?parent=27736"}],"wp:term":[{"taxonomy":"category","embeddable":true,"href":"https:\/\/radioljubuski.ba\/index.php\/wp-json\/wp\/v2\/categories?post=27736"},{"taxonomy":"post_tag","embeddable":true,"href":"https:\/\/radioljubuski.ba\/index.php\/wp-json\/wp\/v2\/tags?post=27736"}],"curies":[{"name":"wp","href":"https:\/\/api.w.org\/{rel}","templated":true}]}}