{"id":27763,"date":"2021-06-02T20:46:33","date_gmt":"2021-06-02T19:46:33","guid":{"rendered":"https:\/\/radioljubuski.ba\/?p=27763"},"modified":"2021-06-02T20:46:34","modified_gmt":"2021-06-02T19:46:34","slug":"sog-fbih-ce-predstaviti-analizu-utjecaja-pandemije-koronavirusa-na-jedinice-lokalne-samouprave-u-fbih","status":"publish","type":"post","link":"https:\/\/radioljubuski.ba\/index.php\/2021\/06\/02\/sog-fbih-ce-predstaviti-analizu-utjecaja-pandemije-koronavirusa-na-jedinice-lokalne-samouprave-u-fbih\/","title":{"rendered":"SOG FBiH \u0107e predstaviti Analizu utjecaja pandemije koronavirusa na jedinice lokalne samouprave u FBiH"},"content":{"rendered":"\n<p><strong>Savez op\u0107ina i gradova FBiH organizira prezentaciju Analize utjecaja pandemije koronavirusa na jedinice lokalne samouprave u Federaciji BiH u ponedjeljak 7. lipnja 2021. godine u Hotelu \u201eEurope \u201c, Sarajevo., prenosi Hrvatski Medijski Servis.<\/strong><\/p>\n\n\n\n<p>Analiza utjecaja pandemije koronavirusa na financijsku poziciju jedinica lokalne samouprave u FBiH, \u010diji je autor Gregor Juri\u0161i\u0107,mr.oec.,vi\u0161i suradnik za financijska pitanja Saveza op\u0107ina i gradova Federacije BiH, jasno, ekspeditivno i temeljito identificira, procjenjuje, elaborira i predstavlja intenzitet utjecaja krize uzrokovane pandemijom koronavirusa na prihode i potro\u0161nju jedinica lokalne samouprave u FBiH.<\/p>\n\n\n\n<p>U priop\u0107enju je istaknuto da je posebno analiziran utjecaj na pojedina\u010dne komponente lokalnih prihoda, koje su najizlo\u017eenije ekonomskim fluktuacijama uslijed restriktivnih obustava ekonomskih aktivnosti, te na segmente lokalne potro\u0161nje, koji su najpovezaniji sa zdravstvenim, socijalnim i ekonomskim posljedicama pandemije koronavirusa.<\/p>\n\n\n\n<p>-Tako\u0111er, u Analizi su analizirane i predstavljene i aktivnosti, mjere i prakse op\u0107ina i gradova, koje su lokalne vlasti poduzimale s ciljem ubla\u017eavanja zdravstvenih, socijalnih i ekonomskih posljedica pandemijskih mjera, posebno u smislu olak\u0161avanja financijskih pote\u0161ko\u0107a restrikcijama pogo\u0111enim radnicima i poslovnim subjektima. Izrada Analize podr\u017eana je putem projekta Ja\u010danje kapaciteta saveza op\u0107ina i gradova u BiH, koji financiraju vlade Kraljevine \u0160vedske i \u0160vicarske, priop\u0107eno je.<\/p>\n\n\n\n<p>SOG FBiH napominje da su izjave za medije predvi\u0111ene oko 13 sati.<\/p>\n\n\n\n<p>\/HMS\/<\/p>\n","protected":false},"excerpt":{"rendered":"<p>Savez op\u0107ina i gradova FBiH organizira prezentaciju Analize utjecaja pandemije koronavirusa na jedinice lokalne samouprave u Federaciji BiH u ponedjeljak 7. lipnja 2021. godine u Hotelu \u201eEurope \u201c, Sarajevo., prenosi Hrvatski Medijski Servis. Analiza utjecaja pandemije koronavirusa na financijsku poziciju jedinica lokalne samouprave u FBiH, \u010diji je autor Gregor Juri\u0161i\u0107,mr.oec.,vi\u0161i suradnik za financijska pitanja Saveza [&hellip;]<\/p>\n","protected":false},"author":2,"featured_media":27764,"comment_status":"closed","ping_status":"closed","sticky":false,"template":"","format":"standard","meta":{"h5ap_radio_sources":[],"footnotes":""},"categories":[1],"tags":[],"class_list":["post-27763","post","type-post","status-publish","format-standard","has-post-thumbnail","hentry","category-bihiregija"],"yoast_head":"<!-- This site is optimized with the Yoast SEO plugin v27.5 - https:\/\/yoast.com\/product\/yoast-seo-wordpress\/ -->\n<title>SOG FBiH \u0107e predstaviti Analizu utjecaja pandemije koronavirusa na jedinice lokalne samouprave u FBiH - RADIO LJUBU\u0160KI<\/title>\n<meta name=\"robots\" content=\"index, follow, max-snippet:-1, max-image-preview:large, max-video-preview:-1\" \/>\n<link rel=\"canonical\" href=\"https:\/\/radioljubuski.ba\/index.php\/2021\/06\/02\/sog-fbih-ce-predstaviti-analizu-utjecaja-pandemije-koronavirusa-na-jedinice-lokalne-samouprave-u-fbih\/\" \/>\n<meta property=\"og:locale\" content=\"hr_HR\" \/>\n<meta property=\"og:type\" content=\"article\" \/>\n<meta property=\"og:title\" content=\"SOG FBiH \u0107e predstaviti Analizu utjecaja pandemije koronavirusa na jedinice lokalne samouprave u FBiH - RADIO LJUBU\u0160KI\" \/>\n<meta property=\"og:description\" content=\"Savez op\u0107ina i gradova FBiH organizira prezentaciju Analize utjecaja pandemije koronavirusa na jedinice lokalne samouprave u Federaciji BiH u ponedjeljak 7. lipnja 2021. godine u Hotelu \u201eEurope \u201c, Sarajevo., prenosi Hrvatski Medijski Servis. Analiza utjecaja pandemije koronavirusa na financijsku poziciju jedinica lokalne samouprave u FBiH, \u010diji je autor Gregor Juri\u0161i\u0107,mr.oec.,vi\u0161i suradnik za financijska pitanja Saveza [&hellip;]\" \/>\n<meta property=\"og:url\" content=\"https:\/\/radioljubuski.ba\/index.php\/2021\/06\/02\/sog-fbih-ce-predstaviti-analizu-utjecaja-pandemije-koronavirusa-na-jedinice-lokalne-samouprave-u-fbih\/\" \/>\n<meta property=\"og:site_name\" content=\"RADIO LJUBU\u0160KI\" \/>\n<meta property=\"article:publisher\" content=\"https:\/\/www.facebook.com\/Radiio-Ljubuski-1490835324566332\" \/>\n<meta property=\"article:published_time\" content=\"2021-06-02T19:46:33+00:00\" \/>\n<meta property=\"article:modified_time\" content=\"2021-06-02T19:46:34+00:00\" \/>\n<meta property=\"og:image\" content=\"https:\/\/radioljubuski.ba\/wp-content\/uploads\/2021\/06\/sog-fbih-sjednica2-1068x526-1.jpg\" \/>\n\t<meta property=\"og:image:width\" content=\"1068\" \/>\n\t<meta property=\"og:image:height\" content=\"526\" \/>\n\t<meta property=\"og:image:type\" content=\"image\/jpeg\" \/>\n<meta name=\"author\" content=\"Radio Ljubu\u0161ki\" \/>\n<meta name=\"twitter:card\" content=\"summary_large_image\" \/>\n<meta name=\"twitter:creator\" content=\"@radioljubuski\" \/>\n<meta name=\"twitter:site\" content=\"@radioljubuski\" \/>\n<meta name=\"twitter:label1\" content=\"Napisao\/la\" \/>\n\t<meta name=\"twitter:data1\" content=\"Radio Ljubu\u0161ki\" \/>\n\t<meta name=\"twitter:label2\" content=\"Procijenjeno vrijeme \u010ditanja\" \/>\n\t<meta name=\"twitter:data2\" content=\"1 minuta\" \/>\n<script type=\"application\/ld+json\" class=\"yoast-schema-graph\">{\"@context\":\"https:\\\/\\\/schema.org\",\"@graph\":[{\"@type\":\"Article\",\"@id\":\"https:\\\/\\\/radioljubuski.ba\\\/index.php\\\/2021\\\/06\\\/02\\\/sog-fbih-ce-predstaviti-analizu-utjecaja-pandemije-koronavirusa-na-jedinice-lokalne-samouprave-u-fbih\\\/#article\",\"isPartOf\":{\"@id\":\"https:\\\/\\\/radioljubuski.ba\\\/index.php\\\/2021\\\/06\\\/02\\\/sog-fbih-ce-predstaviti-analizu-utjecaja-pandemije-koronavirusa-na-jedinice-lokalne-samouprave-u-fbih\\\/\"},\"author\":{\"name\":\"Radio Ljubu\u0161ki\",\"@id\":\"https:\\\/\\\/radioljubuski.ba\\\/#\\\/schema\\\/person\\\/19fc700381a780f69665d7956c469e3b\"},\"headline\":\"SOG FBiH \u0107e predstaviti Analizu utjecaja pandemije koronavirusa na jedinice lokalne samouprave u FBiH\",\"datePublished\":\"2021-06-02T19:46:33+00:00\",\"dateModified\":\"2021-06-02T19:46:34+00:00\",\"mainEntityOfPage\":{\"@id\":\"https:\\\/\\\/radioljubuski.ba\\\/index.php\\\/2021\\\/06\\\/02\\\/sog-fbih-ce-predstaviti-analizu-utjecaja-pandemije-koronavirusa-na-jedinice-lokalne-samouprave-u-fbih\\\/\"},\"wordCount\":236,\"publisher\":{\"@id\":\"https:\\\/\\\/radioljubuski.ba\\\/#organization\"},\"image\":{\"@id\":\"https:\\\/\\\/radioljubuski.ba\\\/index.php\\\/2021\\\/06\\\/02\\\/sog-fbih-ce-predstaviti-analizu-utjecaja-pandemije-koronavirusa-na-jedinice-lokalne-samouprave-u-fbih\\\/#primaryimage\"},\"thumbnailUrl\":\"https:\\\/\\\/radioljubuski.ba\\\/wp-content\\\/uploads\\\/2021\\\/06\\\/sog-fbih-sjednica2-1068x526-1.jpg\",\"articleSection\":[\"BIH i regija\"],\"inLanguage\":\"hr\"},{\"@type\":\"WebPage\",\"@id\":\"https:\\\/\\\/radioljubuski.ba\\\/index.php\\\/2021\\\/06\\\/02\\\/sog-fbih-ce-predstaviti-analizu-utjecaja-pandemije-koronavirusa-na-jedinice-lokalne-samouprave-u-fbih\\\/\",\"url\":\"https:\\\/\\\/radioljubuski.ba\\\/index.php\\\/2021\\\/06\\\/02\\\/sog-fbih-ce-predstaviti-analizu-utjecaja-pandemije-koronavirusa-na-jedinice-lokalne-samouprave-u-fbih\\\/\",\"name\":\"SOG FBiH \u0107e predstaviti Analizu utjecaja pandemije koronavirusa na jedinice lokalne samouprave u FBiH - RADIO LJUBU\u0160KI\",\"isPartOf\":{\"@id\":\"https:\\\/\\\/radioljubuski.ba\\\/#website\"},\"primaryImageOfPage\":{\"@id\":\"https:\\\/\\\/radioljubuski.ba\\\/index.php\\\/2021\\\/06\\\/02\\\/sog-fbih-ce-predstaviti-analizu-utjecaja-pandemije-koronavirusa-na-jedinice-lokalne-samouprave-u-fbih\\\/#primaryimage\"},\"image\":{\"@id\":\"https:\\\/\\\/radioljubuski.ba\\\/index.php\\\/2021\\\/06\\\/02\\\/sog-fbih-ce-predstaviti-analizu-utjecaja-pandemije-koronavirusa-na-jedinice-lokalne-samouprave-u-fbih\\\/#primaryimage\"},\"thumbnailUrl\":\"https:\\\/\\\/radioljubuski.ba\\\/wp-content\\\/uploads\\\/2021\\\/06\\\/sog-fbih-sjednica2-1068x526-1.jpg\",\"datePublished\":\"2021-06-02T19:46:33+00:00\",\"dateModified\":\"2021-06-02T19:46:34+00:00\",\"breadcrumb\":{\"@id\":\"https:\\\/\\\/radioljubuski.ba\\\/index.php\\\/2021\\\/06\\\/02\\\/sog-fbih-ce-predstaviti-analizu-utjecaja-pandemije-koronavirusa-na-jedinice-lokalne-samouprave-u-fbih\\\/#breadcrumb\"},\"inLanguage\":\"hr\",\"potentialAction\":[{\"@type\":\"ReadAction\",\"target\":[\"https:\\\/\\\/radioljubuski.ba\\\/index.php\\\/2021\\\/06\\\/02\\\/sog-fbih-ce-predstaviti-analizu-utjecaja-pandemije-koronavirusa-na-jedinice-lokalne-samouprave-u-fbih\\\/\"]}]},{\"@type\":\"ImageObject\",\"inLanguage\":\"hr\",\"@id\":\"https:\\\/\\\/radioljubuski.ba\\\/index.php\\\/2021\\\/06\\\/02\\\/sog-fbih-ce-predstaviti-analizu-utjecaja-pandemije-koronavirusa-na-jedinice-lokalne-samouprave-u-fbih\\\/#primaryimage\",\"url\":\"https:\\\/\\\/radioljubuski.ba\\\/wp-content\\\/uploads\\\/2021\\\/06\\\/sog-fbih-sjednica2-1068x526-1.jpg\",\"contentUrl\":\"https:\\\/\\\/radioljubuski.ba\\\/wp-content\\\/uploads\\\/2021\\\/06\\\/sog-fbih-sjednica2-1068x526-1.jpg\",\"width\":1068,\"height\":526},{\"@type\":\"BreadcrumbList\",\"@id\":\"https:\\\/\\\/radioljubuski.ba\\\/index.php\\\/2021\\\/06\\\/02\\\/sog-fbih-ce-predstaviti-analizu-utjecaja-pandemije-koronavirusa-na-jedinice-lokalne-samouprave-u-fbih\\\/#breadcrumb\",\"itemListElement\":[{\"@type\":\"ListItem\",\"position\":1,\"name\":\"Po\u010detna stranica\",\"item\":\"https:\\\/\\\/radioljubuski.ba\\\/\"},{\"@type\":\"ListItem\",\"position\":2,\"name\":\"SOG FBiH \u0107e predstaviti Analizu utjecaja pandemije koronavirusa na jedinice lokalne samouprave u FBiH\"}]},{\"@type\":\"WebSite\",\"@id\":\"https:\\\/\\\/radioljubuski.ba\\\/#website\",\"url\":\"https:\\\/\\\/radioljubuski.ba\\\/\",\"name\":\"Radio Ljubu\u0161ki\",\"description\":\"Sun\u010dana frekvencija Hercegovine\",\"publisher\":{\"@id\":\"https:\\\/\\\/radioljubuski.ba\\\/#organization\"},\"potentialAction\":[{\"@type\":\"SearchAction\",\"target\":{\"@type\":\"EntryPoint\",\"urlTemplate\":\"https:\\\/\\\/radioljubuski.ba\\\/?s={search_term_string}\"},\"query-input\":{\"@type\":\"PropertyValueSpecification\",\"valueRequired\":true,\"valueName\":\"search_term_string\"}}],\"inLanguage\":\"hr\"},{\"@type\":\"Organization\",\"@id\":\"https:\\\/\\\/radioljubuski.ba\\\/#organization\",\"name\":\"Radio Ljubu\u0161ki\",\"url\":\"https:\\\/\\\/radioljubuski.ba\\\/\",\"logo\":{\"@type\":\"ImageObject\",\"inLanguage\":\"hr\",\"@id\":\"https:\\\/\\\/radioljubuski.ba\\\/#\\\/schema\\\/logo\\\/image\\\/\",\"url\":\"https:\\\/\\\/radioljubuski.ba\\\/wp-content\\\/uploads\\\/2021\\\/02\\\/cropped-Radio_Ljubuski_logo1.jpg\",\"contentUrl\":\"https:\\\/\\\/radioljubuski.ba\\\/wp-content\\\/uploads\\\/2021\\\/02\\\/cropped-Radio_Ljubuski_logo1.jpg\",\"width\":512,\"height\":512,\"caption\":\"Radio Ljubu\u0161ki\"},\"image\":{\"@id\":\"https:\\\/\\\/radioljubuski.ba\\\/#\\\/schema\\\/logo\\\/image\\\/\"},\"sameAs\":[\"https:\\\/\\\/www.facebook.com\\\/Radiio-Ljubuski-1490835324566332\",\"https:\\\/\\\/x.com\\\/radioljubuski\",\"https:\\\/\\\/hr.linkedin.com\\\/company\\\/radio-ljubuski\",\"https:\\\/\\\/www.youtube.com\\\/channel\\\/UCHYaeO_n0Db3tjNGudGpXyw\"]},{\"@type\":\"Person\",\"@id\":\"https:\\\/\\\/radioljubuski.ba\\\/#\\\/schema\\\/person\\\/19fc700381a780f69665d7956c469e3b\",\"name\":\"Radio Ljubu\u0161ki\"}]}<\/script>\n<!-- \/ Yoast SEO plugin. -->","yoast_head_json":{"title":"SOG FBiH \u0107e predstaviti Analizu utjecaja pandemije koronavirusa na jedinice lokalne samouprave u FBiH - RADIO LJUBU\u0160KI","robots":{"index":"index","follow":"follow","max-snippet":"max-snippet:-1","max-image-preview":"max-image-preview:large","max-video-preview":"max-video-preview:-1"},"canonical":"https:\/\/radioljubuski.ba\/index.php\/2021\/06\/02\/sog-fbih-ce-predstaviti-analizu-utjecaja-pandemije-koronavirusa-na-jedinice-lokalne-samouprave-u-fbih\/","og_locale":"hr_HR","og_type":"article","og_title":"SOG FBiH \u0107e predstaviti Analizu utjecaja pandemije koronavirusa na jedinice lokalne samouprave u FBiH - RADIO LJUBU\u0160KI","og_description":"Savez op\u0107ina i gradova FBiH organizira prezentaciju Analize utjecaja pandemije koronavirusa na jedinice lokalne samouprave u Federaciji BiH u ponedjeljak 7. lipnja 2021. godine u Hotelu \u201eEurope \u201c, Sarajevo., prenosi Hrvatski Medijski Servis. Analiza utjecaja pandemije koronavirusa na financijsku poziciju jedinica lokalne samouprave u FBiH, \u010diji je autor Gregor Juri\u0161i\u0107,mr.oec.,vi\u0161i suradnik za financijska pitanja Saveza [&hellip;]","og_url":"https:\/\/radioljubuski.ba\/index.php\/2021\/06\/02\/sog-fbih-ce-predstaviti-analizu-utjecaja-pandemije-koronavirusa-na-jedinice-lokalne-samouprave-u-fbih\/","og_site_name":"RADIO LJUBU\u0160KI","article_publisher":"https:\/\/www.facebook.com\/Radiio-Ljubuski-1490835324566332","article_published_time":"2021-06-02T19:46:33+00:00","article_modified_time":"2021-06-02T19:46:34+00:00","og_image":[{"width":1068,"height":526,"url":"https:\/\/radioljubuski.ba\/wp-content\/uploads\/2021\/06\/sog-fbih-sjednica2-1068x526-1.jpg","type":"image\/jpeg"}],"author":"Radio Ljubu\u0161ki","twitter_card":"summary_large_image","twitter_creator":"@radioljubuski","twitter_site":"@radioljubuski","twitter_misc":{"Napisao\/la":"Radio Ljubu\u0161ki","Procijenjeno vrijeme \u010ditanja":"1 minuta"},"schema":{"@context":"https:\/\/schema.org","@graph":[{"@type":"Article","@id":"https:\/\/radioljubuski.ba\/index.php\/2021\/06\/02\/sog-fbih-ce-predstaviti-analizu-utjecaja-pandemije-koronavirusa-na-jedinice-lokalne-samouprave-u-fbih\/#article","isPartOf":{"@id":"https:\/\/radioljubuski.ba\/index.php\/2021\/06\/02\/sog-fbih-ce-predstaviti-analizu-utjecaja-pandemije-koronavirusa-na-jedinice-lokalne-samouprave-u-fbih\/"},"author":{"name":"Radio Ljubu\u0161ki","@id":"https:\/\/radioljubuski.ba\/#\/schema\/person\/19fc700381a780f69665d7956c469e3b"},"headline":"SOG FBiH \u0107e predstaviti Analizu utjecaja pandemije koronavirusa na jedinice lokalne samouprave u FBiH","datePublished":"2021-06-02T19:46:33+00:00","dateModified":"2021-06-02T19:46:34+00:00","mainEntityOfPage":{"@id":"https:\/\/radioljubuski.ba\/index.php\/2021\/06\/02\/sog-fbih-ce-predstaviti-analizu-utjecaja-pandemije-koronavirusa-na-jedinice-lokalne-samouprave-u-fbih\/"},"wordCount":236,"publisher":{"@id":"https:\/\/radioljubuski.ba\/#organization"},"image":{"@id":"https:\/\/radioljubuski.ba\/index.php\/2021\/06\/02\/sog-fbih-ce-predstaviti-analizu-utjecaja-pandemije-koronavirusa-na-jedinice-lokalne-samouprave-u-fbih\/#primaryimage"},"thumbnailUrl":"https:\/\/radioljubuski.ba\/wp-content\/uploads\/2021\/06\/sog-fbih-sjednica2-1068x526-1.jpg","articleSection":["BIH i regija"],"inLanguage":"hr"},{"@type":"WebPage","@id":"https:\/\/radioljubuski.ba\/index.php\/2021\/06\/02\/sog-fbih-ce-predstaviti-analizu-utjecaja-pandemije-koronavirusa-na-jedinice-lokalne-samouprave-u-fbih\/","url":"https:\/\/radioljubuski.ba\/index.php\/2021\/06\/02\/sog-fbih-ce-predstaviti-analizu-utjecaja-pandemije-koronavirusa-na-jedinice-lokalne-samouprave-u-fbih\/","name":"SOG FBiH \u0107e predstaviti Analizu utjecaja pandemije koronavirusa na jedinice lokalne samouprave u FBiH - RADIO LJUBU\u0160KI","isPartOf":{"@id":"https:\/\/radioljubuski.ba\/#website"},"primaryImageOfPage":{"@id":"https:\/\/radioljubuski.ba\/index.php\/2021\/06\/02\/sog-fbih-ce-predstaviti-analizu-utjecaja-pandemije-koronavirusa-na-jedinice-lokalne-samouprave-u-fbih\/#primaryimage"},"image":{"@id":"https:\/\/radioljubuski.ba\/index.php\/2021\/06\/02\/sog-fbih-ce-predstaviti-analizu-utjecaja-pandemije-koronavirusa-na-jedinice-lokalne-samouprave-u-fbih\/#primaryimage"},"thumbnailUrl":"https:\/\/radioljubuski.ba\/wp-content\/uploads\/2021\/06\/sog-fbih-sjednica2-1068x526-1.jpg","datePublished":"2021-06-02T19:46:33+00:00","dateModified":"2021-06-02T19:46:34+00:00","breadcrumb":{"@id":"https:\/\/radioljubuski.ba\/index.php\/2021\/06\/02\/sog-fbih-ce-predstaviti-analizu-utjecaja-pandemije-koronavirusa-na-jedinice-lokalne-samouprave-u-fbih\/#breadcrumb"},"inLanguage":"hr","potentialAction":[{"@type":"ReadAction","target":["https:\/\/radioljubuski.ba\/index.php\/2021\/06\/02\/sog-fbih-ce-predstaviti-analizu-utjecaja-pandemije-koronavirusa-na-jedinice-lokalne-samouprave-u-fbih\/"]}]},{"@type":"ImageObject","inLanguage":"hr","@id":"https:\/\/radioljubuski.ba\/index.php\/2021\/06\/02\/sog-fbih-ce-predstaviti-analizu-utjecaja-pandemije-koronavirusa-na-jedinice-lokalne-samouprave-u-fbih\/#primaryimage","url":"https:\/\/radioljubuski.ba\/wp-content\/uploads\/2021\/06\/sog-fbih-sjednica2-1068x526-1.jpg","contentUrl":"https:\/\/radioljubuski.ba\/wp-content\/uploads\/2021\/06\/sog-fbih-sjednica2-1068x526-1.jpg","width":1068,"height":526},{"@type":"BreadcrumbList","@id":"https:\/\/radioljubuski.ba\/index.php\/2021\/06\/02\/sog-fbih-ce-predstaviti-analizu-utjecaja-pandemije-koronavirusa-na-jedinice-lokalne-samouprave-u-fbih\/#breadcrumb","itemListElement":[{"@type":"ListItem","position":1,"name":"Po\u010detna stranica","item":"https:\/\/radioljubuski.ba\/"},{"@type":"ListItem","position":2,"name":"SOG FBiH \u0107e predstaviti Analizu utjecaja pandemije koronavirusa na jedinice lokalne samouprave u FBiH"}]},{"@type":"WebSite","@id":"https:\/\/radioljubuski.ba\/#website","url":"https:\/\/radioljubuski.ba\/","name":"Radio Ljubu\u0161ki","description":"Sun\u010dana frekvencija Hercegovine","publisher":{"@id":"https:\/\/radioljubuski.ba\/#organization"},"potentialAction":[{"@type":"SearchAction","target":{"@type":"EntryPoint","urlTemplate":"https:\/\/radioljubuski.ba\/?s={search_term_string}"},"query-input":{"@type":"PropertyValueSpecification","valueRequired":true,"valueName":"search_term_string"}}],"inLanguage":"hr"},{"@type":"Organization","@id":"https:\/\/radioljubuski.ba\/#organization","name":"Radio Ljubu\u0161ki","url":"https:\/\/radioljubuski.ba\/","logo":{"@type":"ImageObject","inLanguage":"hr","@id":"https:\/\/radioljubuski.ba\/#\/schema\/logo\/image\/","url":"https:\/\/radioljubuski.ba\/wp-content\/uploads\/2021\/02\/cropped-Radio_Ljubuski_logo1.jpg","contentUrl":"https:\/\/radioljubuski.ba\/wp-content\/uploads\/2021\/02\/cropped-Radio_Ljubuski_logo1.jpg","width":512,"height":512,"caption":"Radio Ljubu\u0161ki"},"image":{"@id":"https:\/\/radioljubuski.ba\/#\/schema\/logo\/image\/"},"sameAs":["https:\/\/www.facebook.com\/Radiio-Ljubuski-1490835324566332","https:\/\/x.com\/radioljubuski","https:\/\/hr.linkedin.com\/company\/radio-ljubuski","https:\/\/www.youtube.com\/channel\/UCHYaeO_n0Db3tjNGudGpXyw"]},{"@type":"Person","@id":"https:\/\/radioljubuski.ba\/#\/schema\/person\/19fc700381a780f69665d7956c469e3b","name":"Radio Ljubu\u0161ki"}]}},"_links":{"self":[{"href":"https:\/\/radioljubuski.ba\/index.php\/wp-json\/wp\/v2\/posts\/27763","targetHints":{"allow":["GET"]}}],"collection":[{"href":"https:\/\/radioljubuski.ba\/index.php\/wp-json\/wp\/v2\/posts"}],"about":[{"href":"https:\/\/radioljubuski.ba\/index.php\/wp-json\/wp\/v2\/types\/post"}],"author":[{"embeddable":true,"href":"https:\/\/radioljubuski.ba\/index.php\/wp-json\/wp\/v2\/users\/2"}],"replies":[{"embeddable":true,"href":"https:\/\/radioljubuski.ba\/index.php\/wp-json\/wp\/v2\/comments?post=27763"}],"version-history":[{"count":1,"href":"https:\/\/radioljubuski.ba\/index.php\/wp-json\/wp\/v2\/posts\/27763\/revisions"}],"predecessor-version":[{"id":27765,"href":"https:\/\/radioljubuski.ba\/index.php\/wp-json\/wp\/v2\/posts\/27763\/revisions\/27765"}],"wp:featuredmedia":[{"embeddable":true,"href":"https:\/\/radioljubuski.ba\/index.php\/wp-json\/wp\/v2\/media\/27764"}],"wp:attachment":[{"href":"https:\/\/radioljubuski.ba\/index.php\/wp-json\/wp\/v2\/media?parent=27763"}],"wp:term":[{"taxonomy":"category","embeddable":true,"href":"https:\/\/radioljubuski.ba\/index.php\/wp-json\/wp\/v2\/categories?post=27763"},{"taxonomy":"post_tag","embeddable":true,"href":"https:\/\/radioljubuski.ba\/index.php\/wp-json\/wp\/v2\/tags?post=27763"}],"curies":[{"name":"wp","href":"https:\/\/api.w.org\/{rel}","templated":true}]}}