{"id":27778,"date":"2021-06-02T20:53:03","date_gmt":"2021-06-02T19:53:03","guid":{"rendered":"https:\/\/radioljubuski.ba\/?p=27778"},"modified":"2021-06-02T20:53:04","modified_gmt":"2021-06-02T19:53:04","slug":"bez-odlaganja-raditi-na-ovih-sedam-prioriteta","status":"publish","type":"post","link":"https:\/\/radioljubuski.ba\/index.php\/2021\/06\/02\/bez-odlaganja-raditi-na-ovih-sedam-prioriteta\/","title":{"rendered":"Bez odlaganja raditi na ovih sedam prioriteta"},"content":{"rendered":"\n<p><strong>Upravni odbor Vije\u0107a za provedbu mira u BiH izdao je svoj najnoviji komunike, s kojim se nije slo\u017eila Rusija.<\/strong><\/p>\n\n\n\n<p>Politi\u010dki direktori Upravnog odbora Vije\u0107a za provedbu mira (Peace Implementation Council \u2013 PIC) sastali su se putem video-linka 1. i 2. lipnja 2021. godine kako bi razmotrili stanje provedbe Op\u0107eg okvirnog sporazuma za mir, koji i dalje predstavlja temelj za stabilnu, sigurnu i prosperitetnu Bosnu i Hercegovinu (BiH). Upravni odbor PIC-a podsjetio je sve strane na njihovu obvezu da u potpunosti po\u0161tuju Mirovni sporazum, sve njegove anekse i odluke visokog predstavnika, navodi se u komunikeu PIC-a.<\/p>\n\n\n\n<p>Upravni odbor, navodi se dalje u komunikeu, je jo\u0161 jednom potvrdio svoje neupitno opredjeljenje za teritorijalni integritet i temeljnu strukturu BiH kao jedinstvene i suverene dr\u017eave, koja se sastoji od dva entiteta. Upravni odbor je ponovio da entiteti nemaju pravo na otcjepljenje od BiH i da oni pravno postoje samo na osnovu Ustava BiH.<\/p>\n\n\n\n<p>Upravni odbor je podsjetio vlasti u BiH da je Ustav BiH sastavni dio Op\u0107eg okvirnog sporazuma za mir i da su odluke Ustavnog suda BiH kona\u010dne i obvezuju\u0107e i moraju se provoditi.<\/p>\n\n\n\n<p>Upravni odbor je jo\u0161 jednom potvrdio svoju punu podr\u0161ku visokom predstavniku u osiguranju punog po\u0161tivanja Op\u0107eg okvirnog sporazuma za mir u BiH i provo\u0111enju njegovog mandata u skladu sa Aneksom 10 i odgovaraju\u0107im rezolucijama Vije\u0107a sigurnosti UN-a, \u0161to ostaje nepromijenjeno.<\/p>\n\n\n\n<p>Upravni odbor je podvukao da me\u0111unarodna zajednica i dalje zadr\u017eava potrebne instrumente za osiguranje provedbe Op\u0107eg okvirnog sporazuma za mir. Naglasio je potrebu za punom implementacijom programa 5+2, \u0161to je i dalje uvjet za zatvaranje Ureda visokog predstavnika.<\/p>\n\n\n\n<p>Na sjednici odr\u017eanoj u lipnju 2020. godine, Upravni odbor PIC-a pozdravio je inicijativu Predsjedni\u0161tva BiH da predvodi reforme koje imaju za cilj ispunjavanje 14 klju\u010dnih prioriteta iz Mi\u0161ljenja Europske komisije kako bi se krenulo dalje na putu \u010dlanstva BiH u EU. Gra\u0111ani BiH o\u010dekuju da njihovi lideri usmjere energiju na ostvarenje osnovnih, ali ipak zna\u010dajnih reformi u oblasti ekonomije, vladavine prava i izbornog procesa tijekom ove godine, te na prevladavanju situacije uzrokovane Covidom-19 \u0161to je klju\u010dno za dobrobit gra\u0111ana i ekonomski oporavak.<\/p>\n\n\n\n<p>Uprkos stalnim pozivima da se teku\u0107a godina, kao godina u kojoj nema izbora, iskoristi za provedbu i ubrzanje dogovorenih reformi u BiH, skoro polovica 2021. godine pro\u0161la je bez zna\u010dajnijih pozitivnih ostvarenja.<\/p>\n\n\n\n<p>Upravni odbor PIC-a je kontinuirano pozivao vlasti BiH da postignu sporazum o ograni\u010denoj ustavnoj i izbornoj reformi, time rje\u0161avaju\u0107i presude Europskog suda za ljudska prava u predmetu Sejdi\u0107\/Finci i srodnim predmetima koji se odnose na uklanjanje diskriminacije. U procesu izborne reforme, odluke Ustavnog suda BiH koje se odnose na izbore moraju biti uzete u obzir. Upravni odbor PIC-a pozdravio je osnivanje interresorne radne grupe kojom se pokre\u0107e ve\u0107 uveliko zaka\u0161njeli institucionalni proces sveobuhvatnog rje\u0161avanja brojnih manjkavosti izbornog okvira, kako bi budu\u0107i izbori bili slobodniji, pravi\u010dniji i uskla\u0111eniji sa EU i me\u0111unarodnim standardima. Upravni odbor PIC-a podvukao je potrebu za aktivnim anga\u017emanom svih lidera iz cjelokupnog politi\u010dkog spektra i civilnog dru\u0161tva, kao i Sredi\u0161njeg izbornog povjerenstva, kako bi ove reforme bile uspje\u0161ne.<\/p>\n\n\n\n<p>Upravni odbor PIC-a je tako\u0111er kontinuirano pozivao vlasti BiH da provedu reforme koje se odnose na vladavinu prava i borbu protiv korupcije, koje su klju\u010dni dio procesa pristupanja EU i zadobijanja povjerenja gra\u0111ana, uklju\u010duju\u0107i i dono\u0161enje amandmana na Zakon o visokom sudskom i tu\u017eiteljskom vije\u0107u (VSTV) i Zakon o javnim nabavkama, te novi zakon o sukobu interesa.<\/p>\n\n\n\n<p>Upravni odbor PIC-a je, me\u0111utim, posvjedo\u010dio da su se neki politi\u010dki lideri fokusirali i upu\u0161tali u razdoran i destruktivan diskurs kojim se samo odvra\u0107a pa\u017enja sa pitanja koja su od istinskog zna\u010daja i gra\u0111anima uskra\u0107uje mogu\u0107nost da dobiju adekvatne usluge i izglede za bolju budu\u0107nost. Takav je bio slu\u010daj sa bespredmetnom retorikom i aktivnostima koje su se odnosile na takozvano \u201emirno razdru\u017eivanje\u201c BiH, \u0161to je bio fokus nedavno usvojenih zaklju\u010daka Narodne skup\u0161tine Republike Srpske (RS). Upravni odbor PIC-a pozvao je politi\u010dke lidere u BiH da obustave daljnje rasprave i aktivnosti u tom pogledu. Retorika kojom se osporava postojanje entiteta RS, zagovaraju dalje teritorijalne podjele zemlje ili spominje mogu\u0107nost rata tako\u0111er je destabiliziraju\u0107a i neprihvatljiva.<\/p>\n\n\n\n<p>Pored toga, Upravni odbor PIC-a izrazio je zabrinutost zbog kontinuiranog veli\u010danja osu\u0111enih ratnih zlo\u010dinaca, negiranja presuda za genocid i ratne zlo\u010dine, kao i drugih aktivnosti kojima se izazivaju podjele te podriva me\u0111usobno povjerenje i pomirenje, koji su neophodni za izgradnju bolje budu\u0107nosti za sve u BiH. Upravni odbor PIC-a podr\u017eava sve napore lidera i gra\u0111ana BiH da se uklju\u010de u dijalog i konkretne korake na promoviranju povjerenja i pomirenja, te poziva sve lidere da prestanu sa retorikom i potezima koji vode podjelama. Upravni odbor PIC-a poziva bh. lidere da zajedno odaju po\u010dast svim poginulim i pre\u017eivjelim \u017ertvama rata, kao temelj za mirnu budu\u0107nost.<\/p>\n\n\n\n<p>Upravni odbor PIC-a primio je k znanju pozitivne pomake, uklju\u010duju\u0107i provedbu rezultata izbora u Mostaru kroz formiranje Gradskog vije\u0107a i usvajanje prora\u010duna. Upravni odbor PIC-a sastao se s gradona\u010delnicima Sarajeva, Banjaluke i Mostara i vodstvom Vlade i Skup\u0161tine Br\u010dko Distrikta, te je impresioniran njihovom opredijeljeno\u0161\u0107u da na prvo mjesto stave pru\u017eanje javnih usluga, transparentnost upravljanja i ostvarenje potencijala svojih zajednica izgradnjom povjerenja, razvojem infrastrukture i rastom privatnog sektora. Upravni odbor PIC-a naveo je napredak koji je u tim oblastima postignut u Br\u010dko Distriktu kao dokaz da su ovi ciljevi ostvarivi u BiH uz dovoljno anga\u017emana i politi\u010dke volje.<\/p>\n\n\n\n<p>Upravni odbor PIC-a izrazio je razo\u010darenje nedostatkom opredijeljenosti za reforme kojima se ja\u010daju fiskalna transparentnost i stabilnost, promovira jedinstven ekonomski prostor i ja\u010da lokalna ekonomija, izme\u0111u ostalog i u okviru pro\u0161irenog aran\u017emana Me\u0111unarodnog monetarnog fonda (Extended Fund Facility \u2013 EFF) koji je zatra\u017eila BiH. Upravni odbor PIC-a ponovio je da je klju\u010dna komponenta tih napora da se osigura kontinuirano adekvatno financiranje i nesmetano funkcioniranje institucija BiH te pozvao na usvajanje prora\u010duna na dr\u017eavnoj razini za 2021. godinu koji \u0107e institucijama BiH omogu\u0107iti da zadovolje potrebe i ispune svoje obaveze.<\/p>\n\n\n\n<p>Upravni odbor PIC-a pozvao je vlasti BiH \u2013 njene politi\u010dke i institucionalne lidere, da se bez daljnjeg odlaganja pozabave sljede\u0107im prioritetima:<\/p>\n\n\n\n<p>\u2013 Da pristupe rje\u0161avanju 14 klju\u010dnih prioriteta iz Mi\u0161ljenja Europske komisije.<\/p>\n\n\n\n<p>\u2013 Iskoriste 2021. godinu, kao neizbornu godinu, za provo\u0111enje ograni\u010dene ustavne i izborne reforme, provo\u0111enjem presude u predmetu Sejdi\u0107-Finci i drugih presuda Evropskog suda za ljudska prava (ESLJP) koje se odnose na izbore, a jo\u0161 uvijek nisu provedene, neke od njih ve\u0107 du\u017ee od jednog desetlje\u0107a. Da u procesu izborne reforme uzmu u obzir odluke Ustavnog suda BiH, te preporuke OSCE\/ODIHR-a, GRECO-a i Venecijanske komisije o integritetu izbora. Da se u procesu izborne reforme uzdr\u017ee od poduzimanja zakonodavnih ili politi\u010dkih koraka koji bi ote\u017eali provo\u0111enje presuda ESLJP ili vodili daljnjim podjelama.<\/p>\n\n\n\n<p>\u2013 Poduzmu konkretne korake na svim politi\u010dkim razinama za pomirenje u BiH, uklju\u010duju\u0107i i odr\u017eavanjem zajedni\u010dkih komemoracija.<\/p>\n\n\n\n<p>\u2013 Rade na unapre\u0111enju stabilnosti i otpornosti fiskalnog, ekonomskog i financijskog sektora, izme\u0111u ostalog i putem reformi koje se predla\u017eu u okviru pro\u0161irenog aran\u017emana MMF-a. Usvoje prora\u010dun na dr\u017eavnoj razini za 2021. godinu.<\/p>\n\n\n\n<p>\u2013 Okon\u010daju formiranje vlada i imenovanja na upra\u017enjena mjesta na svim razinama vlasti, uklju\u010duju\u0107i i sudce Ustavnog suda FBiH.<\/p>\n\n\n\n<p>\u2013 Pobolj\u0161aju koordinaciju i suradnju izme\u0111u svih razina vlasti u borbi protiv pandemije Covid-19 i ubla\u017eavanju njenih posljedica. Unaprijede programe cjepljenja i mjere ja\u010danja zdravstvenog sustava.<\/p>\n\n\n\n<p>\u2013 Ja\u010daju suradnju izme\u0111u svih razina vlasti, osiguraju dovoljno sredstava i izgrade sustav upravljanja migracijama i azilom kako bi se migracijama i sigurno\u0161\u0107u granica upravljalo kao isklju\u010divom nadle\u017eno\u0161\u0107u dr\u017eave. Oba entiteta trebala bi ravnomjerno dijeliti odgovornost za ispunjavanje humanitarnih obveza u smislu smje\u0161taja migranata.<\/p>\n\n\n\n<p>Upravni odbor PIC-a pozdravio je imenovanje gospodina Christiana Schmidta za novog visokog predstavnika i izrazio mu punu podr\u0161ku u ja\u010danju stabilnosti u BiH tako \u0161to \u0107e osigurati dosljednu provedbu civilnih aspekata Op\u0107eg okvirnog sporazuma za mir. Upravni odbor PIC-a pohvalio je sada\u0161njeg visokog predstavnika, gospodina Valentina Inzka, za izvanredan rad koji su on i njegov tim uradili na stabilnosti i razvoju BiH.<\/p>\n\n\n\n<p>Sljede\u0107i sastanak Upravnog odbora PIC-a bit \u0107e odr\u017ean 7. i 8. prosinca 2021. godine.<\/p>\n\n\n\n<p>* Ruska Federacija se ne sla\u017ee sa ovim Komunikeom.<\/p>\n\n\n\n<p>\/HMS\/<\/p>\n","protected":false},"excerpt":{"rendered":"<p>Upravni odbor Vije\u0107a za provedbu mira u BiH izdao je svoj najnoviji komunike, s kojim se nije slo\u017eila Rusija. Politi\u010dki direktori Upravnog odbora Vije\u0107a za provedbu mira (Peace Implementation Council \u2013 PIC) sastali su se putem video-linka 1. i 2. lipnja 2021. godine kako bi razmotrili stanje provedbe Op\u0107eg okvirnog sporazuma za mir, koji i [&hellip;]<\/p>\n","protected":false},"author":2,"featured_media":27779,"comment_status":"closed","ping_status":"closed","sticky":false,"template":"","format":"standard","meta":{"h5ap_radio_sources":[],"footnotes":""},"categories":[1],"tags":[],"class_list":["post-27778","post","type-post","status-publish","format-standard","has-post-thumbnail","hentry","category-bihiregija"],"yoast_head":"<!-- This site is optimized with the Yoast SEO plugin v27.5 - https:\/\/yoast.com\/product\/yoast-seo-wordpress\/ -->\n<title>Bez odlaganja raditi na ovih sedam prioriteta - RADIO LJUBU\u0160KI<\/title>\n<meta name=\"robots\" content=\"index, follow, max-snippet:-1, max-image-preview:large, max-video-preview:-1\" \/>\n<link rel=\"canonical\" href=\"https:\/\/radioljubuski.ba\/index.php\/2021\/06\/02\/bez-odlaganja-raditi-na-ovih-sedam-prioriteta\/\" \/>\n<meta property=\"og:locale\" content=\"hr_HR\" \/>\n<meta property=\"og:type\" content=\"article\" \/>\n<meta property=\"og:title\" content=\"Bez odlaganja raditi na ovih sedam prioriteta - RADIO LJUBU\u0160KI\" \/>\n<meta property=\"og:description\" content=\"Upravni odbor Vije\u0107a za provedbu mira u BiH izdao je svoj najnoviji komunike, s kojim se nije slo\u017eila Rusija. Politi\u010dki direktori Upravnog odbora Vije\u0107a za provedbu mira (Peace Implementation Council \u2013 PIC) sastali su se putem video-linka 1. i 2. lipnja 2021. godine kako bi razmotrili stanje provedbe Op\u0107eg okvirnog sporazuma za mir, koji i [&hellip;]\" \/>\n<meta property=\"og:url\" content=\"https:\/\/radioljubuski.ba\/index.php\/2021\/06\/02\/bez-odlaganja-raditi-na-ovih-sedam-prioriteta\/\" \/>\n<meta property=\"og:site_name\" content=\"RADIO LJUBU\u0160KI\" \/>\n<meta property=\"article:publisher\" content=\"https:\/\/www.facebook.com\/Radiio-Ljubuski-1490835324566332\" \/>\n<meta property=\"article:published_time\" content=\"2021-06-02T19:53:03+00:00\" \/>\n<meta property=\"article:modified_time\" content=\"2021-06-02T19:53:04+00:00\" \/>\n<meta property=\"og:image\" content=\"https:\/\/radioljubuski.ba\/wp-content\/uploads\/2021\/06\/pic.jpg\" \/>\n\t<meta property=\"og:image:width\" content=\"604\" \/>\n\t<meta property=\"og:image:height\" content=\"345\" \/>\n\t<meta property=\"og:image:type\" content=\"image\/jpeg\" \/>\n<meta name=\"author\" content=\"Radio Ljubu\u0161ki\" \/>\n<meta name=\"twitter:card\" content=\"summary_large_image\" \/>\n<meta name=\"twitter:creator\" content=\"@radioljubuski\" \/>\n<meta name=\"twitter:site\" content=\"@radioljubuski\" \/>\n<meta name=\"twitter:label1\" content=\"Napisao\/la\" \/>\n\t<meta name=\"twitter:data1\" content=\"Radio Ljubu\u0161ki\" \/>\n\t<meta name=\"twitter:label2\" content=\"Procijenjeno vrijeme \u010ditanja\" \/>\n\t<meta name=\"twitter:data2\" content=\"6 minuta\" \/>\n<script type=\"application\/ld+json\" class=\"yoast-schema-graph\">{\"@context\":\"https:\\\/\\\/schema.org\",\"@graph\":[{\"@type\":\"Article\",\"@id\":\"https:\\\/\\\/radioljubuski.ba\\\/index.php\\\/2021\\\/06\\\/02\\\/bez-odlaganja-raditi-na-ovih-sedam-prioriteta\\\/#article\",\"isPartOf\":{\"@id\":\"https:\\\/\\\/radioljubuski.ba\\\/index.php\\\/2021\\\/06\\\/02\\\/bez-odlaganja-raditi-na-ovih-sedam-prioriteta\\\/\"},\"author\":{\"name\":\"Radio Ljubu\u0161ki\",\"@id\":\"https:\\\/\\\/radioljubuski.ba\\\/#\\\/schema\\\/person\\\/19fc700381a780f69665d7956c469e3b\"},\"headline\":\"Bez odlaganja raditi na ovih sedam prioriteta\",\"datePublished\":\"2021-06-02T19:53:03+00:00\",\"dateModified\":\"2021-06-02T19:53:04+00:00\",\"mainEntityOfPage\":{\"@id\":\"https:\\\/\\\/radioljubuski.ba\\\/index.php\\\/2021\\\/06\\\/02\\\/bez-odlaganja-raditi-na-ovih-sedam-prioriteta\\\/\"},\"wordCount\":1445,\"publisher\":{\"@id\":\"https:\\\/\\\/radioljubuski.ba\\\/#organization\"},\"image\":{\"@id\":\"https:\\\/\\\/radioljubuski.ba\\\/index.php\\\/2021\\\/06\\\/02\\\/bez-odlaganja-raditi-na-ovih-sedam-prioriteta\\\/#primaryimage\"},\"thumbnailUrl\":\"https:\\\/\\\/radioljubuski.ba\\\/wp-content\\\/uploads\\\/2021\\\/06\\\/pic.jpg\",\"articleSection\":[\"BIH i regija\"],\"inLanguage\":\"hr\"},{\"@type\":\"WebPage\",\"@id\":\"https:\\\/\\\/radioljubuski.ba\\\/index.php\\\/2021\\\/06\\\/02\\\/bez-odlaganja-raditi-na-ovih-sedam-prioriteta\\\/\",\"url\":\"https:\\\/\\\/radioljubuski.ba\\\/index.php\\\/2021\\\/06\\\/02\\\/bez-odlaganja-raditi-na-ovih-sedam-prioriteta\\\/\",\"name\":\"Bez odlaganja raditi na ovih sedam prioriteta - RADIO LJUBU\u0160KI\",\"isPartOf\":{\"@id\":\"https:\\\/\\\/radioljubuski.ba\\\/#website\"},\"primaryImageOfPage\":{\"@id\":\"https:\\\/\\\/radioljubuski.ba\\\/index.php\\\/2021\\\/06\\\/02\\\/bez-odlaganja-raditi-na-ovih-sedam-prioriteta\\\/#primaryimage\"},\"image\":{\"@id\":\"https:\\\/\\\/radioljubuski.ba\\\/index.php\\\/2021\\\/06\\\/02\\\/bez-odlaganja-raditi-na-ovih-sedam-prioriteta\\\/#primaryimage\"},\"thumbnailUrl\":\"https:\\\/\\\/radioljubuski.ba\\\/wp-content\\\/uploads\\\/2021\\\/06\\\/pic.jpg\",\"datePublished\":\"2021-06-02T19:53:03+00:00\",\"dateModified\":\"2021-06-02T19:53:04+00:00\",\"breadcrumb\":{\"@id\":\"https:\\\/\\\/radioljubuski.ba\\\/index.php\\\/2021\\\/06\\\/02\\\/bez-odlaganja-raditi-na-ovih-sedam-prioriteta\\\/#breadcrumb\"},\"inLanguage\":\"hr\",\"potentialAction\":[{\"@type\":\"ReadAction\",\"target\":[\"https:\\\/\\\/radioljubuski.ba\\\/index.php\\\/2021\\\/06\\\/02\\\/bez-odlaganja-raditi-na-ovih-sedam-prioriteta\\\/\"]}]},{\"@type\":\"ImageObject\",\"inLanguage\":\"hr\",\"@id\":\"https:\\\/\\\/radioljubuski.ba\\\/index.php\\\/2021\\\/06\\\/02\\\/bez-odlaganja-raditi-na-ovih-sedam-prioriteta\\\/#primaryimage\",\"url\":\"https:\\\/\\\/radioljubuski.ba\\\/wp-content\\\/uploads\\\/2021\\\/06\\\/pic.jpg\",\"contentUrl\":\"https:\\\/\\\/radioljubuski.ba\\\/wp-content\\\/uploads\\\/2021\\\/06\\\/pic.jpg\",\"width\":604,\"height\":345},{\"@type\":\"BreadcrumbList\",\"@id\":\"https:\\\/\\\/radioljubuski.ba\\\/index.php\\\/2021\\\/06\\\/02\\\/bez-odlaganja-raditi-na-ovih-sedam-prioriteta\\\/#breadcrumb\",\"itemListElement\":[{\"@type\":\"ListItem\",\"position\":1,\"name\":\"Po\u010detna stranica\",\"item\":\"https:\\\/\\\/radioljubuski.ba\\\/\"},{\"@type\":\"ListItem\",\"position\":2,\"name\":\"Bez odlaganja raditi na ovih sedam prioriteta\"}]},{\"@type\":\"WebSite\",\"@id\":\"https:\\\/\\\/radioljubuski.ba\\\/#website\",\"url\":\"https:\\\/\\\/radioljubuski.ba\\\/\",\"name\":\"Radio Ljubu\u0161ki\",\"description\":\"Sun\u010dana frekvencija Hercegovine\",\"publisher\":{\"@id\":\"https:\\\/\\\/radioljubuski.ba\\\/#organization\"},\"potentialAction\":[{\"@type\":\"SearchAction\",\"target\":{\"@type\":\"EntryPoint\",\"urlTemplate\":\"https:\\\/\\\/radioljubuski.ba\\\/?s={search_term_string}\"},\"query-input\":{\"@type\":\"PropertyValueSpecification\",\"valueRequired\":true,\"valueName\":\"search_term_string\"}}],\"inLanguage\":\"hr\"},{\"@type\":\"Organization\",\"@id\":\"https:\\\/\\\/radioljubuski.ba\\\/#organization\",\"name\":\"Radio Ljubu\u0161ki\",\"url\":\"https:\\\/\\\/radioljubuski.ba\\\/\",\"logo\":{\"@type\":\"ImageObject\",\"inLanguage\":\"hr\",\"@id\":\"https:\\\/\\\/radioljubuski.ba\\\/#\\\/schema\\\/logo\\\/image\\\/\",\"url\":\"https:\\\/\\\/radioljubuski.ba\\\/wp-content\\\/uploads\\\/2021\\\/02\\\/cropped-Radio_Ljubuski_logo1.jpg\",\"contentUrl\":\"https:\\\/\\\/radioljubuski.ba\\\/wp-content\\\/uploads\\\/2021\\\/02\\\/cropped-Radio_Ljubuski_logo1.jpg\",\"width\":512,\"height\":512,\"caption\":\"Radio Ljubu\u0161ki\"},\"image\":{\"@id\":\"https:\\\/\\\/radioljubuski.ba\\\/#\\\/schema\\\/logo\\\/image\\\/\"},\"sameAs\":[\"https:\\\/\\\/www.facebook.com\\\/Radiio-Ljubuski-1490835324566332\",\"https:\\\/\\\/x.com\\\/radioljubuski\",\"https:\\\/\\\/hr.linkedin.com\\\/company\\\/radio-ljubuski\",\"https:\\\/\\\/www.youtube.com\\\/channel\\\/UCHYaeO_n0Db3tjNGudGpXyw\"]},{\"@type\":\"Person\",\"@id\":\"https:\\\/\\\/radioljubuski.ba\\\/#\\\/schema\\\/person\\\/19fc700381a780f69665d7956c469e3b\",\"name\":\"Radio Ljubu\u0161ki\"}]}<\/script>\n<!-- \/ Yoast SEO plugin. -->","yoast_head_json":{"title":"Bez odlaganja raditi na ovih sedam prioriteta - RADIO LJUBU\u0160KI","robots":{"index":"index","follow":"follow","max-snippet":"max-snippet:-1","max-image-preview":"max-image-preview:large","max-video-preview":"max-video-preview:-1"},"canonical":"https:\/\/radioljubuski.ba\/index.php\/2021\/06\/02\/bez-odlaganja-raditi-na-ovih-sedam-prioriteta\/","og_locale":"hr_HR","og_type":"article","og_title":"Bez odlaganja raditi na ovih sedam prioriteta - RADIO LJUBU\u0160KI","og_description":"Upravni odbor Vije\u0107a za provedbu mira u BiH izdao je svoj najnoviji komunike, s kojim se nije slo\u017eila Rusija. Politi\u010dki direktori Upravnog odbora Vije\u0107a za provedbu mira (Peace Implementation Council \u2013 PIC) sastali su se putem video-linka 1. i 2. lipnja 2021. godine kako bi razmotrili stanje provedbe Op\u0107eg okvirnog sporazuma za mir, koji i [&hellip;]","og_url":"https:\/\/radioljubuski.ba\/index.php\/2021\/06\/02\/bez-odlaganja-raditi-na-ovih-sedam-prioriteta\/","og_site_name":"RADIO LJUBU\u0160KI","article_publisher":"https:\/\/www.facebook.com\/Radiio-Ljubuski-1490835324566332","article_published_time":"2021-06-02T19:53:03+00:00","article_modified_time":"2021-06-02T19:53:04+00:00","og_image":[{"width":604,"height":345,"url":"https:\/\/radioljubuski.ba\/wp-content\/uploads\/2021\/06\/pic.jpg","type":"image\/jpeg"}],"author":"Radio Ljubu\u0161ki","twitter_card":"summary_large_image","twitter_creator":"@radioljubuski","twitter_site":"@radioljubuski","twitter_misc":{"Napisao\/la":"Radio Ljubu\u0161ki","Procijenjeno vrijeme \u010ditanja":"6 minuta"},"schema":{"@context":"https:\/\/schema.org","@graph":[{"@type":"Article","@id":"https:\/\/radioljubuski.ba\/index.php\/2021\/06\/02\/bez-odlaganja-raditi-na-ovih-sedam-prioriteta\/#article","isPartOf":{"@id":"https:\/\/radioljubuski.ba\/index.php\/2021\/06\/02\/bez-odlaganja-raditi-na-ovih-sedam-prioriteta\/"},"author":{"name":"Radio Ljubu\u0161ki","@id":"https:\/\/radioljubuski.ba\/#\/schema\/person\/19fc700381a780f69665d7956c469e3b"},"headline":"Bez odlaganja raditi na ovih sedam prioriteta","datePublished":"2021-06-02T19:53:03+00:00","dateModified":"2021-06-02T19:53:04+00:00","mainEntityOfPage":{"@id":"https:\/\/radioljubuski.ba\/index.php\/2021\/06\/02\/bez-odlaganja-raditi-na-ovih-sedam-prioriteta\/"},"wordCount":1445,"publisher":{"@id":"https:\/\/radioljubuski.ba\/#organization"},"image":{"@id":"https:\/\/radioljubuski.ba\/index.php\/2021\/06\/02\/bez-odlaganja-raditi-na-ovih-sedam-prioriteta\/#primaryimage"},"thumbnailUrl":"https:\/\/radioljubuski.ba\/wp-content\/uploads\/2021\/06\/pic.jpg","articleSection":["BIH i regija"],"inLanguage":"hr"},{"@type":"WebPage","@id":"https:\/\/radioljubuski.ba\/index.php\/2021\/06\/02\/bez-odlaganja-raditi-na-ovih-sedam-prioriteta\/","url":"https:\/\/radioljubuski.ba\/index.php\/2021\/06\/02\/bez-odlaganja-raditi-na-ovih-sedam-prioriteta\/","name":"Bez odlaganja raditi na ovih sedam prioriteta - RADIO LJUBU\u0160KI","isPartOf":{"@id":"https:\/\/radioljubuski.ba\/#website"},"primaryImageOfPage":{"@id":"https:\/\/radioljubuski.ba\/index.php\/2021\/06\/02\/bez-odlaganja-raditi-na-ovih-sedam-prioriteta\/#primaryimage"},"image":{"@id":"https:\/\/radioljubuski.ba\/index.php\/2021\/06\/02\/bez-odlaganja-raditi-na-ovih-sedam-prioriteta\/#primaryimage"},"thumbnailUrl":"https:\/\/radioljubuski.ba\/wp-content\/uploads\/2021\/06\/pic.jpg","datePublished":"2021-06-02T19:53:03+00:00","dateModified":"2021-06-02T19:53:04+00:00","breadcrumb":{"@id":"https:\/\/radioljubuski.ba\/index.php\/2021\/06\/02\/bez-odlaganja-raditi-na-ovih-sedam-prioriteta\/#breadcrumb"},"inLanguage":"hr","potentialAction":[{"@type":"ReadAction","target":["https:\/\/radioljubuski.ba\/index.php\/2021\/06\/02\/bez-odlaganja-raditi-na-ovih-sedam-prioriteta\/"]}]},{"@type":"ImageObject","inLanguage":"hr","@id":"https:\/\/radioljubuski.ba\/index.php\/2021\/06\/02\/bez-odlaganja-raditi-na-ovih-sedam-prioriteta\/#primaryimage","url":"https:\/\/radioljubuski.ba\/wp-content\/uploads\/2021\/06\/pic.jpg","contentUrl":"https:\/\/radioljubuski.ba\/wp-content\/uploads\/2021\/06\/pic.jpg","width":604,"height":345},{"@type":"BreadcrumbList","@id":"https:\/\/radioljubuski.ba\/index.php\/2021\/06\/02\/bez-odlaganja-raditi-na-ovih-sedam-prioriteta\/#breadcrumb","itemListElement":[{"@type":"ListItem","position":1,"name":"Po\u010detna stranica","item":"https:\/\/radioljubuski.ba\/"},{"@type":"ListItem","position":2,"name":"Bez odlaganja raditi na ovih sedam prioriteta"}]},{"@type":"WebSite","@id":"https:\/\/radioljubuski.ba\/#website","url":"https:\/\/radioljubuski.ba\/","name":"Radio Ljubu\u0161ki","description":"Sun\u010dana frekvencija Hercegovine","publisher":{"@id":"https:\/\/radioljubuski.ba\/#organization"},"potentialAction":[{"@type":"SearchAction","target":{"@type":"EntryPoint","urlTemplate":"https:\/\/radioljubuski.ba\/?s={search_term_string}"},"query-input":{"@type":"PropertyValueSpecification","valueRequired":true,"valueName":"search_term_string"}}],"inLanguage":"hr"},{"@type":"Organization","@id":"https:\/\/radioljubuski.ba\/#organization","name":"Radio Ljubu\u0161ki","url":"https:\/\/radioljubuski.ba\/","logo":{"@type":"ImageObject","inLanguage":"hr","@id":"https:\/\/radioljubuski.ba\/#\/schema\/logo\/image\/","url":"https:\/\/radioljubuski.ba\/wp-content\/uploads\/2021\/02\/cropped-Radio_Ljubuski_logo1.jpg","contentUrl":"https:\/\/radioljubuski.ba\/wp-content\/uploads\/2021\/02\/cropped-Radio_Ljubuski_logo1.jpg","width":512,"height":512,"caption":"Radio Ljubu\u0161ki"},"image":{"@id":"https:\/\/radioljubuski.ba\/#\/schema\/logo\/image\/"},"sameAs":["https:\/\/www.facebook.com\/Radiio-Ljubuski-1490835324566332","https:\/\/x.com\/radioljubuski","https:\/\/hr.linkedin.com\/company\/radio-ljubuski","https:\/\/www.youtube.com\/channel\/UCHYaeO_n0Db3tjNGudGpXyw"]},{"@type":"Person","@id":"https:\/\/radioljubuski.ba\/#\/schema\/person\/19fc700381a780f69665d7956c469e3b","name":"Radio Ljubu\u0161ki"}]}},"_links":{"self":[{"href":"https:\/\/radioljubuski.ba\/index.php\/wp-json\/wp\/v2\/posts\/27778","targetHints":{"allow":["GET"]}}],"collection":[{"href":"https:\/\/radioljubuski.ba\/index.php\/wp-json\/wp\/v2\/posts"}],"about":[{"href":"https:\/\/radioljubuski.ba\/index.php\/wp-json\/wp\/v2\/types\/post"}],"author":[{"embeddable":true,"href":"https:\/\/radioljubuski.ba\/index.php\/wp-json\/wp\/v2\/users\/2"}],"replies":[{"embeddable":true,"href":"https:\/\/radioljubuski.ba\/index.php\/wp-json\/wp\/v2\/comments?post=27778"}],"version-history":[{"count":1,"href":"https:\/\/radioljubuski.ba\/index.php\/wp-json\/wp\/v2\/posts\/27778\/revisions"}],"predecessor-version":[{"id":27780,"href":"https:\/\/radioljubuski.ba\/index.php\/wp-json\/wp\/v2\/posts\/27778\/revisions\/27780"}],"wp:featuredmedia":[{"embeddable":true,"href":"https:\/\/radioljubuski.ba\/index.php\/wp-json\/wp\/v2\/media\/27779"}],"wp:attachment":[{"href":"https:\/\/radioljubuski.ba\/index.php\/wp-json\/wp\/v2\/media?parent=27778"}],"wp:term":[{"taxonomy":"category","embeddable":true,"href":"https:\/\/radioljubuski.ba\/index.php\/wp-json\/wp\/v2\/categories?post=27778"},{"taxonomy":"post_tag","embeddable":true,"href":"https:\/\/radioljubuski.ba\/index.php\/wp-json\/wp\/v2\/tags?post=27778"}],"curies":[{"name":"wp","href":"https:\/\/api.w.org\/{rel}","templated":true}]}}