{"id":27786,"date":"2021-06-02T20:56:21","date_gmt":"2021-06-02T19:56:21","guid":{"rendered":"https:\/\/radioljubuski.ba\/?p=27786"},"modified":"2021-06-02T20:56:22","modified_gmt":"2021-06-02T19:56:22","slug":"sto-sadrzi-rezolucija-koja-ce-biti-usvojena-na-9-zasjedanju-hrvatskog-narodnog-sabora-bih","status":"publish","type":"post","link":"https:\/\/radioljubuski.ba\/index.php\/2021\/06\/02\/sto-sadrzi-rezolucija-koja-ce-biti-usvojena-na-9-zasjedanju-hrvatskog-narodnog-sabora-bih\/","title":{"rendered":"\u0160to sadr\u017ei Rezolucija koja \u0107e biti usvojena na 9. zasjedanju Hrvatskog narodnog sabora BiH?"},"content":{"rendered":"\n<p><strong>Deveto zasjedanje Hrvatskog narodnog sabora Bosne i Hercegovine odr\u017eat \u0107e se u petak u Mostaru na kojemu \u0107e se donijeti rezolucija koja bi trebala osna\u017eiti poziciju hrvatskih pregovara\u010da u nastavku razgovora o izmjenama Izbornoga zakona i Ustava zemlje.<\/strong><\/p>\n\n\n\n<p>Predsjedni\u0161tvo i Glavno vije\u0107e na sjednici u Mostaru dogovorili su zavr\u0161ne pojedinosti oko ovoga zasjedanja, pi\u0161e<a href=\"https:\/\/www.vecernji.ba\/vijesti\/rezolucija-hns-a-snazi-poziciju-hrvatskih-pregovaraca-u-bih-1497334\" target=\"_blank\" rel=\"noreferrer noopener\">&nbsp;Ve\u010dernji list BiH<\/a>. Zbog epidemiolo\u0161kih uvjeta, Sabor \u0107e se u odr\u017eati u sportskoj dvorani na Bijelome brijegu u Mostaru, koja je odranije poznata kao mjesto gdje je odr\u017ean peti sabor HDZ-a BiH, koji je zna\u010dajno promijenio politi\u010dki tijek kod Hrvata.<\/p>\n\n\n\n<p><strong>Zasjedanje u dvorani na Bijelom Brijegu<\/strong><\/p>\n\n\n\n<p>Na deveto zasjedanje Sabora pozvano je vi\u0161e od 600 izaslanika koji dolaze iz 12 stranaka. Uvjet za sudjelovanje jest da se osoba deklarira kao izabrani hrvatski politi\u010dki predstavnik, \u0161to se potvr\u0111uje popunjenom posebnom pristupnicom. Upravo zbog problema s koronavirusom organizatori nisu na Sabor pozivali predstavnike politi\u010dkih stranaka iz drugih naroda. Gosti \u0107e, kako saznaje Ve\u010dernji list, biti predstavnici akademske zajednice, kulturnog i javnoga \u017eivota te Katoli\u010dke crkve. Poziv je upu\u0107en i predstavnicima vlasti u Zagrebu.<\/p>\n\n\n\n<p>Izaslanici Hrvatskog narodnog sabora u petak bi trebali izglasati rezoluciju. Rezolucija \u0107e se oslanjati na dosad donesene dokumente Hrvatskog narodnog sabora BiH, koji upozoravaju na vi\u0161estruko preglasavanje Hrvata, konstitutivnog naroda u BiH. Rezolucija, izme\u0111u ostalog, poziva na nu\u017ene promjene i dogovor, izvr\u0161avanja politi\u010dkih dogovora i napredovanja prema vanjskopoliti\u010dkim ciljevima BiH.<\/p>\n\n\n\n<p>Otkako je utemeljen HNS BiH na zasjedanju u Novome Travniku u listopadu 2000., koji okuplja najzna\u010dajnije hrvatske politi\u010dke stranke iz Bosne i Hercegovine doneseno je vi\u0161e deklaracija i rezolucija. Ovo zasjedanje dolazi i ususret o\u010dekivanim razgovorima politi\u010dkih predstavnika Hrvata i Bo\u0161njaka s du\u017enosnicima ameri\u010dke i europske administracije, ali i rada Me\u0111uresorne radne skupine koja se bavi pitanjima izbornih i ustavnih reformi. Na posljednjem, osmom zasjedanju u sije\u010dnju 2019. usvojena je deklaracija u kojoj je istaknuto kako su unitarni i separatisti\u010dki ciljevi i interesi \u201cnespojivi i izravno se suprotstavljaju temeljnim na\u010delima i modelima Daytonskog sporazuma te bi u njima trebalo tra\u017eiti glavne uzroke nefunkcionalne i nestabilne daytonske BiH\u201d.<\/p>\n\n\n\n<p><strong>Federalizacija BiH<\/strong><\/p>\n\n\n\n<p>\u2013 Rje\u0161enja za akutne i kroni\u010dne krize treba tra\u017eiti povratkom Daytona i njegovih temeljnih na\u010dela konstitutivnosti i me\u0111usobne jednakosti konstitutivnih naroda. Da bi BiH nastavila i uspje\u0161no zavr\u0161ila svoj euroatlantski put, odnosno postala punopravna \u010dlanica EU i NATO, potrebno je pristupiti takozvanoj bruxelleskoj nadogradnji daytonskih temelja, odnosno ustavnim, zakonskim i institucionalnim promjenama na na\u010delima federalizma, decentralizacije, supsidijarnosti i legitimnog politi\u010dkog predstavljanja, kako su utvr\u0111ena u rezolucijama Europskog parlamenta 2014. i 2017. \u2013 navedeno je u dokumentu. Po HNS-u BiH, to podrazumijeva novu i racionalniju administrativnu i teritorijalnu organizaciju zemlje koja \u0107e podjednako obuhvatiti sve tri sastavnice naroda.<\/p>\n\n\n\n<p>\/HMS\/<\/p>\n","protected":false},"excerpt":{"rendered":"<p>Deveto zasjedanje Hrvatskog narodnog sabora Bosne i Hercegovine odr\u017eat \u0107e se u petak u Mostaru na kojemu \u0107e se donijeti rezolucija koja bi trebala osna\u017eiti poziciju hrvatskih pregovara\u010da u nastavku razgovora o izmjenama Izbornoga zakona i Ustava zemlje. Predsjedni\u0161tvo i Glavno vije\u0107e na sjednici u Mostaru dogovorili su zavr\u0161ne pojedinosti oko ovoga zasjedanja, pi\u0161e&nbsp;Ve\u010dernji list [&hellip;]<\/p>\n","protected":false},"author":2,"featured_media":27787,"comment_status":"closed","ping_status":"closed","sticky":false,"template":"","format":"standard","meta":{"h5ap_radio_sources":[],"footnotes":""},"categories":[1],"tags":[],"class_list":["post-27786","post","type-post","status-publish","format-standard","has-post-thumbnail","hentry","category-bihiregija"],"yoast_head":"<!-- This site is optimized with the Yoast SEO plugin v27.5 - https:\/\/yoast.com\/product\/yoast-seo-wordpress\/ -->\n<title>\u0160to sadr\u017ei Rezolucija koja \u0107e biti usvojena na 9. zasjedanju Hrvatskog narodnog sabora BiH? - RADIO LJUBU\u0160KI<\/title>\n<meta name=\"robots\" content=\"index, follow, max-snippet:-1, max-image-preview:large, max-video-preview:-1\" \/>\n<link rel=\"canonical\" href=\"https:\/\/radioljubuski.ba\/index.php\/2021\/06\/02\/sto-sadrzi-rezolucija-koja-ce-biti-usvojena-na-9-zasjedanju-hrvatskog-narodnog-sabora-bih\/\" \/>\n<meta property=\"og:locale\" content=\"hr_HR\" \/>\n<meta property=\"og:type\" content=\"article\" \/>\n<meta property=\"og:title\" content=\"\u0160to sadr\u017ei Rezolucija koja \u0107e biti usvojena na 9. zasjedanju Hrvatskog narodnog sabora BiH? - RADIO LJUBU\u0160KI\" \/>\n<meta property=\"og:description\" content=\"Deveto zasjedanje Hrvatskog narodnog sabora Bosne i Hercegovine odr\u017eat \u0107e se u petak u Mostaru na kojemu \u0107e se donijeti rezolucija koja bi trebala osna\u017eiti poziciju hrvatskih pregovara\u010da u nastavku razgovora o izmjenama Izbornoga zakona i Ustava zemlje. Predsjedni\u0161tvo i Glavno vije\u0107e na sjednici u Mostaru dogovorili su zavr\u0161ne pojedinosti oko ovoga zasjedanja, pi\u0161e&nbsp;Ve\u010dernji list [&hellip;]\" \/>\n<meta property=\"og:url\" content=\"https:\/\/radioljubuski.ba\/index.php\/2021\/06\/02\/sto-sadrzi-rezolucija-koja-ce-biti-usvojena-na-9-zasjedanju-hrvatskog-narodnog-sabora-bih\/\" \/>\n<meta property=\"og:site_name\" content=\"RADIO LJUBU\u0160KI\" \/>\n<meta property=\"article:publisher\" content=\"https:\/\/www.facebook.com\/Radiio-Ljubuski-1490835324566332\" \/>\n<meta property=\"article:published_time\" content=\"2021-06-02T19:56:21+00:00\" \/>\n<meta property=\"article:modified_time\" content=\"2021-06-02T19:56:22+00:00\" \/>\n<meta property=\"og:image\" content=\"https:\/\/radioljubuski.ba\/wp-content\/uploads\/2021\/06\/dvorana-bijeli-brijeg-1068x734-1.jpg\" \/>\n\t<meta property=\"og:image:width\" content=\"1068\" \/>\n\t<meta property=\"og:image:height\" content=\"734\" \/>\n\t<meta property=\"og:image:type\" content=\"image\/jpeg\" \/>\n<meta name=\"author\" content=\"Radio Ljubu\u0161ki\" \/>\n<meta name=\"twitter:card\" content=\"summary_large_image\" \/>\n<meta name=\"twitter:creator\" content=\"@radioljubuski\" \/>\n<meta name=\"twitter:site\" content=\"@radioljubuski\" \/>\n<meta name=\"twitter:label1\" content=\"Napisao\/la\" \/>\n\t<meta name=\"twitter:data1\" content=\"Radio Ljubu\u0161ki\" \/>\n\t<meta name=\"twitter:label2\" content=\"Procijenjeno vrijeme \u010ditanja\" \/>\n\t<meta name=\"twitter:data2\" content=\"2 minute\" \/>\n<script type=\"application\/ld+json\" class=\"yoast-schema-graph\">{\"@context\":\"https:\\\/\\\/schema.org\",\"@graph\":[{\"@type\":\"Article\",\"@id\":\"https:\\\/\\\/radioljubuski.ba\\\/index.php\\\/2021\\\/06\\\/02\\\/sto-sadrzi-rezolucija-koja-ce-biti-usvojena-na-9-zasjedanju-hrvatskog-narodnog-sabora-bih\\\/#article\",\"isPartOf\":{\"@id\":\"https:\\\/\\\/radioljubuski.ba\\\/index.php\\\/2021\\\/06\\\/02\\\/sto-sadrzi-rezolucija-koja-ce-biti-usvojena-na-9-zasjedanju-hrvatskog-narodnog-sabora-bih\\\/\"},\"author\":{\"name\":\"Radio Ljubu\u0161ki\",\"@id\":\"https:\\\/\\\/radioljubuski.ba\\\/#\\\/schema\\\/person\\\/19fc700381a780f69665d7956c469e3b\"},\"headline\":\"\u0160to sadr\u017ei Rezolucija koja \u0107e biti usvojena na 9. zasjedanju Hrvatskog narodnog sabora BiH?\",\"datePublished\":\"2021-06-02T19:56:21+00:00\",\"dateModified\":\"2021-06-02T19:56:22+00:00\",\"mainEntityOfPage\":{\"@id\":\"https:\\\/\\\/radioljubuski.ba\\\/index.php\\\/2021\\\/06\\\/02\\\/sto-sadrzi-rezolucija-koja-ce-biti-usvojena-na-9-zasjedanju-hrvatskog-narodnog-sabora-bih\\\/\"},\"wordCount\":488,\"publisher\":{\"@id\":\"https:\\\/\\\/radioljubuski.ba\\\/#organization\"},\"image\":{\"@id\":\"https:\\\/\\\/radioljubuski.ba\\\/index.php\\\/2021\\\/06\\\/02\\\/sto-sadrzi-rezolucija-koja-ce-biti-usvojena-na-9-zasjedanju-hrvatskog-narodnog-sabora-bih\\\/#primaryimage\"},\"thumbnailUrl\":\"https:\\\/\\\/radioljubuski.ba\\\/wp-content\\\/uploads\\\/2021\\\/06\\\/dvorana-bijeli-brijeg-1068x734-1.jpg\",\"articleSection\":[\"BIH i regija\"],\"inLanguage\":\"hr\"},{\"@type\":\"WebPage\",\"@id\":\"https:\\\/\\\/radioljubuski.ba\\\/index.php\\\/2021\\\/06\\\/02\\\/sto-sadrzi-rezolucija-koja-ce-biti-usvojena-na-9-zasjedanju-hrvatskog-narodnog-sabora-bih\\\/\",\"url\":\"https:\\\/\\\/radioljubuski.ba\\\/index.php\\\/2021\\\/06\\\/02\\\/sto-sadrzi-rezolucija-koja-ce-biti-usvojena-na-9-zasjedanju-hrvatskog-narodnog-sabora-bih\\\/\",\"name\":\"\u0160to sadr\u017ei Rezolucija koja \u0107e biti usvojena na 9. zasjedanju Hrvatskog narodnog sabora BiH? - RADIO LJUBU\u0160KI\",\"isPartOf\":{\"@id\":\"https:\\\/\\\/radioljubuski.ba\\\/#website\"},\"primaryImageOfPage\":{\"@id\":\"https:\\\/\\\/radioljubuski.ba\\\/index.php\\\/2021\\\/06\\\/02\\\/sto-sadrzi-rezolucija-koja-ce-biti-usvojena-na-9-zasjedanju-hrvatskog-narodnog-sabora-bih\\\/#primaryimage\"},\"image\":{\"@id\":\"https:\\\/\\\/radioljubuski.ba\\\/index.php\\\/2021\\\/06\\\/02\\\/sto-sadrzi-rezolucija-koja-ce-biti-usvojena-na-9-zasjedanju-hrvatskog-narodnog-sabora-bih\\\/#primaryimage\"},\"thumbnailUrl\":\"https:\\\/\\\/radioljubuski.ba\\\/wp-content\\\/uploads\\\/2021\\\/06\\\/dvorana-bijeli-brijeg-1068x734-1.jpg\",\"datePublished\":\"2021-06-02T19:56:21+00:00\",\"dateModified\":\"2021-06-02T19:56:22+00:00\",\"breadcrumb\":{\"@id\":\"https:\\\/\\\/radioljubuski.ba\\\/index.php\\\/2021\\\/06\\\/02\\\/sto-sadrzi-rezolucija-koja-ce-biti-usvojena-na-9-zasjedanju-hrvatskog-narodnog-sabora-bih\\\/#breadcrumb\"},\"inLanguage\":\"hr\",\"potentialAction\":[{\"@type\":\"ReadAction\",\"target\":[\"https:\\\/\\\/radioljubuski.ba\\\/index.php\\\/2021\\\/06\\\/02\\\/sto-sadrzi-rezolucija-koja-ce-biti-usvojena-na-9-zasjedanju-hrvatskog-narodnog-sabora-bih\\\/\"]}]},{\"@type\":\"ImageObject\",\"inLanguage\":\"hr\",\"@id\":\"https:\\\/\\\/radioljubuski.ba\\\/index.php\\\/2021\\\/06\\\/02\\\/sto-sadrzi-rezolucija-koja-ce-biti-usvojena-na-9-zasjedanju-hrvatskog-narodnog-sabora-bih\\\/#primaryimage\",\"url\":\"https:\\\/\\\/radioljubuski.ba\\\/wp-content\\\/uploads\\\/2021\\\/06\\\/dvorana-bijeli-brijeg-1068x734-1.jpg\",\"contentUrl\":\"https:\\\/\\\/radioljubuski.ba\\\/wp-content\\\/uploads\\\/2021\\\/06\\\/dvorana-bijeli-brijeg-1068x734-1.jpg\",\"width\":1068,\"height\":734},{\"@type\":\"BreadcrumbList\",\"@id\":\"https:\\\/\\\/radioljubuski.ba\\\/index.php\\\/2021\\\/06\\\/02\\\/sto-sadrzi-rezolucija-koja-ce-biti-usvojena-na-9-zasjedanju-hrvatskog-narodnog-sabora-bih\\\/#breadcrumb\",\"itemListElement\":[{\"@type\":\"ListItem\",\"position\":1,\"name\":\"Po\u010detna stranica\",\"item\":\"https:\\\/\\\/radioljubuski.ba\\\/\"},{\"@type\":\"ListItem\",\"position\":2,\"name\":\"\u0160to sadr\u017ei Rezolucija koja \u0107e biti usvojena na 9. zasjedanju Hrvatskog narodnog sabora BiH?\"}]},{\"@type\":\"WebSite\",\"@id\":\"https:\\\/\\\/radioljubuski.ba\\\/#website\",\"url\":\"https:\\\/\\\/radioljubuski.ba\\\/\",\"name\":\"Radio Ljubu\u0161ki\",\"description\":\"Sun\u010dana frekvencija Hercegovine\",\"publisher\":{\"@id\":\"https:\\\/\\\/radioljubuski.ba\\\/#organization\"},\"potentialAction\":[{\"@type\":\"SearchAction\",\"target\":{\"@type\":\"EntryPoint\",\"urlTemplate\":\"https:\\\/\\\/radioljubuski.ba\\\/?s={search_term_string}\"},\"query-input\":{\"@type\":\"PropertyValueSpecification\",\"valueRequired\":true,\"valueName\":\"search_term_string\"}}],\"inLanguage\":\"hr\"},{\"@type\":\"Organization\",\"@id\":\"https:\\\/\\\/radioljubuski.ba\\\/#organization\",\"name\":\"Radio Ljubu\u0161ki\",\"url\":\"https:\\\/\\\/radioljubuski.ba\\\/\",\"logo\":{\"@type\":\"ImageObject\",\"inLanguage\":\"hr\",\"@id\":\"https:\\\/\\\/radioljubuski.ba\\\/#\\\/schema\\\/logo\\\/image\\\/\",\"url\":\"https:\\\/\\\/radioljubuski.ba\\\/wp-content\\\/uploads\\\/2021\\\/02\\\/cropped-Radio_Ljubuski_logo1.jpg\",\"contentUrl\":\"https:\\\/\\\/radioljubuski.ba\\\/wp-content\\\/uploads\\\/2021\\\/02\\\/cropped-Radio_Ljubuski_logo1.jpg\",\"width\":512,\"height\":512,\"caption\":\"Radio Ljubu\u0161ki\"},\"image\":{\"@id\":\"https:\\\/\\\/radioljubuski.ba\\\/#\\\/schema\\\/logo\\\/image\\\/\"},\"sameAs\":[\"https:\\\/\\\/www.facebook.com\\\/Radiio-Ljubuski-1490835324566332\",\"https:\\\/\\\/x.com\\\/radioljubuski\",\"https:\\\/\\\/hr.linkedin.com\\\/company\\\/radio-ljubuski\",\"https:\\\/\\\/www.youtube.com\\\/channel\\\/UCHYaeO_n0Db3tjNGudGpXyw\"]},{\"@type\":\"Person\",\"@id\":\"https:\\\/\\\/radioljubuski.ba\\\/#\\\/schema\\\/person\\\/19fc700381a780f69665d7956c469e3b\",\"name\":\"Radio Ljubu\u0161ki\"}]}<\/script>\n<!-- \/ Yoast SEO plugin. -->","yoast_head_json":{"title":"\u0160to sadr\u017ei Rezolucija koja \u0107e biti usvojena na 9. zasjedanju Hrvatskog narodnog sabora BiH? - RADIO LJUBU\u0160KI","robots":{"index":"index","follow":"follow","max-snippet":"max-snippet:-1","max-image-preview":"max-image-preview:large","max-video-preview":"max-video-preview:-1"},"canonical":"https:\/\/radioljubuski.ba\/index.php\/2021\/06\/02\/sto-sadrzi-rezolucija-koja-ce-biti-usvojena-na-9-zasjedanju-hrvatskog-narodnog-sabora-bih\/","og_locale":"hr_HR","og_type":"article","og_title":"\u0160to sadr\u017ei Rezolucija koja \u0107e biti usvojena na 9. zasjedanju Hrvatskog narodnog sabora BiH? - RADIO LJUBU\u0160KI","og_description":"Deveto zasjedanje Hrvatskog narodnog sabora Bosne i Hercegovine odr\u017eat \u0107e se u petak u Mostaru na kojemu \u0107e se donijeti rezolucija koja bi trebala osna\u017eiti poziciju hrvatskih pregovara\u010da u nastavku razgovora o izmjenama Izbornoga zakona i Ustava zemlje. Predsjedni\u0161tvo i Glavno vije\u0107e na sjednici u Mostaru dogovorili su zavr\u0161ne pojedinosti oko ovoga zasjedanja, pi\u0161e&nbsp;Ve\u010dernji list [&hellip;]","og_url":"https:\/\/radioljubuski.ba\/index.php\/2021\/06\/02\/sto-sadrzi-rezolucija-koja-ce-biti-usvojena-na-9-zasjedanju-hrvatskog-narodnog-sabora-bih\/","og_site_name":"RADIO LJUBU\u0160KI","article_publisher":"https:\/\/www.facebook.com\/Radiio-Ljubuski-1490835324566332","article_published_time":"2021-06-02T19:56:21+00:00","article_modified_time":"2021-06-02T19:56:22+00:00","og_image":[{"width":1068,"height":734,"url":"https:\/\/radioljubuski.ba\/wp-content\/uploads\/2021\/06\/dvorana-bijeli-brijeg-1068x734-1.jpg","type":"image\/jpeg"}],"author":"Radio Ljubu\u0161ki","twitter_card":"summary_large_image","twitter_creator":"@radioljubuski","twitter_site":"@radioljubuski","twitter_misc":{"Napisao\/la":"Radio Ljubu\u0161ki","Procijenjeno vrijeme \u010ditanja":"2 minute"},"schema":{"@context":"https:\/\/schema.org","@graph":[{"@type":"Article","@id":"https:\/\/radioljubuski.ba\/index.php\/2021\/06\/02\/sto-sadrzi-rezolucija-koja-ce-biti-usvojena-na-9-zasjedanju-hrvatskog-narodnog-sabora-bih\/#article","isPartOf":{"@id":"https:\/\/radioljubuski.ba\/index.php\/2021\/06\/02\/sto-sadrzi-rezolucija-koja-ce-biti-usvojena-na-9-zasjedanju-hrvatskog-narodnog-sabora-bih\/"},"author":{"name":"Radio Ljubu\u0161ki","@id":"https:\/\/radioljubuski.ba\/#\/schema\/person\/19fc700381a780f69665d7956c469e3b"},"headline":"\u0160to sadr\u017ei Rezolucija koja \u0107e biti usvojena na 9. zasjedanju Hrvatskog narodnog sabora BiH?","datePublished":"2021-06-02T19:56:21+00:00","dateModified":"2021-06-02T19:56:22+00:00","mainEntityOfPage":{"@id":"https:\/\/radioljubuski.ba\/index.php\/2021\/06\/02\/sto-sadrzi-rezolucija-koja-ce-biti-usvojena-na-9-zasjedanju-hrvatskog-narodnog-sabora-bih\/"},"wordCount":488,"publisher":{"@id":"https:\/\/radioljubuski.ba\/#organization"},"image":{"@id":"https:\/\/radioljubuski.ba\/index.php\/2021\/06\/02\/sto-sadrzi-rezolucija-koja-ce-biti-usvojena-na-9-zasjedanju-hrvatskog-narodnog-sabora-bih\/#primaryimage"},"thumbnailUrl":"https:\/\/radioljubuski.ba\/wp-content\/uploads\/2021\/06\/dvorana-bijeli-brijeg-1068x734-1.jpg","articleSection":["BIH i regija"],"inLanguage":"hr"},{"@type":"WebPage","@id":"https:\/\/radioljubuski.ba\/index.php\/2021\/06\/02\/sto-sadrzi-rezolucija-koja-ce-biti-usvojena-na-9-zasjedanju-hrvatskog-narodnog-sabora-bih\/","url":"https:\/\/radioljubuski.ba\/index.php\/2021\/06\/02\/sto-sadrzi-rezolucija-koja-ce-biti-usvojena-na-9-zasjedanju-hrvatskog-narodnog-sabora-bih\/","name":"\u0160to sadr\u017ei Rezolucija koja \u0107e biti usvojena na 9. zasjedanju Hrvatskog narodnog sabora BiH? - RADIO LJUBU\u0160KI","isPartOf":{"@id":"https:\/\/radioljubuski.ba\/#website"},"primaryImageOfPage":{"@id":"https:\/\/radioljubuski.ba\/index.php\/2021\/06\/02\/sto-sadrzi-rezolucija-koja-ce-biti-usvojena-na-9-zasjedanju-hrvatskog-narodnog-sabora-bih\/#primaryimage"},"image":{"@id":"https:\/\/radioljubuski.ba\/index.php\/2021\/06\/02\/sto-sadrzi-rezolucija-koja-ce-biti-usvojena-na-9-zasjedanju-hrvatskog-narodnog-sabora-bih\/#primaryimage"},"thumbnailUrl":"https:\/\/radioljubuski.ba\/wp-content\/uploads\/2021\/06\/dvorana-bijeli-brijeg-1068x734-1.jpg","datePublished":"2021-06-02T19:56:21+00:00","dateModified":"2021-06-02T19:56:22+00:00","breadcrumb":{"@id":"https:\/\/radioljubuski.ba\/index.php\/2021\/06\/02\/sto-sadrzi-rezolucija-koja-ce-biti-usvojena-na-9-zasjedanju-hrvatskog-narodnog-sabora-bih\/#breadcrumb"},"inLanguage":"hr","potentialAction":[{"@type":"ReadAction","target":["https:\/\/radioljubuski.ba\/index.php\/2021\/06\/02\/sto-sadrzi-rezolucija-koja-ce-biti-usvojena-na-9-zasjedanju-hrvatskog-narodnog-sabora-bih\/"]}]},{"@type":"ImageObject","inLanguage":"hr","@id":"https:\/\/radioljubuski.ba\/index.php\/2021\/06\/02\/sto-sadrzi-rezolucija-koja-ce-biti-usvojena-na-9-zasjedanju-hrvatskog-narodnog-sabora-bih\/#primaryimage","url":"https:\/\/radioljubuski.ba\/wp-content\/uploads\/2021\/06\/dvorana-bijeli-brijeg-1068x734-1.jpg","contentUrl":"https:\/\/radioljubuski.ba\/wp-content\/uploads\/2021\/06\/dvorana-bijeli-brijeg-1068x734-1.jpg","width":1068,"height":734},{"@type":"BreadcrumbList","@id":"https:\/\/radioljubuski.ba\/index.php\/2021\/06\/02\/sto-sadrzi-rezolucija-koja-ce-biti-usvojena-na-9-zasjedanju-hrvatskog-narodnog-sabora-bih\/#breadcrumb","itemListElement":[{"@type":"ListItem","position":1,"name":"Po\u010detna stranica","item":"https:\/\/radioljubuski.ba\/"},{"@type":"ListItem","position":2,"name":"\u0160to sadr\u017ei Rezolucija koja \u0107e biti usvojena na 9. zasjedanju Hrvatskog narodnog sabora BiH?"}]},{"@type":"WebSite","@id":"https:\/\/radioljubuski.ba\/#website","url":"https:\/\/radioljubuski.ba\/","name":"Radio Ljubu\u0161ki","description":"Sun\u010dana frekvencija Hercegovine","publisher":{"@id":"https:\/\/radioljubuski.ba\/#organization"},"potentialAction":[{"@type":"SearchAction","target":{"@type":"EntryPoint","urlTemplate":"https:\/\/radioljubuski.ba\/?s={search_term_string}"},"query-input":{"@type":"PropertyValueSpecification","valueRequired":true,"valueName":"search_term_string"}}],"inLanguage":"hr"},{"@type":"Organization","@id":"https:\/\/radioljubuski.ba\/#organization","name":"Radio Ljubu\u0161ki","url":"https:\/\/radioljubuski.ba\/","logo":{"@type":"ImageObject","inLanguage":"hr","@id":"https:\/\/radioljubuski.ba\/#\/schema\/logo\/image\/","url":"https:\/\/radioljubuski.ba\/wp-content\/uploads\/2021\/02\/cropped-Radio_Ljubuski_logo1.jpg","contentUrl":"https:\/\/radioljubuski.ba\/wp-content\/uploads\/2021\/02\/cropped-Radio_Ljubuski_logo1.jpg","width":512,"height":512,"caption":"Radio Ljubu\u0161ki"},"image":{"@id":"https:\/\/radioljubuski.ba\/#\/schema\/logo\/image\/"},"sameAs":["https:\/\/www.facebook.com\/Radiio-Ljubuski-1490835324566332","https:\/\/x.com\/radioljubuski","https:\/\/hr.linkedin.com\/company\/radio-ljubuski","https:\/\/www.youtube.com\/channel\/UCHYaeO_n0Db3tjNGudGpXyw"]},{"@type":"Person","@id":"https:\/\/radioljubuski.ba\/#\/schema\/person\/19fc700381a780f69665d7956c469e3b","name":"Radio Ljubu\u0161ki"}]}},"_links":{"self":[{"href":"https:\/\/radioljubuski.ba\/index.php\/wp-json\/wp\/v2\/posts\/27786","targetHints":{"allow":["GET"]}}],"collection":[{"href":"https:\/\/radioljubuski.ba\/index.php\/wp-json\/wp\/v2\/posts"}],"about":[{"href":"https:\/\/radioljubuski.ba\/index.php\/wp-json\/wp\/v2\/types\/post"}],"author":[{"embeddable":true,"href":"https:\/\/radioljubuski.ba\/index.php\/wp-json\/wp\/v2\/users\/2"}],"replies":[{"embeddable":true,"href":"https:\/\/radioljubuski.ba\/index.php\/wp-json\/wp\/v2\/comments?post=27786"}],"version-history":[{"count":1,"href":"https:\/\/radioljubuski.ba\/index.php\/wp-json\/wp\/v2\/posts\/27786\/revisions"}],"predecessor-version":[{"id":27788,"href":"https:\/\/radioljubuski.ba\/index.php\/wp-json\/wp\/v2\/posts\/27786\/revisions\/27788"}],"wp:featuredmedia":[{"embeddable":true,"href":"https:\/\/radioljubuski.ba\/index.php\/wp-json\/wp\/v2\/media\/27787"}],"wp:attachment":[{"href":"https:\/\/radioljubuski.ba\/index.php\/wp-json\/wp\/v2\/media?parent=27786"}],"wp:term":[{"taxonomy":"category","embeddable":true,"href":"https:\/\/radioljubuski.ba\/index.php\/wp-json\/wp\/v2\/categories?post=27786"},{"taxonomy":"post_tag","embeddable":true,"href":"https:\/\/radioljubuski.ba\/index.php\/wp-json\/wp\/v2\/tags?post=27786"}],"curies":[{"name":"wp","href":"https:\/\/api.w.org\/{rel}","templated":true}]}}