{"id":27814,"date":"2021-06-02T22:06:29","date_gmt":"2021-06-02T21:06:29","guid":{"rendered":"https:\/\/radioljubuski.ba\/?p=27814"},"modified":"2021-06-02T22:06:29","modified_gmt":"2021-06-02T21:06:29","slug":"u-ovoj-godini-u-fbih-polovina-poslodavaca-zeli-zaposliti-radnike","status":"publish","type":"post","link":"https:\/\/radioljubuski.ba\/index.php\/2021\/06\/02\/u-ovoj-godini-u-fbih-polovina-poslodavaca-zeli-zaposliti-radnike\/","title":{"rendered":"U ovoj godini u FBiH polovina poslodavaca \u017eeli zaposliti radnike"},"content":{"rendered":"\n<p>Znakovi oporavka tr\u017ei\u0161ta rada prisutni su u brojnim primjerima, a nedavno izra\u0111ena anketa Federalnog zavoda za zapo\u0161ljavanje daje dodatni prostor za optimizam te sugerira kako \u0107e u ovoj godini do\u0107i do porasta broja zaposlenih iako jo\u0161 uvijek ne kao na razini iz 2019. godine, pi\u0161e Ve\u010dernji list BiH.<\/p>\n\n\n\n<p>Ravnateljica Federalnog zavoda za zapo\u0161ljavanje Helena Lon\u010dar kazala je u razgovoru za Ve\u010dernji list kako je 52 posto anketiranih poslodavaca iskazalo namjeru zapo\u0161ljavati u 2021. godini.<\/p>\n\n\n\n<p>Struktura poduze\u0107a<\/p>\n\n\n\n<p>Anketirana su, objasnila je Lon\u010dar, ukupno 1232 poslodavca s pet i vi\u0161e zaposlenih, a koji ukupno zapo\u0161ljavaju 75 tisu\u0107a radnika, pri \u010demu je vi\u0161e od 70 posto njih s ugovorom na neodre\u0111eno vrijeme.<\/p>\n\n\n\n<p>Dodaje kako 81 posto \u010dine mikro i male tvrtke koje imaju do 50 radnika, 13 posto srednje tvrtke od 50 do 250 radnika, dok \u0161est posto \u010dine tvrtke s vi\u0161e od 250 radnika. U kontekstu djelatnosti, 27 posto anketiranih \u010dinila su poduze\u0107a iz prera\u0111iva\u010dke industrije, 24 posto iz trgovine te 11 posto iz ugostiteljstva. U kontekstu procjena za ovu godinu, potvrdila je kako se 52 posto izjasnilo kako namjerava zapo\u0161ljavati, a kada se taj podatak usporedi s 2019., to je 3 posto manje.<\/p>\n\n\n\n<p>Ipak, i ovo je napredak te pokazuje oporavak, a u ovoj bi godini, sukladno podacima, za 1232 anketirana poslodavca, bilo potrebno 4560 radnika, od \u010dega 43 posto u prera\u0111iva\u010dkoj industriji, 22 posto u trgovini te 7 posto u IT sektoru. Pritom se 57 posto anketiranih izjasnilo kako procjenjuje rast obujma poslovanja i financijskih efekata, a 43 procjenjuje i rast pla\u0107a. Kad je rije\u010d o stru\u010dnim spremama koje se tra\u017ee, vidljive su odre\u0111ene tendencije, kako u kontekstu srednje stru\u010dne tako i u kontekstu visoke stru\u010dne spreme.<\/p>\n\n\n\n<p>&#8211; Poslodavci \u017eele zapo\u0161ljavati, imaju potrebu i tra\u017ee potporu &#8211; ka\u017ee Lon\u010dar.<\/p>\n\n\n\n<p>Zavod za zapo\u0161ljavanje pritom provodi niz aktivnosti koje za cilj imaju stimulaciju zapo\u0161ljavanja, a jedan od programa je i \u201cTra\u017eim poslodavca 2021.\u201d koji je namijenjen fizi\u010dkim osobama na evidencijama, a koje, ako ostvare pravo na subvenciju i uspiju rezervirati sebi nov\u010dani iznos, dobiju rok od 60 dana za na\u0107i poslodavca koji \u0107e onda preuzeti taj vau\u010der. Kroz program su na prvom pozivu osigurana 2 milijuna KM te su 333 osobe rezervirale novac.<\/p>\n\n\n\n<p>Podr\u0161ka i potrebe<\/p>\n\n\n\n<p>Koliko zanimanju vlada, dovoljno pokazuje i podatak kako su imali jo\u0161 1978 osoba na \u010dekanju. No, i one \u0107e dobiti priliku. Ravnateljica Federalnog zavoda za zapo\u0161ljavanje Helena Lon\u010dar potvrdila nam je kako \u0107e se raspisati i poziv za dodatnih 5 milijuna KM koji \u0107e biti dostupni u okviru mjere \u201cTra\u017eim poslodavca 2021.\u201d kako bi se prijavili oni koji su na listi \u010dekanja i oni koji se prvi put prijavljuju.<\/p>\n\n\n\n<p>&#8211; Ovo pokazuje kako postoji zanimanje za zapo\u0161ljavanje, kao i potreba potpore. Zavod daje maksimum u okviru onoga \u010dime raspola\u017ee &#8211; kazala je Lon\u010dar. U pro\u0161loj godini tako\u0111er su provo\u0111eni programi aktivnih politika zapo\u0161ljavanja pa je tako do kraja pro\u0161le godine zaposleno oko 9 i pol tisu\u0107a osoba. Podaci s po\u010detka ove godine, kao i procjene samih poslodavaca, pokazuju kako bi ova godina mogla donijeti prijeko potrebni zna\u010dajniji oporavak tr\u017ei\u0161ta rada nakon krize izazvane pandemijom.<\/p>\n\n\n\n<p>Izvor:vecernji.ba<\/p>\n","protected":false},"excerpt":{"rendered":"<p>Znakovi oporavka tr\u017ei\u0161ta rada prisutni su u brojnim primjerima, a nedavno izra\u0111ena anketa Federalnog zavoda za zapo\u0161ljavanje daje dodatni prostor za optimizam te sugerira kako \u0107e u ovoj godini do\u0107i do porasta broja zaposlenih iako jo\u0161 uvijek ne kao na razini iz 2019. godine, pi\u0161e Ve\u010dernji list BiH. Ravnateljica Federalnog zavoda za zapo\u0161ljavanje Helena Lon\u010dar [&hellip;]<\/p>\n","protected":false},"author":2,"featured_media":27815,"comment_status":"closed","ping_status":"closed","sticky":false,"template":"","format":"standard","meta":{"h5ap_radio_sources":[],"footnotes":""},"categories":[1],"tags":[],"class_list":["post-27814","post","type-post","status-publish","format-standard","has-post-thumbnail","hentry","category-bihiregija"],"yoast_head":"<!-- This site is optimized with the Yoast SEO plugin v27.5 - https:\/\/yoast.com\/product\/yoast-seo-wordpress\/ -->\n<title>U ovoj godini u FBiH polovina poslodavaca \u017eeli zaposliti radnike - RADIO LJUBU\u0160KI<\/title>\n<meta name=\"robots\" content=\"index, follow, max-snippet:-1, max-image-preview:large, max-video-preview:-1\" \/>\n<link rel=\"canonical\" href=\"https:\/\/radioljubuski.ba\/index.php\/2021\/06\/02\/u-ovoj-godini-u-fbih-polovina-poslodavaca-zeli-zaposliti-radnike\/\" \/>\n<meta property=\"og:locale\" content=\"hr_HR\" \/>\n<meta property=\"og:type\" content=\"article\" \/>\n<meta property=\"og:title\" content=\"U ovoj godini u FBiH polovina poslodavaca \u017eeli zaposliti radnike - RADIO LJUBU\u0160KI\" \/>\n<meta property=\"og:description\" content=\"Znakovi oporavka tr\u017ei\u0161ta rada prisutni su u brojnim primjerima, a nedavno izra\u0111ena anketa Federalnog zavoda za zapo\u0161ljavanje daje dodatni prostor za optimizam te sugerira kako \u0107e u ovoj godini do\u0107i do porasta broja zaposlenih iako jo\u0161 uvijek ne kao na razini iz 2019. godine, pi\u0161e Ve\u010dernji list BiH. Ravnateljica Federalnog zavoda za zapo\u0161ljavanje Helena Lon\u010dar [&hellip;]\" \/>\n<meta property=\"og:url\" content=\"https:\/\/radioljubuski.ba\/index.php\/2021\/06\/02\/u-ovoj-godini-u-fbih-polovina-poslodavaca-zeli-zaposliti-radnike\/\" \/>\n<meta property=\"og:site_name\" content=\"RADIO LJUBU\u0160KI\" \/>\n<meta property=\"article:publisher\" content=\"https:\/\/www.facebook.com\/Radiio-Ljubuski-1490835324566332\" \/>\n<meta property=\"article:published_time\" content=\"2021-06-02T21:06:29+00:00\" \/>\n<meta property=\"og:image\" content=\"https:\/\/radioljubuski.ba\/wp-content\/uploads\/2021\/06\/3bGY7HC9_posao.jpg\" \/>\n\t<meta property=\"og:image:width\" content=\"1000\" \/>\n\t<meta property=\"og:image:height\" content=\"625\" \/>\n\t<meta property=\"og:image:type\" content=\"image\/jpeg\" \/>\n<meta name=\"author\" content=\"Radio Ljubu\u0161ki\" \/>\n<meta name=\"twitter:card\" content=\"summary_large_image\" \/>\n<meta name=\"twitter:creator\" content=\"@radioljubuski\" \/>\n<meta name=\"twitter:site\" content=\"@radioljubuski\" \/>\n<meta name=\"twitter:label1\" content=\"Napisao\/la\" \/>\n\t<meta name=\"twitter:data1\" content=\"Radio Ljubu\u0161ki\" \/>\n\t<meta name=\"twitter:label2\" content=\"Procijenjeno vrijeme \u010ditanja\" \/>\n\t<meta name=\"twitter:data2\" content=\"3 minute\" \/>\n<script type=\"application\/ld+json\" class=\"yoast-schema-graph\">{\"@context\":\"https:\\\/\\\/schema.org\",\"@graph\":[{\"@type\":\"Article\",\"@id\":\"https:\\\/\\\/radioljubuski.ba\\\/index.php\\\/2021\\\/06\\\/02\\\/u-ovoj-godini-u-fbih-polovina-poslodavaca-zeli-zaposliti-radnike\\\/#article\",\"isPartOf\":{\"@id\":\"https:\\\/\\\/radioljubuski.ba\\\/index.php\\\/2021\\\/06\\\/02\\\/u-ovoj-godini-u-fbih-polovina-poslodavaca-zeli-zaposliti-radnike\\\/\"},\"author\":{\"name\":\"Radio Ljubu\u0161ki\",\"@id\":\"https:\\\/\\\/radioljubuski.ba\\\/#\\\/schema\\\/person\\\/19fc700381a780f69665d7956c469e3b\"},\"headline\":\"U ovoj godini u FBiH polovina poslodavaca \u017eeli zaposliti radnike\",\"datePublished\":\"2021-06-02T21:06:29+00:00\",\"mainEntityOfPage\":{\"@id\":\"https:\\\/\\\/radioljubuski.ba\\\/index.php\\\/2021\\\/06\\\/02\\\/u-ovoj-godini-u-fbih-polovina-poslodavaca-zeli-zaposliti-radnike\\\/\"},\"wordCount\":547,\"publisher\":{\"@id\":\"https:\\\/\\\/radioljubuski.ba\\\/#organization\"},\"image\":{\"@id\":\"https:\\\/\\\/radioljubuski.ba\\\/index.php\\\/2021\\\/06\\\/02\\\/u-ovoj-godini-u-fbih-polovina-poslodavaca-zeli-zaposliti-radnike\\\/#primaryimage\"},\"thumbnailUrl\":\"https:\\\/\\\/radioljubuski.ba\\\/wp-content\\\/uploads\\\/2021\\\/06\\\/3bGY7HC9_posao.jpg\",\"articleSection\":[\"BIH i regija\"],\"inLanguage\":\"hr\"},{\"@type\":\"WebPage\",\"@id\":\"https:\\\/\\\/radioljubuski.ba\\\/index.php\\\/2021\\\/06\\\/02\\\/u-ovoj-godini-u-fbih-polovina-poslodavaca-zeli-zaposliti-radnike\\\/\",\"url\":\"https:\\\/\\\/radioljubuski.ba\\\/index.php\\\/2021\\\/06\\\/02\\\/u-ovoj-godini-u-fbih-polovina-poslodavaca-zeli-zaposliti-radnike\\\/\",\"name\":\"U ovoj godini u FBiH polovina poslodavaca \u017eeli zaposliti radnike - RADIO LJUBU\u0160KI\",\"isPartOf\":{\"@id\":\"https:\\\/\\\/radioljubuski.ba\\\/#website\"},\"primaryImageOfPage\":{\"@id\":\"https:\\\/\\\/radioljubuski.ba\\\/index.php\\\/2021\\\/06\\\/02\\\/u-ovoj-godini-u-fbih-polovina-poslodavaca-zeli-zaposliti-radnike\\\/#primaryimage\"},\"image\":{\"@id\":\"https:\\\/\\\/radioljubuski.ba\\\/index.php\\\/2021\\\/06\\\/02\\\/u-ovoj-godini-u-fbih-polovina-poslodavaca-zeli-zaposliti-radnike\\\/#primaryimage\"},\"thumbnailUrl\":\"https:\\\/\\\/radioljubuski.ba\\\/wp-content\\\/uploads\\\/2021\\\/06\\\/3bGY7HC9_posao.jpg\",\"datePublished\":\"2021-06-02T21:06:29+00:00\",\"breadcrumb\":{\"@id\":\"https:\\\/\\\/radioljubuski.ba\\\/index.php\\\/2021\\\/06\\\/02\\\/u-ovoj-godini-u-fbih-polovina-poslodavaca-zeli-zaposliti-radnike\\\/#breadcrumb\"},\"inLanguage\":\"hr\",\"potentialAction\":[{\"@type\":\"ReadAction\",\"target\":[\"https:\\\/\\\/radioljubuski.ba\\\/index.php\\\/2021\\\/06\\\/02\\\/u-ovoj-godini-u-fbih-polovina-poslodavaca-zeli-zaposliti-radnike\\\/\"]}]},{\"@type\":\"ImageObject\",\"inLanguage\":\"hr\",\"@id\":\"https:\\\/\\\/radioljubuski.ba\\\/index.php\\\/2021\\\/06\\\/02\\\/u-ovoj-godini-u-fbih-polovina-poslodavaca-zeli-zaposliti-radnike\\\/#primaryimage\",\"url\":\"https:\\\/\\\/radioljubuski.ba\\\/wp-content\\\/uploads\\\/2021\\\/06\\\/3bGY7HC9_posao.jpg\",\"contentUrl\":\"https:\\\/\\\/radioljubuski.ba\\\/wp-content\\\/uploads\\\/2021\\\/06\\\/3bGY7HC9_posao.jpg\",\"width\":1000,\"height\":625},{\"@type\":\"BreadcrumbList\",\"@id\":\"https:\\\/\\\/radioljubuski.ba\\\/index.php\\\/2021\\\/06\\\/02\\\/u-ovoj-godini-u-fbih-polovina-poslodavaca-zeli-zaposliti-radnike\\\/#breadcrumb\",\"itemListElement\":[{\"@type\":\"ListItem\",\"position\":1,\"name\":\"Po\u010detna stranica\",\"item\":\"https:\\\/\\\/radioljubuski.ba\\\/\"},{\"@type\":\"ListItem\",\"position\":2,\"name\":\"U ovoj godini u FBiH polovina poslodavaca \u017eeli zaposliti radnike\"}]},{\"@type\":\"WebSite\",\"@id\":\"https:\\\/\\\/radioljubuski.ba\\\/#website\",\"url\":\"https:\\\/\\\/radioljubuski.ba\\\/\",\"name\":\"Radio Ljubu\u0161ki\",\"description\":\"Sun\u010dana frekvencija Hercegovine\",\"publisher\":{\"@id\":\"https:\\\/\\\/radioljubuski.ba\\\/#organization\"},\"potentialAction\":[{\"@type\":\"SearchAction\",\"target\":{\"@type\":\"EntryPoint\",\"urlTemplate\":\"https:\\\/\\\/radioljubuski.ba\\\/?s={search_term_string}\"},\"query-input\":{\"@type\":\"PropertyValueSpecification\",\"valueRequired\":true,\"valueName\":\"search_term_string\"}}],\"inLanguage\":\"hr\"},{\"@type\":\"Organization\",\"@id\":\"https:\\\/\\\/radioljubuski.ba\\\/#organization\",\"name\":\"Radio Ljubu\u0161ki\",\"url\":\"https:\\\/\\\/radioljubuski.ba\\\/\",\"logo\":{\"@type\":\"ImageObject\",\"inLanguage\":\"hr\",\"@id\":\"https:\\\/\\\/radioljubuski.ba\\\/#\\\/schema\\\/logo\\\/image\\\/\",\"url\":\"https:\\\/\\\/radioljubuski.ba\\\/wp-content\\\/uploads\\\/2021\\\/02\\\/cropped-Radio_Ljubuski_logo1.jpg\",\"contentUrl\":\"https:\\\/\\\/radioljubuski.ba\\\/wp-content\\\/uploads\\\/2021\\\/02\\\/cropped-Radio_Ljubuski_logo1.jpg\",\"width\":512,\"height\":512,\"caption\":\"Radio Ljubu\u0161ki\"},\"image\":{\"@id\":\"https:\\\/\\\/radioljubuski.ba\\\/#\\\/schema\\\/logo\\\/image\\\/\"},\"sameAs\":[\"https:\\\/\\\/www.facebook.com\\\/Radiio-Ljubuski-1490835324566332\",\"https:\\\/\\\/x.com\\\/radioljubuski\",\"https:\\\/\\\/hr.linkedin.com\\\/company\\\/radio-ljubuski\",\"https:\\\/\\\/www.youtube.com\\\/channel\\\/UCHYaeO_n0Db3tjNGudGpXyw\"]},{\"@type\":\"Person\",\"@id\":\"https:\\\/\\\/radioljubuski.ba\\\/#\\\/schema\\\/person\\\/19fc700381a780f69665d7956c469e3b\",\"name\":\"Radio Ljubu\u0161ki\"}]}<\/script>\n<!-- \/ Yoast SEO plugin. -->","yoast_head_json":{"title":"U ovoj godini u FBiH polovina poslodavaca \u017eeli zaposliti radnike - RADIO LJUBU\u0160KI","robots":{"index":"index","follow":"follow","max-snippet":"max-snippet:-1","max-image-preview":"max-image-preview:large","max-video-preview":"max-video-preview:-1"},"canonical":"https:\/\/radioljubuski.ba\/index.php\/2021\/06\/02\/u-ovoj-godini-u-fbih-polovina-poslodavaca-zeli-zaposliti-radnike\/","og_locale":"hr_HR","og_type":"article","og_title":"U ovoj godini u FBiH polovina poslodavaca \u017eeli zaposliti radnike - RADIO LJUBU\u0160KI","og_description":"Znakovi oporavka tr\u017ei\u0161ta rada prisutni su u brojnim primjerima, a nedavno izra\u0111ena anketa Federalnog zavoda za zapo\u0161ljavanje daje dodatni prostor za optimizam te sugerira kako \u0107e u ovoj godini do\u0107i do porasta broja zaposlenih iako jo\u0161 uvijek ne kao na razini iz 2019. godine, pi\u0161e Ve\u010dernji list BiH. Ravnateljica Federalnog zavoda za zapo\u0161ljavanje Helena Lon\u010dar [&hellip;]","og_url":"https:\/\/radioljubuski.ba\/index.php\/2021\/06\/02\/u-ovoj-godini-u-fbih-polovina-poslodavaca-zeli-zaposliti-radnike\/","og_site_name":"RADIO LJUBU\u0160KI","article_publisher":"https:\/\/www.facebook.com\/Radiio-Ljubuski-1490835324566332","article_published_time":"2021-06-02T21:06:29+00:00","og_image":[{"width":1000,"height":625,"url":"https:\/\/radioljubuski.ba\/wp-content\/uploads\/2021\/06\/3bGY7HC9_posao.jpg","type":"image\/jpeg"}],"author":"Radio Ljubu\u0161ki","twitter_card":"summary_large_image","twitter_creator":"@radioljubuski","twitter_site":"@radioljubuski","twitter_misc":{"Napisao\/la":"Radio Ljubu\u0161ki","Procijenjeno vrijeme \u010ditanja":"3 minute"},"schema":{"@context":"https:\/\/schema.org","@graph":[{"@type":"Article","@id":"https:\/\/radioljubuski.ba\/index.php\/2021\/06\/02\/u-ovoj-godini-u-fbih-polovina-poslodavaca-zeli-zaposliti-radnike\/#article","isPartOf":{"@id":"https:\/\/radioljubuski.ba\/index.php\/2021\/06\/02\/u-ovoj-godini-u-fbih-polovina-poslodavaca-zeli-zaposliti-radnike\/"},"author":{"name":"Radio Ljubu\u0161ki","@id":"https:\/\/radioljubuski.ba\/#\/schema\/person\/19fc700381a780f69665d7956c469e3b"},"headline":"U ovoj godini u FBiH polovina poslodavaca \u017eeli zaposliti radnike","datePublished":"2021-06-02T21:06:29+00:00","mainEntityOfPage":{"@id":"https:\/\/radioljubuski.ba\/index.php\/2021\/06\/02\/u-ovoj-godini-u-fbih-polovina-poslodavaca-zeli-zaposliti-radnike\/"},"wordCount":547,"publisher":{"@id":"https:\/\/radioljubuski.ba\/#organization"},"image":{"@id":"https:\/\/radioljubuski.ba\/index.php\/2021\/06\/02\/u-ovoj-godini-u-fbih-polovina-poslodavaca-zeli-zaposliti-radnike\/#primaryimage"},"thumbnailUrl":"https:\/\/radioljubuski.ba\/wp-content\/uploads\/2021\/06\/3bGY7HC9_posao.jpg","articleSection":["BIH i regija"],"inLanguage":"hr"},{"@type":"WebPage","@id":"https:\/\/radioljubuski.ba\/index.php\/2021\/06\/02\/u-ovoj-godini-u-fbih-polovina-poslodavaca-zeli-zaposliti-radnike\/","url":"https:\/\/radioljubuski.ba\/index.php\/2021\/06\/02\/u-ovoj-godini-u-fbih-polovina-poslodavaca-zeli-zaposliti-radnike\/","name":"U ovoj godini u FBiH polovina poslodavaca \u017eeli zaposliti radnike - RADIO LJUBU\u0160KI","isPartOf":{"@id":"https:\/\/radioljubuski.ba\/#website"},"primaryImageOfPage":{"@id":"https:\/\/radioljubuski.ba\/index.php\/2021\/06\/02\/u-ovoj-godini-u-fbih-polovina-poslodavaca-zeli-zaposliti-radnike\/#primaryimage"},"image":{"@id":"https:\/\/radioljubuski.ba\/index.php\/2021\/06\/02\/u-ovoj-godini-u-fbih-polovina-poslodavaca-zeli-zaposliti-radnike\/#primaryimage"},"thumbnailUrl":"https:\/\/radioljubuski.ba\/wp-content\/uploads\/2021\/06\/3bGY7HC9_posao.jpg","datePublished":"2021-06-02T21:06:29+00:00","breadcrumb":{"@id":"https:\/\/radioljubuski.ba\/index.php\/2021\/06\/02\/u-ovoj-godini-u-fbih-polovina-poslodavaca-zeli-zaposliti-radnike\/#breadcrumb"},"inLanguage":"hr","potentialAction":[{"@type":"ReadAction","target":["https:\/\/radioljubuski.ba\/index.php\/2021\/06\/02\/u-ovoj-godini-u-fbih-polovina-poslodavaca-zeli-zaposliti-radnike\/"]}]},{"@type":"ImageObject","inLanguage":"hr","@id":"https:\/\/radioljubuski.ba\/index.php\/2021\/06\/02\/u-ovoj-godini-u-fbih-polovina-poslodavaca-zeli-zaposliti-radnike\/#primaryimage","url":"https:\/\/radioljubuski.ba\/wp-content\/uploads\/2021\/06\/3bGY7HC9_posao.jpg","contentUrl":"https:\/\/radioljubuski.ba\/wp-content\/uploads\/2021\/06\/3bGY7HC9_posao.jpg","width":1000,"height":625},{"@type":"BreadcrumbList","@id":"https:\/\/radioljubuski.ba\/index.php\/2021\/06\/02\/u-ovoj-godini-u-fbih-polovina-poslodavaca-zeli-zaposliti-radnike\/#breadcrumb","itemListElement":[{"@type":"ListItem","position":1,"name":"Po\u010detna stranica","item":"https:\/\/radioljubuski.ba\/"},{"@type":"ListItem","position":2,"name":"U ovoj godini u FBiH polovina poslodavaca \u017eeli zaposliti radnike"}]},{"@type":"WebSite","@id":"https:\/\/radioljubuski.ba\/#website","url":"https:\/\/radioljubuski.ba\/","name":"Radio Ljubu\u0161ki","description":"Sun\u010dana frekvencija Hercegovine","publisher":{"@id":"https:\/\/radioljubuski.ba\/#organization"},"potentialAction":[{"@type":"SearchAction","target":{"@type":"EntryPoint","urlTemplate":"https:\/\/radioljubuski.ba\/?s={search_term_string}"},"query-input":{"@type":"PropertyValueSpecification","valueRequired":true,"valueName":"search_term_string"}}],"inLanguage":"hr"},{"@type":"Organization","@id":"https:\/\/radioljubuski.ba\/#organization","name":"Radio Ljubu\u0161ki","url":"https:\/\/radioljubuski.ba\/","logo":{"@type":"ImageObject","inLanguage":"hr","@id":"https:\/\/radioljubuski.ba\/#\/schema\/logo\/image\/","url":"https:\/\/radioljubuski.ba\/wp-content\/uploads\/2021\/02\/cropped-Radio_Ljubuski_logo1.jpg","contentUrl":"https:\/\/radioljubuski.ba\/wp-content\/uploads\/2021\/02\/cropped-Radio_Ljubuski_logo1.jpg","width":512,"height":512,"caption":"Radio Ljubu\u0161ki"},"image":{"@id":"https:\/\/radioljubuski.ba\/#\/schema\/logo\/image\/"},"sameAs":["https:\/\/www.facebook.com\/Radiio-Ljubuski-1490835324566332","https:\/\/x.com\/radioljubuski","https:\/\/hr.linkedin.com\/company\/radio-ljubuski","https:\/\/www.youtube.com\/channel\/UCHYaeO_n0Db3tjNGudGpXyw"]},{"@type":"Person","@id":"https:\/\/radioljubuski.ba\/#\/schema\/person\/19fc700381a780f69665d7956c469e3b","name":"Radio Ljubu\u0161ki"}]}},"_links":{"self":[{"href":"https:\/\/radioljubuski.ba\/index.php\/wp-json\/wp\/v2\/posts\/27814","targetHints":{"allow":["GET"]}}],"collection":[{"href":"https:\/\/radioljubuski.ba\/index.php\/wp-json\/wp\/v2\/posts"}],"about":[{"href":"https:\/\/radioljubuski.ba\/index.php\/wp-json\/wp\/v2\/types\/post"}],"author":[{"embeddable":true,"href":"https:\/\/radioljubuski.ba\/index.php\/wp-json\/wp\/v2\/users\/2"}],"replies":[{"embeddable":true,"href":"https:\/\/radioljubuski.ba\/index.php\/wp-json\/wp\/v2\/comments?post=27814"}],"version-history":[{"count":1,"href":"https:\/\/radioljubuski.ba\/index.php\/wp-json\/wp\/v2\/posts\/27814\/revisions"}],"predecessor-version":[{"id":27816,"href":"https:\/\/radioljubuski.ba\/index.php\/wp-json\/wp\/v2\/posts\/27814\/revisions\/27816"}],"wp:featuredmedia":[{"embeddable":true,"href":"https:\/\/radioljubuski.ba\/index.php\/wp-json\/wp\/v2\/media\/27815"}],"wp:attachment":[{"href":"https:\/\/radioljubuski.ba\/index.php\/wp-json\/wp\/v2\/media?parent=27814"}],"wp:term":[{"taxonomy":"category","embeddable":true,"href":"https:\/\/radioljubuski.ba\/index.php\/wp-json\/wp\/v2\/categories?post=27814"},{"taxonomy":"post_tag","embeddable":true,"href":"https:\/\/radioljubuski.ba\/index.php\/wp-json\/wp\/v2\/tags?post=27814"}],"curies":[{"name":"wp","href":"https:\/\/api.w.org\/{rel}","templated":true}]}}