{"id":27823,"date":"2021-06-02T22:10:51","date_gmt":"2021-06-02T21:10:51","guid":{"rendered":"https:\/\/radioljubuski.ba\/?p=27823"},"modified":"2021-06-02T22:10:52","modified_gmt":"2021-06-02T21:10:52","slug":"copernicus-otkrio-da-cak-400-000-ljudi-godisnje-umre-prerano","status":"publish","type":"post","link":"https:\/\/radioljubuski.ba\/index.php\/2021\/06\/02\/copernicus-otkrio-da-cak-400-000-ljudi-godisnje-umre-prerano\/","title":{"rendered":"Copernicus otkrio da \u010dak 400.000 ljudi godi\u0161nje umre prerano"},"content":{"rendered":"\n<p>Europski program Copernicus otkrio je da 400 tisu\u0107a ljudi godi\u0161nje umre prerano zbog one\u010di\u0161\u0107enja zraka, re\u010deno je u srijedu na panelu u sklopu obilje\u017eavanja europskog Zelenog tjedna.<\/p>\n\n\n\n<p>Copernicus je program Europske komisije za promatranje Zemlje koji iz svemira mo\u017ee detektirati zaga\u0111ena podru\u010dja, a poma\u017ee i pri spa\u0161avanju \u017eivota na moru, pobolj\u0161ava reakciju na prirodne katastrofe poput potresa, \u0161umskih po\u017eara i poplava te omogu\u0107uje poljoprivrednicima bolje upravljanje usjevima.<\/p>\n\n\n\n<p>Vincent-Henri Peuch, direktor Slu\u017ebe za pra\u0107enje atmosfere Copernicus (CAMS) ustvrdio je kako je ovim programom uo\u010deno da 400 tisu\u0107a ljudi godi\u0161nje umre prerano te kako se iz godine u godinu pove\u0107avaju brojevi onih koji zbog one\u010di\u0161\u0107enja pate od raznih bolesti i zahtijevaju lijekove i hospitalizaciju.<\/p>\n\n\n\n<p>\u201cDnevno udi\u0161emo toliko zraka da mo\u017eemo ispuniti \u010detiri tisu\u0107e balona. Udi\u0161emo pritom i nevidljive, \u0161tetne \u010destice, a one s promjerom manjim od 2,5 mikrometra mogu \u0161tetno utjecati na na\u0161e zdravlje ukoliko duboko prodru u na\u0161a plu\u0107a. Tako nastanu bolesti srca, dugotrajne bolesti poput astme i rak plu\u0107a i demencija\u201d, ka\u017ee Peuch.<\/p>\n\n\n\n<p>Hans Bruyninckx, izvr\u0161ni direktor Europske agencije za okoli\u0161 (EEA), pohvalio je program jer su, me\u0111u ostalim, \u201cprve informacije o kvaliteti zraka u nekim zemljama do\u0161le ba\u0161 kroz Copernicus\u201d.<\/p>\n\n\n\n<p>Naglasio je i njegovu va\u017enost u budu\u0107nosti. \u201cNe di\u0161emo samo danas, di\u0161emo i sutra\u201d, rekao je Bruyninckx.<\/p>\n\n\n\n<p>Stuart Cran, ispred Programa Ujedinjenih naroda za okoli\u0161 (UNEP), na penalu je otkrio kako je na Copernicusu prvi put mogu\u0107e i\u0161\u010ditati kakvo\u0107u vode u svim velikim jezerima svijeta i sve to pomo\u0107u satelitskih snimki.<\/p>\n\n\n\n<p>\u201cNa taj na\u010din poma\u017eemo svakoj zemlji u svijetu kako bi mogla utjecati na svoje ekosustave koji se s vremenom mijenjaju. Zemlje \u0107e tako mo\u0107i uspje\u0161no napredovati prema odr\u017eivom razvoju, a jedan od ciljeva tog razvoja je i za\u0161tita i obnavljanje slatkovodnih ekosustava\u201d, kazao je Cran.<\/p>\n\n\n\n<p>Gotovo \u010detvrtina jezera ima visoke i ekstremne vrijednosti zaga\u0111enja, a prednja\u010de jezera u srednjoj i isto\u010dnoj Africi, rekao je.<\/p>\n\n\n\n<p>Kako funkcionira Copernicus na primjeru tri obalne rafinerije u \u0160panjolskoj opisala je Ana Abascal, istra\u017eiva\u010dica na Institutu za hidrauliku okoli\u0161a (IHCantabria) govore\u0107i kako ovaj program pru\u017ea sve potrebne podatke u cilju sprje\u010davanja one\u010di\u0161\u0107enja i pru\u017ea tvrtkama, u ovim slu\u010dajevima naftnim postrojenjima, potrebne informacije oko mogu\u0107eg ispu\u0161tanja otpadnih voda i plinova.<\/p>\n\n\n\n<p>Svojevrsnim predstavljanjem programa na online panelu \u017eeljela se skrenuti pa\u017enja i na novi Akcijski plan Europske komisije usvojen po\u010detkom svibnja ove godine.<\/p>\n\n\n\n<p>Plan pod nazivom \u201cPrema nultom one\u010di\u0161\u0107enju zraka, vode i tla\u201d klju\u010dan je za ostvarenje Europskog zelenog plana, glavne strategije rasta Europe kojom se \u017eeli posti\u0107i klimatska neutralnost do 2050. godine.<\/p>\n\n\n\n<p>Akcijskim planom \u017eeli se pobolj\u0161ati kvaliteta zraka radi smanjenja prijevremene smrtnosti, kvalitetu vode umanjenjem otpada i mikroplastike, kvalitetu tla reduciranjem upotrebe pesticida te zna\u010dajnim smanjenjem udjela stanovni\u0161tva koje je izlo\u017eeno bukom iz prometa.<\/p>\n\n\n\n<p>Europski parlament tra\u017eio je 2017. godine 15 milijardi eura sredstava za europske svemirske aktivnosti od 2021. do 2027. godine. Nakon trijaloga s Komisijom i Vije\u0107em odlu\u010deno je kako \u0107e se za taj aspekt izdvojiti 14,8 milijardi eura od \u010dega je za Copernicus osigurano 6 milijardi.<\/p>\n\n\n\n<p>Izvor:pogled.ba<\/p>\n","protected":false},"excerpt":{"rendered":"<p>Europski program Copernicus otkrio je da 400 tisu\u0107a ljudi godi\u0161nje umre prerano zbog one\u010di\u0161\u0107enja zraka, re\u010deno je u srijedu na panelu u sklopu obilje\u017eavanja europskog Zelenog tjedna. Copernicus je program Europske komisije za promatranje Zemlje koji iz svemira mo\u017ee detektirati zaga\u0111ena podru\u010dja, a poma\u017ee i pri spa\u0161avanju \u017eivota na moru, pobolj\u0161ava reakciju na prirodne katastrofe [&hellip;]<\/p>\n","protected":false},"author":2,"featured_media":27824,"comment_status":"closed","ping_status":"closed","sticky":false,"template":"","format":"standard","meta":{"h5ap_radio_sources":[],"footnotes":""},"categories":[1],"tags":[],"class_list":["post-27823","post","type-post","status-publish","format-standard","has-post-thumbnail","hentry","category-bihiregija"],"yoast_head":"<!-- This site is optimized with the Yoast SEO plugin v27.5 - https:\/\/yoast.com\/product\/yoast-seo-wordpress\/ -->\n<title>Copernicus otkrio da \u010dak 400.000 ljudi godi\u0161nje umre prerano - RADIO LJUBU\u0160KI<\/title>\n<meta name=\"robots\" content=\"index, follow, max-snippet:-1, max-image-preview:large, max-video-preview:-1\" \/>\n<link rel=\"canonical\" href=\"https:\/\/radioljubuski.ba\/index.php\/2021\/06\/02\/copernicus-otkrio-da-cak-400-000-ljudi-godisnje-umre-prerano\/\" \/>\n<meta property=\"og:locale\" content=\"hr_HR\" \/>\n<meta property=\"og:type\" content=\"article\" \/>\n<meta property=\"og:title\" content=\"Copernicus otkrio da \u010dak 400.000 ljudi godi\u0161nje umre prerano - RADIO LJUBU\u0160KI\" \/>\n<meta property=\"og:description\" content=\"Europski program Copernicus otkrio je da 400 tisu\u0107a ljudi godi\u0161nje umre prerano zbog one\u010di\u0161\u0107enja zraka, re\u010deno je u srijedu na panelu u sklopu obilje\u017eavanja europskog Zelenog tjedna. Copernicus je program Europske komisije za promatranje Zemlje koji iz svemira mo\u017ee detektirati zaga\u0111ena podru\u010dja, a poma\u017ee i pri spa\u0161avanju \u017eivota na moru, pobolj\u0161ava reakciju na prirodne katastrofe [&hellip;]\" \/>\n<meta property=\"og:url\" content=\"https:\/\/radioljubuski.ba\/index.php\/2021\/06\/02\/copernicus-otkrio-da-cak-400-000-ljudi-godisnje-umre-prerano\/\" \/>\n<meta property=\"og:site_name\" content=\"RADIO LJUBU\u0160KI\" \/>\n<meta property=\"article:publisher\" content=\"https:\/\/www.facebook.com\/Radiio-Ljubuski-1490835324566332\" \/>\n<meta property=\"article:published_time\" content=\"2021-06-02T21:10:51+00:00\" \/>\n<meta property=\"article:modified_time\" content=\"2021-06-02T21:10:52+00:00\" \/>\n<meta property=\"og:image\" content=\"https:\/\/radioljubuski.ba\/wp-content\/uploads\/2021\/06\/QT4lo2ID_sarajevo_zagadenje_zraka.jpg\" \/>\n\t<meta property=\"og:image:width\" content=\"1000\" \/>\n\t<meta property=\"og:image:height\" content=\"625\" \/>\n\t<meta property=\"og:image:type\" content=\"image\/jpeg\" \/>\n<meta name=\"author\" content=\"Radio Ljubu\u0161ki\" \/>\n<meta name=\"twitter:card\" content=\"summary_large_image\" \/>\n<meta name=\"twitter:creator\" content=\"@radioljubuski\" \/>\n<meta name=\"twitter:site\" content=\"@radioljubuski\" \/>\n<meta name=\"twitter:label1\" content=\"Napisao\/la\" \/>\n\t<meta name=\"twitter:data1\" content=\"Radio Ljubu\u0161ki\" \/>\n\t<meta name=\"twitter:label2\" content=\"Procijenjeno vrijeme \u010ditanja\" \/>\n\t<meta name=\"twitter:data2\" content=\"3 minute\" \/>\n<script type=\"application\/ld+json\" class=\"yoast-schema-graph\">{\"@context\":\"https:\\\/\\\/schema.org\",\"@graph\":[{\"@type\":\"Article\",\"@id\":\"https:\\\/\\\/radioljubuski.ba\\\/index.php\\\/2021\\\/06\\\/02\\\/copernicus-otkrio-da-cak-400-000-ljudi-godisnje-umre-prerano\\\/#article\",\"isPartOf\":{\"@id\":\"https:\\\/\\\/radioljubuski.ba\\\/index.php\\\/2021\\\/06\\\/02\\\/copernicus-otkrio-da-cak-400-000-ljudi-godisnje-umre-prerano\\\/\"},\"author\":{\"name\":\"Radio Ljubu\u0161ki\",\"@id\":\"https:\\\/\\\/radioljubuski.ba\\\/#\\\/schema\\\/person\\\/19fc700381a780f69665d7956c469e3b\"},\"headline\":\"Copernicus otkrio da \u010dak 400.000 ljudi godi\u0161nje umre prerano\",\"datePublished\":\"2021-06-02T21:10:51+00:00\",\"dateModified\":\"2021-06-02T21:10:52+00:00\",\"mainEntityOfPage\":{\"@id\":\"https:\\\/\\\/radioljubuski.ba\\\/index.php\\\/2021\\\/06\\\/02\\\/copernicus-otkrio-da-cak-400-000-ljudi-godisnje-umre-prerano\\\/\"},\"wordCount\":564,\"publisher\":{\"@id\":\"https:\\\/\\\/radioljubuski.ba\\\/#organization\"},\"image\":{\"@id\":\"https:\\\/\\\/radioljubuski.ba\\\/index.php\\\/2021\\\/06\\\/02\\\/copernicus-otkrio-da-cak-400-000-ljudi-godisnje-umre-prerano\\\/#primaryimage\"},\"thumbnailUrl\":\"https:\\\/\\\/radioljubuski.ba\\\/wp-content\\\/uploads\\\/2021\\\/06\\\/QT4lo2ID_sarajevo_zagadenje_zraka.jpg\",\"articleSection\":[\"BIH i regija\"],\"inLanguage\":\"hr\"},{\"@type\":\"WebPage\",\"@id\":\"https:\\\/\\\/radioljubuski.ba\\\/index.php\\\/2021\\\/06\\\/02\\\/copernicus-otkrio-da-cak-400-000-ljudi-godisnje-umre-prerano\\\/\",\"url\":\"https:\\\/\\\/radioljubuski.ba\\\/index.php\\\/2021\\\/06\\\/02\\\/copernicus-otkrio-da-cak-400-000-ljudi-godisnje-umre-prerano\\\/\",\"name\":\"Copernicus otkrio da \u010dak 400.000 ljudi godi\u0161nje umre prerano - RADIO LJUBU\u0160KI\",\"isPartOf\":{\"@id\":\"https:\\\/\\\/radioljubuski.ba\\\/#website\"},\"primaryImageOfPage\":{\"@id\":\"https:\\\/\\\/radioljubuski.ba\\\/index.php\\\/2021\\\/06\\\/02\\\/copernicus-otkrio-da-cak-400-000-ljudi-godisnje-umre-prerano\\\/#primaryimage\"},\"image\":{\"@id\":\"https:\\\/\\\/radioljubuski.ba\\\/index.php\\\/2021\\\/06\\\/02\\\/copernicus-otkrio-da-cak-400-000-ljudi-godisnje-umre-prerano\\\/#primaryimage\"},\"thumbnailUrl\":\"https:\\\/\\\/radioljubuski.ba\\\/wp-content\\\/uploads\\\/2021\\\/06\\\/QT4lo2ID_sarajevo_zagadenje_zraka.jpg\",\"datePublished\":\"2021-06-02T21:10:51+00:00\",\"dateModified\":\"2021-06-02T21:10:52+00:00\",\"breadcrumb\":{\"@id\":\"https:\\\/\\\/radioljubuski.ba\\\/index.php\\\/2021\\\/06\\\/02\\\/copernicus-otkrio-da-cak-400-000-ljudi-godisnje-umre-prerano\\\/#breadcrumb\"},\"inLanguage\":\"hr\",\"potentialAction\":[{\"@type\":\"ReadAction\",\"target\":[\"https:\\\/\\\/radioljubuski.ba\\\/index.php\\\/2021\\\/06\\\/02\\\/copernicus-otkrio-da-cak-400-000-ljudi-godisnje-umre-prerano\\\/\"]}]},{\"@type\":\"ImageObject\",\"inLanguage\":\"hr\",\"@id\":\"https:\\\/\\\/radioljubuski.ba\\\/index.php\\\/2021\\\/06\\\/02\\\/copernicus-otkrio-da-cak-400-000-ljudi-godisnje-umre-prerano\\\/#primaryimage\",\"url\":\"https:\\\/\\\/radioljubuski.ba\\\/wp-content\\\/uploads\\\/2021\\\/06\\\/QT4lo2ID_sarajevo_zagadenje_zraka.jpg\",\"contentUrl\":\"https:\\\/\\\/radioljubuski.ba\\\/wp-content\\\/uploads\\\/2021\\\/06\\\/QT4lo2ID_sarajevo_zagadenje_zraka.jpg\",\"width\":1000,\"height\":625},{\"@type\":\"BreadcrumbList\",\"@id\":\"https:\\\/\\\/radioljubuski.ba\\\/index.php\\\/2021\\\/06\\\/02\\\/copernicus-otkrio-da-cak-400-000-ljudi-godisnje-umre-prerano\\\/#breadcrumb\",\"itemListElement\":[{\"@type\":\"ListItem\",\"position\":1,\"name\":\"Po\u010detna stranica\",\"item\":\"https:\\\/\\\/radioljubuski.ba\\\/\"},{\"@type\":\"ListItem\",\"position\":2,\"name\":\"Copernicus otkrio da \u010dak 400.000 ljudi godi\u0161nje umre prerano\"}]},{\"@type\":\"WebSite\",\"@id\":\"https:\\\/\\\/radioljubuski.ba\\\/#website\",\"url\":\"https:\\\/\\\/radioljubuski.ba\\\/\",\"name\":\"Radio Ljubu\u0161ki\",\"description\":\"Sun\u010dana frekvencija Hercegovine\",\"publisher\":{\"@id\":\"https:\\\/\\\/radioljubuski.ba\\\/#organization\"},\"potentialAction\":[{\"@type\":\"SearchAction\",\"target\":{\"@type\":\"EntryPoint\",\"urlTemplate\":\"https:\\\/\\\/radioljubuski.ba\\\/?s={search_term_string}\"},\"query-input\":{\"@type\":\"PropertyValueSpecification\",\"valueRequired\":true,\"valueName\":\"search_term_string\"}}],\"inLanguage\":\"hr\"},{\"@type\":\"Organization\",\"@id\":\"https:\\\/\\\/radioljubuski.ba\\\/#organization\",\"name\":\"Radio Ljubu\u0161ki\",\"url\":\"https:\\\/\\\/radioljubuski.ba\\\/\",\"logo\":{\"@type\":\"ImageObject\",\"inLanguage\":\"hr\",\"@id\":\"https:\\\/\\\/radioljubuski.ba\\\/#\\\/schema\\\/logo\\\/image\\\/\",\"url\":\"https:\\\/\\\/radioljubuski.ba\\\/wp-content\\\/uploads\\\/2021\\\/02\\\/cropped-Radio_Ljubuski_logo1.jpg\",\"contentUrl\":\"https:\\\/\\\/radioljubuski.ba\\\/wp-content\\\/uploads\\\/2021\\\/02\\\/cropped-Radio_Ljubuski_logo1.jpg\",\"width\":512,\"height\":512,\"caption\":\"Radio Ljubu\u0161ki\"},\"image\":{\"@id\":\"https:\\\/\\\/radioljubuski.ba\\\/#\\\/schema\\\/logo\\\/image\\\/\"},\"sameAs\":[\"https:\\\/\\\/www.facebook.com\\\/Radiio-Ljubuski-1490835324566332\",\"https:\\\/\\\/x.com\\\/radioljubuski\",\"https:\\\/\\\/hr.linkedin.com\\\/company\\\/radio-ljubuski\",\"https:\\\/\\\/www.youtube.com\\\/channel\\\/UCHYaeO_n0Db3tjNGudGpXyw\"]},{\"@type\":\"Person\",\"@id\":\"https:\\\/\\\/radioljubuski.ba\\\/#\\\/schema\\\/person\\\/19fc700381a780f69665d7956c469e3b\",\"name\":\"Radio Ljubu\u0161ki\"}]}<\/script>\n<!-- \/ Yoast SEO plugin. -->","yoast_head_json":{"title":"Copernicus otkrio da \u010dak 400.000 ljudi godi\u0161nje umre prerano - RADIO LJUBU\u0160KI","robots":{"index":"index","follow":"follow","max-snippet":"max-snippet:-1","max-image-preview":"max-image-preview:large","max-video-preview":"max-video-preview:-1"},"canonical":"https:\/\/radioljubuski.ba\/index.php\/2021\/06\/02\/copernicus-otkrio-da-cak-400-000-ljudi-godisnje-umre-prerano\/","og_locale":"hr_HR","og_type":"article","og_title":"Copernicus otkrio da \u010dak 400.000 ljudi godi\u0161nje umre prerano - RADIO LJUBU\u0160KI","og_description":"Europski program Copernicus otkrio je da 400 tisu\u0107a ljudi godi\u0161nje umre prerano zbog one\u010di\u0161\u0107enja zraka, re\u010deno je u srijedu na panelu u sklopu obilje\u017eavanja europskog Zelenog tjedna. Copernicus je program Europske komisije za promatranje Zemlje koji iz svemira mo\u017ee detektirati zaga\u0111ena podru\u010dja, a poma\u017ee i pri spa\u0161avanju \u017eivota na moru, pobolj\u0161ava reakciju na prirodne katastrofe [&hellip;]","og_url":"https:\/\/radioljubuski.ba\/index.php\/2021\/06\/02\/copernicus-otkrio-da-cak-400-000-ljudi-godisnje-umre-prerano\/","og_site_name":"RADIO LJUBU\u0160KI","article_publisher":"https:\/\/www.facebook.com\/Radiio-Ljubuski-1490835324566332","article_published_time":"2021-06-02T21:10:51+00:00","article_modified_time":"2021-06-02T21:10:52+00:00","og_image":[{"width":1000,"height":625,"url":"https:\/\/radioljubuski.ba\/wp-content\/uploads\/2021\/06\/QT4lo2ID_sarajevo_zagadenje_zraka.jpg","type":"image\/jpeg"}],"author":"Radio Ljubu\u0161ki","twitter_card":"summary_large_image","twitter_creator":"@radioljubuski","twitter_site":"@radioljubuski","twitter_misc":{"Napisao\/la":"Radio Ljubu\u0161ki","Procijenjeno vrijeme \u010ditanja":"3 minute"},"schema":{"@context":"https:\/\/schema.org","@graph":[{"@type":"Article","@id":"https:\/\/radioljubuski.ba\/index.php\/2021\/06\/02\/copernicus-otkrio-da-cak-400-000-ljudi-godisnje-umre-prerano\/#article","isPartOf":{"@id":"https:\/\/radioljubuski.ba\/index.php\/2021\/06\/02\/copernicus-otkrio-da-cak-400-000-ljudi-godisnje-umre-prerano\/"},"author":{"name":"Radio Ljubu\u0161ki","@id":"https:\/\/radioljubuski.ba\/#\/schema\/person\/19fc700381a780f69665d7956c469e3b"},"headline":"Copernicus otkrio da \u010dak 400.000 ljudi godi\u0161nje umre prerano","datePublished":"2021-06-02T21:10:51+00:00","dateModified":"2021-06-02T21:10:52+00:00","mainEntityOfPage":{"@id":"https:\/\/radioljubuski.ba\/index.php\/2021\/06\/02\/copernicus-otkrio-da-cak-400-000-ljudi-godisnje-umre-prerano\/"},"wordCount":564,"publisher":{"@id":"https:\/\/radioljubuski.ba\/#organization"},"image":{"@id":"https:\/\/radioljubuski.ba\/index.php\/2021\/06\/02\/copernicus-otkrio-da-cak-400-000-ljudi-godisnje-umre-prerano\/#primaryimage"},"thumbnailUrl":"https:\/\/radioljubuski.ba\/wp-content\/uploads\/2021\/06\/QT4lo2ID_sarajevo_zagadenje_zraka.jpg","articleSection":["BIH i regija"],"inLanguage":"hr"},{"@type":"WebPage","@id":"https:\/\/radioljubuski.ba\/index.php\/2021\/06\/02\/copernicus-otkrio-da-cak-400-000-ljudi-godisnje-umre-prerano\/","url":"https:\/\/radioljubuski.ba\/index.php\/2021\/06\/02\/copernicus-otkrio-da-cak-400-000-ljudi-godisnje-umre-prerano\/","name":"Copernicus otkrio da \u010dak 400.000 ljudi godi\u0161nje umre prerano - RADIO LJUBU\u0160KI","isPartOf":{"@id":"https:\/\/radioljubuski.ba\/#website"},"primaryImageOfPage":{"@id":"https:\/\/radioljubuski.ba\/index.php\/2021\/06\/02\/copernicus-otkrio-da-cak-400-000-ljudi-godisnje-umre-prerano\/#primaryimage"},"image":{"@id":"https:\/\/radioljubuski.ba\/index.php\/2021\/06\/02\/copernicus-otkrio-da-cak-400-000-ljudi-godisnje-umre-prerano\/#primaryimage"},"thumbnailUrl":"https:\/\/radioljubuski.ba\/wp-content\/uploads\/2021\/06\/QT4lo2ID_sarajevo_zagadenje_zraka.jpg","datePublished":"2021-06-02T21:10:51+00:00","dateModified":"2021-06-02T21:10:52+00:00","breadcrumb":{"@id":"https:\/\/radioljubuski.ba\/index.php\/2021\/06\/02\/copernicus-otkrio-da-cak-400-000-ljudi-godisnje-umre-prerano\/#breadcrumb"},"inLanguage":"hr","potentialAction":[{"@type":"ReadAction","target":["https:\/\/radioljubuski.ba\/index.php\/2021\/06\/02\/copernicus-otkrio-da-cak-400-000-ljudi-godisnje-umre-prerano\/"]}]},{"@type":"ImageObject","inLanguage":"hr","@id":"https:\/\/radioljubuski.ba\/index.php\/2021\/06\/02\/copernicus-otkrio-da-cak-400-000-ljudi-godisnje-umre-prerano\/#primaryimage","url":"https:\/\/radioljubuski.ba\/wp-content\/uploads\/2021\/06\/QT4lo2ID_sarajevo_zagadenje_zraka.jpg","contentUrl":"https:\/\/radioljubuski.ba\/wp-content\/uploads\/2021\/06\/QT4lo2ID_sarajevo_zagadenje_zraka.jpg","width":1000,"height":625},{"@type":"BreadcrumbList","@id":"https:\/\/radioljubuski.ba\/index.php\/2021\/06\/02\/copernicus-otkrio-da-cak-400-000-ljudi-godisnje-umre-prerano\/#breadcrumb","itemListElement":[{"@type":"ListItem","position":1,"name":"Po\u010detna stranica","item":"https:\/\/radioljubuski.ba\/"},{"@type":"ListItem","position":2,"name":"Copernicus otkrio da \u010dak 400.000 ljudi godi\u0161nje umre prerano"}]},{"@type":"WebSite","@id":"https:\/\/radioljubuski.ba\/#website","url":"https:\/\/radioljubuski.ba\/","name":"Radio Ljubu\u0161ki","description":"Sun\u010dana frekvencija Hercegovine","publisher":{"@id":"https:\/\/radioljubuski.ba\/#organization"},"potentialAction":[{"@type":"SearchAction","target":{"@type":"EntryPoint","urlTemplate":"https:\/\/radioljubuski.ba\/?s={search_term_string}"},"query-input":{"@type":"PropertyValueSpecification","valueRequired":true,"valueName":"search_term_string"}}],"inLanguage":"hr"},{"@type":"Organization","@id":"https:\/\/radioljubuski.ba\/#organization","name":"Radio Ljubu\u0161ki","url":"https:\/\/radioljubuski.ba\/","logo":{"@type":"ImageObject","inLanguage":"hr","@id":"https:\/\/radioljubuski.ba\/#\/schema\/logo\/image\/","url":"https:\/\/radioljubuski.ba\/wp-content\/uploads\/2021\/02\/cropped-Radio_Ljubuski_logo1.jpg","contentUrl":"https:\/\/radioljubuski.ba\/wp-content\/uploads\/2021\/02\/cropped-Radio_Ljubuski_logo1.jpg","width":512,"height":512,"caption":"Radio Ljubu\u0161ki"},"image":{"@id":"https:\/\/radioljubuski.ba\/#\/schema\/logo\/image\/"},"sameAs":["https:\/\/www.facebook.com\/Radiio-Ljubuski-1490835324566332","https:\/\/x.com\/radioljubuski","https:\/\/hr.linkedin.com\/company\/radio-ljubuski","https:\/\/www.youtube.com\/channel\/UCHYaeO_n0Db3tjNGudGpXyw"]},{"@type":"Person","@id":"https:\/\/radioljubuski.ba\/#\/schema\/person\/19fc700381a780f69665d7956c469e3b","name":"Radio Ljubu\u0161ki"}]}},"_links":{"self":[{"href":"https:\/\/radioljubuski.ba\/index.php\/wp-json\/wp\/v2\/posts\/27823","targetHints":{"allow":["GET"]}}],"collection":[{"href":"https:\/\/radioljubuski.ba\/index.php\/wp-json\/wp\/v2\/posts"}],"about":[{"href":"https:\/\/radioljubuski.ba\/index.php\/wp-json\/wp\/v2\/types\/post"}],"author":[{"embeddable":true,"href":"https:\/\/radioljubuski.ba\/index.php\/wp-json\/wp\/v2\/users\/2"}],"replies":[{"embeddable":true,"href":"https:\/\/radioljubuski.ba\/index.php\/wp-json\/wp\/v2\/comments?post=27823"}],"version-history":[{"count":1,"href":"https:\/\/radioljubuski.ba\/index.php\/wp-json\/wp\/v2\/posts\/27823\/revisions"}],"predecessor-version":[{"id":27825,"href":"https:\/\/radioljubuski.ba\/index.php\/wp-json\/wp\/v2\/posts\/27823\/revisions\/27825"}],"wp:featuredmedia":[{"embeddable":true,"href":"https:\/\/radioljubuski.ba\/index.php\/wp-json\/wp\/v2\/media\/27824"}],"wp:attachment":[{"href":"https:\/\/radioljubuski.ba\/index.php\/wp-json\/wp\/v2\/media?parent=27823"}],"wp:term":[{"taxonomy":"category","embeddable":true,"href":"https:\/\/radioljubuski.ba\/index.php\/wp-json\/wp\/v2\/categories?post=27823"},{"taxonomy":"post_tag","embeddable":true,"href":"https:\/\/radioljubuski.ba\/index.php\/wp-json\/wp\/v2\/tags?post=27823"}],"curies":[{"name":"wp","href":"https:\/\/api.w.org\/{rel}","templated":true}]}}