{"id":27826,"date":"2021-06-02T22:13:38","date_gmt":"2021-06-02T21:13:38","guid":{"rendered":"https:\/\/radioljubuski.ba\/?p=27826"},"modified":"2021-06-02T22:13:41","modified_gmt":"2021-06-02T21:13:41","slug":"capak-cjepivo-slabije-djeluje-na-indijski-soj-spremne-upute-za-cijepljenje-djece","status":"publish","type":"post","link":"https:\/\/radioljubuski.ba\/index.php\/2021\/06\/02\/capak-cjepivo-slabije-djeluje-na-indijski-soj-spremne-upute-za-cijepljenje-djece\/","title":{"rendered":"Capak: Cjepivo slabije djeluje na indijski soj, spremne upute za cijepljenje djece"},"content":{"rendered":"\n<p><strong>Krunoslav Capak, epidemiolog i ravnatelj HZJZ-a, u emisiji Studio 4 rekao je da u ovom tjednu po\u010dinje najintenzivniji period kada trebamo \u0161to vi\u0161e ljudi procijepiti.<\/strong><\/p>\n\n\n\n<p>&#8211; U ovom tjednu se distribuira 361 tisu\u0107a doza u sve dijelove zemlje. Neke \u017eupanije ve\u0107 imaju zasi\u0107enje cjepivom zato \u0161to nemaju dovoljan broj ljudi koji se prijavljuje na platforme pa su krenuli s javnim pozivima, nagla\u0161ava.<br><br>Istaknuo je kako su pripremljena uputstva za cijepljenje djece od 12 do 16 godina te kako \u0107e se najprije po\u010deti cijepiti kroni\u010dno bolesna djeca, a poslije \u0107e cijepljenje biti otvoreno za sve ostale.<br><br>&#8211; Trenutno nam je prioritet radno aktivno stanovni\u0161tvo, naglasio je i dodao kako je veoma va\u017eno promovirati cijepljenje.<br><br>Capak je uputio na dobar primjer promoviranja cijepljenja u Viroviti\u010dkoj-podravskoj \u017eupaniji gdje su prvi uveli drive-in cijepljenje, a sada su uveli autobus koji \u0107e obilaziti naselja i ljudi \u0107e se cijepiti u njemu.<br><br>Smatra da \u0107e se dose\u0107i cilj planirane procijepljenosti od 55 posto, barem prvom dozom.<br><br>Na pitanje kakav je indijski soj koji je detektiran i u Hrvatskoj, Capak je rekao da je to soj koji se br\u017ee \u0161iri od dosad poznatih sojeva i koliko je poznato cjepivo malo slabije djeluje na njega, \u0161to je oboje zabrinjavaju\u0107e.<br><br>&#8211; Upravo traje izvid kako bi se utvrdilo od kuda bi eventualno taj soj do\u0161ao i u Hrvatsku pa \u0107emo do kraja dana imati vi\u0161e informacija, istaknuo je Capak.<\/p>\n\n\n\n<p>Izvor:hrt.hr<\/p>\n","protected":false},"excerpt":{"rendered":"<p>Krunoslav Capak, epidemiolog i ravnatelj HZJZ-a, u emisiji Studio 4 rekao je da u ovom tjednu po\u010dinje najintenzivniji period kada trebamo \u0161to vi\u0161e ljudi procijepiti. &#8211; U ovom tjednu se distribuira 361 tisu\u0107a doza u sve dijelove zemlje. Neke \u017eupanije ve\u0107 imaju zasi\u0107enje cjepivom zato \u0161to nemaju dovoljan broj ljudi koji se prijavljuje na platforme [&hellip;]<\/p>\n","protected":false},"author":2,"featured_media":27827,"comment_status":"closed","ping_status":"closed","sticky":false,"template":"","format":"standard","meta":{"h5ap_radio_sources":[],"footnotes":""},"categories":[1],"tags":[],"class_list":["post-27826","post","type-post","status-publish","format-standard","has-post-thumbnail","hentry","category-bihiregija"],"yoast_head":"<!-- This site is optimized with the Yoast SEO plugin v27.5 - https:\/\/yoast.com\/product\/yoast-seo-wordpress\/ -->\n<title>Capak: Cjepivo slabije djeluje na indijski soj, spremne upute za cijepljenje djece - RADIO LJUBU\u0160KI<\/title>\n<meta name=\"robots\" content=\"index, follow, max-snippet:-1, max-image-preview:large, max-video-preview:-1\" \/>\n<link rel=\"canonical\" href=\"https:\/\/radioljubuski.ba\/index.php\/2021\/06\/02\/capak-cjepivo-slabije-djeluje-na-indijski-soj-spremne-upute-za-cijepljenje-djece\/\" \/>\n<meta property=\"og:locale\" content=\"hr_HR\" \/>\n<meta property=\"og:type\" content=\"article\" \/>\n<meta property=\"og:title\" content=\"Capak: Cjepivo slabije djeluje na indijski soj, spremne upute za cijepljenje djece - RADIO LJUBU\u0160KI\" \/>\n<meta property=\"og:description\" content=\"Krunoslav Capak, epidemiolog i ravnatelj HZJZ-a, u emisiji Studio 4 rekao je da u ovom tjednu po\u010dinje najintenzivniji period kada trebamo \u0161to vi\u0161e ljudi procijepiti. &#8211; U ovom tjednu se distribuira 361 tisu\u0107a doza u sve dijelove zemlje. Neke \u017eupanije ve\u0107 imaju zasi\u0107enje cjepivom zato \u0161to nemaju dovoljan broj ljudi koji se prijavljuje na platforme [&hellip;]\" \/>\n<meta property=\"og:url\" content=\"https:\/\/radioljubuski.ba\/index.php\/2021\/06\/02\/capak-cjepivo-slabije-djeluje-na-indijski-soj-spremne-upute-za-cijepljenje-djece\/\" \/>\n<meta property=\"og:site_name\" content=\"RADIO LJUBU\u0160KI\" \/>\n<meta property=\"article:publisher\" content=\"https:\/\/www.facebook.com\/Radiio-Ljubuski-1490835324566332\" \/>\n<meta property=\"article:published_time\" content=\"2021-06-02T21:13:38+00:00\" \/>\n<meta property=\"article:modified_time\" content=\"2021-06-02T21:13:41+00:00\" \/>\n<meta property=\"og:image\" content=\"https:\/\/radioljubuski.ba\/wp-content\/uploads\/2021\/06\/1500x900-2-20210602144427.png\" \/>\n\t<meta property=\"og:image:width\" content=\"1100\" \/>\n\t<meta property=\"og:image:height\" content=\"600\" \/>\n\t<meta property=\"og:image:type\" content=\"image\/png\" \/>\n<meta name=\"author\" content=\"Radio Ljubu\u0161ki\" \/>\n<meta name=\"twitter:card\" content=\"summary_large_image\" \/>\n<meta name=\"twitter:creator\" content=\"@radioljubuski\" \/>\n<meta name=\"twitter:site\" content=\"@radioljubuski\" \/>\n<meta name=\"twitter:label1\" content=\"Napisao\/la\" \/>\n\t<meta name=\"twitter:data1\" content=\"Radio Ljubu\u0161ki\" \/>\n\t<meta name=\"twitter:label2\" content=\"Procijenjeno vrijeme \u010ditanja\" \/>\n\t<meta name=\"twitter:data2\" content=\"1 minuta\" \/>\n<script type=\"application\/ld+json\" class=\"yoast-schema-graph\">{\"@context\":\"https:\\\/\\\/schema.org\",\"@graph\":[{\"@type\":\"Article\",\"@id\":\"https:\\\/\\\/radioljubuski.ba\\\/index.php\\\/2021\\\/06\\\/02\\\/capak-cjepivo-slabije-djeluje-na-indijski-soj-spremne-upute-za-cijepljenje-djece\\\/#article\",\"isPartOf\":{\"@id\":\"https:\\\/\\\/radioljubuski.ba\\\/index.php\\\/2021\\\/06\\\/02\\\/capak-cjepivo-slabije-djeluje-na-indijski-soj-spremne-upute-za-cijepljenje-djece\\\/\"},\"author\":{\"name\":\"Radio Ljubu\u0161ki\",\"@id\":\"https:\\\/\\\/radioljubuski.ba\\\/#\\\/schema\\\/person\\\/19fc700381a780f69665d7956c469e3b\"},\"headline\":\"Capak: Cjepivo slabije djeluje na indijski soj, spremne upute za cijepljenje djece\",\"datePublished\":\"2021-06-02T21:13:38+00:00\",\"dateModified\":\"2021-06-02T21:13:41+00:00\",\"mainEntityOfPage\":{\"@id\":\"https:\\\/\\\/radioljubuski.ba\\\/index.php\\\/2021\\\/06\\\/02\\\/capak-cjepivo-slabije-djeluje-na-indijski-soj-spremne-upute-za-cijepljenje-djece\\\/\"},\"wordCount\":255,\"publisher\":{\"@id\":\"https:\\\/\\\/radioljubuski.ba\\\/#organization\"},\"image\":{\"@id\":\"https:\\\/\\\/radioljubuski.ba\\\/index.php\\\/2021\\\/06\\\/02\\\/capak-cjepivo-slabije-djeluje-na-indijski-soj-spremne-upute-za-cijepljenje-djece\\\/#primaryimage\"},\"thumbnailUrl\":\"https:\\\/\\\/radioljubuski.ba\\\/wp-content\\\/uploads\\\/2021\\\/06\\\/1500x900-2-20210602144427.png\",\"articleSection\":[\"BIH i regija\"],\"inLanguage\":\"hr\"},{\"@type\":\"WebPage\",\"@id\":\"https:\\\/\\\/radioljubuski.ba\\\/index.php\\\/2021\\\/06\\\/02\\\/capak-cjepivo-slabije-djeluje-na-indijski-soj-spremne-upute-za-cijepljenje-djece\\\/\",\"url\":\"https:\\\/\\\/radioljubuski.ba\\\/index.php\\\/2021\\\/06\\\/02\\\/capak-cjepivo-slabije-djeluje-na-indijski-soj-spremne-upute-za-cijepljenje-djece\\\/\",\"name\":\"Capak: Cjepivo slabije djeluje na indijski soj, spremne upute za cijepljenje djece - RADIO LJUBU\u0160KI\",\"isPartOf\":{\"@id\":\"https:\\\/\\\/radioljubuski.ba\\\/#website\"},\"primaryImageOfPage\":{\"@id\":\"https:\\\/\\\/radioljubuski.ba\\\/index.php\\\/2021\\\/06\\\/02\\\/capak-cjepivo-slabije-djeluje-na-indijski-soj-spremne-upute-za-cijepljenje-djece\\\/#primaryimage\"},\"image\":{\"@id\":\"https:\\\/\\\/radioljubuski.ba\\\/index.php\\\/2021\\\/06\\\/02\\\/capak-cjepivo-slabije-djeluje-na-indijski-soj-spremne-upute-za-cijepljenje-djece\\\/#primaryimage\"},\"thumbnailUrl\":\"https:\\\/\\\/radioljubuski.ba\\\/wp-content\\\/uploads\\\/2021\\\/06\\\/1500x900-2-20210602144427.png\",\"datePublished\":\"2021-06-02T21:13:38+00:00\",\"dateModified\":\"2021-06-02T21:13:41+00:00\",\"breadcrumb\":{\"@id\":\"https:\\\/\\\/radioljubuski.ba\\\/index.php\\\/2021\\\/06\\\/02\\\/capak-cjepivo-slabije-djeluje-na-indijski-soj-spremne-upute-za-cijepljenje-djece\\\/#breadcrumb\"},\"inLanguage\":\"hr\",\"potentialAction\":[{\"@type\":\"ReadAction\",\"target\":[\"https:\\\/\\\/radioljubuski.ba\\\/index.php\\\/2021\\\/06\\\/02\\\/capak-cjepivo-slabije-djeluje-na-indijski-soj-spremne-upute-za-cijepljenje-djece\\\/\"]}]},{\"@type\":\"ImageObject\",\"inLanguage\":\"hr\",\"@id\":\"https:\\\/\\\/radioljubuski.ba\\\/index.php\\\/2021\\\/06\\\/02\\\/capak-cjepivo-slabije-djeluje-na-indijski-soj-spremne-upute-za-cijepljenje-djece\\\/#primaryimage\",\"url\":\"https:\\\/\\\/radioljubuski.ba\\\/wp-content\\\/uploads\\\/2021\\\/06\\\/1500x900-2-20210602144427.png\",\"contentUrl\":\"https:\\\/\\\/radioljubuski.ba\\\/wp-content\\\/uploads\\\/2021\\\/06\\\/1500x900-2-20210602144427.png\",\"width\":1100,\"height\":600},{\"@type\":\"BreadcrumbList\",\"@id\":\"https:\\\/\\\/radioljubuski.ba\\\/index.php\\\/2021\\\/06\\\/02\\\/capak-cjepivo-slabije-djeluje-na-indijski-soj-spremne-upute-za-cijepljenje-djece\\\/#breadcrumb\",\"itemListElement\":[{\"@type\":\"ListItem\",\"position\":1,\"name\":\"Po\u010detna stranica\",\"item\":\"https:\\\/\\\/radioljubuski.ba\\\/\"},{\"@type\":\"ListItem\",\"position\":2,\"name\":\"Capak: Cjepivo slabije djeluje na indijski soj, spremne upute za cijepljenje djece\"}]},{\"@type\":\"WebSite\",\"@id\":\"https:\\\/\\\/radioljubuski.ba\\\/#website\",\"url\":\"https:\\\/\\\/radioljubuski.ba\\\/\",\"name\":\"Radio Ljubu\u0161ki\",\"description\":\"Sun\u010dana frekvencija Hercegovine\",\"publisher\":{\"@id\":\"https:\\\/\\\/radioljubuski.ba\\\/#organization\"},\"potentialAction\":[{\"@type\":\"SearchAction\",\"target\":{\"@type\":\"EntryPoint\",\"urlTemplate\":\"https:\\\/\\\/radioljubuski.ba\\\/?s={search_term_string}\"},\"query-input\":{\"@type\":\"PropertyValueSpecification\",\"valueRequired\":true,\"valueName\":\"search_term_string\"}}],\"inLanguage\":\"hr\"},{\"@type\":\"Organization\",\"@id\":\"https:\\\/\\\/radioljubuski.ba\\\/#organization\",\"name\":\"Radio Ljubu\u0161ki\",\"url\":\"https:\\\/\\\/radioljubuski.ba\\\/\",\"logo\":{\"@type\":\"ImageObject\",\"inLanguage\":\"hr\",\"@id\":\"https:\\\/\\\/radioljubuski.ba\\\/#\\\/schema\\\/logo\\\/image\\\/\",\"url\":\"https:\\\/\\\/radioljubuski.ba\\\/wp-content\\\/uploads\\\/2021\\\/02\\\/cropped-Radio_Ljubuski_logo1.jpg\",\"contentUrl\":\"https:\\\/\\\/radioljubuski.ba\\\/wp-content\\\/uploads\\\/2021\\\/02\\\/cropped-Radio_Ljubuski_logo1.jpg\",\"width\":512,\"height\":512,\"caption\":\"Radio Ljubu\u0161ki\"},\"image\":{\"@id\":\"https:\\\/\\\/radioljubuski.ba\\\/#\\\/schema\\\/logo\\\/image\\\/\"},\"sameAs\":[\"https:\\\/\\\/www.facebook.com\\\/Radiio-Ljubuski-1490835324566332\",\"https:\\\/\\\/x.com\\\/radioljubuski\",\"https:\\\/\\\/hr.linkedin.com\\\/company\\\/radio-ljubuski\",\"https:\\\/\\\/www.youtube.com\\\/channel\\\/UCHYaeO_n0Db3tjNGudGpXyw\"]},{\"@type\":\"Person\",\"@id\":\"https:\\\/\\\/radioljubuski.ba\\\/#\\\/schema\\\/person\\\/19fc700381a780f69665d7956c469e3b\",\"name\":\"Radio Ljubu\u0161ki\"}]}<\/script>\n<!-- \/ Yoast SEO plugin. -->","yoast_head_json":{"title":"Capak: Cjepivo slabije djeluje na indijski soj, spremne upute za cijepljenje djece - RADIO LJUBU\u0160KI","robots":{"index":"index","follow":"follow","max-snippet":"max-snippet:-1","max-image-preview":"max-image-preview:large","max-video-preview":"max-video-preview:-1"},"canonical":"https:\/\/radioljubuski.ba\/index.php\/2021\/06\/02\/capak-cjepivo-slabije-djeluje-na-indijski-soj-spremne-upute-za-cijepljenje-djece\/","og_locale":"hr_HR","og_type":"article","og_title":"Capak: Cjepivo slabije djeluje na indijski soj, spremne upute za cijepljenje djece - RADIO LJUBU\u0160KI","og_description":"Krunoslav Capak, epidemiolog i ravnatelj HZJZ-a, u emisiji Studio 4 rekao je da u ovom tjednu po\u010dinje najintenzivniji period kada trebamo \u0161to vi\u0161e ljudi procijepiti. &#8211; U ovom tjednu se distribuira 361 tisu\u0107a doza u sve dijelove zemlje. Neke \u017eupanije ve\u0107 imaju zasi\u0107enje cjepivom zato \u0161to nemaju dovoljan broj ljudi koji se prijavljuje na platforme [&hellip;]","og_url":"https:\/\/radioljubuski.ba\/index.php\/2021\/06\/02\/capak-cjepivo-slabije-djeluje-na-indijski-soj-spremne-upute-za-cijepljenje-djece\/","og_site_name":"RADIO LJUBU\u0160KI","article_publisher":"https:\/\/www.facebook.com\/Radiio-Ljubuski-1490835324566332","article_published_time":"2021-06-02T21:13:38+00:00","article_modified_time":"2021-06-02T21:13:41+00:00","og_image":[{"width":1100,"height":600,"url":"https:\/\/radioljubuski.ba\/wp-content\/uploads\/2021\/06\/1500x900-2-20210602144427.png","type":"image\/png"}],"author":"Radio Ljubu\u0161ki","twitter_card":"summary_large_image","twitter_creator":"@radioljubuski","twitter_site":"@radioljubuski","twitter_misc":{"Napisao\/la":"Radio Ljubu\u0161ki","Procijenjeno vrijeme \u010ditanja":"1 minuta"},"schema":{"@context":"https:\/\/schema.org","@graph":[{"@type":"Article","@id":"https:\/\/radioljubuski.ba\/index.php\/2021\/06\/02\/capak-cjepivo-slabije-djeluje-na-indijski-soj-spremne-upute-za-cijepljenje-djece\/#article","isPartOf":{"@id":"https:\/\/radioljubuski.ba\/index.php\/2021\/06\/02\/capak-cjepivo-slabije-djeluje-na-indijski-soj-spremne-upute-za-cijepljenje-djece\/"},"author":{"name":"Radio Ljubu\u0161ki","@id":"https:\/\/radioljubuski.ba\/#\/schema\/person\/19fc700381a780f69665d7956c469e3b"},"headline":"Capak: Cjepivo slabije djeluje na indijski soj, spremne upute za cijepljenje djece","datePublished":"2021-06-02T21:13:38+00:00","dateModified":"2021-06-02T21:13:41+00:00","mainEntityOfPage":{"@id":"https:\/\/radioljubuski.ba\/index.php\/2021\/06\/02\/capak-cjepivo-slabije-djeluje-na-indijski-soj-spremne-upute-za-cijepljenje-djece\/"},"wordCount":255,"publisher":{"@id":"https:\/\/radioljubuski.ba\/#organization"},"image":{"@id":"https:\/\/radioljubuski.ba\/index.php\/2021\/06\/02\/capak-cjepivo-slabije-djeluje-na-indijski-soj-spremne-upute-za-cijepljenje-djece\/#primaryimage"},"thumbnailUrl":"https:\/\/radioljubuski.ba\/wp-content\/uploads\/2021\/06\/1500x900-2-20210602144427.png","articleSection":["BIH i regija"],"inLanguage":"hr"},{"@type":"WebPage","@id":"https:\/\/radioljubuski.ba\/index.php\/2021\/06\/02\/capak-cjepivo-slabije-djeluje-na-indijski-soj-spremne-upute-za-cijepljenje-djece\/","url":"https:\/\/radioljubuski.ba\/index.php\/2021\/06\/02\/capak-cjepivo-slabije-djeluje-na-indijski-soj-spremne-upute-za-cijepljenje-djece\/","name":"Capak: Cjepivo slabije djeluje na indijski soj, spremne upute za cijepljenje djece - RADIO LJUBU\u0160KI","isPartOf":{"@id":"https:\/\/radioljubuski.ba\/#website"},"primaryImageOfPage":{"@id":"https:\/\/radioljubuski.ba\/index.php\/2021\/06\/02\/capak-cjepivo-slabije-djeluje-na-indijski-soj-spremne-upute-za-cijepljenje-djece\/#primaryimage"},"image":{"@id":"https:\/\/radioljubuski.ba\/index.php\/2021\/06\/02\/capak-cjepivo-slabije-djeluje-na-indijski-soj-spremne-upute-za-cijepljenje-djece\/#primaryimage"},"thumbnailUrl":"https:\/\/radioljubuski.ba\/wp-content\/uploads\/2021\/06\/1500x900-2-20210602144427.png","datePublished":"2021-06-02T21:13:38+00:00","dateModified":"2021-06-02T21:13:41+00:00","breadcrumb":{"@id":"https:\/\/radioljubuski.ba\/index.php\/2021\/06\/02\/capak-cjepivo-slabije-djeluje-na-indijski-soj-spremne-upute-za-cijepljenje-djece\/#breadcrumb"},"inLanguage":"hr","potentialAction":[{"@type":"ReadAction","target":["https:\/\/radioljubuski.ba\/index.php\/2021\/06\/02\/capak-cjepivo-slabije-djeluje-na-indijski-soj-spremne-upute-za-cijepljenje-djece\/"]}]},{"@type":"ImageObject","inLanguage":"hr","@id":"https:\/\/radioljubuski.ba\/index.php\/2021\/06\/02\/capak-cjepivo-slabije-djeluje-na-indijski-soj-spremne-upute-za-cijepljenje-djece\/#primaryimage","url":"https:\/\/radioljubuski.ba\/wp-content\/uploads\/2021\/06\/1500x900-2-20210602144427.png","contentUrl":"https:\/\/radioljubuski.ba\/wp-content\/uploads\/2021\/06\/1500x900-2-20210602144427.png","width":1100,"height":600},{"@type":"BreadcrumbList","@id":"https:\/\/radioljubuski.ba\/index.php\/2021\/06\/02\/capak-cjepivo-slabije-djeluje-na-indijski-soj-spremne-upute-za-cijepljenje-djece\/#breadcrumb","itemListElement":[{"@type":"ListItem","position":1,"name":"Po\u010detna stranica","item":"https:\/\/radioljubuski.ba\/"},{"@type":"ListItem","position":2,"name":"Capak: Cjepivo slabije djeluje na indijski soj, spremne upute za cijepljenje djece"}]},{"@type":"WebSite","@id":"https:\/\/radioljubuski.ba\/#website","url":"https:\/\/radioljubuski.ba\/","name":"Radio Ljubu\u0161ki","description":"Sun\u010dana frekvencija Hercegovine","publisher":{"@id":"https:\/\/radioljubuski.ba\/#organization"},"potentialAction":[{"@type":"SearchAction","target":{"@type":"EntryPoint","urlTemplate":"https:\/\/radioljubuski.ba\/?s={search_term_string}"},"query-input":{"@type":"PropertyValueSpecification","valueRequired":true,"valueName":"search_term_string"}}],"inLanguage":"hr"},{"@type":"Organization","@id":"https:\/\/radioljubuski.ba\/#organization","name":"Radio Ljubu\u0161ki","url":"https:\/\/radioljubuski.ba\/","logo":{"@type":"ImageObject","inLanguage":"hr","@id":"https:\/\/radioljubuski.ba\/#\/schema\/logo\/image\/","url":"https:\/\/radioljubuski.ba\/wp-content\/uploads\/2021\/02\/cropped-Radio_Ljubuski_logo1.jpg","contentUrl":"https:\/\/radioljubuski.ba\/wp-content\/uploads\/2021\/02\/cropped-Radio_Ljubuski_logo1.jpg","width":512,"height":512,"caption":"Radio Ljubu\u0161ki"},"image":{"@id":"https:\/\/radioljubuski.ba\/#\/schema\/logo\/image\/"},"sameAs":["https:\/\/www.facebook.com\/Radiio-Ljubuski-1490835324566332","https:\/\/x.com\/radioljubuski","https:\/\/hr.linkedin.com\/company\/radio-ljubuski","https:\/\/www.youtube.com\/channel\/UCHYaeO_n0Db3tjNGudGpXyw"]},{"@type":"Person","@id":"https:\/\/radioljubuski.ba\/#\/schema\/person\/19fc700381a780f69665d7956c469e3b","name":"Radio Ljubu\u0161ki"}]}},"_links":{"self":[{"href":"https:\/\/radioljubuski.ba\/index.php\/wp-json\/wp\/v2\/posts\/27826","targetHints":{"allow":["GET"]}}],"collection":[{"href":"https:\/\/radioljubuski.ba\/index.php\/wp-json\/wp\/v2\/posts"}],"about":[{"href":"https:\/\/radioljubuski.ba\/index.php\/wp-json\/wp\/v2\/types\/post"}],"author":[{"embeddable":true,"href":"https:\/\/radioljubuski.ba\/index.php\/wp-json\/wp\/v2\/users\/2"}],"replies":[{"embeddable":true,"href":"https:\/\/radioljubuski.ba\/index.php\/wp-json\/wp\/v2\/comments?post=27826"}],"version-history":[{"count":1,"href":"https:\/\/radioljubuski.ba\/index.php\/wp-json\/wp\/v2\/posts\/27826\/revisions"}],"predecessor-version":[{"id":27828,"href":"https:\/\/radioljubuski.ba\/index.php\/wp-json\/wp\/v2\/posts\/27826\/revisions\/27828"}],"wp:featuredmedia":[{"embeddable":true,"href":"https:\/\/radioljubuski.ba\/index.php\/wp-json\/wp\/v2\/media\/27827"}],"wp:attachment":[{"href":"https:\/\/radioljubuski.ba\/index.php\/wp-json\/wp\/v2\/media?parent=27826"}],"wp:term":[{"taxonomy":"category","embeddable":true,"href":"https:\/\/radioljubuski.ba\/index.php\/wp-json\/wp\/v2\/categories?post=27826"},{"taxonomy":"post_tag","embeddable":true,"href":"https:\/\/radioljubuski.ba\/index.php\/wp-json\/wp\/v2\/tags?post=27826"}],"curies":[{"name":"wp","href":"https:\/\/api.w.org\/{rel}","templated":true}]}}