{"id":27853,"date":"2021-06-02T22:30:43","date_gmt":"2021-06-02T21:30:43","guid":{"rendered":"https:\/\/radioljubuski.ba\/?p=27853"},"modified":"2021-06-02T22:30:44","modified_gmt":"2021-06-02T21:30:44","slug":"krdo-slonova-priblizava-se-kineskom-gradu","status":"publish","type":"post","link":"https:\/\/radioljubuski.ba\/index.php\/2021\/06\/02\/krdo-slonova-priblizava-se-kineskom-gradu\/","title":{"rendered":"Krdo slonova pribli\u017eava se kineskom gradu"},"content":{"rendered":"\n<p><strong>Krdo 15 divljih slonova pribli\u017eilo se gradu Kunmingu, prijestolnici jugozapadne kineske pokrajine Yunnan u srijedu, izbjegavaju\u0107i sve poku\u0161aje njihovog preusmjeravanja, nakon putovanja od nekoliko stotina kilometara iz \u0161uma na jugu zemlje.<\/strong><\/p>\n\n\n\n<p>Grupa azijskih slonova, me\u0111u njima i tri mladunca, izvorno je \u017eivjela u prirodnom rezervatu, navodi dr\u017eavna novinska agencija Xinhua.&nbsp;Slonovi si putovali gotovo 500 kilometara uz autoceste i kroz obra\u0111ena polja tijekom proteklih mjeseci. Bili su nekoliko kilometara udaljeni od oboda Kunmiga, grada s oko 8 milijuna stanovnika, u srijedu poslijepodne po lokalnom vremenu, objavila je dr\u017eavna televizija CCTV.&nbsp;<br><br>Iako je nejasno za\u0161to se slonovi kre\u0107u prema sjeveru, Xinhua navodi da je smanjenje fonda jestivih biljaka u \u0161umama ugrozilo slonove, \u010diji je broj porastao u Yunnanu prethodnih desetlje\u0107a.&nbsp;Sukobi izme\u0111u seljaka i slonova mogu nastati, uslijed ulaska \u017eivotinja u sela kako bi jeli plodove. Krdo slonova nanijelo je oko 6,8 milijuna juana \u0161tete (6,56 milijuna HRK), navodi Xinhua.<br><br>Lokalne vlasti u Yunnanu, koji grani\u010di s Vijetnamom, Laosom i Mjanmarom koristili su, u proteklim tjednima, razne zapreke na cestama i tone hrane kako bi preusmjerili krdo, istovremeno evakuiraju\u0107i stanovnike.<\/p>\n\n\n\n<p>Izvor:hrt.hr<\/p>\n","protected":false},"excerpt":{"rendered":"<p>Krdo 15 divljih slonova pribli\u017eilo se gradu Kunmingu, prijestolnici jugozapadne kineske pokrajine Yunnan u srijedu, izbjegavaju\u0107i sve poku\u0161aje njihovog preusmjeravanja, nakon putovanja od nekoliko stotina kilometara iz \u0161uma na jugu zemlje. Grupa azijskih slonova, me\u0111u njima i tri mladunca, izvorno je \u017eivjela u prirodnom rezervatu, navodi dr\u017eavna novinska agencija Xinhua.&nbsp;Slonovi si putovali gotovo 500 kilometara [&hellip;]<\/p>\n","protected":false},"author":2,"featured_media":27854,"comment_status":"closed","ping_status":"closed","sticky":false,"template":"","format":"standard","meta":{"h5ap_radio_sources":[],"footnotes":""},"categories":[1],"tags":[],"class_list":["post-27853","post","type-post","status-publish","format-standard","has-post-thumbnail","hentry","category-bihiregija"],"yoast_head":"<!-- This site is optimized with the Yoast SEO plugin v27.5 - https:\/\/yoast.com\/product\/yoast-seo-wordpress\/ -->\n<title>Krdo slonova pribli\u017eava se kineskom gradu - RADIO LJUBU\u0160KI<\/title>\n<meta name=\"robots\" content=\"index, follow, max-snippet:-1, max-image-preview:large, max-video-preview:-1\" \/>\n<link rel=\"canonical\" href=\"https:\/\/radioljubuski.ba\/index.php\/2021\/06\/02\/krdo-slonova-priblizava-se-kineskom-gradu\/\" \/>\n<meta property=\"og:locale\" content=\"hr_HR\" \/>\n<meta property=\"og:type\" content=\"article\" \/>\n<meta property=\"og:title\" content=\"Krdo slonova pribli\u017eava se kineskom gradu - RADIO LJUBU\u0160KI\" \/>\n<meta property=\"og:description\" content=\"Krdo 15 divljih slonova pribli\u017eilo se gradu Kunmingu, prijestolnici jugozapadne kineske pokrajine Yunnan u srijedu, izbjegavaju\u0107i sve poku\u0161aje njihovog preusmjeravanja, nakon putovanja od nekoliko stotina kilometara iz \u0161uma na jugu zemlje. Grupa azijskih slonova, me\u0111u njima i tri mladunca, izvorno je \u017eivjela u prirodnom rezervatu, navodi dr\u017eavna novinska agencija Xinhua.&nbsp;Slonovi si putovali gotovo 500 kilometara [&hellip;]\" \/>\n<meta property=\"og:url\" content=\"https:\/\/radioljubuski.ba\/index.php\/2021\/06\/02\/krdo-slonova-priblizava-se-kineskom-gradu\/\" \/>\n<meta property=\"og:site_name\" content=\"RADIO LJUBU\u0160KI\" \/>\n<meta property=\"article:publisher\" content=\"https:\/\/www.facebook.com\/Radiio-Ljubuski-1490835324566332\" \/>\n<meta property=\"article:published_time\" content=\"2021-06-02T21:30:43+00:00\" \/>\n<meta property=\"article:modified_time\" content=\"2021-06-02T21:30:44+00:00\" \/>\n<meta property=\"og:image\" content=\"https:\/\/radioljubuski.ba\/wp-content\/uploads\/2021\/06\/krdo_slonova_kina_jun21_prtscr.jpg\" \/>\n\t<meta property=\"og:image:width\" content=\"1180\" \/>\n\t<meta property=\"og:image:height\" content=\"708\" \/>\n\t<meta property=\"og:image:type\" content=\"image\/jpeg\" \/>\n<meta name=\"author\" content=\"Radio Ljubu\u0161ki\" \/>\n<meta name=\"twitter:card\" content=\"summary_large_image\" \/>\n<meta name=\"twitter:creator\" content=\"@radioljubuski\" \/>\n<meta name=\"twitter:site\" content=\"@radioljubuski\" \/>\n<meta name=\"twitter:label1\" content=\"Napisao\/la\" \/>\n\t<meta name=\"twitter:data1\" content=\"Radio Ljubu\u0161ki\" \/>\n\t<meta name=\"twitter:label2\" content=\"Procijenjeno vrijeme \u010ditanja\" \/>\n\t<meta name=\"twitter:data2\" content=\"1 minuta\" \/>\n<script type=\"application\/ld+json\" class=\"yoast-schema-graph\">{\"@context\":\"https:\\\/\\\/schema.org\",\"@graph\":[{\"@type\":\"Article\",\"@id\":\"https:\\\/\\\/radioljubuski.ba\\\/index.php\\\/2021\\\/06\\\/02\\\/krdo-slonova-priblizava-se-kineskom-gradu\\\/#article\",\"isPartOf\":{\"@id\":\"https:\\\/\\\/radioljubuski.ba\\\/index.php\\\/2021\\\/06\\\/02\\\/krdo-slonova-priblizava-se-kineskom-gradu\\\/\"},\"author\":{\"name\":\"Radio Ljubu\u0161ki\",\"@id\":\"https:\\\/\\\/radioljubuski.ba\\\/#\\\/schema\\\/person\\\/19fc700381a780f69665d7956c469e3b\"},\"headline\":\"Krdo slonova pribli\u017eava se kineskom gradu\",\"datePublished\":\"2021-06-02T21:30:43+00:00\",\"dateModified\":\"2021-06-02T21:30:44+00:00\",\"mainEntityOfPage\":{\"@id\":\"https:\\\/\\\/radioljubuski.ba\\\/index.php\\\/2021\\\/06\\\/02\\\/krdo-slonova-priblizava-se-kineskom-gradu\\\/\"},\"wordCount\":200,\"publisher\":{\"@id\":\"https:\\\/\\\/radioljubuski.ba\\\/#organization\"},\"image\":{\"@id\":\"https:\\\/\\\/radioljubuski.ba\\\/index.php\\\/2021\\\/06\\\/02\\\/krdo-slonova-priblizava-se-kineskom-gradu\\\/#primaryimage\"},\"thumbnailUrl\":\"https:\\\/\\\/radioljubuski.ba\\\/wp-content\\\/uploads\\\/2021\\\/06\\\/krdo_slonova_kina_jun21_prtscr.jpg\",\"articleSection\":[\"BIH i regija\"],\"inLanguage\":\"hr\"},{\"@type\":\"WebPage\",\"@id\":\"https:\\\/\\\/radioljubuski.ba\\\/index.php\\\/2021\\\/06\\\/02\\\/krdo-slonova-priblizava-se-kineskom-gradu\\\/\",\"url\":\"https:\\\/\\\/radioljubuski.ba\\\/index.php\\\/2021\\\/06\\\/02\\\/krdo-slonova-priblizava-se-kineskom-gradu\\\/\",\"name\":\"Krdo slonova pribli\u017eava se kineskom gradu - RADIO LJUBU\u0160KI\",\"isPartOf\":{\"@id\":\"https:\\\/\\\/radioljubuski.ba\\\/#website\"},\"primaryImageOfPage\":{\"@id\":\"https:\\\/\\\/radioljubuski.ba\\\/index.php\\\/2021\\\/06\\\/02\\\/krdo-slonova-priblizava-se-kineskom-gradu\\\/#primaryimage\"},\"image\":{\"@id\":\"https:\\\/\\\/radioljubuski.ba\\\/index.php\\\/2021\\\/06\\\/02\\\/krdo-slonova-priblizava-se-kineskom-gradu\\\/#primaryimage\"},\"thumbnailUrl\":\"https:\\\/\\\/radioljubuski.ba\\\/wp-content\\\/uploads\\\/2021\\\/06\\\/krdo_slonova_kina_jun21_prtscr.jpg\",\"datePublished\":\"2021-06-02T21:30:43+00:00\",\"dateModified\":\"2021-06-02T21:30:44+00:00\",\"breadcrumb\":{\"@id\":\"https:\\\/\\\/radioljubuski.ba\\\/index.php\\\/2021\\\/06\\\/02\\\/krdo-slonova-priblizava-se-kineskom-gradu\\\/#breadcrumb\"},\"inLanguage\":\"hr\",\"potentialAction\":[{\"@type\":\"ReadAction\",\"target\":[\"https:\\\/\\\/radioljubuski.ba\\\/index.php\\\/2021\\\/06\\\/02\\\/krdo-slonova-priblizava-se-kineskom-gradu\\\/\"]}]},{\"@type\":\"ImageObject\",\"inLanguage\":\"hr\",\"@id\":\"https:\\\/\\\/radioljubuski.ba\\\/index.php\\\/2021\\\/06\\\/02\\\/krdo-slonova-priblizava-se-kineskom-gradu\\\/#primaryimage\",\"url\":\"https:\\\/\\\/radioljubuski.ba\\\/wp-content\\\/uploads\\\/2021\\\/06\\\/krdo_slonova_kina_jun21_prtscr.jpg\",\"contentUrl\":\"https:\\\/\\\/radioljubuski.ba\\\/wp-content\\\/uploads\\\/2021\\\/06\\\/krdo_slonova_kina_jun21_prtscr.jpg\",\"width\":1180,\"height\":708},{\"@type\":\"BreadcrumbList\",\"@id\":\"https:\\\/\\\/radioljubuski.ba\\\/index.php\\\/2021\\\/06\\\/02\\\/krdo-slonova-priblizava-se-kineskom-gradu\\\/#breadcrumb\",\"itemListElement\":[{\"@type\":\"ListItem\",\"position\":1,\"name\":\"Po\u010detna stranica\",\"item\":\"https:\\\/\\\/radioljubuski.ba\\\/\"},{\"@type\":\"ListItem\",\"position\":2,\"name\":\"Krdo slonova pribli\u017eava se kineskom gradu\"}]},{\"@type\":\"WebSite\",\"@id\":\"https:\\\/\\\/radioljubuski.ba\\\/#website\",\"url\":\"https:\\\/\\\/radioljubuski.ba\\\/\",\"name\":\"Radio Ljubu\u0161ki\",\"description\":\"Sun\u010dana frekvencija Hercegovine\",\"publisher\":{\"@id\":\"https:\\\/\\\/radioljubuski.ba\\\/#organization\"},\"potentialAction\":[{\"@type\":\"SearchAction\",\"target\":{\"@type\":\"EntryPoint\",\"urlTemplate\":\"https:\\\/\\\/radioljubuski.ba\\\/?s={search_term_string}\"},\"query-input\":{\"@type\":\"PropertyValueSpecification\",\"valueRequired\":true,\"valueName\":\"search_term_string\"}}],\"inLanguage\":\"hr\"},{\"@type\":\"Organization\",\"@id\":\"https:\\\/\\\/radioljubuski.ba\\\/#organization\",\"name\":\"Radio Ljubu\u0161ki\",\"url\":\"https:\\\/\\\/radioljubuski.ba\\\/\",\"logo\":{\"@type\":\"ImageObject\",\"inLanguage\":\"hr\",\"@id\":\"https:\\\/\\\/radioljubuski.ba\\\/#\\\/schema\\\/logo\\\/image\\\/\",\"url\":\"https:\\\/\\\/radioljubuski.ba\\\/wp-content\\\/uploads\\\/2021\\\/02\\\/cropped-Radio_Ljubuski_logo1.jpg\",\"contentUrl\":\"https:\\\/\\\/radioljubuski.ba\\\/wp-content\\\/uploads\\\/2021\\\/02\\\/cropped-Radio_Ljubuski_logo1.jpg\",\"width\":512,\"height\":512,\"caption\":\"Radio Ljubu\u0161ki\"},\"image\":{\"@id\":\"https:\\\/\\\/radioljubuski.ba\\\/#\\\/schema\\\/logo\\\/image\\\/\"},\"sameAs\":[\"https:\\\/\\\/www.facebook.com\\\/Radiio-Ljubuski-1490835324566332\",\"https:\\\/\\\/x.com\\\/radioljubuski\",\"https:\\\/\\\/hr.linkedin.com\\\/company\\\/radio-ljubuski\",\"https:\\\/\\\/www.youtube.com\\\/channel\\\/UCHYaeO_n0Db3tjNGudGpXyw\"]},{\"@type\":\"Person\",\"@id\":\"https:\\\/\\\/radioljubuski.ba\\\/#\\\/schema\\\/person\\\/19fc700381a780f69665d7956c469e3b\",\"name\":\"Radio Ljubu\u0161ki\"}]}<\/script>\n<!-- \/ Yoast SEO plugin. -->","yoast_head_json":{"title":"Krdo slonova pribli\u017eava se kineskom gradu - RADIO LJUBU\u0160KI","robots":{"index":"index","follow":"follow","max-snippet":"max-snippet:-1","max-image-preview":"max-image-preview:large","max-video-preview":"max-video-preview:-1"},"canonical":"https:\/\/radioljubuski.ba\/index.php\/2021\/06\/02\/krdo-slonova-priblizava-se-kineskom-gradu\/","og_locale":"hr_HR","og_type":"article","og_title":"Krdo slonova pribli\u017eava se kineskom gradu - RADIO LJUBU\u0160KI","og_description":"Krdo 15 divljih slonova pribli\u017eilo se gradu Kunmingu, prijestolnici jugozapadne kineske pokrajine Yunnan u srijedu, izbjegavaju\u0107i sve poku\u0161aje njihovog preusmjeravanja, nakon putovanja od nekoliko stotina kilometara iz \u0161uma na jugu zemlje. Grupa azijskih slonova, me\u0111u njima i tri mladunca, izvorno je \u017eivjela u prirodnom rezervatu, navodi dr\u017eavna novinska agencija Xinhua.&nbsp;Slonovi si putovali gotovo 500 kilometara [&hellip;]","og_url":"https:\/\/radioljubuski.ba\/index.php\/2021\/06\/02\/krdo-slonova-priblizava-se-kineskom-gradu\/","og_site_name":"RADIO LJUBU\u0160KI","article_publisher":"https:\/\/www.facebook.com\/Radiio-Ljubuski-1490835324566332","article_published_time":"2021-06-02T21:30:43+00:00","article_modified_time":"2021-06-02T21:30:44+00:00","og_image":[{"width":1180,"height":708,"url":"https:\/\/radioljubuski.ba\/wp-content\/uploads\/2021\/06\/krdo_slonova_kina_jun21_prtscr.jpg","type":"image\/jpeg"}],"author":"Radio Ljubu\u0161ki","twitter_card":"summary_large_image","twitter_creator":"@radioljubuski","twitter_site":"@radioljubuski","twitter_misc":{"Napisao\/la":"Radio Ljubu\u0161ki","Procijenjeno vrijeme \u010ditanja":"1 minuta"},"schema":{"@context":"https:\/\/schema.org","@graph":[{"@type":"Article","@id":"https:\/\/radioljubuski.ba\/index.php\/2021\/06\/02\/krdo-slonova-priblizava-se-kineskom-gradu\/#article","isPartOf":{"@id":"https:\/\/radioljubuski.ba\/index.php\/2021\/06\/02\/krdo-slonova-priblizava-se-kineskom-gradu\/"},"author":{"name":"Radio Ljubu\u0161ki","@id":"https:\/\/radioljubuski.ba\/#\/schema\/person\/19fc700381a780f69665d7956c469e3b"},"headline":"Krdo slonova pribli\u017eava se kineskom gradu","datePublished":"2021-06-02T21:30:43+00:00","dateModified":"2021-06-02T21:30:44+00:00","mainEntityOfPage":{"@id":"https:\/\/radioljubuski.ba\/index.php\/2021\/06\/02\/krdo-slonova-priblizava-se-kineskom-gradu\/"},"wordCount":200,"publisher":{"@id":"https:\/\/radioljubuski.ba\/#organization"},"image":{"@id":"https:\/\/radioljubuski.ba\/index.php\/2021\/06\/02\/krdo-slonova-priblizava-se-kineskom-gradu\/#primaryimage"},"thumbnailUrl":"https:\/\/radioljubuski.ba\/wp-content\/uploads\/2021\/06\/krdo_slonova_kina_jun21_prtscr.jpg","articleSection":["BIH i regija"],"inLanguage":"hr"},{"@type":"WebPage","@id":"https:\/\/radioljubuski.ba\/index.php\/2021\/06\/02\/krdo-slonova-priblizava-se-kineskom-gradu\/","url":"https:\/\/radioljubuski.ba\/index.php\/2021\/06\/02\/krdo-slonova-priblizava-se-kineskom-gradu\/","name":"Krdo slonova pribli\u017eava se kineskom gradu - RADIO LJUBU\u0160KI","isPartOf":{"@id":"https:\/\/radioljubuski.ba\/#website"},"primaryImageOfPage":{"@id":"https:\/\/radioljubuski.ba\/index.php\/2021\/06\/02\/krdo-slonova-priblizava-se-kineskom-gradu\/#primaryimage"},"image":{"@id":"https:\/\/radioljubuski.ba\/index.php\/2021\/06\/02\/krdo-slonova-priblizava-se-kineskom-gradu\/#primaryimage"},"thumbnailUrl":"https:\/\/radioljubuski.ba\/wp-content\/uploads\/2021\/06\/krdo_slonova_kina_jun21_prtscr.jpg","datePublished":"2021-06-02T21:30:43+00:00","dateModified":"2021-06-02T21:30:44+00:00","breadcrumb":{"@id":"https:\/\/radioljubuski.ba\/index.php\/2021\/06\/02\/krdo-slonova-priblizava-se-kineskom-gradu\/#breadcrumb"},"inLanguage":"hr","potentialAction":[{"@type":"ReadAction","target":["https:\/\/radioljubuski.ba\/index.php\/2021\/06\/02\/krdo-slonova-priblizava-se-kineskom-gradu\/"]}]},{"@type":"ImageObject","inLanguage":"hr","@id":"https:\/\/radioljubuski.ba\/index.php\/2021\/06\/02\/krdo-slonova-priblizava-se-kineskom-gradu\/#primaryimage","url":"https:\/\/radioljubuski.ba\/wp-content\/uploads\/2021\/06\/krdo_slonova_kina_jun21_prtscr.jpg","contentUrl":"https:\/\/radioljubuski.ba\/wp-content\/uploads\/2021\/06\/krdo_slonova_kina_jun21_prtscr.jpg","width":1180,"height":708},{"@type":"BreadcrumbList","@id":"https:\/\/radioljubuski.ba\/index.php\/2021\/06\/02\/krdo-slonova-priblizava-se-kineskom-gradu\/#breadcrumb","itemListElement":[{"@type":"ListItem","position":1,"name":"Po\u010detna stranica","item":"https:\/\/radioljubuski.ba\/"},{"@type":"ListItem","position":2,"name":"Krdo slonova pribli\u017eava se kineskom gradu"}]},{"@type":"WebSite","@id":"https:\/\/radioljubuski.ba\/#website","url":"https:\/\/radioljubuski.ba\/","name":"Radio Ljubu\u0161ki","description":"Sun\u010dana frekvencija Hercegovine","publisher":{"@id":"https:\/\/radioljubuski.ba\/#organization"},"potentialAction":[{"@type":"SearchAction","target":{"@type":"EntryPoint","urlTemplate":"https:\/\/radioljubuski.ba\/?s={search_term_string}"},"query-input":{"@type":"PropertyValueSpecification","valueRequired":true,"valueName":"search_term_string"}}],"inLanguage":"hr"},{"@type":"Organization","@id":"https:\/\/radioljubuski.ba\/#organization","name":"Radio Ljubu\u0161ki","url":"https:\/\/radioljubuski.ba\/","logo":{"@type":"ImageObject","inLanguage":"hr","@id":"https:\/\/radioljubuski.ba\/#\/schema\/logo\/image\/","url":"https:\/\/radioljubuski.ba\/wp-content\/uploads\/2021\/02\/cropped-Radio_Ljubuski_logo1.jpg","contentUrl":"https:\/\/radioljubuski.ba\/wp-content\/uploads\/2021\/02\/cropped-Radio_Ljubuski_logo1.jpg","width":512,"height":512,"caption":"Radio Ljubu\u0161ki"},"image":{"@id":"https:\/\/radioljubuski.ba\/#\/schema\/logo\/image\/"},"sameAs":["https:\/\/www.facebook.com\/Radiio-Ljubuski-1490835324566332","https:\/\/x.com\/radioljubuski","https:\/\/hr.linkedin.com\/company\/radio-ljubuski","https:\/\/www.youtube.com\/channel\/UCHYaeO_n0Db3tjNGudGpXyw"]},{"@type":"Person","@id":"https:\/\/radioljubuski.ba\/#\/schema\/person\/19fc700381a780f69665d7956c469e3b","name":"Radio Ljubu\u0161ki"}]}},"_links":{"self":[{"href":"https:\/\/radioljubuski.ba\/index.php\/wp-json\/wp\/v2\/posts\/27853","targetHints":{"allow":["GET"]}}],"collection":[{"href":"https:\/\/radioljubuski.ba\/index.php\/wp-json\/wp\/v2\/posts"}],"about":[{"href":"https:\/\/radioljubuski.ba\/index.php\/wp-json\/wp\/v2\/types\/post"}],"author":[{"embeddable":true,"href":"https:\/\/radioljubuski.ba\/index.php\/wp-json\/wp\/v2\/users\/2"}],"replies":[{"embeddable":true,"href":"https:\/\/radioljubuski.ba\/index.php\/wp-json\/wp\/v2\/comments?post=27853"}],"version-history":[{"count":1,"href":"https:\/\/radioljubuski.ba\/index.php\/wp-json\/wp\/v2\/posts\/27853\/revisions"}],"predecessor-version":[{"id":27855,"href":"https:\/\/radioljubuski.ba\/index.php\/wp-json\/wp\/v2\/posts\/27853\/revisions\/27855"}],"wp:featuredmedia":[{"embeddable":true,"href":"https:\/\/radioljubuski.ba\/index.php\/wp-json\/wp\/v2\/media\/27854"}],"wp:attachment":[{"href":"https:\/\/radioljubuski.ba\/index.php\/wp-json\/wp\/v2\/media?parent=27853"}],"wp:term":[{"taxonomy":"category","embeddable":true,"href":"https:\/\/radioljubuski.ba\/index.php\/wp-json\/wp\/v2\/categories?post=27853"},{"taxonomy":"post_tag","embeddable":true,"href":"https:\/\/radioljubuski.ba\/index.php\/wp-json\/wp\/v2\/tags?post=27853"}],"curies":[{"name":"wp","href":"https:\/\/api.w.org\/{rel}","templated":true}]}}