{"id":27880,"date":"2021-06-02T22:52:37","date_gmt":"2021-06-02T21:52:37","guid":{"rendered":"https:\/\/radioljubuski.ba\/?p=27880"},"modified":"2021-06-02T22:52:37","modified_gmt":"2021-06-02T21:52:37","slug":"u-europi-opustenije-mjere-a-japan-cijepi-u-petoj-brzini","status":"publish","type":"post","link":"https:\/\/radioljubuski.ba\/index.php\/2021\/06\/02\/u-europi-opustenije-mjere-a-japan-cijepi-u-petoj-brzini\/","title":{"rendered":"U Europi opu\u0161tenije mjere, a Japan cijepi u &#8220;petoj brzini&#8221;"},"content":{"rendered":"\n<p><strong>Zbog epidemiolo\u0161ke slike u Japanu, Olimpijske igre koje za pedeset dana po\u010dinju u Tokiju mnogi nazivaju i Olimpijadom visokog rizika. Najve\u0107i problem je iznimno niska procjepljenost Japanaca kojih se do sada cijepilo manje od 3%. Istodobno, u Europi, u kojoj je procjepljenost sve ve\u0107a, mjere se sve vi\u0161e ubla\u017eavaju. Ipak,u Velikoj Britaniji, koja ima najve\u0107i postotak procjepljenosti, vrlo su oprezni zbog \u0161irenja indijskog soja virusa&#8230;<\/strong><\/p>\n\n\n\n<p><strong>Velika Britanija<\/strong>\u00a0se opu\u0161ta nakon visoke procijepljenosti, epidemiolo\u0161ka slika je dobra, no indijski soj koronavirusa mo\u017eda je uzrokovao tre\u0107i val zaraze. Nicola Sturgeon, \u0161kotska premijerka, ka\u017ee da brojni zdravstveni stru\u010dnjaci upozoravaju da je Velika Britanija mo\u017eda na po\u010detku tre\u0107eg vala pandemije te da bi bilo pogre\u0161no ignorirati to upozorenje.\u00a0<br><br>U\u00a0<strong>Italiji<\/strong>\u00a0su ugostitelji presretni \u0161to su nakon dugo vremena mogli otvoriti vrata i pustiti goste unutra. Jedna od ugostiteljica u Rimu, Manuela Paiella, ka\u017ee da je \u201eovo novi po\u010detak, ponovno ro\u0111enje koje je itekako dobrodo\u0161lo\u201d.<br><br>I u\u00a0<strong>Poljskoj<\/strong>\u00a0se osje\u0107aju opu\u0161tenije epidemiolo\u0161ke mjere. Ministar zdravstva Adam Niedzielski rekao je da se dozvoljava pove\u0107ani broj ljudi na javnim okupljanjima, poput vjen\u010danja. Tako \u0107e se od 6. lipnja na vjen\u010danjima mo\u0107i okupiti i do 150 ljudi, umjesto 50 kao do sada.\u00a0<\/p>\n\n\n\n<div style=\"width: 640px;\" class=\"wp-video\"><video class=\"wp-video-shortcode\" id=\"video-27880-1\" width=\"640\" height=\"360\" preload=\"metadata\" controls=\"controls\"><source type=\"video\/mp4\" src=\"https:\/\/api.hrt.hr\/media\/3f\/eb\/tvd2-covid-svijet16-20210602180015.mp4?_=1\" \/><a href=\"https:\/\/api.hrt.hr\/media\/3f\/eb\/tvd2-covid-svijet16-20210602180015.mp4\">https:\/\/api.hrt.hr\/media\/3f\/eb\/tvd2-covid-svijet16-20210602180015.mp4<\/a><\/video><\/div>\n\n\n\n<p>Cijeli svijet pozorno prati situaciju u&nbsp;<strong>Japanu<\/strong>&nbsp;u kojem mnogi ne gledaju blagonaklono na skora\u0161nje odr\u017eavanje Olimpijskih igara. Stru\u010dnjaci upozoravaju na rizik jer je cijepljeno samo 2,7% Japanaca.<br><br>&#8211; Tijekom pandemije Olimpijske igre se, naravno, ne bi odr\u017eale. Ako \u0107emo ih odr\u017eati u ovim okolnostima, mislim da je odgovornost organizatora smanjiti razmjer doga\u0111aja i oja\u010dati mjere kontrole \u0161to je vi\u0161e mogu\u0107e, rekao je Omi Shigeru, medicinski savjetnik u japanskoj vladi.<br><br>Slijedi cijepljenje u petoj brzini. Mitsugi Ogata, \u010delnik Odbora za Olimpijske igre, ka\u017ee da se to \u201e\u010dini kako bi se smanjio rizik od zaraze za sporta\u0161e i sve oko njih, uklju\u010duju\u0107i i one koje susre\u0107u u olimpijskim selima\u201d.<br><br>&#8211; Ovi \u0107e napori ne samo o\u010duvati doma\u0107e i strane sporta\u0161e ve\u0107 i cijelo na\u0161e dru\u0161tvo, dodao je.<br><br>Oprez i u&nbsp;<strong>Australiji<\/strong>. U Melbourneu je karantena produljena za jo\u0161 tjedan dana nakon nekoliko desetaka slu\u010dajeva lokalnog preno\u0161enja koronavirusa u saveznoj dr\u017eavi Victoriji.<\/p>\n\n\n\n<p>Izvor:hrt.hr<\/p>\n","protected":false},"excerpt":{"rendered":"<p>Zbog epidemiolo\u0161ke slike u Japanu, Olimpijske igre koje za pedeset dana po\u010dinju u Tokiju mnogi nazivaju i Olimpijadom visokog rizika. Najve\u0107i problem je iznimno niska procjepljenost Japanaca kojih se do sada cijepilo manje od 3%. Istodobno, u Europi, u kojoj je procjepljenost sve ve\u0107a, mjere se sve vi\u0161e ubla\u017eavaju. Ipak,u Velikoj Britaniji, koja ima najve\u0107i [&hellip;]<\/p>\n","protected":false},"author":2,"featured_media":27881,"comment_status":"closed","ping_status":"closed","sticky":false,"template":"","format":"standard","meta":{"h5ap_radio_sources":[],"footnotes":""},"categories":[1],"tags":[],"class_list":["post-27880","post","type-post","status-publish","format-standard","has-post-thumbnail","hentry","category-bihiregija"],"yoast_head":"<!-- This site is optimized with the Yoast SEO plugin v27.5 - https:\/\/yoast.com\/product\/yoast-seo-wordpress\/ -->\n<title>U Europi opu\u0161tenije mjere, a Japan cijepi u &quot;petoj brzini&quot; - RADIO LJUBU\u0160KI<\/title>\n<meta name=\"robots\" content=\"index, follow, max-snippet:-1, max-image-preview:large, max-video-preview:-1\" \/>\n<link rel=\"canonical\" href=\"https:\/\/radioljubuski.ba\/index.php\/2021\/06\/02\/u-europi-opustenije-mjere-a-japan-cijepi-u-petoj-brzini\/\" \/>\n<meta property=\"og:locale\" content=\"hr_HR\" \/>\n<meta property=\"og:type\" content=\"article\" \/>\n<meta property=\"og:title\" content=\"U Europi opu\u0161tenije mjere, a Japan cijepi u &quot;petoj brzini&quot; - RADIO LJUBU\u0160KI\" \/>\n<meta property=\"og:description\" content=\"Zbog epidemiolo\u0161ke slike u Japanu, Olimpijske igre koje za pedeset dana po\u010dinju u Tokiju mnogi nazivaju i Olimpijadom visokog rizika. Najve\u0107i problem je iznimno niska procjepljenost Japanaca kojih se do sada cijepilo manje od 3%. Istodobno, u Europi, u kojoj je procjepljenost sve ve\u0107a, mjere se sve vi\u0161e ubla\u017eavaju. Ipak,u Velikoj Britaniji, koja ima najve\u0107i [&hellip;]\" \/>\n<meta property=\"og:url\" content=\"https:\/\/radioljubuski.ba\/index.php\/2021\/06\/02\/u-europi-opustenije-mjere-a-japan-cijepi-u-petoj-brzini\/\" \/>\n<meta property=\"og:site_name\" content=\"RADIO LJUBU\u0160KI\" \/>\n<meta property=\"article:publisher\" content=\"https:\/\/www.facebook.com\/Radiio-Ljubuski-1490835324566332\" \/>\n<meta property=\"article:published_time\" content=\"2021-06-02T21:52:37+00:00\" \/>\n<meta property=\"og:image\" content=\"https:\/\/radioljubuski.ba\/wp-content\/uploads\/2021\/06\/t-tvd2-covid-svijet16-20210602180015-1024x576.png\" \/>\n\t<meta property=\"og:image:width\" content=\"1024\" \/>\n\t<meta property=\"og:image:height\" content=\"576\" \/>\n\t<meta property=\"og:image:type\" content=\"image\/png\" \/>\n<meta name=\"author\" content=\"Radio Ljubu\u0161ki\" \/>\n<meta name=\"twitter:card\" content=\"summary_large_image\" \/>\n<meta name=\"twitter:creator\" content=\"@radioljubuski\" \/>\n<meta name=\"twitter:site\" content=\"@radioljubuski\" \/>\n<meta name=\"twitter:label1\" content=\"Napisao\/la\" \/>\n\t<meta name=\"twitter:data1\" content=\"Radio Ljubu\u0161ki\" \/>\n\t<meta name=\"twitter:label2\" content=\"Procijenjeno vrijeme \u010ditanja\" \/>\n\t<meta name=\"twitter:data2\" content=\"2 minute\" \/>\n<script type=\"application\/ld+json\" class=\"yoast-schema-graph\">{\"@context\":\"https:\\\/\\\/schema.org\",\"@graph\":[{\"@type\":\"Article\",\"@id\":\"https:\\\/\\\/radioljubuski.ba\\\/index.php\\\/2021\\\/06\\\/02\\\/u-europi-opustenije-mjere-a-japan-cijepi-u-petoj-brzini\\\/#article\",\"isPartOf\":{\"@id\":\"https:\\\/\\\/radioljubuski.ba\\\/index.php\\\/2021\\\/06\\\/02\\\/u-europi-opustenije-mjere-a-japan-cijepi-u-petoj-brzini\\\/\"},\"author\":{\"name\":\"Radio Ljubu\u0161ki\",\"@id\":\"https:\\\/\\\/radioljubuski.ba\\\/#\\\/schema\\\/person\\\/19fc700381a780f69665d7956c469e3b\"},\"headline\":\"U Europi opu\u0161tenije mjere, a Japan cijepi u &#8220;petoj brzini&#8221;\",\"datePublished\":\"2021-06-02T21:52:37+00:00\",\"mainEntityOfPage\":{\"@id\":\"https:\\\/\\\/radioljubuski.ba\\\/index.php\\\/2021\\\/06\\\/02\\\/u-europi-opustenije-mjere-a-japan-cijepi-u-petoj-brzini\\\/\"},\"wordCount\":418,\"publisher\":{\"@id\":\"https:\\\/\\\/radioljubuski.ba\\\/#organization\"},\"image\":{\"@id\":\"https:\\\/\\\/radioljubuski.ba\\\/index.php\\\/2021\\\/06\\\/02\\\/u-europi-opustenije-mjere-a-japan-cijepi-u-petoj-brzini\\\/#primaryimage\"},\"thumbnailUrl\":\"https:\\\/\\\/radioljubuski.ba\\\/wp-content\\\/uploads\\\/2021\\\/06\\\/t-tvd2-covid-svijet16-20210602180015.png\",\"articleSection\":[\"BIH i regija\"],\"inLanguage\":\"hr\"},{\"@type\":\"WebPage\",\"@id\":\"https:\\\/\\\/radioljubuski.ba\\\/index.php\\\/2021\\\/06\\\/02\\\/u-europi-opustenije-mjere-a-japan-cijepi-u-petoj-brzini\\\/\",\"url\":\"https:\\\/\\\/radioljubuski.ba\\\/index.php\\\/2021\\\/06\\\/02\\\/u-europi-opustenije-mjere-a-japan-cijepi-u-petoj-brzini\\\/\",\"name\":\"U Europi opu\u0161tenije mjere, a Japan cijepi u \\\"petoj brzini\\\" - RADIO LJUBU\u0160KI\",\"isPartOf\":{\"@id\":\"https:\\\/\\\/radioljubuski.ba\\\/#website\"},\"primaryImageOfPage\":{\"@id\":\"https:\\\/\\\/radioljubuski.ba\\\/index.php\\\/2021\\\/06\\\/02\\\/u-europi-opustenije-mjere-a-japan-cijepi-u-petoj-brzini\\\/#primaryimage\"},\"image\":{\"@id\":\"https:\\\/\\\/radioljubuski.ba\\\/index.php\\\/2021\\\/06\\\/02\\\/u-europi-opustenije-mjere-a-japan-cijepi-u-petoj-brzini\\\/#primaryimage\"},\"thumbnailUrl\":\"https:\\\/\\\/radioljubuski.ba\\\/wp-content\\\/uploads\\\/2021\\\/06\\\/t-tvd2-covid-svijet16-20210602180015.png\",\"datePublished\":\"2021-06-02T21:52:37+00:00\",\"breadcrumb\":{\"@id\":\"https:\\\/\\\/radioljubuski.ba\\\/index.php\\\/2021\\\/06\\\/02\\\/u-europi-opustenije-mjere-a-japan-cijepi-u-petoj-brzini\\\/#breadcrumb\"},\"inLanguage\":\"hr\",\"potentialAction\":[{\"@type\":\"ReadAction\",\"target\":[\"https:\\\/\\\/radioljubuski.ba\\\/index.php\\\/2021\\\/06\\\/02\\\/u-europi-opustenije-mjere-a-japan-cijepi-u-petoj-brzini\\\/\"]}]},{\"@type\":\"ImageObject\",\"inLanguage\":\"hr\",\"@id\":\"https:\\\/\\\/radioljubuski.ba\\\/index.php\\\/2021\\\/06\\\/02\\\/u-europi-opustenije-mjere-a-japan-cijepi-u-petoj-brzini\\\/#primaryimage\",\"url\":\"https:\\\/\\\/radioljubuski.ba\\\/wp-content\\\/uploads\\\/2021\\\/06\\\/t-tvd2-covid-svijet16-20210602180015.png\",\"contentUrl\":\"https:\\\/\\\/radioljubuski.ba\\\/wp-content\\\/uploads\\\/2021\\\/06\\\/t-tvd2-covid-svijet16-20210602180015.png\",\"width\":1920,\"height\":1080},{\"@type\":\"BreadcrumbList\",\"@id\":\"https:\\\/\\\/radioljubuski.ba\\\/index.php\\\/2021\\\/06\\\/02\\\/u-europi-opustenije-mjere-a-japan-cijepi-u-petoj-brzini\\\/#breadcrumb\",\"itemListElement\":[{\"@type\":\"ListItem\",\"position\":1,\"name\":\"Po\u010detna stranica\",\"item\":\"https:\\\/\\\/radioljubuski.ba\\\/\"},{\"@type\":\"ListItem\",\"position\":2,\"name\":\"U Europi opu\u0161tenije mjere, a Japan cijepi u &#8220;petoj brzini&#8221;\"}]},{\"@type\":\"WebSite\",\"@id\":\"https:\\\/\\\/radioljubuski.ba\\\/#website\",\"url\":\"https:\\\/\\\/radioljubuski.ba\\\/\",\"name\":\"Radio Ljubu\u0161ki\",\"description\":\"Sun\u010dana frekvencija Hercegovine\",\"publisher\":{\"@id\":\"https:\\\/\\\/radioljubuski.ba\\\/#organization\"},\"potentialAction\":[{\"@type\":\"SearchAction\",\"target\":{\"@type\":\"EntryPoint\",\"urlTemplate\":\"https:\\\/\\\/radioljubuski.ba\\\/?s={search_term_string}\"},\"query-input\":{\"@type\":\"PropertyValueSpecification\",\"valueRequired\":true,\"valueName\":\"search_term_string\"}}],\"inLanguage\":\"hr\"},{\"@type\":\"Organization\",\"@id\":\"https:\\\/\\\/radioljubuski.ba\\\/#organization\",\"name\":\"Radio Ljubu\u0161ki\",\"url\":\"https:\\\/\\\/radioljubuski.ba\\\/\",\"logo\":{\"@type\":\"ImageObject\",\"inLanguage\":\"hr\",\"@id\":\"https:\\\/\\\/radioljubuski.ba\\\/#\\\/schema\\\/logo\\\/image\\\/\",\"url\":\"https:\\\/\\\/radioljubuski.ba\\\/wp-content\\\/uploads\\\/2021\\\/02\\\/cropped-Radio_Ljubuski_logo1.jpg\",\"contentUrl\":\"https:\\\/\\\/radioljubuski.ba\\\/wp-content\\\/uploads\\\/2021\\\/02\\\/cropped-Radio_Ljubuski_logo1.jpg\",\"width\":512,\"height\":512,\"caption\":\"Radio Ljubu\u0161ki\"},\"image\":{\"@id\":\"https:\\\/\\\/radioljubuski.ba\\\/#\\\/schema\\\/logo\\\/image\\\/\"},\"sameAs\":[\"https:\\\/\\\/www.facebook.com\\\/Radiio-Ljubuski-1490835324566332\",\"https:\\\/\\\/x.com\\\/radioljubuski\",\"https:\\\/\\\/hr.linkedin.com\\\/company\\\/radio-ljubuski\",\"https:\\\/\\\/www.youtube.com\\\/channel\\\/UCHYaeO_n0Db3tjNGudGpXyw\"]},{\"@type\":\"Person\",\"@id\":\"https:\\\/\\\/radioljubuski.ba\\\/#\\\/schema\\\/person\\\/19fc700381a780f69665d7956c469e3b\",\"name\":\"Radio Ljubu\u0161ki\"}]}<\/script>\n<!-- \/ Yoast SEO plugin. -->","yoast_head_json":{"title":"U Europi opu\u0161tenije mjere, a Japan cijepi u \"petoj brzini\" - RADIO LJUBU\u0160KI","robots":{"index":"index","follow":"follow","max-snippet":"max-snippet:-1","max-image-preview":"max-image-preview:large","max-video-preview":"max-video-preview:-1"},"canonical":"https:\/\/radioljubuski.ba\/index.php\/2021\/06\/02\/u-europi-opustenije-mjere-a-japan-cijepi-u-petoj-brzini\/","og_locale":"hr_HR","og_type":"article","og_title":"U Europi opu\u0161tenije mjere, a Japan cijepi u \"petoj brzini\" - RADIO LJUBU\u0160KI","og_description":"Zbog epidemiolo\u0161ke slike u Japanu, Olimpijske igre koje za pedeset dana po\u010dinju u Tokiju mnogi nazivaju i Olimpijadom visokog rizika. Najve\u0107i problem je iznimno niska procjepljenost Japanaca kojih se do sada cijepilo manje od 3%. Istodobno, u Europi, u kojoj je procjepljenost sve ve\u0107a, mjere se sve vi\u0161e ubla\u017eavaju. Ipak,u Velikoj Britaniji, koja ima najve\u0107i [&hellip;]","og_url":"https:\/\/radioljubuski.ba\/index.php\/2021\/06\/02\/u-europi-opustenije-mjere-a-japan-cijepi-u-petoj-brzini\/","og_site_name":"RADIO LJUBU\u0160KI","article_publisher":"https:\/\/www.facebook.com\/Radiio-Ljubuski-1490835324566332","article_published_time":"2021-06-02T21:52:37+00:00","og_image":[{"width":1024,"height":576,"url":"https:\/\/radioljubuski.ba\/wp-content\/uploads\/2021\/06\/t-tvd2-covid-svijet16-20210602180015-1024x576.png","type":"image\/png"}],"author":"Radio Ljubu\u0161ki","twitter_card":"summary_large_image","twitter_creator":"@radioljubuski","twitter_site":"@radioljubuski","twitter_misc":{"Napisao\/la":"Radio Ljubu\u0161ki","Procijenjeno vrijeme \u010ditanja":"2 minute"},"schema":{"@context":"https:\/\/schema.org","@graph":[{"@type":"Article","@id":"https:\/\/radioljubuski.ba\/index.php\/2021\/06\/02\/u-europi-opustenije-mjere-a-japan-cijepi-u-petoj-brzini\/#article","isPartOf":{"@id":"https:\/\/radioljubuski.ba\/index.php\/2021\/06\/02\/u-europi-opustenije-mjere-a-japan-cijepi-u-petoj-brzini\/"},"author":{"name":"Radio Ljubu\u0161ki","@id":"https:\/\/radioljubuski.ba\/#\/schema\/person\/19fc700381a780f69665d7956c469e3b"},"headline":"U Europi opu\u0161tenije mjere, a Japan cijepi u &#8220;petoj brzini&#8221;","datePublished":"2021-06-02T21:52:37+00:00","mainEntityOfPage":{"@id":"https:\/\/radioljubuski.ba\/index.php\/2021\/06\/02\/u-europi-opustenije-mjere-a-japan-cijepi-u-petoj-brzini\/"},"wordCount":418,"publisher":{"@id":"https:\/\/radioljubuski.ba\/#organization"},"image":{"@id":"https:\/\/radioljubuski.ba\/index.php\/2021\/06\/02\/u-europi-opustenije-mjere-a-japan-cijepi-u-petoj-brzini\/#primaryimage"},"thumbnailUrl":"https:\/\/radioljubuski.ba\/wp-content\/uploads\/2021\/06\/t-tvd2-covid-svijet16-20210602180015.png","articleSection":["BIH i regija"],"inLanguage":"hr"},{"@type":"WebPage","@id":"https:\/\/radioljubuski.ba\/index.php\/2021\/06\/02\/u-europi-opustenije-mjere-a-japan-cijepi-u-petoj-brzini\/","url":"https:\/\/radioljubuski.ba\/index.php\/2021\/06\/02\/u-europi-opustenije-mjere-a-japan-cijepi-u-petoj-brzini\/","name":"U Europi opu\u0161tenije mjere, a Japan cijepi u \"petoj brzini\" - RADIO LJUBU\u0160KI","isPartOf":{"@id":"https:\/\/radioljubuski.ba\/#website"},"primaryImageOfPage":{"@id":"https:\/\/radioljubuski.ba\/index.php\/2021\/06\/02\/u-europi-opustenije-mjere-a-japan-cijepi-u-petoj-brzini\/#primaryimage"},"image":{"@id":"https:\/\/radioljubuski.ba\/index.php\/2021\/06\/02\/u-europi-opustenije-mjere-a-japan-cijepi-u-petoj-brzini\/#primaryimage"},"thumbnailUrl":"https:\/\/radioljubuski.ba\/wp-content\/uploads\/2021\/06\/t-tvd2-covid-svijet16-20210602180015.png","datePublished":"2021-06-02T21:52:37+00:00","breadcrumb":{"@id":"https:\/\/radioljubuski.ba\/index.php\/2021\/06\/02\/u-europi-opustenije-mjere-a-japan-cijepi-u-petoj-brzini\/#breadcrumb"},"inLanguage":"hr","potentialAction":[{"@type":"ReadAction","target":["https:\/\/radioljubuski.ba\/index.php\/2021\/06\/02\/u-europi-opustenije-mjere-a-japan-cijepi-u-petoj-brzini\/"]}]},{"@type":"ImageObject","inLanguage":"hr","@id":"https:\/\/radioljubuski.ba\/index.php\/2021\/06\/02\/u-europi-opustenije-mjere-a-japan-cijepi-u-petoj-brzini\/#primaryimage","url":"https:\/\/radioljubuski.ba\/wp-content\/uploads\/2021\/06\/t-tvd2-covid-svijet16-20210602180015.png","contentUrl":"https:\/\/radioljubuski.ba\/wp-content\/uploads\/2021\/06\/t-tvd2-covid-svijet16-20210602180015.png","width":1920,"height":1080},{"@type":"BreadcrumbList","@id":"https:\/\/radioljubuski.ba\/index.php\/2021\/06\/02\/u-europi-opustenije-mjere-a-japan-cijepi-u-petoj-brzini\/#breadcrumb","itemListElement":[{"@type":"ListItem","position":1,"name":"Po\u010detna stranica","item":"https:\/\/radioljubuski.ba\/"},{"@type":"ListItem","position":2,"name":"U Europi opu\u0161tenije mjere, a Japan cijepi u &#8220;petoj brzini&#8221;"}]},{"@type":"WebSite","@id":"https:\/\/radioljubuski.ba\/#website","url":"https:\/\/radioljubuski.ba\/","name":"Radio Ljubu\u0161ki","description":"Sun\u010dana frekvencija Hercegovine","publisher":{"@id":"https:\/\/radioljubuski.ba\/#organization"},"potentialAction":[{"@type":"SearchAction","target":{"@type":"EntryPoint","urlTemplate":"https:\/\/radioljubuski.ba\/?s={search_term_string}"},"query-input":{"@type":"PropertyValueSpecification","valueRequired":true,"valueName":"search_term_string"}}],"inLanguage":"hr"},{"@type":"Organization","@id":"https:\/\/radioljubuski.ba\/#organization","name":"Radio Ljubu\u0161ki","url":"https:\/\/radioljubuski.ba\/","logo":{"@type":"ImageObject","inLanguage":"hr","@id":"https:\/\/radioljubuski.ba\/#\/schema\/logo\/image\/","url":"https:\/\/radioljubuski.ba\/wp-content\/uploads\/2021\/02\/cropped-Radio_Ljubuski_logo1.jpg","contentUrl":"https:\/\/radioljubuski.ba\/wp-content\/uploads\/2021\/02\/cropped-Radio_Ljubuski_logo1.jpg","width":512,"height":512,"caption":"Radio Ljubu\u0161ki"},"image":{"@id":"https:\/\/radioljubuski.ba\/#\/schema\/logo\/image\/"},"sameAs":["https:\/\/www.facebook.com\/Radiio-Ljubuski-1490835324566332","https:\/\/x.com\/radioljubuski","https:\/\/hr.linkedin.com\/company\/radio-ljubuski","https:\/\/www.youtube.com\/channel\/UCHYaeO_n0Db3tjNGudGpXyw"]},{"@type":"Person","@id":"https:\/\/radioljubuski.ba\/#\/schema\/person\/19fc700381a780f69665d7956c469e3b","name":"Radio Ljubu\u0161ki"}]}},"_links":{"self":[{"href":"https:\/\/radioljubuski.ba\/index.php\/wp-json\/wp\/v2\/posts\/27880","targetHints":{"allow":["GET"]}}],"collection":[{"href":"https:\/\/radioljubuski.ba\/index.php\/wp-json\/wp\/v2\/posts"}],"about":[{"href":"https:\/\/radioljubuski.ba\/index.php\/wp-json\/wp\/v2\/types\/post"}],"author":[{"embeddable":true,"href":"https:\/\/radioljubuski.ba\/index.php\/wp-json\/wp\/v2\/users\/2"}],"replies":[{"embeddable":true,"href":"https:\/\/radioljubuski.ba\/index.php\/wp-json\/wp\/v2\/comments?post=27880"}],"version-history":[{"count":1,"href":"https:\/\/radioljubuski.ba\/index.php\/wp-json\/wp\/v2\/posts\/27880\/revisions"}],"predecessor-version":[{"id":27882,"href":"https:\/\/radioljubuski.ba\/index.php\/wp-json\/wp\/v2\/posts\/27880\/revisions\/27882"}],"wp:featuredmedia":[{"embeddable":true,"href":"https:\/\/radioljubuski.ba\/index.php\/wp-json\/wp\/v2\/media\/27881"}],"wp:attachment":[{"href":"https:\/\/radioljubuski.ba\/index.php\/wp-json\/wp\/v2\/media?parent=27880"}],"wp:term":[{"taxonomy":"category","embeddable":true,"href":"https:\/\/radioljubuski.ba\/index.php\/wp-json\/wp\/v2\/categories?post=27880"},{"taxonomy":"post_tag","embeddable":true,"href":"https:\/\/radioljubuski.ba\/index.php\/wp-json\/wp\/v2\/tags?post=27880"}],"curies":[{"name":"wp","href":"https:\/\/api.w.org\/{rel}","templated":true}]}}