{"id":27886,"date":"2021-06-02T23:00:26","date_gmt":"2021-06-02T22:00:26","guid":{"rendered":"https:\/\/radioljubuski.ba\/?p=27886"},"modified":"2021-06-02T23:00:27","modified_gmt":"2021-06-02T22:00:27","slug":"u-velikoj-britaniji-strucnjaci-upozoravaju-na-3-val-pandemije","status":"publish","type":"post","link":"https:\/\/radioljubuski.ba\/index.php\/2021\/06\/02\/u-velikoj-britaniji-strucnjaci-upozoravaju-na-3-val-pandemije\/","title":{"rendered":"U Velikoj Britaniji stru\u010dnjaci upozoravaju na 3. val pandemije"},"content":{"rendered":"\n<p><strong>Dok ve\u0107ina Europe nastavlja s ubla\u017eavanjem epidemiolo\u0161kih mjera, u Velikoj Britaniji zdravstveni stru\u010dnjaci upozoravaju da bi ta zemlja mogla biti na po\u010detku tre\u0107eg vala pandemije.<\/strong><\/p>\n\n\n\n<p>Postupno ubla\u017eavanje preventivnih mjera u Francuskoj u kombinaciji s lijepim vremenom brojne je stanovnike Pariza izmamilo na ulice.&nbsp;<br><br>&#8211; Ovo je sjajno. Nakon godinu dana zatvaranja zbog pandemije, lijepo je vidjeti da ljudi ponovno \u017eive punim plu\u0107ima, sjesti na sunce i u\u017eivati, govori&nbsp;<strong>Lezy<\/strong>, stanovnica Pariza.<br><br>Otvaraju se i druge europske zemlje, no u Velikoj Britaniji ostaju na oprezu. Unato\u010d dobroj procijepljenosti i relativno niskom broju novozara\u017eenih zabrinjava brzo \u0161irenje izrazito zaraznog indijskog soja virusa.<br><br>&#8211; Brojni zdravstveni stru\u010dnjaci upozoravaju da bi Ujedinjeno Kraljevstvo moglo biti na po\u010detku tre\u0107eg vala pandemije i bilo bi pogre\u0161no potpuno ignorirati to upozorenje, nagla\u0161ava&nbsp;<strong>Nicola Sturgeon<\/strong>, \u0161kotska premijerka.<br><br>U Australiji su oprez u borbi protiv COVID-a podignuli na novu razinu. Nakon \u0161to je zbog nekoliko desetaka slu\u010dajeva lokalnog preno\u0161enja koronavirusa u saveznoj dr\u017eavi Victoriji na tjedan dana progla\u0161ena stroga karantena, u njezinu glavnom gradu Melbourneu karantena je produljena za jo\u0161 jedan tjedan.<br><br>&#8211; Sada imamo ukupno 60 slu\u010dajeva zaraze i vi\u0161e od 350 lokacija gdje se zaraza mogla \u0161iriti, kao i soj virusa koji je br\u017ei i zarazniji od bilo \u010dega s \u010dim smo se prije suo\u010dili, rekao je&nbsp;<strong>James Merlino<\/strong>, premijer Victorije.<br><br>\u010celnici vode\u0107ih svjetskih zdravstvenih, financijskih i trgovinskih agencija pozvali su \u0161efove vlada da hitno osiguraju dodatnih 50 milijardi dolara kako bi se ubrzala nabavka opreme i lijekova za borbu protiv pandemije.<br><br>&#8211; Taj bi novac u znatnoj mjeri pospje\u0161io ravnopravnu distribuciju i nabavku testova, lijekova, kisika, medicinske opreme i cjepiva, govori T<strong>edros Adhanom Ghebreyesus<\/strong>, generalni direktor Svjetske zdravstvene organizacije.&nbsp;<br><br>Svjetska zdravstvena organizacija izdala je hitno odobrenje za kinesko cjepivo Sinovac, koje je sada uklju\u010deno u me\u0111unarodni program COVAX za raspodjelu cjepiva siroma\u0161nijim zemljama. Cjepivo je u 51 posto slu\u010dajeva u\u010dinkovito u sprje\u010davanju pojave simptoma COVID-a, a u 100 posto slu\u010dajeva sprje\u010dava ozbiljnije oblike bolesti i hospitalizaciju.&nbsp;<\/p>\n\n\n\n<p>Izvor:hrt.hr<\/p>\n","protected":false},"excerpt":{"rendered":"<p>Dok ve\u0107ina Europe nastavlja s ubla\u017eavanjem epidemiolo\u0161kih mjera, u Velikoj Britaniji zdravstveni stru\u010dnjaci upozoravaju da bi ta zemlja mogla biti na po\u010detku tre\u0107eg vala pandemije. Postupno ubla\u017eavanje preventivnih mjera u Francuskoj u kombinaciji s lijepim vremenom brojne je stanovnike Pariza izmamilo na ulice.&nbsp; &#8211; Ovo je sjajno. Nakon godinu dana zatvaranja zbog pandemije, lijepo je [&hellip;]<\/p>\n","protected":false},"author":2,"featured_media":27887,"comment_status":"closed","ping_status":"closed","sticky":false,"template":"","format":"standard","meta":{"h5ap_radio_sources":[],"footnotes":""},"categories":[1],"tags":[],"class_list":["post-27886","post","type-post","status-publish","format-standard","has-post-thumbnail","hentry","category-bihiregija"],"yoast_head":"<!-- This site is optimized with the Yoast SEO plugin v27.5 - https:\/\/yoast.com\/product\/yoast-seo-wordpress\/ -->\n<title>U Velikoj Britaniji stru\u010dnjaci upozoravaju na 3. val pandemije - RADIO LJUBU\u0160KI<\/title>\n<meta name=\"robots\" content=\"index, follow, max-snippet:-1, max-image-preview:large, max-video-preview:-1\" \/>\n<link rel=\"canonical\" href=\"https:\/\/radioljubuski.ba\/index.php\/2021\/06\/02\/u-velikoj-britaniji-strucnjaci-upozoravaju-na-3-val-pandemije\/\" \/>\n<meta property=\"og:locale\" content=\"hr_HR\" \/>\n<meta property=\"og:type\" content=\"article\" \/>\n<meta property=\"og:title\" content=\"U Velikoj Britaniji stru\u010dnjaci upozoravaju na 3. val pandemije - RADIO LJUBU\u0160KI\" \/>\n<meta property=\"og:description\" content=\"Dok ve\u0107ina Europe nastavlja s ubla\u017eavanjem epidemiolo\u0161kih mjera, u Velikoj Britaniji zdravstveni stru\u010dnjaci upozoravaju da bi ta zemlja mogla biti na po\u010detku tre\u0107eg vala pandemije. Postupno ubla\u017eavanje preventivnih mjera u Francuskoj u kombinaciji s lijepim vremenom brojne je stanovnike Pariza izmamilo na ulice.&nbsp; &#8211; Ovo je sjajno. Nakon godinu dana zatvaranja zbog pandemije, lijepo je [&hellip;]\" \/>\n<meta property=\"og:url\" content=\"https:\/\/radioljubuski.ba\/index.php\/2021\/06\/02\/u-velikoj-britaniji-strucnjaci-upozoravaju-na-3-val-pandemije\/\" \/>\n<meta property=\"og:site_name\" content=\"RADIO LJUBU\u0160KI\" \/>\n<meta property=\"article:publisher\" content=\"https:\/\/www.facebook.com\/Radiio-Ljubuski-1490835324566332\" \/>\n<meta property=\"article:published_time\" content=\"2021-06-02T22:00:26+00:00\" \/>\n<meta property=\"article:modified_time\" content=\"2021-06-02T22:00:27+00:00\" \/>\n<meta property=\"og:image\" content=\"https:\/\/radioljubuski.ba\/wp-content\/uploads\/2021\/06\/Velika-Britanija-koronavirus.jpg\" \/>\n\t<meta property=\"og:image:width\" content=\"1199\" \/>\n\t<meta property=\"og:image:height\" content=\"675\" \/>\n\t<meta property=\"og:image:type\" content=\"image\/jpeg\" \/>\n<meta name=\"author\" content=\"Radio Ljubu\u0161ki\" \/>\n<meta name=\"twitter:card\" content=\"summary_large_image\" \/>\n<meta name=\"twitter:creator\" content=\"@radioljubuski\" \/>\n<meta name=\"twitter:site\" content=\"@radioljubuski\" \/>\n<meta name=\"twitter:label1\" content=\"Napisao\/la\" \/>\n\t<meta name=\"twitter:data1\" content=\"Radio Ljubu\u0161ki\" \/>\n\t<meta name=\"twitter:label2\" content=\"Procijenjeno vrijeme \u010ditanja\" \/>\n\t<meta name=\"twitter:data2\" content=\"2 minute\" \/>\n<script type=\"application\/ld+json\" class=\"yoast-schema-graph\">{\"@context\":\"https:\\\/\\\/schema.org\",\"@graph\":[{\"@type\":\"Article\",\"@id\":\"https:\\\/\\\/radioljubuski.ba\\\/index.php\\\/2021\\\/06\\\/02\\\/u-velikoj-britaniji-strucnjaci-upozoravaju-na-3-val-pandemije\\\/#article\",\"isPartOf\":{\"@id\":\"https:\\\/\\\/radioljubuski.ba\\\/index.php\\\/2021\\\/06\\\/02\\\/u-velikoj-britaniji-strucnjaci-upozoravaju-na-3-val-pandemije\\\/\"},\"author\":{\"name\":\"Radio Ljubu\u0161ki\",\"@id\":\"https:\\\/\\\/radioljubuski.ba\\\/#\\\/schema\\\/person\\\/19fc700381a780f69665d7956c469e3b\"},\"headline\":\"U Velikoj Britaniji stru\u010dnjaci upozoravaju na 3. val pandemije\",\"datePublished\":\"2021-06-02T22:00:26+00:00\",\"dateModified\":\"2021-06-02T22:00:27+00:00\",\"mainEntityOfPage\":{\"@id\":\"https:\\\/\\\/radioljubuski.ba\\\/index.php\\\/2021\\\/06\\\/02\\\/u-velikoj-britaniji-strucnjaci-upozoravaju-na-3-val-pandemije\\\/\"},\"wordCount\":366,\"publisher\":{\"@id\":\"https:\\\/\\\/radioljubuski.ba\\\/#organization\"},\"image\":{\"@id\":\"https:\\\/\\\/radioljubuski.ba\\\/index.php\\\/2021\\\/06\\\/02\\\/u-velikoj-britaniji-strucnjaci-upozoravaju-na-3-val-pandemije\\\/#primaryimage\"},\"thumbnailUrl\":\"https:\\\/\\\/radioljubuski.ba\\\/wp-content\\\/uploads\\\/2021\\\/06\\\/Velika-Britanija-koronavirus.jpg\",\"articleSection\":[\"BIH i regija\"],\"inLanguage\":\"hr\"},{\"@type\":\"WebPage\",\"@id\":\"https:\\\/\\\/radioljubuski.ba\\\/index.php\\\/2021\\\/06\\\/02\\\/u-velikoj-britaniji-strucnjaci-upozoravaju-na-3-val-pandemije\\\/\",\"url\":\"https:\\\/\\\/radioljubuski.ba\\\/index.php\\\/2021\\\/06\\\/02\\\/u-velikoj-britaniji-strucnjaci-upozoravaju-na-3-val-pandemije\\\/\",\"name\":\"U Velikoj Britaniji stru\u010dnjaci upozoravaju na 3. val pandemije - RADIO LJUBU\u0160KI\",\"isPartOf\":{\"@id\":\"https:\\\/\\\/radioljubuski.ba\\\/#website\"},\"primaryImageOfPage\":{\"@id\":\"https:\\\/\\\/radioljubuski.ba\\\/index.php\\\/2021\\\/06\\\/02\\\/u-velikoj-britaniji-strucnjaci-upozoravaju-na-3-val-pandemije\\\/#primaryimage\"},\"image\":{\"@id\":\"https:\\\/\\\/radioljubuski.ba\\\/index.php\\\/2021\\\/06\\\/02\\\/u-velikoj-britaniji-strucnjaci-upozoravaju-na-3-val-pandemije\\\/#primaryimage\"},\"thumbnailUrl\":\"https:\\\/\\\/radioljubuski.ba\\\/wp-content\\\/uploads\\\/2021\\\/06\\\/Velika-Britanija-koronavirus.jpg\",\"datePublished\":\"2021-06-02T22:00:26+00:00\",\"dateModified\":\"2021-06-02T22:00:27+00:00\",\"breadcrumb\":{\"@id\":\"https:\\\/\\\/radioljubuski.ba\\\/index.php\\\/2021\\\/06\\\/02\\\/u-velikoj-britaniji-strucnjaci-upozoravaju-na-3-val-pandemije\\\/#breadcrumb\"},\"inLanguage\":\"hr\",\"potentialAction\":[{\"@type\":\"ReadAction\",\"target\":[\"https:\\\/\\\/radioljubuski.ba\\\/index.php\\\/2021\\\/06\\\/02\\\/u-velikoj-britaniji-strucnjaci-upozoravaju-na-3-val-pandemije\\\/\"]}]},{\"@type\":\"ImageObject\",\"inLanguage\":\"hr\",\"@id\":\"https:\\\/\\\/radioljubuski.ba\\\/index.php\\\/2021\\\/06\\\/02\\\/u-velikoj-britaniji-strucnjaci-upozoravaju-na-3-val-pandemije\\\/#primaryimage\",\"url\":\"https:\\\/\\\/radioljubuski.ba\\\/wp-content\\\/uploads\\\/2021\\\/06\\\/Velika-Britanija-koronavirus.jpg\",\"contentUrl\":\"https:\\\/\\\/radioljubuski.ba\\\/wp-content\\\/uploads\\\/2021\\\/06\\\/Velika-Britanija-koronavirus.jpg\",\"width\":1199,\"height\":675},{\"@type\":\"BreadcrumbList\",\"@id\":\"https:\\\/\\\/radioljubuski.ba\\\/index.php\\\/2021\\\/06\\\/02\\\/u-velikoj-britaniji-strucnjaci-upozoravaju-na-3-val-pandemije\\\/#breadcrumb\",\"itemListElement\":[{\"@type\":\"ListItem\",\"position\":1,\"name\":\"Po\u010detna stranica\",\"item\":\"https:\\\/\\\/radioljubuski.ba\\\/\"},{\"@type\":\"ListItem\",\"position\":2,\"name\":\"U Velikoj Britaniji stru\u010dnjaci upozoravaju na 3. val pandemije\"}]},{\"@type\":\"WebSite\",\"@id\":\"https:\\\/\\\/radioljubuski.ba\\\/#website\",\"url\":\"https:\\\/\\\/radioljubuski.ba\\\/\",\"name\":\"Radio Ljubu\u0161ki\",\"description\":\"Sun\u010dana frekvencija Hercegovine\",\"publisher\":{\"@id\":\"https:\\\/\\\/radioljubuski.ba\\\/#organization\"},\"potentialAction\":[{\"@type\":\"SearchAction\",\"target\":{\"@type\":\"EntryPoint\",\"urlTemplate\":\"https:\\\/\\\/radioljubuski.ba\\\/?s={search_term_string}\"},\"query-input\":{\"@type\":\"PropertyValueSpecification\",\"valueRequired\":true,\"valueName\":\"search_term_string\"}}],\"inLanguage\":\"hr\"},{\"@type\":\"Organization\",\"@id\":\"https:\\\/\\\/radioljubuski.ba\\\/#organization\",\"name\":\"Radio Ljubu\u0161ki\",\"url\":\"https:\\\/\\\/radioljubuski.ba\\\/\",\"logo\":{\"@type\":\"ImageObject\",\"inLanguage\":\"hr\",\"@id\":\"https:\\\/\\\/radioljubuski.ba\\\/#\\\/schema\\\/logo\\\/image\\\/\",\"url\":\"https:\\\/\\\/radioljubuski.ba\\\/wp-content\\\/uploads\\\/2021\\\/02\\\/cropped-Radio_Ljubuski_logo1.jpg\",\"contentUrl\":\"https:\\\/\\\/radioljubuski.ba\\\/wp-content\\\/uploads\\\/2021\\\/02\\\/cropped-Radio_Ljubuski_logo1.jpg\",\"width\":512,\"height\":512,\"caption\":\"Radio Ljubu\u0161ki\"},\"image\":{\"@id\":\"https:\\\/\\\/radioljubuski.ba\\\/#\\\/schema\\\/logo\\\/image\\\/\"},\"sameAs\":[\"https:\\\/\\\/www.facebook.com\\\/Radiio-Ljubuski-1490835324566332\",\"https:\\\/\\\/x.com\\\/radioljubuski\",\"https:\\\/\\\/hr.linkedin.com\\\/company\\\/radio-ljubuski\",\"https:\\\/\\\/www.youtube.com\\\/channel\\\/UCHYaeO_n0Db3tjNGudGpXyw\"]},{\"@type\":\"Person\",\"@id\":\"https:\\\/\\\/radioljubuski.ba\\\/#\\\/schema\\\/person\\\/19fc700381a780f69665d7956c469e3b\",\"name\":\"Radio Ljubu\u0161ki\"}]}<\/script>\n<!-- \/ Yoast SEO plugin. -->","yoast_head_json":{"title":"U Velikoj Britaniji stru\u010dnjaci upozoravaju na 3. val pandemije - RADIO LJUBU\u0160KI","robots":{"index":"index","follow":"follow","max-snippet":"max-snippet:-1","max-image-preview":"max-image-preview:large","max-video-preview":"max-video-preview:-1"},"canonical":"https:\/\/radioljubuski.ba\/index.php\/2021\/06\/02\/u-velikoj-britaniji-strucnjaci-upozoravaju-na-3-val-pandemije\/","og_locale":"hr_HR","og_type":"article","og_title":"U Velikoj Britaniji stru\u010dnjaci upozoravaju na 3. val pandemije - RADIO LJUBU\u0160KI","og_description":"Dok ve\u0107ina Europe nastavlja s ubla\u017eavanjem epidemiolo\u0161kih mjera, u Velikoj Britaniji zdravstveni stru\u010dnjaci upozoravaju da bi ta zemlja mogla biti na po\u010detku tre\u0107eg vala pandemije. Postupno ubla\u017eavanje preventivnih mjera u Francuskoj u kombinaciji s lijepim vremenom brojne je stanovnike Pariza izmamilo na ulice.&nbsp; &#8211; Ovo je sjajno. Nakon godinu dana zatvaranja zbog pandemije, lijepo je [&hellip;]","og_url":"https:\/\/radioljubuski.ba\/index.php\/2021\/06\/02\/u-velikoj-britaniji-strucnjaci-upozoravaju-na-3-val-pandemije\/","og_site_name":"RADIO LJUBU\u0160KI","article_publisher":"https:\/\/www.facebook.com\/Radiio-Ljubuski-1490835324566332","article_published_time":"2021-06-02T22:00:26+00:00","article_modified_time":"2021-06-02T22:00:27+00:00","og_image":[{"width":1199,"height":675,"url":"https:\/\/radioljubuski.ba\/wp-content\/uploads\/2021\/06\/Velika-Britanija-koronavirus.jpg","type":"image\/jpeg"}],"author":"Radio Ljubu\u0161ki","twitter_card":"summary_large_image","twitter_creator":"@radioljubuski","twitter_site":"@radioljubuski","twitter_misc":{"Napisao\/la":"Radio Ljubu\u0161ki","Procijenjeno vrijeme \u010ditanja":"2 minute"},"schema":{"@context":"https:\/\/schema.org","@graph":[{"@type":"Article","@id":"https:\/\/radioljubuski.ba\/index.php\/2021\/06\/02\/u-velikoj-britaniji-strucnjaci-upozoravaju-na-3-val-pandemije\/#article","isPartOf":{"@id":"https:\/\/radioljubuski.ba\/index.php\/2021\/06\/02\/u-velikoj-britaniji-strucnjaci-upozoravaju-na-3-val-pandemije\/"},"author":{"name":"Radio Ljubu\u0161ki","@id":"https:\/\/radioljubuski.ba\/#\/schema\/person\/19fc700381a780f69665d7956c469e3b"},"headline":"U Velikoj Britaniji stru\u010dnjaci upozoravaju na 3. val pandemije","datePublished":"2021-06-02T22:00:26+00:00","dateModified":"2021-06-02T22:00:27+00:00","mainEntityOfPage":{"@id":"https:\/\/radioljubuski.ba\/index.php\/2021\/06\/02\/u-velikoj-britaniji-strucnjaci-upozoravaju-na-3-val-pandemije\/"},"wordCount":366,"publisher":{"@id":"https:\/\/radioljubuski.ba\/#organization"},"image":{"@id":"https:\/\/radioljubuski.ba\/index.php\/2021\/06\/02\/u-velikoj-britaniji-strucnjaci-upozoravaju-na-3-val-pandemije\/#primaryimage"},"thumbnailUrl":"https:\/\/radioljubuski.ba\/wp-content\/uploads\/2021\/06\/Velika-Britanija-koronavirus.jpg","articleSection":["BIH i regija"],"inLanguage":"hr"},{"@type":"WebPage","@id":"https:\/\/radioljubuski.ba\/index.php\/2021\/06\/02\/u-velikoj-britaniji-strucnjaci-upozoravaju-na-3-val-pandemije\/","url":"https:\/\/radioljubuski.ba\/index.php\/2021\/06\/02\/u-velikoj-britaniji-strucnjaci-upozoravaju-na-3-val-pandemije\/","name":"U Velikoj Britaniji stru\u010dnjaci upozoravaju na 3. val pandemije - RADIO LJUBU\u0160KI","isPartOf":{"@id":"https:\/\/radioljubuski.ba\/#website"},"primaryImageOfPage":{"@id":"https:\/\/radioljubuski.ba\/index.php\/2021\/06\/02\/u-velikoj-britaniji-strucnjaci-upozoravaju-na-3-val-pandemije\/#primaryimage"},"image":{"@id":"https:\/\/radioljubuski.ba\/index.php\/2021\/06\/02\/u-velikoj-britaniji-strucnjaci-upozoravaju-na-3-val-pandemije\/#primaryimage"},"thumbnailUrl":"https:\/\/radioljubuski.ba\/wp-content\/uploads\/2021\/06\/Velika-Britanija-koronavirus.jpg","datePublished":"2021-06-02T22:00:26+00:00","dateModified":"2021-06-02T22:00:27+00:00","breadcrumb":{"@id":"https:\/\/radioljubuski.ba\/index.php\/2021\/06\/02\/u-velikoj-britaniji-strucnjaci-upozoravaju-na-3-val-pandemije\/#breadcrumb"},"inLanguage":"hr","potentialAction":[{"@type":"ReadAction","target":["https:\/\/radioljubuski.ba\/index.php\/2021\/06\/02\/u-velikoj-britaniji-strucnjaci-upozoravaju-na-3-val-pandemije\/"]}]},{"@type":"ImageObject","inLanguage":"hr","@id":"https:\/\/radioljubuski.ba\/index.php\/2021\/06\/02\/u-velikoj-britaniji-strucnjaci-upozoravaju-na-3-val-pandemije\/#primaryimage","url":"https:\/\/radioljubuski.ba\/wp-content\/uploads\/2021\/06\/Velika-Britanija-koronavirus.jpg","contentUrl":"https:\/\/radioljubuski.ba\/wp-content\/uploads\/2021\/06\/Velika-Britanija-koronavirus.jpg","width":1199,"height":675},{"@type":"BreadcrumbList","@id":"https:\/\/radioljubuski.ba\/index.php\/2021\/06\/02\/u-velikoj-britaniji-strucnjaci-upozoravaju-na-3-val-pandemije\/#breadcrumb","itemListElement":[{"@type":"ListItem","position":1,"name":"Po\u010detna stranica","item":"https:\/\/radioljubuski.ba\/"},{"@type":"ListItem","position":2,"name":"U Velikoj Britaniji stru\u010dnjaci upozoravaju na 3. val pandemije"}]},{"@type":"WebSite","@id":"https:\/\/radioljubuski.ba\/#website","url":"https:\/\/radioljubuski.ba\/","name":"Radio Ljubu\u0161ki","description":"Sun\u010dana frekvencija Hercegovine","publisher":{"@id":"https:\/\/radioljubuski.ba\/#organization"},"potentialAction":[{"@type":"SearchAction","target":{"@type":"EntryPoint","urlTemplate":"https:\/\/radioljubuski.ba\/?s={search_term_string}"},"query-input":{"@type":"PropertyValueSpecification","valueRequired":true,"valueName":"search_term_string"}}],"inLanguage":"hr"},{"@type":"Organization","@id":"https:\/\/radioljubuski.ba\/#organization","name":"Radio Ljubu\u0161ki","url":"https:\/\/radioljubuski.ba\/","logo":{"@type":"ImageObject","inLanguage":"hr","@id":"https:\/\/radioljubuski.ba\/#\/schema\/logo\/image\/","url":"https:\/\/radioljubuski.ba\/wp-content\/uploads\/2021\/02\/cropped-Radio_Ljubuski_logo1.jpg","contentUrl":"https:\/\/radioljubuski.ba\/wp-content\/uploads\/2021\/02\/cropped-Radio_Ljubuski_logo1.jpg","width":512,"height":512,"caption":"Radio Ljubu\u0161ki"},"image":{"@id":"https:\/\/radioljubuski.ba\/#\/schema\/logo\/image\/"},"sameAs":["https:\/\/www.facebook.com\/Radiio-Ljubuski-1490835324566332","https:\/\/x.com\/radioljubuski","https:\/\/hr.linkedin.com\/company\/radio-ljubuski","https:\/\/www.youtube.com\/channel\/UCHYaeO_n0Db3tjNGudGpXyw"]},{"@type":"Person","@id":"https:\/\/radioljubuski.ba\/#\/schema\/person\/19fc700381a780f69665d7956c469e3b","name":"Radio Ljubu\u0161ki"}]}},"_links":{"self":[{"href":"https:\/\/radioljubuski.ba\/index.php\/wp-json\/wp\/v2\/posts\/27886","targetHints":{"allow":["GET"]}}],"collection":[{"href":"https:\/\/radioljubuski.ba\/index.php\/wp-json\/wp\/v2\/posts"}],"about":[{"href":"https:\/\/radioljubuski.ba\/index.php\/wp-json\/wp\/v2\/types\/post"}],"author":[{"embeddable":true,"href":"https:\/\/radioljubuski.ba\/index.php\/wp-json\/wp\/v2\/users\/2"}],"replies":[{"embeddable":true,"href":"https:\/\/radioljubuski.ba\/index.php\/wp-json\/wp\/v2\/comments?post=27886"}],"version-history":[{"count":1,"href":"https:\/\/radioljubuski.ba\/index.php\/wp-json\/wp\/v2\/posts\/27886\/revisions"}],"predecessor-version":[{"id":27888,"href":"https:\/\/radioljubuski.ba\/index.php\/wp-json\/wp\/v2\/posts\/27886\/revisions\/27888"}],"wp:featuredmedia":[{"embeddable":true,"href":"https:\/\/radioljubuski.ba\/index.php\/wp-json\/wp\/v2\/media\/27887"}],"wp:attachment":[{"href":"https:\/\/radioljubuski.ba\/index.php\/wp-json\/wp\/v2\/media?parent=27886"}],"wp:term":[{"taxonomy":"category","embeddable":true,"href":"https:\/\/radioljubuski.ba\/index.php\/wp-json\/wp\/v2\/categories?post=27886"},{"taxonomy":"post_tag","embeddable":true,"href":"https:\/\/radioljubuski.ba\/index.php\/wp-json\/wp\/v2\/tags?post=27886"}],"curies":[{"name":"wp","href":"https:\/\/api.w.org\/{rel}","templated":true}]}}