{"id":27916,"date":"2021-06-03T00:03:19","date_gmt":"2021-06-02T23:03:19","guid":{"rendered":"https:\/\/radioljubuski.ba\/?p=27916"},"modified":"2021-06-03T00:03:21","modified_gmt":"2021-06-02T23:03:21","slug":"cilic-saznao-kad-ce-traziti-drugu-pobjedu-protiv-federera","status":"publish","type":"post","link":"https:\/\/radioljubuski.ba\/index.php\/2021\/06\/03\/cilic-saznao-kad-ce-traziti-drugu-pobjedu-protiv-federera\/","title":{"rendered":"\u010cili\u0107 saznao kad \u0107e tra\u017eiti drugu pobjedu protiv Federera"},"content":{"rendered":"\n<p><strong>Hrvatski tenisa\u010d Marin \u010cili\u0107 sutra, u \u010detvrtak, igra me\u010d drugog kola Roland Garrosa protiv legendarnog \u0160vicarca Rogera Federera.<\/strong><\/p>\n\n\n\n<p>Njihov me\u010d je, po rasporedu, tre\u0107i na prvom terenu Philippe Chatrieru, ne prije 16 sati.<br><br>Na terenu \u0107e prije njih igrati Australka\u00a0<strong>Barty\u00a0<\/strong>i Poljakinja\u00a0<strong>Linette\u00a0<\/strong>te \u010cehinja\u00a0<strong>Karolina Pli\u0161kova\u00a0<\/strong>i Amerikanka\u00a0<strong>Stephens<\/strong>. Dan na Chatriereu, nakon Federera i \u010cili\u0107a, zatvaraju \u0160panjolac\u00a0<strong>Rafael Nadal\u00a0<\/strong>i Francuz\u00a0<strong>Gasquet<\/strong>.<\/p>\n\n\n\n<blockquote class=\"twitter-tweet\"><p lang=\"en\" dir=\"ltr\">Quite a day on Chatrier \ud83d\ude0d<br><br>Full Day 5\ufe0f\u20e3 OOP \ud83d\udc49 <a href=\"https:\/\/t.co\/6XTkwZYrV2\">https:\/\/t.co\/6XTkwZYrV2<\/a><a href=\"https:\/\/twitter.com\/hashtag\/RolandGarros?src=hash&amp;ref_src=twsrc%5Etfw\">#RolandGarros<\/a> <a href=\"https:\/\/t.co\/T2UAM6dAXq\">pic.twitter.com\/T2UAM6dAXq<\/a><\/p>&mdash; Roland-Garros (@rolandgarros) <a href=\"https:\/\/twitter.com\/rolandgarros\/status\/1400151015232577536?ref_src=twsrc%5Etfw\">June 2, 2021<\/a><\/blockquote> <script async src=\"https:\/\/platform.twitter.com\/widgets.js\" charset=\"utf-8\"><\/script>\n\n\n\n<p>\u010cili\u0107 i Federer odigrali su u dosada\u0161njoj karijeri deset me\u0111usobnih susreta, a hrvatski tenisa\u010d upisao je tek jednu pobjedu, na US Openu 2014. godine kada je uzeo i titulu u New Yorku.<\/p>\n\n\n\n<p>Izvor:hrt.hr<\/p>\n","protected":false},"excerpt":{"rendered":"<p>Hrvatski tenisa\u010d Marin \u010cili\u0107 sutra, u \u010detvrtak, igra me\u010d drugog kola Roland Garrosa protiv legendarnog \u0160vicarca Rogera Federera. Njihov me\u010d je, po rasporedu, tre\u0107i na prvom terenu Philippe Chatrieru, ne prije 16 sati. Na terenu \u0107e prije njih igrati Australka\u00a0Barty\u00a0i Poljakinja\u00a0Linette\u00a0te \u010cehinja\u00a0Karolina Pli\u0161kova\u00a0i Amerikanka\u00a0Stephens. Dan na Chatriereu, nakon Federera i \u010cili\u0107a, zatvaraju \u0160panjolac\u00a0Rafael Nadal\u00a0i Francuz\u00a0Gasquet. [&hellip;]<\/p>\n","protected":false},"author":2,"featured_media":22738,"comment_status":"closed","ping_status":"closed","sticky":false,"template":"","format":"standard","meta":{"h5ap_radio_sources":[],"footnotes":""},"categories":[7],"tags":[],"class_list":["post-27916","post","type-post","status-publish","format-standard","has-post-thumbnail","hentry","category-sport"],"yoast_head":"<!-- This site is optimized with the Yoast SEO plugin v27.5 - https:\/\/yoast.com\/product\/yoast-seo-wordpress\/ -->\n<title>\u010cili\u0107 saznao kad \u0107e tra\u017eiti drugu pobjedu protiv Federera - RADIO LJUBU\u0160KI<\/title>\n<meta name=\"robots\" content=\"index, follow, max-snippet:-1, max-image-preview:large, max-video-preview:-1\" \/>\n<link rel=\"canonical\" href=\"https:\/\/radioljubuski.ba\/index.php\/2021\/06\/03\/cilic-saznao-kad-ce-traziti-drugu-pobjedu-protiv-federera\/\" \/>\n<meta property=\"og:locale\" content=\"hr_HR\" \/>\n<meta property=\"og:type\" content=\"article\" \/>\n<meta property=\"og:title\" content=\"\u010cili\u0107 saznao kad \u0107e tra\u017eiti drugu pobjedu protiv Federera - RADIO LJUBU\u0160KI\" \/>\n<meta property=\"og:description\" content=\"Hrvatski tenisa\u010d Marin \u010cili\u0107 sutra, u \u010detvrtak, igra me\u010d drugog kola Roland Garrosa protiv legendarnog \u0160vicarca Rogera Federera. Njihov me\u010d je, po rasporedu, tre\u0107i na prvom terenu Philippe Chatrieru, ne prije 16 sati. Na terenu \u0107e prije njih igrati Australka\u00a0Barty\u00a0i Poljakinja\u00a0Linette\u00a0te \u010cehinja\u00a0Karolina Pli\u0161kova\u00a0i Amerikanka\u00a0Stephens. Dan na Chatriereu, nakon Federera i \u010cili\u0107a, zatvaraju \u0160panjolac\u00a0Rafael Nadal\u00a0i Francuz\u00a0Gasquet. [&hellip;]\" \/>\n<meta property=\"og:url\" content=\"https:\/\/radioljubuski.ba\/index.php\/2021\/06\/03\/cilic-saznao-kad-ce-traziti-drugu-pobjedu-protiv-federera\/\" \/>\n<meta property=\"og:site_name\" content=\"RADIO LJUBU\u0160KI\" \/>\n<meta property=\"article:publisher\" content=\"https:\/\/www.facebook.com\/Radiio-Ljubuski-1490835324566332\" \/>\n<meta property=\"article:published_time\" content=\"2021-06-02T23:03:19+00:00\" \/>\n<meta property=\"article:modified_time\" content=\"2021-06-02T23:03:21+00:00\" \/>\n<meta property=\"og:image\" content=\"https:\/\/radioljubuski.ba\/wp-content\/uploads\/2021\/05\/cilic-1805-20210518134107.jpg\" \/>\n\t<meta property=\"og:image:width\" content=\"2367\" \/>\n\t<meta property=\"og:image:height\" content=\"1354\" \/>\n\t<meta property=\"og:image:type\" content=\"image\/jpeg\" \/>\n<meta name=\"author\" content=\"Radio Ljubu\u0161ki\" \/>\n<meta name=\"twitter:card\" content=\"summary_large_image\" \/>\n<meta name=\"twitter:creator\" content=\"@radioljubuski\" \/>\n<meta name=\"twitter:site\" content=\"@radioljubuski\" \/>\n<meta name=\"twitter:label1\" content=\"Napisao\/la\" \/>\n\t<meta name=\"twitter:data1\" content=\"Radio Ljubu\u0161ki\" \/>\n\t<meta name=\"twitter:label2\" content=\"Procijenjeno vrijeme \u010ditanja\" \/>\n\t<meta name=\"twitter:data2\" content=\"1 minuta\" \/>\n<script type=\"application\/ld+json\" class=\"yoast-schema-graph\">{\"@context\":\"https:\\\/\\\/schema.org\",\"@graph\":[{\"@type\":\"Article\",\"@id\":\"https:\\\/\\\/radioljubuski.ba\\\/index.php\\\/2021\\\/06\\\/03\\\/cilic-saznao-kad-ce-traziti-drugu-pobjedu-protiv-federera\\\/#article\",\"isPartOf\":{\"@id\":\"https:\\\/\\\/radioljubuski.ba\\\/index.php\\\/2021\\\/06\\\/03\\\/cilic-saznao-kad-ce-traziti-drugu-pobjedu-protiv-federera\\\/\"},\"author\":{\"name\":\"Radio Ljubu\u0161ki\",\"@id\":\"https:\\\/\\\/radioljubuski.ba\\\/#\\\/schema\\\/person\\\/19fc700381a780f69665d7956c469e3b\"},\"headline\":\"\u010cili\u0107 saznao kad \u0107e tra\u017eiti drugu pobjedu protiv Federera\",\"datePublished\":\"2021-06-02T23:03:19+00:00\",\"dateModified\":\"2021-06-02T23:03:21+00:00\",\"mainEntityOfPage\":{\"@id\":\"https:\\\/\\\/radioljubuski.ba\\\/index.php\\\/2021\\\/06\\\/03\\\/cilic-saznao-kad-ce-traziti-drugu-pobjedu-protiv-federera\\\/\"},\"wordCount\":136,\"publisher\":{\"@id\":\"https:\\\/\\\/radioljubuski.ba\\\/#organization\"},\"image\":{\"@id\":\"https:\\\/\\\/radioljubuski.ba\\\/index.php\\\/2021\\\/06\\\/03\\\/cilic-saznao-kad-ce-traziti-drugu-pobjedu-protiv-federera\\\/#primaryimage\"},\"thumbnailUrl\":\"https:\\\/\\\/radioljubuski.ba\\\/wp-content\\\/uploads\\\/2021\\\/05\\\/cilic-1805-20210518134107.jpg\",\"articleSection\":[\"\u0160port\"],\"inLanguage\":\"hr\"},{\"@type\":\"WebPage\",\"@id\":\"https:\\\/\\\/radioljubuski.ba\\\/index.php\\\/2021\\\/06\\\/03\\\/cilic-saznao-kad-ce-traziti-drugu-pobjedu-protiv-federera\\\/\",\"url\":\"https:\\\/\\\/radioljubuski.ba\\\/index.php\\\/2021\\\/06\\\/03\\\/cilic-saznao-kad-ce-traziti-drugu-pobjedu-protiv-federera\\\/\",\"name\":\"\u010cili\u0107 saznao kad \u0107e tra\u017eiti drugu pobjedu protiv Federera - RADIO LJUBU\u0160KI\",\"isPartOf\":{\"@id\":\"https:\\\/\\\/radioljubuski.ba\\\/#website\"},\"primaryImageOfPage\":{\"@id\":\"https:\\\/\\\/radioljubuski.ba\\\/index.php\\\/2021\\\/06\\\/03\\\/cilic-saznao-kad-ce-traziti-drugu-pobjedu-protiv-federera\\\/#primaryimage\"},\"image\":{\"@id\":\"https:\\\/\\\/radioljubuski.ba\\\/index.php\\\/2021\\\/06\\\/03\\\/cilic-saznao-kad-ce-traziti-drugu-pobjedu-protiv-federera\\\/#primaryimage\"},\"thumbnailUrl\":\"https:\\\/\\\/radioljubuski.ba\\\/wp-content\\\/uploads\\\/2021\\\/05\\\/cilic-1805-20210518134107.jpg\",\"datePublished\":\"2021-06-02T23:03:19+00:00\",\"dateModified\":\"2021-06-02T23:03:21+00:00\",\"breadcrumb\":{\"@id\":\"https:\\\/\\\/radioljubuski.ba\\\/index.php\\\/2021\\\/06\\\/03\\\/cilic-saznao-kad-ce-traziti-drugu-pobjedu-protiv-federera\\\/#breadcrumb\"},\"inLanguage\":\"hr\",\"potentialAction\":[{\"@type\":\"ReadAction\",\"target\":[\"https:\\\/\\\/radioljubuski.ba\\\/index.php\\\/2021\\\/06\\\/03\\\/cilic-saznao-kad-ce-traziti-drugu-pobjedu-protiv-federera\\\/\"]}]},{\"@type\":\"ImageObject\",\"inLanguage\":\"hr\",\"@id\":\"https:\\\/\\\/radioljubuski.ba\\\/index.php\\\/2021\\\/06\\\/03\\\/cilic-saznao-kad-ce-traziti-drugu-pobjedu-protiv-federera\\\/#primaryimage\",\"url\":\"https:\\\/\\\/radioljubuski.ba\\\/wp-content\\\/uploads\\\/2021\\\/05\\\/cilic-1805-20210518134107.jpg\",\"contentUrl\":\"https:\\\/\\\/radioljubuski.ba\\\/wp-content\\\/uploads\\\/2021\\\/05\\\/cilic-1805-20210518134107.jpg\",\"width\":2367,\"height\":1354},{\"@type\":\"BreadcrumbList\",\"@id\":\"https:\\\/\\\/radioljubuski.ba\\\/index.php\\\/2021\\\/06\\\/03\\\/cilic-saznao-kad-ce-traziti-drugu-pobjedu-protiv-federera\\\/#breadcrumb\",\"itemListElement\":[{\"@type\":\"ListItem\",\"position\":1,\"name\":\"Po\u010detna stranica\",\"item\":\"https:\\\/\\\/radioljubuski.ba\\\/\"},{\"@type\":\"ListItem\",\"position\":2,\"name\":\"\u010cili\u0107 saznao kad \u0107e tra\u017eiti drugu pobjedu protiv Federera\"}]},{\"@type\":\"WebSite\",\"@id\":\"https:\\\/\\\/radioljubuski.ba\\\/#website\",\"url\":\"https:\\\/\\\/radioljubuski.ba\\\/\",\"name\":\"Radio Ljubu\u0161ki\",\"description\":\"Sun\u010dana frekvencija Hercegovine\",\"publisher\":{\"@id\":\"https:\\\/\\\/radioljubuski.ba\\\/#organization\"},\"potentialAction\":[{\"@type\":\"SearchAction\",\"target\":{\"@type\":\"EntryPoint\",\"urlTemplate\":\"https:\\\/\\\/radioljubuski.ba\\\/?s={search_term_string}\"},\"query-input\":{\"@type\":\"PropertyValueSpecification\",\"valueRequired\":true,\"valueName\":\"search_term_string\"}}],\"inLanguage\":\"hr\"},{\"@type\":\"Organization\",\"@id\":\"https:\\\/\\\/radioljubuski.ba\\\/#organization\",\"name\":\"Radio Ljubu\u0161ki\",\"url\":\"https:\\\/\\\/radioljubuski.ba\\\/\",\"logo\":{\"@type\":\"ImageObject\",\"inLanguage\":\"hr\",\"@id\":\"https:\\\/\\\/radioljubuski.ba\\\/#\\\/schema\\\/logo\\\/image\\\/\",\"url\":\"https:\\\/\\\/radioljubuski.ba\\\/wp-content\\\/uploads\\\/2021\\\/02\\\/cropped-Radio_Ljubuski_logo1.jpg\",\"contentUrl\":\"https:\\\/\\\/radioljubuski.ba\\\/wp-content\\\/uploads\\\/2021\\\/02\\\/cropped-Radio_Ljubuski_logo1.jpg\",\"width\":512,\"height\":512,\"caption\":\"Radio Ljubu\u0161ki\"},\"image\":{\"@id\":\"https:\\\/\\\/radioljubuski.ba\\\/#\\\/schema\\\/logo\\\/image\\\/\"},\"sameAs\":[\"https:\\\/\\\/www.facebook.com\\\/Radiio-Ljubuski-1490835324566332\",\"https:\\\/\\\/x.com\\\/radioljubuski\",\"https:\\\/\\\/hr.linkedin.com\\\/company\\\/radio-ljubuski\",\"https:\\\/\\\/www.youtube.com\\\/channel\\\/UCHYaeO_n0Db3tjNGudGpXyw\"]},{\"@type\":\"Person\",\"@id\":\"https:\\\/\\\/radioljubuski.ba\\\/#\\\/schema\\\/person\\\/19fc700381a780f69665d7956c469e3b\",\"name\":\"Radio Ljubu\u0161ki\"}]}<\/script>\n<!-- \/ Yoast SEO plugin. -->","yoast_head_json":{"title":"\u010cili\u0107 saznao kad \u0107e tra\u017eiti drugu pobjedu protiv Federera - RADIO LJUBU\u0160KI","robots":{"index":"index","follow":"follow","max-snippet":"max-snippet:-1","max-image-preview":"max-image-preview:large","max-video-preview":"max-video-preview:-1"},"canonical":"https:\/\/radioljubuski.ba\/index.php\/2021\/06\/03\/cilic-saznao-kad-ce-traziti-drugu-pobjedu-protiv-federera\/","og_locale":"hr_HR","og_type":"article","og_title":"\u010cili\u0107 saznao kad \u0107e tra\u017eiti drugu pobjedu protiv Federera - RADIO LJUBU\u0160KI","og_description":"Hrvatski tenisa\u010d Marin \u010cili\u0107 sutra, u \u010detvrtak, igra me\u010d drugog kola Roland Garrosa protiv legendarnog \u0160vicarca Rogera Federera. Njihov me\u010d je, po rasporedu, tre\u0107i na prvom terenu Philippe Chatrieru, ne prije 16 sati. Na terenu \u0107e prije njih igrati Australka\u00a0Barty\u00a0i Poljakinja\u00a0Linette\u00a0te \u010cehinja\u00a0Karolina Pli\u0161kova\u00a0i Amerikanka\u00a0Stephens. Dan na Chatriereu, nakon Federera i \u010cili\u0107a, zatvaraju \u0160panjolac\u00a0Rafael Nadal\u00a0i Francuz\u00a0Gasquet. [&hellip;]","og_url":"https:\/\/radioljubuski.ba\/index.php\/2021\/06\/03\/cilic-saznao-kad-ce-traziti-drugu-pobjedu-protiv-federera\/","og_site_name":"RADIO LJUBU\u0160KI","article_publisher":"https:\/\/www.facebook.com\/Radiio-Ljubuski-1490835324566332","article_published_time":"2021-06-02T23:03:19+00:00","article_modified_time":"2021-06-02T23:03:21+00:00","og_image":[{"width":2367,"height":1354,"url":"https:\/\/radioljubuski.ba\/wp-content\/uploads\/2021\/05\/cilic-1805-20210518134107.jpg","type":"image\/jpeg"}],"author":"Radio Ljubu\u0161ki","twitter_card":"summary_large_image","twitter_creator":"@radioljubuski","twitter_site":"@radioljubuski","twitter_misc":{"Napisao\/la":"Radio Ljubu\u0161ki","Procijenjeno vrijeme \u010ditanja":"1 minuta"},"schema":{"@context":"https:\/\/schema.org","@graph":[{"@type":"Article","@id":"https:\/\/radioljubuski.ba\/index.php\/2021\/06\/03\/cilic-saznao-kad-ce-traziti-drugu-pobjedu-protiv-federera\/#article","isPartOf":{"@id":"https:\/\/radioljubuski.ba\/index.php\/2021\/06\/03\/cilic-saznao-kad-ce-traziti-drugu-pobjedu-protiv-federera\/"},"author":{"name":"Radio Ljubu\u0161ki","@id":"https:\/\/radioljubuski.ba\/#\/schema\/person\/19fc700381a780f69665d7956c469e3b"},"headline":"\u010cili\u0107 saznao kad \u0107e tra\u017eiti drugu pobjedu protiv Federera","datePublished":"2021-06-02T23:03:19+00:00","dateModified":"2021-06-02T23:03:21+00:00","mainEntityOfPage":{"@id":"https:\/\/radioljubuski.ba\/index.php\/2021\/06\/03\/cilic-saznao-kad-ce-traziti-drugu-pobjedu-protiv-federera\/"},"wordCount":136,"publisher":{"@id":"https:\/\/radioljubuski.ba\/#organization"},"image":{"@id":"https:\/\/radioljubuski.ba\/index.php\/2021\/06\/03\/cilic-saznao-kad-ce-traziti-drugu-pobjedu-protiv-federera\/#primaryimage"},"thumbnailUrl":"https:\/\/radioljubuski.ba\/wp-content\/uploads\/2021\/05\/cilic-1805-20210518134107.jpg","articleSection":["\u0160port"],"inLanguage":"hr"},{"@type":"WebPage","@id":"https:\/\/radioljubuski.ba\/index.php\/2021\/06\/03\/cilic-saznao-kad-ce-traziti-drugu-pobjedu-protiv-federera\/","url":"https:\/\/radioljubuski.ba\/index.php\/2021\/06\/03\/cilic-saznao-kad-ce-traziti-drugu-pobjedu-protiv-federera\/","name":"\u010cili\u0107 saznao kad \u0107e tra\u017eiti drugu pobjedu protiv Federera - RADIO LJUBU\u0160KI","isPartOf":{"@id":"https:\/\/radioljubuski.ba\/#website"},"primaryImageOfPage":{"@id":"https:\/\/radioljubuski.ba\/index.php\/2021\/06\/03\/cilic-saznao-kad-ce-traziti-drugu-pobjedu-protiv-federera\/#primaryimage"},"image":{"@id":"https:\/\/radioljubuski.ba\/index.php\/2021\/06\/03\/cilic-saznao-kad-ce-traziti-drugu-pobjedu-protiv-federera\/#primaryimage"},"thumbnailUrl":"https:\/\/radioljubuski.ba\/wp-content\/uploads\/2021\/05\/cilic-1805-20210518134107.jpg","datePublished":"2021-06-02T23:03:19+00:00","dateModified":"2021-06-02T23:03:21+00:00","breadcrumb":{"@id":"https:\/\/radioljubuski.ba\/index.php\/2021\/06\/03\/cilic-saznao-kad-ce-traziti-drugu-pobjedu-protiv-federera\/#breadcrumb"},"inLanguage":"hr","potentialAction":[{"@type":"ReadAction","target":["https:\/\/radioljubuski.ba\/index.php\/2021\/06\/03\/cilic-saznao-kad-ce-traziti-drugu-pobjedu-protiv-federera\/"]}]},{"@type":"ImageObject","inLanguage":"hr","@id":"https:\/\/radioljubuski.ba\/index.php\/2021\/06\/03\/cilic-saznao-kad-ce-traziti-drugu-pobjedu-protiv-federera\/#primaryimage","url":"https:\/\/radioljubuski.ba\/wp-content\/uploads\/2021\/05\/cilic-1805-20210518134107.jpg","contentUrl":"https:\/\/radioljubuski.ba\/wp-content\/uploads\/2021\/05\/cilic-1805-20210518134107.jpg","width":2367,"height":1354},{"@type":"BreadcrumbList","@id":"https:\/\/radioljubuski.ba\/index.php\/2021\/06\/03\/cilic-saznao-kad-ce-traziti-drugu-pobjedu-protiv-federera\/#breadcrumb","itemListElement":[{"@type":"ListItem","position":1,"name":"Po\u010detna stranica","item":"https:\/\/radioljubuski.ba\/"},{"@type":"ListItem","position":2,"name":"\u010cili\u0107 saznao kad \u0107e tra\u017eiti drugu pobjedu protiv Federera"}]},{"@type":"WebSite","@id":"https:\/\/radioljubuski.ba\/#website","url":"https:\/\/radioljubuski.ba\/","name":"Radio Ljubu\u0161ki","description":"Sun\u010dana frekvencija Hercegovine","publisher":{"@id":"https:\/\/radioljubuski.ba\/#organization"},"potentialAction":[{"@type":"SearchAction","target":{"@type":"EntryPoint","urlTemplate":"https:\/\/radioljubuski.ba\/?s={search_term_string}"},"query-input":{"@type":"PropertyValueSpecification","valueRequired":true,"valueName":"search_term_string"}}],"inLanguage":"hr"},{"@type":"Organization","@id":"https:\/\/radioljubuski.ba\/#organization","name":"Radio Ljubu\u0161ki","url":"https:\/\/radioljubuski.ba\/","logo":{"@type":"ImageObject","inLanguage":"hr","@id":"https:\/\/radioljubuski.ba\/#\/schema\/logo\/image\/","url":"https:\/\/radioljubuski.ba\/wp-content\/uploads\/2021\/02\/cropped-Radio_Ljubuski_logo1.jpg","contentUrl":"https:\/\/radioljubuski.ba\/wp-content\/uploads\/2021\/02\/cropped-Radio_Ljubuski_logo1.jpg","width":512,"height":512,"caption":"Radio Ljubu\u0161ki"},"image":{"@id":"https:\/\/radioljubuski.ba\/#\/schema\/logo\/image\/"},"sameAs":["https:\/\/www.facebook.com\/Radiio-Ljubuski-1490835324566332","https:\/\/x.com\/radioljubuski","https:\/\/hr.linkedin.com\/company\/radio-ljubuski","https:\/\/www.youtube.com\/channel\/UCHYaeO_n0Db3tjNGudGpXyw"]},{"@type":"Person","@id":"https:\/\/radioljubuski.ba\/#\/schema\/person\/19fc700381a780f69665d7956c469e3b","name":"Radio Ljubu\u0161ki"}]}},"_links":{"self":[{"href":"https:\/\/radioljubuski.ba\/index.php\/wp-json\/wp\/v2\/posts\/27916","targetHints":{"allow":["GET"]}}],"collection":[{"href":"https:\/\/radioljubuski.ba\/index.php\/wp-json\/wp\/v2\/posts"}],"about":[{"href":"https:\/\/radioljubuski.ba\/index.php\/wp-json\/wp\/v2\/types\/post"}],"author":[{"embeddable":true,"href":"https:\/\/radioljubuski.ba\/index.php\/wp-json\/wp\/v2\/users\/2"}],"replies":[{"embeddable":true,"href":"https:\/\/radioljubuski.ba\/index.php\/wp-json\/wp\/v2\/comments?post=27916"}],"version-history":[{"count":1,"href":"https:\/\/radioljubuski.ba\/index.php\/wp-json\/wp\/v2\/posts\/27916\/revisions"}],"predecessor-version":[{"id":27917,"href":"https:\/\/radioljubuski.ba\/index.php\/wp-json\/wp\/v2\/posts\/27916\/revisions\/27917"}],"wp:featuredmedia":[{"embeddable":true,"href":"https:\/\/radioljubuski.ba\/index.php\/wp-json\/wp\/v2\/media\/22738"}],"wp:attachment":[{"href":"https:\/\/radioljubuski.ba\/index.php\/wp-json\/wp\/v2\/media?parent=27916"}],"wp:term":[{"taxonomy":"category","embeddable":true,"href":"https:\/\/radioljubuski.ba\/index.php\/wp-json\/wp\/v2\/categories?post=27916"},{"taxonomy":"post_tag","embeddable":true,"href":"https:\/\/radioljubuski.ba\/index.php\/wp-json\/wp\/v2\/tags?post=27916"}],"curies":[{"name":"wp","href":"https:\/\/api.w.org\/{rel}","templated":true}]}}