{"id":27954,"date":"2021-06-03T00:28:08","date_gmt":"2021-06-02T23:28:08","guid":{"rendered":"https:\/\/radioljubuski.ba\/?p=27954"},"modified":"2021-06-03T00:28:08","modified_gmt":"2021-06-02T23:28:08","slug":"oneciscenje-zraka-na-zapadnom-balkanu-ugrozava-cijelu-europu","status":"publish","type":"post","link":"https:\/\/radioljubuski.ba\/index.php\/2021\/06\/03\/oneciscenje-zraka-na-zapadnom-balkanu-ugrozava-cijelu-europu\/","title":{"rendered":"One\u010di\u0161\u0107enje zraka na zapadnom Balkanu ugro\u017eava cijelu Europu"},"content":{"rendered":"\n<p><strong>Termoelektrane na ugljen na zapadnom Balkanu prijetnja su zdravlju i sigurnosti europskog stanovni\u0161tva zbog pove\u0107anog emitiranja \u0161tetnih tvari, poru\u010dili su sudionici panela u sklopu obilje\u017eavanja europskog Zelenog tjedna.<\/strong><\/p>\n\n\n\n<p>Termoelektrane u Srbiji, Crnoj Gori, Albaniji, Makedoniji, Kosovu i BiH predstavljaju zdravstvenu i ekonomsku opasnost za stabilnost EU-a jer su glavni izvor zaga\u0111enosti koja se rapidno \u0161iri cijelom Europom, smatraju predstavnici vode\u0107ih europskih organizacija i centara na podru\u010dju za\u0161tite okoli\u0161a.<br><strong><br>Vlatka Matkovi\u0107<\/strong>, savjetnica za zdravlje i energetiku u Savezu za zdravlje i okoli\u0161 (HEAL) kazala je da zaga\u0111enje zraka ne poznaje granice. One\u010di\u0161\u0107eni zrak sa zapadnog Balkana najprije se \u0161iri prema susjednim dr\u017eavama, ali s vremenom do\u0111e do svih zemalja Europske unije, dodala je. Potkrijepila je to istra\u017eivanjem iz 2016. koje je pokazalo da je te godine 16 termoelektrana na ugljen na zapadnom Balkanu emitiralo jednaku koli\u010dinu sumporovog dioksida (SO2) kao i 250 takvih postrojenja u EU.<\/p>\n\n\n\n<blockquote class=\"twitter-tweet\"><p lang=\"en\" dir=\"ltr\">Check in shortly at the <a href=\"https:\/\/twitter.com\/hashtag\/EUGreenWeek?src=hash&amp;ref_src=twsrc%5Etfw\">#EUGreenWeek<\/a> high level session on <a href=\"https:\/\/twitter.com\/hashtag\/CleanAir4Health?src=hash&amp;ref_src=twsrc%5Etfw\">#CleanAir4Health<\/a> in the <a href=\"https:\/\/twitter.com\/hashtag\/WesternBalkans?src=hash&amp;ref_src=twsrc%5Etfw\">#WesternBalkans<\/a>. <br>We will speak how bad air quality problem is in the region and how decarbonisation can bring better air quality and healthier lives. <a href=\"https:\/\/t.co\/rkxjOe7zzh\">https:\/\/t.co\/rkxjOe7zzh<\/a><\/p>&mdash; Vlatka Matkovic (@VlatkaMatkovic) <a href=\"https:\/\/twitter.com\/VlatkaMatkovic\/status\/1400029354688663554?ref_src=twsrc%5Etfw\">June 2, 2021<\/a><\/blockquote> <script async src=\"https:\/\/platform.twitter.com\/widgets.js\" charset=\"utf-8\"><\/script>\n\n\n\n<p>Stru\u010dnjak Energetske zajednice za \u017eivotnu sredinu&nbsp;<strong>Peter Vajda<\/strong>&nbsp;naglasio je da je zastarjelost jedan od glavnih uzroka \u0161tetnog utjecaja termoelektrana.<br><br>&#8211; Termoelektrane na zapadnom Balkanu izgra\u0111ene su prije nekoliko desetaka godina i zbog toga te dr\u017eave ne po\u0161tuju standarde kvalitete zraka kakve o\u010dekuje Unija, rekao je Vajda.<br><br>Komentiraju\u0107i rezultate analize Svjetske zdravstvene organizacije (WHO) i Europske komisije koji pokazuju da zaga\u0111enost zraka iz termoelektrana na zapadnom Balkanu godi\u0161nje uzrokuje oko 4.000 preuranjenih smrti i otprilike 8.000 slu\u010dajeva bronhitisa kod djece, govornici su se slo\u017eili da postizanje ve\u0107e kvalitete zraka na tom podru\u010dju mora biti prioritet budu\u0107ih europskih politika. Prema rije\u010dima&nbsp;<strong>Claudia Belisa&nbsp;<\/strong>iz Zajedni\u010dkog istra\u017eiva\u010dkog centra Europske komisije, postoji mnogo pravnih instrumenata za rje\u0161avanje problema niske kvalitete zraka koji su ostali samo na papiru.&nbsp;<br><br>Stvarna provedba zakonodavstva za \u010disti zrak glavni je uvjet za ostvarivanje cilja nulte stope one\u010di\u0161\u0107enja za netoksi\u010dan okoli\u0161 koji je Europska komisija iznijela u europskom Zelenom planu.&nbsp;Dekarbonizacija, sprje\u010davanje one\u010di\u0161\u0107enja zraka, vode i tla, cirkularna ekonomija, razvoj poljoprivrede i za\u0161tita bioraznolikosti temeljna su podru\u010dja europskih zelenih politika koje su stupile na snagu i na zapadnom Balkanu, no jo\u0161 uvijek nisu dovoljno u\u010dinkovite, slo\u017eili su se govornici.<br><strong><br>EK: ekonomsko-investicijski plan &#8211; 9 mlrd. eura za pomo\u0107 zapadnom Balkanu<\/strong><br><br>Europska komisija je pro\u0161le godine predstavila ekonomsko-investicijski plan za zemlje zapadnog Balkana koji predvi\u0111a do devet milijardi eura pomo\u0107i toj regiji za vi\u0161egodi\u0161nje razdoblje 2021.-2027.&nbsp;Cilj plana je potaknuti dugoro\u010dni oporavak regije, ubrzati zelenu i digitalnu tranziciju i poticati suradnju s Europskom unijom.&nbsp;Njime se predvi\u0111aju inicijative za ulaganje u glavne cestovne i \u017eeljezni\u010dke veze u regiji, obnovljive izvore energije i prijelaz s ugljena, obnovu javnih i privatnih zgrada radi pove\u0107anja energetske u\u010dinkovitosti i smanjenja emisija stakleni\u010dkih plinova, infrastrukturu za gospodarenje otpadom i otpadnim vodama te uvo\u0111enje \u0161irokopojasne infrastrukture.<br><br>Zbog sve ve\u0107e potrebe za smanjenjem emisija i interesa za za\u0161titu prirode, Europska unija ovaj je tjedan organizirala virtualni Zeleni tjedan, najve\u0107e doga\u0111anje na podru\u010dju zelenih politika s brojnim panelima i savjetovanjima. Gra\u0111ani tako imaju priliku sudjelovati u raspravama i razgovorima o ekologiji i zdravlju, bioraznolikosti i ekosistemima, proizvodnji i konzumaciji i smjernicama k postizanju zelenih promjena na podru\u010dju i izvan EU-a.<\/p>\n\n\n\n<p>Izvor:hrt.hr<\/p>\n","protected":false},"excerpt":{"rendered":"<p>Termoelektrane na ugljen na zapadnom Balkanu prijetnja su zdravlju i sigurnosti europskog stanovni\u0161tva zbog pove\u0107anog emitiranja \u0161tetnih tvari, poru\u010dili su sudionici panela u sklopu obilje\u017eavanja europskog Zelenog tjedna. Termoelektrane u Srbiji, Crnoj Gori, Albaniji, Makedoniji, Kosovu i BiH predstavljaju zdravstvenu i ekonomsku opasnost za stabilnost EU-a jer su glavni izvor zaga\u0111enosti koja se rapidno \u0161iri [&hellip;]<\/p>\n","protected":false},"author":2,"featured_media":27955,"comment_status":"closed","ping_status":"closed","sticky":false,"template":"","format":"standard","meta":{"h5ap_radio_sources":[],"footnotes":""},"categories":[1],"tags":[],"class_list":["post-27954","post","type-post","status-publish","format-standard","has-post-thumbnail","hentry","category-bihiregija"],"yoast_head":"<!-- This site is optimized with the Yoast SEO plugin v27.5 - https:\/\/yoast.com\/product\/yoast-seo-wordpress\/ -->\n<title>One\u010di\u0161\u0107enje zraka na zapadnom Balkanu ugro\u017eava cijelu Europu - RADIO LJUBU\u0160KI<\/title>\n<meta name=\"robots\" content=\"index, follow, max-snippet:-1, max-image-preview:large, max-video-preview:-1\" \/>\n<link rel=\"canonical\" href=\"https:\/\/radioljubuski.ba\/index.php\/2021\/06\/03\/oneciscenje-zraka-na-zapadnom-balkanu-ugrozava-cijelu-europu\/\" \/>\n<meta property=\"og:locale\" content=\"hr_HR\" \/>\n<meta property=\"og:type\" content=\"article\" \/>\n<meta property=\"og:title\" content=\"One\u010di\u0161\u0107enje zraka na zapadnom Balkanu ugro\u017eava cijelu Europu - RADIO LJUBU\u0160KI\" \/>\n<meta property=\"og:description\" content=\"Termoelektrane na ugljen na zapadnom Balkanu prijetnja su zdravlju i sigurnosti europskog stanovni\u0161tva zbog pove\u0107anog emitiranja \u0161tetnih tvari, poru\u010dili su sudionici panela u sklopu obilje\u017eavanja europskog Zelenog tjedna. Termoelektrane u Srbiji, Crnoj Gori, Albaniji, Makedoniji, Kosovu i BiH predstavljaju zdravstvenu i ekonomsku opasnost za stabilnost EU-a jer su glavni izvor zaga\u0111enosti koja se rapidno \u0161iri [&hellip;]\" \/>\n<meta property=\"og:url\" content=\"https:\/\/radioljubuski.ba\/index.php\/2021\/06\/03\/oneciscenje-zraka-na-zapadnom-balkanu-ugrozava-cijelu-europu\/\" \/>\n<meta property=\"og:site_name\" content=\"RADIO LJUBU\u0160KI\" \/>\n<meta property=\"article:publisher\" content=\"https:\/\/www.facebook.com\/Radiio-Ljubuski-1490835324566332\" \/>\n<meta property=\"article:published_time\" content=\"2021-06-02T23:28:08+00:00\" \/>\n<meta property=\"og:image\" content=\"https:\/\/radioljubuski.ba\/wp-content\/uploads\/2021\/06\/preuzmi-6.jpg\" \/>\n\t<meta property=\"og:image:width\" content=\"287\" \/>\n\t<meta property=\"og:image:height\" content=\"175\" \/>\n\t<meta property=\"og:image:type\" content=\"image\/jpeg\" \/>\n<meta name=\"author\" content=\"Radio Ljubu\u0161ki\" \/>\n<meta name=\"twitter:card\" content=\"summary_large_image\" \/>\n<meta name=\"twitter:creator\" content=\"@radioljubuski\" \/>\n<meta name=\"twitter:site\" content=\"@radioljubuski\" \/>\n<meta name=\"twitter:label1\" content=\"Napisao\/la\" \/>\n\t<meta name=\"twitter:data1\" content=\"Radio Ljubu\u0161ki\" \/>\n\t<meta name=\"twitter:label2\" content=\"Procijenjeno vrijeme \u010ditanja\" \/>\n\t<meta name=\"twitter:data2\" content=\"3 minute\" \/>\n<script type=\"application\/ld+json\" class=\"yoast-schema-graph\">{\"@context\":\"https:\\\/\\\/schema.org\",\"@graph\":[{\"@type\":\"Article\",\"@id\":\"https:\\\/\\\/radioljubuski.ba\\\/index.php\\\/2021\\\/06\\\/03\\\/oneciscenje-zraka-na-zapadnom-balkanu-ugrozava-cijelu-europu\\\/#article\",\"isPartOf\":{\"@id\":\"https:\\\/\\\/radioljubuski.ba\\\/index.php\\\/2021\\\/06\\\/03\\\/oneciscenje-zraka-na-zapadnom-balkanu-ugrozava-cijelu-europu\\\/\"},\"author\":{\"name\":\"Radio Ljubu\u0161ki\",\"@id\":\"https:\\\/\\\/radioljubuski.ba\\\/#\\\/schema\\\/person\\\/19fc700381a780f69665d7956c469e3b\"},\"headline\":\"One\u010di\u0161\u0107enje zraka na zapadnom Balkanu ugro\u017eava cijelu Europu\",\"datePublished\":\"2021-06-02T23:28:08+00:00\",\"mainEntityOfPage\":{\"@id\":\"https:\\\/\\\/radioljubuski.ba\\\/index.php\\\/2021\\\/06\\\/03\\\/oneciscenje-zraka-na-zapadnom-balkanu-ugrozava-cijelu-europu\\\/\"},\"wordCount\":624,\"publisher\":{\"@id\":\"https:\\\/\\\/radioljubuski.ba\\\/#organization\"},\"image\":{\"@id\":\"https:\\\/\\\/radioljubuski.ba\\\/index.php\\\/2021\\\/06\\\/03\\\/oneciscenje-zraka-na-zapadnom-balkanu-ugrozava-cijelu-europu\\\/#primaryimage\"},\"thumbnailUrl\":\"https:\\\/\\\/radioljubuski.ba\\\/wp-content\\\/uploads\\\/2021\\\/06\\\/preuzmi-6.jpg\",\"articleSection\":[\"BIH i regija\"],\"inLanguage\":\"hr\"},{\"@type\":\"WebPage\",\"@id\":\"https:\\\/\\\/radioljubuski.ba\\\/index.php\\\/2021\\\/06\\\/03\\\/oneciscenje-zraka-na-zapadnom-balkanu-ugrozava-cijelu-europu\\\/\",\"url\":\"https:\\\/\\\/radioljubuski.ba\\\/index.php\\\/2021\\\/06\\\/03\\\/oneciscenje-zraka-na-zapadnom-balkanu-ugrozava-cijelu-europu\\\/\",\"name\":\"One\u010di\u0161\u0107enje zraka na zapadnom Balkanu ugro\u017eava cijelu Europu - RADIO LJUBU\u0160KI\",\"isPartOf\":{\"@id\":\"https:\\\/\\\/radioljubuski.ba\\\/#website\"},\"primaryImageOfPage\":{\"@id\":\"https:\\\/\\\/radioljubuski.ba\\\/index.php\\\/2021\\\/06\\\/03\\\/oneciscenje-zraka-na-zapadnom-balkanu-ugrozava-cijelu-europu\\\/#primaryimage\"},\"image\":{\"@id\":\"https:\\\/\\\/radioljubuski.ba\\\/index.php\\\/2021\\\/06\\\/03\\\/oneciscenje-zraka-na-zapadnom-balkanu-ugrozava-cijelu-europu\\\/#primaryimage\"},\"thumbnailUrl\":\"https:\\\/\\\/radioljubuski.ba\\\/wp-content\\\/uploads\\\/2021\\\/06\\\/preuzmi-6.jpg\",\"datePublished\":\"2021-06-02T23:28:08+00:00\",\"breadcrumb\":{\"@id\":\"https:\\\/\\\/radioljubuski.ba\\\/index.php\\\/2021\\\/06\\\/03\\\/oneciscenje-zraka-na-zapadnom-balkanu-ugrozava-cijelu-europu\\\/#breadcrumb\"},\"inLanguage\":\"hr\",\"potentialAction\":[{\"@type\":\"ReadAction\",\"target\":[\"https:\\\/\\\/radioljubuski.ba\\\/index.php\\\/2021\\\/06\\\/03\\\/oneciscenje-zraka-na-zapadnom-balkanu-ugrozava-cijelu-europu\\\/\"]}]},{\"@type\":\"ImageObject\",\"inLanguage\":\"hr\",\"@id\":\"https:\\\/\\\/radioljubuski.ba\\\/index.php\\\/2021\\\/06\\\/03\\\/oneciscenje-zraka-na-zapadnom-balkanu-ugrozava-cijelu-europu\\\/#primaryimage\",\"url\":\"https:\\\/\\\/radioljubuski.ba\\\/wp-content\\\/uploads\\\/2021\\\/06\\\/preuzmi-6.jpg\",\"contentUrl\":\"https:\\\/\\\/radioljubuski.ba\\\/wp-content\\\/uploads\\\/2021\\\/06\\\/preuzmi-6.jpg\",\"width\":287,\"height\":175},{\"@type\":\"BreadcrumbList\",\"@id\":\"https:\\\/\\\/radioljubuski.ba\\\/index.php\\\/2021\\\/06\\\/03\\\/oneciscenje-zraka-na-zapadnom-balkanu-ugrozava-cijelu-europu\\\/#breadcrumb\",\"itemListElement\":[{\"@type\":\"ListItem\",\"position\":1,\"name\":\"Po\u010detna stranica\",\"item\":\"https:\\\/\\\/radioljubuski.ba\\\/\"},{\"@type\":\"ListItem\",\"position\":2,\"name\":\"One\u010di\u0161\u0107enje zraka na zapadnom Balkanu ugro\u017eava cijelu Europu\"}]},{\"@type\":\"WebSite\",\"@id\":\"https:\\\/\\\/radioljubuski.ba\\\/#website\",\"url\":\"https:\\\/\\\/radioljubuski.ba\\\/\",\"name\":\"Radio Ljubu\u0161ki\",\"description\":\"Sun\u010dana frekvencija Hercegovine\",\"publisher\":{\"@id\":\"https:\\\/\\\/radioljubuski.ba\\\/#organization\"},\"potentialAction\":[{\"@type\":\"SearchAction\",\"target\":{\"@type\":\"EntryPoint\",\"urlTemplate\":\"https:\\\/\\\/radioljubuski.ba\\\/?s={search_term_string}\"},\"query-input\":{\"@type\":\"PropertyValueSpecification\",\"valueRequired\":true,\"valueName\":\"search_term_string\"}}],\"inLanguage\":\"hr\"},{\"@type\":\"Organization\",\"@id\":\"https:\\\/\\\/radioljubuski.ba\\\/#organization\",\"name\":\"Radio Ljubu\u0161ki\",\"url\":\"https:\\\/\\\/radioljubuski.ba\\\/\",\"logo\":{\"@type\":\"ImageObject\",\"inLanguage\":\"hr\",\"@id\":\"https:\\\/\\\/radioljubuski.ba\\\/#\\\/schema\\\/logo\\\/image\\\/\",\"url\":\"https:\\\/\\\/radioljubuski.ba\\\/wp-content\\\/uploads\\\/2021\\\/02\\\/cropped-Radio_Ljubuski_logo1.jpg\",\"contentUrl\":\"https:\\\/\\\/radioljubuski.ba\\\/wp-content\\\/uploads\\\/2021\\\/02\\\/cropped-Radio_Ljubuski_logo1.jpg\",\"width\":512,\"height\":512,\"caption\":\"Radio Ljubu\u0161ki\"},\"image\":{\"@id\":\"https:\\\/\\\/radioljubuski.ba\\\/#\\\/schema\\\/logo\\\/image\\\/\"},\"sameAs\":[\"https:\\\/\\\/www.facebook.com\\\/Radiio-Ljubuski-1490835324566332\",\"https:\\\/\\\/x.com\\\/radioljubuski\",\"https:\\\/\\\/hr.linkedin.com\\\/company\\\/radio-ljubuski\",\"https:\\\/\\\/www.youtube.com\\\/channel\\\/UCHYaeO_n0Db3tjNGudGpXyw\"]},{\"@type\":\"Person\",\"@id\":\"https:\\\/\\\/radioljubuski.ba\\\/#\\\/schema\\\/person\\\/19fc700381a780f69665d7956c469e3b\",\"name\":\"Radio Ljubu\u0161ki\"}]}<\/script>\n<!-- \/ Yoast SEO plugin. -->","yoast_head_json":{"title":"One\u010di\u0161\u0107enje zraka na zapadnom Balkanu ugro\u017eava cijelu Europu - RADIO LJUBU\u0160KI","robots":{"index":"index","follow":"follow","max-snippet":"max-snippet:-1","max-image-preview":"max-image-preview:large","max-video-preview":"max-video-preview:-1"},"canonical":"https:\/\/radioljubuski.ba\/index.php\/2021\/06\/03\/oneciscenje-zraka-na-zapadnom-balkanu-ugrozava-cijelu-europu\/","og_locale":"hr_HR","og_type":"article","og_title":"One\u010di\u0161\u0107enje zraka na zapadnom Balkanu ugro\u017eava cijelu Europu - RADIO LJUBU\u0160KI","og_description":"Termoelektrane na ugljen na zapadnom Balkanu prijetnja su zdravlju i sigurnosti europskog stanovni\u0161tva zbog pove\u0107anog emitiranja \u0161tetnih tvari, poru\u010dili su sudionici panela u sklopu obilje\u017eavanja europskog Zelenog tjedna. Termoelektrane u Srbiji, Crnoj Gori, Albaniji, Makedoniji, Kosovu i BiH predstavljaju zdravstvenu i ekonomsku opasnost za stabilnost EU-a jer su glavni izvor zaga\u0111enosti koja se rapidno \u0161iri [&hellip;]","og_url":"https:\/\/radioljubuski.ba\/index.php\/2021\/06\/03\/oneciscenje-zraka-na-zapadnom-balkanu-ugrozava-cijelu-europu\/","og_site_name":"RADIO LJUBU\u0160KI","article_publisher":"https:\/\/www.facebook.com\/Radiio-Ljubuski-1490835324566332","article_published_time":"2021-06-02T23:28:08+00:00","og_image":[{"width":287,"height":175,"url":"https:\/\/radioljubuski.ba\/wp-content\/uploads\/2021\/06\/preuzmi-6.jpg","type":"image\/jpeg"}],"author":"Radio Ljubu\u0161ki","twitter_card":"summary_large_image","twitter_creator":"@radioljubuski","twitter_site":"@radioljubuski","twitter_misc":{"Napisao\/la":"Radio Ljubu\u0161ki","Procijenjeno vrijeme \u010ditanja":"3 minute"},"schema":{"@context":"https:\/\/schema.org","@graph":[{"@type":"Article","@id":"https:\/\/radioljubuski.ba\/index.php\/2021\/06\/03\/oneciscenje-zraka-na-zapadnom-balkanu-ugrozava-cijelu-europu\/#article","isPartOf":{"@id":"https:\/\/radioljubuski.ba\/index.php\/2021\/06\/03\/oneciscenje-zraka-na-zapadnom-balkanu-ugrozava-cijelu-europu\/"},"author":{"name":"Radio Ljubu\u0161ki","@id":"https:\/\/radioljubuski.ba\/#\/schema\/person\/19fc700381a780f69665d7956c469e3b"},"headline":"One\u010di\u0161\u0107enje zraka na zapadnom Balkanu ugro\u017eava cijelu Europu","datePublished":"2021-06-02T23:28:08+00:00","mainEntityOfPage":{"@id":"https:\/\/radioljubuski.ba\/index.php\/2021\/06\/03\/oneciscenje-zraka-na-zapadnom-balkanu-ugrozava-cijelu-europu\/"},"wordCount":624,"publisher":{"@id":"https:\/\/radioljubuski.ba\/#organization"},"image":{"@id":"https:\/\/radioljubuski.ba\/index.php\/2021\/06\/03\/oneciscenje-zraka-na-zapadnom-balkanu-ugrozava-cijelu-europu\/#primaryimage"},"thumbnailUrl":"https:\/\/radioljubuski.ba\/wp-content\/uploads\/2021\/06\/preuzmi-6.jpg","articleSection":["BIH i regija"],"inLanguage":"hr"},{"@type":"WebPage","@id":"https:\/\/radioljubuski.ba\/index.php\/2021\/06\/03\/oneciscenje-zraka-na-zapadnom-balkanu-ugrozava-cijelu-europu\/","url":"https:\/\/radioljubuski.ba\/index.php\/2021\/06\/03\/oneciscenje-zraka-na-zapadnom-balkanu-ugrozava-cijelu-europu\/","name":"One\u010di\u0161\u0107enje zraka na zapadnom Balkanu ugro\u017eava cijelu Europu - RADIO LJUBU\u0160KI","isPartOf":{"@id":"https:\/\/radioljubuski.ba\/#website"},"primaryImageOfPage":{"@id":"https:\/\/radioljubuski.ba\/index.php\/2021\/06\/03\/oneciscenje-zraka-na-zapadnom-balkanu-ugrozava-cijelu-europu\/#primaryimage"},"image":{"@id":"https:\/\/radioljubuski.ba\/index.php\/2021\/06\/03\/oneciscenje-zraka-na-zapadnom-balkanu-ugrozava-cijelu-europu\/#primaryimage"},"thumbnailUrl":"https:\/\/radioljubuski.ba\/wp-content\/uploads\/2021\/06\/preuzmi-6.jpg","datePublished":"2021-06-02T23:28:08+00:00","breadcrumb":{"@id":"https:\/\/radioljubuski.ba\/index.php\/2021\/06\/03\/oneciscenje-zraka-na-zapadnom-balkanu-ugrozava-cijelu-europu\/#breadcrumb"},"inLanguage":"hr","potentialAction":[{"@type":"ReadAction","target":["https:\/\/radioljubuski.ba\/index.php\/2021\/06\/03\/oneciscenje-zraka-na-zapadnom-balkanu-ugrozava-cijelu-europu\/"]}]},{"@type":"ImageObject","inLanguage":"hr","@id":"https:\/\/radioljubuski.ba\/index.php\/2021\/06\/03\/oneciscenje-zraka-na-zapadnom-balkanu-ugrozava-cijelu-europu\/#primaryimage","url":"https:\/\/radioljubuski.ba\/wp-content\/uploads\/2021\/06\/preuzmi-6.jpg","contentUrl":"https:\/\/radioljubuski.ba\/wp-content\/uploads\/2021\/06\/preuzmi-6.jpg","width":287,"height":175},{"@type":"BreadcrumbList","@id":"https:\/\/radioljubuski.ba\/index.php\/2021\/06\/03\/oneciscenje-zraka-na-zapadnom-balkanu-ugrozava-cijelu-europu\/#breadcrumb","itemListElement":[{"@type":"ListItem","position":1,"name":"Po\u010detna stranica","item":"https:\/\/radioljubuski.ba\/"},{"@type":"ListItem","position":2,"name":"One\u010di\u0161\u0107enje zraka na zapadnom Balkanu ugro\u017eava cijelu Europu"}]},{"@type":"WebSite","@id":"https:\/\/radioljubuski.ba\/#website","url":"https:\/\/radioljubuski.ba\/","name":"Radio Ljubu\u0161ki","description":"Sun\u010dana frekvencija Hercegovine","publisher":{"@id":"https:\/\/radioljubuski.ba\/#organization"},"potentialAction":[{"@type":"SearchAction","target":{"@type":"EntryPoint","urlTemplate":"https:\/\/radioljubuski.ba\/?s={search_term_string}"},"query-input":{"@type":"PropertyValueSpecification","valueRequired":true,"valueName":"search_term_string"}}],"inLanguage":"hr"},{"@type":"Organization","@id":"https:\/\/radioljubuski.ba\/#organization","name":"Radio Ljubu\u0161ki","url":"https:\/\/radioljubuski.ba\/","logo":{"@type":"ImageObject","inLanguage":"hr","@id":"https:\/\/radioljubuski.ba\/#\/schema\/logo\/image\/","url":"https:\/\/radioljubuski.ba\/wp-content\/uploads\/2021\/02\/cropped-Radio_Ljubuski_logo1.jpg","contentUrl":"https:\/\/radioljubuski.ba\/wp-content\/uploads\/2021\/02\/cropped-Radio_Ljubuski_logo1.jpg","width":512,"height":512,"caption":"Radio Ljubu\u0161ki"},"image":{"@id":"https:\/\/radioljubuski.ba\/#\/schema\/logo\/image\/"},"sameAs":["https:\/\/www.facebook.com\/Radiio-Ljubuski-1490835324566332","https:\/\/x.com\/radioljubuski","https:\/\/hr.linkedin.com\/company\/radio-ljubuski","https:\/\/www.youtube.com\/channel\/UCHYaeO_n0Db3tjNGudGpXyw"]},{"@type":"Person","@id":"https:\/\/radioljubuski.ba\/#\/schema\/person\/19fc700381a780f69665d7956c469e3b","name":"Radio Ljubu\u0161ki"}]}},"_links":{"self":[{"href":"https:\/\/radioljubuski.ba\/index.php\/wp-json\/wp\/v2\/posts\/27954","targetHints":{"allow":["GET"]}}],"collection":[{"href":"https:\/\/radioljubuski.ba\/index.php\/wp-json\/wp\/v2\/posts"}],"about":[{"href":"https:\/\/radioljubuski.ba\/index.php\/wp-json\/wp\/v2\/types\/post"}],"author":[{"embeddable":true,"href":"https:\/\/radioljubuski.ba\/index.php\/wp-json\/wp\/v2\/users\/2"}],"replies":[{"embeddable":true,"href":"https:\/\/radioljubuski.ba\/index.php\/wp-json\/wp\/v2\/comments?post=27954"}],"version-history":[{"count":1,"href":"https:\/\/radioljubuski.ba\/index.php\/wp-json\/wp\/v2\/posts\/27954\/revisions"}],"predecessor-version":[{"id":27956,"href":"https:\/\/radioljubuski.ba\/index.php\/wp-json\/wp\/v2\/posts\/27954\/revisions\/27956"}],"wp:featuredmedia":[{"embeddable":true,"href":"https:\/\/radioljubuski.ba\/index.php\/wp-json\/wp\/v2\/media\/27955"}],"wp:attachment":[{"href":"https:\/\/radioljubuski.ba\/index.php\/wp-json\/wp\/v2\/media?parent=27954"}],"wp:term":[{"taxonomy":"category","embeddable":true,"href":"https:\/\/radioljubuski.ba\/index.php\/wp-json\/wp\/v2\/categories?post=27954"},{"taxonomy":"post_tag","embeddable":true,"href":"https:\/\/radioljubuski.ba\/index.php\/wp-json\/wp\/v2\/tags?post=27954"}],"curies":[{"name":"wp","href":"https:\/\/api.w.org\/{rel}","templated":true}]}}