{"id":27963,"date":"2021-06-03T00:32:11","date_gmt":"2021-06-02T23:32:11","guid":{"rendered":"https:\/\/radioljubuski.ba\/?p=27963"},"modified":"2021-06-03T00:32:11","modified_gmt":"2021-06-02T23:32:11","slug":"izraelski-oporbeni-celnik-lapid-oformio-novu-vladu","status":"publish","type":"post","link":"https:\/\/radioljubuski.ba\/index.php\/2021\/06\/03\/izraelski-oporbeni-celnik-lapid-oformio-novu-vladu\/","title":{"rendered":"Izraelski oporbeni \u010delnik Lapid oformio novu vladu"},"content":{"rendered":"\n<p><strong>Stranka Yesh Atid (Ima budu\u0107nosti), \u010delnika Yaira Lapida, uspjela je uz pomo\u0107 male arapske stranke Ra&#8217;am sastaviti koalicijsku vladu kratko prije isteka roka, te \u0107e Izrael nakon dugih pregovora dobiti novu vladu koja \u0107e okon\u010dati dugogodi\u0161nju vladavinu dosada\u0161njeg premijera Benjamina Netanyahua.<\/strong><\/p>\n\n\n\n<p>\u010celni \u010dovjek Ra&#8217;ama,<strong>&nbsp;Mansur Abas,<\/strong>&nbsp;potpisao je dokument koji omogu\u0107ava \u010delniku Yesh Atida,&nbsp;<strong>Yairu Lapidu,<\/strong>&nbsp;da izvijesti predsjednika Reuvena Rivlina da je uspio sastaviti vladu nakon sporazuma koje smo postigli&#8221;, rekao je Lapidov glasnogovornik, navode\u0107i da je sporazum postignut kratko prije isteka roka za formiranje vlade, \u010dime se okon\u010dava era dugogodi\u0161njeg premijera Benjamina Netanyahua.<br><strong><br>&#8211; Mansur Abas<\/strong>&nbsp;i&nbsp;<strong>Yair Lapid<\/strong>&nbsp;potpisali su koalicijski sporazum o formiranju vlade jedinstva&#8221;, kazao je glasnogovornik, objavljuju\u0107i da su uspje\u0161no privedeni kraju pregovori vo\u0111eni posljednjih tjedana izme\u0111u razli\u010ditih stranaka.<br><br>Do formiranja vlade dolazi dva mjeseca nakon izraelskih izbora i nakon brojnih iznimnih napora da se skupa pove\u017eu stranke koje dolaze s razli\u010ditih krajeva politi\u010dkog spektra.<br><br>Sporazum je postignut kratko prije isteka roka od 28 dana koji je Lapid dobio za formiranje vladaju\u0107e ve\u0107ine.<br><br>Nova vlada trebala bi prisegnuti 14. lipnja.<br><br>Formiranje nove vlade okon\u010dat \u0107e vi\u0161egodi\u0161nju eru vladavine dosada\u0161njeg premijera Benjamina Netanyahua.<br><br>Lapid, koji je do sada bio oporbeni \u010delnik, trebao je potporu jednostavne ve\u0107ine od ukupno 120 zastupnika u Izraelskom parlamentu Knessetu.<br><br>Njegova koalicija uklju\u010dit \u0107e i ekstremno desnu stranku Yamina, navode lokalni mediji.<br><br>Sedam malih stranaka ujedinilo se pod Lapidovom Yesh Atid (Ima budu\u0107nosti), a ujedinila ih je zajedni\u010dka \u017eelja da svrgnu Netanyahua, kojemu se trenutno sudi zbog korupcije.<br><br>\u010celnik<strong>&nbsp;Yamine Naftali Bennett i Lapid&nbsp;<\/strong>slo\u017eili su se da se rotiraju na du\u017enosti premijera, pa \u0107e premijer prve dvije godine biti Bennet, a potom \u0107e ga na tom mjestu zamijeniti Lapid, navode medijska izvje\u0161\u0107a.<br><br>Lapid \u0107e do tada obavljati du\u017enost ministra vanjskih poslova.<br><br>Njegova stranka spada u politi\u010dki centar i bila je druga najja\u010da snaga na izborima u o\u017eujku, nakon Netanyahuove desne, konzervativne stranke Likuda.<br><br>Lapid je u politiku u\u0161ao nakon karijere televizijskog voditelja te je bio ministar financija u prethodnoj Netanyahuovoj vladi.<br><br>Netanyahu je vodio zemlju od 2009. , a bio je premijer i u razdoblju 1996-1999. te je najdugovje\u010dniji \u010delnik izraelske vlade.<\/p>\n\n\n\n<p>Izvor:hrt.hr<\/p>\n","protected":false},"excerpt":{"rendered":"<p>Stranka Yesh Atid (Ima budu\u0107nosti), \u010delnika Yaira Lapida, uspjela je uz pomo\u0107 male arapske stranke Ra&#8217;am sastaviti koalicijsku vladu kratko prije isteka roka, te \u0107e Izrael nakon dugih pregovora dobiti novu vladu koja \u0107e okon\u010dati dugogodi\u0161nju vladavinu dosada\u0161njeg premijera Benjamina Netanyahua. \u010celni \u010dovjek Ra&#8217;ama,&nbsp;Mansur Abas,&nbsp;potpisao je dokument koji omogu\u0107ava \u010delniku Yesh Atida,&nbsp;Yairu Lapidu,&nbsp;da izvijesti predsjednika [&hellip;]<\/p>\n","protected":false},"author":2,"featured_media":27964,"comment_status":"closed","ping_status":"closed","sticky":false,"template":"","format":"standard","meta":{"h5ap_radio_sources":[],"footnotes":""},"categories":[1],"tags":[],"class_list":["post-27963","post","type-post","status-publish","format-standard","has-post-thumbnail","hentry","category-bihiregija"],"yoast_head":"<!-- This site is optimized with the Yoast SEO plugin v27.5 - https:\/\/yoast.com\/product\/yoast-seo-wordpress\/ -->\n<title>Izraelski oporbeni \u010delnik Lapid oformio novu vladu - RADIO LJUBU\u0160KI<\/title>\n<meta name=\"robots\" content=\"index, follow, max-snippet:-1, max-image-preview:large, max-video-preview:-1\" \/>\n<link rel=\"canonical\" href=\"https:\/\/radioljubuski.ba\/index.php\/2021\/06\/03\/izraelski-oporbeni-celnik-lapid-oformio-novu-vladu\/\" \/>\n<meta property=\"og:locale\" content=\"hr_HR\" \/>\n<meta property=\"og:type\" content=\"article\" \/>\n<meta property=\"og:title\" content=\"Izraelski oporbeni \u010delnik Lapid oformio novu vladu - RADIO LJUBU\u0160KI\" \/>\n<meta property=\"og:description\" content=\"Stranka Yesh Atid (Ima budu\u0107nosti), \u010delnika Yaira Lapida, uspjela je uz pomo\u0107 male arapske stranke Ra&#8217;am sastaviti koalicijsku vladu kratko prije isteka roka, te \u0107e Izrael nakon dugih pregovora dobiti novu vladu koja \u0107e okon\u010dati dugogodi\u0161nju vladavinu dosada\u0161njeg premijera Benjamina Netanyahua. \u010celni \u010dovjek Ra&#8217;ama,&nbsp;Mansur Abas,&nbsp;potpisao je dokument koji omogu\u0107ava \u010delniku Yesh Atida,&nbsp;Yairu Lapidu,&nbsp;da izvijesti predsjednika [&hellip;]\" \/>\n<meta property=\"og:url\" content=\"https:\/\/radioljubuski.ba\/index.php\/2021\/06\/03\/izraelski-oporbeni-celnik-lapid-oformio-novu-vladu\/\" \/>\n<meta property=\"og:site_name\" content=\"RADIO LJUBU\u0160KI\" \/>\n<meta property=\"article:publisher\" content=\"https:\/\/www.facebook.com\/Radiio-Ljubuski-1490835324566332\" \/>\n<meta property=\"article:published_time\" content=\"2021-06-02T23:32:11+00:00\" \/>\n<meta property=\"og:image\" content=\"https:\/\/radioljubuski.ba\/wp-content\/uploads\/2021\/06\/1473257.jpeg\" \/>\n\t<meta property=\"og:image:width\" content=\"900\" \/>\n\t<meta property=\"og:image:height\" content=\"540\" \/>\n\t<meta property=\"og:image:type\" content=\"image\/jpeg\" \/>\n<meta name=\"author\" content=\"Radio Ljubu\u0161ki\" \/>\n<meta name=\"twitter:card\" content=\"summary_large_image\" \/>\n<meta name=\"twitter:creator\" content=\"@radioljubuski\" \/>\n<meta name=\"twitter:site\" content=\"@radioljubuski\" \/>\n<meta name=\"twitter:label1\" content=\"Napisao\/la\" \/>\n\t<meta name=\"twitter:data1\" content=\"Radio Ljubu\u0161ki\" \/>\n\t<meta name=\"twitter:label2\" content=\"Procijenjeno vrijeme \u010ditanja\" \/>\n\t<meta name=\"twitter:data2\" content=\"2 minute\" \/>\n<script type=\"application\/ld+json\" class=\"yoast-schema-graph\">{\"@context\":\"https:\\\/\\\/schema.org\",\"@graph\":[{\"@type\":\"Article\",\"@id\":\"https:\\\/\\\/radioljubuski.ba\\\/index.php\\\/2021\\\/06\\\/03\\\/izraelski-oporbeni-celnik-lapid-oformio-novu-vladu\\\/#article\",\"isPartOf\":{\"@id\":\"https:\\\/\\\/radioljubuski.ba\\\/index.php\\\/2021\\\/06\\\/03\\\/izraelski-oporbeni-celnik-lapid-oformio-novu-vladu\\\/\"},\"author\":{\"name\":\"Radio Ljubu\u0161ki\",\"@id\":\"https:\\\/\\\/radioljubuski.ba\\\/#\\\/schema\\\/person\\\/19fc700381a780f69665d7956c469e3b\"},\"headline\":\"Izraelski oporbeni \u010delnik Lapid oformio novu vladu\",\"datePublished\":\"2021-06-02T23:32:11+00:00\",\"mainEntityOfPage\":{\"@id\":\"https:\\\/\\\/radioljubuski.ba\\\/index.php\\\/2021\\\/06\\\/03\\\/izraelski-oporbeni-celnik-lapid-oformio-novu-vladu\\\/\"},\"wordCount\":403,\"publisher\":{\"@id\":\"https:\\\/\\\/radioljubuski.ba\\\/#organization\"},\"image\":{\"@id\":\"https:\\\/\\\/radioljubuski.ba\\\/index.php\\\/2021\\\/06\\\/03\\\/izraelski-oporbeni-celnik-lapid-oformio-novu-vladu\\\/#primaryimage\"},\"thumbnailUrl\":\"https:\\\/\\\/radioljubuski.ba\\\/wp-content\\\/uploads\\\/2021\\\/06\\\/1473257.jpeg\",\"articleSection\":[\"BIH i regija\"],\"inLanguage\":\"hr\"},{\"@type\":\"WebPage\",\"@id\":\"https:\\\/\\\/radioljubuski.ba\\\/index.php\\\/2021\\\/06\\\/03\\\/izraelski-oporbeni-celnik-lapid-oformio-novu-vladu\\\/\",\"url\":\"https:\\\/\\\/radioljubuski.ba\\\/index.php\\\/2021\\\/06\\\/03\\\/izraelski-oporbeni-celnik-lapid-oformio-novu-vladu\\\/\",\"name\":\"Izraelski oporbeni \u010delnik Lapid oformio novu vladu - RADIO LJUBU\u0160KI\",\"isPartOf\":{\"@id\":\"https:\\\/\\\/radioljubuski.ba\\\/#website\"},\"primaryImageOfPage\":{\"@id\":\"https:\\\/\\\/radioljubuski.ba\\\/index.php\\\/2021\\\/06\\\/03\\\/izraelski-oporbeni-celnik-lapid-oformio-novu-vladu\\\/#primaryimage\"},\"image\":{\"@id\":\"https:\\\/\\\/radioljubuski.ba\\\/index.php\\\/2021\\\/06\\\/03\\\/izraelski-oporbeni-celnik-lapid-oformio-novu-vladu\\\/#primaryimage\"},\"thumbnailUrl\":\"https:\\\/\\\/radioljubuski.ba\\\/wp-content\\\/uploads\\\/2021\\\/06\\\/1473257.jpeg\",\"datePublished\":\"2021-06-02T23:32:11+00:00\",\"breadcrumb\":{\"@id\":\"https:\\\/\\\/radioljubuski.ba\\\/index.php\\\/2021\\\/06\\\/03\\\/izraelski-oporbeni-celnik-lapid-oformio-novu-vladu\\\/#breadcrumb\"},\"inLanguage\":\"hr\",\"potentialAction\":[{\"@type\":\"ReadAction\",\"target\":[\"https:\\\/\\\/radioljubuski.ba\\\/index.php\\\/2021\\\/06\\\/03\\\/izraelski-oporbeni-celnik-lapid-oformio-novu-vladu\\\/\"]}]},{\"@type\":\"ImageObject\",\"inLanguage\":\"hr\",\"@id\":\"https:\\\/\\\/radioljubuski.ba\\\/index.php\\\/2021\\\/06\\\/03\\\/izraelski-oporbeni-celnik-lapid-oformio-novu-vladu\\\/#primaryimage\",\"url\":\"https:\\\/\\\/radioljubuski.ba\\\/wp-content\\\/uploads\\\/2021\\\/06\\\/1473257.jpeg\",\"contentUrl\":\"https:\\\/\\\/radioljubuski.ba\\\/wp-content\\\/uploads\\\/2021\\\/06\\\/1473257.jpeg\",\"width\":900,\"height\":540},{\"@type\":\"BreadcrumbList\",\"@id\":\"https:\\\/\\\/radioljubuski.ba\\\/index.php\\\/2021\\\/06\\\/03\\\/izraelski-oporbeni-celnik-lapid-oformio-novu-vladu\\\/#breadcrumb\",\"itemListElement\":[{\"@type\":\"ListItem\",\"position\":1,\"name\":\"Po\u010detna stranica\",\"item\":\"https:\\\/\\\/radioljubuski.ba\\\/\"},{\"@type\":\"ListItem\",\"position\":2,\"name\":\"Izraelski oporbeni \u010delnik Lapid oformio novu vladu\"}]},{\"@type\":\"WebSite\",\"@id\":\"https:\\\/\\\/radioljubuski.ba\\\/#website\",\"url\":\"https:\\\/\\\/radioljubuski.ba\\\/\",\"name\":\"Radio Ljubu\u0161ki\",\"description\":\"Sun\u010dana frekvencija Hercegovine\",\"publisher\":{\"@id\":\"https:\\\/\\\/radioljubuski.ba\\\/#organization\"},\"potentialAction\":[{\"@type\":\"SearchAction\",\"target\":{\"@type\":\"EntryPoint\",\"urlTemplate\":\"https:\\\/\\\/radioljubuski.ba\\\/?s={search_term_string}\"},\"query-input\":{\"@type\":\"PropertyValueSpecification\",\"valueRequired\":true,\"valueName\":\"search_term_string\"}}],\"inLanguage\":\"hr\"},{\"@type\":\"Organization\",\"@id\":\"https:\\\/\\\/radioljubuski.ba\\\/#organization\",\"name\":\"Radio Ljubu\u0161ki\",\"url\":\"https:\\\/\\\/radioljubuski.ba\\\/\",\"logo\":{\"@type\":\"ImageObject\",\"inLanguage\":\"hr\",\"@id\":\"https:\\\/\\\/radioljubuski.ba\\\/#\\\/schema\\\/logo\\\/image\\\/\",\"url\":\"https:\\\/\\\/radioljubuski.ba\\\/wp-content\\\/uploads\\\/2021\\\/02\\\/cropped-Radio_Ljubuski_logo1.jpg\",\"contentUrl\":\"https:\\\/\\\/radioljubuski.ba\\\/wp-content\\\/uploads\\\/2021\\\/02\\\/cropped-Radio_Ljubuski_logo1.jpg\",\"width\":512,\"height\":512,\"caption\":\"Radio Ljubu\u0161ki\"},\"image\":{\"@id\":\"https:\\\/\\\/radioljubuski.ba\\\/#\\\/schema\\\/logo\\\/image\\\/\"},\"sameAs\":[\"https:\\\/\\\/www.facebook.com\\\/Radiio-Ljubuski-1490835324566332\",\"https:\\\/\\\/x.com\\\/radioljubuski\",\"https:\\\/\\\/hr.linkedin.com\\\/company\\\/radio-ljubuski\",\"https:\\\/\\\/www.youtube.com\\\/channel\\\/UCHYaeO_n0Db3tjNGudGpXyw\"]},{\"@type\":\"Person\",\"@id\":\"https:\\\/\\\/radioljubuski.ba\\\/#\\\/schema\\\/person\\\/19fc700381a780f69665d7956c469e3b\",\"name\":\"Radio Ljubu\u0161ki\"}]}<\/script>\n<!-- \/ Yoast SEO plugin. -->","yoast_head_json":{"title":"Izraelski oporbeni \u010delnik Lapid oformio novu vladu - RADIO LJUBU\u0160KI","robots":{"index":"index","follow":"follow","max-snippet":"max-snippet:-1","max-image-preview":"max-image-preview:large","max-video-preview":"max-video-preview:-1"},"canonical":"https:\/\/radioljubuski.ba\/index.php\/2021\/06\/03\/izraelski-oporbeni-celnik-lapid-oformio-novu-vladu\/","og_locale":"hr_HR","og_type":"article","og_title":"Izraelski oporbeni \u010delnik Lapid oformio novu vladu - RADIO LJUBU\u0160KI","og_description":"Stranka Yesh Atid (Ima budu\u0107nosti), \u010delnika Yaira Lapida, uspjela je uz pomo\u0107 male arapske stranke Ra&#8217;am sastaviti koalicijsku vladu kratko prije isteka roka, te \u0107e Izrael nakon dugih pregovora dobiti novu vladu koja \u0107e okon\u010dati dugogodi\u0161nju vladavinu dosada\u0161njeg premijera Benjamina Netanyahua. \u010celni \u010dovjek Ra&#8217;ama,&nbsp;Mansur Abas,&nbsp;potpisao je dokument koji omogu\u0107ava \u010delniku Yesh Atida,&nbsp;Yairu Lapidu,&nbsp;da izvijesti predsjednika [&hellip;]","og_url":"https:\/\/radioljubuski.ba\/index.php\/2021\/06\/03\/izraelski-oporbeni-celnik-lapid-oformio-novu-vladu\/","og_site_name":"RADIO LJUBU\u0160KI","article_publisher":"https:\/\/www.facebook.com\/Radiio-Ljubuski-1490835324566332","article_published_time":"2021-06-02T23:32:11+00:00","og_image":[{"width":900,"height":540,"url":"https:\/\/radioljubuski.ba\/wp-content\/uploads\/2021\/06\/1473257.jpeg","type":"image\/jpeg"}],"author":"Radio Ljubu\u0161ki","twitter_card":"summary_large_image","twitter_creator":"@radioljubuski","twitter_site":"@radioljubuski","twitter_misc":{"Napisao\/la":"Radio Ljubu\u0161ki","Procijenjeno vrijeme \u010ditanja":"2 minute"},"schema":{"@context":"https:\/\/schema.org","@graph":[{"@type":"Article","@id":"https:\/\/radioljubuski.ba\/index.php\/2021\/06\/03\/izraelski-oporbeni-celnik-lapid-oformio-novu-vladu\/#article","isPartOf":{"@id":"https:\/\/radioljubuski.ba\/index.php\/2021\/06\/03\/izraelski-oporbeni-celnik-lapid-oformio-novu-vladu\/"},"author":{"name":"Radio Ljubu\u0161ki","@id":"https:\/\/radioljubuski.ba\/#\/schema\/person\/19fc700381a780f69665d7956c469e3b"},"headline":"Izraelski oporbeni \u010delnik Lapid oformio novu vladu","datePublished":"2021-06-02T23:32:11+00:00","mainEntityOfPage":{"@id":"https:\/\/radioljubuski.ba\/index.php\/2021\/06\/03\/izraelski-oporbeni-celnik-lapid-oformio-novu-vladu\/"},"wordCount":403,"publisher":{"@id":"https:\/\/radioljubuski.ba\/#organization"},"image":{"@id":"https:\/\/radioljubuski.ba\/index.php\/2021\/06\/03\/izraelski-oporbeni-celnik-lapid-oformio-novu-vladu\/#primaryimage"},"thumbnailUrl":"https:\/\/radioljubuski.ba\/wp-content\/uploads\/2021\/06\/1473257.jpeg","articleSection":["BIH i regija"],"inLanguage":"hr"},{"@type":"WebPage","@id":"https:\/\/radioljubuski.ba\/index.php\/2021\/06\/03\/izraelski-oporbeni-celnik-lapid-oformio-novu-vladu\/","url":"https:\/\/radioljubuski.ba\/index.php\/2021\/06\/03\/izraelski-oporbeni-celnik-lapid-oformio-novu-vladu\/","name":"Izraelski oporbeni \u010delnik Lapid oformio novu vladu - RADIO LJUBU\u0160KI","isPartOf":{"@id":"https:\/\/radioljubuski.ba\/#website"},"primaryImageOfPage":{"@id":"https:\/\/radioljubuski.ba\/index.php\/2021\/06\/03\/izraelski-oporbeni-celnik-lapid-oformio-novu-vladu\/#primaryimage"},"image":{"@id":"https:\/\/radioljubuski.ba\/index.php\/2021\/06\/03\/izraelski-oporbeni-celnik-lapid-oformio-novu-vladu\/#primaryimage"},"thumbnailUrl":"https:\/\/radioljubuski.ba\/wp-content\/uploads\/2021\/06\/1473257.jpeg","datePublished":"2021-06-02T23:32:11+00:00","breadcrumb":{"@id":"https:\/\/radioljubuski.ba\/index.php\/2021\/06\/03\/izraelski-oporbeni-celnik-lapid-oformio-novu-vladu\/#breadcrumb"},"inLanguage":"hr","potentialAction":[{"@type":"ReadAction","target":["https:\/\/radioljubuski.ba\/index.php\/2021\/06\/03\/izraelski-oporbeni-celnik-lapid-oformio-novu-vladu\/"]}]},{"@type":"ImageObject","inLanguage":"hr","@id":"https:\/\/radioljubuski.ba\/index.php\/2021\/06\/03\/izraelski-oporbeni-celnik-lapid-oformio-novu-vladu\/#primaryimage","url":"https:\/\/radioljubuski.ba\/wp-content\/uploads\/2021\/06\/1473257.jpeg","contentUrl":"https:\/\/radioljubuski.ba\/wp-content\/uploads\/2021\/06\/1473257.jpeg","width":900,"height":540},{"@type":"BreadcrumbList","@id":"https:\/\/radioljubuski.ba\/index.php\/2021\/06\/03\/izraelski-oporbeni-celnik-lapid-oformio-novu-vladu\/#breadcrumb","itemListElement":[{"@type":"ListItem","position":1,"name":"Po\u010detna stranica","item":"https:\/\/radioljubuski.ba\/"},{"@type":"ListItem","position":2,"name":"Izraelski oporbeni \u010delnik Lapid oformio novu vladu"}]},{"@type":"WebSite","@id":"https:\/\/radioljubuski.ba\/#website","url":"https:\/\/radioljubuski.ba\/","name":"Radio Ljubu\u0161ki","description":"Sun\u010dana frekvencija Hercegovine","publisher":{"@id":"https:\/\/radioljubuski.ba\/#organization"},"potentialAction":[{"@type":"SearchAction","target":{"@type":"EntryPoint","urlTemplate":"https:\/\/radioljubuski.ba\/?s={search_term_string}"},"query-input":{"@type":"PropertyValueSpecification","valueRequired":true,"valueName":"search_term_string"}}],"inLanguage":"hr"},{"@type":"Organization","@id":"https:\/\/radioljubuski.ba\/#organization","name":"Radio Ljubu\u0161ki","url":"https:\/\/radioljubuski.ba\/","logo":{"@type":"ImageObject","inLanguage":"hr","@id":"https:\/\/radioljubuski.ba\/#\/schema\/logo\/image\/","url":"https:\/\/radioljubuski.ba\/wp-content\/uploads\/2021\/02\/cropped-Radio_Ljubuski_logo1.jpg","contentUrl":"https:\/\/radioljubuski.ba\/wp-content\/uploads\/2021\/02\/cropped-Radio_Ljubuski_logo1.jpg","width":512,"height":512,"caption":"Radio Ljubu\u0161ki"},"image":{"@id":"https:\/\/radioljubuski.ba\/#\/schema\/logo\/image\/"},"sameAs":["https:\/\/www.facebook.com\/Radiio-Ljubuski-1490835324566332","https:\/\/x.com\/radioljubuski","https:\/\/hr.linkedin.com\/company\/radio-ljubuski","https:\/\/www.youtube.com\/channel\/UCHYaeO_n0Db3tjNGudGpXyw"]},{"@type":"Person","@id":"https:\/\/radioljubuski.ba\/#\/schema\/person\/19fc700381a780f69665d7956c469e3b","name":"Radio Ljubu\u0161ki"}]}},"_links":{"self":[{"href":"https:\/\/radioljubuski.ba\/index.php\/wp-json\/wp\/v2\/posts\/27963","targetHints":{"allow":["GET"]}}],"collection":[{"href":"https:\/\/radioljubuski.ba\/index.php\/wp-json\/wp\/v2\/posts"}],"about":[{"href":"https:\/\/radioljubuski.ba\/index.php\/wp-json\/wp\/v2\/types\/post"}],"author":[{"embeddable":true,"href":"https:\/\/radioljubuski.ba\/index.php\/wp-json\/wp\/v2\/users\/2"}],"replies":[{"embeddable":true,"href":"https:\/\/radioljubuski.ba\/index.php\/wp-json\/wp\/v2\/comments?post=27963"}],"version-history":[{"count":1,"href":"https:\/\/radioljubuski.ba\/index.php\/wp-json\/wp\/v2\/posts\/27963\/revisions"}],"predecessor-version":[{"id":27965,"href":"https:\/\/radioljubuski.ba\/index.php\/wp-json\/wp\/v2\/posts\/27963\/revisions\/27965"}],"wp:featuredmedia":[{"embeddable":true,"href":"https:\/\/radioljubuski.ba\/index.php\/wp-json\/wp\/v2\/media\/27964"}],"wp:attachment":[{"href":"https:\/\/radioljubuski.ba\/index.php\/wp-json\/wp\/v2\/media?parent=27963"}],"wp:term":[{"taxonomy":"category","embeddable":true,"href":"https:\/\/radioljubuski.ba\/index.php\/wp-json\/wp\/v2\/categories?post=27963"},{"taxonomy":"post_tag","embeddable":true,"href":"https:\/\/radioljubuski.ba\/index.php\/wp-json\/wp\/v2\/tags?post=27963"}],"curies":[{"name":"wp","href":"https:\/\/api.w.org\/{rel}","templated":true}]}}