{"id":28112,"date":"2021-06-03T11:02:14","date_gmt":"2021-06-03T10:02:14","guid":{"rendered":"https:\/\/radioljubuski.ba\/?p=28112"},"modified":"2021-06-03T11:02:14","modified_gmt":"2021-06-03T10:02:14","slug":"florida-djecak-i-djevojcica-pola-sata-razmjenjivali-vatru-s-policijom","status":"publish","type":"post","link":"https:\/\/radioljubuski.ba\/index.php\/2021\/06\/03\/florida-djecak-i-djevojcica-pola-sata-razmjenjivali-vatru-s-policijom\/","title":{"rendered":"Florida: Dje\u010dak i djevoj\u010dica pola sata razmjenjivali vatru s policijom"},"content":{"rendered":"\n<p>Dvoje djece pobjeglo je iz maloljetni\u010dkog doma na Floridi, provalilo u ku\u0107u te zapucalo iz kala\u0161njikova na policajce koji su do\u0161li na mjesto doga\u0111aja.12-godi\u0161nji dje\u010dak i 14-godi\u0161nja djevoj\u010dica prona\u0161li su oru\u017eje u ku\u0107i u koju su provalili u Enterpriseu na Floridi te su pucali na \u0161erifove zamjenike.&nbsp;<\/p>\n\n\n\n<p>Djevoj\u010dica je upucana i ozlije\u0111ena nakon \u0161to je uperila oru\u017eje na zamjenike. Dje\u010dak, naoru\u017ean s kala\u0161njikovom AK-47, ubrzo je spustio svoje oru\u017eje te nije ozlije\u0111en, rekao je ured \u0161erifa.<br><br>Snimke s tjelesne kamere pokazuju zamjenike kako se kriju iza drve\u0107a dok su oko njih odjekivali pucnjevi. Snimka djevoj\u010dice koja je upucana je zamu\u0107ena. Po zvuku videa dalo se zaklju\u010diti da se radilo o kaoti\u010dnoj sceni, dok su se zamjenici \u017eurili da pru\u017ee medicinsku pomo\u0107 djevoj\u010dici koja je vri\u0161tala u boli.\u00a0<br><br>Djevoj\u010dica je operirana i stabilno je. Zamjenici \u0161erifa nisu ranjeni u pucnjavi. Prema rije\u010dima ureda \u0161erifa, optu\u017enice protiv djece jo\u0161 uvijek nisu potvr\u0111ene.<\/p>\n\n\n\n<blockquote class=\"twitter-tweet\"><p lang=\"en\" dir=\"ltr\">WATCH: Bodycam shows Florida sheriff\u2019s deputies in shootout with two teens. <a href=\"https:\/\/t.co\/AqDi8N28bC\">https:\/\/t.co\/AqDi8N28bC<\/a><\/p>&mdash; NBC News (@NBCNews) <a href=\"https:\/\/twitter.com\/NBCNews\/status\/1400276069031292929?ref_src=twsrc%5Etfw\">June 3, 2021<\/a><\/blockquote> <script async src=\"https:\/\/platform.twitter.com\/widgets.js\" charset=\"utf-8\"><\/script> \n\n\n\n<p>Djeca su pobjegla iz doma Evangeli\u010dke metodisti\u010dke crkve iz Enterprisea u utorak popodne. Nekoliko sati kasnije, provalili su u ku\u0107u. Prolaznici su prijavili da su \u010duli razbijanje stakla u ku\u0107i te su obavijestili policiju. Policajci su okru\u017eili ku\u0107u. U tome trenutku djeca su zapucala iz ku\u0107e. U ku\u0107i se nalazio pi\u0161tolj, sa\u010dmarica i kala\u0161njikov AK-47, uz veliku koli\u010dinu streljiva.<br><br><strong>Razmjena pucnjeva trajala je 35 minuta<\/strong>&#8211; Policajci su u\u010dinili sve \u0161to su mogli da deeskaliraju situaciju, i skoro su ih ubili 12-godi\u0161njak i 14-godi\u0161njakinja, rekao je \u0161erif okruga Volusia, <strong>Mike Chitwood<\/strong>. Dodao je da je djevoj\u010dica imala dosje te je pro\u0161le godine uhi\u0107ena zbog pale\u017ea nekoliko napu\u0161tenih objekata.<br><br>Tijekom konferencije za medije u srijedu, Chitwood je kritizirao pravni sustav za maloljetnike. Istaknuo je da su nasilni tinejd\u017eeri \u010desto smje\u0161teni u maloljetni\u010dke domove koji nisu osposobljeni za njihov odgoj. Rekao je da djevoj\u010dica koja je bila uklju\u010dena u pucnjavu nije smjela biti smje\u0161tena u dom iz kojeg je pobjegla.<\/p>\n\n\n\n<p>Izvor:hrt.hr<\/p>\n","protected":false},"excerpt":{"rendered":"<p>Dvoje djece pobjeglo je iz maloljetni\u010dkog doma na Floridi, provalilo u ku\u0107u te zapucalo iz kala\u0161njikova na policajce koji su do\u0161li na mjesto doga\u0111aja.12-godi\u0161nji dje\u010dak i 14-godi\u0161nja djevoj\u010dica prona\u0161li su oru\u017eje u ku\u0107i u koju su provalili u Enterpriseu na Floridi te su pucali na \u0161erifove zamjenike.&nbsp; Djevoj\u010dica je upucana i ozlije\u0111ena nakon \u0161to je [&hellip;]<\/p>\n","protected":false},"author":2,"featured_media":0,"comment_status":"closed","ping_status":"closed","sticky":false,"template":"","format":"standard","meta":{"h5ap_radio_sources":[],"footnotes":""},"categories":[1],"tags":[],"class_list":["post-28112","post","type-post","status-publish","format-standard","hentry","category-bihiregija"],"yoast_head":"<!-- This site is optimized with the Yoast SEO plugin v27.5 - https:\/\/yoast.com\/product\/yoast-seo-wordpress\/ -->\n<title>Florida: Dje\u010dak i djevoj\u010dica pola sata razmjenjivali vatru s policijom - RADIO LJUBU\u0160KI<\/title>\n<meta name=\"robots\" content=\"index, follow, max-snippet:-1, max-image-preview:large, max-video-preview:-1\" \/>\n<link rel=\"canonical\" href=\"https:\/\/radioljubuski.ba\/index.php\/2021\/06\/03\/florida-djecak-i-djevojcica-pola-sata-razmjenjivali-vatru-s-policijom\/\" \/>\n<meta property=\"og:locale\" content=\"hr_HR\" \/>\n<meta property=\"og:type\" content=\"article\" \/>\n<meta property=\"og:title\" content=\"Florida: Dje\u010dak i djevoj\u010dica pola sata razmjenjivali vatru s policijom - RADIO LJUBU\u0160KI\" \/>\n<meta property=\"og:description\" content=\"Dvoje djece pobjeglo je iz maloljetni\u010dkog doma na Floridi, provalilo u ku\u0107u te zapucalo iz kala\u0161njikova na policajce koji su do\u0161li na mjesto doga\u0111aja.12-godi\u0161nji dje\u010dak i 14-godi\u0161nja djevoj\u010dica prona\u0161li su oru\u017eje u ku\u0107i u koju su provalili u Enterpriseu na Floridi te su pucali na \u0161erifove zamjenike.&nbsp; Djevoj\u010dica je upucana i ozlije\u0111ena nakon \u0161to je [&hellip;]\" \/>\n<meta property=\"og:url\" content=\"https:\/\/radioljubuski.ba\/index.php\/2021\/06\/03\/florida-djecak-i-djevojcica-pola-sata-razmjenjivali-vatru-s-policijom\/\" \/>\n<meta property=\"og:site_name\" content=\"RADIO LJUBU\u0160KI\" \/>\n<meta property=\"article:publisher\" content=\"https:\/\/www.facebook.com\/Radiio-Ljubuski-1490835324566332\" \/>\n<meta property=\"article:published_time\" content=\"2021-06-03T10:02:14+00:00\" \/>\n<meta property=\"og:image\" content=\"https:\/\/radioljubuski.ba\/wp-content\/uploads\/2021\/06\/a-ludi-za-oruzjem-reutersbryan-woolston-20210522101821.jpg\" \/>\n\t<meta property=\"og:image:width\" content=\"688\" \/>\n\t<meta property=\"og:image:height\" content=\"388\" \/>\n\t<meta property=\"og:image:type\" content=\"image\/jpeg\" \/>\n<meta name=\"author\" content=\"Radio Ljubu\u0161ki\" \/>\n<meta name=\"twitter:card\" content=\"summary_large_image\" \/>\n<meta name=\"twitter:creator\" content=\"@radioljubuski\" \/>\n<meta name=\"twitter:site\" content=\"@radioljubuski\" \/>\n<meta name=\"twitter:label1\" content=\"Napisao\/la\" \/>\n\t<meta name=\"twitter:data1\" content=\"Radio Ljubu\u0161ki\" \/>\n\t<meta name=\"twitter:label2\" content=\"Procijenjeno vrijeme \u010ditanja\" \/>\n\t<meta name=\"twitter:data2\" content=\"2 minute\" \/>\n<script type=\"application\/ld+json\" class=\"yoast-schema-graph\">{\"@context\":\"https:\\\/\\\/schema.org\",\"@graph\":[{\"@type\":\"Article\",\"@id\":\"https:\\\/\\\/radioljubuski.ba\\\/index.php\\\/2021\\\/06\\\/03\\\/florida-djecak-i-djevojcica-pola-sata-razmjenjivali-vatru-s-policijom\\\/#article\",\"isPartOf\":{\"@id\":\"https:\\\/\\\/radioljubuski.ba\\\/index.php\\\/2021\\\/06\\\/03\\\/florida-djecak-i-djevojcica-pola-sata-razmjenjivali-vatru-s-policijom\\\/\"},\"author\":{\"name\":\"Radio Ljubu\u0161ki\",\"@id\":\"https:\\\/\\\/radioljubuski.ba\\\/#\\\/schema\\\/person\\\/19fc700381a780f69665d7956c469e3b\"},\"headline\":\"Florida: Dje\u010dak i djevoj\u010dica pola sata razmjenjivali vatru s policijom\",\"datePublished\":\"2021-06-03T10:02:14+00:00\",\"mainEntityOfPage\":{\"@id\":\"https:\\\/\\\/radioljubuski.ba\\\/index.php\\\/2021\\\/06\\\/03\\\/florida-djecak-i-djevojcica-pola-sata-razmjenjivali-vatru-s-policijom\\\/\"},\"wordCount\":404,\"publisher\":{\"@id\":\"https:\\\/\\\/radioljubuski.ba\\\/#organization\"},\"articleSection\":[\"BIH i regija\"],\"inLanguage\":\"hr\"},{\"@type\":\"WebPage\",\"@id\":\"https:\\\/\\\/radioljubuski.ba\\\/index.php\\\/2021\\\/06\\\/03\\\/florida-djecak-i-djevojcica-pola-sata-razmjenjivali-vatru-s-policijom\\\/\",\"url\":\"https:\\\/\\\/radioljubuski.ba\\\/index.php\\\/2021\\\/06\\\/03\\\/florida-djecak-i-djevojcica-pola-sata-razmjenjivali-vatru-s-policijom\\\/\",\"name\":\"Florida: Dje\u010dak i djevoj\u010dica pola sata razmjenjivali vatru s policijom - RADIO LJUBU\u0160KI\",\"isPartOf\":{\"@id\":\"https:\\\/\\\/radioljubuski.ba\\\/#website\"},\"datePublished\":\"2021-06-03T10:02:14+00:00\",\"breadcrumb\":{\"@id\":\"https:\\\/\\\/radioljubuski.ba\\\/index.php\\\/2021\\\/06\\\/03\\\/florida-djecak-i-djevojcica-pola-sata-razmjenjivali-vatru-s-policijom\\\/#breadcrumb\"},\"inLanguage\":\"hr\",\"potentialAction\":[{\"@type\":\"ReadAction\",\"target\":[\"https:\\\/\\\/radioljubuski.ba\\\/index.php\\\/2021\\\/06\\\/03\\\/florida-djecak-i-djevojcica-pola-sata-razmjenjivali-vatru-s-policijom\\\/\"]}]},{\"@type\":\"BreadcrumbList\",\"@id\":\"https:\\\/\\\/radioljubuski.ba\\\/index.php\\\/2021\\\/06\\\/03\\\/florida-djecak-i-djevojcica-pola-sata-razmjenjivali-vatru-s-policijom\\\/#breadcrumb\",\"itemListElement\":[{\"@type\":\"ListItem\",\"position\":1,\"name\":\"Po\u010detna stranica\",\"item\":\"https:\\\/\\\/radioljubuski.ba\\\/\"},{\"@type\":\"ListItem\",\"position\":2,\"name\":\"Florida: Dje\u010dak i djevoj\u010dica pola sata razmjenjivali vatru s policijom\"}]},{\"@type\":\"WebSite\",\"@id\":\"https:\\\/\\\/radioljubuski.ba\\\/#website\",\"url\":\"https:\\\/\\\/radioljubuski.ba\\\/\",\"name\":\"Radio Ljubu\u0161ki\",\"description\":\"Sun\u010dana frekvencija Hercegovine\",\"publisher\":{\"@id\":\"https:\\\/\\\/radioljubuski.ba\\\/#organization\"},\"potentialAction\":[{\"@type\":\"SearchAction\",\"target\":{\"@type\":\"EntryPoint\",\"urlTemplate\":\"https:\\\/\\\/radioljubuski.ba\\\/?s={search_term_string}\"},\"query-input\":{\"@type\":\"PropertyValueSpecification\",\"valueRequired\":true,\"valueName\":\"search_term_string\"}}],\"inLanguage\":\"hr\"},{\"@type\":\"Organization\",\"@id\":\"https:\\\/\\\/radioljubuski.ba\\\/#organization\",\"name\":\"Radio Ljubu\u0161ki\",\"url\":\"https:\\\/\\\/radioljubuski.ba\\\/\",\"logo\":{\"@type\":\"ImageObject\",\"inLanguage\":\"hr\",\"@id\":\"https:\\\/\\\/radioljubuski.ba\\\/#\\\/schema\\\/logo\\\/image\\\/\",\"url\":\"https:\\\/\\\/radioljubuski.ba\\\/wp-content\\\/uploads\\\/2021\\\/02\\\/cropped-Radio_Ljubuski_logo1.jpg\",\"contentUrl\":\"https:\\\/\\\/radioljubuski.ba\\\/wp-content\\\/uploads\\\/2021\\\/02\\\/cropped-Radio_Ljubuski_logo1.jpg\",\"width\":512,\"height\":512,\"caption\":\"Radio Ljubu\u0161ki\"},\"image\":{\"@id\":\"https:\\\/\\\/radioljubuski.ba\\\/#\\\/schema\\\/logo\\\/image\\\/\"},\"sameAs\":[\"https:\\\/\\\/www.facebook.com\\\/Radiio-Ljubuski-1490835324566332\",\"https:\\\/\\\/x.com\\\/radioljubuski\",\"https:\\\/\\\/hr.linkedin.com\\\/company\\\/radio-ljubuski\",\"https:\\\/\\\/www.youtube.com\\\/channel\\\/UCHYaeO_n0Db3tjNGudGpXyw\"]},{\"@type\":\"Person\",\"@id\":\"https:\\\/\\\/radioljubuski.ba\\\/#\\\/schema\\\/person\\\/19fc700381a780f69665d7956c469e3b\",\"name\":\"Radio Ljubu\u0161ki\"}]}<\/script>\n<!-- \/ Yoast SEO plugin. -->","yoast_head_json":{"title":"Florida: Dje\u010dak i djevoj\u010dica pola sata razmjenjivali vatru s policijom - RADIO LJUBU\u0160KI","robots":{"index":"index","follow":"follow","max-snippet":"max-snippet:-1","max-image-preview":"max-image-preview:large","max-video-preview":"max-video-preview:-1"},"canonical":"https:\/\/radioljubuski.ba\/index.php\/2021\/06\/03\/florida-djecak-i-djevojcica-pola-sata-razmjenjivali-vatru-s-policijom\/","og_locale":"hr_HR","og_type":"article","og_title":"Florida: Dje\u010dak i djevoj\u010dica pola sata razmjenjivali vatru s policijom - RADIO LJUBU\u0160KI","og_description":"Dvoje djece pobjeglo je iz maloljetni\u010dkog doma na Floridi, provalilo u ku\u0107u te zapucalo iz kala\u0161njikova na policajce koji su do\u0161li na mjesto doga\u0111aja.12-godi\u0161nji dje\u010dak i 14-godi\u0161nja djevoj\u010dica prona\u0161li su oru\u017eje u ku\u0107i u koju su provalili u Enterpriseu na Floridi te su pucali na \u0161erifove zamjenike.&nbsp; Djevoj\u010dica je upucana i ozlije\u0111ena nakon \u0161to je [&hellip;]","og_url":"https:\/\/radioljubuski.ba\/index.php\/2021\/06\/03\/florida-djecak-i-djevojcica-pola-sata-razmjenjivali-vatru-s-policijom\/","og_site_name":"RADIO LJUBU\u0160KI","article_publisher":"https:\/\/www.facebook.com\/Radiio-Ljubuski-1490835324566332","article_published_time":"2021-06-03T10:02:14+00:00","og_image":[{"width":688,"height":388,"url":"https:\/\/radioljubuski.ba\/wp-content\/uploads\/2021\/06\/a-ludi-za-oruzjem-reutersbryan-woolston-20210522101821.jpg","type":"image\/jpeg"}],"author":"Radio Ljubu\u0161ki","twitter_card":"summary_large_image","twitter_creator":"@radioljubuski","twitter_site":"@radioljubuski","twitter_misc":{"Napisao\/la":"Radio Ljubu\u0161ki","Procijenjeno vrijeme \u010ditanja":"2 minute"},"schema":{"@context":"https:\/\/schema.org","@graph":[{"@type":"Article","@id":"https:\/\/radioljubuski.ba\/index.php\/2021\/06\/03\/florida-djecak-i-djevojcica-pola-sata-razmjenjivali-vatru-s-policijom\/#article","isPartOf":{"@id":"https:\/\/radioljubuski.ba\/index.php\/2021\/06\/03\/florida-djecak-i-djevojcica-pola-sata-razmjenjivali-vatru-s-policijom\/"},"author":{"name":"Radio Ljubu\u0161ki","@id":"https:\/\/radioljubuski.ba\/#\/schema\/person\/19fc700381a780f69665d7956c469e3b"},"headline":"Florida: Dje\u010dak i djevoj\u010dica pola sata razmjenjivali vatru s policijom","datePublished":"2021-06-03T10:02:14+00:00","mainEntityOfPage":{"@id":"https:\/\/radioljubuski.ba\/index.php\/2021\/06\/03\/florida-djecak-i-djevojcica-pola-sata-razmjenjivali-vatru-s-policijom\/"},"wordCount":404,"publisher":{"@id":"https:\/\/radioljubuski.ba\/#organization"},"articleSection":["BIH i regija"],"inLanguage":"hr"},{"@type":"WebPage","@id":"https:\/\/radioljubuski.ba\/index.php\/2021\/06\/03\/florida-djecak-i-djevojcica-pola-sata-razmjenjivali-vatru-s-policijom\/","url":"https:\/\/radioljubuski.ba\/index.php\/2021\/06\/03\/florida-djecak-i-djevojcica-pola-sata-razmjenjivali-vatru-s-policijom\/","name":"Florida: Dje\u010dak i djevoj\u010dica pola sata razmjenjivali vatru s policijom - RADIO LJUBU\u0160KI","isPartOf":{"@id":"https:\/\/radioljubuski.ba\/#website"},"datePublished":"2021-06-03T10:02:14+00:00","breadcrumb":{"@id":"https:\/\/radioljubuski.ba\/index.php\/2021\/06\/03\/florida-djecak-i-djevojcica-pola-sata-razmjenjivali-vatru-s-policijom\/#breadcrumb"},"inLanguage":"hr","potentialAction":[{"@type":"ReadAction","target":["https:\/\/radioljubuski.ba\/index.php\/2021\/06\/03\/florida-djecak-i-djevojcica-pola-sata-razmjenjivali-vatru-s-policijom\/"]}]},{"@type":"BreadcrumbList","@id":"https:\/\/radioljubuski.ba\/index.php\/2021\/06\/03\/florida-djecak-i-djevojcica-pola-sata-razmjenjivali-vatru-s-policijom\/#breadcrumb","itemListElement":[{"@type":"ListItem","position":1,"name":"Po\u010detna stranica","item":"https:\/\/radioljubuski.ba\/"},{"@type":"ListItem","position":2,"name":"Florida: Dje\u010dak i djevoj\u010dica pola sata razmjenjivali vatru s policijom"}]},{"@type":"WebSite","@id":"https:\/\/radioljubuski.ba\/#website","url":"https:\/\/radioljubuski.ba\/","name":"Radio Ljubu\u0161ki","description":"Sun\u010dana frekvencija Hercegovine","publisher":{"@id":"https:\/\/radioljubuski.ba\/#organization"},"potentialAction":[{"@type":"SearchAction","target":{"@type":"EntryPoint","urlTemplate":"https:\/\/radioljubuski.ba\/?s={search_term_string}"},"query-input":{"@type":"PropertyValueSpecification","valueRequired":true,"valueName":"search_term_string"}}],"inLanguage":"hr"},{"@type":"Organization","@id":"https:\/\/radioljubuski.ba\/#organization","name":"Radio Ljubu\u0161ki","url":"https:\/\/radioljubuski.ba\/","logo":{"@type":"ImageObject","inLanguage":"hr","@id":"https:\/\/radioljubuski.ba\/#\/schema\/logo\/image\/","url":"https:\/\/radioljubuski.ba\/wp-content\/uploads\/2021\/02\/cropped-Radio_Ljubuski_logo1.jpg","contentUrl":"https:\/\/radioljubuski.ba\/wp-content\/uploads\/2021\/02\/cropped-Radio_Ljubuski_logo1.jpg","width":512,"height":512,"caption":"Radio Ljubu\u0161ki"},"image":{"@id":"https:\/\/radioljubuski.ba\/#\/schema\/logo\/image\/"},"sameAs":["https:\/\/www.facebook.com\/Radiio-Ljubuski-1490835324566332","https:\/\/x.com\/radioljubuski","https:\/\/hr.linkedin.com\/company\/radio-ljubuski","https:\/\/www.youtube.com\/channel\/UCHYaeO_n0Db3tjNGudGpXyw"]},{"@type":"Person","@id":"https:\/\/radioljubuski.ba\/#\/schema\/person\/19fc700381a780f69665d7956c469e3b","name":"Radio Ljubu\u0161ki"}]}},"_links":{"self":[{"href":"https:\/\/radioljubuski.ba\/index.php\/wp-json\/wp\/v2\/posts\/28112","targetHints":{"allow":["GET"]}}],"collection":[{"href":"https:\/\/radioljubuski.ba\/index.php\/wp-json\/wp\/v2\/posts"}],"about":[{"href":"https:\/\/radioljubuski.ba\/index.php\/wp-json\/wp\/v2\/types\/post"}],"author":[{"embeddable":true,"href":"https:\/\/radioljubuski.ba\/index.php\/wp-json\/wp\/v2\/users\/2"}],"replies":[{"embeddable":true,"href":"https:\/\/radioljubuski.ba\/index.php\/wp-json\/wp\/v2\/comments?post=28112"}],"version-history":[{"count":1,"href":"https:\/\/radioljubuski.ba\/index.php\/wp-json\/wp\/v2\/posts\/28112\/revisions"}],"predecessor-version":[{"id":28114,"href":"https:\/\/radioljubuski.ba\/index.php\/wp-json\/wp\/v2\/posts\/28112\/revisions\/28114"}],"wp:attachment":[{"href":"https:\/\/radioljubuski.ba\/index.php\/wp-json\/wp\/v2\/media?parent=28112"}],"wp:term":[{"taxonomy":"category","embeddable":true,"href":"https:\/\/radioljubuski.ba\/index.php\/wp-json\/wp\/v2\/categories?post=28112"},{"taxonomy":"post_tag","embeddable":true,"href":"https:\/\/radioljubuski.ba\/index.php\/wp-json\/wp\/v2\/tags?post=28112"}],"curies":[{"name":"wp","href":"https:\/\/api.w.org\/{rel}","templated":true}]}}