{"id":28158,"date":"2021-06-03T13:06:07","date_gmt":"2021-06-03T12:06:07","guid":{"rendered":"https:\/\/radioljubuski.ba\/?p=28158"},"modified":"2021-06-03T13:06:08","modified_gmt":"2021-06-03T12:06:08","slug":"tuga-srusio-se-i-umro-na-susretu-za-preminulog-brata","status":"publish","type":"post","link":"https:\/\/radioljubuski.ba\/index.php\/2021\/06\/03\/tuga-srusio-se-i-umro-na-susretu-za-preminulog-brata\/","title":{"rendered":"Tuga: Sru\u0161io se i umro na susretu za preminulog brata"},"content":{"rendered":"\n<p>U\u017easne vijesti sti\u017eu iz Italije. Nogometa\u0161 Giuseppe Perrino (29) preminuo je u Poggiomarinu blizu Napulja na utakmici organiziranoj u \u010dast njegovu bratu Roccu, kako se vjeruje, od sr\u010danog udara. On se bavio biciklizmom, a poginuo je na treningu 2018. s 24 godine, tako\u0111er od sr\u010danog udara, pi\u0161e 24sata.hr.<\/p>\n\n\n\n<p>U nogometnom centru Cagiannello redovito se odr\u017eavaju utakmice u \u010dast preminulih mladih sporta\u0161a, a ove godine bio je posve\u0107en Roccu i jo\u0161 jednoj osobi.<\/p>\n\n\n\n<p>Giuseppe se sru\u0161io tijekom utakmice i izgubio svijest. Hitna mu je brzo pru\u017eila pomo\u0107, ali nije ga mogla spasiti. Preminuo je na terenu, srce nije izdr\u017ealo. Tijelo su mu poslali na obdukciju kako bi utvrdili to\u010dan uzrok smrti.<\/p>\n\n\n\n<p>Bio je vezni igra\u010d, nastupao za Parmu i mnoge ni\u017eeliga\u0161ke klubove: Sapri, Ebolitanu, Bellariju, Vigor Lameziju, Battipagliese, Scafatese, Turris, Real Poggiomarino, Pimonte i Solofru.<\/p>\n\n\n\n<p>Gradona\u010delnik Napulja Maurizio Falanga otkazao je ceremoniju za Dan Republike na kojoj su Gradsku vije\u0107nicu planirali osvijetliti bojama talijanske zastave.<\/p>\n\n\n\n<p>&#8211; Izra\u017eavamo su\u0107ut obitelji koja je ve\u0107 prolazila kroz patnju i pru\u017eam podr\u0161ku cijele zajednice. Na\u017ealost, Giuseppe je ponovno sa svojim voljenim bratom. Bio je jako dobar, i\u0161ao na probe u dobre klubove, otac ga je \u010desto pratio na utakmicama &#8211; rekao je gradona\u010delnik Napulja.<\/p>\n\n\n\n<p>Izvor:24sata.hr<\/p>\n","protected":false},"excerpt":{"rendered":"<p>U\u017easne vijesti sti\u017eu iz Italije. Nogometa\u0161 Giuseppe Perrino (29) preminuo je u Poggiomarinu blizu Napulja na utakmici organiziranoj u \u010dast njegovu bratu Roccu, kako se vjeruje, od sr\u010danog udara. On se bavio biciklizmom, a poginuo je na treningu 2018. s 24 godine, tako\u0111er od sr\u010danog udara, pi\u0161e 24sata.hr. U nogometnom centru Cagiannello redovito se odr\u017eavaju [&hellip;]<\/p>\n","protected":false},"author":2,"featured_media":28159,"comment_status":"closed","ping_status":"closed","sticky":false,"template":"","format":"standard","meta":{"h5ap_radio_sources":[],"footnotes":""},"categories":[7],"tags":[],"class_list":["post-28158","post","type-post","status-publish","format-standard","has-post-thumbnail","hentry","category-sport"],"yoast_head":"<!-- This site is optimized with the Yoast SEO plugin v27.5 - https:\/\/yoast.com\/product\/yoast-seo-wordpress\/ -->\n<title>Tuga: Sru\u0161io se i umro na susretu za preminulog brata - RADIO LJUBU\u0160KI<\/title>\n<meta name=\"robots\" content=\"index, follow, max-snippet:-1, max-image-preview:large, max-video-preview:-1\" \/>\n<link rel=\"canonical\" href=\"https:\/\/radioljubuski.ba\/index.php\/2021\/06\/03\/tuga-srusio-se-i-umro-na-susretu-za-preminulog-brata\/\" \/>\n<meta property=\"og:locale\" content=\"hr_HR\" \/>\n<meta property=\"og:type\" content=\"article\" \/>\n<meta property=\"og:title\" content=\"Tuga: Sru\u0161io se i umro na susretu za preminulog brata - RADIO LJUBU\u0160KI\" \/>\n<meta property=\"og:description\" content=\"U\u017easne vijesti sti\u017eu iz Italije. Nogometa\u0161 Giuseppe Perrino (29) preminuo je u Poggiomarinu blizu Napulja na utakmici organiziranoj u \u010dast njegovu bratu Roccu, kako se vjeruje, od sr\u010danog udara. On se bavio biciklizmom, a poginuo je na treningu 2018. s 24 godine, tako\u0111er od sr\u010danog udara, pi\u0161e 24sata.hr. U nogometnom centru Cagiannello redovito se odr\u017eavaju [&hellip;]\" \/>\n<meta property=\"og:url\" content=\"https:\/\/radioljubuski.ba\/index.php\/2021\/06\/03\/tuga-srusio-se-i-umro-na-susretu-za-preminulog-brata\/\" \/>\n<meta property=\"og:site_name\" content=\"RADIO LJUBU\u0160KI\" \/>\n<meta property=\"article:publisher\" content=\"https:\/\/www.facebook.com\/Radiio-Ljubuski-1490835324566332\" \/>\n<meta property=\"article:published_time\" content=\"2021-06-03T12:06:07+00:00\" \/>\n<meta property=\"article:modified_time\" content=\"2021-06-03T12:06:08+00:00\" \/>\n<meta property=\"og:image\" content=\"https:\/\/radioljubuski.ba\/wp-content\/uploads\/2021\/06\/33-1.png\" \/>\n\t<meta property=\"og:image:width\" content=\"835\" \/>\n\t<meta property=\"og:image:height\" content=\"525\" \/>\n\t<meta property=\"og:image:type\" content=\"image\/png\" \/>\n<meta name=\"author\" content=\"Radio Ljubu\u0161ki\" \/>\n<meta name=\"twitter:card\" content=\"summary_large_image\" \/>\n<meta name=\"twitter:creator\" content=\"@radioljubuski\" \/>\n<meta name=\"twitter:site\" content=\"@radioljubuski\" \/>\n<meta name=\"twitter:label1\" content=\"Napisao\/la\" \/>\n\t<meta name=\"twitter:data1\" content=\"Radio Ljubu\u0161ki\" \/>\n\t<meta name=\"twitter:label2\" content=\"Procijenjeno vrijeme \u010ditanja\" \/>\n\t<meta name=\"twitter:data2\" content=\"1 minuta\" \/>\n<script type=\"application\/ld+json\" class=\"yoast-schema-graph\">{\"@context\":\"https:\\\/\\\/schema.org\",\"@graph\":[{\"@type\":\"Article\",\"@id\":\"https:\\\/\\\/radioljubuski.ba\\\/index.php\\\/2021\\\/06\\\/03\\\/tuga-srusio-se-i-umro-na-susretu-za-preminulog-brata\\\/#article\",\"isPartOf\":{\"@id\":\"https:\\\/\\\/radioljubuski.ba\\\/index.php\\\/2021\\\/06\\\/03\\\/tuga-srusio-se-i-umro-na-susretu-za-preminulog-brata\\\/\"},\"author\":{\"name\":\"Radio Ljubu\u0161ki\",\"@id\":\"https:\\\/\\\/radioljubuski.ba\\\/#\\\/schema\\\/person\\\/19fc700381a780f69665d7956c469e3b\"},\"headline\":\"Tuga: Sru\u0161io se i umro na susretu za preminulog brata\",\"datePublished\":\"2021-06-03T12:06:07+00:00\",\"dateModified\":\"2021-06-03T12:06:08+00:00\",\"mainEntityOfPage\":{\"@id\":\"https:\\\/\\\/radioljubuski.ba\\\/index.php\\\/2021\\\/06\\\/03\\\/tuga-srusio-se-i-umro-na-susretu-za-preminulog-brata\\\/\"},\"wordCount\":235,\"publisher\":{\"@id\":\"https:\\\/\\\/radioljubuski.ba\\\/#organization\"},\"image\":{\"@id\":\"https:\\\/\\\/radioljubuski.ba\\\/index.php\\\/2021\\\/06\\\/03\\\/tuga-srusio-se-i-umro-na-susretu-za-preminulog-brata\\\/#primaryimage\"},\"thumbnailUrl\":\"https:\\\/\\\/radioljubuski.ba\\\/wp-content\\\/uploads\\\/2021\\\/06\\\/33-1.png\",\"articleSection\":[\"\u0160port\"],\"inLanguage\":\"hr\"},{\"@type\":\"WebPage\",\"@id\":\"https:\\\/\\\/radioljubuski.ba\\\/index.php\\\/2021\\\/06\\\/03\\\/tuga-srusio-se-i-umro-na-susretu-za-preminulog-brata\\\/\",\"url\":\"https:\\\/\\\/radioljubuski.ba\\\/index.php\\\/2021\\\/06\\\/03\\\/tuga-srusio-se-i-umro-na-susretu-za-preminulog-brata\\\/\",\"name\":\"Tuga: Sru\u0161io se i umro na susretu za preminulog brata - RADIO LJUBU\u0160KI\",\"isPartOf\":{\"@id\":\"https:\\\/\\\/radioljubuski.ba\\\/#website\"},\"primaryImageOfPage\":{\"@id\":\"https:\\\/\\\/radioljubuski.ba\\\/index.php\\\/2021\\\/06\\\/03\\\/tuga-srusio-se-i-umro-na-susretu-za-preminulog-brata\\\/#primaryimage\"},\"image\":{\"@id\":\"https:\\\/\\\/radioljubuski.ba\\\/index.php\\\/2021\\\/06\\\/03\\\/tuga-srusio-se-i-umro-na-susretu-za-preminulog-brata\\\/#primaryimage\"},\"thumbnailUrl\":\"https:\\\/\\\/radioljubuski.ba\\\/wp-content\\\/uploads\\\/2021\\\/06\\\/33-1.png\",\"datePublished\":\"2021-06-03T12:06:07+00:00\",\"dateModified\":\"2021-06-03T12:06:08+00:00\",\"breadcrumb\":{\"@id\":\"https:\\\/\\\/radioljubuski.ba\\\/index.php\\\/2021\\\/06\\\/03\\\/tuga-srusio-se-i-umro-na-susretu-za-preminulog-brata\\\/#breadcrumb\"},\"inLanguage\":\"hr\",\"potentialAction\":[{\"@type\":\"ReadAction\",\"target\":[\"https:\\\/\\\/radioljubuski.ba\\\/index.php\\\/2021\\\/06\\\/03\\\/tuga-srusio-se-i-umro-na-susretu-za-preminulog-brata\\\/\"]}]},{\"@type\":\"ImageObject\",\"inLanguage\":\"hr\",\"@id\":\"https:\\\/\\\/radioljubuski.ba\\\/index.php\\\/2021\\\/06\\\/03\\\/tuga-srusio-se-i-umro-na-susretu-za-preminulog-brata\\\/#primaryimage\",\"url\":\"https:\\\/\\\/radioljubuski.ba\\\/wp-content\\\/uploads\\\/2021\\\/06\\\/33-1.png\",\"contentUrl\":\"https:\\\/\\\/radioljubuski.ba\\\/wp-content\\\/uploads\\\/2021\\\/06\\\/33-1.png\",\"width\":835,\"height\":525},{\"@type\":\"BreadcrumbList\",\"@id\":\"https:\\\/\\\/radioljubuski.ba\\\/index.php\\\/2021\\\/06\\\/03\\\/tuga-srusio-se-i-umro-na-susretu-za-preminulog-brata\\\/#breadcrumb\",\"itemListElement\":[{\"@type\":\"ListItem\",\"position\":1,\"name\":\"Po\u010detna stranica\",\"item\":\"https:\\\/\\\/radioljubuski.ba\\\/\"},{\"@type\":\"ListItem\",\"position\":2,\"name\":\"Tuga: Sru\u0161io se i umro na susretu za preminulog brata\"}]},{\"@type\":\"WebSite\",\"@id\":\"https:\\\/\\\/radioljubuski.ba\\\/#website\",\"url\":\"https:\\\/\\\/radioljubuski.ba\\\/\",\"name\":\"Radio Ljubu\u0161ki\",\"description\":\"Sun\u010dana frekvencija Hercegovine\",\"publisher\":{\"@id\":\"https:\\\/\\\/radioljubuski.ba\\\/#organization\"},\"potentialAction\":[{\"@type\":\"SearchAction\",\"target\":{\"@type\":\"EntryPoint\",\"urlTemplate\":\"https:\\\/\\\/radioljubuski.ba\\\/?s={search_term_string}\"},\"query-input\":{\"@type\":\"PropertyValueSpecification\",\"valueRequired\":true,\"valueName\":\"search_term_string\"}}],\"inLanguage\":\"hr\"},{\"@type\":\"Organization\",\"@id\":\"https:\\\/\\\/radioljubuski.ba\\\/#organization\",\"name\":\"Radio Ljubu\u0161ki\",\"url\":\"https:\\\/\\\/radioljubuski.ba\\\/\",\"logo\":{\"@type\":\"ImageObject\",\"inLanguage\":\"hr\",\"@id\":\"https:\\\/\\\/radioljubuski.ba\\\/#\\\/schema\\\/logo\\\/image\\\/\",\"url\":\"https:\\\/\\\/radioljubuski.ba\\\/wp-content\\\/uploads\\\/2021\\\/02\\\/cropped-Radio_Ljubuski_logo1.jpg\",\"contentUrl\":\"https:\\\/\\\/radioljubuski.ba\\\/wp-content\\\/uploads\\\/2021\\\/02\\\/cropped-Radio_Ljubuski_logo1.jpg\",\"width\":512,\"height\":512,\"caption\":\"Radio Ljubu\u0161ki\"},\"image\":{\"@id\":\"https:\\\/\\\/radioljubuski.ba\\\/#\\\/schema\\\/logo\\\/image\\\/\"},\"sameAs\":[\"https:\\\/\\\/www.facebook.com\\\/Radiio-Ljubuski-1490835324566332\",\"https:\\\/\\\/x.com\\\/radioljubuski\",\"https:\\\/\\\/hr.linkedin.com\\\/company\\\/radio-ljubuski\",\"https:\\\/\\\/www.youtube.com\\\/channel\\\/UCHYaeO_n0Db3tjNGudGpXyw\"]},{\"@type\":\"Person\",\"@id\":\"https:\\\/\\\/radioljubuski.ba\\\/#\\\/schema\\\/person\\\/19fc700381a780f69665d7956c469e3b\",\"name\":\"Radio Ljubu\u0161ki\"}]}<\/script>\n<!-- \/ Yoast SEO plugin. -->","yoast_head_json":{"title":"Tuga: Sru\u0161io se i umro na susretu za preminulog brata - RADIO LJUBU\u0160KI","robots":{"index":"index","follow":"follow","max-snippet":"max-snippet:-1","max-image-preview":"max-image-preview:large","max-video-preview":"max-video-preview:-1"},"canonical":"https:\/\/radioljubuski.ba\/index.php\/2021\/06\/03\/tuga-srusio-se-i-umro-na-susretu-za-preminulog-brata\/","og_locale":"hr_HR","og_type":"article","og_title":"Tuga: Sru\u0161io se i umro na susretu za preminulog brata - RADIO LJUBU\u0160KI","og_description":"U\u017easne vijesti sti\u017eu iz Italije. Nogometa\u0161 Giuseppe Perrino (29) preminuo je u Poggiomarinu blizu Napulja na utakmici organiziranoj u \u010dast njegovu bratu Roccu, kako se vjeruje, od sr\u010danog udara. On se bavio biciklizmom, a poginuo je na treningu 2018. s 24 godine, tako\u0111er od sr\u010danog udara, pi\u0161e 24sata.hr. U nogometnom centru Cagiannello redovito se odr\u017eavaju [&hellip;]","og_url":"https:\/\/radioljubuski.ba\/index.php\/2021\/06\/03\/tuga-srusio-se-i-umro-na-susretu-za-preminulog-brata\/","og_site_name":"RADIO LJUBU\u0160KI","article_publisher":"https:\/\/www.facebook.com\/Radiio-Ljubuski-1490835324566332","article_published_time":"2021-06-03T12:06:07+00:00","article_modified_time":"2021-06-03T12:06:08+00:00","og_image":[{"width":835,"height":525,"url":"https:\/\/radioljubuski.ba\/wp-content\/uploads\/2021\/06\/33-1.png","type":"image\/png"}],"author":"Radio Ljubu\u0161ki","twitter_card":"summary_large_image","twitter_creator":"@radioljubuski","twitter_site":"@radioljubuski","twitter_misc":{"Napisao\/la":"Radio Ljubu\u0161ki","Procijenjeno vrijeme \u010ditanja":"1 minuta"},"schema":{"@context":"https:\/\/schema.org","@graph":[{"@type":"Article","@id":"https:\/\/radioljubuski.ba\/index.php\/2021\/06\/03\/tuga-srusio-se-i-umro-na-susretu-za-preminulog-brata\/#article","isPartOf":{"@id":"https:\/\/radioljubuski.ba\/index.php\/2021\/06\/03\/tuga-srusio-se-i-umro-na-susretu-za-preminulog-brata\/"},"author":{"name":"Radio Ljubu\u0161ki","@id":"https:\/\/radioljubuski.ba\/#\/schema\/person\/19fc700381a780f69665d7956c469e3b"},"headline":"Tuga: Sru\u0161io se i umro na susretu za preminulog brata","datePublished":"2021-06-03T12:06:07+00:00","dateModified":"2021-06-03T12:06:08+00:00","mainEntityOfPage":{"@id":"https:\/\/radioljubuski.ba\/index.php\/2021\/06\/03\/tuga-srusio-se-i-umro-na-susretu-za-preminulog-brata\/"},"wordCount":235,"publisher":{"@id":"https:\/\/radioljubuski.ba\/#organization"},"image":{"@id":"https:\/\/radioljubuski.ba\/index.php\/2021\/06\/03\/tuga-srusio-se-i-umro-na-susretu-za-preminulog-brata\/#primaryimage"},"thumbnailUrl":"https:\/\/radioljubuski.ba\/wp-content\/uploads\/2021\/06\/33-1.png","articleSection":["\u0160port"],"inLanguage":"hr"},{"@type":"WebPage","@id":"https:\/\/radioljubuski.ba\/index.php\/2021\/06\/03\/tuga-srusio-se-i-umro-na-susretu-za-preminulog-brata\/","url":"https:\/\/radioljubuski.ba\/index.php\/2021\/06\/03\/tuga-srusio-se-i-umro-na-susretu-za-preminulog-brata\/","name":"Tuga: Sru\u0161io se i umro na susretu za preminulog brata - RADIO LJUBU\u0160KI","isPartOf":{"@id":"https:\/\/radioljubuski.ba\/#website"},"primaryImageOfPage":{"@id":"https:\/\/radioljubuski.ba\/index.php\/2021\/06\/03\/tuga-srusio-se-i-umro-na-susretu-za-preminulog-brata\/#primaryimage"},"image":{"@id":"https:\/\/radioljubuski.ba\/index.php\/2021\/06\/03\/tuga-srusio-se-i-umro-na-susretu-za-preminulog-brata\/#primaryimage"},"thumbnailUrl":"https:\/\/radioljubuski.ba\/wp-content\/uploads\/2021\/06\/33-1.png","datePublished":"2021-06-03T12:06:07+00:00","dateModified":"2021-06-03T12:06:08+00:00","breadcrumb":{"@id":"https:\/\/radioljubuski.ba\/index.php\/2021\/06\/03\/tuga-srusio-se-i-umro-na-susretu-za-preminulog-brata\/#breadcrumb"},"inLanguage":"hr","potentialAction":[{"@type":"ReadAction","target":["https:\/\/radioljubuski.ba\/index.php\/2021\/06\/03\/tuga-srusio-se-i-umro-na-susretu-za-preminulog-brata\/"]}]},{"@type":"ImageObject","inLanguage":"hr","@id":"https:\/\/radioljubuski.ba\/index.php\/2021\/06\/03\/tuga-srusio-se-i-umro-na-susretu-za-preminulog-brata\/#primaryimage","url":"https:\/\/radioljubuski.ba\/wp-content\/uploads\/2021\/06\/33-1.png","contentUrl":"https:\/\/radioljubuski.ba\/wp-content\/uploads\/2021\/06\/33-1.png","width":835,"height":525},{"@type":"BreadcrumbList","@id":"https:\/\/radioljubuski.ba\/index.php\/2021\/06\/03\/tuga-srusio-se-i-umro-na-susretu-za-preminulog-brata\/#breadcrumb","itemListElement":[{"@type":"ListItem","position":1,"name":"Po\u010detna stranica","item":"https:\/\/radioljubuski.ba\/"},{"@type":"ListItem","position":2,"name":"Tuga: Sru\u0161io se i umro na susretu za preminulog brata"}]},{"@type":"WebSite","@id":"https:\/\/radioljubuski.ba\/#website","url":"https:\/\/radioljubuski.ba\/","name":"Radio Ljubu\u0161ki","description":"Sun\u010dana frekvencija Hercegovine","publisher":{"@id":"https:\/\/radioljubuski.ba\/#organization"},"potentialAction":[{"@type":"SearchAction","target":{"@type":"EntryPoint","urlTemplate":"https:\/\/radioljubuski.ba\/?s={search_term_string}"},"query-input":{"@type":"PropertyValueSpecification","valueRequired":true,"valueName":"search_term_string"}}],"inLanguage":"hr"},{"@type":"Organization","@id":"https:\/\/radioljubuski.ba\/#organization","name":"Radio Ljubu\u0161ki","url":"https:\/\/radioljubuski.ba\/","logo":{"@type":"ImageObject","inLanguage":"hr","@id":"https:\/\/radioljubuski.ba\/#\/schema\/logo\/image\/","url":"https:\/\/radioljubuski.ba\/wp-content\/uploads\/2021\/02\/cropped-Radio_Ljubuski_logo1.jpg","contentUrl":"https:\/\/radioljubuski.ba\/wp-content\/uploads\/2021\/02\/cropped-Radio_Ljubuski_logo1.jpg","width":512,"height":512,"caption":"Radio Ljubu\u0161ki"},"image":{"@id":"https:\/\/radioljubuski.ba\/#\/schema\/logo\/image\/"},"sameAs":["https:\/\/www.facebook.com\/Radiio-Ljubuski-1490835324566332","https:\/\/x.com\/radioljubuski","https:\/\/hr.linkedin.com\/company\/radio-ljubuski","https:\/\/www.youtube.com\/channel\/UCHYaeO_n0Db3tjNGudGpXyw"]},{"@type":"Person","@id":"https:\/\/radioljubuski.ba\/#\/schema\/person\/19fc700381a780f69665d7956c469e3b","name":"Radio Ljubu\u0161ki"}]}},"_links":{"self":[{"href":"https:\/\/radioljubuski.ba\/index.php\/wp-json\/wp\/v2\/posts\/28158","targetHints":{"allow":["GET"]}}],"collection":[{"href":"https:\/\/radioljubuski.ba\/index.php\/wp-json\/wp\/v2\/posts"}],"about":[{"href":"https:\/\/radioljubuski.ba\/index.php\/wp-json\/wp\/v2\/types\/post"}],"author":[{"embeddable":true,"href":"https:\/\/radioljubuski.ba\/index.php\/wp-json\/wp\/v2\/users\/2"}],"replies":[{"embeddable":true,"href":"https:\/\/radioljubuski.ba\/index.php\/wp-json\/wp\/v2\/comments?post=28158"}],"version-history":[{"count":1,"href":"https:\/\/radioljubuski.ba\/index.php\/wp-json\/wp\/v2\/posts\/28158\/revisions"}],"predecessor-version":[{"id":28160,"href":"https:\/\/radioljubuski.ba\/index.php\/wp-json\/wp\/v2\/posts\/28158\/revisions\/28160"}],"wp:featuredmedia":[{"embeddable":true,"href":"https:\/\/radioljubuski.ba\/index.php\/wp-json\/wp\/v2\/media\/28159"}],"wp:attachment":[{"href":"https:\/\/radioljubuski.ba\/index.php\/wp-json\/wp\/v2\/media?parent=28158"}],"wp:term":[{"taxonomy":"category","embeddable":true,"href":"https:\/\/radioljubuski.ba\/index.php\/wp-json\/wp\/v2\/categories?post=28158"},{"taxonomy":"post_tag","embeddable":true,"href":"https:\/\/radioljubuski.ba\/index.php\/wp-json\/wp\/v2\/tags?post=28158"}],"curies":[{"name":"wp","href":"https:\/\/api.w.org\/{rel}","templated":true}]}}