{"id":28211,"date":"2021-06-03T23:17:50","date_gmt":"2021-06-03T22:17:50","guid":{"rendered":"https:\/\/radioljubuski.ba\/?p=28211"},"modified":"2021-06-03T23:17:52","modified_gmt":"2021-06-03T22:17:52","slug":"predsjednik-hrvatskog-dragovoljca-moj-cilj-je-5-mjesto","status":"publish","type":"post","link":"https:\/\/radioljubuski.ba\/index.php\/2021\/06\/03\/predsjednik-hrvatskog-dragovoljca-moj-cilj-je-5-mjesto\/","title":{"rendered":"Predsjednik Hrvatskog Dragovoljca: Moj cilj je 5. mjesto"},"content":{"rendered":"\n<p><strong>Nakon dugih sedam nogometnih sezona u drugoj ligi u elitni razred HNL-a dakle prvu ligu vratio se &#8220;Hrvatski Dragovoljac&#8221;. Kolo prije kraja ve\u0107 su osigurali naslov pobjedom nad Orijentom. Ipak zna\u010dajnije od samog rezultata je doslovno sportsko, ali financijsko \u010dudo, naime &#8220;kultni&#8221; klub iz Zagreba\u010dkog Sigeta prije dvije godine je bio pred ga\u0161enjem.<\/strong><\/p>\n\n\n\n<p>&#8211; Bez vizije se ne mo\u017ee ni\u0161ta napraviti, rekao je&nbsp;<strong>Marinko Peri\u0107<\/strong>, poduzetnik i predsjednik Hrvatskog Dragovoljca u emisiji Studio 4.<br><br>&#8211; Imao sam podr\u0161ku ljudi oko sebe i krenuo sam u to jer mi je Hrvatski Dragovoljac u srcu, rekao je.<br><br>Istaknuo je da je dug u klubu bio 11 milijuna i 850 tisu\u0107a kuna i da su ga rije\u0161ili predste\u010dajnom.<br><br>&#8211; Kad sam 27.7. preuzeo klub, uzeo sam papire i krenuo rje\u0161avati taj krucijalni problem jer bez toga ne bi mogli dalje. Naravno da ja nisam to mogao sam, pomogli su prijatelji i uprava, rekao je.<\/p>\n\n\n\n<p>Na pitanje kako se bilo mogu\u0107e u takvom ozra\u010dju slagati mom\u010dad rekao je da ni\u0161ta nije lako i da se sve radilo planski i sistemski zajedno sa strukom.<br><br>&#8211; Krajem jeseni kada smo osvojili prvenstvo, osjetio sam ne\u0161to \u0161to ne mo\u017ee biti u svla\u010dionici i rije\u0161io sam se 4-5 igra\u010da, a na\u017ealost morao sam se zahvaliti i treneru Perkovi\u0107u.<br><br>Sa trenutnim trenerom\u00a0<strong>Miroslavom Kukuljancem<\/strong>\u00a0sura\u0111uje jako dobro.\u00a0<br><br>&#8211; On je vojnik Hrvatskog Dragovoljca i dugo je godina bio u Hrvatskom Dragovoljcu prije nego je oti\u0161ao dalje, ali se mojom zaslugom vratio. Vjerujem mu i sposoban je, istaknuo je.<\/p>\n\n\n\n<div style=\"width: 640px;\" class=\"wp-video\"><video class=\"wp-video-shortcode\" id=\"video-28211-1\" width=\"640\" height=\"360\" preload=\"metadata\" controls=\"controls\"><source type=\"video\/mp4\" src=\"https:\/\/api.hrt.hr\/media\/1f\/36\/dragovoljac-st4-0306-20210603163310.mp4?_=1\" \/><a href=\"https:\/\/api.hrt.hr\/media\/1f\/36\/dragovoljac-st4-0306-20210603163310.mp4\">https:\/\/api.hrt.hr\/media\/1f\/36\/dragovoljac-st4-0306-20210603163310.mp4<\/a><\/video><\/div>\n\n\n\n<p>Imali su problema i sa koronom.<br><br>&#8211; Korona nas nije mazila \u010ditavu godinu. Na po\u010detku sezone, pro\u0161le godine, bili smo mjesec dana u izolaciji, a onda nas je pogodila u najgore vrijeme u pola proljetnog prvenstva. Osam igra\u010da bilo je izba\u010deno iz stroja. Vratili su se sa pola snage. U mjesec dana odigrali smo 10 utakmica. To nije bilo za izdr\u017eati ni de\u010dkima koji nisu bili bolesni i maksimalno su trenirali.&nbsp;<\/p>\n\n\n\n<p>Predsjednik Peri\u0107 rekao je kako \u017eeli da Dragovoljac bude me\u0111u pet prvoplasiranih.<br><br>&#8211; To nije preambiciozno. Pro\u0161le godine kad su predvi\u0111ali da \u0107emo se boriti za opstanak, de\u010dkima sam rekao da \u017eelim biti od 1 do 4 mjesta. Kad sam osjetio da bi to moglo biti bolje od 4. mjesta onda sam juri\u0161ao na prvo mjesto. Od prvog do zadnjeg dana bili smo na 1. mjestu, osim kad nas je pogodila korona i kad smo morali u izolaciju. Tada su nas mnogi prestigli, ali sa utakmicom vi\u0161e. Moj cilj je 5. mjesto. Ako bude 8. mjesto to je dobro, a ako bude 3. to je super. Nadam se da \u0107u sti\u0107i svog idola&nbsp;<strong>Stjepana Spaji\u0107a<\/strong>&nbsp;koji je osvojio povijesni rezultat s Hrvatskim Dragovoljcem &#8211; 3. mjesto, istaknuo je predsjednik Peri\u0107.<\/p>\n\n\n\n<p>Izvor:hrt.hr<\/p>\n","protected":false},"excerpt":{"rendered":"<p>Nakon dugih sedam nogometnih sezona u drugoj ligi u elitni razred HNL-a dakle prvu ligu vratio se &#8220;Hrvatski Dragovoljac&#8221;. Kolo prije kraja ve\u0107 su osigurali naslov pobjedom nad Orijentom. Ipak zna\u010dajnije od samog rezultata je doslovno sportsko, ali financijsko \u010dudo, naime &#8220;kultni&#8221; klub iz Zagreba\u010dkog Sigeta prije dvije godine je bio pred ga\u0161enjem. &#8211; Bez [&hellip;]<\/p>\n","protected":false},"author":2,"featured_media":28212,"comment_status":"closed","ping_status":"closed","sticky":false,"template":"","format":"standard","meta":{"h5ap_radio_sources":[],"footnotes":""},"categories":[7],"tags":[],"class_list":["post-28211","post","type-post","status-publish","format-standard","has-post-thumbnail","hentry","category-sport"],"yoast_head":"<!-- This site is optimized with the Yoast SEO plugin v27.5 - https:\/\/yoast.com\/product\/yoast-seo-wordpress\/ -->\n<title>Predsjednik Hrvatskog Dragovoljca: Moj cilj je 5. mjesto - RADIO LJUBU\u0160KI<\/title>\n<meta name=\"robots\" content=\"index, follow, max-snippet:-1, max-image-preview:large, max-video-preview:-1\" \/>\n<link rel=\"canonical\" href=\"https:\/\/radioljubuski.ba\/index.php\/2021\/06\/03\/predsjednik-hrvatskog-dragovoljca-moj-cilj-je-5-mjesto\/\" \/>\n<meta property=\"og:locale\" content=\"hr_HR\" \/>\n<meta property=\"og:type\" content=\"article\" \/>\n<meta property=\"og:title\" content=\"Predsjednik Hrvatskog Dragovoljca: Moj cilj je 5. mjesto - RADIO LJUBU\u0160KI\" \/>\n<meta property=\"og:description\" content=\"Nakon dugih sedam nogometnih sezona u drugoj ligi u elitni razred HNL-a dakle prvu ligu vratio se &#8220;Hrvatski Dragovoljac&#8221;. Kolo prije kraja ve\u0107 su osigurali naslov pobjedom nad Orijentom. Ipak zna\u010dajnije od samog rezultata je doslovno sportsko, ali financijsko \u010dudo, naime &#8220;kultni&#8221; klub iz Zagreba\u010dkog Sigeta prije dvije godine je bio pred ga\u0161enjem. &#8211; Bez [&hellip;]\" \/>\n<meta property=\"og:url\" content=\"https:\/\/radioljubuski.ba\/index.php\/2021\/06\/03\/predsjednik-hrvatskog-dragovoljca-moj-cilj-je-5-mjesto\/\" \/>\n<meta property=\"og:site_name\" content=\"RADIO LJUBU\u0160KI\" \/>\n<meta property=\"article:publisher\" content=\"https:\/\/www.facebook.com\/Radiio-Ljubuski-1490835324566332\" \/>\n<meta property=\"article:published_time\" content=\"2021-06-03T22:17:50+00:00\" \/>\n<meta property=\"article:modified_time\" content=\"2021-06-03T22:17:52+00:00\" \/>\n<meta property=\"og:image\" content=\"https:\/\/radioljubuski.ba\/wp-content\/uploads\/2021\/06\/marinko-peric.png\" \/>\n\t<meta property=\"og:image:width\" content=\"618\" \/>\n\t<meta property=\"og:image:height\" content=\"336\" \/>\n\t<meta property=\"og:image:type\" content=\"image\/png\" \/>\n<meta name=\"author\" content=\"Radio Ljubu\u0161ki\" \/>\n<meta name=\"twitter:card\" content=\"summary_large_image\" \/>\n<meta name=\"twitter:creator\" content=\"@radioljubuski\" \/>\n<meta name=\"twitter:site\" content=\"@radioljubuski\" \/>\n<meta name=\"twitter:label1\" content=\"Napisao\/la\" \/>\n\t<meta name=\"twitter:data1\" content=\"Radio Ljubu\u0161ki\" \/>\n\t<meta name=\"twitter:label2\" content=\"Procijenjeno vrijeme \u010ditanja\" \/>\n\t<meta name=\"twitter:data2\" content=\"2 minute\" \/>\n<script type=\"application\/ld+json\" class=\"yoast-schema-graph\">{\"@context\":\"https:\\\/\\\/schema.org\",\"@graph\":[{\"@type\":\"Article\",\"@id\":\"https:\\\/\\\/radioljubuski.ba\\\/index.php\\\/2021\\\/06\\\/03\\\/predsjednik-hrvatskog-dragovoljca-moj-cilj-je-5-mjesto\\\/#article\",\"isPartOf\":{\"@id\":\"https:\\\/\\\/radioljubuski.ba\\\/index.php\\\/2021\\\/06\\\/03\\\/predsjednik-hrvatskog-dragovoljca-moj-cilj-je-5-mjesto\\\/\"},\"author\":{\"name\":\"Radio Ljubu\u0161ki\",\"@id\":\"https:\\\/\\\/radioljubuski.ba\\\/#\\\/schema\\\/person\\\/19fc700381a780f69665d7956c469e3b\"},\"headline\":\"Predsjednik Hrvatskog Dragovoljca: Moj cilj je 5. mjesto\",\"datePublished\":\"2021-06-03T22:17:50+00:00\",\"dateModified\":\"2021-06-03T22:17:52+00:00\",\"mainEntityOfPage\":{\"@id\":\"https:\\\/\\\/radioljubuski.ba\\\/index.php\\\/2021\\\/06\\\/03\\\/predsjednik-hrvatskog-dragovoljca-moj-cilj-je-5-mjesto\\\/\"},\"wordCount\":498,\"publisher\":{\"@id\":\"https:\\\/\\\/radioljubuski.ba\\\/#organization\"},\"image\":{\"@id\":\"https:\\\/\\\/radioljubuski.ba\\\/index.php\\\/2021\\\/06\\\/03\\\/predsjednik-hrvatskog-dragovoljca-moj-cilj-je-5-mjesto\\\/#primaryimage\"},\"thumbnailUrl\":\"https:\\\/\\\/radioljubuski.ba\\\/wp-content\\\/uploads\\\/2021\\\/06\\\/marinko-peric.png\",\"articleSection\":[\"\u0160port\"],\"inLanguage\":\"hr\"},{\"@type\":\"WebPage\",\"@id\":\"https:\\\/\\\/radioljubuski.ba\\\/index.php\\\/2021\\\/06\\\/03\\\/predsjednik-hrvatskog-dragovoljca-moj-cilj-je-5-mjesto\\\/\",\"url\":\"https:\\\/\\\/radioljubuski.ba\\\/index.php\\\/2021\\\/06\\\/03\\\/predsjednik-hrvatskog-dragovoljca-moj-cilj-je-5-mjesto\\\/\",\"name\":\"Predsjednik Hrvatskog Dragovoljca: Moj cilj je 5. mjesto - RADIO LJUBU\u0160KI\",\"isPartOf\":{\"@id\":\"https:\\\/\\\/radioljubuski.ba\\\/#website\"},\"primaryImageOfPage\":{\"@id\":\"https:\\\/\\\/radioljubuski.ba\\\/index.php\\\/2021\\\/06\\\/03\\\/predsjednik-hrvatskog-dragovoljca-moj-cilj-je-5-mjesto\\\/#primaryimage\"},\"image\":{\"@id\":\"https:\\\/\\\/radioljubuski.ba\\\/index.php\\\/2021\\\/06\\\/03\\\/predsjednik-hrvatskog-dragovoljca-moj-cilj-je-5-mjesto\\\/#primaryimage\"},\"thumbnailUrl\":\"https:\\\/\\\/radioljubuski.ba\\\/wp-content\\\/uploads\\\/2021\\\/06\\\/marinko-peric.png\",\"datePublished\":\"2021-06-03T22:17:50+00:00\",\"dateModified\":\"2021-06-03T22:17:52+00:00\",\"breadcrumb\":{\"@id\":\"https:\\\/\\\/radioljubuski.ba\\\/index.php\\\/2021\\\/06\\\/03\\\/predsjednik-hrvatskog-dragovoljca-moj-cilj-je-5-mjesto\\\/#breadcrumb\"},\"inLanguage\":\"hr\",\"potentialAction\":[{\"@type\":\"ReadAction\",\"target\":[\"https:\\\/\\\/radioljubuski.ba\\\/index.php\\\/2021\\\/06\\\/03\\\/predsjednik-hrvatskog-dragovoljca-moj-cilj-je-5-mjesto\\\/\"]}]},{\"@type\":\"ImageObject\",\"inLanguage\":\"hr\",\"@id\":\"https:\\\/\\\/radioljubuski.ba\\\/index.php\\\/2021\\\/06\\\/03\\\/predsjednik-hrvatskog-dragovoljca-moj-cilj-je-5-mjesto\\\/#primaryimage\",\"url\":\"https:\\\/\\\/radioljubuski.ba\\\/wp-content\\\/uploads\\\/2021\\\/06\\\/marinko-peric.png\",\"contentUrl\":\"https:\\\/\\\/radioljubuski.ba\\\/wp-content\\\/uploads\\\/2021\\\/06\\\/marinko-peric.png\",\"width\":618,\"height\":336},{\"@type\":\"BreadcrumbList\",\"@id\":\"https:\\\/\\\/radioljubuski.ba\\\/index.php\\\/2021\\\/06\\\/03\\\/predsjednik-hrvatskog-dragovoljca-moj-cilj-je-5-mjesto\\\/#breadcrumb\",\"itemListElement\":[{\"@type\":\"ListItem\",\"position\":1,\"name\":\"Po\u010detna stranica\",\"item\":\"https:\\\/\\\/radioljubuski.ba\\\/\"},{\"@type\":\"ListItem\",\"position\":2,\"name\":\"Predsjednik Hrvatskog Dragovoljca: Moj cilj je 5. mjesto\"}]},{\"@type\":\"WebSite\",\"@id\":\"https:\\\/\\\/radioljubuski.ba\\\/#website\",\"url\":\"https:\\\/\\\/radioljubuski.ba\\\/\",\"name\":\"Radio Ljubu\u0161ki\",\"description\":\"Sun\u010dana frekvencija Hercegovine\",\"publisher\":{\"@id\":\"https:\\\/\\\/radioljubuski.ba\\\/#organization\"},\"potentialAction\":[{\"@type\":\"SearchAction\",\"target\":{\"@type\":\"EntryPoint\",\"urlTemplate\":\"https:\\\/\\\/radioljubuski.ba\\\/?s={search_term_string}\"},\"query-input\":{\"@type\":\"PropertyValueSpecification\",\"valueRequired\":true,\"valueName\":\"search_term_string\"}}],\"inLanguage\":\"hr\"},{\"@type\":\"Organization\",\"@id\":\"https:\\\/\\\/radioljubuski.ba\\\/#organization\",\"name\":\"Radio Ljubu\u0161ki\",\"url\":\"https:\\\/\\\/radioljubuski.ba\\\/\",\"logo\":{\"@type\":\"ImageObject\",\"inLanguage\":\"hr\",\"@id\":\"https:\\\/\\\/radioljubuski.ba\\\/#\\\/schema\\\/logo\\\/image\\\/\",\"url\":\"https:\\\/\\\/radioljubuski.ba\\\/wp-content\\\/uploads\\\/2021\\\/02\\\/cropped-Radio_Ljubuski_logo1.jpg\",\"contentUrl\":\"https:\\\/\\\/radioljubuski.ba\\\/wp-content\\\/uploads\\\/2021\\\/02\\\/cropped-Radio_Ljubuski_logo1.jpg\",\"width\":512,\"height\":512,\"caption\":\"Radio Ljubu\u0161ki\"},\"image\":{\"@id\":\"https:\\\/\\\/radioljubuski.ba\\\/#\\\/schema\\\/logo\\\/image\\\/\"},\"sameAs\":[\"https:\\\/\\\/www.facebook.com\\\/Radiio-Ljubuski-1490835324566332\",\"https:\\\/\\\/x.com\\\/radioljubuski\",\"https:\\\/\\\/hr.linkedin.com\\\/company\\\/radio-ljubuski\",\"https:\\\/\\\/www.youtube.com\\\/channel\\\/UCHYaeO_n0Db3tjNGudGpXyw\"]},{\"@type\":\"Person\",\"@id\":\"https:\\\/\\\/radioljubuski.ba\\\/#\\\/schema\\\/person\\\/19fc700381a780f69665d7956c469e3b\",\"name\":\"Radio Ljubu\u0161ki\"}]}<\/script>\n<!-- \/ Yoast SEO plugin. -->","yoast_head_json":{"title":"Predsjednik Hrvatskog Dragovoljca: Moj cilj je 5. mjesto - RADIO LJUBU\u0160KI","robots":{"index":"index","follow":"follow","max-snippet":"max-snippet:-1","max-image-preview":"max-image-preview:large","max-video-preview":"max-video-preview:-1"},"canonical":"https:\/\/radioljubuski.ba\/index.php\/2021\/06\/03\/predsjednik-hrvatskog-dragovoljca-moj-cilj-je-5-mjesto\/","og_locale":"hr_HR","og_type":"article","og_title":"Predsjednik Hrvatskog Dragovoljca: Moj cilj je 5. mjesto - RADIO LJUBU\u0160KI","og_description":"Nakon dugih sedam nogometnih sezona u drugoj ligi u elitni razred HNL-a dakle prvu ligu vratio se &#8220;Hrvatski Dragovoljac&#8221;. Kolo prije kraja ve\u0107 su osigurali naslov pobjedom nad Orijentom. Ipak zna\u010dajnije od samog rezultata je doslovno sportsko, ali financijsko \u010dudo, naime &#8220;kultni&#8221; klub iz Zagreba\u010dkog Sigeta prije dvije godine je bio pred ga\u0161enjem. &#8211; Bez [&hellip;]","og_url":"https:\/\/radioljubuski.ba\/index.php\/2021\/06\/03\/predsjednik-hrvatskog-dragovoljca-moj-cilj-je-5-mjesto\/","og_site_name":"RADIO LJUBU\u0160KI","article_publisher":"https:\/\/www.facebook.com\/Radiio-Ljubuski-1490835324566332","article_published_time":"2021-06-03T22:17:50+00:00","article_modified_time":"2021-06-03T22:17:52+00:00","og_image":[{"width":618,"height":336,"url":"https:\/\/radioljubuski.ba\/wp-content\/uploads\/2021\/06\/marinko-peric.png","type":"image\/png"}],"author":"Radio Ljubu\u0161ki","twitter_card":"summary_large_image","twitter_creator":"@radioljubuski","twitter_site":"@radioljubuski","twitter_misc":{"Napisao\/la":"Radio Ljubu\u0161ki","Procijenjeno vrijeme \u010ditanja":"2 minute"},"schema":{"@context":"https:\/\/schema.org","@graph":[{"@type":"Article","@id":"https:\/\/radioljubuski.ba\/index.php\/2021\/06\/03\/predsjednik-hrvatskog-dragovoljca-moj-cilj-je-5-mjesto\/#article","isPartOf":{"@id":"https:\/\/radioljubuski.ba\/index.php\/2021\/06\/03\/predsjednik-hrvatskog-dragovoljca-moj-cilj-je-5-mjesto\/"},"author":{"name":"Radio Ljubu\u0161ki","@id":"https:\/\/radioljubuski.ba\/#\/schema\/person\/19fc700381a780f69665d7956c469e3b"},"headline":"Predsjednik Hrvatskog Dragovoljca: Moj cilj je 5. mjesto","datePublished":"2021-06-03T22:17:50+00:00","dateModified":"2021-06-03T22:17:52+00:00","mainEntityOfPage":{"@id":"https:\/\/radioljubuski.ba\/index.php\/2021\/06\/03\/predsjednik-hrvatskog-dragovoljca-moj-cilj-je-5-mjesto\/"},"wordCount":498,"publisher":{"@id":"https:\/\/radioljubuski.ba\/#organization"},"image":{"@id":"https:\/\/radioljubuski.ba\/index.php\/2021\/06\/03\/predsjednik-hrvatskog-dragovoljca-moj-cilj-je-5-mjesto\/#primaryimage"},"thumbnailUrl":"https:\/\/radioljubuski.ba\/wp-content\/uploads\/2021\/06\/marinko-peric.png","articleSection":["\u0160port"],"inLanguage":"hr"},{"@type":"WebPage","@id":"https:\/\/radioljubuski.ba\/index.php\/2021\/06\/03\/predsjednik-hrvatskog-dragovoljca-moj-cilj-je-5-mjesto\/","url":"https:\/\/radioljubuski.ba\/index.php\/2021\/06\/03\/predsjednik-hrvatskog-dragovoljca-moj-cilj-je-5-mjesto\/","name":"Predsjednik Hrvatskog Dragovoljca: Moj cilj je 5. mjesto - RADIO LJUBU\u0160KI","isPartOf":{"@id":"https:\/\/radioljubuski.ba\/#website"},"primaryImageOfPage":{"@id":"https:\/\/radioljubuski.ba\/index.php\/2021\/06\/03\/predsjednik-hrvatskog-dragovoljca-moj-cilj-je-5-mjesto\/#primaryimage"},"image":{"@id":"https:\/\/radioljubuski.ba\/index.php\/2021\/06\/03\/predsjednik-hrvatskog-dragovoljca-moj-cilj-je-5-mjesto\/#primaryimage"},"thumbnailUrl":"https:\/\/radioljubuski.ba\/wp-content\/uploads\/2021\/06\/marinko-peric.png","datePublished":"2021-06-03T22:17:50+00:00","dateModified":"2021-06-03T22:17:52+00:00","breadcrumb":{"@id":"https:\/\/radioljubuski.ba\/index.php\/2021\/06\/03\/predsjednik-hrvatskog-dragovoljca-moj-cilj-je-5-mjesto\/#breadcrumb"},"inLanguage":"hr","potentialAction":[{"@type":"ReadAction","target":["https:\/\/radioljubuski.ba\/index.php\/2021\/06\/03\/predsjednik-hrvatskog-dragovoljca-moj-cilj-je-5-mjesto\/"]}]},{"@type":"ImageObject","inLanguage":"hr","@id":"https:\/\/radioljubuski.ba\/index.php\/2021\/06\/03\/predsjednik-hrvatskog-dragovoljca-moj-cilj-je-5-mjesto\/#primaryimage","url":"https:\/\/radioljubuski.ba\/wp-content\/uploads\/2021\/06\/marinko-peric.png","contentUrl":"https:\/\/radioljubuski.ba\/wp-content\/uploads\/2021\/06\/marinko-peric.png","width":618,"height":336},{"@type":"BreadcrumbList","@id":"https:\/\/radioljubuski.ba\/index.php\/2021\/06\/03\/predsjednik-hrvatskog-dragovoljca-moj-cilj-je-5-mjesto\/#breadcrumb","itemListElement":[{"@type":"ListItem","position":1,"name":"Po\u010detna stranica","item":"https:\/\/radioljubuski.ba\/"},{"@type":"ListItem","position":2,"name":"Predsjednik Hrvatskog Dragovoljca: Moj cilj je 5. mjesto"}]},{"@type":"WebSite","@id":"https:\/\/radioljubuski.ba\/#website","url":"https:\/\/radioljubuski.ba\/","name":"Radio Ljubu\u0161ki","description":"Sun\u010dana frekvencija Hercegovine","publisher":{"@id":"https:\/\/radioljubuski.ba\/#organization"},"potentialAction":[{"@type":"SearchAction","target":{"@type":"EntryPoint","urlTemplate":"https:\/\/radioljubuski.ba\/?s={search_term_string}"},"query-input":{"@type":"PropertyValueSpecification","valueRequired":true,"valueName":"search_term_string"}}],"inLanguage":"hr"},{"@type":"Organization","@id":"https:\/\/radioljubuski.ba\/#organization","name":"Radio Ljubu\u0161ki","url":"https:\/\/radioljubuski.ba\/","logo":{"@type":"ImageObject","inLanguage":"hr","@id":"https:\/\/radioljubuski.ba\/#\/schema\/logo\/image\/","url":"https:\/\/radioljubuski.ba\/wp-content\/uploads\/2021\/02\/cropped-Radio_Ljubuski_logo1.jpg","contentUrl":"https:\/\/radioljubuski.ba\/wp-content\/uploads\/2021\/02\/cropped-Radio_Ljubuski_logo1.jpg","width":512,"height":512,"caption":"Radio Ljubu\u0161ki"},"image":{"@id":"https:\/\/radioljubuski.ba\/#\/schema\/logo\/image\/"},"sameAs":["https:\/\/www.facebook.com\/Radiio-Ljubuski-1490835324566332","https:\/\/x.com\/radioljubuski","https:\/\/hr.linkedin.com\/company\/radio-ljubuski","https:\/\/www.youtube.com\/channel\/UCHYaeO_n0Db3tjNGudGpXyw"]},{"@type":"Person","@id":"https:\/\/radioljubuski.ba\/#\/schema\/person\/19fc700381a780f69665d7956c469e3b","name":"Radio Ljubu\u0161ki"}]}},"_links":{"self":[{"href":"https:\/\/radioljubuski.ba\/index.php\/wp-json\/wp\/v2\/posts\/28211","targetHints":{"allow":["GET"]}}],"collection":[{"href":"https:\/\/radioljubuski.ba\/index.php\/wp-json\/wp\/v2\/posts"}],"about":[{"href":"https:\/\/radioljubuski.ba\/index.php\/wp-json\/wp\/v2\/types\/post"}],"author":[{"embeddable":true,"href":"https:\/\/radioljubuski.ba\/index.php\/wp-json\/wp\/v2\/users\/2"}],"replies":[{"embeddable":true,"href":"https:\/\/radioljubuski.ba\/index.php\/wp-json\/wp\/v2\/comments?post=28211"}],"version-history":[{"count":1,"href":"https:\/\/radioljubuski.ba\/index.php\/wp-json\/wp\/v2\/posts\/28211\/revisions"}],"predecessor-version":[{"id":28213,"href":"https:\/\/radioljubuski.ba\/index.php\/wp-json\/wp\/v2\/posts\/28211\/revisions\/28213"}],"wp:featuredmedia":[{"embeddable":true,"href":"https:\/\/radioljubuski.ba\/index.php\/wp-json\/wp\/v2\/media\/28212"}],"wp:attachment":[{"href":"https:\/\/radioljubuski.ba\/index.php\/wp-json\/wp\/v2\/media?parent=28211"}],"wp:term":[{"taxonomy":"category","embeddable":true,"href":"https:\/\/radioljubuski.ba\/index.php\/wp-json\/wp\/v2\/categories?post=28211"},{"taxonomy":"post_tag","embeddable":true,"href":"https:\/\/radioljubuski.ba\/index.php\/wp-json\/wp\/v2\/tags?post=28211"}],"curies":[{"name":"wp","href":"https:\/\/api.w.org\/{rel}","templated":true}]}}