{"id":28238,"date":"2021-06-03T23:36:47","date_gmt":"2021-06-03T22:36:47","guid":{"rendered":"https:\/\/radioljubuski.ba\/?p=28238"},"modified":"2021-06-03T23:36:48","modified_gmt":"2021-06-03T22:36:48","slug":"federer-marin-je-htio-ici-brze-ali-nisam-to-shvatio","status":"publish","type":"post","link":"https:\/\/radioljubuski.ba\/index.php\/2021\/06\/03\/federer-marin-je-htio-ici-brze-ali-nisam-to-shvatio\/","title":{"rendered":"Federer: Marin je htio i\u0107i br\u017ee, ali nisam to shvatio"},"content":{"rendered":"\n<p><strong>\u0160vicarski tenisa\u010d Roger Federer plasirao se u drugo kolo Roland Garrosa pobjedom protiv Marina \u010cili\u0107a. \u0160vicarac je slavio u \u010detiri seta, a nakon dvoboja objasnio je situaciju iz drugog kad je dobio opomenu i krenuo u diskusiju sa sucem.<\/strong><\/p>\n\n\n\n<p>&#8211; Nisam odmah shvatio \u0161to se doga\u0111a. Htio sam razumjeti i razgovarati sa sucem. Tada sam shvatio za\u0161to sam imao upozorenje, ali nisam odugovla\u010dio i &#8220;tjerao&#8221; ga da \u010deka. Kad sam sjeo shvatio sam da je Marin jednom i\u0161ao servirati kad ja nisam bio na poziciji, ali mislio sam da priprema servis, no tad sam shvatio da je bio malo uzrujan zbog mene, rekao je Federer pa dodatno objasnio.<br><br>&#8211; Nisam osjetio da sam bio posebno spor. Marin je htio i\u0107i br\u017ee, ali nisam to shvatio. No, kad spusti svoju nogu i bude spreman za servis, jo\u0161 deset puta udara lopticu u pod. Mislio sam si da on mo\u017ee po\u010deti sa svojom rutinom, ali ja \u0107u biti spreman kad \u0107e servirati.<\/p>\n\n\n\n<blockquote class=\"twitter-tweet\"><p lang=\"en\" dir=\"ltr\">Roger Federer regarding the warning: \u00abI didn\u2019t understand what was going on. I didn\u2019t feel like I was playing particularly slow. Marin wanted to go faster but I didn\u2019t realise that. Then again, when he stands there, he still has ten bounces to go.\u00bb <a href=\"https:\/\/twitter.com\/hashtag\/Federer?src=hash&amp;ref_src=twsrc%5Etfw\">#Federer<\/a> <a href=\"https:\/\/twitter.com\/hashtag\/RolandGarros?src=hash&amp;ref_src=twsrc%5Etfw\">#RolandGarros<\/a> <a href=\"https:\/\/t.co\/YTHD5KHGho\">pic.twitter.com\/YTHD5KHGho<\/a><\/p>&mdash; Simon H\u00e4ring (@_shaering) <a href=\"https:\/\/twitter.com\/_shaering\/status\/1400515245894946818?ref_src=twsrc%5Etfw\">June 3, 2021<\/a><\/blockquote> <script async src=\"https:\/\/platform.twitter.com\/widgets.js\" charset=\"utf-8\"><\/script>\n\n\n\n<p>Federer \u0107e u sljede\u0107em kolu igrati protiv&nbsp;<strong>Dominika Koepfera<\/strong>, 59. tenisa\u010da svijeta.<br><br>&#8211; Dobro je \u0161to sam uspje\u0161no zavr\u0161io ovaj me\u010d, dobio sam puno samopouzdanja i uspio sam di\u0107i svoju igru kad je bilo potrebno. \u010cetvrti set je bio sjajan, zaklju\u010dio je \u0161vicarski tenisa\u010d.<\/p>\n\n\n\n<p>Izvor:hrt.hr<\/p>\n","protected":false},"excerpt":{"rendered":"<p>\u0160vicarski tenisa\u010d Roger Federer plasirao se u drugo kolo Roland Garrosa pobjedom protiv Marina \u010cili\u0107a. \u0160vicarac je slavio u \u010detiri seta, a nakon dvoboja objasnio je situaciju iz drugog kad je dobio opomenu i krenuo u diskusiju sa sucem. &#8211; Nisam odmah shvatio \u0161to se doga\u0111a. Htio sam razumjeti i razgovarati sa sucem. Tada sam [&hellip;]<\/p>\n","protected":false},"author":2,"featured_media":0,"comment_status":"closed","ping_status":"closed","sticky":false,"template":"","format":"standard","meta":{"h5ap_radio_sources":[],"footnotes":""},"categories":[7],"tags":[],"class_list":["post-28238","post","type-post","status-publish","format-standard","hentry","category-sport"],"yoast_head":"<!-- This site is optimized with the Yoast SEO plugin v27.5 - https:\/\/yoast.com\/product\/yoast-seo-wordpress\/ -->\n<title>Federer: Marin je htio i\u0107i br\u017ee, ali nisam to shvatio - RADIO LJUBU\u0160KI<\/title>\n<meta name=\"robots\" content=\"index, follow, max-snippet:-1, max-image-preview:large, max-video-preview:-1\" \/>\n<link rel=\"canonical\" href=\"https:\/\/radioljubuski.ba\/index.php\/2021\/06\/03\/federer-marin-je-htio-ici-brze-ali-nisam-to-shvatio\/\" \/>\n<meta property=\"og:locale\" content=\"hr_HR\" \/>\n<meta property=\"og:type\" content=\"article\" \/>\n<meta property=\"og:title\" content=\"Federer: Marin je htio i\u0107i br\u017ee, ali nisam to shvatio - RADIO LJUBU\u0160KI\" \/>\n<meta property=\"og:description\" content=\"\u0160vicarski tenisa\u010d Roger Federer plasirao se u drugo kolo Roland Garrosa pobjedom protiv Marina \u010cili\u0107a. \u0160vicarac je slavio u \u010detiri seta, a nakon dvoboja objasnio je situaciju iz drugog kad je dobio opomenu i krenuo u diskusiju sa sucem. &#8211; Nisam odmah shvatio \u0161to se doga\u0111a. Htio sam razumjeti i razgovarati sa sucem. Tada sam [&hellip;]\" \/>\n<meta property=\"og:url\" content=\"https:\/\/radioljubuski.ba\/index.php\/2021\/06\/03\/federer-marin-je-htio-ici-brze-ali-nisam-to-shvatio\/\" \/>\n<meta property=\"og:site_name\" content=\"RADIO LJUBU\u0160KI\" \/>\n<meta property=\"article:publisher\" content=\"https:\/\/www.facebook.com\/Radiio-Ljubuski-1490835324566332\" \/>\n<meta property=\"article:published_time\" content=\"2021-06-03T22:36:47+00:00\" \/>\n<meta property=\"article:modified_time\" content=\"2021-06-03T22:36:48+00:00\" \/>\n<meta property=\"og:image\" content=\"https:\/\/radioljubuski.ba\/wp-content\/uploads\/2021\/06\/2021-06-03t164831z-1292245072-up1eh631aou7d-rtrmadp-3-tennis-frenchopen-20210603193842-scaled.jpg\" \/>\n\t<meta property=\"og:image:width\" content=\"2560\" \/>\n\t<meta property=\"og:image:height\" content=\"1780\" \/>\n\t<meta property=\"og:image:type\" content=\"image\/jpeg\" \/>\n<meta name=\"author\" content=\"Radio Ljubu\u0161ki\" \/>\n<meta name=\"twitter:card\" content=\"summary_large_image\" \/>\n<meta name=\"twitter:creator\" content=\"@radioljubuski\" \/>\n<meta name=\"twitter:site\" content=\"@radioljubuski\" \/>\n<meta name=\"twitter:label1\" content=\"Napisao\/la\" \/>\n\t<meta name=\"twitter:data1\" content=\"Radio Ljubu\u0161ki\" \/>\n\t<meta name=\"twitter:label2\" content=\"Procijenjeno vrijeme \u010ditanja\" \/>\n\t<meta name=\"twitter:data2\" content=\"2 minute\" \/>\n<script type=\"application\/ld+json\" class=\"yoast-schema-graph\">{\"@context\":\"https:\\\/\\\/schema.org\",\"@graph\":[{\"@type\":\"Article\",\"@id\":\"https:\\\/\\\/radioljubuski.ba\\\/index.php\\\/2021\\\/06\\\/03\\\/federer-marin-je-htio-ici-brze-ali-nisam-to-shvatio\\\/#article\",\"isPartOf\":{\"@id\":\"https:\\\/\\\/radioljubuski.ba\\\/index.php\\\/2021\\\/06\\\/03\\\/federer-marin-je-htio-ici-brze-ali-nisam-to-shvatio\\\/\"},\"author\":{\"name\":\"Radio Ljubu\u0161ki\",\"@id\":\"https:\\\/\\\/radioljubuski.ba\\\/#\\\/schema\\\/person\\\/19fc700381a780f69665d7956c469e3b\"},\"headline\":\"Federer: Marin je htio i\u0107i br\u017ee, ali nisam to shvatio\",\"datePublished\":\"2021-06-03T22:36:47+00:00\",\"dateModified\":\"2021-06-03T22:36:48+00:00\",\"mainEntityOfPage\":{\"@id\":\"https:\\\/\\\/radioljubuski.ba\\\/index.php\\\/2021\\\/06\\\/03\\\/federer-marin-je-htio-ici-brze-ali-nisam-to-shvatio\\\/\"},\"wordCount\":294,\"publisher\":{\"@id\":\"https:\\\/\\\/radioljubuski.ba\\\/#organization\"},\"articleSection\":[\"\u0160port\"],\"inLanguage\":\"hr\"},{\"@type\":\"WebPage\",\"@id\":\"https:\\\/\\\/radioljubuski.ba\\\/index.php\\\/2021\\\/06\\\/03\\\/federer-marin-je-htio-ici-brze-ali-nisam-to-shvatio\\\/\",\"url\":\"https:\\\/\\\/radioljubuski.ba\\\/index.php\\\/2021\\\/06\\\/03\\\/federer-marin-je-htio-ici-brze-ali-nisam-to-shvatio\\\/\",\"name\":\"Federer: Marin je htio i\u0107i br\u017ee, ali nisam to shvatio - RADIO LJUBU\u0160KI\",\"isPartOf\":{\"@id\":\"https:\\\/\\\/radioljubuski.ba\\\/#website\"},\"datePublished\":\"2021-06-03T22:36:47+00:00\",\"dateModified\":\"2021-06-03T22:36:48+00:00\",\"breadcrumb\":{\"@id\":\"https:\\\/\\\/radioljubuski.ba\\\/index.php\\\/2021\\\/06\\\/03\\\/federer-marin-je-htio-ici-brze-ali-nisam-to-shvatio\\\/#breadcrumb\"},\"inLanguage\":\"hr\",\"potentialAction\":[{\"@type\":\"ReadAction\",\"target\":[\"https:\\\/\\\/radioljubuski.ba\\\/index.php\\\/2021\\\/06\\\/03\\\/federer-marin-je-htio-ici-brze-ali-nisam-to-shvatio\\\/\"]}]},{\"@type\":\"BreadcrumbList\",\"@id\":\"https:\\\/\\\/radioljubuski.ba\\\/index.php\\\/2021\\\/06\\\/03\\\/federer-marin-je-htio-ici-brze-ali-nisam-to-shvatio\\\/#breadcrumb\",\"itemListElement\":[{\"@type\":\"ListItem\",\"position\":1,\"name\":\"Po\u010detna stranica\",\"item\":\"https:\\\/\\\/radioljubuski.ba\\\/\"},{\"@type\":\"ListItem\",\"position\":2,\"name\":\"Federer: Marin je htio i\u0107i br\u017ee, ali nisam to shvatio\"}]},{\"@type\":\"WebSite\",\"@id\":\"https:\\\/\\\/radioljubuski.ba\\\/#website\",\"url\":\"https:\\\/\\\/radioljubuski.ba\\\/\",\"name\":\"Radio Ljubu\u0161ki\",\"description\":\"Sun\u010dana frekvencija Hercegovine\",\"publisher\":{\"@id\":\"https:\\\/\\\/radioljubuski.ba\\\/#organization\"},\"potentialAction\":[{\"@type\":\"SearchAction\",\"target\":{\"@type\":\"EntryPoint\",\"urlTemplate\":\"https:\\\/\\\/radioljubuski.ba\\\/?s={search_term_string}\"},\"query-input\":{\"@type\":\"PropertyValueSpecification\",\"valueRequired\":true,\"valueName\":\"search_term_string\"}}],\"inLanguage\":\"hr\"},{\"@type\":\"Organization\",\"@id\":\"https:\\\/\\\/radioljubuski.ba\\\/#organization\",\"name\":\"Radio Ljubu\u0161ki\",\"url\":\"https:\\\/\\\/radioljubuski.ba\\\/\",\"logo\":{\"@type\":\"ImageObject\",\"inLanguage\":\"hr\",\"@id\":\"https:\\\/\\\/radioljubuski.ba\\\/#\\\/schema\\\/logo\\\/image\\\/\",\"url\":\"https:\\\/\\\/radioljubuski.ba\\\/wp-content\\\/uploads\\\/2021\\\/02\\\/cropped-Radio_Ljubuski_logo1.jpg\",\"contentUrl\":\"https:\\\/\\\/radioljubuski.ba\\\/wp-content\\\/uploads\\\/2021\\\/02\\\/cropped-Radio_Ljubuski_logo1.jpg\",\"width\":512,\"height\":512,\"caption\":\"Radio Ljubu\u0161ki\"},\"image\":{\"@id\":\"https:\\\/\\\/radioljubuski.ba\\\/#\\\/schema\\\/logo\\\/image\\\/\"},\"sameAs\":[\"https:\\\/\\\/www.facebook.com\\\/Radiio-Ljubuski-1490835324566332\",\"https:\\\/\\\/x.com\\\/radioljubuski\",\"https:\\\/\\\/hr.linkedin.com\\\/company\\\/radio-ljubuski\",\"https:\\\/\\\/www.youtube.com\\\/channel\\\/UCHYaeO_n0Db3tjNGudGpXyw\"]},{\"@type\":\"Person\",\"@id\":\"https:\\\/\\\/radioljubuski.ba\\\/#\\\/schema\\\/person\\\/19fc700381a780f69665d7956c469e3b\",\"name\":\"Radio Ljubu\u0161ki\"}]}<\/script>\n<!-- \/ Yoast SEO plugin. -->","yoast_head_json":{"title":"Federer: Marin je htio i\u0107i br\u017ee, ali nisam to shvatio - RADIO LJUBU\u0160KI","robots":{"index":"index","follow":"follow","max-snippet":"max-snippet:-1","max-image-preview":"max-image-preview:large","max-video-preview":"max-video-preview:-1"},"canonical":"https:\/\/radioljubuski.ba\/index.php\/2021\/06\/03\/federer-marin-je-htio-ici-brze-ali-nisam-to-shvatio\/","og_locale":"hr_HR","og_type":"article","og_title":"Federer: Marin je htio i\u0107i br\u017ee, ali nisam to shvatio - RADIO LJUBU\u0160KI","og_description":"\u0160vicarski tenisa\u010d Roger Federer plasirao se u drugo kolo Roland Garrosa pobjedom protiv Marina \u010cili\u0107a. \u0160vicarac je slavio u \u010detiri seta, a nakon dvoboja objasnio je situaciju iz drugog kad je dobio opomenu i krenuo u diskusiju sa sucem. &#8211; Nisam odmah shvatio \u0161to se doga\u0111a. Htio sam razumjeti i razgovarati sa sucem. Tada sam [&hellip;]","og_url":"https:\/\/radioljubuski.ba\/index.php\/2021\/06\/03\/federer-marin-je-htio-ici-brze-ali-nisam-to-shvatio\/","og_site_name":"RADIO LJUBU\u0160KI","article_publisher":"https:\/\/www.facebook.com\/Radiio-Ljubuski-1490835324566332","article_published_time":"2021-06-03T22:36:47+00:00","article_modified_time":"2021-06-03T22:36:48+00:00","og_image":[{"width":2560,"height":1780,"url":"https:\/\/radioljubuski.ba\/wp-content\/uploads\/2021\/06\/2021-06-03t164831z-1292245072-up1eh631aou7d-rtrmadp-3-tennis-frenchopen-20210603193842-scaled.jpg","type":"image\/jpeg"}],"author":"Radio Ljubu\u0161ki","twitter_card":"summary_large_image","twitter_creator":"@radioljubuski","twitter_site":"@radioljubuski","twitter_misc":{"Napisao\/la":"Radio Ljubu\u0161ki","Procijenjeno vrijeme \u010ditanja":"2 minute"},"schema":{"@context":"https:\/\/schema.org","@graph":[{"@type":"Article","@id":"https:\/\/radioljubuski.ba\/index.php\/2021\/06\/03\/federer-marin-je-htio-ici-brze-ali-nisam-to-shvatio\/#article","isPartOf":{"@id":"https:\/\/radioljubuski.ba\/index.php\/2021\/06\/03\/federer-marin-je-htio-ici-brze-ali-nisam-to-shvatio\/"},"author":{"name":"Radio Ljubu\u0161ki","@id":"https:\/\/radioljubuski.ba\/#\/schema\/person\/19fc700381a780f69665d7956c469e3b"},"headline":"Federer: Marin je htio i\u0107i br\u017ee, ali nisam to shvatio","datePublished":"2021-06-03T22:36:47+00:00","dateModified":"2021-06-03T22:36:48+00:00","mainEntityOfPage":{"@id":"https:\/\/radioljubuski.ba\/index.php\/2021\/06\/03\/federer-marin-je-htio-ici-brze-ali-nisam-to-shvatio\/"},"wordCount":294,"publisher":{"@id":"https:\/\/radioljubuski.ba\/#organization"},"articleSection":["\u0160port"],"inLanguage":"hr"},{"@type":"WebPage","@id":"https:\/\/radioljubuski.ba\/index.php\/2021\/06\/03\/federer-marin-je-htio-ici-brze-ali-nisam-to-shvatio\/","url":"https:\/\/radioljubuski.ba\/index.php\/2021\/06\/03\/federer-marin-je-htio-ici-brze-ali-nisam-to-shvatio\/","name":"Federer: Marin je htio i\u0107i br\u017ee, ali nisam to shvatio - RADIO LJUBU\u0160KI","isPartOf":{"@id":"https:\/\/radioljubuski.ba\/#website"},"datePublished":"2021-06-03T22:36:47+00:00","dateModified":"2021-06-03T22:36:48+00:00","breadcrumb":{"@id":"https:\/\/radioljubuski.ba\/index.php\/2021\/06\/03\/federer-marin-je-htio-ici-brze-ali-nisam-to-shvatio\/#breadcrumb"},"inLanguage":"hr","potentialAction":[{"@type":"ReadAction","target":["https:\/\/radioljubuski.ba\/index.php\/2021\/06\/03\/federer-marin-je-htio-ici-brze-ali-nisam-to-shvatio\/"]}]},{"@type":"BreadcrumbList","@id":"https:\/\/radioljubuski.ba\/index.php\/2021\/06\/03\/federer-marin-je-htio-ici-brze-ali-nisam-to-shvatio\/#breadcrumb","itemListElement":[{"@type":"ListItem","position":1,"name":"Po\u010detna stranica","item":"https:\/\/radioljubuski.ba\/"},{"@type":"ListItem","position":2,"name":"Federer: Marin je htio i\u0107i br\u017ee, ali nisam to shvatio"}]},{"@type":"WebSite","@id":"https:\/\/radioljubuski.ba\/#website","url":"https:\/\/radioljubuski.ba\/","name":"Radio Ljubu\u0161ki","description":"Sun\u010dana frekvencija Hercegovine","publisher":{"@id":"https:\/\/radioljubuski.ba\/#organization"},"potentialAction":[{"@type":"SearchAction","target":{"@type":"EntryPoint","urlTemplate":"https:\/\/radioljubuski.ba\/?s={search_term_string}"},"query-input":{"@type":"PropertyValueSpecification","valueRequired":true,"valueName":"search_term_string"}}],"inLanguage":"hr"},{"@type":"Organization","@id":"https:\/\/radioljubuski.ba\/#organization","name":"Radio Ljubu\u0161ki","url":"https:\/\/radioljubuski.ba\/","logo":{"@type":"ImageObject","inLanguage":"hr","@id":"https:\/\/radioljubuski.ba\/#\/schema\/logo\/image\/","url":"https:\/\/radioljubuski.ba\/wp-content\/uploads\/2021\/02\/cropped-Radio_Ljubuski_logo1.jpg","contentUrl":"https:\/\/radioljubuski.ba\/wp-content\/uploads\/2021\/02\/cropped-Radio_Ljubuski_logo1.jpg","width":512,"height":512,"caption":"Radio Ljubu\u0161ki"},"image":{"@id":"https:\/\/radioljubuski.ba\/#\/schema\/logo\/image\/"},"sameAs":["https:\/\/www.facebook.com\/Radiio-Ljubuski-1490835324566332","https:\/\/x.com\/radioljubuski","https:\/\/hr.linkedin.com\/company\/radio-ljubuski","https:\/\/www.youtube.com\/channel\/UCHYaeO_n0Db3tjNGudGpXyw"]},{"@type":"Person","@id":"https:\/\/radioljubuski.ba\/#\/schema\/person\/19fc700381a780f69665d7956c469e3b","name":"Radio Ljubu\u0161ki"}]}},"_links":{"self":[{"href":"https:\/\/radioljubuski.ba\/index.php\/wp-json\/wp\/v2\/posts\/28238","targetHints":{"allow":["GET"]}}],"collection":[{"href":"https:\/\/radioljubuski.ba\/index.php\/wp-json\/wp\/v2\/posts"}],"about":[{"href":"https:\/\/radioljubuski.ba\/index.php\/wp-json\/wp\/v2\/types\/post"}],"author":[{"embeddable":true,"href":"https:\/\/radioljubuski.ba\/index.php\/wp-json\/wp\/v2\/users\/2"}],"replies":[{"embeddable":true,"href":"https:\/\/radioljubuski.ba\/index.php\/wp-json\/wp\/v2\/comments?post=28238"}],"version-history":[{"count":1,"href":"https:\/\/radioljubuski.ba\/index.php\/wp-json\/wp\/v2\/posts\/28238\/revisions"}],"predecessor-version":[{"id":28240,"href":"https:\/\/radioljubuski.ba\/index.php\/wp-json\/wp\/v2\/posts\/28238\/revisions\/28240"}],"wp:attachment":[{"href":"https:\/\/radioljubuski.ba\/index.php\/wp-json\/wp\/v2\/media?parent=28238"}],"wp:term":[{"taxonomy":"category","embeddable":true,"href":"https:\/\/radioljubuski.ba\/index.php\/wp-json\/wp\/v2\/categories?post=28238"},{"taxonomy":"post_tag","embeddable":true,"href":"https:\/\/radioljubuski.ba\/index.php\/wp-json\/wp\/v2\/tags?post=28238"}],"curies":[{"name":"wp","href":"https:\/\/api.w.org\/{rel}","templated":true}]}}