{"id":28244,"date":"2021-06-03T23:40:30","date_gmt":"2021-06-03T22:40:30","guid":{"rendered":"https:\/\/radioljubuski.ba\/?p=28244"},"modified":"2021-06-03T23:40:30","modified_gmt":"2021-06-03T22:40:30","slug":"simon-prosao-sam-put-koji-nije-specifican-i-svakidasnji","status":"publish","type":"post","link":"https:\/\/radioljubuski.ba\/index.php\/2021\/06\/03\/simon-prosao-sam-put-koji-nije-specifican-i-svakidasnji\/","title":{"rendered":"Simon: Pro\u0161ao sam put koji nije specifi\u010dan i svakida\u0161nji"},"content":{"rendered":"\n<p><strong>Nakon sedam godina, jedan hrvatski ko\u0161arka\u0161 ponovno je podignuo pehar pobjednika Eurolige. Rije\u010d je o Krunoslavu Simonu koji je s Anadolu Efesom u nedjelju u Koelnu u finalu svladao Barcelonu i osvojio svoj prvi naslov u Euroligi. U razgovoru za HRT, 35-godi\u0161nji reprezentativac govori o povijesnoj sezoni, ali i o nastupu za Hrvatsku na olimpijskim kvalifikacijama u Splitu.<\/strong><\/p>\n\n\n\n<p>&#8211; Od prvog dana ova ekipa stvarno dobro igra. U\u017eivamo igrati zajedno i to se vidjelo i prije ovog Final Foura.\u00a0Ovo je samo potvrda da smo stvarno me\u0111u najboljim ekipama u zadnje tri godine u Europi. Imali smo te\u0161kih trenutaka na Final Fouru, i ta prva utakmica protiv CSKA gdje se oni vra\u0107aju prakti\u010dki iz izgubljene utakmice, imaju \u0161ut da nas izbace van, to je dokaz da stvarno imamo snage pro\u0107i kroz sve te tegobe i zaslu\u017eeno slavimo na kraju, rekao je.<br><br>Do svoje 27. godine Kruno Simon bio je u mati\u010dnom Zagrebu iz kojeg se otisnuo u Malagu, pa zatim nastupao za Lokomotiv Kuban, Milano i od 2017. je u redovima turskog Anadolu Efesa. Na pitanje je li ikada sanjao o tome da \u0107e postati europski prvak rekao je da je uvijek vjerovao u sebe iako je vrlo kasno oti\u0161ao u inozemstvo.<br><br>&#8211; Naravno da uvijek ima\u0161 najvi\u0161e ciljeve u \u017eivotu, pogotovo u sportu. Ja sam uvijek vjerovao u sebe iako sam vrlo kasno oti\u0161ao u inozemstvo. Do te zadnje sezone u Zagrebu bio sam uvjeren da \u0107u jednog dana igrati na najvi\u0161em europskom nivou, i potvrdilo se, na svu sre\u0107u, da sam bio u pravu. Jedan put koji nije specifi\u010dan i koji nije svakida\u0161nji, ali ja sam takav tip. U\u017eivao sam u Zagrebu i nije mi se \u017eurilo, \u010dak i da sam ostao do kraja karijere u Zagrebu ne bi \u017ealio ni za tim. Sve se poslo\u017eilo samo po sebi.<\/p>\n\n\n\n<iframe loading=\"lazy\" src=\"https:\/\/www.facebook.com\/plugins\/video.php?height=476&#038;href=https%3A%2F%2Fwww.facebook.com%2FHRTsport%2Fvideos%2F174514354518429%2F&#038;show_text=false&#038;width=476&#038;t=0\" width=\"476\" height=\"476\" style=\"border:none;overflow:hidden\" scrolling=\"no\" frameborder=\"0\" allowfullscreen=\"true\" allow=\"autoplay; clipboard-write; encrypted-media; picture-in-picture; web-share\" allowFullScreen=\"true\"><\/iframe>\n\n\n\n<p>Anadolu Efes jo\u0161 treba odigrati finalnu seriju turskog prvenstva protiv Fenerbah\u010dea, no na\u0161 reprezentativac to \u0107e propustiti zbog ozljede zadnje lo\u017ee.&nbsp;<br><br>&#8211; Ozljedio sam zadnju lo\u017eu i ne izgleda najbolje. Hematom je prevelik i ne vidi se dobro, ni na magnetu i na uzv, koliko je mi\u0161i\u0107 o\u0161te\u0107en. Optimisti\u010dan i nadam se da \u0107u se oporaviti, ali te\u0161ko mi je davati neke prognoze jer jo\u0161 nisam obavio prave preglede, rekao je Simon.<br><br>Hrvatsku, podsjetimo, u Spaladium Areni \u010dekaju Brazil i Tunis, a zatim prijete Njema\u010dka, Rusija i Meksiko.<br><br>&#8211; Po meni jedan vrlo izjedna\u010den turnir. Mislim da mo\u017eemo apsolutno sa svakim igrati. Igramo doma, u Splitu, nadam se da \u0107e biti i ne\u0161to ljudi na tribinama \u0161to bi nam sigurno olak\u0161alo. Ne treba razmi\u0161ljati o nikome, trebamo razmi\u0161ljati sami o sebi. Sa svima njima se da igrati. Ja sam siguran, ako budemo pravi, da \u0107emo jo\u0161 jednom preko kvalifikacija dokopati se Olimpijade, istaknuo je.<\/p>\n\n\n\n<p>Izvor:hrt.hr<\/p>\n","protected":false},"excerpt":{"rendered":"<p>Nakon sedam godina, jedan hrvatski ko\u0161arka\u0161 ponovno je podignuo pehar pobjednika Eurolige. Rije\u010d je o Krunoslavu Simonu koji je s Anadolu Efesom u nedjelju u Koelnu u finalu svladao Barcelonu i osvojio svoj prvi naslov u Euroligi. U razgovoru za HRT, 35-godi\u0161nji reprezentativac govori o povijesnoj sezoni, ali i o nastupu za Hrvatsku na olimpijskim [&hellip;]<\/p>\n","protected":false},"author":2,"featured_media":28245,"comment_status":"closed","ping_status":"closed","sticky":false,"template":"","format":"standard","meta":{"h5ap_radio_sources":[],"footnotes":""},"categories":[7],"tags":[],"class_list":["post-28244","post","type-post","status-publish","format-standard","has-post-thumbnail","hentry","category-sport"],"yoast_head":"<!-- This site is optimized with the Yoast SEO plugin v27.5 - https:\/\/yoast.com\/product\/yoast-seo-wordpress\/ -->\n<title>Simon: Pro\u0161ao sam put koji nije specifi\u010dan i svakida\u0161nji - RADIO LJUBU\u0160KI<\/title>\n<meta name=\"robots\" content=\"index, follow, max-snippet:-1, max-image-preview:large, max-video-preview:-1\" \/>\n<link rel=\"canonical\" href=\"https:\/\/radioljubuski.ba\/index.php\/2021\/06\/03\/simon-prosao-sam-put-koji-nije-specifican-i-svakidasnji\/\" \/>\n<meta property=\"og:locale\" content=\"hr_HR\" \/>\n<meta property=\"og:type\" content=\"article\" \/>\n<meta property=\"og:title\" content=\"Simon: Pro\u0161ao sam put koji nije specifi\u010dan i svakida\u0161nji - RADIO LJUBU\u0160KI\" \/>\n<meta property=\"og:description\" content=\"Nakon sedam godina, jedan hrvatski ko\u0161arka\u0161 ponovno je podignuo pehar pobjednika Eurolige. Rije\u010d je o Krunoslavu Simonu koji je s Anadolu Efesom u nedjelju u Koelnu u finalu svladao Barcelonu i osvojio svoj prvi naslov u Euroligi. U razgovoru za HRT, 35-godi\u0161nji reprezentativac govori o povijesnoj sezoni, ali i o nastupu za Hrvatsku na olimpijskim [&hellip;]\" \/>\n<meta property=\"og:url\" content=\"https:\/\/radioljubuski.ba\/index.php\/2021\/06\/03\/simon-prosao-sam-put-koji-nije-specifican-i-svakidasnji\/\" \/>\n<meta property=\"og:site_name\" content=\"RADIO LJUBU\u0160KI\" \/>\n<meta property=\"article:publisher\" content=\"https:\/\/www.facebook.com\/Radiio-Ljubuski-1490835324566332\" \/>\n<meta property=\"article:published_time\" content=\"2021-06-03T22:40:30+00:00\" \/>\n<meta property=\"og:image\" content=\"https:\/\/radioljubuski.ba\/wp-content\/uploads\/2021\/06\/tvd2-s-potpisima-frame-74634-20210603181651.jpg\" \/>\n\t<meta property=\"og:image:width\" content=\"1920\" \/>\n\t<meta property=\"og:image:height\" content=\"1080\" \/>\n\t<meta property=\"og:image:type\" content=\"image\/jpeg\" \/>\n<meta name=\"author\" content=\"Radio Ljubu\u0161ki\" \/>\n<meta name=\"twitter:card\" content=\"summary_large_image\" \/>\n<meta name=\"twitter:creator\" content=\"@radioljubuski\" \/>\n<meta name=\"twitter:site\" content=\"@radioljubuski\" \/>\n<meta name=\"twitter:label1\" content=\"Napisao\/la\" \/>\n\t<meta name=\"twitter:data1\" content=\"Radio Ljubu\u0161ki\" \/>\n\t<meta name=\"twitter:label2\" content=\"Procijenjeno vrijeme \u010ditanja\" \/>\n\t<meta name=\"twitter:data2\" content=\"2 minute\" \/>\n<script type=\"application\/ld+json\" class=\"yoast-schema-graph\">{\"@context\":\"https:\\\/\\\/schema.org\",\"@graph\":[{\"@type\":\"Article\",\"@id\":\"https:\\\/\\\/radioljubuski.ba\\\/index.php\\\/2021\\\/06\\\/03\\\/simon-prosao-sam-put-koji-nije-specifican-i-svakidasnji\\\/#article\",\"isPartOf\":{\"@id\":\"https:\\\/\\\/radioljubuski.ba\\\/index.php\\\/2021\\\/06\\\/03\\\/simon-prosao-sam-put-koji-nije-specifican-i-svakidasnji\\\/\"},\"author\":{\"name\":\"Radio Ljubu\u0161ki\",\"@id\":\"https:\\\/\\\/radioljubuski.ba\\\/#\\\/schema\\\/person\\\/19fc700381a780f69665d7956c469e3b\"},\"headline\":\"Simon: Pro\u0161ao sam put koji nije specifi\u010dan i svakida\u0161nji\",\"datePublished\":\"2021-06-03T22:40:30+00:00\",\"mainEntityOfPage\":{\"@id\":\"https:\\\/\\\/radioljubuski.ba\\\/index.php\\\/2021\\\/06\\\/03\\\/simon-prosao-sam-put-koji-nije-specifican-i-svakidasnji\\\/\"},\"wordCount\":503,\"publisher\":{\"@id\":\"https:\\\/\\\/radioljubuski.ba\\\/#organization\"},\"image\":{\"@id\":\"https:\\\/\\\/radioljubuski.ba\\\/index.php\\\/2021\\\/06\\\/03\\\/simon-prosao-sam-put-koji-nije-specifican-i-svakidasnji\\\/#primaryimage\"},\"thumbnailUrl\":\"https:\\\/\\\/radioljubuski.ba\\\/wp-content\\\/uploads\\\/2021\\\/06\\\/tvd2-s-potpisima-frame-74634-20210603181651.jpg\",\"articleSection\":[\"\u0160port\"],\"inLanguage\":\"hr\"},{\"@type\":\"WebPage\",\"@id\":\"https:\\\/\\\/radioljubuski.ba\\\/index.php\\\/2021\\\/06\\\/03\\\/simon-prosao-sam-put-koji-nije-specifican-i-svakidasnji\\\/\",\"url\":\"https:\\\/\\\/radioljubuski.ba\\\/index.php\\\/2021\\\/06\\\/03\\\/simon-prosao-sam-put-koji-nije-specifican-i-svakidasnji\\\/\",\"name\":\"Simon: Pro\u0161ao sam put koji nije specifi\u010dan i svakida\u0161nji - RADIO LJUBU\u0160KI\",\"isPartOf\":{\"@id\":\"https:\\\/\\\/radioljubuski.ba\\\/#website\"},\"primaryImageOfPage\":{\"@id\":\"https:\\\/\\\/radioljubuski.ba\\\/index.php\\\/2021\\\/06\\\/03\\\/simon-prosao-sam-put-koji-nije-specifican-i-svakidasnji\\\/#primaryimage\"},\"image\":{\"@id\":\"https:\\\/\\\/radioljubuski.ba\\\/index.php\\\/2021\\\/06\\\/03\\\/simon-prosao-sam-put-koji-nije-specifican-i-svakidasnji\\\/#primaryimage\"},\"thumbnailUrl\":\"https:\\\/\\\/radioljubuski.ba\\\/wp-content\\\/uploads\\\/2021\\\/06\\\/tvd2-s-potpisima-frame-74634-20210603181651.jpg\",\"datePublished\":\"2021-06-03T22:40:30+00:00\",\"breadcrumb\":{\"@id\":\"https:\\\/\\\/radioljubuski.ba\\\/index.php\\\/2021\\\/06\\\/03\\\/simon-prosao-sam-put-koji-nije-specifican-i-svakidasnji\\\/#breadcrumb\"},\"inLanguage\":\"hr\",\"potentialAction\":[{\"@type\":\"ReadAction\",\"target\":[\"https:\\\/\\\/radioljubuski.ba\\\/index.php\\\/2021\\\/06\\\/03\\\/simon-prosao-sam-put-koji-nije-specifican-i-svakidasnji\\\/\"]}]},{\"@type\":\"ImageObject\",\"inLanguage\":\"hr\",\"@id\":\"https:\\\/\\\/radioljubuski.ba\\\/index.php\\\/2021\\\/06\\\/03\\\/simon-prosao-sam-put-koji-nije-specifican-i-svakidasnji\\\/#primaryimage\",\"url\":\"https:\\\/\\\/radioljubuski.ba\\\/wp-content\\\/uploads\\\/2021\\\/06\\\/tvd2-s-potpisima-frame-74634-20210603181651.jpg\",\"contentUrl\":\"https:\\\/\\\/radioljubuski.ba\\\/wp-content\\\/uploads\\\/2021\\\/06\\\/tvd2-s-potpisima-frame-74634-20210603181651.jpg\",\"width\":1920,\"height\":1080},{\"@type\":\"BreadcrumbList\",\"@id\":\"https:\\\/\\\/radioljubuski.ba\\\/index.php\\\/2021\\\/06\\\/03\\\/simon-prosao-sam-put-koji-nije-specifican-i-svakidasnji\\\/#breadcrumb\",\"itemListElement\":[{\"@type\":\"ListItem\",\"position\":1,\"name\":\"Po\u010detna stranica\",\"item\":\"https:\\\/\\\/radioljubuski.ba\\\/\"},{\"@type\":\"ListItem\",\"position\":2,\"name\":\"Simon: Pro\u0161ao sam put koji nije specifi\u010dan i svakida\u0161nji\"}]},{\"@type\":\"WebSite\",\"@id\":\"https:\\\/\\\/radioljubuski.ba\\\/#website\",\"url\":\"https:\\\/\\\/radioljubuski.ba\\\/\",\"name\":\"Radio Ljubu\u0161ki\",\"description\":\"Sun\u010dana frekvencija Hercegovine\",\"publisher\":{\"@id\":\"https:\\\/\\\/radioljubuski.ba\\\/#organization\"},\"potentialAction\":[{\"@type\":\"SearchAction\",\"target\":{\"@type\":\"EntryPoint\",\"urlTemplate\":\"https:\\\/\\\/radioljubuski.ba\\\/?s={search_term_string}\"},\"query-input\":{\"@type\":\"PropertyValueSpecification\",\"valueRequired\":true,\"valueName\":\"search_term_string\"}}],\"inLanguage\":\"hr\"},{\"@type\":\"Organization\",\"@id\":\"https:\\\/\\\/radioljubuski.ba\\\/#organization\",\"name\":\"Radio Ljubu\u0161ki\",\"url\":\"https:\\\/\\\/radioljubuski.ba\\\/\",\"logo\":{\"@type\":\"ImageObject\",\"inLanguage\":\"hr\",\"@id\":\"https:\\\/\\\/radioljubuski.ba\\\/#\\\/schema\\\/logo\\\/image\\\/\",\"url\":\"https:\\\/\\\/radioljubuski.ba\\\/wp-content\\\/uploads\\\/2021\\\/02\\\/cropped-Radio_Ljubuski_logo1.jpg\",\"contentUrl\":\"https:\\\/\\\/radioljubuski.ba\\\/wp-content\\\/uploads\\\/2021\\\/02\\\/cropped-Radio_Ljubuski_logo1.jpg\",\"width\":512,\"height\":512,\"caption\":\"Radio Ljubu\u0161ki\"},\"image\":{\"@id\":\"https:\\\/\\\/radioljubuski.ba\\\/#\\\/schema\\\/logo\\\/image\\\/\"},\"sameAs\":[\"https:\\\/\\\/www.facebook.com\\\/Radiio-Ljubuski-1490835324566332\",\"https:\\\/\\\/x.com\\\/radioljubuski\",\"https:\\\/\\\/hr.linkedin.com\\\/company\\\/radio-ljubuski\",\"https:\\\/\\\/www.youtube.com\\\/channel\\\/UCHYaeO_n0Db3tjNGudGpXyw\"]},{\"@type\":\"Person\",\"@id\":\"https:\\\/\\\/radioljubuski.ba\\\/#\\\/schema\\\/person\\\/19fc700381a780f69665d7956c469e3b\",\"name\":\"Radio Ljubu\u0161ki\"}]}<\/script>\n<!-- \/ Yoast SEO plugin. -->","yoast_head_json":{"title":"Simon: Pro\u0161ao sam put koji nije specifi\u010dan i svakida\u0161nji - RADIO LJUBU\u0160KI","robots":{"index":"index","follow":"follow","max-snippet":"max-snippet:-1","max-image-preview":"max-image-preview:large","max-video-preview":"max-video-preview:-1"},"canonical":"https:\/\/radioljubuski.ba\/index.php\/2021\/06\/03\/simon-prosao-sam-put-koji-nije-specifican-i-svakidasnji\/","og_locale":"hr_HR","og_type":"article","og_title":"Simon: Pro\u0161ao sam put koji nije specifi\u010dan i svakida\u0161nji - RADIO LJUBU\u0160KI","og_description":"Nakon sedam godina, jedan hrvatski ko\u0161arka\u0161 ponovno je podignuo pehar pobjednika Eurolige. Rije\u010d je o Krunoslavu Simonu koji je s Anadolu Efesom u nedjelju u Koelnu u finalu svladao Barcelonu i osvojio svoj prvi naslov u Euroligi. U razgovoru za HRT, 35-godi\u0161nji reprezentativac govori o povijesnoj sezoni, ali i o nastupu za Hrvatsku na olimpijskim [&hellip;]","og_url":"https:\/\/radioljubuski.ba\/index.php\/2021\/06\/03\/simon-prosao-sam-put-koji-nije-specifican-i-svakidasnji\/","og_site_name":"RADIO LJUBU\u0160KI","article_publisher":"https:\/\/www.facebook.com\/Radiio-Ljubuski-1490835324566332","article_published_time":"2021-06-03T22:40:30+00:00","og_image":[{"width":1920,"height":1080,"url":"https:\/\/radioljubuski.ba\/wp-content\/uploads\/2021\/06\/tvd2-s-potpisima-frame-74634-20210603181651.jpg","type":"image\/jpeg"}],"author":"Radio Ljubu\u0161ki","twitter_card":"summary_large_image","twitter_creator":"@radioljubuski","twitter_site":"@radioljubuski","twitter_misc":{"Napisao\/la":"Radio Ljubu\u0161ki","Procijenjeno vrijeme \u010ditanja":"2 minute"},"schema":{"@context":"https:\/\/schema.org","@graph":[{"@type":"Article","@id":"https:\/\/radioljubuski.ba\/index.php\/2021\/06\/03\/simon-prosao-sam-put-koji-nije-specifican-i-svakidasnji\/#article","isPartOf":{"@id":"https:\/\/radioljubuski.ba\/index.php\/2021\/06\/03\/simon-prosao-sam-put-koji-nije-specifican-i-svakidasnji\/"},"author":{"name":"Radio Ljubu\u0161ki","@id":"https:\/\/radioljubuski.ba\/#\/schema\/person\/19fc700381a780f69665d7956c469e3b"},"headline":"Simon: Pro\u0161ao sam put koji nije specifi\u010dan i svakida\u0161nji","datePublished":"2021-06-03T22:40:30+00:00","mainEntityOfPage":{"@id":"https:\/\/radioljubuski.ba\/index.php\/2021\/06\/03\/simon-prosao-sam-put-koji-nije-specifican-i-svakidasnji\/"},"wordCount":503,"publisher":{"@id":"https:\/\/radioljubuski.ba\/#organization"},"image":{"@id":"https:\/\/radioljubuski.ba\/index.php\/2021\/06\/03\/simon-prosao-sam-put-koji-nije-specifican-i-svakidasnji\/#primaryimage"},"thumbnailUrl":"https:\/\/radioljubuski.ba\/wp-content\/uploads\/2021\/06\/tvd2-s-potpisima-frame-74634-20210603181651.jpg","articleSection":["\u0160port"],"inLanguage":"hr"},{"@type":"WebPage","@id":"https:\/\/radioljubuski.ba\/index.php\/2021\/06\/03\/simon-prosao-sam-put-koji-nije-specifican-i-svakidasnji\/","url":"https:\/\/radioljubuski.ba\/index.php\/2021\/06\/03\/simon-prosao-sam-put-koji-nije-specifican-i-svakidasnji\/","name":"Simon: Pro\u0161ao sam put koji nije specifi\u010dan i svakida\u0161nji - RADIO LJUBU\u0160KI","isPartOf":{"@id":"https:\/\/radioljubuski.ba\/#website"},"primaryImageOfPage":{"@id":"https:\/\/radioljubuski.ba\/index.php\/2021\/06\/03\/simon-prosao-sam-put-koji-nije-specifican-i-svakidasnji\/#primaryimage"},"image":{"@id":"https:\/\/radioljubuski.ba\/index.php\/2021\/06\/03\/simon-prosao-sam-put-koji-nije-specifican-i-svakidasnji\/#primaryimage"},"thumbnailUrl":"https:\/\/radioljubuski.ba\/wp-content\/uploads\/2021\/06\/tvd2-s-potpisima-frame-74634-20210603181651.jpg","datePublished":"2021-06-03T22:40:30+00:00","breadcrumb":{"@id":"https:\/\/radioljubuski.ba\/index.php\/2021\/06\/03\/simon-prosao-sam-put-koji-nije-specifican-i-svakidasnji\/#breadcrumb"},"inLanguage":"hr","potentialAction":[{"@type":"ReadAction","target":["https:\/\/radioljubuski.ba\/index.php\/2021\/06\/03\/simon-prosao-sam-put-koji-nije-specifican-i-svakidasnji\/"]}]},{"@type":"ImageObject","inLanguage":"hr","@id":"https:\/\/radioljubuski.ba\/index.php\/2021\/06\/03\/simon-prosao-sam-put-koji-nije-specifican-i-svakidasnji\/#primaryimage","url":"https:\/\/radioljubuski.ba\/wp-content\/uploads\/2021\/06\/tvd2-s-potpisima-frame-74634-20210603181651.jpg","contentUrl":"https:\/\/radioljubuski.ba\/wp-content\/uploads\/2021\/06\/tvd2-s-potpisima-frame-74634-20210603181651.jpg","width":1920,"height":1080},{"@type":"BreadcrumbList","@id":"https:\/\/radioljubuski.ba\/index.php\/2021\/06\/03\/simon-prosao-sam-put-koji-nije-specifican-i-svakidasnji\/#breadcrumb","itemListElement":[{"@type":"ListItem","position":1,"name":"Po\u010detna stranica","item":"https:\/\/radioljubuski.ba\/"},{"@type":"ListItem","position":2,"name":"Simon: Pro\u0161ao sam put koji nije specifi\u010dan i svakida\u0161nji"}]},{"@type":"WebSite","@id":"https:\/\/radioljubuski.ba\/#website","url":"https:\/\/radioljubuski.ba\/","name":"Radio Ljubu\u0161ki","description":"Sun\u010dana frekvencija Hercegovine","publisher":{"@id":"https:\/\/radioljubuski.ba\/#organization"},"potentialAction":[{"@type":"SearchAction","target":{"@type":"EntryPoint","urlTemplate":"https:\/\/radioljubuski.ba\/?s={search_term_string}"},"query-input":{"@type":"PropertyValueSpecification","valueRequired":true,"valueName":"search_term_string"}}],"inLanguage":"hr"},{"@type":"Organization","@id":"https:\/\/radioljubuski.ba\/#organization","name":"Radio Ljubu\u0161ki","url":"https:\/\/radioljubuski.ba\/","logo":{"@type":"ImageObject","inLanguage":"hr","@id":"https:\/\/radioljubuski.ba\/#\/schema\/logo\/image\/","url":"https:\/\/radioljubuski.ba\/wp-content\/uploads\/2021\/02\/cropped-Radio_Ljubuski_logo1.jpg","contentUrl":"https:\/\/radioljubuski.ba\/wp-content\/uploads\/2021\/02\/cropped-Radio_Ljubuski_logo1.jpg","width":512,"height":512,"caption":"Radio Ljubu\u0161ki"},"image":{"@id":"https:\/\/radioljubuski.ba\/#\/schema\/logo\/image\/"},"sameAs":["https:\/\/www.facebook.com\/Radiio-Ljubuski-1490835324566332","https:\/\/x.com\/radioljubuski","https:\/\/hr.linkedin.com\/company\/radio-ljubuski","https:\/\/www.youtube.com\/channel\/UCHYaeO_n0Db3tjNGudGpXyw"]},{"@type":"Person","@id":"https:\/\/radioljubuski.ba\/#\/schema\/person\/19fc700381a780f69665d7956c469e3b","name":"Radio Ljubu\u0161ki"}]}},"_links":{"self":[{"href":"https:\/\/radioljubuski.ba\/index.php\/wp-json\/wp\/v2\/posts\/28244","targetHints":{"allow":["GET"]}}],"collection":[{"href":"https:\/\/radioljubuski.ba\/index.php\/wp-json\/wp\/v2\/posts"}],"about":[{"href":"https:\/\/radioljubuski.ba\/index.php\/wp-json\/wp\/v2\/types\/post"}],"author":[{"embeddable":true,"href":"https:\/\/radioljubuski.ba\/index.php\/wp-json\/wp\/v2\/users\/2"}],"replies":[{"embeddable":true,"href":"https:\/\/radioljubuski.ba\/index.php\/wp-json\/wp\/v2\/comments?post=28244"}],"version-history":[{"count":1,"href":"https:\/\/radioljubuski.ba\/index.php\/wp-json\/wp\/v2\/posts\/28244\/revisions"}],"predecessor-version":[{"id":28246,"href":"https:\/\/radioljubuski.ba\/index.php\/wp-json\/wp\/v2\/posts\/28244\/revisions\/28246"}],"wp:featuredmedia":[{"embeddable":true,"href":"https:\/\/radioljubuski.ba\/index.php\/wp-json\/wp\/v2\/media\/28245"}],"wp:attachment":[{"href":"https:\/\/radioljubuski.ba\/index.php\/wp-json\/wp\/v2\/media?parent=28244"}],"wp:term":[{"taxonomy":"category","embeddable":true,"href":"https:\/\/radioljubuski.ba\/index.php\/wp-json\/wp\/v2\/categories?post=28244"},{"taxonomy":"post_tag","embeddable":true,"href":"https:\/\/radioljubuski.ba\/index.php\/wp-json\/wp\/v2\/tags?post=28244"}],"curies":[{"name":"wp","href":"https:\/\/api.w.org\/{rel}","templated":true}]}}