{"id":28273,"date":"2021-06-03T23:58:46","date_gmt":"2021-06-03T22:58:46","guid":{"rendered":"https:\/\/radioljubuski.ba\/?p=28273"},"modified":"2021-06-03T23:58:47","modified_gmt":"2021-06-03T22:58:47","slug":"netanyahu-pokusava-sprijeciti-formiranje-nove-izraelske-vlade","status":"publish","type":"post","link":"https:\/\/radioljubuski.ba\/index.php\/2021\/06\/03\/netanyahu-pokusava-sprijeciti-formiranje-nove-izraelske-vlade\/","title":{"rendered":"Netanyahu poku\u0161ava sprije\u010diti formiranje nove izraelske vlade"},"content":{"rendered":"\n<p><strong>Izraelski premijer Benjamin Netanyahu bori se protiv sporazuma njegovih politi\u010dkih protivnika &#8211; od ljevice do desnice &#8211; koji su formirali sporazum o \u0161irokoj koalicijskoj vladi kojom \u017eele okon\u010dati njegovu dugogodi\u0161nju vladavinu.<\/strong><\/p>\n\n\n\n<p>&#8211; Svi zastupnici izabrani glasovima desnice moraju se protiviti ovoj opasnoj ljevi\u010darskoj vladi, napisao je na Twitteru Netanyahu, koji je ve\u0107 12 godina premijer.<br><br>Prvi je to javni istup Netanyahua, \u010delnika desnog Likuda, protiv formiranja koalicije koju je u srijedu nave\u010der obznanio centristi\u010dki politi\u010dar Yair Lapid, oko 35 minuta prije isteka roka za sastav vladaju\u0107e koalicije.<br><br>Po sporazumu \u0107e religijski nacionalist Naftali Bennett (49), biv\u0161i ministar obrane i milijuna\u0161, biti premijer prve dvije godine, nakon \u010dega \u0107e premijerski polo\u017eaj preuzeti Lapid (57), biv\u0161i televizijski voditelj i ministar financija.<br><br>Nakon \u010detvrtih izbora u dvije godine, koji su odr\u017eani 23. o\u017eujka, Likud i njegovi saveznici, kao ni protivnici, nisu osvojili ve\u0107inu zastupnika.<br><br>Koaliciju koju predvodi Lapidova stranka Yesh Atid, \u010dine i Bennettova stranka Yamina (Desno), centristi\u010dki Plavo bijeli biv\u0161eg ministra obrane Bennyja Gantza, lijeva stranka Meretz, Laburisti\u010dka stranka, sekularno nacionalisti\u010dka stranka Yisrael Beitenu biv\u0161eg ministra obrane Avigdora Liebermana i Nova nada biv\u0161eg ministra obrazovanja Gideona Saara, otpadnika od Likuda.<br><br>Podr\u0161ku je dala i arapska islamisti\u010dka stranka Raam.<br><br>Stranke imaju malo toga zajedni\u010dkog, izuzev \u017eelje za svrgavanjem Netanyahua, kojemu se sudi zbog korupcije.<br><br>Politi\u010dki analiti\u010dari o\u010dekivali su da Netanyahu poku\u0161a razbiti koaliciju, kapitaliziranjem na nezadovoljstvu \u010dlanova Yamine zbog udru\u017eivanja s arapskim i lijevim zastupnicima.<br><br>Tamar Zandberg, zastupnica Meretza, priznala je da je bilo te\u0161ko formirati koaliciju.<br><br>&#8211; Test za koaliciju&#8230; Treba biti potvr\u0111en u Knessetu &#8211; to ne\u0107e i\u0107i bez grubih prepreka i problema&#8221;, kazala je za Radio vojske u \u010detvrtak.<br><br>Netanyahu ima 30 zastupnika od 120, gotovo dvostruko vi\u0161e od Lapidova Yesh Atida, te ga podr\u017eavaju najmanje tri manje religijske i nacionalisti\u010dke stranke.<br><br>AFP pi\u0161e, pozivaju\u0107i se na svoj izvor uklju\u010den u pregovore o formiranju koalicije, da \u0107e nova vlada poku\u0161ati izbjegavati goru\u0107a ideolo\u0161ka pitanja, poput pitanja aneksije dijela Zapadne Obale ili potpunog napu\u0161tanja.<br><br>Bennett je rekao da bi stvaranje neovisne Palestine bilo samoubojstvo za Izrael. Aneksija dijelova Zapadne Obale dio je njegovog politi\u010dkog programa.<br><br><\/p>\n\n\n\n<p>Netanyahu pak isti\u010de da koalicija Bennett-Lapid ugro\u017eava sigurnost Izraela.<\/p>\n\n\n\n<p>Izvor:hrt.hr<\/p>\n","protected":false},"excerpt":{"rendered":"<p>Izraelski premijer Benjamin Netanyahu bori se protiv sporazuma njegovih politi\u010dkih protivnika &#8211; od ljevice do desnice &#8211; koji su formirali sporazum o \u0161irokoj koalicijskoj vladi kojom \u017eele okon\u010dati njegovu dugogodi\u0161nju vladavinu. &#8211; Svi zastupnici izabrani glasovima desnice moraju se protiviti ovoj opasnoj ljevi\u010darskoj vladi, napisao je na Twitteru Netanyahu, koji je ve\u0107 12 godina premijer. [&hellip;]<\/p>\n","protected":false},"author":2,"featured_media":0,"comment_status":"closed","ping_status":"closed","sticky":false,"template":"","format":"standard","meta":{"h5ap_radio_sources":[],"footnotes":""},"categories":[1],"tags":[],"class_list":["post-28273","post","type-post","status-publish","format-standard","hentry","category-bihiregija"],"yoast_head":"<!-- This site is optimized with the Yoast SEO plugin v27.5 - https:\/\/yoast.com\/product\/yoast-seo-wordpress\/ -->\n<title>Netanyahu poku\u0161ava sprije\u010diti formiranje nove izraelske vlade - RADIO LJUBU\u0160KI<\/title>\n<meta name=\"robots\" content=\"index, follow, max-snippet:-1, max-image-preview:large, max-video-preview:-1\" \/>\n<link rel=\"canonical\" href=\"https:\/\/radioljubuski.ba\/index.php\/2021\/06\/03\/netanyahu-pokusava-sprijeciti-formiranje-nove-izraelske-vlade\/\" \/>\n<meta property=\"og:locale\" content=\"hr_HR\" \/>\n<meta property=\"og:type\" content=\"article\" \/>\n<meta property=\"og:title\" content=\"Netanyahu poku\u0161ava sprije\u010diti formiranje nove izraelske vlade - RADIO LJUBU\u0160KI\" \/>\n<meta property=\"og:description\" content=\"Izraelski premijer Benjamin Netanyahu bori se protiv sporazuma njegovih politi\u010dkih protivnika &#8211; od ljevice do desnice &#8211; koji su formirali sporazum o \u0161irokoj koalicijskoj vladi kojom \u017eele okon\u010dati njegovu dugogodi\u0161nju vladavinu. &#8211; Svi zastupnici izabrani glasovima desnice moraju se protiviti ovoj opasnoj ljevi\u010darskoj vladi, napisao je na Twitteru Netanyahu, koji je ve\u0107 12 godina premijer. [&hellip;]\" \/>\n<meta property=\"og:url\" content=\"https:\/\/radioljubuski.ba\/index.php\/2021\/06\/03\/netanyahu-pokusava-sprijeciti-formiranje-nove-izraelske-vlade\/\" \/>\n<meta property=\"og:site_name\" content=\"RADIO LJUBU\u0160KI\" \/>\n<meta property=\"article:publisher\" content=\"https:\/\/www.facebook.com\/Radiio-Ljubuski-1490835324566332\" \/>\n<meta property=\"article:published_time\" content=\"2021-06-03T22:58:46+00:00\" \/>\n<meta property=\"article:modified_time\" content=\"2021-06-03T22:58:47+00:00\" \/>\n<meta property=\"og:image\" content=\"https:\/\/radioljubuski.ba\/wp-content\/uploads\/2021\/06\/2021-06-02t204601z-32343452-rc2ksn9z5umd-rtrmadp-3-israel-politics-netanyahu-20210603132203-scaled.jpg\" \/>\n\t<meta property=\"og:image:width\" content=\"2560\" \/>\n\t<meta property=\"og:image:height\" content=\"1676\" \/>\n\t<meta property=\"og:image:type\" content=\"image\/jpeg\" \/>\n<meta name=\"author\" content=\"Radio Ljubu\u0161ki\" \/>\n<meta name=\"twitter:card\" content=\"summary_large_image\" \/>\n<meta name=\"twitter:creator\" content=\"@radioljubuski\" \/>\n<meta name=\"twitter:site\" content=\"@radioljubuski\" \/>\n<meta name=\"twitter:label1\" content=\"Napisao\/la\" \/>\n\t<meta name=\"twitter:data1\" content=\"Radio Ljubu\u0161ki\" \/>\n\t<meta name=\"twitter:label2\" content=\"Procijenjeno vrijeme \u010ditanja\" \/>\n\t<meta name=\"twitter:data2\" content=\"2 minute\" \/>\n<script type=\"application\/ld+json\" class=\"yoast-schema-graph\">{\"@context\":\"https:\\\/\\\/schema.org\",\"@graph\":[{\"@type\":\"Article\",\"@id\":\"https:\\\/\\\/radioljubuski.ba\\\/index.php\\\/2021\\\/06\\\/03\\\/netanyahu-pokusava-sprijeciti-formiranje-nove-izraelske-vlade\\\/#article\",\"isPartOf\":{\"@id\":\"https:\\\/\\\/radioljubuski.ba\\\/index.php\\\/2021\\\/06\\\/03\\\/netanyahu-pokusava-sprijeciti-formiranje-nove-izraelske-vlade\\\/\"},\"author\":{\"name\":\"Radio Ljubu\u0161ki\",\"@id\":\"https:\\\/\\\/radioljubuski.ba\\\/#\\\/schema\\\/person\\\/19fc700381a780f69665d7956c469e3b\"},\"headline\":\"Netanyahu poku\u0161ava sprije\u010diti formiranje nove izraelske vlade\",\"datePublished\":\"2021-06-03T22:58:46+00:00\",\"dateModified\":\"2021-06-03T22:58:47+00:00\",\"mainEntityOfPage\":{\"@id\":\"https:\\\/\\\/radioljubuski.ba\\\/index.php\\\/2021\\\/06\\\/03\\\/netanyahu-pokusava-sprijeciti-formiranje-nove-izraelske-vlade\\\/\"},\"wordCount\":403,\"publisher\":{\"@id\":\"https:\\\/\\\/radioljubuski.ba\\\/#organization\"},\"articleSection\":[\"BIH i regija\"],\"inLanguage\":\"hr\"},{\"@type\":\"WebPage\",\"@id\":\"https:\\\/\\\/radioljubuski.ba\\\/index.php\\\/2021\\\/06\\\/03\\\/netanyahu-pokusava-sprijeciti-formiranje-nove-izraelske-vlade\\\/\",\"url\":\"https:\\\/\\\/radioljubuski.ba\\\/index.php\\\/2021\\\/06\\\/03\\\/netanyahu-pokusava-sprijeciti-formiranje-nove-izraelske-vlade\\\/\",\"name\":\"Netanyahu poku\u0161ava sprije\u010diti formiranje nove izraelske vlade - RADIO LJUBU\u0160KI\",\"isPartOf\":{\"@id\":\"https:\\\/\\\/radioljubuski.ba\\\/#website\"},\"datePublished\":\"2021-06-03T22:58:46+00:00\",\"dateModified\":\"2021-06-03T22:58:47+00:00\",\"breadcrumb\":{\"@id\":\"https:\\\/\\\/radioljubuski.ba\\\/index.php\\\/2021\\\/06\\\/03\\\/netanyahu-pokusava-sprijeciti-formiranje-nove-izraelske-vlade\\\/#breadcrumb\"},\"inLanguage\":\"hr\",\"potentialAction\":[{\"@type\":\"ReadAction\",\"target\":[\"https:\\\/\\\/radioljubuski.ba\\\/index.php\\\/2021\\\/06\\\/03\\\/netanyahu-pokusava-sprijeciti-formiranje-nove-izraelske-vlade\\\/\"]}]},{\"@type\":\"BreadcrumbList\",\"@id\":\"https:\\\/\\\/radioljubuski.ba\\\/index.php\\\/2021\\\/06\\\/03\\\/netanyahu-pokusava-sprijeciti-formiranje-nove-izraelske-vlade\\\/#breadcrumb\",\"itemListElement\":[{\"@type\":\"ListItem\",\"position\":1,\"name\":\"Po\u010detna stranica\",\"item\":\"https:\\\/\\\/radioljubuski.ba\\\/\"},{\"@type\":\"ListItem\",\"position\":2,\"name\":\"Netanyahu poku\u0161ava sprije\u010diti formiranje nove izraelske vlade\"}]},{\"@type\":\"WebSite\",\"@id\":\"https:\\\/\\\/radioljubuski.ba\\\/#website\",\"url\":\"https:\\\/\\\/radioljubuski.ba\\\/\",\"name\":\"Radio Ljubu\u0161ki\",\"description\":\"Sun\u010dana frekvencija Hercegovine\",\"publisher\":{\"@id\":\"https:\\\/\\\/radioljubuski.ba\\\/#organization\"},\"potentialAction\":[{\"@type\":\"SearchAction\",\"target\":{\"@type\":\"EntryPoint\",\"urlTemplate\":\"https:\\\/\\\/radioljubuski.ba\\\/?s={search_term_string}\"},\"query-input\":{\"@type\":\"PropertyValueSpecification\",\"valueRequired\":true,\"valueName\":\"search_term_string\"}}],\"inLanguage\":\"hr\"},{\"@type\":\"Organization\",\"@id\":\"https:\\\/\\\/radioljubuski.ba\\\/#organization\",\"name\":\"Radio Ljubu\u0161ki\",\"url\":\"https:\\\/\\\/radioljubuski.ba\\\/\",\"logo\":{\"@type\":\"ImageObject\",\"inLanguage\":\"hr\",\"@id\":\"https:\\\/\\\/radioljubuski.ba\\\/#\\\/schema\\\/logo\\\/image\\\/\",\"url\":\"https:\\\/\\\/radioljubuski.ba\\\/wp-content\\\/uploads\\\/2021\\\/02\\\/cropped-Radio_Ljubuski_logo1.jpg\",\"contentUrl\":\"https:\\\/\\\/radioljubuski.ba\\\/wp-content\\\/uploads\\\/2021\\\/02\\\/cropped-Radio_Ljubuski_logo1.jpg\",\"width\":512,\"height\":512,\"caption\":\"Radio Ljubu\u0161ki\"},\"image\":{\"@id\":\"https:\\\/\\\/radioljubuski.ba\\\/#\\\/schema\\\/logo\\\/image\\\/\"},\"sameAs\":[\"https:\\\/\\\/www.facebook.com\\\/Radiio-Ljubuski-1490835324566332\",\"https:\\\/\\\/x.com\\\/radioljubuski\",\"https:\\\/\\\/hr.linkedin.com\\\/company\\\/radio-ljubuski\",\"https:\\\/\\\/www.youtube.com\\\/channel\\\/UCHYaeO_n0Db3tjNGudGpXyw\"]},{\"@type\":\"Person\",\"@id\":\"https:\\\/\\\/radioljubuski.ba\\\/#\\\/schema\\\/person\\\/19fc700381a780f69665d7956c469e3b\",\"name\":\"Radio Ljubu\u0161ki\"}]}<\/script>\n<!-- \/ Yoast SEO plugin. -->","yoast_head_json":{"title":"Netanyahu poku\u0161ava sprije\u010diti formiranje nove izraelske vlade - RADIO LJUBU\u0160KI","robots":{"index":"index","follow":"follow","max-snippet":"max-snippet:-1","max-image-preview":"max-image-preview:large","max-video-preview":"max-video-preview:-1"},"canonical":"https:\/\/radioljubuski.ba\/index.php\/2021\/06\/03\/netanyahu-pokusava-sprijeciti-formiranje-nove-izraelske-vlade\/","og_locale":"hr_HR","og_type":"article","og_title":"Netanyahu poku\u0161ava sprije\u010diti formiranje nove izraelske vlade - RADIO LJUBU\u0160KI","og_description":"Izraelski premijer Benjamin Netanyahu bori se protiv sporazuma njegovih politi\u010dkih protivnika &#8211; od ljevice do desnice &#8211; koji su formirali sporazum o \u0161irokoj koalicijskoj vladi kojom \u017eele okon\u010dati njegovu dugogodi\u0161nju vladavinu. &#8211; Svi zastupnici izabrani glasovima desnice moraju se protiviti ovoj opasnoj ljevi\u010darskoj vladi, napisao je na Twitteru Netanyahu, koji je ve\u0107 12 godina premijer. [&hellip;]","og_url":"https:\/\/radioljubuski.ba\/index.php\/2021\/06\/03\/netanyahu-pokusava-sprijeciti-formiranje-nove-izraelske-vlade\/","og_site_name":"RADIO LJUBU\u0160KI","article_publisher":"https:\/\/www.facebook.com\/Radiio-Ljubuski-1490835324566332","article_published_time":"2021-06-03T22:58:46+00:00","article_modified_time":"2021-06-03T22:58:47+00:00","og_image":[{"width":2560,"height":1676,"url":"https:\/\/radioljubuski.ba\/wp-content\/uploads\/2021\/06\/2021-06-02t204601z-32343452-rc2ksn9z5umd-rtrmadp-3-israel-politics-netanyahu-20210603132203-scaled.jpg","type":"image\/jpeg"}],"author":"Radio Ljubu\u0161ki","twitter_card":"summary_large_image","twitter_creator":"@radioljubuski","twitter_site":"@radioljubuski","twitter_misc":{"Napisao\/la":"Radio Ljubu\u0161ki","Procijenjeno vrijeme \u010ditanja":"2 minute"},"schema":{"@context":"https:\/\/schema.org","@graph":[{"@type":"Article","@id":"https:\/\/radioljubuski.ba\/index.php\/2021\/06\/03\/netanyahu-pokusava-sprijeciti-formiranje-nove-izraelske-vlade\/#article","isPartOf":{"@id":"https:\/\/radioljubuski.ba\/index.php\/2021\/06\/03\/netanyahu-pokusava-sprijeciti-formiranje-nove-izraelske-vlade\/"},"author":{"name":"Radio Ljubu\u0161ki","@id":"https:\/\/radioljubuski.ba\/#\/schema\/person\/19fc700381a780f69665d7956c469e3b"},"headline":"Netanyahu poku\u0161ava sprije\u010diti formiranje nove izraelske vlade","datePublished":"2021-06-03T22:58:46+00:00","dateModified":"2021-06-03T22:58:47+00:00","mainEntityOfPage":{"@id":"https:\/\/radioljubuski.ba\/index.php\/2021\/06\/03\/netanyahu-pokusava-sprijeciti-formiranje-nove-izraelske-vlade\/"},"wordCount":403,"publisher":{"@id":"https:\/\/radioljubuski.ba\/#organization"},"articleSection":["BIH i regija"],"inLanguage":"hr"},{"@type":"WebPage","@id":"https:\/\/radioljubuski.ba\/index.php\/2021\/06\/03\/netanyahu-pokusava-sprijeciti-formiranje-nove-izraelske-vlade\/","url":"https:\/\/radioljubuski.ba\/index.php\/2021\/06\/03\/netanyahu-pokusava-sprijeciti-formiranje-nove-izraelske-vlade\/","name":"Netanyahu poku\u0161ava sprije\u010diti formiranje nove izraelske vlade - RADIO LJUBU\u0160KI","isPartOf":{"@id":"https:\/\/radioljubuski.ba\/#website"},"datePublished":"2021-06-03T22:58:46+00:00","dateModified":"2021-06-03T22:58:47+00:00","breadcrumb":{"@id":"https:\/\/radioljubuski.ba\/index.php\/2021\/06\/03\/netanyahu-pokusava-sprijeciti-formiranje-nove-izraelske-vlade\/#breadcrumb"},"inLanguage":"hr","potentialAction":[{"@type":"ReadAction","target":["https:\/\/radioljubuski.ba\/index.php\/2021\/06\/03\/netanyahu-pokusava-sprijeciti-formiranje-nove-izraelske-vlade\/"]}]},{"@type":"BreadcrumbList","@id":"https:\/\/radioljubuski.ba\/index.php\/2021\/06\/03\/netanyahu-pokusava-sprijeciti-formiranje-nove-izraelske-vlade\/#breadcrumb","itemListElement":[{"@type":"ListItem","position":1,"name":"Po\u010detna stranica","item":"https:\/\/radioljubuski.ba\/"},{"@type":"ListItem","position":2,"name":"Netanyahu poku\u0161ava sprije\u010diti formiranje nove izraelske vlade"}]},{"@type":"WebSite","@id":"https:\/\/radioljubuski.ba\/#website","url":"https:\/\/radioljubuski.ba\/","name":"Radio Ljubu\u0161ki","description":"Sun\u010dana frekvencija Hercegovine","publisher":{"@id":"https:\/\/radioljubuski.ba\/#organization"},"potentialAction":[{"@type":"SearchAction","target":{"@type":"EntryPoint","urlTemplate":"https:\/\/radioljubuski.ba\/?s={search_term_string}"},"query-input":{"@type":"PropertyValueSpecification","valueRequired":true,"valueName":"search_term_string"}}],"inLanguage":"hr"},{"@type":"Organization","@id":"https:\/\/radioljubuski.ba\/#organization","name":"Radio Ljubu\u0161ki","url":"https:\/\/radioljubuski.ba\/","logo":{"@type":"ImageObject","inLanguage":"hr","@id":"https:\/\/radioljubuski.ba\/#\/schema\/logo\/image\/","url":"https:\/\/radioljubuski.ba\/wp-content\/uploads\/2021\/02\/cropped-Radio_Ljubuski_logo1.jpg","contentUrl":"https:\/\/radioljubuski.ba\/wp-content\/uploads\/2021\/02\/cropped-Radio_Ljubuski_logo1.jpg","width":512,"height":512,"caption":"Radio Ljubu\u0161ki"},"image":{"@id":"https:\/\/radioljubuski.ba\/#\/schema\/logo\/image\/"},"sameAs":["https:\/\/www.facebook.com\/Radiio-Ljubuski-1490835324566332","https:\/\/x.com\/radioljubuski","https:\/\/hr.linkedin.com\/company\/radio-ljubuski","https:\/\/www.youtube.com\/channel\/UCHYaeO_n0Db3tjNGudGpXyw"]},{"@type":"Person","@id":"https:\/\/radioljubuski.ba\/#\/schema\/person\/19fc700381a780f69665d7956c469e3b","name":"Radio Ljubu\u0161ki"}]}},"_links":{"self":[{"href":"https:\/\/radioljubuski.ba\/index.php\/wp-json\/wp\/v2\/posts\/28273","targetHints":{"allow":["GET"]}}],"collection":[{"href":"https:\/\/radioljubuski.ba\/index.php\/wp-json\/wp\/v2\/posts"}],"about":[{"href":"https:\/\/radioljubuski.ba\/index.php\/wp-json\/wp\/v2\/types\/post"}],"author":[{"embeddable":true,"href":"https:\/\/radioljubuski.ba\/index.php\/wp-json\/wp\/v2\/users\/2"}],"replies":[{"embeddable":true,"href":"https:\/\/radioljubuski.ba\/index.php\/wp-json\/wp\/v2\/comments?post=28273"}],"version-history":[{"count":1,"href":"https:\/\/radioljubuski.ba\/index.php\/wp-json\/wp\/v2\/posts\/28273\/revisions"}],"predecessor-version":[{"id":28275,"href":"https:\/\/radioljubuski.ba\/index.php\/wp-json\/wp\/v2\/posts\/28273\/revisions\/28275"}],"wp:attachment":[{"href":"https:\/\/radioljubuski.ba\/index.php\/wp-json\/wp\/v2\/media?parent=28273"}],"wp:term":[{"taxonomy":"category","embeddable":true,"href":"https:\/\/radioljubuski.ba\/index.php\/wp-json\/wp\/v2\/categories?post=28273"},{"taxonomy":"post_tag","embeddable":true,"href":"https:\/\/radioljubuski.ba\/index.php\/wp-json\/wp\/v2\/tags?post=28273"}],"curies":[{"name":"wp","href":"https:\/\/api.w.org\/{rel}","templated":true}]}}