{"id":283,"date":"2021-01-19T11:11:49","date_gmt":"2021-01-19T11:11:49","guid":{"rendered":"https:\/\/radioljubuski.ba\/?p=283"},"modified":"2021-03-12T00:54:04","modified_gmt":"2021-03-11T23:54:04","slug":"ivan-mlinarevic-o-programu-eu-za-mlade-drzavne-sluzbenika-u-bih-audio","status":"publish","type":"post","link":"https:\/\/radioljubuski.ba\/index.php\/2021\/01\/19\/ivan-mlinarevic-o-programu-eu-za-mlade-drzavne-sluzbenika-u-bih-audio\/","title":{"rendered":"Ivan Mlinarevi\u0107 o Programu EU za mlade dr\u017eavne slu\u017ebenika u BiH &#8211; audio"},"content":{"rendered":"\n<p>Ljubu\u0161ak Ivan Mlinarevi\u0107 jedan je od 25 dr\u017eavnih slu\u017ebenika koji su odabrani za sudjelovanje u edukativnom projektu \u201eProgram EU za mlade dr\u017eavne slu\u017ebenika u BiH\u201c, ujedno i jedini iz Hercegovine, koji su kroz projekt dobili priliku za obuku na College of Europe, me\u0111unarodnom sveu\u010dili\u0161tu specijaliziranom za magisterije iz podru\u010dja Europskih studija.<\/p>\n\n\n\n<p>Odabrani dr\u017eavni slu\u017ebenici kroz \u010detiri tjedna poha\u0111aju online predavanja, te su educirani od strane renomiranih profesora sa sveu\u010dili\u0161ta u Bruggeu.<\/p>\n\n\n\n<p>Rektorica ovog sveu\u010dili\u0161ta je Federica Mogherini, biv\u0161a \u0161efica diplomacije EU, a na ovom sveu\u010dili\u0161tu obuke su pro\u0161li brojni poznati diplomati iz \u010ditave Europe.<\/p>\n\n\n\n<p>Ovaj projekt se provodi uz financijsku podr\u0161ku Europske unije i realizaciju British Council u BiH.&nbsp;<br><br>\u201e<em>Zahvaljuju\u0107i British Councilu, 25 sretnika, uklju\u010duju\u0107i i moju malenkost smo dobili priliku slu\u0161ati predavanja od najrenomiranijih profesora sa College of Europe i upoznati, za sada samo online, rektoricu Federicu Mogerini\u201c,<\/em>&nbsp;rekao je ranije Mlinarevi\u0107.<br><br>Kako je pojasnio u programu Radija Ljubu\u0161ki, edukacija se odnosi na reformu javne uprave, od na\u010dina borbe protiv korupcije, do puta BiH u EU i sustavnih vje\u017ebi te diplomacije.<br><br>\u201e<em>Na koncu cijelog ovog programa u Bruggesu bi nam trebale biti podijeljene diplome od strane College of Europe. Nas 25 pet dr\u017eavnih slu\u017ebenika bi potom dalje kao treneri to ste\u010deno znanje od profesora prenosili dalje na ostale dr\u017eavne slu\u017ebenike kroz treninge i ustaljene prakse\u201c,<\/em>&nbsp;isti\u010de Mlinarevi\u0107.<br><br>Polaznici trenutno stje\u010du znanja od renomiranih profesora koji su radili na edukacijama europske integracije za sve zemlje potencijalne \u010dlanice EU.<br><br>Njih 25 polaznika je podijeljeno u 5 grupa, svaka sa aktualnim temama za izradu policy papera, odnosno neke vrste politike koja bi trebala u svom sadr\u017eaju obraditi pozadinu problema, potencijalna rje\u0161enja, te na koncu i u dogledno vrijeme i za\u017eivjeti kao takva.<br><br>Tema Mlinarevi\u0107eg policy papera je \u201e<em>Addressing corruption in public institutions through enhancement of anti-corruption mechanisms and awareness-raising\u201c<\/em>&nbsp;gdje sa jo\u0161 4 kolege pod mentorstvom prof. Denise Sarajli\u0107 iz British Councila radi na razradi pobolj\u0161anja anti-korupcijskih mehanizama u javnoj upravi.<br><br>Vi\u0161e poslu\u0161ajte u audiozapisu<\/p>\n\n\n\n<iframe src=\"https:\/\/drive.google.com\/file\/d\/155IXIBiyjxQ032zVma8cN-9pCcDiQ1VA\/preview\" style=\"width: 100%; height: 100px;\"><\/iframe>\n","protected":false},"excerpt":{"rendered":"<p>Ljubu\u0161ak Ivan Mlinarevi\u0107 jedan je od 25 dr\u017eavnih slu\u017ebenika koji su odabrani za sudjelovanje u edukativnom projektu \u201eProgram EU za mlade dr\u017eavne slu\u017ebenika u BiH\u201c, ujedno i jedini iz Hercegovine, koji su kroz projekt dobili priliku za obuku na College of Europe, me\u0111unarodnom sveu\u010dili\u0161tu specijaliziranom za magisterije iz podru\u010dja Europskih studija. Odabrani dr\u017eavni slu\u017ebenici kroz [&hellip;]<\/p>\n","protected":false},"author":2,"featured_media":286,"comment_status":"closed","ping_status":"closed","sticky":false,"template":"","format":"standard","meta":{"h5ap_radio_sources":[],"footnotes":""},"categories":[8],"tags":[],"class_list":["post-283","post","type-post","status-publish","format-standard","has-post-thumbnail","hentry","category-rlj-audio"],"yoast_head":"<!-- This site is optimized with the Yoast SEO plugin v27.5 - https:\/\/yoast.com\/product\/yoast-seo-wordpress\/ -->\n<title>Ivan Mlinarevi\u0107 o Programu EU za mlade dr\u017eavne slu\u017ebenika u BiH - audio - RADIO LJUBU\u0160KI<\/title>\n<meta name=\"robots\" content=\"index, follow, max-snippet:-1, max-image-preview:large, max-video-preview:-1\" \/>\n<link rel=\"canonical\" href=\"https:\/\/radioljubuski.ba\/index.php\/2021\/01\/19\/ivan-mlinarevic-o-programu-eu-za-mlade-drzavne-sluzbenika-u-bih-audio\/\" \/>\n<meta property=\"og:locale\" content=\"hr_HR\" \/>\n<meta property=\"og:type\" content=\"article\" \/>\n<meta property=\"og:title\" content=\"Ivan Mlinarevi\u0107 o Programu EU za mlade dr\u017eavne slu\u017ebenika u BiH - audio - RADIO LJUBU\u0160KI\" \/>\n<meta property=\"og:description\" content=\"Ljubu\u0161ak Ivan Mlinarevi\u0107 jedan je od 25 dr\u017eavnih slu\u017ebenika koji su odabrani za sudjelovanje u edukativnom projektu \u201eProgram EU za mlade dr\u017eavne slu\u017ebenika u BiH\u201c, ujedno i jedini iz Hercegovine, koji su kroz projekt dobili priliku za obuku na College of Europe, me\u0111unarodnom sveu\u010dili\u0161tu specijaliziranom za magisterije iz podru\u010dja Europskih studija. Odabrani dr\u017eavni slu\u017ebenici kroz [&hellip;]\" \/>\n<meta property=\"og:url\" content=\"https:\/\/radioljubuski.ba\/index.php\/2021\/01\/19\/ivan-mlinarevic-o-programu-eu-za-mlade-drzavne-sluzbenika-u-bih-audio\/\" \/>\n<meta property=\"og:site_name\" content=\"RADIO LJUBU\u0160KI\" \/>\n<meta property=\"article:publisher\" content=\"https:\/\/www.facebook.com\/Radiio-Ljubuski-1490835324566332\" \/>\n<meta property=\"article:published_time\" content=\"2021-01-19T11:11:49+00:00\" \/>\n<meta property=\"article:modified_time\" content=\"2021-03-11T23:54:04+00:00\" \/>\n<meta property=\"og:image\" content=\"https:\/\/radioljubuski.ba\/wp-content\/uploads\/2021\/02\/ivan-mlinarevic.jpg\" \/>\n\t<meta property=\"og:image:width\" content=\"600\" \/>\n\t<meta property=\"og:image:height\" content=\"400\" \/>\n\t<meta property=\"og:image:type\" content=\"image\/jpeg\" \/>\n<meta name=\"author\" content=\"Radio Ljubu\u0161ki\" \/>\n<meta name=\"twitter:card\" content=\"summary_large_image\" \/>\n<meta name=\"twitter:creator\" content=\"@radioljubuski\" \/>\n<meta name=\"twitter:site\" content=\"@radioljubuski\" \/>\n<meta name=\"twitter:label1\" content=\"Napisao\/la\" \/>\n\t<meta name=\"twitter:data1\" content=\"Radio Ljubu\u0161ki\" \/>\n\t<meta name=\"twitter:label2\" content=\"Procijenjeno vrijeme \u010ditanja\" \/>\n\t<meta name=\"twitter:data2\" content=\"2 minute\" \/>\n<script type=\"application\/ld+json\" class=\"yoast-schema-graph\">{\"@context\":\"https:\\\/\\\/schema.org\",\"@graph\":[{\"@type\":\"Article\",\"@id\":\"https:\\\/\\\/radioljubuski.ba\\\/index.php\\\/2021\\\/01\\\/19\\\/ivan-mlinarevic-o-programu-eu-za-mlade-drzavne-sluzbenika-u-bih-audio\\\/#article\",\"isPartOf\":{\"@id\":\"https:\\\/\\\/radioljubuski.ba\\\/index.php\\\/2021\\\/01\\\/19\\\/ivan-mlinarevic-o-programu-eu-za-mlade-drzavne-sluzbenika-u-bih-audio\\\/\"},\"author\":{\"name\":\"Radio Ljubu\u0161ki\",\"@id\":\"https:\\\/\\\/radioljubuski.ba\\\/#\\\/schema\\\/person\\\/19fc700381a780f69665d7956c469e3b\"},\"headline\":\"Ivan Mlinarevi\u0107 o Programu EU za mlade dr\u017eavne slu\u017ebenika u BiH &#8211; audio\",\"datePublished\":\"2021-01-19T11:11:49+00:00\",\"dateModified\":\"2021-03-11T23:54:04+00:00\",\"mainEntityOfPage\":{\"@id\":\"https:\\\/\\\/radioljubuski.ba\\\/index.php\\\/2021\\\/01\\\/19\\\/ivan-mlinarevic-o-programu-eu-za-mlade-drzavne-sluzbenika-u-bih-audio\\\/\"},\"wordCount\":378,\"publisher\":{\"@id\":\"https:\\\/\\\/radioljubuski.ba\\\/#organization\"},\"image\":{\"@id\":\"https:\\\/\\\/radioljubuski.ba\\\/index.php\\\/2021\\\/01\\\/19\\\/ivan-mlinarevic-o-programu-eu-za-mlade-drzavne-sluzbenika-u-bih-audio\\\/#primaryimage\"},\"thumbnailUrl\":\"https:\\\/\\\/radioljubuski.ba\\\/wp-content\\\/uploads\\\/2021\\\/02\\\/ivan-mlinarevic.jpg\",\"articleSection\":[\"RLJ Audio\"],\"inLanguage\":\"hr\"},{\"@type\":\"WebPage\",\"@id\":\"https:\\\/\\\/radioljubuski.ba\\\/index.php\\\/2021\\\/01\\\/19\\\/ivan-mlinarevic-o-programu-eu-za-mlade-drzavne-sluzbenika-u-bih-audio\\\/\",\"url\":\"https:\\\/\\\/radioljubuski.ba\\\/index.php\\\/2021\\\/01\\\/19\\\/ivan-mlinarevic-o-programu-eu-za-mlade-drzavne-sluzbenika-u-bih-audio\\\/\",\"name\":\"Ivan Mlinarevi\u0107 o Programu EU za mlade dr\u017eavne slu\u017ebenika u BiH - audio - RADIO LJUBU\u0160KI\",\"isPartOf\":{\"@id\":\"https:\\\/\\\/radioljubuski.ba\\\/#website\"},\"primaryImageOfPage\":{\"@id\":\"https:\\\/\\\/radioljubuski.ba\\\/index.php\\\/2021\\\/01\\\/19\\\/ivan-mlinarevic-o-programu-eu-za-mlade-drzavne-sluzbenika-u-bih-audio\\\/#primaryimage\"},\"image\":{\"@id\":\"https:\\\/\\\/radioljubuski.ba\\\/index.php\\\/2021\\\/01\\\/19\\\/ivan-mlinarevic-o-programu-eu-za-mlade-drzavne-sluzbenika-u-bih-audio\\\/#primaryimage\"},\"thumbnailUrl\":\"https:\\\/\\\/radioljubuski.ba\\\/wp-content\\\/uploads\\\/2021\\\/02\\\/ivan-mlinarevic.jpg\",\"datePublished\":\"2021-01-19T11:11:49+00:00\",\"dateModified\":\"2021-03-11T23:54:04+00:00\",\"breadcrumb\":{\"@id\":\"https:\\\/\\\/radioljubuski.ba\\\/index.php\\\/2021\\\/01\\\/19\\\/ivan-mlinarevic-o-programu-eu-za-mlade-drzavne-sluzbenika-u-bih-audio\\\/#breadcrumb\"},\"inLanguage\":\"hr\",\"potentialAction\":[{\"@type\":\"ReadAction\",\"target\":[\"https:\\\/\\\/radioljubuski.ba\\\/index.php\\\/2021\\\/01\\\/19\\\/ivan-mlinarevic-o-programu-eu-za-mlade-drzavne-sluzbenika-u-bih-audio\\\/\"]}]},{\"@type\":\"ImageObject\",\"inLanguage\":\"hr\",\"@id\":\"https:\\\/\\\/radioljubuski.ba\\\/index.php\\\/2021\\\/01\\\/19\\\/ivan-mlinarevic-o-programu-eu-za-mlade-drzavne-sluzbenika-u-bih-audio\\\/#primaryimage\",\"url\":\"https:\\\/\\\/radioljubuski.ba\\\/wp-content\\\/uploads\\\/2021\\\/02\\\/ivan-mlinarevic.jpg\",\"contentUrl\":\"https:\\\/\\\/radioljubuski.ba\\\/wp-content\\\/uploads\\\/2021\\\/02\\\/ivan-mlinarevic.jpg\",\"width\":600,\"height\":400},{\"@type\":\"BreadcrumbList\",\"@id\":\"https:\\\/\\\/radioljubuski.ba\\\/index.php\\\/2021\\\/01\\\/19\\\/ivan-mlinarevic-o-programu-eu-za-mlade-drzavne-sluzbenika-u-bih-audio\\\/#breadcrumb\",\"itemListElement\":[{\"@type\":\"ListItem\",\"position\":1,\"name\":\"Po\u010detna stranica\",\"item\":\"https:\\\/\\\/radioljubuski.ba\\\/\"},{\"@type\":\"ListItem\",\"position\":2,\"name\":\"Ivan Mlinarevi\u0107 o Programu EU za mlade dr\u017eavne slu\u017ebenika u BiH &#8211; audio\"}]},{\"@type\":\"WebSite\",\"@id\":\"https:\\\/\\\/radioljubuski.ba\\\/#website\",\"url\":\"https:\\\/\\\/radioljubuski.ba\\\/\",\"name\":\"Radio Ljubu\u0161ki\",\"description\":\"Sun\u010dana frekvencija Hercegovine\",\"publisher\":{\"@id\":\"https:\\\/\\\/radioljubuski.ba\\\/#organization\"},\"potentialAction\":[{\"@type\":\"SearchAction\",\"target\":{\"@type\":\"EntryPoint\",\"urlTemplate\":\"https:\\\/\\\/radioljubuski.ba\\\/?s={search_term_string}\"},\"query-input\":{\"@type\":\"PropertyValueSpecification\",\"valueRequired\":true,\"valueName\":\"search_term_string\"}}],\"inLanguage\":\"hr\"},{\"@type\":\"Organization\",\"@id\":\"https:\\\/\\\/radioljubuski.ba\\\/#organization\",\"name\":\"Radio Ljubu\u0161ki\",\"url\":\"https:\\\/\\\/radioljubuski.ba\\\/\",\"logo\":{\"@type\":\"ImageObject\",\"inLanguage\":\"hr\",\"@id\":\"https:\\\/\\\/radioljubuski.ba\\\/#\\\/schema\\\/logo\\\/image\\\/\",\"url\":\"https:\\\/\\\/radioljubuski.ba\\\/wp-content\\\/uploads\\\/2021\\\/02\\\/cropped-Radio_Ljubuski_logo1.jpg\",\"contentUrl\":\"https:\\\/\\\/radioljubuski.ba\\\/wp-content\\\/uploads\\\/2021\\\/02\\\/cropped-Radio_Ljubuski_logo1.jpg\",\"width\":512,\"height\":512,\"caption\":\"Radio Ljubu\u0161ki\"},\"image\":{\"@id\":\"https:\\\/\\\/radioljubuski.ba\\\/#\\\/schema\\\/logo\\\/image\\\/\"},\"sameAs\":[\"https:\\\/\\\/www.facebook.com\\\/Radiio-Ljubuski-1490835324566332\",\"https:\\\/\\\/x.com\\\/radioljubuski\",\"https:\\\/\\\/hr.linkedin.com\\\/company\\\/radio-ljubuski\",\"https:\\\/\\\/www.youtube.com\\\/channel\\\/UCHYaeO_n0Db3tjNGudGpXyw\"]},{\"@type\":\"Person\",\"@id\":\"https:\\\/\\\/radioljubuski.ba\\\/#\\\/schema\\\/person\\\/19fc700381a780f69665d7956c469e3b\",\"name\":\"Radio Ljubu\u0161ki\"}]}<\/script>\n<!-- \/ Yoast SEO plugin. -->","yoast_head_json":{"title":"Ivan Mlinarevi\u0107 o Programu EU za mlade dr\u017eavne slu\u017ebenika u BiH - audio - RADIO LJUBU\u0160KI","robots":{"index":"index","follow":"follow","max-snippet":"max-snippet:-1","max-image-preview":"max-image-preview:large","max-video-preview":"max-video-preview:-1"},"canonical":"https:\/\/radioljubuski.ba\/index.php\/2021\/01\/19\/ivan-mlinarevic-o-programu-eu-za-mlade-drzavne-sluzbenika-u-bih-audio\/","og_locale":"hr_HR","og_type":"article","og_title":"Ivan Mlinarevi\u0107 o Programu EU za mlade dr\u017eavne slu\u017ebenika u BiH - audio - RADIO LJUBU\u0160KI","og_description":"Ljubu\u0161ak Ivan Mlinarevi\u0107 jedan je od 25 dr\u017eavnih slu\u017ebenika koji su odabrani za sudjelovanje u edukativnom projektu \u201eProgram EU za mlade dr\u017eavne slu\u017ebenika u BiH\u201c, ujedno i jedini iz Hercegovine, koji su kroz projekt dobili priliku za obuku na College of Europe, me\u0111unarodnom sveu\u010dili\u0161tu specijaliziranom za magisterije iz podru\u010dja Europskih studija. Odabrani dr\u017eavni slu\u017ebenici kroz [&hellip;]","og_url":"https:\/\/radioljubuski.ba\/index.php\/2021\/01\/19\/ivan-mlinarevic-o-programu-eu-za-mlade-drzavne-sluzbenika-u-bih-audio\/","og_site_name":"RADIO LJUBU\u0160KI","article_publisher":"https:\/\/www.facebook.com\/Radiio-Ljubuski-1490835324566332","article_published_time":"2021-01-19T11:11:49+00:00","article_modified_time":"2021-03-11T23:54:04+00:00","og_image":[{"width":600,"height":400,"url":"https:\/\/radioljubuski.ba\/wp-content\/uploads\/2021\/02\/ivan-mlinarevic.jpg","type":"image\/jpeg"}],"author":"Radio Ljubu\u0161ki","twitter_card":"summary_large_image","twitter_creator":"@radioljubuski","twitter_site":"@radioljubuski","twitter_misc":{"Napisao\/la":"Radio Ljubu\u0161ki","Procijenjeno vrijeme \u010ditanja":"2 minute"},"schema":{"@context":"https:\/\/schema.org","@graph":[{"@type":"Article","@id":"https:\/\/radioljubuski.ba\/index.php\/2021\/01\/19\/ivan-mlinarevic-o-programu-eu-za-mlade-drzavne-sluzbenika-u-bih-audio\/#article","isPartOf":{"@id":"https:\/\/radioljubuski.ba\/index.php\/2021\/01\/19\/ivan-mlinarevic-o-programu-eu-za-mlade-drzavne-sluzbenika-u-bih-audio\/"},"author":{"name":"Radio Ljubu\u0161ki","@id":"https:\/\/radioljubuski.ba\/#\/schema\/person\/19fc700381a780f69665d7956c469e3b"},"headline":"Ivan Mlinarevi\u0107 o Programu EU za mlade dr\u017eavne slu\u017ebenika u BiH &#8211; audio","datePublished":"2021-01-19T11:11:49+00:00","dateModified":"2021-03-11T23:54:04+00:00","mainEntityOfPage":{"@id":"https:\/\/radioljubuski.ba\/index.php\/2021\/01\/19\/ivan-mlinarevic-o-programu-eu-za-mlade-drzavne-sluzbenika-u-bih-audio\/"},"wordCount":378,"publisher":{"@id":"https:\/\/radioljubuski.ba\/#organization"},"image":{"@id":"https:\/\/radioljubuski.ba\/index.php\/2021\/01\/19\/ivan-mlinarevic-o-programu-eu-za-mlade-drzavne-sluzbenika-u-bih-audio\/#primaryimage"},"thumbnailUrl":"https:\/\/radioljubuski.ba\/wp-content\/uploads\/2021\/02\/ivan-mlinarevic.jpg","articleSection":["RLJ Audio"],"inLanguage":"hr"},{"@type":"WebPage","@id":"https:\/\/radioljubuski.ba\/index.php\/2021\/01\/19\/ivan-mlinarevic-o-programu-eu-za-mlade-drzavne-sluzbenika-u-bih-audio\/","url":"https:\/\/radioljubuski.ba\/index.php\/2021\/01\/19\/ivan-mlinarevic-o-programu-eu-za-mlade-drzavne-sluzbenika-u-bih-audio\/","name":"Ivan Mlinarevi\u0107 o Programu EU za mlade dr\u017eavne slu\u017ebenika u BiH - audio - RADIO LJUBU\u0160KI","isPartOf":{"@id":"https:\/\/radioljubuski.ba\/#website"},"primaryImageOfPage":{"@id":"https:\/\/radioljubuski.ba\/index.php\/2021\/01\/19\/ivan-mlinarevic-o-programu-eu-za-mlade-drzavne-sluzbenika-u-bih-audio\/#primaryimage"},"image":{"@id":"https:\/\/radioljubuski.ba\/index.php\/2021\/01\/19\/ivan-mlinarevic-o-programu-eu-za-mlade-drzavne-sluzbenika-u-bih-audio\/#primaryimage"},"thumbnailUrl":"https:\/\/radioljubuski.ba\/wp-content\/uploads\/2021\/02\/ivan-mlinarevic.jpg","datePublished":"2021-01-19T11:11:49+00:00","dateModified":"2021-03-11T23:54:04+00:00","breadcrumb":{"@id":"https:\/\/radioljubuski.ba\/index.php\/2021\/01\/19\/ivan-mlinarevic-o-programu-eu-za-mlade-drzavne-sluzbenika-u-bih-audio\/#breadcrumb"},"inLanguage":"hr","potentialAction":[{"@type":"ReadAction","target":["https:\/\/radioljubuski.ba\/index.php\/2021\/01\/19\/ivan-mlinarevic-o-programu-eu-za-mlade-drzavne-sluzbenika-u-bih-audio\/"]}]},{"@type":"ImageObject","inLanguage":"hr","@id":"https:\/\/radioljubuski.ba\/index.php\/2021\/01\/19\/ivan-mlinarevic-o-programu-eu-za-mlade-drzavne-sluzbenika-u-bih-audio\/#primaryimage","url":"https:\/\/radioljubuski.ba\/wp-content\/uploads\/2021\/02\/ivan-mlinarevic.jpg","contentUrl":"https:\/\/radioljubuski.ba\/wp-content\/uploads\/2021\/02\/ivan-mlinarevic.jpg","width":600,"height":400},{"@type":"BreadcrumbList","@id":"https:\/\/radioljubuski.ba\/index.php\/2021\/01\/19\/ivan-mlinarevic-o-programu-eu-za-mlade-drzavne-sluzbenika-u-bih-audio\/#breadcrumb","itemListElement":[{"@type":"ListItem","position":1,"name":"Po\u010detna stranica","item":"https:\/\/radioljubuski.ba\/"},{"@type":"ListItem","position":2,"name":"Ivan Mlinarevi\u0107 o Programu EU za mlade dr\u017eavne slu\u017ebenika u BiH &#8211; audio"}]},{"@type":"WebSite","@id":"https:\/\/radioljubuski.ba\/#website","url":"https:\/\/radioljubuski.ba\/","name":"Radio Ljubu\u0161ki","description":"Sun\u010dana frekvencija Hercegovine","publisher":{"@id":"https:\/\/radioljubuski.ba\/#organization"},"potentialAction":[{"@type":"SearchAction","target":{"@type":"EntryPoint","urlTemplate":"https:\/\/radioljubuski.ba\/?s={search_term_string}"},"query-input":{"@type":"PropertyValueSpecification","valueRequired":true,"valueName":"search_term_string"}}],"inLanguage":"hr"},{"@type":"Organization","@id":"https:\/\/radioljubuski.ba\/#organization","name":"Radio Ljubu\u0161ki","url":"https:\/\/radioljubuski.ba\/","logo":{"@type":"ImageObject","inLanguage":"hr","@id":"https:\/\/radioljubuski.ba\/#\/schema\/logo\/image\/","url":"https:\/\/radioljubuski.ba\/wp-content\/uploads\/2021\/02\/cropped-Radio_Ljubuski_logo1.jpg","contentUrl":"https:\/\/radioljubuski.ba\/wp-content\/uploads\/2021\/02\/cropped-Radio_Ljubuski_logo1.jpg","width":512,"height":512,"caption":"Radio Ljubu\u0161ki"},"image":{"@id":"https:\/\/radioljubuski.ba\/#\/schema\/logo\/image\/"},"sameAs":["https:\/\/www.facebook.com\/Radiio-Ljubuski-1490835324566332","https:\/\/x.com\/radioljubuski","https:\/\/hr.linkedin.com\/company\/radio-ljubuski","https:\/\/www.youtube.com\/channel\/UCHYaeO_n0Db3tjNGudGpXyw"]},{"@type":"Person","@id":"https:\/\/radioljubuski.ba\/#\/schema\/person\/19fc700381a780f69665d7956c469e3b","name":"Radio Ljubu\u0161ki"}]}},"_links":{"self":[{"href":"https:\/\/radioljubuski.ba\/index.php\/wp-json\/wp\/v2\/posts\/283","targetHints":{"allow":["GET"]}}],"collection":[{"href":"https:\/\/radioljubuski.ba\/index.php\/wp-json\/wp\/v2\/posts"}],"about":[{"href":"https:\/\/radioljubuski.ba\/index.php\/wp-json\/wp\/v2\/types\/post"}],"author":[{"embeddable":true,"href":"https:\/\/radioljubuski.ba\/index.php\/wp-json\/wp\/v2\/users\/2"}],"replies":[{"embeddable":true,"href":"https:\/\/radioljubuski.ba\/index.php\/wp-json\/wp\/v2\/comments?post=283"}],"version-history":[{"count":2,"href":"https:\/\/radioljubuski.ba\/index.php\/wp-json\/wp\/v2\/posts\/283\/revisions"}],"predecessor-version":[{"id":2955,"href":"https:\/\/radioljubuski.ba\/index.php\/wp-json\/wp\/v2\/posts\/283\/revisions\/2955"}],"wp:featuredmedia":[{"embeddable":true,"href":"https:\/\/radioljubuski.ba\/index.php\/wp-json\/wp\/v2\/media\/286"}],"wp:attachment":[{"href":"https:\/\/radioljubuski.ba\/index.php\/wp-json\/wp\/v2\/media?parent=283"}],"wp:term":[{"taxonomy":"category","embeddable":true,"href":"https:\/\/radioljubuski.ba\/index.php\/wp-json\/wp\/v2\/categories?post=283"},{"taxonomy":"post_tag","embeddable":true,"href":"https:\/\/radioljubuski.ba\/index.php\/wp-json\/wp\/v2\/tags?post=283"}],"curies":[{"name":"wp","href":"https:\/\/api.w.org\/{rel}","templated":true}]}}