{"id":28308,"date":"2021-06-04T00:55:06","date_gmt":"2021-06-03T23:55:06","guid":{"rendered":"https:\/\/radioljubuski.ba\/?p=28308"},"modified":"2021-06-04T00:55:07","modified_gmt":"2021-06-03T23:55:07","slug":"sdp-bih-pozivamo-tuziteljstvo-da-poduzme-mjere-zbog-kriminala-u-vladi-fbih","status":"publish","type":"post","link":"https:\/\/radioljubuski.ba\/index.php\/2021\/06\/04\/sdp-bih-pozivamo-tuziteljstvo-da-poduzme-mjere-zbog-kriminala-u-vladi-fbih\/","title":{"rendered":"SDP BIH: Pozivamo tu\u017eiteljstvo da poduzme mjere zbog kriminala u Vladi FBiH"},"content":{"rendered":"\n<p><strong>Pro\u0161logodi\u0161njom Uredbom Vlade FBiH o interventnim mjerama za podr\u0161ku ugro\u017eenim sektorima, Javnim pozivom i Odlukom o dodijeli financijske pomo\u0107i gospodarskim dru\u0161tvima i pojedincima nisu uspostavljeni transparentni i pravedni kriteriji za dodjelu pomo\u0107i, te je sukladno tome izvr\u0161ena nepravedna podjela prora\u010dunskih sredstava, smatraju u SDP BiH.<\/strong><\/p>\n\n\n\n<p>\u201cPredstavnici SDP-a u Parlamentu Federacije BiH su tada argumentirano i na vrijeme ukazivali na manjkavosti uredbe i tra\u017eili da se ista stavi van snage, ali nije bilo politi\u010dke volje Novali\u0107a i Vlade FBiH da se o\u010digledno nezakonite stvari zaustave. Sada je potpuno jasno za\u0161to se donosila uredba, a ne zakon, samo da bi Parlament bio isklju\u010den iz nadzora dodjele novca, a cijeli proces, kao i sa respiratorima odradila vlada mimo o\u010diju javnosti\u201d, tvrde iz SDP-a.<\/p>\n\n\n\n<p>Kako navode, u Izvje\u0161tajima Ureda za reviziju FBiH ve\u0107 je konstatirano da su na osnovu spomenute uredbe sredstva dobili korisnici kod kojih je od po\u010detka progla\u0161enja stanja nesre\u0107e ve\u0107 do\u0161lo do zna\u010dajnog smanjenja broja zaposlenih, \u0161to Uredbom nije bilo predvi\u0111eno.<\/p>\n\n\n\n<p>\u201cU kona\u010dnici nije zadovoljen op\u0107i cilj, a to je o\u010duvanje radnih mjesta. Tako\u0111er, usvojenim mjerama nisu bile obuhva\u0107ene djelatnosti kojima je, naredbama Kriznog sto\u017eera FBiH, bio ograni\u010den ili zabranjen rad. Novali\u0107eva vlada se nije vodila principom za\u0161tite radnih mjesta, ve\u0107 je favorizirala vlasnike firmi u odnosu na radnike. Blizu 90 milijuna maraka potro\u0161eno je ve\u0107im dijelom na gospodarske subjekte koji su radnike otpustili i ostali zatvoreni. Na kraju, veliki broj radnika je ostao bez posla, a vlasnici su se nakon toga neosnovano bogatili\u201d, navode iz SDP-a.<\/p>\n\n\n\n<p>Zbog svega navedenog, SDP poziva tu\u017eiteljstvo da hitno poduzme konkretne mjere iz svoje nadle\u017enosti zbog evidentnog kriminala u Vladi Federacije BiH koji je ve\u0107 dokumentiran i od strane Ureda za reviziju.<\/p>\n\n\n\n<p>\/HMS\/<\/p>\n","protected":false},"excerpt":{"rendered":"<p>Pro\u0161logodi\u0161njom Uredbom Vlade FBiH o interventnim mjerama za podr\u0161ku ugro\u017eenim sektorima, Javnim pozivom i Odlukom o dodijeli financijske pomo\u0107i gospodarskim dru\u0161tvima i pojedincima nisu uspostavljeni transparentni i pravedni kriteriji za dodjelu pomo\u0107i, te je sukladno tome izvr\u0161ena nepravedna podjela prora\u010dunskih sredstava, smatraju u SDP BiH. \u201cPredstavnici SDP-a u Parlamentu Federacije BiH su tada argumentirano i [&hellip;]<\/p>\n","protected":false},"author":2,"featured_media":28309,"comment_status":"closed","ping_status":"closed","sticky":false,"template":"","format":"standard","meta":{"h5ap_radio_sources":[],"footnotes":""},"categories":[1],"tags":[],"class_list":["post-28308","post","type-post","status-publish","format-standard","has-post-thumbnail","hentry","category-bihiregija"],"yoast_head":"<!-- This site is optimized with the Yoast SEO plugin v27.5 - https:\/\/yoast.com\/product\/yoast-seo-wordpress\/ -->\n<title>SDP BIH: Pozivamo tu\u017eiteljstvo da poduzme mjere zbog kriminala u Vladi FBiH - RADIO LJUBU\u0160KI<\/title>\n<meta name=\"robots\" content=\"index, follow, max-snippet:-1, max-image-preview:large, max-video-preview:-1\" \/>\n<link rel=\"canonical\" href=\"https:\/\/radioljubuski.ba\/index.php\/2021\/06\/04\/sdp-bih-pozivamo-tuziteljstvo-da-poduzme-mjere-zbog-kriminala-u-vladi-fbih\/\" \/>\n<meta property=\"og:locale\" content=\"hr_HR\" \/>\n<meta property=\"og:type\" content=\"article\" \/>\n<meta property=\"og:title\" content=\"SDP BIH: Pozivamo tu\u017eiteljstvo da poduzme mjere zbog kriminala u Vladi FBiH - RADIO LJUBU\u0160KI\" \/>\n<meta property=\"og:description\" content=\"Pro\u0161logodi\u0161njom Uredbom Vlade FBiH o interventnim mjerama za podr\u0161ku ugro\u017eenim sektorima, Javnim pozivom i Odlukom o dodijeli financijske pomo\u0107i gospodarskim dru\u0161tvima i pojedincima nisu uspostavljeni transparentni i pravedni kriteriji za dodjelu pomo\u0107i, te je sukladno tome izvr\u0161ena nepravedna podjela prora\u010dunskih sredstava, smatraju u SDP BiH. \u201cPredstavnici SDP-a u Parlamentu Federacije BiH su tada argumentirano i [&hellip;]\" \/>\n<meta property=\"og:url\" content=\"https:\/\/radioljubuski.ba\/index.php\/2021\/06\/04\/sdp-bih-pozivamo-tuziteljstvo-da-poduzme-mjere-zbog-kriminala-u-vladi-fbih\/\" \/>\n<meta property=\"og:site_name\" content=\"RADIO LJUBU\u0160KI\" \/>\n<meta property=\"article:publisher\" content=\"https:\/\/www.facebook.com\/Radiio-Ljubuski-1490835324566332\" \/>\n<meta property=\"article:published_time\" content=\"2021-06-03T23:55:06+00:00\" \/>\n<meta property=\"article:modified_time\" content=\"2021-06-03T23:55:07+00:00\" \/>\n<meta property=\"og:image\" content=\"https:\/\/radioljubuski.ba\/wp-content\/uploads\/2021\/06\/nermin-niksic-1.jpg\" \/>\n\t<meta property=\"og:image:width\" content=\"1280\" \/>\n\t<meta property=\"og:image:height\" content=\"853\" \/>\n\t<meta property=\"og:image:type\" content=\"image\/jpeg\" \/>\n<meta name=\"author\" content=\"Radio Ljubu\u0161ki\" \/>\n<meta name=\"twitter:card\" content=\"summary_large_image\" \/>\n<meta name=\"twitter:creator\" content=\"@radioljubuski\" \/>\n<meta name=\"twitter:site\" content=\"@radioljubuski\" \/>\n<meta name=\"twitter:label1\" content=\"Napisao\/la\" \/>\n\t<meta name=\"twitter:data1\" content=\"Radio Ljubu\u0161ki\" \/>\n\t<meta name=\"twitter:label2\" content=\"Procijenjeno vrijeme \u010ditanja\" \/>\n\t<meta name=\"twitter:data2\" content=\"2 minute\" \/>\n<script type=\"application\/ld+json\" class=\"yoast-schema-graph\">{\"@context\":\"https:\\\/\\\/schema.org\",\"@graph\":[{\"@type\":\"Article\",\"@id\":\"https:\\\/\\\/radioljubuski.ba\\\/index.php\\\/2021\\\/06\\\/04\\\/sdp-bih-pozivamo-tuziteljstvo-da-poduzme-mjere-zbog-kriminala-u-vladi-fbih\\\/#article\",\"isPartOf\":{\"@id\":\"https:\\\/\\\/radioljubuski.ba\\\/index.php\\\/2021\\\/06\\\/04\\\/sdp-bih-pozivamo-tuziteljstvo-da-poduzme-mjere-zbog-kriminala-u-vladi-fbih\\\/\"},\"author\":{\"name\":\"Radio Ljubu\u0161ki\",\"@id\":\"https:\\\/\\\/radioljubuski.ba\\\/#\\\/schema\\\/person\\\/19fc700381a780f69665d7956c469e3b\"},\"headline\":\"SDP BIH: Pozivamo tu\u017eiteljstvo da poduzme mjere zbog kriminala u Vladi FBiH\",\"datePublished\":\"2021-06-03T23:55:06+00:00\",\"dateModified\":\"2021-06-03T23:55:07+00:00\",\"mainEntityOfPage\":{\"@id\":\"https:\\\/\\\/radioljubuski.ba\\\/index.php\\\/2021\\\/06\\\/04\\\/sdp-bih-pozivamo-tuziteljstvo-da-poduzme-mjere-zbog-kriminala-u-vladi-fbih\\\/\"},\"wordCount\":326,\"publisher\":{\"@id\":\"https:\\\/\\\/radioljubuski.ba\\\/#organization\"},\"image\":{\"@id\":\"https:\\\/\\\/radioljubuski.ba\\\/index.php\\\/2021\\\/06\\\/04\\\/sdp-bih-pozivamo-tuziteljstvo-da-poduzme-mjere-zbog-kriminala-u-vladi-fbih\\\/#primaryimage\"},\"thumbnailUrl\":\"https:\\\/\\\/radioljubuski.ba\\\/wp-content\\\/uploads\\\/2021\\\/06\\\/nermin-niksic-1.jpg\",\"articleSection\":[\"BIH i regija\"],\"inLanguage\":\"hr\"},{\"@type\":\"WebPage\",\"@id\":\"https:\\\/\\\/radioljubuski.ba\\\/index.php\\\/2021\\\/06\\\/04\\\/sdp-bih-pozivamo-tuziteljstvo-da-poduzme-mjere-zbog-kriminala-u-vladi-fbih\\\/\",\"url\":\"https:\\\/\\\/radioljubuski.ba\\\/index.php\\\/2021\\\/06\\\/04\\\/sdp-bih-pozivamo-tuziteljstvo-da-poduzme-mjere-zbog-kriminala-u-vladi-fbih\\\/\",\"name\":\"SDP BIH: Pozivamo tu\u017eiteljstvo da poduzme mjere zbog kriminala u Vladi FBiH - RADIO LJUBU\u0160KI\",\"isPartOf\":{\"@id\":\"https:\\\/\\\/radioljubuski.ba\\\/#website\"},\"primaryImageOfPage\":{\"@id\":\"https:\\\/\\\/radioljubuski.ba\\\/index.php\\\/2021\\\/06\\\/04\\\/sdp-bih-pozivamo-tuziteljstvo-da-poduzme-mjere-zbog-kriminala-u-vladi-fbih\\\/#primaryimage\"},\"image\":{\"@id\":\"https:\\\/\\\/radioljubuski.ba\\\/index.php\\\/2021\\\/06\\\/04\\\/sdp-bih-pozivamo-tuziteljstvo-da-poduzme-mjere-zbog-kriminala-u-vladi-fbih\\\/#primaryimage\"},\"thumbnailUrl\":\"https:\\\/\\\/radioljubuski.ba\\\/wp-content\\\/uploads\\\/2021\\\/06\\\/nermin-niksic-1.jpg\",\"datePublished\":\"2021-06-03T23:55:06+00:00\",\"dateModified\":\"2021-06-03T23:55:07+00:00\",\"breadcrumb\":{\"@id\":\"https:\\\/\\\/radioljubuski.ba\\\/index.php\\\/2021\\\/06\\\/04\\\/sdp-bih-pozivamo-tuziteljstvo-da-poduzme-mjere-zbog-kriminala-u-vladi-fbih\\\/#breadcrumb\"},\"inLanguage\":\"hr\",\"potentialAction\":[{\"@type\":\"ReadAction\",\"target\":[\"https:\\\/\\\/radioljubuski.ba\\\/index.php\\\/2021\\\/06\\\/04\\\/sdp-bih-pozivamo-tuziteljstvo-da-poduzme-mjere-zbog-kriminala-u-vladi-fbih\\\/\"]}]},{\"@type\":\"ImageObject\",\"inLanguage\":\"hr\",\"@id\":\"https:\\\/\\\/radioljubuski.ba\\\/index.php\\\/2021\\\/06\\\/04\\\/sdp-bih-pozivamo-tuziteljstvo-da-poduzme-mjere-zbog-kriminala-u-vladi-fbih\\\/#primaryimage\",\"url\":\"https:\\\/\\\/radioljubuski.ba\\\/wp-content\\\/uploads\\\/2021\\\/06\\\/nermin-niksic-1.jpg\",\"contentUrl\":\"https:\\\/\\\/radioljubuski.ba\\\/wp-content\\\/uploads\\\/2021\\\/06\\\/nermin-niksic-1.jpg\",\"width\":1280,\"height\":853},{\"@type\":\"BreadcrumbList\",\"@id\":\"https:\\\/\\\/radioljubuski.ba\\\/index.php\\\/2021\\\/06\\\/04\\\/sdp-bih-pozivamo-tuziteljstvo-da-poduzme-mjere-zbog-kriminala-u-vladi-fbih\\\/#breadcrumb\",\"itemListElement\":[{\"@type\":\"ListItem\",\"position\":1,\"name\":\"Po\u010detna stranica\",\"item\":\"https:\\\/\\\/radioljubuski.ba\\\/\"},{\"@type\":\"ListItem\",\"position\":2,\"name\":\"SDP BIH: Pozivamo tu\u017eiteljstvo da poduzme mjere zbog kriminala u Vladi FBiH\"}]},{\"@type\":\"WebSite\",\"@id\":\"https:\\\/\\\/radioljubuski.ba\\\/#website\",\"url\":\"https:\\\/\\\/radioljubuski.ba\\\/\",\"name\":\"Radio Ljubu\u0161ki\",\"description\":\"Sun\u010dana frekvencija Hercegovine\",\"publisher\":{\"@id\":\"https:\\\/\\\/radioljubuski.ba\\\/#organization\"},\"potentialAction\":[{\"@type\":\"SearchAction\",\"target\":{\"@type\":\"EntryPoint\",\"urlTemplate\":\"https:\\\/\\\/radioljubuski.ba\\\/?s={search_term_string}\"},\"query-input\":{\"@type\":\"PropertyValueSpecification\",\"valueRequired\":true,\"valueName\":\"search_term_string\"}}],\"inLanguage\":\"hr\"},{\"@type\":\"Organization\",\"@id\":\"https:\\\/\\\/radioljubuski.ba\\\/#organization\",\"name\":\"Radio Ljubu\u0161ki\",\"url\":\"https:\\\/\\\/radioljubuski.ba\\\/\",\"logo\":{\"@type\":\"ImageObject\",\"inLanguage\":\"hr\",\"@id\":\"https:\\\/\\\/radioljubuski.ba\\\/#\\\/schema\\\/logo\\\/image\\\/\",\"url\":\"https:\\\/\\\/radioljubuski.ba\\\/wp-content\\\/uploads\\\/2021\\\/02\\\/cropped-Radio_Ljubuski_logo1.jpg\",\"contentUrl\":\"https:\\\/\\\/radioljubuski.ba\\\/wp-content\\\/uploads\\\/2021\\\/02\\\/cropped-Radio_Ljubuski_logo1.jpg\",\"width\":512,\"height\":512,\"caption\":\"Radio Ljubu\u0161ki\"},\"image\":{\"@id\":\"https:\\\/\\\/radioljubuski.ba\\\/#\\\/schema\\\/logo\\\/image\\\/\"},\"sameAs\":[\"https:\\\/\\\/www.facebook.com\\\/Radiio-Ljubuski-1490835324566332\",\"https:\\\/\\\/x.com\\\/radioljubuski\",\"https:\\\/\\\/hr.linkedin.com\\\/company\\\/radio-ljubuski\",\"https:\\\/\\\/www.youtube.com\\\/channel\\\/UCHYaeO_n0Db3tjNGudGpXyw\"]},{\"@type\":\"Person\",\"@id\":\"https:\\\/\\\/radioljubuski.ba\\\/#\\\/schema\\\/person\\\/19fc700381a780f69665d7956c469e3b\",\"name\":\"Radio Ljubu\u0161ki\"}]}<\/script>\n<!-- \/ Yoast SEO plugin. -->","yoast_head_json":{"title":"SDP BIH: Pozivamo tu\u017eiteljstvo da poduzme mjere zbog kriminala u Vladi FBiH - RADIO LJUBU\u0160KI","robots":{"index":"index","follow":"follow","max-snippet":"max-snippet:-1","max-image-preview":"max-image-preview:large","max-video-preview":"max-video-preview:-1"},"canonical":"https:\/\/radioljubuski.ba\/index.php\/2021\/06\/04\/sdp-bih-pozivamo-tuziteljstvo-da-poduzme-mjere-zbog-kriminala-u-vladi-fbih\/","og_locale":"hr_HR","og_type":"article","og_title":"SDP BIH: Pozivamo tu\u017eiteljstvo da poduzme mjere zbog kriminala u Vladi FBiH - RADIO LJUBU\u0160KI","og_description":"Pro\u0161logodi\u0161njom Uredbom Vlade FBiH o interventnim mjerama za podr\u0161ku ugro\u017eenim sektorima, Javnim pozivom i Odlukom o dodijeli financijske pomo\u0107i gospodarskim dru\u0161tvima i pojedincima nisu uspostavljeni transparentni i pravedni kriteriji za dodjelu pomo\u0107i, te je sukladno tome izvr\u0161ena nepravedna podjela prora\u010dunskih sredstava, smatraju u SDP BiH. \u201cPredstavnici SDP-a u Parlamentu Federacije BiH su tada argumentirano i [&hellip;]","og_url":"https:\/\/radioljubuski.ba\/index.php\/2021\/06\/04\/sdp-bih-pozivamo-tuziteljstvo-da-poduzme-mjere-zbog-kriminala-u-vladi-fbih\/","og_site_name":"RADIO LJUBU\u0160KI","article_publisher":"https:\/\/www.facebook.com\/Radiio-Ljubuski-1490835324566332","article_published_time":"2021-06-03T23:55:06+00:00","article_modified_time":"2021-06-03T23:55:07+00:00","og_image":[{"width":1280,"height":853,"url":"https:\/\/radioljubuski.ba\/wp-content\/uploads\/2021\/06\/nermin-niksic-1.jpg","type":"image\/jpeg"}],"author":"Radio Ljubu\u0161ki","twitter_card":"summary_large_image","twitter_creator":"@radioljubuski","twitter_site":"@radioljubuski","twitter_misc":{"Napisao\/la":"Radio Ljubu\u0161ki","Procijenjeno vrijeme \u010ditanja":"2 minute"},"schema":{"@context":"https:\/\/schema.org","@graph":[{"@type":"Article","@id":"https:\/\/radioljubuski.ba\/index.php\/2021\/06\/04\/sdp-bih-pozivamo-tuziteljstvo-da-poduzme-mjere-zbog-kriminala-u-vladi-fbih\/#article","isPartOf":{"@id":"https:\/\/radioljubuski.ba\/index.php\/2021\/06\/04\/sdp-bih-pozivamo-tuziteljstvo-da-poduzme-mjere-zbog-kriminala-u-vladi-fbih\/"},"author":{"name":"Radio Ljubu\u0161ki","@id":"https:\/\/radioljubuski.ba\/#\/schema\/person\/19fc700381a780f69665d7956c469e3b"},"headline":"SDP BIH: Pozivamo tu\u017eiteljstvo da poduzme mjere zbog kriminala u Vladi FBiH","datePublished":"2021-06-03T23:55:06+00:00","dateModified":"2021-06-03T23:55:07+00:00","mainEntityOfPage":{"@id":"https:\/\/radioljubuski.ba\/index.php\/2021\/06\/04\/sdp-bih-pozivamo-tuziteljstvo-da-poduzme-mjere-zbog-kriminala-u-vladi-fbih\/"},"wordCount":326,"publisher":{"@id":"https:\/\/radioljubuski.ba\/#organization"},"image":{"@id":"https:\/\/radioljubuski.ba\/index.php\/2021\/06\/04\/sdp-bih-pozivamo-tuziteljstvo-da-poduzme-mjere-zbog-kriminala-u-vladi-fbih\/#primaryimage"},"thumbnailUrl":"https:\/\/radioljubuski.ba\/wp-content\/uploads\/2021\/06\/nermin-niksic-1.jpg","articleSection":["BIH i regija"],"inLanguage":"hr"},{"@type":"WebPage","@id":"https:\/\/radioljubuski.ba\/index.php\/2021\/06\/04\/sdp-bih-pozivamo-tuziteljstvo-da-poduzme-mjere-zbog-kriminala-u-vladi-fbih\/","url":"https:\/\/radioljubuski.ba\/index.php\/2021\/06\/04\/sdp-bih-pozivamo-tuziteljstvo-da-poduzme-mjere-zbog-kriminala-u-vladi-fbih\/","name":"SDP BIH: Pozivamo tu\u017eiteljstvo da poduzme mjere zbog kriminala u Vladi FBiH - RADIO LJUBU\u0160KI","isPartOf":{"@id":"https:\/\/radioljubuski.ba\/#website"},"primaryImageOfPage":{"@id":"https:\/\/radioljubuski.ba\/index.php\/2021\/06\/04\/sdp-bih-pozivamo-tuziteljstvo-da-poduzme-mjere-zbog-kriminala-u-vladi-fbih\/#primaryimage"},"image":{"@id":"https:\/\/radioljubuski.ba\/index.php\/2021\/06\/04\/sdp-bih-pozivamo-tuziteljstvo-da-poduzme-mjere-zbog-kriminala-u-vladi-fbih\/#primaryimage"},"thumbnailUrl":"https:\/\/radioljubuski.ba\/wp-content\/uploads\/2021\/06\/nermin-niksic-1.jpg","datePublished":"2021-06-03T23:55:06+00:00","dateModified":"2021-06-03T23:55:07+00:00","breadcrumb":{"@id":"https:\/\/radioljubuski.ba\/index.php\/2021\/06\/04\/sdp-bih-pozivamo-tuziteljstvo-da-poduzme-mjere-zbog-kriminala-u-vladi-fbih\/#breadcrumb"},"inLanguage":"hr","potentialAction":[{"@type":"ReadAction","target":["https:\/\/radioljubuski.ba\/index.php\/2021\/06\/04\/sdp-bih-pozivamo-tuziteljstvo-da-poduzme-mjere-zbog-kriminala-u-vladi-fbih\/"]}]},{"@type":"ImageObject","inLanguage":"hr","@id":"https:\/\/radioljubuski.ba\/index.php\/2021\/06\/04\/sdp-bih-pozivamo-tuziteljstvo-da-poduzme-mjere-zbog-kriminala-u-vladi-fbih\/#primaryimage","url":"https:\/\/radioljubuski.ba\/wp-content\/uploads\/2021\/06\/nermin-niksic-1.jpg","contentUrl":"https:\/\/radioljubuski.ba\/wp-content\/uploads\/2021\/06\/nermin-niksic-1.jpg","width":1280,"height":853},{"@type":"BreadcrumbList","@id":"https:\/\/radioljubuski.ba\/index.php\/2021\/06\/04\/sdp-bih-pozivamo-tuziteljstvo-da-poduzme-mjere-zbog-kriminala-u-vladi-fbih\/#breadcrumb","itemListElement":[{"@type":"ListItem","position":1,"name":"Po\u010detna stranica","item":"https:\/\/radioljubuski.ba\/"},{"@type":"ListItem","position":2,"name":"SDP BIH: Pozivamo tu\u017eiteljstvo da poduzme mjere zbog kriminala u Vladi FBiH"}]},{"@type":"WebSite","@id":"https:\/\/radioljubuski.ba\/#website","url":"https:\/\/radioljubuski.ba\/","name":"Radio Ljubu\u0161ki","description":"Sun\u010dana frekvencija Hercegovine","publisher":{"@id":"https:\/\/radioljubuski.ba\/#organization"},"potentialAction":[{"@type":"SearchAction","target":{"@type":"EntryPoint","urlTemplate":"https:\/\/radioljubuski.ba\/?s={search_term_string}"},"query-input":{"@type":"PropertyValueSpecification","valueRequired":true,"valueName":"search_term_string"}}],"inLanguage":"hr"},{"@type":"Organization","@id":"https:\/\/radioljubuski.ba\/#organization","name":"Radio Ljubu\u0161ki","url":"https:\/\/radioljubuski.ba\/","logo":{"@type":"ImageObject","inLanguage":"hr","@id":"https:\/\/radioljubuski.ba\/#\/schema\/logo\/image\/","url":"https:\/\/radioljubuski.ba\/wp-content\/uploads\/2021\/02\/cropped-Radio_Ljubuski_logo1.jpg","contentUrl":"https:\/\/radioljubuski.ba\/wp-content\/uploads\/2021\/02\/cropped-Radio_Ljubuski_logo1.jpg","width":512,"height":512,"caption":"Radio Ljubu\u0161ki"},"image":{"@id":"https:\/\/radioljubuski.ba\/#\/schema\/logo\/image\/"},"sameAs":["https:\/\/www.facebook.com\/Radiio-Ljubuski-1490835324566332","https:\/\/x.com\/radioljubuski","https:\/\/hr.linkedin.com\/company\/radio-ljubuski","https:\/\/www.youtube.com\/channel\/UCHYaeO_n0Db3tjNGudGpXyw"]},{"@type":"Person","@id":"https:\/\/radioljubuski.ba\/#\/schema\/person\/19fc700381a780f69665d7956c469e3b","name":"Radio Ljubu\u0161ki"}]}},"_links":{"self":[{"href":"https:\/\/radioljubuski.ba\/index.php\/wp-json\/wp\/v2\/posts\/28308","targetHints":{"allow":["GET"]}}],"collection":[{"href":"https:\/\/radioljubuski.ba\/index.php\/wp-json\/wp\/v2\/posts"}],"about":[{"href":"https:\/\/radioljubuski.ba\/index.php\/wp-json\/wp\/v2\/types\/post"}],"author":[{"embeddable":true,"href":"https:\/\/radioljubuski.ba\/index.php\/wp-json\/wp\/v2\/users\/2"}],"replies":[{"embeddable":true,"href":"https:\/\/radioljubuski.ba\/index.php\/wp-json\/wp\/v2\/comments?post=28308"}],"version-history":[{"count":1,"href":"https:\/\/radioljubuski.ba\/index.php\/wp-json\/wp\/v2\/posts\/28308\/revisions"}],"predecessor-version":[{"id":28310,"href":"https:\/\/radioljubuski.ba\/index.php\/wp-json\/wp\/v2\/posts\/28308\/revisions\/28310"}],"wp:featuredmedia":[{"embeddable":true,"href":"https:\/\/radioljubuski.ba\/index.php\/wp-json\/wp\/v2\/media\/28309"}],"wp:attachment":[{"href":"https:\/\/radioljubuski.ba\/index.php\/wp-json\/wp\/v2\/media?parent=28308"}],"wp:term":[{"taxonomy":"category","embeddable":true,"href":"https:\/\/radioljubuski.ba\/index.php\/wp-json\/wp\/v2\/categories?post=28308"},{"taxonomy":"post_tag","embeddable":true,"href":"https:\/\/radioljubuski.ba\/index.php\/wp-json\/wp\/v2\/tags?post=28308"}],"curies":[{"name":"wp","href":"https:\/\/api.w.org\/{rel}","templated":true}]}}