{"id":28311,"date":"2021-06-04T00:59:01","date_gmt":"2021-06-03T23:59:01","guid":{"rendered":"https:\/\/radioljubuski.ba\/?p=28311"},"modified":"2021-06-04T00:59:02","modified_gmt":"2021-06-03T23:59:02","slug":"hrvati-u-bih-su-ugrozeni-i-politicki-i-bioloski-ima-li-hrvatska-politika-pravi-odgovor","status":"publish","type":"post","link":"https:\/\/radioljubuski.ba\/index.php\/2021\/06\/04\/hrvati-u-bih-su-ugrozeni-i-politicki-i-bioloski-ima-li-hrvatska-politika-pravi-odgovor\/","title":{"rendered":"Hrvati u BiH su ugro\u017eeni i politi\u010dki i biolo\u0161ki, ima li hrvatska politika pravi odgovor?"},"content":{"rendered":"\n<p><strong>Ho\u0107e li Hrvati u BiH, ako ne do\u0111e do izmjena Izbornog zakona, izgubiti status suverenog naroda i postati i de facto nacionalna manjina, ho\u0107e li biti Op\u0107ih izbora 2022. godine, po kojem \u0107e se zakonu odr\u017eati i \u0161to bi hrvatski politi\u010dki vrh trebao u\u010diniti ako se ostvare otvorene najave bo\u0161nja\u010dkih politi\u010dara da \u0107e 2022. biti godina kona\u010dnog obra\u010duna u kojem \u0107e vlast (ponovno) biti formirana bez legitimnih politi\u010dkih predstavnika jednog od tri konstitutivna naroda u BiH i mogu li predstavnici me\u0111unarodne zajednice sprije\u010diti i zaustaviti planove politi\u010dkog Sarajeva koje ve\u0107 sada, otvoreno i transparentno, najavljuje novu Alijansu i Platformu te potpunu mobilizaciju kako bi Hrvatima nametnuli politi\u010dke predstavnike.<\/strong><\/p>\n\n\n\n<p>Uo\u010di zasjedanja Hrvatskog narodnog sabora u petak, 4. lipnja u Mostaru,&nbsp;<a href=\"https:\/\/www.dnevnik.ba\/teme\/hrvati-u-bih-su-ugrozeni-i-politicki-i-bioloski-ima-li-hrvatska-politika-pravi-odgovor\" target=\"_blank\" rel=\"noreferrer noopener\">Dnevnik.ba<\/a>&nbsp;donosi analizu s izjavama Marka Toki\u0107a, sveu\u010dili\u0161nog profesora i predsjednika nekada\u0161nje Hrvatske samouprave, Josipa Vri\u010dka, kolumnista, novinara Milana \u0160utala i Zorana Kre\u0161i\u0107a, te Slavena Ragu\u017ea, trenutno najglasnijeg hrvatskog oporbenog politi\u010dara. Dnevnik.ba je, ovim povodom, kontaktirao i neke visoke du\u017enosnike HNS-a BiH i HDZ-a BiH koji su odbili sudjelovati uz komentar \u201ckako je potrebno sa\u010dekati zasjedanje HNS-a\u201c da bi mogli odgovoriti na pitanje, \u0161to \u0107e Hrvati, ako ne do\u0111e do izmjena Izbornog zakona odnosno \u0161to \u0107e u\u010diniti ako se izbor odr\u017ee po neva\u017ee\u0107em i neustavnom zakonu, a bo\u0161nja\u010dki bira\u010di im nametnu predstavnike. Na na\u0161e upite nije odgovoreno ni iz HDZ-a 1990 Ilije Cvitanovi\u0107a, kao ni Hrvatskog nacionalnog pomaka Ivana Vukadina iz Tomislavgrada.<\/p>\n\n\n\n<p><strong>Toki\u0107: Onaj tko je institucionalno obespravljen unutar institucija ne mo\u017ee popraviti polo\u017eaj<\/strong><\/p>\n\n\n\n<p>Onaj tko je institucionalno obespravljen unutar institucija ne mo\u017ee popraviti polo\u017eaj, to smo nau\u010dili, po\u010dinje<strong>&nbsp;Marko Toki\u0107, sveu\u010dili\u0161ni profesor<\/strong>&nbsp;i predsjednik nekada\u0161nje Hrvatske samouprave, a mo\u017ee samo do\u0107i do daljnjeg uru\u0161avanje te pozicije.<\/p>\n\n\n\n<p>\u201cBo\u0161nja\u010dka politi\u010dka elita plovi na vjetru koji im od 2001. usmjeravaju \u2018me\u0111unarodnici\u2019, uglavnom Amerikanci, a i ostali. Oni kojima je dobro jer su ve\u0107 nekoliko puta birali podobne Hrvate bez legitimiteta hrvatskih bira\u010da u vlast FBiH (Alijansa i Platforma) sada tra\u017ee mogu\u0107nost ozakonjenja takvih vlasti i pretvorbu Federacije u navodno gra\u0111anski, odnosno bo\u0161nja\u010dki entitet, po uzoru na Republiku Srpsku. To se vi\u0161e ne krije, o tome otvoreno govore i \u2018islamisti\u2019 i navodni \u2018gra\u0111ani\u2019 koji se osobito trude prikazati svoje multietni\u010dko lice dobrice koji o navodno nacionalnom niti ne vodi ra\u010duna. Glumataju, jasno je kakva je to i \u010dija je to neupitna gra\u0111anska ve\u0107ina\u201c, rekao je Toki\u0107 za&nbsp;<a href=\"https:\/\/www.dnevnik.ba\/teme\/hrvati-u-bih-su-ugrozeni-i-politicki-i-bioloski-ima-li-hrvatska-politika-pravi-odgovor\" target=\"_blank\" rel=\"noreferrer noopener\">Dnevnik.ba<\/a>.<\/p>\n\n\n\n<p><strong>Milan \u0160utalo, glavni urednik Hrvatskog medijskog servisa<\/strong>, isti\u010de kako bo\u0161nja\u010dka politika \u017eeli eliminacijom najslabije karike \u2013 Hrvata u Federaciji BiH, zagospodariti \u2018zajedni\u010dkim entitetom\u2019, a potom preuzeti hrvatske pozicije na razini BiH i osigurati dvotre\u0107insku ve\u0107inu.<\/p>\n\n\n\n<p><strong>\u0160utalo: Sunovrat dr\u017eave<\/strong><\/p>\n\n\n\n<p>\u201cPotom bi eliminirati srpski faktor u BiH. Rade isto ono \u0161to je radio Milo\u0161evi\u0107 u Jugoslaviji \u2013 rasturaju zajedni\u010dku dr\u017eavu. Za sada ne postoje nikakve naznake da bo\u0161nja\u010dki politi\u010dari poku\u0161avaju reterirati. \u2018Silni patriotizam\u2019 odvest \u0107e BiH tamo gdje je Milo\u0161evi\u0107ev re\u017eim odveo Jugoslaviju \u2013 u sunovrat\u201c, rekao je \u0160utalo za Dnevnik.ba.<\/p>\n\n\n\n<p><strong>Josip Vri\u010dko, kolumnist portala Nedjelja.ba<\/strong>, isti\u010de kako bo\u0161nja\u010dka politika u Federaciji BiH ide na \u2018kondiciju\u2019 otvoreno prebrojavaju\u0107i bojno stanje u Hrvata, stvaraju\u0107i tako alibi za poigravanje s konstitutivno\u0161\u0107u ionako najmalobrojnijeg naroda.<\/p>\n\n\n\n<p>\u201cA status quo pa\u0161e i Srbima, koji se \u2018ba\u0161kare\u2019 na teritoriji pola dr\u017eave i iz te pozicije zapravo nezainteresirano gledaju na doga\u0111aje u Federaciji. Uz, dakako, blagoslov osovine Beograd-Moskva\u201c, rekao je Vri\u010dko za&nbsp;<a href=\"https:\/\/www.dnevnik.ba\/teme\/hrvati-u-bih-su-ugrozeni-i-politicki-i-bioloski-ima-li-hrvatska-politika-pravi-odgovor\" target=\"_blank\" rel=\"noreferrer noopener\">Dnevnik.ba<\/a>.<\/p>\n\n\n\n<p>\u0160utalo, pak dodaje, kako bi takav rasplet jedva do\u010dekala RS i srpski politi\u010dari u BiH kojima je cilj pripojenje Srbiji.<\/p>\n\n\n\n<p>\u201cPogubno je i za Bo\u0161njake i Hrvate, jer nijedan ni drugi narod ne \u017eive na kompaktnim teritorijama kojima bi mogli formirati svoje nacionalne dr\u017eave u slu\u010daju raspada BiH\u201c, izjavio je \u0160utalo.<\/p>\n\n\n\n<p>Inercija kojom BiH ide, dodaje Toki\u0107, je osamostaljenje RS-a.<\/p>\n\n\n\n<p>\u201cHrvati odavno nude rje\u0161enje. Me\u0111unarodna zajednica mora ne\u0161to u\u010diniti, ako ho\u0107e, jo\u0161 uvijek to mo\u017ee. O\u010dito je da se hrvatski prijedlog ovih, dvadesetak godina, nije uklapao u njihove planove\u201c, isti\u010de Toki\u0107.<\/p>\n\n\n\n<p>Aktualna hrvatska politi\u010dka elita pati od zaborava i \u010desto se, nastavlja Toki\u0107, pravda da ne zna koji je to prostor Hrvata u BiH, iako uredno znaju naplatiti struju potro\u0161a\u010dima usluga Elektroprivrede HZHB.<\/p>\n\n\n\n<p>\u201cZagovaranje gra\u0111anskog na\u010dela u zemlji s tri konstitutivna naroda zahtjeva uspostavu ve\u0107inskih federalnih jedinica konstitutivnih naroda. Zagovornici navodnih gra\u0111anskih vrijednosti odmah idu u kontranapad optu\u017euju\u0107i vas da ste zagovornik podjele dr\u017eave. Hrvatski prostor u BiH je diskontinuiran i nije ga mogu\u0107e odijeliti od BiH bez zna\u010dajnog gubitka teritorija u sredi\u0161njoj Bosni (na koji nijedan Hrvat ne mo\u017ee pristati). To \u010dini prigovor o podjeli BiH potpuno besmislenim\u201c, isti\u010de Toki\u0107.<\/p>\n\n\n\n<p><strong>Ima li identiteta bez entiteta?<\/strong><\/p>\n\n\n\n<p>Ve\u0107 godinama, pak, u bh. javnosti hrvatski politi\u010dari i ne spominju tre\u0107i entitet kao politi\u010dku te\u017enju, \u010dak ni federalnu, izbornu jedinicu s hrvatskom ve\u0107inom. O tome najvi\u0161e govore bo\u0161nja\u010dki politi\u010dari kako bi, valjda, pla\u0161ili Bo\u0161njake Hrvatima i skretali pozornost s problema u vlastitom korpusu i zajedni\u010dkoj dr\u017eavi.<\/p>\n\n\n\n<p>Vri\u010dko, tako\u0111er, isti\u010de kako ga je zbunila nedavna izjava Dragana \u010covi\u0107a glede \u2018tre\u0107eg entiteta\u2019 koji je rekao, kako bi ga sada imao da ga je zagovarao i \u017eelio.<\/p>\n\n\n\n<p>\u201cJe li to politi\u010dki autogol ili dio strategije za vrijeme raspleta koje nas o\u010dekuje, nisam siguran. Volio bih da je ovo drugo. Jer taj, sad ve\u0107, famozni tre\u0107i ili hrvatski entitet postao je u posljednje vrijeme zapravo politi\u010dka po\u0161tapalica. Bo\u0161nja\u010dki du\u017enosnici rabe ga kako bi kompromitirali hrvatsku politiku te tako je izjedna\u010dili sa srpskom, ve\u0107 kroni\u010dnom, secesionisti\u010dkom. Ekvidistanca je omiljeni koncept u Bo\u0161njaka kad tra\u017ee \u2013 a tra\u017ee uvijek!\u2013 unutarnjeg neprijatelja\u201c, rekao je Vri\u010dko i dodao kako je Milorad Dodik ostao jedini glasnogovornik tre\u0107eg entiteta pod uvjetom da se ne dira RS gdje ionako vi\u0161e \u201chrvatskog \u017eivlja nema mnogo\u201c.<\/p>\n\n\n\n<p>\u201cMo\u017eda ba\u0161 to, vi\u0161e od bilo \u010dega drugog, govori o konstelaciji snaga i u Federaciji i u BiH. Ali i, poglavito, o polo\u017eaju Hrvata, politi\u010dkom i svakom drugom. Vrlo je, bojim se, izvjesno da \u0107emo se s nostalgijom sje\u0107ati nekada\u0161njeg Jelavi\u0107evog (predizbornog) slogana \u2018Bez entiteta nema identiteta\u2019. A od toga su evo, pro\u0161la skoro dva desetlje\u0107a\u201c, izjavio je Vri\u010dko.<\/p>\n\n\n\n<p><strong>Slaven Ragu\u017e, predsjednik Hrvatske republikanske stranke<\/strong>, veli kako smo identi\u010dne okolnosti imali i prije izbora 2014. i 2018. godina kada je jedna od glavnih tema bila ta ho\u0107e li uop\u0107e biti odr\u017eani.<\/p>\n\n\n\n<p>\u201cDijete koje je po\u0161lo u \u0161kolu kad su nakon Platforme na svim razinama zajahali \u2018legitimni na\u0161i\u2019, dogodine nakon izbora kre\u0107e u srednju \u0161kolu. Dajte mi jedan segment \u017eivota, bilo politi\u010dkog, bilo dru\u0161tvenog, da se situacija hrvatskog naroda izmijenila na bolje? Oni su samo nastavili gdje je Platforma stala. Jedino \u0161to se promijenilo to je kvaliteta \u017eivota i bankovni ra\u010dun onih koji vladaju\u201c, rekao je Ragu\u017e za&nbsp;<a href=\"https:\/\/www.dnevnik.ba\/teme\/hrvati-u-bih-su-ugrozeni-i-politicki-i-bioloski-ima-li-hrvatska-politika-pravi-odgovor\" target=\"_blank\" rel=\"noreferrer noopener\">Dnevnik.ba<\/a>.<\/p>\n\n\n\n<p><strong>Hrvatima nije do\u0161ao kraj<\/strong><\/p>\n\n\n\n<p><strong>Zoran Kre\u0161i\u0107, novinar Ve\u010dernjeg lista<\/strong>, ka\u017ee kako Hrvatima u BiH, unato\u010d svemu, nije do\u0161ao politi\u010dki kraj.<\/p>\n\n\n\n<p>\u201cImaju i imat \u0107e na\u010dina kako se izraziti \u010dak i unato\u010d tomu kakve platforme ili alijanse spremale bo\u0161nja\u010dke stranke ili pak pojedini me\u0111unarodni sponzori. Ja se uzdam, bez obzira na to kako me razumjeli s lijevog ili desnog politi\u010dkog pola, u na\u010dela ZAVNOBIH-a i Daytona. Jednakopravnost i konstitutivnost je zapisana u oba ta dokumenta koji su temelji zemlje. Poni\u0161tavanje svakih temelja zna\u010di i kraj te politi\u010dke zajednice\u201c, rekao je Kre\u0161i\u0107 za&nbsp;<a href=\"https:\/\/www.dnevnik.ba\/teme\/hrvati-u-bih-su-ugrozeni-i-politicki-i-bioloski-ima-li-hrvatska-politika-pravi-odgovor\" target=\"_blank\" rel=\"noreferrer noopener\">Dnevnik.ba<\/a>.<\/p>\n\n\n\n<p>Ragu\u017e dodaje, kako kraj nije do\u0161ao, ali sve i da jest, svaka kriza i nepogoda u sebi nosi i potencijal, ako se ima dovoljno pameti i inteligencije za iskoristiti prigodu.<\/p>\n\n\n\n<p>\u201cMi smo nakon izbora 2018. inzistirali da predstavnici Hrvata ne ulaze u vlast na bilo kojoj razini, dok se ne dogode ustavne reforme, prijedlog je glatko odbijen. Legitimni predstavnici su u punom kapacitetu obna\u0161ali du\u017enosti na svim razinama, pokazav\u0161i kako su prioritet pozicije pojedinaca s beneficijama koje s time dolaze, a ne obrana na\u010dela konstitutivnosti i borba za institucionalnu ravnopravnost\u201c, rekao je Ragu\u017e.<\/p>\n\n\n\n<p>\u0160utalo obja\u0161njava da, ukoliko, do\u0111e do izmjena Izbornog zakona BiH, a ne bude provedena presuda Ustavnog suda u predmetu Ljubi\u0107 koja nala\u017ee nesmetano biranje legitimnih politi\u010dkih predstavnika konstitutivnih naroda u Dom naroda i implicitno u Predsjedni\u0161tvo BiH, na \u0161to su se mostarskim sporazumom obvezali lideri HDZ-a i SDA Dragan \u010covi\u0107 i Bakir Izetbegovi\u0107, a sporazumu svjedo\u010dili veleposlanici SAD, EU, OESS-a i OHR-a, te vlast nakon izbora 2022. bila formirana bez onih stranaka koji dobiju ve\u0107insku podr\u0161ku hrvatskih bira\u010da, HNS BiH trebao konstatirati da su sru\u0161eni Washingtonski i Daytonski mirovni sporazum.<\/p>\n\n\n\n<p>\u201cU tom slu\u010daju bila bi poga\u017eena temeljna ustavna na\u010delna \u0161to bi tra\u017eilo da se pokrene pravni proces povratka na prethodno stanje prije potpisivanja spomenutih me\u0111unarodnih mirovnih sporazumu, sukladno Be\u010dkoj konvenciji o pravu me\u0111unarodnih ugovora\u201c, rekao je \u0160utalo.<\/p>\n\n\n\n<p><strong>\u0160to ako?<\/strong><\/p>\n\n\n\n<p>Ragu\u017e, tako\u0111er, dodaje, da ako se ponovi bilo kakvo politi\u010dko nametanje 2022. godina, Hrvati ne trebaju participirati u vlasti na bilo kojoj od razina.<\/p>\n\n\n\n<p>\u201cNetko \u0107e to nazivati blokadom, mi to nazivamo dosljedno\u0161\u0107u. Bez obzira na posljedice. To se mo\u017ee u\u010diniti\u201c, rekao je Ragu\u017e.<\/p>\n\n\n\n<p>Kre\u0161i\u0107 isti\u010de kako se nada da hrvatska strana ne\u0107e nijemo promatrati razvoj doga\u0111aja, te da to podrazumijeva, u najmanju ruku, blokadu izbora institucija i njihovog nepriznavanja.<\/p>\n\n\n\n<p>\u201cDefinitivno \u0107e sve ovisiti od toga koliko \u0107e biti sna\u017ean pritisak SAD-a na hrvatsku, a osobito na bo\u0161nja\u010dku stranu koja zapravo ra\u010duna na zadr\u017eavanje statusa quo. Druga opcija, koja zvu\u010di jako \u2018simpati\u010dno\u2019, su zapravo poku\u0161aji da se sru\u0161i Dom naroda kao Alamo hrvatske politike u BiH. Iznimno lo\u0161e su djelovale razne akcije bo\u0161nja\u010dkih lobista i pla\u0107enika koji su na\u017ealost minirali odli\u010dnu inicijativu koju su imali vode\u0107i diplomati SAD-a i EU-a u BiH Eric Gordon Nelson i Johann Sattler. Zapravo i to pokazuje tko ne \u017eeli dogovor i tko zagovara destabilizaciju\u201c, rekao je Kre\u0161i\u0107 koji smatra da su u Washingtonu svjesni kako bi naru\u0161avanjem balansa u Federaciji BiH na \u0161tetu Hrvata koristilo srpskoj strani koja bi imala alibi za ostvarenje kona\u010dnog (separatisti\u010dkog) cilja.<\/p>\n\n\n\n<p>Ragu\u017e nije tako optimisti\u010dan jer smatra kako ni jednom od politi\u010dkih predstavnika bilo kojeg naroda nije u interesu rje\u0161avanje presuda Ustavnog suda BiH.<\/p>\n\n\n\n<p>\u201cS \u010dime \u0107e oni na izbore ako se to rije\u0161i? Koja \u0107e predizborna politi\u010dka agenda, primjerice, Dragana \u010covi\u0107a i HDZ-a BiH biti kada bi, primjerice, \u017deljko Kom\u0161i\u0107 rekao ne\u0107u se vi\u0161e kandidirati i uistinu red je da Hrvati sami sebi biraju predstavnike? Dakle, na \u017ealost, jedino uz pomo\u0107 me\u0111unarodne zajednice mo\u017ee do\u0107i do dogovora\u201c, rekao je Ragu\u017e.<\/p>\n\n\n\n<p>Letargi\u010dna hrvatska politika dopustila je, nastavlja Ragu\u017e, i dopu\u0161ta da ta ista me\u0111unarodna zajednica bude glasnogovornik unitarne bo\u0161nja\u010dke sarajevske politike.<\/p>\n\n\n\n<p>\u201cDovoljno je vidjeti nametnuta, sasvim pogre\u0161na, tuma\u010denja presude Sejdi\u0107-Finci koju oni propagiraju. Prema tome, do izmjena Izbornog zakona mo\u017ee do\u0107i uz pomo\u0107 me\u0111unarodne zajednice, ali tu moramo izlobirati rje\u0161enja koja ne\u0107e i\u0107i na \u0161tetu hrvatskog naroda, nego trajno i sustavno rije\u0161iti problem pravne i institucionalne diskriminacije Hrvata u BiH\u201c, rekao je Ragu\u017e.<\/p>\n\n\n\n<p><strong>Izbora (ne)\u0107e biti, ali po kojem zakonu<\/strong><\/p>\n\n\n\n<p>Kre\u0161i\u0107 se poziva na poruke ameri\u010dkih diplomata pa konstatira kako se izbori ne\u0107e odr\u017eati ako se ne budu mogla provesti presude Sejdi\u0107 \u2013 Finci i Ljubi\u0107.<\/p>\n\n\n\n<p>\u201cIzborni zakon se mora mijenjati. Svi su toga svjesni\u201c, mi\u0161ljenja je Kre\u0161i\u0107.<\/p>\n\n\n\n<p>Ragu\u017e, pak, isti\u010de kako \u0107e izbora biti, ali nije optimisti\u010dan da \u0107e do\u0107i do promjena Izbornog zakona.<\/p>\n\n\n\n<p>\u201cAli ono \u0161to je va\u017eno jeste imati spremnu strategiju i za scenarij da se Izborni zakon ne promijeni i za slu\u010daj da do promjena do\u0111e. HRS \u0107e biti spreman na sve opcije\u201c, rekao je Ragu\u017e<\/p>\n\n\n\n<p>Vri\u010dko zaklju\u010duje kako bo\u0161nja\u010dka politika ne dvoji, kako \u0107e Izborni zakon, koji im je ve\u0107 tri puta omogu\u0107io izabrati hrvatskog \u010dlana kolektivnog bh rukovodstva, ostati netaknut.<\/p>\n\n\n\n<p>\u201cMislim kako je jedina njihova sigurna platforma ona kako izborno opet prevariti Hrvate\u201c, rekao je Vri\u010dko.<\/p>\n\n\n\n<p>Na zastupnicima Hrvatskog narodnoga sabora je stoga ogromna odgovornost \u2013 oni zapravo moraju usvojiti strategiju spasa hrvatskog prava na BiH te politi\u010dkog i biolo\u0161kog opstanka hrvatskoga naroda u BiH.<\/p>\n\n\n\n<p>\/HMS\/<\/p>\n","protected":false},"excerpt":{"rendered":"<p>Ho\u0107e li Hrvati u BiH, ako ne do\u0111e do izmjena Izbornog zakona, izgubiti status suverenog naroda i postati i de facto nacionalna manjina, ho\u0107e li biti Op\u0107ih izbora 2022. godine, po kojem \u0107e se zakonu odr\u017eati i \u0161to bi hrvatski politi\u010dki vrh trebao u\u010diniti ako se ostvare otvorene najave bo\u0161nja\u010dkih politi\u010dara da \u0107e 2022. biti [&hellip;]<\/p>\n","protected":false},"author":2,"featured_media":28312,"comment_status":"closed","ping_status":"closed","sticky":false,"template":"","format":"standard","meta":{"h5ap_radio_sources":[],"footnotes":""},"categories":[1],"tags":[],"class_list":["post-28311","post","type-post","status-publish","format-standard","has-post-thumbnail","hentry","category-bihiregija"],"yoast_head":"<!-- This site is optimized with the Yoast SEO plugin v27.5 - https:\/\/yoast.com\/product\/yoast-seo-wordpress\/ -->\n<title>Hrvati u BiH su ugro\u017eeni i politi\u010dki i biolo\u0161ki, ima li hrvatska politika pravi odgovor? - RADIO LJUBU\u0160KI<\/title>\n<meta name=\"robots\" content=\"index, follow, max-snippet:-1, max-image-preview:large, max-video-preview:-1\" \/>\n<link rel=\"canonical\" href=\"https:\/\/radioljubuski.ba\/index.php\/2021\/06\/04\/hrvati-u-bih-su-ugrozeni-i-politicki-i-bioloski-ima-li-hrvatska-politika-pravi-odgovor\/\" \/>\n<meta property=\"og:locale\" content=\"hr_HR\" \/>\n<meta property=\"og:type\" content=\"article\" \/>\n<meta property=\"og:title\" content=\"Hrvati u BiH su ugro\u017eeni i politi\u010dki i biolo\u0161ki, ima li hrvatska politika pravi odgovor? - RADIO LJUBU\u0160KI\" \/>\n<meta property=\"og:description\" content=\"Ho\u0107e li Hrvati u BiH, ako ne do\u0111e do izmjena Izbornog zakona, izgubiti status suverenog naroda i postati i de facto nacionalna manjina, ho\u0107e li biti Op\u0107ih izbora 2022. godine, po kojem \u0107e se zakonu odr\u017eati i \u0161to bi hrvatski politi\u010dki vrh trebao u\u010diniti ako se ostvare otvorene najave bo\u0161nja\u010dkih politi\u010dara da \u0107e 2022. biti [&hellip;]\" \/>\n<meta property=\"og:url\" content=\"https:\/\/radioljubuski.ba\/index.php\/2021\/06\/04\/hrvati-u-bih-su-ugrozeni-i-politicki-i-bioloski-ima-li-hrvatska-politika-pravi-odgovor\/\" \/>\n<meta property=\"og:site_name\" content=\"RADIO LJUBU\u0160KI\" \/>\n<meta property=\"article:publisher\" content=\"https:\/\/www.facebook.com\/Radiio-Ljubuski-1490835324566332\" \/>\n<meta property=\"article:published_time\" content=\"2021-06-03T23:59:01+00:00\" \/>\n<meta property=\"article:modified_time\" content=\"2021-06-03T23:59:02+00:00\" \/>\n<meta property=\"og:image\" content=\"https:\/\/radioljubuski.ba\/wp-content\/uploads\/2021\/06\/hns-bih-3.jpg\" \/>\n\t<meta property=\"og:image:width\" content=\"860\" \/>\n\t<meta property=\"og:image:height\" content=\"509\" \/>\n\t<meta property=\"og:image:type\" content=\"image\/jpeg\" \/>\n<meta name=\"author\" content=\"Radio Ljubu\u0161ki\" \/>\n<meta name=\"twitter:card\" content=\"summary_large_image\" \/>\n<meta name=\"twitter:creator\" content=\"@radioljubuski\" \/>\n<meta name=\"twitter:site\" content=\"@radioljubuski\" \/>\n<meta name=\"twitter:label1\" content=\"Napisao\/la\" \/>\n\t<meta name=\"twitter:data1\" content=\"Radio Ljubu\u0161ki\" \/>\n\t<meta name=\"twitter:label2\" content=\"Procijenjeno vrijeme \u010ditanja\" \/>\n\t<meta name=\"twitter:data2\" content=\"9 minuta\" \/>\n<script type=\"application\/ld+json\" class=\"yoast-schema-graph\">{\"@context\":\"https:\\\/\\\/schema.org\",\"@graph\":[{\"@type\":\"Article\",\"@id\":\"https:\\\/\\\/radioljubuski.ba\\\/index.php\\\/2021\\\/06\\\/04\\\/hrvati-u-bih-su-ugrozeni-i-politicki-i-bioloski-ima-li-hrvatska-politika-pravi-odgovor\\\/#article\",\"isPartOf\":{\"@id\":\"https:\\\/\\\/radioljubuski.ba\\\/index.php\\\/2021\\\/06\\\/04\\\/hrvati-u-bih-su-ugrozeni-i-politicki-i-bioloski-ima-li-hrvatska-politika-pravi-odgovor\\\/\"},\"author\":{\"name\":\"Radio Ljubu\u0161ki\",\"@id\":\"https:\\\/\\\/radioljubuski.ba\\\/#\\\/schema\\\/person\\\/19fc700381a780f69665d7956c469e3b\"},\"headline\":\"Hrvati u BiH su ugro\u017eeni i politi\u010dki i biolo\u0161ki, ima li hrvatska politika pravi odgovor?\",\"datePublished\":\"2021-06-03T23:59:01+00:00\",\"dateModified\":\"2021-06-03T23:59:02+00:00\",\"mainEntityOfPage\":{\"@id\":\"https:\\\/\\\/radioljubuski.ba\\\/index.php\\\/2021\\\/06\\\/04\\\/hrvati-u-bih-su-ugrozeni-i-politicki-i-bioloski-ima-li-hrvatska-politika-pravi-odgovor\\\/\"},\"wordCount\":2205,\"publisher\":{\"@id\":\"https:\\\/\\\/radioljubuski.ba\\\/#organization\"},\"image\":{\"@id\":\"https:\\\/\\\/radioljubuski.ba\\\/index.php\\\/2021\\\/06\\\/04\\\/hrvati-u-bih-su-ugrozeni-i-politicki-i-bioloski-ima-li-hrvatska-politika-pravi-odgovor\\\/#primaryimage\"},\"thumbnailUrl\":\"https:\\\/\\\/radioljubuski.ba\\\/wp-content\\\/uploads\\\/2021\\\/06\\\/hns-bih-3.jpg\",\"articleSection\":[\"BIH i regija\"],\"inLanguage\":\"hr\"},{\"@type\":\"WebPage\",\"@id\":\"https:\\\/\\\/radioljubuski.ba\\\/index.php\\\/2021\\\/06\\\/04\\\/hrvati-u-bih-su-ugrozeni-i-politicki-i-bioloski-ima-li-hrvatska-politika-pravi-odgovor\\\/\",\"url\":\"https:\\\/\\\/radioljubuski.ba\\\/index.php\\\/2021\\\/06\\\/04\\\/hrvati-u-bih-su-ugrozeni-i-politicki-i-bioloski-ima-li-hrvatska-politika-pravi-odgovor\\\/\",\"name\":\"Hrvati u BiH su ugro\u017eeni i politi\u010dki i biolo\u0161ki, ima li hrvatska politika pravi odgovor? - RADIO LJUBU\u0160KI\",\"isPartOf\":{\"@id\":\"https:\\\/\\\/radioljubuski.ba\\\/#website\"},\"primaryImageOfPage\":{\"@id\":\"https:\\\/\\\/radioljubuski.ba\\\/index.php\\\/2021\\\/06\\\/04\\\/hrvati-u-bih-su-ugrozeni-i-politicki-i-bioloski-ima-li-hrvatska-politika-pravi-odgovor\\\/#primaryimage\"},\"image\":{\"@id\":\"https:\\\/\\\/radioljubuski.ba\\\/index.php\\\/2021\\\/06\\\/04\\\/hrvati-u-bih-su-ugrozeni-i-politicki-i-bioloski-ima-li-hrvatska-politika-pravi-odgovor\\\/#primaryimage\"},\"thumbnailUrl\":\"https:\\\/\\\/radioljubuski.ba\\\/wp-content\\\/uploads\\\/2021\\\/06\\\/hns-bih-3.jpg\",\"datePublished\":\"2021-06-03T23:59:01+00:00\",\"dateModified\":\"2021-06-03T23:59:02+00:00\",\"breadcrumb\":{\"@id\":\"https:\\\/\\\/radioljubuski.ba\\\/index.php\\\/2021\\\/06\\\/04\\\/hrvati-u-bih-su-ugrozeni-i-politicki-i-bioloski-ima-li-hrvatska-politika-pravi-odgovor\\\/#breadcrumb\"},\"inLanguage\":\"hr\",\"potentialAction\":[{\"@type\":\"ReadAction\",\"target\":[\"https:\\\/\\\/radioljubuski.ba\\\/index.php\\\/2021\\\/06\\\/04\\\/hrvati-u-bih-su-ugrozeni-i-politicki-i-bioloski-ima-li-hrvatska-politika-pravi-odgovor\\\/\"]}]},{\"@type\":\"ImageObject\",\"inLanguage\":\"hr\",\"@id\":\"https:\\\/\\\/radioljubuski.ba\\\/index.php\\\/2021\\\/06\\\/04\\\/hrvati-u-bih-su-ugrozeni-i-politicki-i-bioloski-ima-li-hrvatska-politika-pravi-odgovor\\\/#primaryimage\",\"url\":\"https:\\\/\\\/radioljubuski.ba\\\/wp-content\\\/uploads\\\/2021\\\/06\\\/hns-bih-3.jpg\",\"contentUrl\":\"https:\\\/\\\/radioljubuski.ba\\\/wp-content\\\/uploads\\\/2021\\\/06\\\/hns-bih-3.jpg\",\"width\":860,\"height\":509},{\"@type\":\"BreadcrumbList\",\"@id\":\"https:\\\/\\\/radioljubuski.ba\\\/index.php\\\/2021\\\/06\\\/04\\\/hrvati-u-bih-su-ugrozeni-i-politicki-i-bioloski-ima-li-hrvatska-politika-pravi-odgovor\\\/#breadcrumb\",\"itemListElement\":[{\"@type\":\"ListItem\",\"position\":1,\"name\":\"Po\u010detna stranica\",\"item\":\"https:\\\/\\\/radioljubuski.ba\\\/\"},{\"@type\":\"ListItem\",\"position\":2,\"name\":\"Hrvati u BiH su ugro\u017eeni i politi\u010dki i biolo\u0161ki, ima li hrvatska politika pravi odgovor?\"}]},{\"@type\":\"WebSite\",\"@id\":\"https:\\\/\\\/radioljubuski.ba\\\/#website\",\"url\":\"https:\\\/\\\/radioljubuski.ba\\\/\",\"name\":\"Radio Ljubu\u0161ki\",\"description\":\"Sun\u010dana frekvencija Hercegovine\",\"publisher\":{\"@id\":\"https:\\\/\\\/radioljubuski.ba\\\/#organization\"},\"potentialAction\":[{\"@type\":\"SearchAction\",\"target\":{\"@type\":\"EntryPoint\",\"urlTemplate\":\"https:\\\/\\\/radioljubuski.ba\\\/?s={search_term_string}\"},\"query-input\":{\"@type\":\"PropertyValueSpecification\",\"valueRequired\":true,\"valueName\":\"search_term_string\"}}],\"inLanguage\":\"hr\"},{\"@type\":\"Organization\",\"@id\":\"https:\\\/\\\/radioljubuski.ba\\\/#organization\",\"name\":\"Radio Ljubu\u0161ki\",\"url\":\"https:\\\/\\\/radioljubuski.ba\\\/\",\"logo\":{\"@type\":\"ImageObject\",\"inLanguage\":\"hr\",\"@id\":\"https:\\\/\\\/radioljubuski.ba\\\/#\\\/schema\\\/logo\\\/image\\\/\",\"url\":\"https:\\\/\\\/radioljubuski.ba\\\/wp-content\\\/uploads\\\/2021\\\/02\\\/cropped-Radio_Ljubuski_logo1.jpg\",\"contentUrl\":\"https:\\\/\\\/radioljubuski.ba\\\/wp-content\\\/uploads\\\/2021\\\/02\\\/cropped-Radio_Ljubuski_logo1.jpg\",\"width\":512,\"height\":512,\"caption\":\"Radio Ljubu\u0161ki\"},\"image\":{\"@id\":\"https:\\\/\\\/radioljubuski.ba\\\/#\\\/schema\\\/logo\\\/image\\\/\"},\"sameAs\":[\"https:\\\/\\\/www.facebook.com\\\/Radiio-Ljubuski-1490835324566332\",\"https:\\\/\\\/x.com\\\/radioljubuski\",\"https:\\\/\\\/hr.linkedin.com\\\/company\\\/radio-ljubuski\",\"https:\\\/\\\/www.youtube.com\\\/channel\\\/UCHYaeO_n0Db3tjNGudGpXyw\"]},{\"@type\":\"Person\",\"@id\":\"https:\\\/\\\/radioljubuski.ba\\\/#\\\/schema\\\/person\\\/19fc700381a780f69665d7956c469e3b\",\"name\":\"Radio Ljubu\u0161ki\"}]}<\/script>\n<!-- \/ Yoast SEO plugin. -->","yoast_head_json":{"title":"Hrvati u BiH su ugro\u017eeni i politi\u010dki i biolo\u0161ki, ima li hrvatska politika pravi odgovor? - RADIO LJUBU\u0160KI","robots":{"index":"index","follow":"follow","max-snippet":"max-snippet:-1","max-image-preview":"max-image-preview:large","max-video-preview":"max-video-preview:-1"},"canonical":"https:\/\/radioljubuski.ba\/index.php\/2021\/06\/04\/hrvati-u-bih-su-ugrozeni-i-politicki-i-bioloski-ima-li-hrvatska-politika-pravi-odgovor\/","og_locale":"hr_HR","og_type":"article","og_title":"Hrvati u BiH su ugro\u017eeni i politi\u010dki i biolo\u0161ki, ima li hrvatska politika pravi odgovor? - RADIO LJUBU\u0160KI","og_description":"Ho\u0107e li Hrvati u BiH, ako ne do\u0111e do izmjena Izbornog zakona, izgubiti status suverenog naroda i postati i de facto nacionalna manjina, ho\u0107e li biti Op\u0107ih izbora 2022. godine, po kojem \u0107e se zakonu odr\u017eati i \u0161to bi hrvatski politi\u010dki vrh trebao u\u010diniti ako se ostvare otvorene najave bo\u0161nja\u010dkih politi\u010dara da \u0107e 2022. biti [&hellip;]","og_url":"https:\/\/radioljubuski.ba\/index.php\/2021\/06\/04\/hrvati-u-bih-su-ugrozeni-i-politicki-i-bioloski-ima-li-hrvatska-politika-pravi-odgovor\/","og_site_name":"RADIO LJUBU\u0160KI","article_publisher":"https:\/\/www.facebook.com\/Radiio-Ljubuski-1490835324566332","article_published_time":"2021-06-03T23:59:01+00:00","article_modified_time":"2021-06-03T23:59:02+00:00","og_image":[{"width":860,"height":509,"url":"https:\/\/radioljubuski.ba\/wp-content\/uploads\/2021\/06\/hns-bih-3.jpg","type":"image\/jpeg"}],"author":"Radio Ljubu\u0161ki","twitter_card":"summary_large_image","twitter_creator":"@radioljubuski","twitter_site":"@radioljubuski","twitter_misc":{"Napisao\/la":"Radio Ljubu\u0161ki","Procijenjeno vrijeme \u010ditanja":"9 minuta"},"schema":{"@context":"https:\/\/schema.org","@graph":[{"@type":"Article","@id":"https:\/\/radioljubuski.ba\/index.php\/2021\/06\/04\/hrvati-u-bih-su-ugrozeni-i-politicki-i-bioloski-ima-li-hrvatska-politika-pravi-odgovor\/#article","isPartOf":{"@id":"https:\/\/radioljubuski.ba\/index.php\/2021\/06\/04\/hrvati-u-bih-su-ugrozeni-i-politicki-i-bioloski-ima-li-hrvatska-politika-pravi-odgovor\/"},"author":{"name":"Radio Ljubu\u0161ki","@id":"https:\/\/radioljubuski.ba\/#\/schema\/person\/19fc700381a780f69665d7956c469e3b"},"headline":"Hrvati u BiH su ugro\u017eeni i politi\u010dki i biolo\u0161ki, ima li hrvatska politika pravi odgovor?","datePublished":"2021-06-03T23:59:01+00:00","dateModified":"2021-06-03T23:59:02+00:00","mainEntityOfPage":{"@id":"https:\/\/radioljubuski.ba\/index.php\/2021\/06\/04\/hrvati-u-bih-su-ugrozeni-i-politicki-i-bioloski-ima-li-hrvatska-politika-pravi-odgovor\/"},"wordCount":2205,"publisher":{"@id":"https:\/\/radioljubuski.ba\/#organization"},"image":{"@id":"https:\/\/radioljubuski.ba\/index.php\/2021\/06\/04\/hrvati-u-bih-su-ugrozeni-i-politicki-i-bioloski-ima-li-hrvatska-politika-pravi-odgovor\/#primaryimage"},"thumbnailUrl":"https:\/\/radioljubuski.ba\/wp-content\/uploads\/2021\/06\/hns-bih-3.jpg","articleSection":["BIH i regija"],"inLanguage":"hr"},{"@type":"WebPage","@id":"https:\/\/radioljubuski.ba\/index.php\/2021\/06\/04\/hrvati-u-bih-su-ugrozeni-i-politicki-i-bioloski-ima-li-hrvatska-politika-pravi-odgovor\/","url":"https:\/\/radioljubuski.ba\/index.php\/2021\/06\/04\/hrvati-u-bih-su-ugrozeni-i-politicki-i-bioloski-ima-li-hrvatska-politika-pravi-odgovor\/","name":"Hrvati u BiH su ugro\u017eeni i politi\u010dki i biolo\u0161ki, ima li hrvatska politika pravi odgovor? - RADIO LJUBU\u0160KI","isPartOf":{"@id":"https:\/\/radioljubuski.ba\/#website"},"primaryImageOfPage":{"@id":"https:\/\/radioljubuski.ba\/index.php\/2021\/06\/04\/hrvati-u-bih-su-ugrozeni-i-politicki-i-bioloski-ima-li-hrvatska-politika-pravi-odgovor\/#primaryimage"},"image":{"@id":"https:\/\/radioljubuski.ba\/index.php\/2021\/06\/04\/hrvati-u-bih-su-ugrozeni-i-politicki-i-bioloski-ima-li-hrvatska-politika-pravi-odgovor\/#primaryimage"},"thumbnailUrl":"https:\/\/radioljubuski.ba\/wp-content\/uploads\/2021\/06\/hns-bih-3.jpg","datePublished":"2021-06-03T23:59:01+00:00","dateModified":"2021-06-03T23:59:02+00:00","breadcrumb":{"@id":"https:\/\/radioljubuski.ba\/index.php\/2021\/06\/04\/hrvati-u-bih-su-ugrozeni-i-politicki-i-bioloski-ima-li-hrvatska-politika-pravi-odgovor\/#breadcrumb"},"inLanguage":"hr","potentialAction":[{"@type":"ReadAction","target":["https:\/\/radioljubuski.ba\/index.php\/2021\/06\/04\/hrvati-u-bih-su-ugrozeni-i-politicki-i-bioloski-ima-li-hrvatska-politika-pravi-odgovor\/"]}]},{"@type":"ImageObject","inLanguage":"hr","@id":"https:\/\/radioljubuski.ba\/index.php\/2021\/06\/04\/hrvati-u-bih-su-ugrozeni-i-politicki-i-bioloski-ima-li-hrvatska-politika-pravi-odgovor\/#primaryimage","url":"https:\/\/radioljubuski.ba\/wp-content\/uploads\/2021\/06\/hns-bih-3.jpg","contentUrl":"https:\/\/radioljubuski.ba\/wp-content\/uploads\/2021\/06\/hns-bih-3.jpg","width":860,"height":509},{"@type":"BreadcrumbList","@id":"https:\/\/radioljubuski.ba\/index.php\/2021\/06\/04\/hrvati-u-bih-su-ugrozeni-i-politicki-i-bioloski-ima-li-hrvatska-politika-pravi-odgovor\/#breadcrumb","itemListElement":[{"@type":"ListItem","position":1,"name":"Po\u010detna stranica","item":"https:\/\/radioljubuski.ba\/"},{"@type":"ListItem","position":2,"name":"Hrvati u BiH su ugro\u017eeni i politi\u010dki i biolo\u0161ki, ima li hrvatska politika pravi odgovor?"}]},{"@type":"WebSite","@id":"https:\/\/radioljubuski.ba\/#website","url":"https:\/\/radioljubuski.ba\/","name":"Radio Ljubu\u0161ki","description":"Sun\u010dana frekvencija Hercegovine","publisher":{"@id":"https:\/\/radioljubuski.ba\/#organization"},"potentialAction":[{"@type":"SearchAction","target":{"@type":"EntryPoint","urlTemplate":"https:\/\/radioljubuski.ba\/?s={search_term_string}"},"query-input":{"@type":"PropertyValueSpecification","valueRequired":true,"valueName":"search_term_string"}}],"inLanguage":"hr"},{"@type":"Organization","@id":"https:\/\/radioljubuski.ba\/#organization","name":"Radio Ljubu\u0161ki","url":"https:\/\/radioljubuski.ba\/","logo":{"@type":"ImageObject","inLanguage":"hr","@id":"https:\/\/radioljubuski.ba\/#\/schema\/logo\/image\/","url":"https:\/\/radioljubuski.ba\/wp-content\/uploads\/2021\/02\/cropped-Radio_Ljubuski_logo1.jpg","contentUrl":"https:\/\/radioljubuski.ba\/wp-content\/uploads\/2021\/02\/cropped-Radio_Ljubuski_logo1.jpg","width":512,"height":512,"caption":"Radio Ljubu\u0161ki"},"image":{"@id":"https:\/\/radioljubuski.ba\/#\/schema\/logo\/image\/"},"sameAs":["https:\/\/www.facebook.com\/Radiio-Ljubuski-1490835324566332","https:\/\/x.com\/radioljubuski","https:\/\/hr.linkedin.com\/company\/radio-ljubuski","https:\/\/www.youtube.com\/channel\/UCHYaeO_n0Db3tjNGudGpXyw"]},{"@type":"Person","@id":"https:\/\/radioljubuski.ba\/#\/schema\/person\/19fc700381a780f69665d7956c469e3b","name":"Radio Ljubu\u0161ki"}]}},"_links":{"self":[{"href":"https:\/\/radioljubuski.ba\/index.php\/wp-json\/wp\/v2\/posts\/28311","targetHints":{"allow":["GET"]}}],"collection":[{"href":"https:\/\/radioljubuski.ba\/index.php\/wp-json\/wp\/v2\/posts"}],"about":[{"href":"https:\/\/radioljubuski.ba\/index.php\/wp-json\/wp\/v2\/types\/post"}],"author":[{"embeddable":true,"href":"https:\/\/radioljubuski.ba\/index.php\/wp-json\/wp\/v2\/users\/2"}],"replies":[{"embeddable":true,"href":"https:\/\/radioljubuski.ba\/index.php\/wp-json\/wp\/v2\/comments?post=28311"}],"version-history":[{"count":1,"href":"https:\/\/radioljubuski.ba\/index.php\/wp-json\/wp\/v2\/posts\/28311\/revisions"}],"predecessor-version":[{"id":28313,"href":"https:\/\/radioljubuski.ba\/index.php\/wp-json\/wp\/v2\/posts\/28311\/revisions\/28313"}],"wp:featuredmedia":[{"embeddable":true,"href":"https:\/\/radioljubuski.ba\/index.php\/wp-json\/wp\/v2\/media\/28312"}],"wp:attachment":[{"href":"https:\/\/radioljubuski.ba\/index.php\/wp-json\/wp\/v2\/media?parent=28311"}],"wp:term":[{"taxonomy":"category","embeddable":true,"href":"https:\/\/radioljubuski.ba\/index.php\/wp-json\/wp\/v2\/categories?post=28311"},{"taxonomy":"post_tag","embeddable":true,"href":"https:\/\/radioljubuski.ba\/index.php\/wp-json\/wp\/v2\/tags?post=28311"}],"curies":[{"name":"wp","href":"https:\/\/api.w.org\/{rel}","templated":true}]}}