{"id":28314,"date":"2021-06-04T01:01:47","date_gmt":"2021-06-04T00:01:47","guid":{"rendered":"https:\/\/radioljubuski.ba\/?p=28314"},"modified":"2021-06-04T01:01:49","modified_gmt":"2021-06-04T00:01:49","slug":"covic-mostarski-sporazum-zurno-provesti-otkloniti-sve-oblike-diskriminacije","status":"publish","type":"post","link":"https:\/\/radioljubuski.ba\/index.php\/2021\/06\/04\/covic-mostarski-sporazum-zurno-provesti-otkloniti-sve-oblike-diskriminacije\/","title":{"rendered":"\u010covi\u0107: Mostarski sporazum \u017eurno provesti, otkloniti sve oblike diskriminacije"},"content":{"rendered":"\n<p><strong>Predsjednik HDZ-a BiH Dragan \u010covi\u0107 danas se susreo sam \u0161efom Izaslanstva Europske unije u BiH Johannom Sattlerom. Razgovaralo se o reformi izbornog zakonodavstva.<\/strong><\/p>\n\n\n\n<p>\u010covi\u0107 se poslije sastanka sa Sattlerom oglasio na Twitteru napisav\u0161i kako je sastanak bio izvrstan.<\/p>\n\n\n\n<p>\u201cRaspravljali smo o dijalogu, napretku i reformama. Kao neizborna godina, 2021. se mora u potpunosti iskoristiti za prevladavanje i uklanjanje svih oblika diskriminacije\u201d, napisao je \u010covi\u0107 na svom Twitteru.<\/p>\n\n\n\n<blockquote class=\"twitter-tweet\"><p lang=\"en\" dir=\"ltr\">Excellent conversation with <a href=\"https:\/\/twitter.com\/josattler?ref_src=twsrc%5Etfw\">@josattler<\/a> in <a href=\"https:\/\/twitter.com\/hashtag\/Sarajevo?src=hash&amp;ref_src=twsrc%5Etfw\">#Sarajevo<\/a>, discussing dialogue, progress &amp; reforms. As a non-election year, 2021 must be fully utilized &#8211; elimination of all forms of discrimination must prevail. Implementation of the <a href=\"https:\/\/twitter.com\/hashtag\/MostarAgreements?src=hash&amp;ref_src=twsrc%5Etfw\">#MostarAgreements<\/a> to be urgently carried out. <a href=\"https:\/\/twitter.com\/eubih?ref_src=twsrc%5Etfw\">@eubih<\/a> <a href=\"https:\/\/t.co\/fWC4NwCc3N\">pic.twitter.com\/fWC4NwCc3N<\/a><\/p>&mdash; Dragan \u010covi\u0107 (@Dragan_Covic) <a href=\"https:\/\/twitter.com\/Dragan_Covic\/status\/1400414302130089984?ref_src=twsrc%5Etfw\">June 3, 2021<\/a><\/blockquote> <script async src=\"https:\/\/platform.twitter.com\/widgets.js\" charset=\"utf-8\"><\/script>\n\n\n\n<p>Dodao je i da se Mostarski sporazum mora \u017eurno provesti.<\/p>\n\n\n\n<p>Podsje\u0107amo, 17. lipnja navr\u0161it \u0107e se godina dana od potpisivanja Mostarskog sporazuma kojega su potpisali predsjednici HDZ-a BiH i SDA, Dragan \u010covi\u0107 i Bakir Izetbegovi\u0107. Potpisnici su se, uz predstavnike me\u0111unarodne zajednice kao svjedoke, obavezali izmijeniti Izborni zakon BiH, pi\u0161e HMS:<\/p>\n\n\n\n<p>Prvi dio Mostarskog sporazuma je proveden, dok njegov drugi dio jo\u0161 uvijek nije implementiran.<\/p>\n\n\n\n<p>Proveden je dio sporazuma kojim je obuhva\u0107en usugla\u0161eni model Izbornog zakona, odnosno na\u010din izbora vije\u0107nika i broj vije\u0107nika koji se bira po Gradskim podru\u010djima i obuhva\u0107ene su usugla\u0161ene izmjene Statuta Grada Mostara.<\/p>\n\n\n\n<p>Tako\u0111er, potpisan je Politi\u010dki sporazum o na\u010delima izmjena i dopuna izbornog zakona Bosne i Hercegovine, gdje su se stranke obvezale po\u010deti s izradom izmjena i dopuna Izbornog zakona BiH kako bi se osigurao legitiman izbor i legitimno politi\u010dko predstavljanje konstitutivnih naroda i gra\u0111ana na svim administrativno-politi\u010dkim razinama, u Predsjedni\u0161tvu BiH i Domovima naroda, kao i osiguralo aktivno i pasivno izborno pravo svakog gra\u0111anina na cijeloj teritoriji Bosne i Hercegovine. Zbog blokada i odugovla\u010denja od strane vode\u0107e bo\u0161nja\u010dke stranke SDA i njenih bo\u0161nja\u010dkih partner, ovaj sporazum jo\u0161 nije implementiran.<\/p>\n\n\n\n<p>\/HMS\/<\/p>\n","protected":false},"excerpt":{"rendered":"<p>Predsjednik HDZ-a BiH Dragan \u010covi\u0107 danas se susreo sam \u0161efom Izaslanstva Europske unije u BiH Johannom Sattlerom. Razgovaralo se o reformi izbornog zakonodavstva. \u010covi\u0107 se poslije sastanka sa Sattlerom oglasio na Twitteru napisav\u0161i kako je sastanak bio izvrstan. \u201cRaspravljali smo o dijalogu, napretku i reformama. Kao neizborna godina, 2021. se mora u potpunosti iskoristiti za [&hellip;]<\/p>\n","protected":false},"author":2,"featured_media":28315,"comment_status":"closed","ping_status":"closed","sticky":false,"template":"","format":"standard","meta":{"h5ap_radio_sources":[],"footnotes":""},"categories":[1],"tags":[],"class_list":["post-28314","post","type-post","status-publish","format-standard","has-post-thumbnail","hentry","category-bihiregija"],"yoast_head":"<!-- This site is optimized with the Yoast SEO plugin v27.5 - https:\/\/yoast.com\/product\/yoast-seo-wordpress\/ -->\n<title>\u010covi\u0107: Mostarski sporazum \u017eurno provesti, otkloniti sve oblike diskriminacije - RADIO LJUBU\u0160KI<\/title>\n<meta name=\"robots\" content=\"index, follow, max-snippet:-1, max-image-preview:large, max-video-preview:-1\" \/>\n<link rel=\"canonical\" href=\"https:\/\/radioljubuski.ba\/index.php\/2021\/06\/04\/covic-mostarski-sporazum-zurno-provesti-otkloniti-sve-oblike-diskriminacije\/\" \/>\n<meta property=\"og:locale\" content=\"hr_HR\" \/>\n<meta property=\"og:type\" content=\"article\" \/>\n<meta property=\"og:title\" content=\"\u010covi\u0107: Mostarski sporazum \u017eurno provesti, otkloniti sve oblike diskriminacije - RADIO LJUBU\u0160KI\" \/>\n<meta property=\"og:description\" content=\"Predsjednik HDZ-a BiH Dragan \u010covi\u0107 danas se susreo sam \u0161efom Izaslanstva Europske unije u BiH Johannom Sattlerom. Razgovaralo se o reformi izbornog zakonodavstva. \u010covi\u0107 se poslije sastanka sa Sattlerom oglasio na Twitteru napisav\u0161i kako je sastanak bio izvrstan. \u201cRaspravljali smo o dijalogu, napretku i reformama. Kao neizborna godina, 2021. se mora u potpunosti iskoristiti za [&hellip;]\" \/>\n<meta property=\"og:url\" content=\"https:\/\/radioljubuski.ba\/index.php\/2021\/06\/04\/covic-mostarski-sporazum-zurno-provesti-otkloniti-sve-oblike-diskriminacije\/\" \/>\n<meta property=\"og:site_name\" content=\"RADIO LJUBU\u0160KI\" \/>\n<meta property=\"article:publisher\" content=\"https:\/\/www.facebook.com\/Radiio-Ljubuski-1490835324566332\" \/>\n<meta property=\"article:published_time\" content=\"2021-06-04T00:01:47+00:00\" \/>\n<meta property=\"article:modified_time\" content=\"2021-06-04T00:01:49+00:00\" \/>\n<meta property=\"og:image\" content=\"https:\/\/radioljubuski.ba\/wp-content\/uploads\/2021\/06\/covic-sattler-twitter.jpg\" \/>\n\t<meta property=\"og:image:width\" content=\"1024\" \/>\n\t<meta property=\"og:image:height\" content=\"705\" \/>\n\t<meta property=\"og:image:type\" content=\"image\/jpeg\" \/>\n<meta name=\"author\" content=\"Radio Ljubu\u0161ki\" \/>\n<meta name=\"twitter:card\" content=\"summary_large_image\" \/>\n<meta name=\"twitter:creator\" content=\"@radioljubuski\" \/>\n<meta name=\"twitter:site\" content=\"@radioljubuski\" \/>\n<meta name=\"twitter:label1\" content=\"Napisao\/la\" \/>\n\t<meta name=\"twitter:data1\" content=\"Radio Ljubu\u0161ki\" \/>\n\t<meta name=\"twitter:label2\" content=\"Procijenjeno vrijeme \u010ditanja\" \/>\n\t<meta name=\"twitter:data2\" content=\"2 minute\" \/>\n<script type=\"application\/ld+json\" class=\"yoast-schema-graph\">{\"@context\":\"https:\\\/\\\/schema.org\",\"@graph\":[{\"@type\":\"Article\",\"@id\":\"https:\\\/\\\/radioljubuski.ba\\\/index.php\\\/2021\\\/06\\\/04\\\/covic-mostarski-sporazum-zurno-provesti-otkloniti-sve-oblike-diskriminacije\\\/#article\",\"isPartOf\":{\"@id\":\"https:\\\/\\\/radioljubuski.ba\\\/index.php\\\/2021\\\/06\\\/04\\\/covic-mostarski-sporazum-zurno-provesti-otkloniti-sve-oblike-diskriminacije\\\/\"},\"author\":{\"name\":\"Radio Ljubu\u0161ki\",\"@id\":\"https:\\\/\\\/radioljubuski.ba\\\/#\\\/schema\\\/person\\\/19fc700381a780f69665d7956c469e3b\"},\"headline\":\"\u010covi\u0107: Mostarski sporazum \u017eurno provesti, otkloniti sve oblike diskriminacije\",\"datePublished\":\"2021-06-04T00:01:47+00:00\",\"dateModified\":\"2021-06-04T00:01:49+00:00\",\"mainEntityOfPage\":{\"@id\":\"https:\\\/\\\/radioljubuski.ba\\\/index.php\\\/2021\\\/06\\\/04\\\/covic-mostarski-sporazum-zurno-provesti-otkloniti-sve-oblike-diskriminacije\\\/\"},\"wordCount\":338,\"publisher\":{\"@id\":\"https:\\\/\\\/radioljubuski.ba\\\/#organization\"},\"image\":{\"@id\":\"https:\\\/\\\/radioljubuski.ba\\\/index.php\\\/2021\\\/06\\\/04\\\/covic-mostarski-sporazum-zurno-provesti-otkloniti-sve-oblike-diskriminacije\\\/#primaryimage\"},\"thumbnailUrl\":\"https:\\\/\\\/radioljubuski.ba\\\/wp-content\\\/uploads\\\/2021\\\/06\\\/covic-sattler-twitter.jpg\",\"articleSection\":[\"BIH i regija\"],\"inLanguage\":\"hr\"},{\"@type\":\"WebPage\",\"@id\":\"https:\\\/\\\/radioljubuski.ba\\\/index.php\\\/2021\\\/06\\\/04\\\/covic-mostarski-sporazum-zurno-provesti-otkloniti-sve-oblike-diskriminacije\\\/\",\"url\":\"https:\\\/\\\/radioljubuski.ba\\\/index.php\\\/2021\\\/06\\\/04\\\/covic-mostarski-sporazum-zurno-provesti-otkloniti-sve-oblike-diskriminacije\\\/\",\"name\":\"\u010covi\u0107: Mostarski sporazum \u017eurno provesti, otkloniti sve oblike diskriminacije - RADIO LJUBU\u0160KI\",\"isPartOf\":{\"@id\":\"https:\\\/\\\/radioljubuski.ba\\\/#website\"},\"primaryImageOfPage\":{\"@id\":\"https:\\\/\\\/radioljubuski.ba\\\/index.php\\\/2021\\\/06\\\/04\\\/covic-mostarski-sporazum-zurno-provesti-otkloniti-sve-oblike-diskriminacije\\\/#primaryimage\"},\"image\":{\"@id\":\"https:\\\/\\\/radioljubuski.ba\\\/index.php\\\/2021\\\/06\\\/04\\\/covic-mostarski-sporazum-zurno-provesti-otkloniti-sve-oblike-diskriminacije\\\/#primaryimage\"},\"thumbnailUrl\":\"https:\\\/\\\/radioljubuski.ba\\\/wp-content\\\/uploads\\\/2021\\\/06\\\/covic-sattler-twitter.jpg\",\"datePublished\":\"2021-06-04T00:01:47+00:00\",\"dateModified\":\"2021-06-04T00:01:49+00:00\",\"breadcrumb\":{\"@id\":\"https:\\\/\\\/radioljubuski.ba\\\/index.php\\\/2021\\\/06\\\/04\\\/covic-mostarski-sporazum-zurno-provesti-otkloniti-sve-oblike-diskriminacije\\\/#breadcrumb\"},\"inLanguage\":\"hr\",\"potentialAction\":[{\"@type\":\"ReadAction\",\"target\":[\"https:\\\/\\\/radioljubuski.ba\\\/index.php\\\/2021\\\/06\\\/04\\\/covic-mostarski-sporazum-zurno-provesti-otkloniti-sve-oblike-diskriminacije\\\/\"]}]},{\"@type\":\"ImageObject\",\"inLanguage\":\"hr\",\"@id\":\"https:\\\/\\\/radioljubuski.ba\\\/index.php\\\/2021\\\/06\\\/04\\\/covic-mostarski-sporazum-zurno-provesti-otkloniti-sve-oblike-diskriminacije\\\/#primaryimage\",\"url\":\"https:\\\/\\\/radioljubuski.ba\\\/wp-content\\\/uploads\\\/2021\\\/06\\\/covic-sattler-twitter.jpg\",\"contentUrl\":\"https:\\\/\\\/radioljubuski.ba\\\/wp-content\\\/uploads\\\/2021\\\/06\\\/covic-sattler-twitter.jpg\",\"width\":1024,\"height\":705},{\"@type\":\"BreadcrumbList\",\"@id\":\"https:\\\/\\\/radioljubuski.ba\\\/index.php\\\/2021\\\/06\\\/04\\\/covic-mostarski-sporazum-zurno-provesti-otkloniti-sve-oblike-diskriminacije\\\/#breadcrumb\",\"itemListElement\":[{\"@type\":\"ListItem\",\"position\":1,\"name\":\"Po\u010detna stranica\",\"item\":\"https:\\\/\\\/radioljubuski.ba\\\/\"},{\"@type\":\"ListItem\",\"position\":2,\"name\":\"\u010covi\u0107: Mostarski sporazum \u017eurno provesti, otkloniti sve oblike diskriminacije\"}]},{\"@type\":\"WebSite\",\"@id\":\"https:\\\/\\\/radioljubuski.ba\\\/#website\",\"url\":\"https:\\\/\\\/radioljubuski.ba\\\/\",\"name\":\"Radio Ljubu\u0161ki\",\"description\":\"Sun\u010dana frekvencija Hercegovine\",\"publisher\":{\"@id\":\"https:\\\/\\\/radioljubuski.ba\\\/#organization\"},\"potentialAction\":[{\"@type\":\"SearchAction\",\"target\":{\"@type\":\"EntryPoint\",\"urlTemplate\":\"https:\\\/\\\/radioljubuski.ba\\\/?s={search_term_string}\"},\"query-input\":{\"@type\":\"PropertyValueSpecification\",\"valueRequired\":true,\"valueName\":\"search_term_string\"}}],\"inLanguage\":\"hr\"},{\"@type\":\"Organization\",\"@id\":\"https:\\\/\\\/radioljubuski.ba\\\/#organization\",\"name\":\"Radio Ljubu\u0161ki\",\"url\":\"https:\\\/\\\/radioljubuski.ba\\\/\",\"logo\":{\"@type\":\"ImageObject\",\"inLanguage\":\"hr\",\"@id\":\"https:\\\/\\\/radioljubuski.ba\\\/#\\\/schema\\\/logo\\\/image\\\/\",\"url\":\"https:\\\/\\\/radioljubuski.ba\\\/wp-content\\\/uploads\\\/2021\\\/02\\\/cropped-Radio_Ljubuski_logo1.jpg\",\"contentUrl\":\"https:\\\/\\\/radioljubuski.ba\\\/wp-content\\\/uploads\\\/2021\\\/02\\\/cropped-Radio_Ljubuski_logo1.jpg\",\"width\":512,\"height\":512,\"caption\":\"Radio Ljubu\u0161ki\"},\"image\":{\"@id\":\"https:\\\/\\\/radioljubuski.ba\\\/#\\\/schema\\\/logo\\\/image\\\/\"},\"sameAs\":[\"https:\\\/\\\/www.facebook.com\\\/Radiio-Ljubuski-1490835324566332\",\"https:\\\/\\\/x.com\\\/radioljubuski\",\"https:\\\/\\\/hr.linkedin.com\\\/company\\\/radio-ljubuski\",\"https:\\\/\\\/www.youtube.com\\\/channel\\\/UCHYaeO_n0Db3tjNGudGpXyw\"]},{\"@type\":\"Person\",\"@id\":\"https:\\\/\\\/radioljubuski.ba\\\/#\\\/schema\\\/person\\\/19fc700381a780f69665d7956c469e3b\",\"name\":\"Radio Ljubu\u0161ki\"}]}<\/script>\n<!-- \/ Yoast SEO plugin. -->","yoast_head_json":{"title":"\u010covi\u0107: Mostarski sporazum \u017eurno provesti, otkloniti sve oblike diskriminacije - RADIO LJUBU\u0160KI","robots":{"index":"index","follow":"follow","max-snippet":"max-snippet:-1","max-image-preview":"max-image-preview:large","max-video-preview":"max-video-preview:-1"},"canonical":"https:\/\/radioljubuski.ba\/index.php\/2021\/06\/04\/covic-mostarski-sporazum-zurno-provesti-otkloniti-sve-oblike-diskriminacije\/","og_locale":"hr_HR","og_type":"article","og_title":"\u010covi\u0107: Mostarski sporazum \u017eurno provesti, otkloniti sve oblike diskriminacije - RADIO LJUBU\u0160KI","og_description":"Predsjednik HDZ-a BiH Dragan \u010covi\u0107 danas se susreo sam \u0161efom Izaslanstva Europske unije u BiH Johannom Sattlerom. Razgovaralo se o reformi izbornog zakonodavstva. \u010covi\u0107 se poslije sastanka sa Sattlerom oglasio na Twitteru napisav\u0161i kako je sastanak bio izvrstan. \u201cRaspravljali smo o dijalogu, napretku i reformama. Kao neizborna godina, 2021. se mora u potpunosti iskoristiti za [&hellip;]","og_url":"https:\/\/radioljubuski.ba\/index.php\/2021\/06\/04\/covic-mostarski-sporazum-zurno-provesti-otkloniti-sve-oblike-diskriminacije\/","og_site_name":"RADIO LJUBU\u0160KI","article_publisher":"https:\/\/www.facebook.com\/Radiio-Ljubuski-1490835324566332","article_published_time":"2021-06-04T00:01:47+00:00","article_modified_time":"2021-06-04T00:01:49+00:00","og_image":[{"width":1024,"height":705,"url":"https:\/\/radioljubuski.ba\/wp-content\/uploads\/2021\/06\/covic-sattler-twitter.jpg","type":"image\/jpeg"}],"author":"Radio Ljubu\u0161ki","twitter_card":"summary_large_image","twitter_creator":"@radioljubuski","twitter_site":"@radioljubuski","twitter_misc":{"Napisao\/la":"Radio Ljubu\u0161ki","Procijenjeno vrijeme \u010ditanja":"2 minute"},"schema":{"@context":"https:\/\/schema.org","@graph":[{"@type":"Article","@id":"https:\/\/radioljubuski.ba\/index.php\/2021\/06\/04\/covic-mostarski-sporazum-zurno-provesti-otkloniti-sve-oblike-diskriminacije\/#article","isPartOf":{"@id":"https:\/\/radioljubuski.ba\/index.php\/2021\/06\/04\/covic-mostarski-sporazum-zurno-provesti-otkloniti-sve-oblike-diskriminacije\/"},"author":{"name":"Radio Ljubu\u0161ki","@id":"https:\/\/radioljubuski.ba\/#\/schema\/person\/19fc700381a780f69665d7956c469e3b"},"headline":"\u010covi\u0107: Mostarski sporazum \u017eurno provesti, otkloniti sve oblike diskriminacije","datePublished":"2021-06-04T00:01:47+00:00","dateModified":"2021-06-04T00:01:49+00:00","mainEntityOfPage":{"@id":"https:\/\/radioljubuski.ba\/index.php\/2021\/06\/04\/covic-mostarski-sporazum-zurno-provesti-otkloniti-sve-oblike-diskriminacije\/"},"wordCount":338,"publisher":{"@id":"https:\/\/radioljubuski.ba\/#organization"},"image":{"@id":"https:\/\/radioljubuski.ba\/index.php\/2021\/06\/04\/covic-mostarski-sporazum-zurno-provesti-otkloniti-sve-oblike-diskriminacije\/#primaryimage"},"thumbnailUrl":"https:\/\/radioljubuski.ba\/wp-content\/uploads\/2021\/06\/covic-sattler-twitter.jpg","articleSection":["BIH i regija"],"inLanguage":"hr"},{"@type":"WebPage","@id":"https:\/\/radioljubuski.ba\/index.php\/2021\/06\/04\/covic-mostarski-sporazum-zurno-provesti-otkloniti-sve-oblike-diskriminacije\/","url":"https:\/\/radioljubuski.ba\/index.php\/2021\/06\/04\/covic-mostarski-sporazum-zurno-provesti-otkloniti-sve-oblike-diskriminacije\/","name":"\u010covi\u0107: Mostarski sporazum \u017eurno provesti, otkloniti sve oblike diskriminacije - RADIO LJUBU\u0160KI","isPartOf":{"@id":"https:\/\/radioljubuski.ba\/#website"},"primaryImageOfPage":{"@id":"https:\/\/radioljubuski.ba\/index.php\/2021\/06\/04\/covic-mostarski-sporazum-zurno-provesti-otkloniti-sve-oblike-diskriminacije\/#primaryimage"},"image":{"@id":"https:\/\/radioljubuski.ba\/index.php\/2021\/06\/04\/covic-mostarski-sporazum-zurno-provesti-otkloniti-sve-oblike-diskriminacije\/#primaryimage"},"thumbnailUrl":"https:\/\/radioljubuski.ba\/wp-content\/uploads\/2021\/06\/covic-sattler-twitter.jpg","datePublished":"2021-06-04T00:01:47+00:00","dateModified":"2021-06-04T00:01:49+00:00","breadcrumb":{"@id":"https:\/\/radioljubuski.ba\/index.php\/2021\/06\/04\/covic-mostarski-sporazum-zurno-provesti-otkloniti-sve-oblike-diskriminacije\/#breadcrumb"},"inLanguage":"hr","potentialAction":[{"@type":"ReadAction","target":["https:\/\/radioljubuski.ba\/index.php\/2021\/06\/04\/covic-mostarski-sporazum-zurno-provesti-otkloniti-sve-oblike-diskriminacije\/"]}]},{"@type":"ImageObject","inLanguage":"hr","@id":"https:\/\/radioljubuski.ba\/index.php\/2021\/06\/04\/covic-mostarski-sporazum-zurno-provesti-otkloniti-sve-oblike-diskriminacije\/#primaryimage","url":"https:\/\/radioljubuski.ba\/wp-content\/uploads\/2021\/06\/covic-sattler-twitter.jpg","contentUrl":"https:\/\/radioljubuski.ba\/wp-content\/uploads\/2021\/06\/covic-sattler-twitter.jpg","width":1024,"height":705},{"@type":"BreadcrumbList","@id":"https:\/\/radioljubuski.ba\/index.php\/2021\/06\/04\/covic-mostarski-sporazum-zurno-provesti-otkloniti-sve-oblike-diskriminacije\/#breadcrumb","itemListElement":[{"@type":"ListItem","position":1,"name":"Po\u010detna stranica","item":"https:\/\/radioljubuski.ba\/"},{"@type":"ListItem","position":2,"name":"\u010covi\u0107: Mostarski sporazum \u017eurno provesti, otkloniti sve oblike diskriminacije"}]},{"@type":"WebSite","@id":"https:\/\/radioljubuski.ba\/#website","url":"https:\/\/radioljubuski.ba\/","name":"Radio Ljubu\u0161ki","description":"Sun\u010dana frekvencija Hercegovine","publisher":{"@id":"https:\/\/radioljubuski.ba\/#organization"},"potentialAction":[{"@type":"SearchAction","target":{"@type":"EntryPoint","urlTemplate":"https:\/\/radioljubuski.ba\/?s={search_term_string}"},"query-input":{"@type":"PropertyValueSpecification","valueRequired":true,"valueName":"search_term_string"}}],"inLanguage":"hr"},{"@type":"Organization","@id":"https:\/\/radioljubuski.ba\/#organization","name":"Radio Ljubu\u0161ki","url":"https:\/\/radioljubuski.ba\/","logo":{"@type":"ImageObject","inLanguage":"hr","@id":"https:\/\/radioljubuski.ba\/#\/schema\/logo\/image\/","url":"https:\/\/radioljubuski.ba\/wp-content\/uploads\/2021\/02\/cropped-Radio_Ljubuski_logo1.jpg","contentUrl":"https:\/\/radioljubuski.ba\/wp-content\/uploads\/2021\/02\/cropped-Radio_Ljubuski_logo1.jpg","width":512,"height":512,"caption":"Radio Ljubu\u0161ki"},"image":{"@id":"https:\/\/radioljubuski.ba\/#\/schema\/logo\/image\/"},"sameAs":["https:\/\/www.facebook.com\/Radiio-Ljubuski-1490835324566332","https:\/\/x.com\/radioljubuski","https:\/\/hr.linkedin.com\/company\/radio-ljubuski","https:\/\/www.youtube.com\/channel\/UCHYaeO_n0Db3tjNGudGpXyw"]},{"@type":"Person","@id":"https:\/\/radioljubuski.ba\/#\/schema\/person\/19fc700381a780f69665d7956c469e3b","name":"Radio Ljubu\u0161ki"}]}},"_links":{"self":[{"href":"https:\/\/radioljubuski.ba\/index.php\/wp-json\/wp\/v2\/posts\/28314","targetHints":{"allow":["GET"]}}],"collection":[{"href":"https:\/\/radioljubuski.ba\/index.php\/wp-json\/wp\/v2\/posts"}],"about":[{"href":"https:\/\/radioljubuski.ba\/index.php\/wp-json\/wp\/v2\/types\/post"}],"author":[{"embeddable":true,"href":"https:\/\/radioljubuski.ba\/index.php\/wp-json\/wp\/v2\/users\/2"}],"replies":[{"embeddable":true,"href":"https:\/\/radioljubuski.ba\/index.php\/wp-json\/wp\/v2\/comments?post=28314"}],"version-history":[{"count":1,"href":"https:\/\/radioljubuski.ba\/index.php\/wp-json\/wp\/v2\/posts\/28314\/revisions"}],"predecessor-version":[{"id":28316,"href":"https:\/\/radioljubuski.ba\/index.php\/wp-json\/wp\/v2\/posts\/28314\/revisions\/28316"}],"wp:featuredmedia":[{"embeddable":true,"href":"https:\/\/radioljubuski.ba\/index.php\/wp-json\/wp\/v2\/media\/28315"}],"wp:attachment":[{"href":"https:\/\/radioljubuski.ba\/index.php\/wp-json\/wp\/v2\/media?parent=28314"}],"wp:term":[{"taxonomy":"category","embeddable":true,"href":"https:\/\/radioljubuski.ba\/index.php\/wp-json\/wp\/v2\/categories?post=28314"},{"taxonomy":"post_tag","embeddable":true,"href":"https:\/\/radioljubuski.ba\/index.php\/wp-json\/wp\/v2\/tags?post=28314"}],"curies":[{"name":"wp","href":"https:\/\/api.w.org\/{rel}","templated":true}]}}