{"id":28320,"date":"2021-06-04T01:06:21","date_gmt":"2021-06-04T00:06:21","guid":{"rendered":"https:\/\/radioljubuski.ba\/?p=28320"},"modified":"2021-06-04T01:06:21","modified_gmt":"2021-06-04T00:06:21","slug":"covic-hdz-nece-raspravljati-o-jednakopravnosti-konstitutivnih-naroda","status":"publish","type":"post","link":"https:\/\/radioljubuski.ba\/index.php\/2021\/06\/04\/covic-hdz-nece-raspravljati-o-jednakopravnosti-konstitutivnih-naroda\/","title":{"rendered":"\u010covi\u0107: HDZ ne\u0107e raspravljati o jednakopravnosti konstitutivnih naroda"},"content":{"rendered":"\n<p><strong>Predsjednik Hrvatske demokratske zajednice (HDZ) Dragan \u010covi\u0107 kazao je danas nakon susreta s predsjednikom Stranke demokratske akcije (SDA) Bakirom Izetbegovi\u0107em da su razgovarali o mnogim pitanjima, ali da HDZ ne\u0107e razgovarati o jednakopravnosti i legitimnom predstavljanju konstitutivnih naroda.<\/strong><\/p>\n\n\n\n<p>Ka\u017ee da su sada u situaciji kada bi trebalo pozvati svjedoke Sporazuma koji je potpisan u Mostaru 17. lipnja 2020. godine jer je tu definiran okvir za Mostar kao i okvir za Izborni zakon zbog \u010dega smatra da bi s njima uskoro trebali biti organizirani razgovori.<\/p>\n\n\n\n<p>Potvrdio je da je bilo razgovara o izboru \u010dlanova Predsjedni\u0161tva BiH i domova naroda gdje HDZ \u017eeli ispo\u0161tovati sve presude Ustavnog suda BiH o predstavljanju konstitutivnih naroda i sve odluke Europskog suda za ljudska prava.<\/p>\n\n\n\n<p>\u010covi\u0107 smatra da su te odluke pomirljive i ako bi se do\u0161lo do usugla\u0161enog stava oko rje\u0161enja za ta pitanja, koja bi trebala biti \u0161to jednostavnija, da se prema potrebi izmjena Izbornog zakona prilagodi i potreba izmjena Ustava BiH.<\/p>\n\n\n\n<p>Te izmjene Ustava bi bile u ograni\u010denom kapacitetu, ka\u017ee lider HDZ-a, jer je te\u0161ko raditi na izmjenama najvi\u0161eg akta u dr\u017eavi budu\u0107i da se to nije dogodilo posljednjih 15 godina.<\/p>\n\n\n\n<p>Najavio je da bi u narednih sedam do 10 dana trebali biti obavljeni razgovori i onda \u0107e biti jasnije kojim putem dalje i\u0107i da se napravi dogovor jer je zajedni\u010dka procjena da do njega mora do\u0107i.<\/p>\n\n\n\n<p>\u2013 Ne mo\u017ee se iza\u0107i iz neizborne godine, a da se ne dogovorimo oko svih ovih pitanja, a primarno zakona koji zna\u010de ubrzanje puta ka Europskoj uniji i dobivanje kandidatskog statusu te Izbornog zakona jer bez izbornog zakonodavstva te\u0161ko \u0107e biti organizirati izbore naredne godine \u2013 pojasnio je \u010covi\u0107.<\/p>\n\n\n\n<p>Izrazio je stav i da \u0107e se do rje\u0161enja do\u0107i do kraja lipnja, a onda \u0107e uslijediti razgovori kako to preto\u010diti u zakonska rje\u0161enja i u parlamentarnoj proceduri dobiti i druge partnere koji \u017eele sli\u010dna rje\u0161enja u BiH.<\/p>\n\n\n\n<p>\u2013 Ima stvari o kojima se sigurno ne\u0107e raspravljati \u0161to se ti\u010de HDZ-a i to je pitanje jednakopravnosti konstitutivnih naroda i njihovog legitimnog predstavljanja, a za sve drugo mo\u017eemo tra\u017eiti rje\u0161enja. Ovaj mjesec je mjesec za dogovore \u2013 zaklju\u010dio je lider HDZ-a Dragan \u010covi\u0107.<\/p>\n\n\n\n<p>Izaslanstva stranaka razgovarala su danas u Sarajevu i o formiranju Federalne vlade, odnosno popunjavanja upra\u017enjenih ministarskih mjesta, te zakonima koje je potrebno izmijeniti kao dio 14 prioriteta Europske komisije kako bi BiH dobila kandidatski status poput zakona sukobu interesa, Visoko sudskom i tu\u017eiteljskom vije\u0107u (VSTV) i javnim nabavkama.<\/p>\n\n\n\n<p>\/HMS\/<\/p>\n","protected":false},"excerpt":{"rendered":"<p>Predsjednik Hrvatske demokratske zajednice (HDZ) Dragan \u010covi\u0107 kazao je danas nakon susreta s predsjednikom Stranke demokratske akcije (SDA) Bakirom Izetbegovi\u0107em da su razgovarali o mnogim pitanjima, ali da HDZ ne\u0107e razgovarati o jednakopravnosti i legitimnom predstavljanju konstitutivnih naroda. Ka\u017ee da su sada u situaciji kada bi trebalo pozvati svjedoke Sporazuma koji je potpisan u Mostaru [&hellip;]<\/p>\n","protected":false},"author":2,"featured_media":28321,"comment_status":"closed","ping_status":"closed","sticky":false,"template":"","format":"standard","meta":{"h5ap_radio_sources":[],"footnotes":""},"categories":[1],"tags":[],"class_list":["post-28320","post","type-post","status-publish","format-standard","has-post-thumbnail","hentry","category-bihiregija"],"yoast_head":"<!-- This site is optimized with the Yoast SEO plugin v27.5 - https:\/\/yoast.com\/product\/yoast-seo-wordpress\/ -->\n<title>\u010covi\u0107: HDZ ne\u0107e raspravljati o jednakopravnosti konstitutivnih naroda - RADIO LJUBU\u0160KI<\/title>\n<meta name=\"robots\" content=\"index, follow, max-snippet:-1, max-image-preview:large, max-video-preview:-1\" \/>\n<link rel=\"canonical\" href=\"https:\/\/radioljubuski.ba\/index.php\/2021\/06\/04\/covic-hdz-nece-raspravljati-o-jednakopravnosti-konstitutivnih-naroda\/\" \/>\n<meta property=\"og:locale\" content=\"hr_HR\" \/>\n<meta property=\"og:type\" content=\"article\" \/>\n<meta property=\"og:title\" content=\"\u010covi\u0107: HDZ ne\u0107e raspravljati o jednakopravnosti konstitutivnih naroda - RADIO LJUBU\u0160KI\" \/>\n<meta property=\"og:description\" content=\"Predsjednik Hrvatske demokratske zajednice (HDZ) Dragan \u010covi\u0107 kazao je danas nakon susreta s predsjednikom Stranke demokratske akcije (SDA) Bakirom Izetbegovi\u0107em da su razgovarali o mnogim pitanjima, ali da HDZ ne\u0107e razgovarati o jednakopravnosti i legitimnom predstavljanju konstitutivnih naroda. Ka\u017ee da su sada u situaciji kada bi trebalo pozvati svjedoke Sporazuma koji je potpisan u Mostaru [&hellip;]\" \/>\n<meta property=\"og:url\" content=\"https:\/\/radioljubuski.ba\/index.php\/2021\/06\/04\/covic-hdz-nece-raspravljati-o-jednakopravnosti-konstitutivnih-naroda\/\" \/>\n<meta property=\"og:site_name\" content=\"RADIO LJUBU\u0160KI\" \/>\n<meta property=\"article:publisher\" content=\"https:\/\/www.facebook.com\/Radiio-Ljubuski-1490835324566332\" \/>\n<meta property=\"article:published_time\" content=\"2021-06-04T00:06:21+00:00\" \/>\n<meta property=\"og:image\" content=\"https:\/\/radioljubuski.ba\/wp-content\/uploads\/2021\/06\/030621_covic-1.jpg\" \/>\n\t<meta property=\"og:image:width\" content=\"750\" \/>\n\t<meta property=\"og:image:height\" content=\"450\" \/>\n\t<meta property=\"og:image:type\" content=\"image\/jpeg\" \/>\n<meta name=\"author\" content=\"Radio Ljubu\u0161ki\" \/>\n<meta name=\"twitter:card\" content=\"summary_large_image\" \/>\n<meta name=\"twitter:creator\" content=\"@radioljubuski\" \/>\n<meta name=\"twitter:site\" content=\"@radioljubuski\" \/>\n<meta name=\"twitter:label1\" content=\"Napisao\/la\" \/>\n\t<meta name=\"twitter:data1\" content=\"Radio Ljubu\u0161ki\" \/>\n\t<meta name=\"twitter:label2\" content=\"Procijenjeno vrijeme \u010ditanja\" \/>\n\t<meta name=\"twitter:data2\" content=\"2 minute\" \/>\n<script type=\"application\/ld+json\" class=\"yoast-schema-graph\">{\"@context\":\"https:\\\/\\\/schema.org\",\"@graph\":[{\"@type\":\"Article\",\"@id\":\"https:\\\/\\\/radioljubuski.ba\\\/index.php\\\/2021\\\/06\\\/04\\\/covic-hdz-nece-raspravljati-o-jednakopravnosti-konstitutivnih-naroda\\\/#article\",\"isPartOf\":{\"@id\":\"https:\\\/\\\/radioljubuski.ba\\\/index.php\\\/2021\\\/06\\\/04\\\/covic-hdz-nece-raspravljati-o-jednakopravnosti-konstitutivnih-naroda\\\/\"},\"author\":{\"name\":\"Radio Ljubu\u0161ki\",\"@id\":\"https:\\\/\\\/radioljubuski.ba\\\/#\\\/schema\\\/person\\\/19fc700381a780f69665d7956c469e3b\"},\"headline\":\"\u010covi\u0107: HDZ ne\u0107e raspravljati o jednakopravnosti konstitutivnih naroda\",\"datePublished\":\"2021-06-04T00:06:21+00:00\",\"mainEntityOfPage\":{\"@id\":\"https:\\\/\\\/radioljubuski.ba\\\/index.php\\\/2021\\\/06\\\/04\\\/covic-hdz-nece-raspravljati-o-jednakopravnosti-konstitutivnih-naroda\\\/\"},\"wordCount\":440,\"publisher\":{\"@id\":\"https:\\\/\\\/radioljubuski.ba\\\/#organization\"},\"image\":{\"@id\":\"https:\\\/\\\/radioljubuski.ba\\\/index.php\\\/2021\\\/06\\\/04\\\/covic-hdz-nece-raspravljati-o-jednakopravnosti-konstitutivnih-naroda\\\/#primaryimage\"},\"thumbnailUrl\":\"https:\\\/\\\/radioljubuski.ba\\\/wp-content\\\/uploads\\\/2021\\\/06\\\/030621_covic-1.jpg\",\"articleSection\":[\"BIH i regija\"],\"inLanguage\":\"hr\"},{\"@type\":\"WebPage\",\"@id\":\"https:\\\/\\\/radioljubuski.ba\\\/index.php\\\/2021\\\/06\\\/04\\\/covic-hdz-nece-raspravljati-o-jednakopravnosti-konstitutivnih-naroda\\\/\",\"url\":\"https:\\\/\\\/radioljubuski.ba\\\/index.php\\\/2021\\\/06\\\/04\\\/covic-hdz-nece-raspravljati-o-jednakopravnosti-konstitutivnih-naroda\\\/\",\"name\":\"\u010covi\u0107: HDZ ne\u0107e raspravljati o jednakopravnosti konstitutivnih naroda - RADIO LJUBU\u0160KI\",\"isPartOf\":{\"@id\":\"https:\\\/\\\/radioljubuski.ba\\\/#website\"},\"primaryImageOfPage\":{\"@id\":\"https:\\\/\\\/radioljubuski.ba\\\/index.php\\\/2021\\\/06\\\/04\\\/covic-hdz-nece-raspravljati-o-jednakopravnosti-konstitutivnih-naroda\\\/#primaryimage\"},\"image\":{\"@id\":\"https:\\\/\\\/radioljubuski.ba\\\/index.php\\\/2021\\\/06\\\/04\\\/covic-hdz-nece-raspravljati-o-jednakopravnosti-konstitutivnih-naroda\\\/#primaryimage\"},\"thumbnailUrl\":\"https:\\\/\\\/radioljubuski.ba\\\/wp-content\\\/uploads\\\/2021\\\/06\\\/030621_covic-1.jpg\",\"datePublished\":\"2021-06-04T00:06:21+00:00\",\"breadcrumb\":{\"@id\":\"https:\\\/\\\/radioljubuski.ba\\\/index.php\\\/2021\\\/06\\\/04\\\/covic-hdz-nece-raspravljati-o-jednakopravnosti-konstitutivnih-naroda\\\/#breadcrumb\"},\"inLanguage\":\"hr\",\"potentialAction\":[{\"@type\":\"ReadAction\",\"target\":[\"https:\\\/\\\/radioljubuski.ba\\\/index.php\\\/2021\\\/06\\\/04\\\/covic-hdz-nece-raspravljati-o-jednakopravnosti-konstitutivnih-naroda\\\/\"]}]},{\"@type\":\"ImageObject\",\"inLanguage\":\"hr\",\"@id\":\"https:\\\/\\\/radioljubuski.ba\\\/index.php\\\/2021\\\/06\\\/04\\\/covic-hdz-nece-raspravljati-o-jednakopravnosti-konstitutivnih-naroda\\\/#primaryimage\",\"url\":\"https:\\\/\\\/radioljubuski.ba\\\/wp-content\\\/uploads\\\/2021\\\/06\\\/030621_covic-1.jpg\",\"contentUrl\":\"https:\\\/\\\/radioljubuski.ba\\\/wp-content\\\/uploads\\\/2021\\\/06\\\/030621_covic-1.jpg\",\"width\":750,\"height\":450},{\"@type\":\"BreadcrumbList\",\"@id\":\"https:\\\/\\\/radioljubuski.ba\\\/index.php\\\/2021\\\/06\\\/04\\\/covic-hdz-nece-raspravljati-o-jednakopravnosti-konstitutivnih-naroda\\\/#breadcrumb\",\"itemListElement\":[{\"@type\":\"ListItem\",\"position\":1,\"name\":\"Po\u010detna stranica\",\"item\":\"https:\\\/\\\/radioljubuski.ba\\\/\"},{\"@type\":\"ListItem\",\"position\":2,\"name\":\"\u010covi\u0107: HDZ ne\u0107e raspravljati o jednakopravnosti konstitutivnih naroda\"}]},{\"@type\":\"WebSite\",\"@id\":\"https:\\\/\\\/radioljubuski.ba\\\/#website\",\"url\":\"https:\\\/\\\/radioljubuski.ba\\\/\",\"name\":\"Radio Ljubu\u0161ki\",\"description\":\"Sun\u010dana frekvencija Hercegovine\",\"publisher\":{\"@id\":\"https:\\\/\\\/radioljubuski.ba\\\/#organization\"},\"potentialAction\":[{\"@type\":\"SearchAction\",\"target\":{\"@type\":\"EntryPoint\",\"urlTemplate\":\"https:\\\/\\\/radioljubuski.ba\\\/?s={search_term_string}\"},\"query-input\":{\"@type\":\"PropertyValueSpecification\",\"valueRequired\":true,\"valueName\":\"search_term_string\"}}],\"inLanguage\":\"hr\"},{\"@type\":\"Organization\",\"@id\":\"https:\\\/\\\/radioljubuski.ba\\\/#organization\",\"name\":\"Radio Ljubu\u0161ki\",\"url\":\"https:\\\/\\\/radioljubuski.ba\\\/\",\"logo\":{\"@type\":\"ImageObject\",\"inLanguage\":\"hr\",\"@id\":\"https:\\\/\\\/radioljubuski.ba\\\/#\\\/schema\\\/logo\\\/image\\\/\",\"url\":\"https:\\\/\\\/radioljubuski.ba\\\/wp-content\\\/uploads\\\/2021\\\/02\\\/cropped-Radio_Ljubuski_logo1.jpg\",\"contentUrl\":\"https:\\\/\\\/radioljubuski.ba\\\/wp-content\\\/uploads\\\/2021\\\/02\\\/cropped-Radio_Ljubuski_logo1.jpg\",\"width\":512,\"height\":512,\"caption\":\"Radio Ljubu\u0161ki\"},\"image\":{\"@id\":\"https:\\\/\\\/radioljubuski.ba\\\/#\\\/schema\\\/logo\\\/image\\\/\"},\"sameAs\":[\"https:\\\/\\\/www.facebook.com\\\/Radiio-Ljubuski-1490835324566332\",\"https:\\\/\\\/x.com\\\/radioljubuski\",\"https:\\\/\\\/hr.linkedin.com\\\/company\\\/radio-ljubuski\",\"https:\\\/\\\/www.youtube.com\\\/channel\\\/UCHYaeO_n0Db3tjNGudGpXyw\"]},{\"@type\":\"Person\",\"@id\":\"https:\\\/\\\/radioljubuski.ba\\\/#\\\/schema\\\/person\\\/19fc700381a780f69665d7956c469e3b\",\"name\":\"Radio Ljubu\u0161ki\"}]}<\/script>\n<!-- \/ Yoast SEO plugin. -->","yoast_head_json":{"title":"\u010covi\u0107: HDZ ne\u0107e raspravljati o jednakopravnosti konstitutivnih naroda - RADIO LJUBU\u0160KI","robots":{"index":"index","follow":"follow","max-snippet":"max-snippet:-1","max-image-preview":"max-image-preview:large","max-video-preview":"max-video-preview:-1"},"canonical":"https:\/\/radioljubuski.ba\/index.php\/2021\/06\/04\/covic-hdz-nece-raspravljati-o-jednakopravnosti-konstitutivnih-naroda\/","og_locale":"hr_HR","og_type":"article","og_title":"\u010covi\u0107: HDZ ne\u0107e raspravljati o jednakopravnosti konstitutivnih naroda - RADIO LJUBU\u0160KI","og_description":"Predsjednik Hrvatske demokratske zajednice (HDZ) Dragan \u010covi\u0107 kazao je danas nakon susreta s predsjednikom Stranke demokratske akcije (SDA) Bakirom Izetbegovi\u0107em da su razgovarali o mnogim pitanjima, ali da HDZ ne\u0107e razgovarati o jednakopravnosti i legitimnom predstavljanju konstitutivnih naroda. Ka\u017ee da su sada u situaciji kada bi trebalo pozvati svjedoke Sporazuma koji je potpisan u Mostaru [&hellip;]","og_url":"https:\/\/radioljubuski.ba\/index.php\/2021\/06\/04\/covic-hdz-nece-raspravljati-o-jednakopravnosti-konstitutivnih-naroda\/","og_site_name":"RADIO LJUBU\u0160KI","article_publisher":"https:\/\/www.facebook.com\/Radiio-Ljubuski-1490835324566332","article_published_time":"2021-06-04T00:06:21+00:00","og_image":[{"width":750,"height":450,"url":"https:\/\/radioljubuski.ba\/wp-content\/uploads\/2021\/06\/030621_covic-1.jpg","type":"image\/jpeg"}],"author":"Radio Ljubu\u0161ki","twitter_card":"summary_large_image","twitter_creator":"@radioljubuski","twitter_site":"@radioljubuski","twitter_misc":{"Napisao\/la":"Radio Ljubu\u0161ki","Procijenjeno vrijeme \u010ditanja":"2 minute"},"schema":{"@context":"https:\/\/schema.org","@graph":[{"@type":"Article","@id":"https:\/\/radioljubuski.ba\/index.php\/2021\/06\/04\/covic-hdz-nece-raspravljati-o-jednakopravnosti-konstitutivnih-naroda\/#article","isPartOf":{"@id":"https:\/\/radioljubuski.ba\/index.php\/2021\/06\/04\/covic-hdz-nece-raspravljati-o-jednakopravnosti-konstitutivnih-naroda\/"},"author":{"name":"Radio Ljubu\u0161ki","@id":"https:\/\/radioljubuski.ba\/#\/schema\/person\/19fc700381a780f69665d7956c469e3b"},"headline":"\u010covi\u0107: HDZ ne\u0107e raspravljati o jednakopravnosti konstitutivnih naroda","datePublished":"2021-06-04T00:06:21+00:00","mainEntityOfPage":{"@id":"https:\/\/radioljubuski.ba\/index.php\/2021\/06\/04\/covic-hdz-nece-raspravljati-o-jednakopravnosti-konstitutivnih-naroda\/"},"wordCount":440,"publisher":{"@id":"https:\/\/radioljubuski.ba\/#organization"},"image":{"@id":"https:\/\/radioljubuski.ba\/index.php\/2021\/06\/04\/covic-hdz-nece-raspravljati-o-jednakopravnosti-konstitutivnih-naroda\/#primaryimage"},"thumbnailUrl":"https:\/\/radioljubuski.ba\/wp-content\/uploads\/2021\/06\/030621_covic-1.jpg","articleSection":["BIH i regija"],"inLanguage":"hr"},{"@type":"WebPage","@id":"https:\/\/radioljubuski.ba\/index.php\/2021\/06\/04\/covic-hdz-nece-raspravljati-o-jednakopravnosti-konstitutivnih-naroda\/","url":"https:\/\/radioljubuski.ba\/index.php\/2021\/06\/04\/covic-hdz-nece-raspravljati-o-jednakopravnosti-konstitutivnih-naroda\/","name":"\u010covi\u0107: HDZ ne\u0107e raspravljati o jednakopravnosti konstitutivnih naroda - RADIO LJUBU\u0160KI","isPartOf":{"@id":"https:\/\/radioljubuski.ba\/#website"},"primaryImageOfPage":{"@id":"https:\/\/radioljubuski.ba\/index.php\/2021\/06\/04\/covic-hdz-nece-raspravljati-o-jednakopravnosti-konstitutivnih-naroda\/#primaryimage"},"image":{"@id":"https:\/\/radioljubuski.ba\/index.php\/2021\/06\/04\/covic-hdz-nece-raspravljati-o-jednakopravnosti-konstitutivnih-naroda\/#primaryimage"},"thumbnailUrl":"https:\/\/radioljubuski.ba\/wp-content\/uploads\/2021\/06\/030621_covic-1.jpg","datePublished":"2021-06-04T00:06:21+00:00","breadcrumb":{"@id":"https:\/\/radioljubuski.ba\/index.php\/2021\/06\/04\/covic-hdz-nece-raspravljati-o-jednakopravnosti-konstitutivnih-naroda\/#breadcrumb"},"inLanguage":"hr","potentialAction":[{"@type":"ReadAction","target":["https:\/\/radioljubuski.ba\/index.php\/2021\/06\/04\/covic-hdz-nece-raspravljati-o-jednakopravnosti-konstitutivnih-naroda\/"]}]},{"@type":"ImageObject","inLanguage":"hr","@id":"https:\/\/radioljubuski.ba\/index.php\/2021\/06\/04\/covic-hdz-nece-raspravljati-o-jednakopravnosti-konstitutivnih-naroda\/#primaryimage","url":"https:\/\/radioljubuski.ba\/wp-content\/uploads\/2021\/06\/030621_covic-1.jpg","contentUrl":"https:\/\/radioljubuski.ba\/wp-content\/uploads\/2021\/06\/030621_covic-1.jpg","width":750,"height":450},{"@type":"BreadcrumbList","@id":"https:\/\/radioljubuski.ba\/index.php\/2021\/06\/04\/covic-hdz-nece-raspravljati-o-jednakopravnosti-konstitutivnih-naroda\/#breadcrumb","itemListElement":[{"@type":"ListItem","position":1,"name":"Po\u010detna stranica","item":"https:\/\/radioljubuski.ba\/"},{"@type":"ListItem","position":2,"name":"\u010covi\u0107: HDZ ne\u0107e raspravljati o jednakopravnosti konstitutivnih naroda"}]},{"@type":"WebSite","@id":"https:\/\/radioljubuski.ba\/#website","url":"https:\/\/radioljubuski.ba\/","name":"Radio Ljubu\u0161ki","description":"Sun\u010dana frekvencija Hercegovine","publisher":{"@id":"https:\/\/radioljubuski.ba\/#organization"},"potentialAction":[{"@type":"SearchAction","target":{"@type":"EntryPoint","urlTemplate":"https:\/\/radioljubuski.ba\/?s={search_term_string}"},"query-input":{"@type":"PropertyValueSpecification","valueRequired":true,"valueName":"search_term_string"}}],"inLanguage":"hr"},{"@type":"Organization","@id":"https:\/\/radioljubuski.ba\/#organization","name":"Radio Ljubu\u0161ki","url":"https:\/\/radioljubuski.ba\/","logo":{"@type":"ImageObject","inLanguage":"hr","@id":"https:\/\/radioljubuski.ba\/#\/schema\/logo\/image\/","url":"https:\/\/radioljubuski.ba\/wp-content\/uploads\/2021\/02\/cropped-Radio_Ljubuski_logo1.jpg","contentUrl":"https:\/\/radioljubuski.ba\/wp-content\/uploads\/2021\/02\/cropped-Radio_Ljubuski_logo1.jpg","width":512,"height":512,"caption":"Radio Ljubu\u0161ki"},"image":{"@id":"https:\/\/radioljubuski.ba\/#\/schema\/logo\/image\/"},"sameAs":["https:\/\/www.facebook.com\/Radiio-Ljubuski-1490835324566332","https:\/\/x.com\/radioljubuski","https:\/\/hr.linkedin.com\/company\/radio-ljubuski","https:\/\/www.youtube.com\/channel\/UCHYaeO_n0Db3tjNGudGpXyw"]},{"@type":"Person","@id":"https:\/\/radioljubuski.ba\/#\/schema\/person\/19fc700381a780f69665d7956c469e3b","name":"Radio Ljubu\u0161ki"}]}},"_links":{"self":[{"href":"https:\/\/radioljubuski.ba\/index.php\/wp-json\/wp\/v2\/posts\/28320","targetHints":{"allow":["GET"]}}],"collection":[{"href":"https:\/\/radioljubuski.ba\/index.php\/wp-json\/wp\/v2\/posts"}],"about":[{"href":"https:\/\/radioljubuski.ba\/index.php\/wp-json\/wp\/v2\/types\/post"}],"author":[{"embeddable":true,"href":"https:\/\/radioljubuski.ba\/index.php\/wp-json\/wp\/v2\/users\/2"}],"replies":[{"embeddable":true,"href":"https:\/\/radioljubuski.ba\/index.php\/wp-json\/wp\/v2\/comments?post=28320"}],"version-history":[{"count":1,"href":"https:\/\/radioljubuski.ba\/index.php\/wp-json\/wp\/v2\/posts\/28320\/revisions"}],"predecessor-version":[{"id":28322,"href":"https:\/\/radioljubuski.ba\/index.php\/wp-json\/wp\/v2\/posts\/28320\/revisions\/28322"}],"wp:featuredmedia":[{"embeddable":true,"href":"https:\/\/radioljubuski.ba\/index.php\/wp-json\/wp\/v2\/media\/28321"}],"wp:attachment":[{"href":"https:\/\/radioljubuski.ba\/index.php\/wp-json\/wp\/v2\/media?parent=28320"}],"wp:term":[{"taxonomy":"category","embeddable":true,"href":"https:\/\/radioljubuski.ba\/index.php\/wp-json\/wp\/v2\/categories?post=28320"},{"taxonomy":"post_tag","embeddable":true,"href":"https:\/\/radioljubuski.ba\/index.php\/wp-json\/wp\/v2\/tags?post=28320"}],"curies":[{"name":"wp","href":"https:\/\/api.w.org\/{rel}","templated":true}]}}