{"id":28329,"date":"2021-06-04T01:11:38","date_gmt":"2021-06-04T00:11:38","guid":{"rendered":"https:\/\/radioljubuski.ba\/?p=28329"},"modified":"2021-06-04T01:11:39","modified_gmt":"2021-06-04T00:11:39","slug":"uznemirujuci-snimak-sjekirom-pokusao-ubiti-mladica","status":"publish","type":"post","link":"https:\/\/radioljubuski.ba\/index.php\/2021\/06\/04\/uznemirujuci-snimak-sjekirom-pokusao-ubiti-mladica\/","title":{"rendered":"Uznemiruju\u0107i snimak: Sjekirom poku\u0161ao ubiti mladi\u0107a"},"content":{"rendered":"\n<p><strong>U Prnjavoru se odigrala prava drama, nakon \u0161to je stariji mu\u0161karac sjekirom poku\u0161ao ubiti mla\u0111eg mu\u0161karca.<\/strong><\/p>\n\n\n\n<p>Mladi\u0107 je uspio savladti napada\u010da i tom prilikom mu nanio ozlijede, pi\u0161e \u201cAvaz\u201d.<\/p>\n\n\n\n<p>Napada\u010d je zbog zadobijenih ozlijeda preba\u010den u Univerzitetski klini\u010dki centar Republike Srpske u Banjoj Luci, gdje se nalazi pod policijskom prismotrom.<\/p>\n\n\n\n<p>U me\u0111uvremenu se pojavio snimak s nadzorne kamere na kojem se vidi kako pomahnitali starac sjekirom poku\u0161ava udariti mladi\u0107a. Mladi\u0107 je, na koncu, uspio svladati napada\u010da i tako se spasiti.<\/p>\n\n\n\n<figure class=\"wp-block-embed is-type-video is-provider-youtube wp-block-embed-youtube wp-embed-aspect-16-9 wp-has-aspect-ratio\"><div class=\"wp-block-embed__wrapper\">\nhttps:\/\/www.youtube.com\/watch?v=FEA1kkWxzRY&#038;t=1s\n<\/div><\/figure>\n\n\n\n<p>\/HMS\/<\/p>\n","protected":false},"excerpt":{"rendered":"<p>U Prnjavoru se odigrala prava drama, nakon \u0161to je stariji mu\u0161karac sjekirom poku\u0161ao ubiti mla\u0111eg mu\u0161karca. Mladi\u0107 je uspio savladti napada\u010da i tom prilikom mu nanio ozlijede, pi\u0161e \u201cAvaz\u201d. Napada\u010d je zbog zadobijenih ozlijeda preba\u010den u Univerzitetski klini\u010dki centar Republike Srpske u Banjoj Luci, gdje se nalazi pod policijskom prismotrom. U me\u0111uvremenu se pojavio snimak [&hellip;]<\/p>\n","protected":false},"author":2,"featured_media":28330,"comment_status":"closed","ping_status":"closed","sticky":false,"template":"","format":"standard","meta":{"h5ap_radio_sources":[],"footnotes":""},"categories":[1],"tags":[],"class_list":["post-28329","post","type-post","status-publish","format-standard","has-post-thumbnail","hentry","category-bihiregija"],"yoast_head":"<!-- This site is optimized with the Yoast SEO plugin v27.5 - https:\/\/yoast.com\/product\/yoast-seo-wordpress\/ -->\n<title>Uznemiruju\u0107i snimak: Sjekirom poku\u0161ao ubiti mladi\u0107a - RADIO LJUBU\u0160KI<\/title>\n<meta name=\"robots\" content=\"index, follow, max-snippet:-1, max-image-preview:large, max-video-preview:-1\" \/>\n<link rel=\"canonical\" href=\"https:\/\/radioljubuski.ba\/index.php\/2021\/06\/04\/uznemirujuci-snimak-sjekirom-pokusao-ubiti-mladica\/\" \/>\n<meta property=\"og:locale\" content=\"hr_HR\" \/>\n<meta property=\"og:type\" content=\"article\" \/>\n<meta property=\"og:title\" content=\"Uznemiruju\u0107i snimak: Sjekirom poku\u0161ao ubiti mladi\u0107a - RADIO LJUBU\u0160KI\" \/>\n<meta property=\"og:description\" content=\"U Prnjavoru se odigrala prava drama, nakon \u0161to je stariji mu\u0161karac sjekirom poku\u0161ao ubiti mla\u0111eg mu\u0161karca. Mladi\u0107 je uspio savladti napada\u010da i tom prilikom mu nanio ozlijede, pi\u0161e \u201cAvaz\u201d. Napada\u010d je zbog zadobijenih ozlijeda preba\u010den u Univerzitetski klini\u010dki centar Republike Srpske u Banjoj Luci, gdje se nalazi pod policijskom prismotrom. U me\u0111uvremenu se pojavio snimak [&hellip;]\" \/>\n<meta property=\"og:url\" content=\"https:\/\/radioljubuski.ba\/index.php\/2021\/06\/04\/uznemirujuci-snimak-sjekirom-pokusao-ubiti-mladica\/\" \/>\n<meta property=\"og:site_name\" content=\"RADIO LJUBU\u0160KI\" \/>\n<meta property=\"article:publisher\" content=\"https:\/\/www.facebook.com\/Radiio-Ljubuski-1490835324566332\" \/>\n<meta property=\"article:published_time\" content=\"2021-06-04T00:11:38+00:00\" \/>\n<meta property=\"article:modified_time\" content=\"2021-06-04T00:11:39+00:00\" \/>\n<meta property=\"og:image\" content=\"https:\/\/radioljubuski.ba\/wp-content\/uploads\/2021\/06\/sjekira-pokusaj-ubojstva.jpg\" \/>\n\t<meta property=\"og:image:width\" content=\"750\" \/>\n\t<meta property=\"og:image:height\" content=\"465\" \/>\n\t<meta property=\"og:image:type\" content=\"image\/jpeg\" \/>\n<meta name=\"author\" content=\"Radio Ljubu\u0161ki\" \/>\n<meta name=\"twitter:card\" content=\"summary_large_image\" \/>\n<meta name=\"twitter:creator\" content=\"@radioljubuski\" \/>\n<meta name=\"twitter:site\" content=\"@radioljubuski\" \/>\n<meta name=\"twitter:label1\" content=\"Napisao\/la\" \/>\n\t<meta name=\"twitter:data1\" content=\"Radio Ljubu\u0161ki\" \/>\n\t<meta name=\"twitter:label2\" content=\"Procijenjeno vrijeme \u010ditanja\" \/>\n\t<meta name=\"twitter:data2\" content=\"1 minuta\" \/>\n<script type=\"application\/ld+json\" class=\"yoast-schema-graph\">{\"@context\":\"https:\\\/\\\/schema.org\",\"@graph\":[{\"@type\":\"Article\",\"@id\":\"https:\\\/\\\/radioljubuski.ba\\\/index.php\\\/2021\\\/06\\\/04\\\/uznemirujuci-snimak-sjekirom-pokusao-ubiti-mladica\\\/#article\",\"isPartOf\":{\"@id\":\"https:\\\/\\\/radioljubuski.ba\\\/index.php\\\/2021\\\/06\\\/04\\\/uznemirujuci-snimak-sjekirom-pokusao-ubiti-mladica\\\/\"},\"author\":{\"name\":\"Radio Ljubu\u0161ki\",\"@id\":\"https:\\\/\\\/radioljubuski.ba\\\/#\\\/schema\\\/person\\\/19fc700381a780f69665d7956c469e3b\"},\"headline\":\"Uznemiruju\u0107i snimak: Sjekirom poku\u0161ao ubiti mladi\u0107a\",\"datePublished\":\"2021-06-04T00:11:38+00:00\",\"dateModified\":\"2021-06-04T00:11:39+00:00\",\"mainEntityOfPage\":{\"@id\":\"https:\\\/\\\/radioljubuski.ba\\\/index.php\\\/2021\\\/06\\\/04\\\/uznemirujuci-snimak-sjekirom-pokusao-ubiti-mladica\\\/\"},\"wordCount\":113,\"publisher\":{\"@id\":\"https:\\\/\\\/radioljubuski.ba\\\/#organization\"},\"image\":{\"@id\":\"https:\\\/\\\/radioljubuski.ba\\\/index.php\\\/2021\\\/06\\\/04\\\/uznemirujuci-snimak-sjekirom-pokusao-ubiti-mladica\\\/#primaryimage\"},\"thumbnailUrl\":\"https:\\\/\\\/radioljubuski.ba\\\/wp-content\\\/uploads\\\/2021\\\/06\\\/sjekira-pokusaj-ubojstva.jpg\",\"articleSection\":[\"BIH i regija\"],\"inLanguage\":\"hr\"},{\"@type\":\"WebPage\",\"@id\":\"https:\\\/\\\/radioljubuski.ba\\\/index.php\\\/2021\\\/06\\\/04\\\/uznemirujuci-snimak-sjekirom-pokusao-ubiti-mladica\\\/\",\"url\":\"https:\\\/\\\/radioljubuski.ba\\\/index.php\\\/2021\\\/06\\\/04\\\/uznemirujuci-snimak-sjekirom-pokusao-ubiti-mladica\\\/\",\"name\":\"Uznemiruju\u0107i snimak: Sjekirom poku\u0161ao ubiti mladi\u0107a - RADIO LJUBU\u0160KI\",\"isPartOf\":{\"@id\":\"https:\\\/\\\/radioljubuski.ba\\\/#website\"},\"primaryImageOfPage\":{\"@id\":\"https:\\\/\\\/radioljubuski.ba\\\/index.php\\\/2021\\\/06\\\/04\\\/uznemirujuci-snimak-sjekirom-pokusao-ubiti-mladica\\\/#primaryimage\"},\"image\":{\"@id\":\"https:\\\/\\\/radioljubuski.ba\\\/index.php\\\/2021\\\/06\\\/04\\\/uznemirujuci-snimak-sjekirom-pokusao-ubiti-mladica\\\/#primaryimage\"},\"thumbnailUrl\":\"https:\\\/\\\/radioljubuski.ba\\\/wp-content\\\/uploads\\\/2021\\\/06\\\/sjekira-pokusaj-ubojstva.jpg\",\"datePublished\":\"2021-06-04T00:11:38+00:00\",\"dateModified\":\"2021-06-04T00:11:39+00:00\",\"breadcrumb\":{\"@id\":\"https:\\\/\\\/radioljubuski.ba\\\/index.php\\\/2021\\\/06\\\/04\\\/uznemirujuci-snimak-sjekirom-pokusao-ubiti-mladica\\\/#breadcrumb\"},\"inLanguage\":\"hr\",\"potentialAction\":[{\"@type\":\"ReadAction\",\"target\":[\"https:\\\/\\\/radioljubuski.ba\\\/index.php\\\/2021\\\/06\\\/04\\\/uznemirujuci-snimak-sjekirom-pokusao-ubiti-mladica\\\/\"]}]},{\"@type\":\"ImageObject\",\"inLanguage\":\"hr\",\"@id\":\"https:\\\/\\\/radioljubuski.ba\\\/index.php\\\/2021\\\/06\\\/04\\\/uznemirujuci-snimak-sjekirom-pokusao-ubiti-mladica\\\/#primaryimage\",\"url\":\"https:\\\/\\\/radioljubuski.ba\\\/wp-content\\\/uploads\\\/2021\\\/06\\\/sjekira-pokusaj-ubojstva.jpg\",\"contentUrl\":\"https:\\\/\\\/radioljubuski.ba\\\/wp-content\\\/uploads\\\/2021\\\/06\\\/sjekira-pokusaj-ubojstva.jpg\",\"width\":750,\"height\":465},{\"@type\":\"BreadcrumbList\",\"@id\":\"https:\\\/\\\/radioljubuski.ba\\\/index.php\\\/2021\\\/06\\\/04\\\/uznemirujuci-snimak-sjekirom-pokusao-ubiti-mladica\\\/#breadcrumb\",\"itemListElement\":[{\"@type\":\"ListItem\",\"position\":1,\"name\":\"Po\u010detna stranica\",\"item\":\"https:\\\/\\\/radioljubuski.ba\\\/\"},{\"@type\":\"ListItem\",\"position\":2,\"name\":\"Uznemiruju\u0107i snimak: Sjekirom poku\u0161ao ubiti mladi\u0107a\"}]},{\"@type\":\"WebSite\",\"@id\":\"https:\\\/\\\/radioljubuski.ba\\\/#website\",\"url\":\"https:\\\/\\\/radioljubuski.ba\\\/\",\"name\":\"Radio Ljubu\u0161ki\",\"description\":\"Sun\u010dana frekvencija Hercegovine\",\"publisher\":{\"@id\":\"https:\\\/\\\/radioljubuski.ba\\\/#organization\"},\"potentialAction\":[{\"@type\":\"SearchAction\",\"target\":{\"@type\":\"EntryPoint\",\"urlTemplate\":\"https:\\\/\\\/radioljubuski.ba\\\/?s={search_term_string}\"},\"query-input\":{\"@type\":\"PropertyValueSpecification\",\"valueRequired\":true,\"valueName\":\"search_term_string\"}}],\"inLanguage\":\"hr\"},{\"@type\":\"Organization\",\"@id\":\"https:\\\/\\\/radioljubuski.ba\\\/#organization\",\"name\":\"Radio Ljubu\u0161ki\",\"url\":\"https:\\\/\\\/radioljubuski.ba\\\/\",\"logo\":{\"@type\":\"ImageObject\",\"inLanguage\":\"hr\",\"@id\":\"https:\\\/\\\/radioljubuski.ba\\\/#\\\/schema\\\/logo\\\/image\\\/\",\"url\":\"https:\\\/\\\/radioljubuski.ba\\\/wp-content\\\/uploads\\\/2021\\\/02\\\/cropped-Radio_Ljubuski_logo1.jpg\",\"contentUrl\":\"https:\\\/\\\/radioljubuski.ba\\\/wp-content\\\/uploads\\\/2021\\\/02\\\/cropped-Radio_Ljubuski_logo1.jpg\",\"width\":512,\"height\":512,\"caption\":\"Radio Ljubu\u0161ki\"},\"image\":{\"@id\":\"https:\\\/\\\/radioljubuski.ba\\\/#\\\/schema\\\/logo\\\/image\\\/\"},\"sameAs\":[\"https:\\\/\\\/www.facebook.com\\\/Radiio-Ljubuski-1490835324566332\",\"https:\\\/\\\/x.com\\\/radioljubuski\",\"https:\\\/\\\/hr.linkedin.com\\\/company\\\/radio-ljubuski\",\"https:\\\/\\\/www.youtube.com\\\/channel\\\/UCHYaeO_n0Db3tjNGudGpXyw\"]},{\"@type\":\"Person\",\"@id\":\"https:\\\/\\\/radioljubuski.ba\\\/#\\\/schema\\\/person\\\/19fc700381a780f69665d7956c469e3b\",\"name\":\"Radio Ljubu\u0161ki\"}]}<\/script>\n<!-- \/ Yoast SEO plugin. -->","yoast_head_json":{"title":"Uznemiruju\u0107i snimak: Sjekirom poku\u0161ao ubiti mladi\u0107a - RADIO LJUBU\u0160KI","robots":{"index":"index","follow":"follow","max-snippet":"max-snippet:-1","max-image-preview":"max-image-preview:large","max-video-preview":"max-video-preview:-1"},"canonical":"https:\/\/radioljubuski.ba\/index.php\/2021\/06\/04\/uznemirujuci-snimak-sjekirom-pokusao-ubiti-mladica\/","og_locale":"hr_HR","og_type":"article","og_title":"Uznemiruju\u0107i snimak: Sjekirom poku\u0161ao ubiti mladi\u0107a - RADIO LJUBU\u0160KI","og_description":"U Prnjavoru se odigrala prava drama, nakon \u0161to je stariji mu\u0161karac sjekirom poku\u0161ao ubiti mla\u0111eg mu\u0161karca. Mladi\u0107 je uspio savladti napada\u010da i tom prilikom mu nanio ozlijede, pi\u0161e \u201cAvaz\u201d. Napada\u010d je zbog zadobijenih ozlijeda preba\u010den u Univerzitetski klini\u010dki centar Republike Srpske u Banjoj Luci, gdje se nalazi pod policijskom prismotrom. U me\u0111uvremenu se pojavio snimak [&hellip;]","og_url":"https:\/\/radioljubuski.ba\/index.php\/2021\/06\/04\/uznemirujuci-snimak-sjekirom-pokusao-ubiti-mladica\/","og_site_name":"RADIO LJUBU\u0160KI","article_publisher":"https:\/\/www.facebook.com\/Radiio-Ljubuski-1490835324566332","article_published_time":"2021-06-04T00:11:38+00:00","article_modified_time":"2021-06-04T00:11:39+00:00","og_image":[{"width":750,"height":465,"url":"https:\/\/radioljubuski.ba\/wp-content\/uploads\/2021\/06\/sjekira-pokusaj-ubojstva.jpg","type":"image\/jpeg"}],"author":"Radio Ljubu\u0161ki","twitter_card":"summary_large_image","twitter_creator":"@radioljubuski","twitter_site":"@radioljubuski","twitter_misc":{"Napisao\/la":"Radio Ljubu\u0161ki","Procijenjeno vrijeme \u010ditanja":"1 minuta"},"schema":{"@context":"https:\/\/schema.org","@graph":[{"@type":"Article","@id":"https:\/\/radioljubuski.ba\/index.php\/2021\/06\/04\/uznemirujuci-snimak-sjekirom-pokusao-ubiti-mladica\/#article","isPartOf":{"@id":"https:\/\/radioljubuski.ba\/index.php\/2021\/06\/04\/uznemirujuci-snimak-sjekirom-pokusao-ubiti-mladica\/"},"author":{"name":"Radio Ljubu\u0161ki","@id":"https:\/\/radioljubuski.ba\/#\/schema\/person\/19fc700381a780f69665d7956c469e3b"},"headline":"Uznemiruju\u0107i snimak: Sjekirom poku\u0161ao ubiti mladi\u0107a","datePublished":"2021-06-04T00:11:38+00:00","dateModified":"2021-06-04T00:11:39+00:00","mainEntityOfPage":{"@id":"https:\/\/radioljubuski.ba\/index.php\/2021\/06\/04\/uznemirujuci-snimak-sjekirom-pokusao-ubiti-mladica\/"},"wordCount":113,"publisher":{"@id":"https:\/\/radioljubuski.ba\/#organization"},"image":{"@id":"https:\/\/radioljubuski.ba\/index.php\/2021\/06\/04\/uznemirujuci-snimak-sjekirom-pokusao-ubiti-mladica\/#primaryimage"},"thumbnailUrl":"https:\/\/radioljubuski.ba\/wp-content\/uploads\/2021\/06\/sjekira-pokusaj-ubojstva.jpg","articleSection":["BIH i regija"],"inLanguage":"hr"},{"@type":"WebPage","@id":"https:\/\/radioljubuski.ba\/index.php\/2021\/06\/04\/uznemirujuci-snimak-sjekirom-pokusao-ubiti-mladica\/","url":"https:\/\/radioljubuski.ba\/index.php\/2021\/06\/04\/uznemirujuci-snimak-sjekirom-pokusao-ubiti-mladica\/","name":"Uznemiruju\u0107i snimak: Sjekirom poku\u0161ao ubiti mladi\u0107a - RADIO LJUBU\u0160KI","isPartOf":{"@id":"https:\/\/radioljubuski.ba\/#website"},"primaryImageOfPage":{"@id":"https:\/\/radioljubuski.ba\/index.php\/2021\/06\/04\/uznemirujuci-snimak-sjekirom-pokusao-ubiti-mladica\/#primaryimage"},"image":{"@id":"https:\/\/radioljubuski.ba\/index.php\/2021\/06\/04\/uznemirujuci-snimak-sjekirom-pokusao-ubiti-mladica\/#primaryimage"},"thumbnailUrl":"https:\/\/radioljubuski.ba\/wp-content\/uploads\/2021\/06\/sjekira-pokusaj-ubojstva.jpg","datePublished":"2021-06-04T00:11:38+00:00","dateModified":"2021-06-04T00:11:39+00:00","breadcrumb":{"@id":"https:\/\/radioljubuski.ba\/index.php\/2021\/06\/04\/uznemirujuci-snimak-sjekirom-pokusao-ubiti-mladica\/#breadcrumb"},"inLanguage":"hr","potentialAction":[{"@type":"ReadAction","target":["https:\/\/radioljubuski.ba\/index.php\/2021\/06\/04\/uznemirujuci-snimak-sjekirom-pokusao-ubiti-mladica\/"]}]},{"@type":"ImageObject","inLanguage":"hr","@id":"https:\/\/radioljubuski.ba\/index.php\/2021\/06\/04\/uznemirujuci-snimak-sjekirom-pokusao-ubiti-mladica\/#primaryimage","url":"https:\/\/radioljubuski.ba\/wp-content\/uploads\/2021\/06\/sjekira-pokusaj-ubojstva.jpg","contentUrl":"https:\/\/radioljubuski.ba\/wp-content\/uploads\/2021\/06\/sjekira-pokusaj-ubojstva.jpg","width":750,"height":465},{"@type":"BreadcrumbList","@id":"https:\/\/radioljubuski.ba\/index.php\/2021\/06\/04\/uznemirujuci-snimak-sjekirom-pokusao-ubiti-mladica\/#breadcrumb","itemListElement":[{"@type":"ListItem","position":1,"name":"Po\u010detna stranica","item":"https:\/\/radioljubuski.ba\/"},{"@type":"ListItem","position":2,"name":"Uznemiruju\u0107i snimak: Sjekirom poku\u0161ao ubiti mladi\u0107a"}]},{"@type":"WebSite","@id":"https:\/\/radioljubuski.ba\/#website","url":"https:\/\/radioljubuski.ba\/","name":"Radio Ljubu\u0161ki","description":"Sun\u010dana frekvencija Hercegovine","publisher":{"@id":"https:\/\/radioljubuski.ba\/#organization"},"potentialAction":[{"@type":"SearchAction","target":{"@type":"EntryPoint","urlTemplate":"https:\/\/radioljubuski.ba\/?s={search_term_string}"},"query-input":{"@type":"PropertyValueSpecification","valueRequired":true,"valueName":"search_term_string"}}],"inLanguage":"hr"},{"@type":"Organization","@id":"https:\/\/radioljubuski.ba\/#organization","name":"Radio Ljubu\u0161ki","url":"https:\/\/radioljubuski.ba\/","logo":{"@type":"ImageObject","inLanguage":"hr","@id":"https:\/\/radioljubuski.ba\/#\/schema\/logo\/image\/","url":"https:\/\/radioljubuski.ba\/wp-content\/uploads\/2021\/02\/cropped-Radio_Ljubuski_logo1.jpg","contentUrl":"https:\/\/radioljubuski.ba\/wp-content\/uploads\/2021\/02\/cropped-Radio_Ljubuski_logo1.jpg","width":512,"height":512,"caption":"Radio Ljubu\u0161ki"},"image":{"@id":"https:\/\/radioljubuski.ba\/#\/schema\/logo\/image\/"},"sameAs":["https:\/\/www.facebook.com\/Radiio-Ljubuski-1490835324566332","https:\/\/x.com\/radioljubuski","https:\/\/hr.linkedin.com\/company\/radio-ljubuski","https:\/\/www.youtube.com\/channel\/UCHYaeO_n0Db3tjNGudGpXyw"]},{"@type":"Person","@id":"https:\/\/radioljubuski.ba\/#\/schema\/person\/19fc700381a780f69665d7956c469e3b","name":"Radio Ljubu\u0161ki"}]}},"_links":{"self":[{"href":"https:\/\/radioljubuski.ba\/index.php\/wp-json\/wp\/v2\/posts\/28329","targetHints":{"allow":["GET"]}}],"collection":[{"href":"https:\/\/radioljubuski.ba\/index.php\/wp-json\/wp\/v2\/posts"}],"about":[{"href":"https:\/\/radioljubuski.ba\/index.php\/wp-json\/wp\/v2\/types\/post"}],"author":[{"embeddable":true,"href":"https:\/\/radioljubuski.ba\/index.php\/wp-json\/wp\/v2\/users\/2"}],"replies":[{"embeddable":true,"href":"https:\/\/radioljubuski.ba\/index.php\/wp-json\/wp\/v2\/comments?post=28329"}],"version-history":[{"count":1,"href":"https:\/\/radioljubuski.ba\/index.php\/wp-json\/wp\/v2\/posts\/28329\/revisions"}],"predecessor-version":[{"id":28331,"href":"https:\/\/radioljubuski.ba\/index.php\/wp-json\/wp\/v2\/posts\/28329\/revisions\/28331"}],"wp:featuredmedia":[{"embeddable":true,"href":"https:\/\/radioljubuski.ba\/index.php\/wp-json\/wp\/v2\/media\/28330"}],"wp:attachment":[{"href":"https:\/\/radioljubuski.ba\/index.php\/wp-json\/wp\/v2\/media?parent=28329"}],"wp:term":[{"taxonomy":"category","embeddable":true,"href":"https:\/\/radioljubuski.ba\/index.php\/wp-json\/wp\/v2\/categories?post=28329"},{"taxonomy":"post_tag","embeddable":true,"href":"https:\/\/radioljubuski.ba\/index.php\/wp-json\/wp\/v2\/tags?post=28329"}],"curies":[{"name":"wp","href":"https:\/\/api.w.org\/{rel}","templated":true}]}}