{"id":28393,"date":"2021-06-03T08:58:00","date_gmt":"2021-06-03T07:58:00","guid":{"rendered":"https:\/\/radioljubuski.ba\/?p=28393"},"modified":"2021-08-08T09:01:02","modified_gmt":"2021-08-08T08:01:02","slug":"drugi-dan-devetnice-u-studencima-tijelovo-2","status":"publish","type":"post","link":"https:\/\/radioljubuski.ba\/index.php\/2021\/06\/03\/drugi-dan-devetnice-u-studencima-tijelovo-2\/","title":{"rendered":"Drugi dan Devetnice u Studencima &#8211; Tijelovo"},"content":{"rendered":"\n<p>Drugog dana duhovne priprave za proslavu \u017eupnog patrona Presvetog Srca Isusova \u201epada\u201c i blagdan Tijelova, ustanovljenja Euharistije.<\/p>\n\n\n\n<p>Uz pobo\u017enost Srcu Isusovu i slavljenju svete Mise u \u017eupi i sveti\u0161tu Presvetog Srca Isusova u Studencima na blagdan Tijelova je i tradicionalna procesija s Presvetim oltarskim Sakramentom oko \u017eupne crkve. Djeca, prvenstveno ovogodi\u0161nji prvopri\u010desnici, u procesiji su ispred Presvetog oltarskog Sakramenta prosipali latice cvije\u0107a, a mje\u0161oviti \u017eupni zbor \u201eVrelo \u017eivota\u201c pjevao je liturgijske pjesme.<\/p>\n\n\n\n<p>Misno slavlje u prepunom sveti\u0161tu predvodio je don \u017deljko Maji\u0107, generalni vikar hercegova\u010dkih biskupija u koncelebraciji s dvojicom sve\u0107enika don Antom Pavlovi\u0107em \u017eupnim upraviteljem i don Brankom \u0160imovi\u0107em umirovljenim sve\u0107enikom iz studena\u010dke \u017eupe.Don \u017deljko je u propovijedi govorio o zna\u010daju Euharistije kao sredi\u0161njem dijelu na\u0161eg \u017eivota i vjere i pozvao je vjernike da redovito nedjeljom idu na svetu Misu, euharistijsko slavlje.<\/p>\n\n\n\n<p>Svakog dana Devetnice prije i za vrijeme pobo\u017enosti vjernici se mogu ispovjediti jer na raspolaganju ima dosta sve\u0107enika.<\/p>\n\n\n\n<figure class=\"wp-block-gallery columns-3 is-cropped wp-block-gallery-1 is-layout-flex wp-block-gallery-is-layout-flex\"><ul class=\"blocks-gallery-grid\"><li class=\"blocks-gallery-item\"><figure><img loading=\"lazy\" decoding=\"async\" width=\"1024\" height=\"683\" src=\"https:\/\/radioljubuski.ba\/wp-content\/uploads\/2021\/06\/IMG_0012.jpg\" alt=\"\" data-id=\"28394\" data-full-url=\"https:\/\/radioljubuski.ba\/wp-content\/uploads\/2021\/06\/IMG_0012.jpg\" data-link=\"https:\/\/radioljubuski.ba\/?attachment_id=28394\" class=\"wp-image-28394\" srcset=\"https:\/\/radioljubuski.ba\/wp-content\/uploads\/2021\/06\/IMG_0012.jpg 1024w, https:\/\/radioljubuski.ba\/wp-content\/uploads\/2021\/06\/IMG_0012-300x200.jpg 300w, https:\/\/radioljubuski.ba\/wp-content\/uploads\/2021\/06\/IMG_0012-768x512.jpg 768w, https:\/\/radioljubuski.ba\/wp-content\/uploads\/2021\/06\/IMG_0012-16x12.jpg 16w\" sizes=\"auto, (max-width: 1024px) 100vw, 1024px\" \/><\/figure><\/li><li class=\"blocks-gallery-item\"><figure><img loading=\"lazy\" decoding=\"async\" width=\"1024\" height=\"683\" src=\"https:\/\/radioljubuski.ba\/wp-content\/uploads\/2021\/06\/IMG_0016.jpg\" alt=\"\" data-id=\"28395\" data-full-url=\"https:\/\/radioljubuski.ba\/wp-content\/uploads\/2021\/06\/IMG_0016.jpg\" data-link=\"https:\/\/radioljubuski.ba\/?attachment_id=28395\" class=\"wp-image-28395\" srcset=\"https:\/\/radioljubuski.ba\/wp-content\/uploads\/2021\/06\/IMG_0016.jpg 1024w, https:\/\/radioljubuski.ba\/wp-content\/uploads\/2021\/06\/IMG_0016-300x200.jpg 300w, https:\/\/radioljubuski.ba\/wp-content\/uploads\/2021\/06\/IMG_0016-768x512.jpg 768w, https:\/\/radioljubuski.ba\/wp-content\/uploads\/2021\/06\/IMG_0016-16x12.jpg 16w\" sizes=\"auto, (max-width: 1024px) 100vw, 1024px\" \/><\/figure><\/li><li class=\"blocks-gallery-item\"><figure><img loading=\"lazy\" decoding=\"async\" width=\"1024\" height=\"683\" src=\"https:\/\/radioljubuski.ba\/wp-content\/uploads\/2021\/06\/IMG_0021.jpg\" alt=\"\" data-id=\"28396\" data-full-url=\"https:\/\/radioljubuski.ba\/wp-content\/uploads\/2021\/06\/IMG_0021.jpg\" data-link=\"https:\/\/radioljubuski.ba\/?attachment_id=28396\" class=\"wp-image-28396\" srcset=\"https:\/\/radioljubuski.ba\/wp-content\/uploads\/2021\/06\/IMG_0021.jpg 1024w, https:\/\/radioljubuski.ba\/wp-content\/uploads\/2021\/06\/IMG_0021-300x200.jpg 300w, https:\/\/radioljubuski.ba\/wp-content\/uploads\/2021\/06\/IMG_0021-768x512.jpg 768w, https:\/\/radioljubuski.ba\/wp-content\/uploads\/2021\/06\/IMG_0021-16x12.jpg 16w\" sizes=\"auto, (max-width: 1024px) 100vw, 1024px\" \/><\/figure><\/li><li class=\"blocks-gallery-item\"><figure><img loading=\"lazy\" decoding=\"async\" width=\"1024\" height=\"683\" src=\"https:\/\/radioljubuski.ba\/wp-content\/uploads\/2021\/06\/IMG_0026.jpg\" alt=\"\" data-id=\"28397\" data-full-url=\"https:\/\/radioljubuski.ba\/wp-content\/uploads\/2021\/06\/IMG_0026.jpg\" data-link=\"https:\/\/radioljubuski.ba\/?attachment_id=28397\" class=\"wp-image-28397\" srcset=\"https:\/\/radioljubuski.ba\/wp-content\/uploads\/2021\/06\/IMG_0026.jpg 1024w, https:\/\/radioljubuski.ba\/wp-content\/uploads\/2021\/06\/IMG_0026-300x200.jpg 300w, https:\/\/radioljubuski.ba\/wp-content\/uploads\/2021\/06\/IMG_0026-768x512.jpg 768w, https:\/\/radioljubuski.ba\/wp-content\/uploads\/2021\/06\/IMG_0026-16x12.jpg 16w\" sizes=\"auto, (max-width: 1024px) 100vw, 1024px\" \/><\/figure><\/li><li class=\"blocks-gallery-item\"><figure><img loading=\"lazy\" decoding=\"async\" width=\"683\" height=\"1024\" src=\"https:\/\/radioljubuski.ba\/wp-content\/uploads\/2021\/06\/IMG_0030.jpg\" alt=\"\" data-id=\"28398\" data-full-url=\"https:\/\/radioljubuski.ba\/wp-content\/uploads\/2021\/06\/IMG_0030.jpg\" data-link=\"https:\/\/radioljubuski.ba\/?attachment_id=28398\" class=\"wp-image-28398\" srcset=\"https:\/\/radioljubuski.ba\/wp-content\/uploads\/2021\/06\/IMG_0030.jpg 683w, https:\/\/radioljubuski.ba\/wp-content\/uploads\/2021\/06\/IMG_0030-200x300.jpg 200w, https:\/\/radioljubuski.ba\/wp-content\/uploads\/2021\/06\/IMG_0030-8x12.jpg 8w\" sizes=\"auto, (max-width: 683px) 100vw, 683px\" \/><\/figure><\/li><li class=\"blocks-gallery-item\"><figure><img loading=\"lazy\" decoding=\"async\" width=\"1024\" height=\"683\" src=\"https:\/\/radioljubuski.ba\/wp-content\/uploads\/2021\/06\/IMG_0032.jpg\" alt=\"\" data-id=\"28399\" data-full-url=\"https:\/\/radioljubuski.ba\/wp-content\/uploads\/2021\/06\/IMG_0032.jpg\" data-link=\"https:\/\/radioljubuski.ba\/?attachment_id=28399\" class=\"wp-image-28399\" srcset=\"https:\/\/radioljubuski.ba\/wp-content\/uploads\/2021\/06\/IMG_0032.jpg 1024w, https:\/\/radioljubuski.ba\/wp-content\/uploads\/2021\/06\/IMG_0032-300x200.jpg 300w, https:\/\/radioljubuski.ba\/wp-content\/uploads\/2021\/06\/IMG_0032-768x512.jpg 768w, https:\/\/radioljubuski.ba\/wp-content\/uploads\/2021\/06\/IMG_0032-16x12.jpg 16w\" sizes=\"auto, (max-width: 1024px) 100vw, 1024px\" \/><\/figure><\/li><li class=\"blocks-gallery-item\"><figure><img loading=\"lazy\" decoding=\"async\" width=\"1024\" height=\"748\" src=\"https:\/\/radioljubuski.ba\/wp-content\/uploads\/2021\/06\/IMG_0035.jpg\" alt=\"\" data-id=\"28400\" data-full-url=\"https:\/\/radioljubuski.ba\/wp-content\/uploads\/2021\/06\/IMG_0035.jpg\" data-link=\"https:\/\/radioljubuski.ba\/?attachment_id=28400\" class=\"wp-image-28400\" srcset=\"https:\/\/radioljubuski.ba\/wp-content\/uploads\/2021\/06\/IMG_0035.jpg 1024w, https:\/\/radioljubuski.ba\/wp-content\/uploads\/2021\/06\/IMG_0035-300x219.jpg 300w, https:\/\/radioljubuski.ba\/wp-content\/uploads\/2021\/06\/IMG_0035-768x561.jpg 768w, https:\/\/radioljubuski.ba\/wp-content\/uploads\/2021\/06\/IMG_0035-16x12.jpg 16w\" sizes=\"auto, (max-width: 1024px) 100vw, 1024px\" \/><\/figure><\/li><li class=\"blocks-gallery-item\"><figure><img loading=\"lazy\" decoding=\"async\" width=\"1024\" height=\"683\" src=\"https:\/\/radioljubuski.ba\/wp-content\/uploads\/2021\/06\/IMG_0041.jpg\" alt=\"\" data-id=\"28401\" data-full-url=\"https:\/\/radioljubuski.ba\/wp-content\/uploads\/2021\/06\/IMG_0041.jpg\" data-link=\"https:\/\/radioljubuski.ba\/?attachment_id=28401\" class=\"wp-image-28401\" srcset=\"https:\/\/radioljubuski.ba\/wp-content\/uploads\/2021\/06\/IMG_0041.jpg 1024w, https:\/\/radioljubuski.ba\/wp-content\/uploads\/2021\/06\/IMG_0041-300x200.jpg 300w, https:\/\/radioljubuski.ba\/wp-content\/uploads\/2021\/06\/IMG_0041-768x512.jpg 768w, https:\/\/radioljubuski.ba\/wp-content\/uploads\/2021\/06\/IMG_0041-16x12.jpg 16w\" sizes=\"auto, (max-width: 1024px) 100vw, 1024px\" \/><\/figure><\/li><li class=\"blocks-gallery-item\"><figure><img loading=\"lazy\" decoding=\"async\" width=\"1024\" height=\"683\" src=\"https:\/\/radioljubuski.ba\/wp-content\/uploads\/2021\/06\/IMG_0047.jpg\" alt=\"\" data-id=\"28402\" data-full-url=\"https:\/\/radioljubuski.ba\/wp-content\/uploads\/2021\/06\/IMG_0047.jpg\" data-link=\"https:\/\/radioljubuski.ba\/?attachment_id=28402\" class=\"wp-image-28402\" srcset=\"https:\/\/radioljubuski.ba\/wp-content\/uploads\/2021\/06\/IMG_0047.jpg 1024w, https:\/\/radioljubuski.ba\/wp-content\/uploads\/2021\/06\/IMG_0047-300x200.jpg 300w, https:\/\/radioljubuski.ba\/wp-content\/uploads\/2021\/06\/IMG_0047-768x512.jpg 768w, https:\/\/radioljubuski.ba\/wp-content\/uploads\/2021\/06\/IMG_0047-16x12.jpg 16w\" sizes=\"auto, (max-width: 1024px) 100vw, 1024px\" \/><\/figure><\/li><li class=\"blocks-gallery-item\"><figure><img loading=\"lazy\" decoding=\"async\" width=\"1024\" height=\"683\" src=\"https:\/\/radioljubuski.ba\/wp-content\/uploads\/2021\/06\/IMG_0051.jpg\" alt=\"\" data-id=\"28403\" data-full-url=\"https:\/\/radioljubuski.ba\/wp-content\/uploads\/2021\/06\/IMG_0051.jpg\" data-link=\"https:\/\/radioljubuski.ba\/?attachment_id=28403\" class=\"wp-image-28403\" srcset=\"https:\/\/radioljubuski.ba\/wp-content\/uploads\/2021\/06\/IMG_0051.jpg 1024w, https:\/\/radioljubuski.ba\/wp-content\/uploads\/2021\/06\/IMG_0051-300x200.jpg 300w, https:\/\/radioljubuski.ba\/wp-content\/uploads\/2021\/06\/IMG_0051-768x512.jpg 768w, https:\/\/radioljubuski.ba\/wp-content\/uploads\/2021\/06\/IMG_0051-16x12.jpg 16w\" sizes=\"auto, (max-width: 1024px) 100vw, 1024px\" \/><\/figure><\/li><li class=\"blocks-gallery-item\"><figure><img loading=\"lazy\" decoding=\"async\" width=\"1024\" height=\"683\" src=\"https:\/\/radioljubuski.ba\/wp-content\/uploads\/2021\/06\/IMG_0055.jpg\" alt=\"\" data-id=\"28404\" data-full-url=\"https:\/\/radioljubuski.ba\/wp-content\/uploads\/2021\/06\/IMG_0055.jpg\" data-link=\"https:\/\/radioljubuski.ba\/?attachment_id=28404\" class=\"wp-image-28404\" srcset=\"https:\/\/radioljubuski.ba\/wp-content\/uploads\/2021\/06\/IMG_0055.jpg 1024w, https:\/\/radioljubuski.ba\/wp-content\/uploads\/2021\/06\/IMG_0055-300x200.jpg 300w, https:\/\/radioljubuski.ba\/wp-content\/uploads\/2021\/06\/IMG_0055-768x512.jpg 768w, https:\/\/radioljubuski.ba\/wp-content\/uploads\/2021\/06\/IMG_0055-16x12.jpg 16w\" sizes=\"auto, (max-width: 1024px) 100vw, 1024px\" \/><\/figure><\/li><li class=\"blocks-gallery-item\"><figure><img loading=\"lazy\" decoding=\"async\" width=\"1024\" height=\"683\" src=\"https:\/\/radioljubuski.ba\/wp-content\/uploads\/2021\/06\/IMG_0056-1024x683.jpg\" alt=\"\" data-id=\"28405\" data-full-url=\"https:\/\/radioljubuski.ba\/wp-content\/uploads\/2021\/06\/IMG_0056-scaled.jpg\" data-link=\"https:\/\/radioljubuski.ba\/?attachment_id=28405\" class=\"wp-image-28405\" srcset=\"https:\/\/radioljubuski.ba\/wp-content\/uploads\/2021\/06\/IMG_0056-1024x683.jpg 1024w, https:\/\/radioljubuski.ba\/wp-content\/uploads\/2021\/06\/IMG_0056-300x200.jpg 300w, https:\/\/radioljubuski.ba\/wp-content\/uploads\/2021\/06\/IMG_0056-768x512.jpg 768w, https:\/\/radioljubuski.ba\/wp-content\/uploads\/2021\/06\/IMG_0056-1536x1024.jpg 1536w, https:\/\/radioljubuski.ba\/wp-content\/uploads\/2021\/06\/IMG_0056-2048x1365.jpg 2048w, https:\/\/radioljubuski.ba\/wp-content\/uploads\/2021\/06\/IMG_0056-16x12.jpg 16w\" sizes=\"auto, (max-width: 1024px) 100vw, 1024px\" \/><\/figure><\/li><li class=\"blocks-gallery-item\"><figure><img loading=\"lazy\" decoding=\"async\" width=\"1024\" height=\"683\" src=\"https:\/\/radioljubuski.ba\/wp-content\/uploads\/2021\/06\/IMG_0057-1024x683.jpg\" alt=\"\" data-id=\"28406\" data-full-url=\"https:\/\/radioljubuski.ba\/wp-content\/uploads\/2021\/06\/IMG_0057-scaled.jpg\" data-link=\"https:\/\/radioljubuski.ba\/?attachment_id=28406\" class=\"wp-image-28406\" srcset=\"https:\/\/radioljubuski.ba\/wp-content\/uploads\/2021\/06\/IMG_0057-1024x683.jpg 1024w, https:\/\/radioljubuski.ba\/wp-content\/uploads\/2021\/06\/IMG_0057-300x200.jpg 300w, https:\/\/radioljubuski.ba\/wp-content\/uploads\/2021\/06\/IMG_0057-768x512.jpg 768w, https:\/\/radioljubuski.ba\/wp-content\/uploads\/2021\/06\/IMG_0057-1536x1024.jpg 1536w, https:\/\/radioljubuski.ba\/wp-content\/uploads\/2021\/06\/IMG_0057-2048x1365.jpg 2048w, https:\/\/radioljubuski.ba\/wp-content\/uploads\/2021\/06\/IMG_0057-16x12.jpg 16w\" sizes=\"auto, (max-width: 1024px) 100vw, 1024px\" \/><\/figure><\/li><li class=\"blocks-gallery-item\"><figure><img decoding=\"async\" src=\"blob:https:\/\/radioljubuski.ba\/104e7908-ed34-4a6a-b603-70c81fbedb01\" data-id=\"\"\/><\/figure><\/li><li class=\"blocks-gallery-item\"><figure><img decoding=\"async\" src=\"blob:https:\/\/radioljubuski.ba\/bda61fba-5e23-4054-bfc1-4eb441221006\" data-id=\"\"\/><\/figure><\/li><li class=\"blocks-gallery-item\"><figure><img decoding=\"async\" src=\"blob:https:\/\/radioljubuski.ba\/9b9050b6-8d83-4f9c-b0b2-f92bb223d943\" data-id=\"\"\/><\/figure><\/li><li class=\"blocks-gallery-item\"><figure><img decoding=\"async\" src=\"blob:https:\/\/radioljubuski.ba\/53caeae9-507d-464b-b9c5-b777131c1b20\" data-id=\"\"\/><\/figure><\/li><li class=\"blocks-gallery-item\"><figure><img decoding=\"async\" src=\"blob:https:\/\/radioljubuski.ba\/29522fd1-29b1-4926-a1b0-344c4ff21637\" data-id=\"\"\/><\/figure><\/li><li class=\"blocks-gallery-item\"><figure><img decoding=\"async\" src=\"blob:https:\/\/radioljubuski.ba\/25f7833c-e3c8-4169-b227-197d740eec75\" data-id=\"\"\/><\/figure><\/li><\/ul><\/figure>\n\n\n\n<p>M.Kraljevi\u0107\/Radio Ljubu\u0161ki<\/p>\n","protected":false},"excerpt":{"rendered":"<p>Drugog dana duhovne priprave za proslavu \u017eupnog patrona Presvetog Srca Isusova \u201epada\u201c i blagdan Tijelova, ustanovljenja Euharistije. Uz pobo\u017enost Srcu Isusovu i slavljenju svete Mise u \u017eupi i sveti\u0161tu Presvetog Srca Isusova u Studencima na blagdan Tijelova je i tradicionalna procesija s Presvetim oltarskim Sakramentom oko \u017eupne crkve. Djeca, prvenstveno ovogodi\u0161nji prvopri\u010desnici, u procesiji su [&hellip;]<\/p>\n","protected":false},"author":2,"featured_media":0,"comment_status":"closed","ping_status":"closed","sticky":false,"template":"","format":"standard","meta":{"h5ap_radio_sources":[],"footnotes":""},"categories":[3],"tags":[],"class_list":["post-28393","post","type-post","status-publish","format-standard","hentry","category-ljubuski"],"yoast_head":"<!-- This site is optimized with the Yoast SEO plugin v27.5 - https:\/\/yoast.com\/product\/yoast-seo-wordpress\/ -->\n<title>Drugi dan Devetnice u Studencima - Tijelovo - RADIO LJUBU\u0160KI<\/title>\n<meta name=\"robots\" content=\"index, follow, max-snippet:-1, max-image-preview:large, max-video-preview:-1\" \/>\n<link rel=\"canonical\" href=\"https:\/\/radioljubuski.ba\/index.php\/2021\/06\/03\/drugi-dan-devetnice-u-studencima-tijelovo-2\/\" \/>\n<meta property=\"og:locale\" content=\"hr_HR\" \/>\n<meta property=\"og:type\" content=\"article\" \/>\n<meta property=\"og:title\" content=\"Drugi dan Devetnice u Studencima - Tijelovo - RADIO LJUBU\u0160KI\" \/>\n<meta property=\"og:description\" content=\"Drugog dana duhovne priprave za proslavu \u017eupnog patrona Presvetog Srca Isusova \u201epada\u201c i blagdan Tijelova, ustanovljenja Euharistije. Uz pobo\u017enost Srcu Isusovu i slavljenju svete Mise u \u017eupi i sveti\u0161tu Presvetog Srca Isusova u Studencima na blagdan Tijelova je i tradicionalna procesija s Presvetim oltarskim Sakramentom oko \u017eupne crkve. Djeca, prvenstveno ovogodi\u0161nji prvopri\u010desnici, u procesiji su [&hellip;]\" \/>\n<meta property=\"og:url\" content=\"https:\/\/radioljubuski.ba\/index.php\/2021\/06\/03\/drugi-dan-devetnice-u-studencima-tijelovo-2\/\" \/>\n<meta property=\"og:site_name\" content=\"RADIO LJUBU\u0160KI\" \/>\n<meta property=\"article:publisher\" content=\"https:\/\/www.facebook.com\/Radiio-Ljubuski-1490835324566332\" \/>\n<meta property=\"article:published_time\" content=\"2021-06-03T07:58:00+00:00\" \/>\n<meta property=\"article:modified_time\" content=\"2021-08-08T08:01:02+00:00\" \/>\n<meta property=\"og:image\" content=\"https:\/\/radioljubuski.ba\/wp-content\/uploads\/2021\/06\/IMG_0012.jpg\" \/>\n<meta name=\"author\" content=\"Radio Ljubu\u0161ki\" \/>\n<meta name=\"twitter:card\" content=\"summary_large_image\" \/>\n<meta name=\"twitter:creator\" content=\"@radioljubuski\" \/>\n<meta name=\"twitter:site\" content=\"@radioljubuski\" \/>\n<meta name=\"twitter:label1\" content=\"Napisao\/la\" \/>\n\t<meta name=\"twitter:data1\" content=\"Radio Ljubu\u0161ki\" \/>\n\t<meta name=\"twitter:label2\" content=\"Procijenjeno vrijeme \u010ditanja\" \/>\n\t<meta name=\"twitter:data2\" content=\"5 minuta\" \/>\n<script type=\"application\/ld+json\" class=\"yoast-schema-graph\">{\"@context\":\"https:\\\/\\\/schema.org\",\"@graph\":[{\"@type\":\"Article\",\"@id\":\"https:\\\/\\\/radioljubuski.ba\\\/index.php\\\/2021\\\/06\\\/03\\\/drugi-dan-devetnice-u-studencima-tijelovo-2\\\/#article\",\"isPartOf\":{\"@id\":\"https:\\\/\\\/radioljubuski.ba\\\/index.php\\\/2021\\\/06\\\/03\\\/drugi-dan-devetnice-u-studencima-tijelovo-2\\\/\"},\"author\":{\"name\":\"Radio Ljubu\u0161ki\",\"@id\":\"https:\\\/\\\/radioljubuski.ba\\\/#\\\/schema\\\/person\\\/19fc700381a780f69665d7956c469e3b\"},\"headline\":\"Drugi dan Devetnice u Studencima &#8211; Tijelovo\",\"datePublished\":\"2021-06-03T07:58:00+00:00\",\"dateModified\":\"2021-08-08T08:01:02+00:00\",\"mainEntityOfPage\":{\"@id\":\"https:\\\/\\\/radioljubuski.ba\\\/index.php\\\/2021\\\/06\\\/03\\\/drugi-dan-devetnice-u-studencima-tijelovo-2\\\/\"},\"wordCount\":182,\"publisher\":{\"@id\":\"https:\\\/\\\/radioljubuski.ba\\\/#organization\"},\"image\":{\"@id\":\"https:\\\/\\\/radioljubuski.ba\\\/index.php\\\/2021\\\/06\\\/03\\\/drugi-dan-devetnice-u-studencima-tijelovo-2\\\/#primaryimage\"},\"thumbnailUrl\":\"https:\\\/\\\/radioljubuski.ba\\\/wp-content\\\/uploads\\\/2021\\\/06\\\/IMG_0012.jpg\",\"articleSection\":[\"Ljubu\u0161ki\"],\"inLanguage\":\"hr\"},{\"@type\":\"WebPage\",\"@id\":\"https:\\\/\\\/radioljubuski.ba\\\/index.php\\\/2021\\\/06\\\/03\\\/drugi-dan-devetnice-u-studencima-tijelovo-2\\\/\",\"url\":\"https:\\\/\\\/radioljubuski.ba\\\/index.php\\\/2021\\\/06\\\/03\\\/drugi-dan-devetnice-u-studencima-tijelovo-2\\\/\",\"name\":\"Drugi dan Devetnice u Studencima - Tijelovo - RADIO LJUBU\u0160KI\",\"isPartOf\":{\"@id\":\"https:\\\/\\\/radioljubuski.ba\\\/#website\"},\"primaryImageOfPage\":{\"@id\":\"https:\\\/\\\/radioljubuski.ba\\\/index.php\\\/2021\\\/06\\\/03\\\/drugi-dan-devetnice-u-studencima-tijelovo-2\\\/#primaryimage\"},\"image\":{\"@id\":\"https:\\\/\\\/radioljubuski.ba\\\/index.php\\\/2021\\\/06\\\/03\\\/drugi-dan-devetnice-u-studencima-tijelovo-2\\\/#primaryimage\"},\"thumbnailUrl\":\"https:\\\/\\\/radioljubuski.ba\\\/wp-content\\\/uploads\\\/2021\\\/06\\\/IMG_0012.jpg\",\"datePublished\":\"2021-06-03T07:58:00+00:00\",\"dateModified\":\"2021-08-08T08:01:02+00:00\",\"breadcrumb\":{\"@id\":\"https:\\\/\\\/radioljubuski.ba\\\/index.php\\\/2021\\\/06\\\/03\\\/drugi-dan-devetnice-u-studencima-tijelovo-2\\\/#breadcrumb\"},\"inLanguage\":\"hr\",\"potentialAction\":[{\"@type\":\"ReadAction\",\"target\":[\"https:\\\/\\\/radioljubuski.ba\\\/index.php\\\/2021\\\/06\\\/03\\\/drugi-dan-devetnice-u-studencima-tijelovo-2\\\/\"]}]},{\"@type\":\"ImageObject\",\"inLanguage\":\"hr\",\"@id\":\"https:\\\/\\\/radioljubuski.ba\\\/index.php\\\/2021\\\/06\\\/03\\\/drugi-dan-devetnice-u-studencima-tijelovo-2\\\/#primaryimage\",\"url\":\"https:\\\/\\\/radioljubuski.ba\\\/wp-content\\\/uploads\\\/2021\\\/06\\\/IMG_0012.jpg\",\"contentUrl\":\"https:\\\/\\\/radioljubuski.ba\\\/wp-content\\\/uploads\\\/2021\\\/06\\\/IMG_0012.jpg\",\"width\":1024,\"height\":683},{\"@type\":\"BreadcrumbList\",\"@id\":\"https:\\\/\\\/radioljubuski.ba\\\/index.php\\\/2021\\\/06\\\/03\\\/drugi-dan-devetnice-u-studencima-tijelovo-2\\\/#breadcrumb\",\"itemListElement\":[{\"@type\":\"ListItem\",\"position\":1,\"name\":\"Po\u010detna stranica\",\"item\":\"https:\\\/\\\/radioljubuski.ba\\\/\"},{\"@type\":\"ListItem\",\"position\":2,\"name\":\"Drugi dan Devetnice u Studencima &#8211; Tijelovo\"}]},{\"@type\":\"WebSite\",\"@id\":\"https:\\\/\\\/radioljubuski.ba\\\/#website\",\"url\":\"https:\\\/\\\/radioljubuski.ba\\\/\",\"name\":\"Radio Ljubu\u0161ki\",\"description\":\"Sun\u010dana frekvencija Hercegovine\",\"publisher\":{\"@id\":\"https:\\\/\\\/radioljubuski.ba\\\/#organization\"},\"potentialAction\":[{\"@type\":\"SearchAction\",\"target\":{\"@type\":\"EntryPoint\",\"urlTemplate\":\"https:\\\/\\\/radioljubuski.ba\\\/?s={search_term_string}\"},\"query-input\":{\"@type\":\"PropertyValueSpecification\",\"valueRequired\":true,\"valueName\":\"search_term_string\"}}],\"inLanguage\":\"hr\"},{\"@type\":\"Organization\",\"@id\":\"https:\\\/\\\/radioljubuski.ba\\\/#organization\",\"name\":\"Radio Ljubu\u0161ki\",\"url\":\"https:\\\/\\\/radioljubuski.ba\\\/\",\"logo\":{\"@type\":\"ImageObject\",\"inLanguage\":\"hr\",\"@id\":\"https:\\\/\\\/radioljubuski.ba\\\/#\\\/schema\\\/logo\\\/image\\\/\",\"url\":\"https:\\\/\\\/radioljubuski.ba\\\/wp-content\\\/uploads\\\/2021\\\/02\\\/cropped-Radio_Ljubuski_logo1.jpg\",\"contentUrl\":\"https:\\\/\\\/radioljubuski.ba\\\/wp-content\\\/uploads\\\/2021\\\/02\\\/cropped-Radio_Ljubuski_logo1.jpg\",\"width\":512,\"height\":512,\"caption\":\"Radio Ljubu\u0161ki\"},\"image\":{\"@id\":\"https:\\\/\\\/radioljubuski.ba\\\/#\\\/schema\\\/logo\\\/image\\\/\"},\"sameAs\":[\"https:\\\/\\\/www.facebook.com\\\/Radiio-Ljubuski-1490835324566332\",\"https:\\\/\\\/x.com\\\/radioljubuski\",\"https:\\\/\\\/hr.linkedin.com\\\/company\\\/radio-ljubuski\",\"https:\\\/\\\/www.youtube.com\\\/channel\\\/UCHYaeO_n0Db3tjNGudGpXyw\"]},{\"@type\":\"Person\",\"@id\":\"https:\\\/\\\/radioljubuski.ba\\\/#\\\/schema\\\/person\\\/19fc700381a780f69665d7956c469e3b\",\"name\":\"Radio Ljubu\u0161ki\"}]}<\/script>\n<!-- \/ Yoast SEO plugin. -->","yoast_head_json":{"title":"Drugi dan Devetnice u Studencima - Tijelovo - RADIO LJUBU\u0160KI","robots":{"index":"index","follow":"follow","max-snippet":"max-snippet:-1","max-image-preview":"max-image-preview:large","max-video-preview":"max-video-preview:-1"},"canonical":"https:\/\/radioljubuski.ba\/index.php\/2021\/06\/03\/drugi-dan-devetnice-u-studencima-tijelovo-2\/","og_locale":"hr_HR","og_type":"article","og_title":"Drugi dan Devetnice u Studencima - Tijelovo - RADIO LJUBU\u0160KI","og_description":"Drugog dana duhovne priprave za proslavu \u017eupnog patrona Presvetog Srca Isusova \u201epada\u201c i blagdan Tijelova, ustanovljenja Euharistije. Uz pobo\u017enost Srcu Isusovu i slavljenju svete Mise u \u017eupi i sveti\u0161tu Presvetog Srca Isusova u Studencima na blagdan Tijelova je i tradicionalna procesija s Presvetim oltarskim Sakramentom oko \u017eupne crkve. Djeca, prvenstveno ovogodi\u0161nji prvopri\u010desnici, u procesiji su [&hellip;]","og_url":"https:\/\/radioljubuski.ba\/index.php\/2021\/06\/03\/drugi-dan-devetnice-u-studencima-tijelovo-2\/","og_site_name":"RADIO LJUBU\u0160KI","article_publisher":"https:\/\/www.facebook.com\/Radiio-Ljubuski-1490835324566332","article_published_time":"2021-06-03T07:58:00+00:00","article_modified_time":"2021-08-08T08:01:02+00:00","og_image":[{"url":"https:\/\/radioljubuski.ba\/wp-content\/uploads\/2021\/06\/IMG_0012.jpg","type":"","width":"","height":""}],"author":"Radio Ljubu\u0161ki","twitter_card":"summary_large_image","twitter_creator":"@radioljubuski","twitter_site":"@radioljubuski","twitter_misc":{"Napisao\/la":"Radio Ljubu\u0161ki","Procijenjeno vrijeme \u010ditanja":"5 minuta"},"schema":{"@context":"https:\/\/schema.org","@graph":[{"@type":"Article","@id":"https:\/\/radioljubuski.ba\/index.php\/2021\/06\/03\/drugi-dan-devetnice-u-studencima-tijelovo-2\/#article","isPartOf":{"@id":"https:\/\/radioljubuski.ba\/index.php\/2021\/06\/03\/drugi-dan-devetnice-u-studencima-tijelovo-2\/"},"author":{"name":"Radio Ljubu\u0161ki","@id":"https:\/\/radioljubuski.ba\/#\/schema\/person\/19fc700381a780f69665d7956c469e3b"},"headline":"Drugi dan Devetnice u Studencima &#8211; Tijelovo","datePublished":"2021-06-03T07:58:00+00:00","dateModified":"2021-08-08T08:01:02+00:00","mainEntityOfPage":{"@id":"https:\/\/radioljubuski.ba\/index.php\/2021\/06\/03\/drugi-dan-devetnice-u-studencima-tijelovo-2\/"},"wordCount":182,"publisher":{"@id":"https:\/\/radioljubuski.ba\/#organization"},"image":{"@id":"https:\/\/radioljubuski.ba\/index.php\/2021\/06\/03\/drugi-dan-devetnice-u-studencima-tijelovo-2\/#primaryimage"},"thumbnailUrl":"https:\/\/radioljubuski.ba\/wp-content\/uploads\/2021\/06\/IMG_0012.jpg","articleSection":["Ljubu\u0161ki"],"inLanguage":"hr"},{"@type":"WebPage","@id":"https:\/\/radioljubuski.ba\/index.php\/2021\/06\/03\/drugi-dan-devetnice-u-studencima-tijelovo-2\/","url":"https:\/\/radioljubuski.ba\/index.php\/2021\/06\/03\/drugi-dan-devetnice-u-studencima-tijelovo-2\/","name":"Drugi dan Devetnice u Studencima - Tijelovo - RADIO LJUBU\u0160KI","isPartOf":{"@id":"https:\/\/radioljubuski.ba\/#website"},"primaryImageOfPage":{"@id":"https:\/\/radioljubuski.ba\/index.php\/2021\/06\/03\/drugi-dan-devetnice-u-studencima-tijelovo-2\/#primaryimage"},"image":{"@id":"https:\/\/radioljubuski.ba\/index.php\/2021\/06\/03\/drugi-dan-devetnice-u-studencima-tijelovo-2\/#primaryimage"},"thumbnailUrl":"https:\/\/radioljubuski.ba\/wp-content\/uploads\/2021\/06\/IMG_0012.jpg","datePublished":"2021-06-03T07:58:00+00:00","dateModified":"2021-08-08T08:01:02+00:00","breadcrumb":{"@id":"https:\/\/radioljubuski.ba\/index.php\/2021\/06\/03\/drugi-dan-devetnice-u-studencima-tijelovo-2\/#breadcrumb"},"inLanguage":"hr","potentialAction":[{"@type":"ReadAction","target":["https:\/\/radioljubuski.ba\/index.php\/2021\/06\/03\/drugi-dan-devetnice-u-studencima-tijelovo-2\/"]}]},{"@type":"ImageObject","inLanguage":"hr","@id":"https:\/\/radioljubuski.ba\/index.php\/2021\/06\/03\/drugi-dan-devetnice-u-studencima-tijelovo-2\/#primaryimage","url":"https:\/\/radioljubuski.ba\/wp-content\/uploads\/2021\/06\/IMG_0012.jpg","contentUrl":"https:\/\/radioljubuski.ba\/wp-content\/uploads\/2021\/06\/IMG_0012.jpg","width":1024,"height":683},{"@type":"BreadcrumbList","@id":"https:\/\/radioljubuski.ba\/index.php\/2021\/06\/03\/drugi-dan-devetnice-u-studencima-tijelovo-2\/#breadcrumb","itemListElement":[{"@type":"ListItem","position":1,"name":"Po\u010detna stranica","item":"https:\/\/radioljubuski.ba\/"},{"@type":"ListItem","position":2,"name":"Drugi dan Devetnice u Studencima &#8211; Tijelovo"}]},{"@type":"WebSite","@id":"https:\/\/radioljubuski.ba\/#website","url":"https:\/\/radioljubuski.ba\/","name":"Radio Ljubu\u0161ki","description":"Sun\u010dana frekvencija Hercegovine","publisher":{"@id":"https:\/\/radioljubuski.ba\/#organization"},"potentialAction":[{"@type":"SearchAction","target":{"@type":"EntryPoint","urlTemplate":"https:\/\/radioljubuski.ba\/?s={search_term_string}"},"query-input":{"@type":"PropertyValueSpecification","valueRequired":true,"valueName":"search_term_string"}}],"inLanguage":"hr"},{"@type":"Organization","@id":"https:\/\/radioljubuski.ba\/#organization","name":"Radio Ljubu\u0161ki","url":"https:\/\/radioljubuski.ba\/","logo":{"@type":"ImageObject","inLanguage":"hr","@id":"https:\/\/radioljubuski.ba\/#\/schema\/logo\/image\/","url":"https:\/\/radioljubuski.ba\/wp-content\/uploads\/2021\/02\/cropped-Radio_Ljubuski_logo1.jpg","contentUrl":"https:\/\/radioljubuski.ba\/wp-content\/uploads\/2021\/02\/cropped-Radio_Ljubuski_logo1.jpg","width":512,"height":512,"caption":"Radio Ljubu\u0161ki"},"image":{"@id":"https:\/\/radioljubuski.ba\/#\/schema\/logo\/image\/"},"sameAs":["https:\/\/www.facebook.com\/Radiio-Ljubuski-1490835324566332","https:\/\/x.com\/radioljubuski","https:\/\/hr.linkedin.com\/company\/radio-ljubuski","https:\/\/www.youtube.com\/channel\/UCHYaeO_n0Db3tjNGudGpXyw"]},{"@type":"Person","@id":"https:\/\/radioljubuski.ba\/#\/schema\/person\/19fc700381a780f69665d7956c469e3b","name":"Radio Ljubu\u0161ki"}]}},"_links":{"self":[{"href":"https:\/\/radioljubuski.ba\/index.php\/wp-json\/wp\/v2\/posts\/28393","targetHints":{"allow":["GET"]}}],"collection":[{"href":"https:\/\/radioljubuski.ba\/index.php\/wp-json\/wp\/v2\/posts"}],"about":[{"href":"https:\/\/radioljubuski.ba\/index.php\/wp-json\/wp\/v2\/types\/post"}],"author":[{"embeddable":true,"href":"https:\/\/radioljubuski.ba\/index.php\/wp-json\/wp\/v2\/users\/2"}],"replies":[{"embeddable":true,"href":"https:\/\/radioljubuski.ba\/index.php\/wp-json\/wp\/v2\/comments?post=28393"}],"version-history":[{"count":1,"href":"https:\/\/radioljubuski.ba\/index.php\/wp-json\/wp\/v2\/posts\/28393\/revisions"}],"predecessor-version":[{"id":51484,"href":"https:\/\/radioljubuski.ba\/index.php\/wp-json\/wp\/v2\/posts\/28393\/revisions\/51484"}],"wp:attachment":[{"href":"https:\/\/radioljubuski.ba\/index.php\/wp-json\/wp\/v2\/media?parent=28393"}],"wp:term":[{"taxonomy":"category","embeddable":true,"href":"https:\/\/radioljubuski.ba\/index.php\/wp-json\/wp\/v2\/categories?post=28393"},{"taxonomy":"post_tag","embeddable":true,"href":"https:\/\/radioljubuski.ba\/index.php\/wp-json\/wp\/v2\/tags?post=28393"}],"curies":[{"name":"wp","href":"https:\/\/api.w.org\/{rel}","templated":true}]}}