{"id":28434,"date":"2021-06-04T09:56:50","date_gmt":"2021-06-04T08:56:50","guid":{"rendered":"https:\/\/radioljubuski.ba\/?p=28434"},"modified":"2021-06-04T10:03:42","modified_gmt":"2021-06-04T09:03:42","slug":"u-ljubuskom-odrzana-procesija-na-tijelovo","status":"publish","type":"post","link":"https:\/\/radioljubuski.ba\/index.php\/2021\/06\/04\/u-ljubuskom-odrzana-procesija-na-tijelovo\/","title":{"rendered":"U Ljubu\u0161kom odr\u017eana procesija na Tijelovo"},"content":{"rendered":"\n<p><strong>Sino\u0107 je u Ljubu\u0161kom odr\u017eana Tijelovska procesija. Mno\u0161tvo vjernika, nakon ve\u010dernje mise odr\u017eane u crkvi na Humcu, sudjelovalo je u procesiji kroz Ljubu\u0161ki.<\/strong><\/p>\n\n\n\n<p>Predvo\u0111eni ministrantima, djecom koja su ulice posipala cvije\u0107em i sve\u0107enicima koji su nosili Presveti Oltarski sakrament, sudionici procesije pro\u0161li su ulicama Ljubu\u0161kog pjevaju\u0107i crkvene pjesme, mole\u0107i i zaustavljaju\u0107i se na planiranim postajama te su na taj na\u010din iskazali ljubav prema Isusu Kristu.<\/p>\n\n\n\n<figure class=\"wp-block-image\"><img decoding=\"async\" src=\"https:\/\/scontent-vie1-1.xx.fbcdn.net\/v\/t1.6435-9\/195879518_1178963992574696_7230983509091688581_n.jpg?_nc_cat=105&amp;ccb=1-3&amp;_nc_sid=0debeb&amp;_nc_ohc=etzp_1klCXIAX9W6lYx&amp;_nc_ht=scontent-vie1-1.xx&amp;oh=de19148fad9db4f107c12c4d019ead26&amp;oe=60DFE89D\" alt=\"Mo\u017ee biti slika sljede\u0107eg: 11 ljudi, osobe hodaju, ljudi stoje i na otvorenom\"\/><\/figure>\n\n\n\n<figure class=\"wp-block-image\"><img decoding=\"async\" src=\"https:\/\/scontent-vie1-1.xx.fbcdn.net\/v\/t1.6435-9\/195520332_1178964155908013_219511945045662983_n.jpg?_nc_cat=101&amp;ccb=1-3&amp;_nc_sid=0debeb&amp;_nc_ohc=2Bk3gdV-9yIAX_JJzuz&amp;_nc_ht=scontent-vie1-1.xx&amp;oh=046a7c247f766bb399e5bf074ff3055e&amp;oe=60E0EBD2\" alt=\"Mo\u017ee biti slika sljede\u0107eg: 5 ljudi, ljudi stoje i na otvorenom\"\/><\/figure>\n\n\n\n<figure class=\"wp-block-image\"><img decoding=\"async\" src=\"https:\/\/scontent-vie1-1.xx.fbcdn.net\/v\/t1.6435-9\/196345373_1178964185908010_5312139569771190899_n.jpg?_nc_cat=109&amp;ccb=1-3&amp;_nc_sid=0debeb&amp;_nc_ohc=zi1ZJPwYnUgAX_g4I8W&amp;_nc_ht=scontent-vie1-1.xx&amp;oh=7964eb4b91824228307bea335cfd6a9f&amp;oe=60DDE8FB\" alt=\"Mo\u017ee biti slika sljede\u0107eg: Jedna osoba i stajati\"\/><figcaption><img decoding=\"async\" src=\"https:\/\/scontent-vie1-1.xx.fbcdn.net\/v\/t1.6435-9\/194943505_1178963575908071_9074046139460294331_n.jpg?_nc_cat=100&amp;ccb=1-3&amp;_nc_sid=0debeb&amp;_nc_ohc=QrAK6sGRGjkAX9GhlZY&amp;_nc_ht=scontent-vie1-1.xx&amp;oh=794390d57516cb502221056a84890df7&amp;oe=60DE3DAD\" alt=\"Mo\u017ee biti slika sljede\u0107eg: Jedna osoba, stajati i na otvorenom\"><\/figcaption><\/figure>\n\n\n\n<iframe loading=\"lazy\" src=\"https:\/\/www.facebook.com\/plugins\/post.php?href=https%3A%2F%2Fwww.facebook.com%2Fpermalink.php%3Fstory_fbid%3D1178966462574449%26id%3D278296602641444&amp;show_text=true&amp;width=500\" width=\"500\" height=\"662\" style=\"border:none;overflow:hidden\" scrolling=\"no\" frameborder=\"0\" allowfullscreen=\"true\" allow=\"autoplay; clipboard-write; encrypted-media; picture-in-picture; web-share\"><\/iframe>\n","protected":false},"excerpt":{"rendered":"<p>Sino\u0107 je u Ljubu\u0161kom odr\u017eana Tijelovska procesija. Mno\u0161tvo vjernika, nakon ve\u010dernje mise odr\u017eane u crkvi na Humcu, sudjelovalo je u procesiji kroz Ljubu\u0161ki. Predvo\u0111eni ministrantima, djecom koja su ulice posipala cvije\u0107em i sve\u0107enicima koji su nosili Presveti Oltarski sakrament, sudionici procesije pro\u0161li su ulicama Ljubu\u0161kog pjevaju\u0107i crkvene pjesme, mole\u0107i i zaustavljaju\u0107i se na planiranim postajama [&hellip;]<\/p>\n","protected":false},"author":2,"featured_media":28435,"comment_status":"closed","ping_status":"closed","sticky":false,"template":"","format":"standard","meta":{"h5ap_radio_sources":[],"footnotes":""},"categories":[3],"tags":[],"class_list":["post-28434","post","type-post","status-publish","format-standard","has-post-thumbnail","hentry","category-ljubuski"],"yoast_head":"<!-- This site is optimized with the Yoast SEO plugin v27.5 - https:\/\/yoast.com\/product\/yoast-seo-wordpress\/ -->\n<title>U Ljubu\u0161kom odr\u017eana procesija na Tijelovo - RADIO LJUBU\u0160KI<\/title>\n<meta name=\"robots\" content=\"index, follow, max-snippet:-1, max-image-preview:large, max-video-preview:-1\" \/>\n<link rel=\"canonical\" href=\"https:\/\/radioljubuski.ba\/index.php\/2021\/06\/04\/u-ljubuskom-odrzana-procesija-na-tijelovo\/\" \/>\n<meta property=\"og:locale\" content=\"hr_HR\" \/>\n<meta property=\"og:type\" content=\"article\" \/>\n<meta property=\"og:title\" content=\"U Ljubu\u0161kom odr\u017eana procesija na Tijelovo - RADIO LJUBU\u0160KI\" \/>\n<meta property=\"og:description\" content=\"Sino\u0107 je u Ljubu\u0161kom odr\u017eana Tijelovska procesija. Mno\u0161tvo vjernika, nakon ve\u010dernje mise odr\u017eane u crkvi na Humcu, sudjelovalo je u procesiji kroz Ljubu\u0161ki. Predvo\u0111eni ministrantima, djecom koja su ulice posipala cvije\u0107em i sve\u0107enicima koji su nosili Presveti Oltarski sakrament, sudionici procesije pro\u0161li su ulicama Ljubu\u0161kog pjevaju\u0107i crkvene pjesme, mole\u0107i i zaustavljaju\u0107i se na planiranim postajama [&hellip;]\" \/>\n<meta property=\"og:url\" content=\"https:\/\/radioljubuski.ba\/index.php\/2021\/06\/04\/u-ljubuskom-odrzana-procesija-na-tijelovo\/\" \/>\n<meta property=\"og:site_name\" content=\"RADIO LJUBU\u0160KI\" \/>\n<meta property=\"article:publisher\" content=\"https:\/\/www.facebook.com\/Radiio-Ljubuski-1490835324566332\" \/>\n<meta property=\"article:published_time\" content=\"2021-06-04T08:56:50+00:00\" \/>\n<meta property=\"article:modified_time\" content=\"2021-06-04T09:03:42+00:00\" \/>\n<meta property=\"og:image\" content=\"https:\/\/radioljubuski.ba\/wp-content\/uploads\/2021\/06\/procesija.jpg\" \/>\n\t<meta property=\"og:image:width\" content=\"1284\" \/>\n\t<meta property=\"og:image:height\" content=\"1926\" \/>\n\t<meta property=\"og:image:type\" content=\"image\/jpeg\" \/>\n<meta name=\"author\" content=\"Radio Ljubu\u0161ki\" \/>\n<meta name=\"twitter:card\" content=\"summary_large_image\" \/>\n<meta name=\"twitter:creator\" content=\"@radioljubuski\" \/>\n<meta name=\"twitter:site\" content=\"@radioljubuski\" \/>\n<meta name=\"twitter:label1\" content=\"Napisao\/la\" \/>\n\t<meta name=\"twitter:data1\" content=\"Radio Ljubu\u0161ki\" \/>\n\t<meta name=\"twitter:label2\" content=\"Procijenjeno vrijeme \u010ditanja\" \/>\n\t<meta name=\"twitter:data2\" content=\"2 minute\" \/>\n<script type=\"application\/ld+json\" class=\"yoast-schema-graph\">{\"@context\":\"https:\\\/\\\/schema.org\",\"@graph\":[{\"@type\":\"Article\",\"@id\":\"https:\\\/\\\/radioljubuski.ba\\\/index.php\\\/2021\\\/06\\\/04\\\/u-ljubuskom-odrzana-procesija-na-tijelovo\\\/#article\",\"isPartOf\":{\"@id\":\"https:\\\/\\\/radioljubuski.ba\\\/index.php\\\/2021\\\/06\\\/04\\\/u-ljubuskom-odrzana-procesija-na-tijelovo\\\/\"},\"author\":{\"name\":\"Radio Ljubu\u0161ki\",\"@id\":\"https:\\\/\\\/radioljubuski.ba\\\/#\\\/schema\\\/person\\\/19fc700381a780f69665d7956c469e3b\"},\"headline\":\"U Ljubu\u0161kom odr\u017eana procesija na Tijelovo\",\"datePublished\":\"2021-06-04T08:56:50+00:00\",\"dateModified\":\"2021-06-04T09:03:42+00:00\",\"mainEntityOfPage\":{\"@id\":\"https:\\\/\\\/radioljubuski.ba\\\/index.php\\\/2021\\\/06\\\/04\\\/u-ljubuskom-odrzana-procesija-na-tijelovo\\\/\"},\"wordCount\":88,\"publisher\":{\"@id\":\"https:\\\/\\\/radioljubuski.ba\\\/#organization\"},\"image\":{\"@id\":\"https:\\\/\\\/radioljubuski.ba\\\/index.php\\\/2021\\\/06\\\/04\\\/u-ljubuskom-odrzana-procesija-na-tijelovo\\\/#primaryimage\"},\"thumbnailUrl\":\"https:\\\/\\\/radioljubuski.ba\\\/wp-content\\\/uploads\\\/2021\\\/06\\\/procesija.jpg\",\"articleSection\":[\"Ljubu\u0161ki\"],\"inLanguage\":\"hr\"},{\"@type\":\"WebPage\",\"@id\":\"https:\\\/\\\/radioljubuski.ba\\\/index.php\\\/2021\\\/06\\\/04\\\/u-ljubuskom-odrzana-procesija-na-tijelovo\\\/\",\"url\":\"https:\\\/\\\/radioljubuski.ba\\\/index.php\\\/2021\\\/06\\\/04\\\/u-ljubuskom-odrzana-procesija-na-tijelovo\\\/\",\"name\":\"U Ljubu\u0161kom odr\u017eana procesija na Tijelovo - RADIO LJUBU\u0160KI\",\"isPartOf\":{\"@id\":\"https:\\\/\\\/radioljubuski.ba\\\/#website\"},\"primaryImageOfPage\":{\"@id\":\"https:\\\/\\\/radioljubuski.ba\\\/index.php\\\/2021\\\/06\\\/04\\\/u-ljubuskom-odrzana-procesija-na-tijelovo\\\/#primaryimage\"},\"image\":{\"@id\":\"https:\\\/\\\/radioljubuski.ba\\\/index.php\\\/2021\\\/06\\\/04\\\/u-ljubuskom-odrzana-procesija-na-tijelovo\\\/#primaryimage\"},\"thumbnailUrl\":\"https:\\\/\\\/radioljubuski.ba\\\/wp-content\\\/uploads\\\/2021\\\/06\\\/procesija.jpg\",\"datePublished\":\"2021-06-04T08:56:50+00:00\",\"dateModified\":\"2021-06-04T09:03:42+00:00\",\"breadcrumb\":{\"@id\":\"https:\\\/\\\/radioljubuski.ba\\\/index.php\\\/2021\\\/06\\\/04\\\/u-ljubuskom-odrzana-procesija-na-tijelovo\\\/#breadcrumb\"},\"inLanguage\":\"hr\",\"potentialAction\":[{\"@type\":\"ReadAction\",\"target\":[\"https:\\\/\\\/radioljubuski.ba\\\/index.php\\\/2021\\\/06\\\/04\\\/u-ljubuskom-odrzana-procesija-na-tijelovo\\\/\"]}]},{\"@type\":\"ImageObject\",\"inLanguage\":\"hr\",\"@id\":\"https:\\\/\\\/radioljubuski.ba\\\/index.php\\\/2021\\\/06\\\/04\\\/u-ljubuskom-odrzana-procesija-na-tijelovo\\\/#primaryimage\",\"url\":\"https:\\\/\\\/radioljubuski.ba\\\/wp-content\\\/uploads\\\/2021\\\/06\\\/procesija.jpg\",\"contentUrl\":\"https:\\\/\\\/radioljubuski.ba\\\/wp-content\\\/uploads\\\/2021\\\/06\\\/procesija.jpg\",\"width\":1284,\"height\":1926},{\"@type\":\"BreadcrumbList\",\"@id\":\"https:\\\/\\\/radioljubuski.ba\\\/index.php\\\/2021\\\/06\\\/04\\\/u-ljubuskom-odrzana-procesija-na-tijelovo\\\/#breadcrumb\",\"itemListElement\":[{\"@type\":\"ListItem\",\"position\":1,\"name\":\"Po\u010detna stranica\",\"item\":\"https:\\\/\\\/radioljubuski.ba\\\/\"},{\"@type\":\"ListItem\",\"position\":2,\"name\":\"U Ljubu\u0161kom odr\u017eana procesija na Tijelovo\"}]},{\"@type\":\"WebSite\",\"@id\":\"https:\\\/\\\/radioljubuski.ba\\\/#website\",\"url\":\"https:\\\/\\\/radioljubuski.ba\\\/\",\"name\":\"Radio Ljubu\u0161ki\",\"description\":\"Sun\u010dana frekvencija Hercegovine\",\"publisher\":{\"@id\":\"https:\\\/\\\/radioljubuski.ba\\\/#organization\"},\"potentialAction\":[{\"@type\":\"SearchAction\",\"target\":{\"@type\":\"EntryPoint\",\"urlTemplate\":\"https:\\\/\\\/radioljubuski.ba\\\/?s={search_term_string}\"},\"query-input\":{\"@type\":\"PropertyValueSpecification\",\"valueRequired\":true,\"valueName\":\"search_term_string\"}}],\"inLanguage\":\"hr\"},{\"@type\":\"Organization\",\"@id\":\"https:\\\/\\\/radioljubuski.ba\\\/#organization\",\"name\":\"Radio Ljubu\u0161ki\",\"url\":\"https:\\\/\\\/radioljubuski.ba\\\/\",\"logo\":{\"@type\":\"ImageObject\",\"inLanguage\":\"hr\",\"@id\":\"https:\\\/\\\/radioljubuski.ba\\\/#\\\/schema\\\/logo\\\/image\\\/\",\"url\":\"https:\\\/\\\/radioljubuski.ba\\\/wp-content\\\/uploads\\\/2021\\\/02\\\/cropped-Radio_Ljubuski_logo1.jpg\",\"contentUrl\":\"https:\\\/\\\/radioljubuski.ba\\\/wp-content\\\/uploads\\\/2021\\\/02\\\/cropped-Radio_Ljubuski_logo1.jpg\",\"width\":512,\"height\":512,\"caption\":\"Radio Ljubu\u0161ki\"},\"image\":{\"@id\":\"https:\\\/\\\/radioljubuski.ba\\\/#\\\/schema\\\/logo\\\/image\\\/\"},\"sameAs\":[\"https:\\\/\\\/www.facebook.com\\\/Radiio-Ljubuski-1490835324566332\",\"https:\\\/\\\/x.com\\\/radioljubuski\",\"https:\\\/\\\/hr.linkedin.com\\\/company\\\/radio-ljubuski\",\"https:\\\/\\\/www.youtube.com\\\/channel\\\/UCHYaeO_n0Db3tjNGudGpXyw\"]},{\"@type\":\"Person\",\"@id\":\"https:\\\/\\\/radioljubuski.ba\\\/#\\\/schema\\\/person\\\/19fc700381a780f69665d7956c469e3b\",\"name\":\"Radio Ljubu\u0161ki\"}]}<\/script>\n<!-- \/ Yoast SEO plugin. -->","yoast_head_json":{"title":"U Ljubu\u0161kom odr\u017eana procesija na Tijelovo - RADIO LJUBU\u0160KI","robots":{"index":"index","follow":"follow","max-snippet":"max-snippet:-1","max-image-preview":"max-image-preview:large","max-video-preview":"max-video-preview:-1"},"canonical":"https:\/\/radioljubuski.ba\/index.php\/2021\/06\/04\/u-ljubuskom-odrzana-procesija-na-tijelovo\/","og_locale":"hr_HR","og_type":"article","og_title":"U Ljubu\u0161kom odr\u017eana procesija na Tijelovo - RADIO LJUBU\u0160KI","og_description":"Sino\u0107 je u Ljubu\u0161kom odr\u017eana Tijelovska procesija. Mno\u0161tvo vjernika, nakon ve\u010dernje mise odr\u017eane u crkvi na Humcu, sudjelovalo je u procesiji kroz Ljubu\u0161ki. Predvo\u0111eni ministrantima, djecom koja su ulice posipala cvije\u0107em i sve\u0107enicima koji su nosili Presveti Oltarski sakrament, sudionici procesije pro\u0161li su ulicama Ljubu\u0161kog pjevaju\u0107i crkvene pjesme, mole\u0107i i zaustavljaju\u0107i se na planiranim postajama [&hellip;]","og_url":"https:\/\/radioljubuski.ba\/index.php\/2021\/06\/04\/u-ljubuskom-odrzana-procesija-na-tijelovo\/","og_site_name":"RADIO LJUBU\u0160KI","article_publisher":"https:\/\/www.facebook.com\/Radiio-Ljubuski-1490835324566332","article_published_time":"2021-06-04T08:56:50+00:00","article_modified_time":"2021-06-04T09:03:42+00:00","og_image":[{"width":1284,"height":1926,"url":"https:\/\/radioljubuski.ba\/wp-content\/uploads\/2021\/06\/procesija.jpg","type":"image\/jpeg"}],"author":"Radio Ljubu\u0161ki","twitter_card":"summary_large_image","twitter_creator":"@radioljubuski","twitter_site":"@radioljubuski","twitter_misc":{"Napisao\/la":"Radio Ljubu\u0161ki","Procijenjeno vrijeme \u010ditanja":"2 minute"},"schema":{"@context":"https:\/\/schema.org","@graph":[{"@type":"Article","@id":"https:\/\/radioljubuski.ba\/index.php\/2021\/06\/04\/u-ljubuskom-odrzana-procesija-na-tijelovo\/#article","isPartOf":{"@id":"https:\/\/radioljubuski.ba\/index.php\/2021\/06\/04\/u-ljubuskom-odrzana-procesija-na-tijelovo\/"},"author":{"name":"Radio Ljubu\u0161ki","@id":"https:\/\/radioljubuski.ba\/#\/schema\/person\/19fc700381a780f69665d7956c469e3b"},"headline":"U Ljubu\u0161kom odr\u017eana procesija na Tijelovo","datePublished":"2021-06-04T08:56:50+00:00","dateModified":"2021-06-04T09:03:42+00:00","mainEntityOfPage":{"@id":"https:\/\/radioljubuski.ba\/index.php\/2021\/06\/04\/u-ljubuskom-odrzana-procesija-na-tijelovo\/"},"wordCount":88,"publisher":{"@id":"https:\/\/radioljubuski.ba\/#organization"},"image":{"@id":"https:\/\/radioljubuski.ba\/index.php\/2021\/06\/04\/u-ljubuskom-odrzana-procesija-na-tijelovo\/#primaryimage"},"thumbnailUrl":"https:\/\/radioljubuski.ba\/wp-content\/uploads\/2021\/06\/procesija.jpg","articleSection":["Ljubu\u0161ki"],"inLanguage":"hr"},{"@type":"WebPage","@id":"https:\/\/radioljubuski.ba\/index.php\/2021\/06\/04\/u-ljubuskom-odrzana-procesija-na-tijelovo\/","url":"https:\/\/radioljubuski.ba\/index.php\/2021\/06\/04\/u-ljubuskom-odrzana-procesija-na-tijelovo\/","name":"U Ljubu\u0161kom odr\u017eana procesija na Tijelovo - RADIO LJUBU\u0160KI","isPartOf":{"@id":"https:\/\/radioljubuski.ba\/#website"},"primaryImageOfPage":{"@id":"https:\/\/radioljubuski.ba\/index.php\/2021\/06\/04\/u-ljubuskom-odrzana-procesija-na-tijelovo\/#primaryimage"},"image":{"@id":"https:\/\/radioljubuski.ba\/index.php\/2021\/06\/04\/u-ljubuskom-odrzana-procesija-na-tijelovo\/#primaryimage"},"thumbnailUrl":"https:\/\/radioljubuski.ba\/wp-content\/uploads\/2021\/06\/procesija.jpg","datePublished":"2021-06-04T08:56:50+00:00","dateModified":"2021-06-04T09:03:42+00:00","breadcrumb":{"@id":"https:\/\/radioljubuski.ba\/index.php\/2021\/06\/04\/u-ljubuskom-odrzana-procesija-na-tijelovo\/#breadcrumb"},"inLanguage":"hr","potentialAction":[{"@type":"ReadAction","target":["https:\/\/radioljubuski.ba\/index.php\/2021\/06\/04\/u-ljubuskom-odrzana-procesija-na-tijelovo\/"]}]},{"@type":"ImageObject","inLanguage":"hr","@id":"https:\/\/radioljubuski.ba\/index.php\/2021\/06\/04\/u-ljubuskom-odrzana-procesija-na-tijelovo\/#primaryimage","url":"https:\/\/radioljubuski.ba\/wp-content\/uploads\/2021\/06\/procesija.jpg","contentUrl":"https:\/\/radioljubuski.ba\/wp-content\/uploads\/2021\/06\/procesija.jpg","width":1284,"height":1926},{"@type":"BreadcrumbList","@id":"https:\/\/radioljubuski.ba\/index.php\/2021\/06\/04\/u-ljubuskom-odrzana-procesija-na-tijelovo\/#breadcrumb","itemListElement":[{"@type":"ListItem","position":1,"name":"Po\u010detna stranica","item":"https:\/\/radioljubuski.ba\/"},{"@type":"ListItem","position":2,"name":"U Ljubu\u0161kom odr\u017eana procesija na Tijelovo"}]},{"@type":"WebSite","@id":"https:\/\/radioljubuski.ba\/#website","url":"https:\/\/radioljubuski.ba\/","name":"Radio Ljubu\u0161ki","description":"Sun\u010dana frekvencija Hercegovine","publisher":{"@id":"https:\/\/radioljubuski.ba\/#organization"},"potentialAction":[{"@type":"SearchAction","target":{"@type":"EntryPoint","urlTemplate":"https:\/\/radioljubuski.ba\/?s={search_term_string}"},"query-input":{"@type":"PropertyValueSpecification","valueRequired":true,"valueName":"search_term_string"}}],"inLanguage":"hr"},{"@type":"Organization","@id":"https:\/\/radioljubuski.ba\/#organization","name":"Radio Ljubu\u0161ki","url":"https:\/\/radioljubuski.ba\/","logo":{"@type":"ImageObject","inLanguage":"hr","@id":"https:\/\/radioljubuski.ba\/#\/schema\/logo\/image\/","url":"https:\/\/radioljubuski.ba\/wp-content\/uploads\/2021\/02\/cropped-Radio_Ljubuski_logo1.jpg","contentUrl":"https:\/\/radioljubuski.ba\/wp-content\/uploads\/2021\/02\/cropped-Radio_Ljubuski_logo1.jpg","width":512,"height":512,"caption":"Radio Ljubu\u0161ki"},"image":{"@id":"https:\/\/radioljubuski.ba\/#\/schema\/logo\/image\/"},"sameAs":["https:\/\/www.facebook.com\/Radiio-Ljubuski-1490835324566332","https:\/\/x.com\/radioljubuski","https:\/\/hr.linkedin.com\/company\/radio-ljubuski","https:\/\/www.youtube.com\/channel\/UCHYaeO_n0Db3tjNGudGpXyw"]},{"@type":"Person","@id":"https:\/\/radioljubuski.ba\/#\/schema\/person\/19fc700381a780f69665d7956c469e3b","name":"Radio Ljubu\u0161ki"}]}},"_links":{"self":[{"href":"https:\/\/radioljubuski.ba\/index.php\/wp-json\/wp\/v2\/posts\/28434","targetHints":{"allow":["GET"]}}],"collection":[{"href":"https:\/\/radioljubuski.ba\/index.php\/wp-json\/wp\/v2\/posts"}],"about":[{"href":"https:\/\/radioljubuski.ba\/index.php\/wp-json\/wp\/v2\/types\/post"}],"author":[{"embeddable":true,"href":"https:\/\/radioljubuski.ba\/index.php\/wp-json\/wp\/v2\/users\/2"}],"replies":[{"embeddable":true,"href":"https:\/\/radioljubuski.ba\/index.php\/wp-json\/wp\/v2\/comments?post=28434"}],"version-history":[{"count":2,"href":"https:\/\/radioljubuski.ba\/index.php\/wp-json\/wp\/v2\/posts\/28434\/revisions"}],"predecessor-version":[{"id":28437,"href":"https:\/\/radioljubuski.ba\/index.php\/wp-json\/wp\/v2\/posts\/28434\/revisions\/28437"}],"wp:featuredmedia":[{"embeddable":true,"href":"https:\/\/radioljubuski.ba\/index.php\/wp-json\/wp\/v2\/media\/28435"}],"wp:attachment":[{"href":"https:\/\/radioljubuski.ba\/index.php\/wp-json\/wp\/v2\/media?parent=28434"}],"wp:term":[{"taxonomy":"category","embeddable":true,"href":"https:\/\/radioljubuski.ba\/index.php\/wp-json\/wp\/v2\/categories?post=28434"},{"taxonomy":"post_tag","embeddable":true,"href":"https:\/\/radioljubuski.ba\/index.php\/wp-json\/wp\/v2\/tags?post=28434"}],"curies":[{"name":"wp","href":"https:\/\/api.w.org\/{rel}","templated":true}]}}