{"id":28684,"date":"2021-06-04T17:24:42","date_gmt":"2021-06-04T16:24:42","guid":{"rendered":"https:\/\/radioljubuski.ba\/?p=28684"},"modified":"2021-06-04T17:24:43","modified_gmt":"2021-06-04T16:24:43","slug":"raguz-zasto-se-ne-smije-govoriti-o-sporazumnom-razvodu-braka-u-bih","status":"publish","type":"post","link":"https:\/\/radioljubuski.ba\/index.php\/2021\/06\/04\/raguz-zasto-se-ne-smije-govoriti-o-sporazumnom-razvodu-braka-u-bih\/","title":{"rendered":"Ragu\u017e: Za\u0161to se ne smije govoriti o sporazumnom razvodu braka u BiH"},"content":{"rendered":"\n<p><strong>Izaslanicima Hrvatskog Narodnog Sabora BiH se obratio Slaven Ragu\u017e, predsjednik Hrvatske republikanske stranke. Kazao da sve \u0161to pi\u0161e u Rezoluciji stoji, ali bitnije je ono \u0161to nije napisano, javlja Hrvatski Medijski Servis.<\/strong><\/p>\n\n\n\n<p>\u201cOvo je preuranjeni po\u010detak politi\u010dke kampanje. Budite iskreni prema narodu, vi se ne borite za njih nego za svoj status. Pojasnite narodu za\u0161to ste pogazili na\u010dela koja ste sami usvojili. Za\u0161to di\u017eete ruke za konsolidaciju rudnika, po \u010demu \u0107e biti upam\u0107en predsjednik Federacije BiH, Marinko \u010cavara. Hrvatski \u010dovjek je jednako ugro\u017een jednako od svojih predstavnika koliko i od politi\u010dkog Sarajeva, kazao je Ragu\u017e.<\/p>\n\n\n\n<p>Rekao je i da se Sveu\u010dili\u0161te u Mostaru zloupotrebljava za potrebe vladaju\u0107e stranke. Narod koji je goloruk zaustavio tenkove goloruk cmizdri nad svojom sudbinom\u201d, rekao je Ragu\u017e.<\/p>\n\n\n\n<p>Ragu\u017e pita za\u0161to se ne smije govoriti o sporazumnom razvodu braka u BiH, ako se usu\u0111uju katalogizirati na\u0161a prava. \u201cZa\u0161to ne bismo napustili institucije u slu\u010daju nove majorizacije.\u201d, rekao je Ragu\u017e.<\/p>\n\n\n\n<p>Predlo\u017eio je da legitimni politi\u010dki predstavnici Hrvata u BiH ne prihvate Christiana Schmidta za novog visokog predstavnika ako ga ne prihvati Vije\u0107e sigurnosti UN-a. Tako\u0111er, predlo\u017eio je da se u Rezoluciju uvrsti i dio da se legitimni politi\u010dki predstavnici obve\u017eu da ne\u0107e sudjelovati u vlasti ako se ne izmijeni Izborni zakon BiH.<\/p>\n\n\n\n<p>Ragu\u017eevi amandmani nisu prihva\u0107eni, pa su izaslanici HRS-a glasovali protiv teksta Rezolucije.<\/p>\n\n\n\n<p>\/HMS\/<\/p>\n","protected":false},"excerpt":{"rendered":"<p>Izaslanicima Hrvatskog Narodnog Sabora BiH se obratio Slaven Ragu\u017e, predsjednik Hrvatske republikanske stranke. Kazao da sve \u0161to pi\u0161e u Rezoluciji stoji, ali bitnije je ono \u0161to nije napisano, javlja Hrvatski Medijski Servis. \u201cOvo je preuranjeni po\u010detak politi\u010dke kampanje. Budite iskreni prema narodu, vi se ne borite za njih nego za svoj status. Pojasnite narodu za\u0161to [&hellip;]<\/p>\n","protected":false},"author":2,"featured_media":28685,"comment_status":"closed","ping_status":"closed","sticky":false,"template":"","format":"standard","meta":{"h5ap_radio_sources":[],"footnotes":""},"categories":[1],"tags":[],"class_list":["post-28684","post","type-post","status-publish","format-standard","has-post-thumbnail","hentry","category-bihiregija"],"yoast_head":"<!-- This site is optimized with the Yoast SEO plugin v27.5 - https:\/\/yoast.com\/product\/yoast-seo-wordpress\/ -->\n<title>Ragu\u017e: Za\u0161to se ne smije govoriti o sporazumnom razvodu braka u BiH - RADIO LJUBU\u0160KI<\/title>\n<meta name=\"robots\" content=\"index, follow, max-snippet:-1, max-image-preview:large, max-video-preview:-1\" \/>\n<link rel=\"canonical\" href=\"https:\/\/radioljubuski.ba\/index.php\/2021\/06\/04\/raguz-zasto-se-ne-smije-govoriti-o-sporazumnom-razvodu-braka-u-bih\/\" \/>\n<meta property=\"og:locale\" content=\"hr_HR\" \/>\n<meta property=\"og:type\" content=\"article\" \/>\n<meta property=\"og:title\" content=\"Ragu\u017e: Za\u0161to se ne smije govoriti o sporazumnom razvodu braka u BiH - RADIO LJUBU\u0160KI\" \/>\n<meta property=\"og:description\" content=\"Izaslanicima Hrvatskog Narodnog Sabora BiH se obratio Slaven Ragu\u017e, predsjednik Hrvatske republikanske stranke. Kazao da sve \u0161to pi\u0161e u Rezoluciji stoji, ali bitnije je ono \u0161to nije napisano, javlja Hrvatski Medijski Servis. \u201cOvo je preuranjeni po\u010detak politi\u010dke kampanje. Budite iskreni prema narodu, vi se ne borite za njih nego za svoj status. Pojasnite narodu za\u0161to [&hellip;]\" \/>\n<meta property=\"og:url\" content=\"https:\/\/radioljubuski.ba\/index.php\/2021\/06\/04\/raguz-zasto-se-ne-smije-govoriti-o-sporazumnom-razvodu-braka-u-bih\/\" \/>\n<meta property=\"og:site_name\" content=\"RADIO LJUBU\u0160KI\" \/>\n<meta property=\"article:publisher\" content=\"https:\/\/www.facebook.com\/Radiio-Ljubuski-1490835324566332\" \/>\n<meta property=\"article:published_time\" content=\"2021-06-04T16:24:42+00:00\" \/>\n<meta property=\"article:modified_time\" content=\"2021-06-04T16:24:43+00:00\" \/>\n<meta property=\"og:image\" content=\"https:\/\/radioljubuski.ba\/wp-content\/uploads\/2021\/06\/20210604152328_IMG_5882-e1622813735423-1068x624-1.jpg\" \/>\n\t<meta property=\"og:image:width\" content=\"1068\" \/>\n\t<meta property=\"og:image:height\" content=\"624\" \/>\n\t<meta property=\"og:image:type\" content=\"image\/jpeg\" \/>\n<meta name=\"author\" content=\"Radio Ljubu\u0161ki\" \/>\n<meta name=\"twitter:card\" content=\"summary_large_image\" \/>\n<meta name=\"twitter:creator\" content=\"@radioljubuski\" \/>\n<meta name=\"twitter:site\" content=\"@radioljubuski\" \/>\n<meta name=\"twitter:label1\" content=\"Napisao\/la\" \/>\n\t<meta name=\"twitter:data1\" content=\"Radio Ljubu\u0161ki\" \/>\n\t<meta name=\"twitter:label2\" content=\"Procijenjeno vrijeme \u010ditanja\" \/>\n\t<meta name=\"twitter:data2\" content=\"1 minuta\" \/>\n<script type=\"application\/ld+json\" class=\"yoast-schema-graph\">{\"@context\":\"https:\\\/\\\/schema.org\",\"@graph\":[{\"@type\":\"Article\",\"@id\":\"https:\\\/\\\/radioljubuski.ba\\\/index.php\\\/2021\\\/06\\\/04\\\/raguz-zasto-se-ne-smije-govoriti-o-sporazumnom-razvodu-braka-u-bih\\\/#article\",\"isPartOf\":{\"@id\":\"https:\\\/\\\/radioljubuski.ba\\\/index.php\\\/2021\\\/06\\\/04\\\/raguz-zasto-se-ne-smije-govoriti-o-sporazumnom-razvodu-braka-u-bih\\\/\"},\"author\":{\"name\":\"Radio Ljubu\u0161ki\",\"@id\":\"https:\\\/\\\/radioljubuski.ba\\\/#\\\/schema\\\/person\\\/19fc700381a780f69665d7956c469e3b\"},\"headline\":\"Ragu\u017e: Za\u0161to se ne smije govoriti o sporazumnom razvodu braka u BiH\",\"datePublished\":\"2021-06-04T16:24:42+00:00\",\"dateModified\":\"2021-06-04T16:24:43+00:00\",\"mainEntityOfPage\":{\"@id\":\"https:\\\/\\\/radioljubuski.ba\\\/index.php\\\/2021\\\/06\\\/04\\\/raguz-zasto-se-ne-smije-govoriti-o-sporazumnom-razvodu-braka-u-bih\\\/\"},\"wordCount\":259,\"publisher\":{\"@id\":\"https:\\\/\\\/radioljubuski.ba\\\/#organization\"},\"image\":{\"@id\":\"https:\\\/\\\/radioljubuski.ba\\\/index.php\\\/2021\\\/06\\\/04\\\/raguz-zasto-se-ne-smije-govoriti-o-sporazumnom-razvodu-braka-u-bih\\\/#primaryimage\"},\"thumbnailUrl\":\"https:\\\/\\\/radioljubuski.ba\\\/wp-content\\\/uploads\\\/2021\\\/06\\\/20210604152328_IMG_5882-e1622813735423-1068x624-1.jpg\",\"articleSection\":[\"BIH i regija\"],\"inLanguage\":\"hr\"},{\"@type\":\"WebPage\",\"@id\":\"https:\\\/\\\/radioljubuski.ba\\\/index.php\\\/2021\\\/06\\\/04\\\/raguz-zasto-se-ne-smije-govoriti-o-sporazumnom-razvodu-braka-u-bih\\\/\",\"url\":\"https:\\\/\\\/radioljubuski.ba\\\/index.php\\\/2021\\\/06\\\/04\\\/raguz-zasto-se-ne-smije-govoriti-o-sporazumnom-razvodu-braka-u-bih\\\/\",\"name\":\"Ragu\u017e: Za\u0161to se ne smije govoriti o sporazumnom razvodu braka u BiH - RADIO LJUBU\u0160KI\",\"isPartOf\":{\"@id\":\"https:\\\/\\\/radioljubuski.ba\\\/#website\"},\"primaryImageOfPage\":{\"@id\":\"https:\\\/\\\/radioljubuski.ba\\\/index.php\\\/2021\\\/06\\\/04\\\/raguz-zasto-se-ne-smije-govoriti-o-sporazumnom-razvodu-braka-u-bih\\\/#primaryimage\"},\"image\":{\"@id\":\"https:\\\/\\\/radioljubuski.ba\\\/index.php\\\/2021\\\/06\\\/04\\\/raguz-zasto-se-ne-smije-govoriti-o-sporazumnom-razvodu-braka-u-bih\\\/#primaryimage\"},\"thumbnailUrl\":\"https:\\\/\\\/radioljubuski.ba\\\/wp-content\\\/uploads\\\/2021\\\/06\\\/20210604152328_IMG_5882-e1622813735423-1068x624-1.jpg\",\"datePublished\":\"2021-06-04T16:24:42+00:00\",\"dateModified\":\"2021-06-04T16:24:43+00:00\",\"breadcrumb\":{\"@id\":\"https:\\\/\\\/radioljubuski.ba\\\/index.php\\\/2021\\\/06\\\/04\\\/raguz-zasto-se-ne-smije-govoriti-o-sporazumnom-razvodu-braka-u-bih\\\/#breadcrumb\"},\"inLanguage\":\"hr\",\"potentialAction\":[{\"@type\":\"ReadAction\",\"target\":[\"https:\\\/\\\/radioljubuski.ba\\\/index.php\\\/2021\\\/06\\\/04\\\/raguz-zasto-se-ne-smije-govoriti-o-sporazumnom-razvodu-braka-u-bih\\\/\"]}]},{\"@type\":\"ImageObject\",\"inLanguage\":\"hr\",\"@id\":\"https:\\\/\\\/radioljubuski.ba\\\/index.php\\\/2021\\\/06\\\/04\\\/raguz-zasto-se-ne-smije-govoriti-o-sporazumnom-razvodu-braka-u-bih\\\/#primaryimage\",\"url\":\"https:\\\/\\\/radioljubuski.ba\\\/wp-content\\\/uploads\\\/2021\\\/06\\\/20210604152328_IMG_5882-e1622813735423-1068x624-1.jpg\",\"contentUrl\":\"https:\\\/\\\/radioljubuski.ba\\\/wp-content\\\/uploads\\\/2021\\\/06\\\/20210604152328_IMG_5882-e1622813735423-1068x624-1.jpg\",\"width\":1068,\"height\":624},{\"@type\":\"BreadcrumbList\",\"@id\":\"https:\\\/\\\/radioljubuski.ba\\\/index.php\\\/2021\\\/06\\\/04\\\/raguz-zasto-se-ne-smije-govoriti-o-sporazumnom-razvodu-braka-u-bih\\\/#breadcrumb\",\"itemListElement\":[{\"@type\":\"ListItem\",\"position\":1,\"name\":\"Po\u010detna stranica\",\"item\":\"https:\\\/\\\/radioljubuski.ba\\\/\"},{\"@type\":\"ListItem\",\"position\":2,\"name\":\"Ragu\u017e: Za\u0161to se ne smije govoriti o sporazumnom razvodu braka u BiH\"}]},{\"@type\":\"WebSite\",\"@id\":\"https:\\\/\\\/radioljubuski.ba\\\/#website\",\"url\":\"https:\\\/\\\/radioljubuski.ba\\\/\",\"name\":\"Radio Ljubu\u0161ki\",\"description\":\"Sun\u010dana frekvencija Hercegovine\",\"publisher\":{\"@id\":\"https:\\\/\\\/radioljubuski.ba\\\/#organization\"},\"potentialAction\":[{\"@type\":\"SearchAction\",\"target\":{\"@type\":\"EntryPoint\",\"urlTemplate\":\"https:\\\/\\\/radioljubuski.ba\\\/?s={search_term_string}\"},\"query-input\":{\"@type\":\"PropertyValueSpecification\",\"valueRequired\":true,\"valueName\":\"search_term_string\"}}],\"inLanguage\":\"hr\"},{\"@type\":\"Organization\",\"@id\":\"https:\\\/\\\/radioljubuski.ba\\\/#organization\",\"name\":\"Radio Ljubu\u0161ki\",\"url\":\"https:\\\/\\\/radioljubuski.ba\\\/\",\"logo\":{\"@type\":\"ImageObject\",\"inLanguage\":\"hr\",\"@id\":\"https:\\\/\\\/radioljubuski.ba\\\/#\\\/schema\\\/logo\\\/image\\\/\",\"url\":\"https:\\\/\\\/radioljubuski.ba\\\/wp-content\\\/uploads\\\/2021\\\/02\\\/cropped-Radio_Ljubuski_logo1.jpg\",\"contentUrl\":\"https:\\\/\\\/radioljubuski.ba\\\/wp-content\\\/uploads\\\/2021\\\/02\\\/cropped-Radio_Ljubuski_logo1.jpg\",\"width\":512,\"height\":512,\"caption\":\"Radio Ljubu\u0161ki\"},\"image\":{\"@id\":\"https:\\\/\\\/radioljubuski.ba\\\/#\\\/schema\\\/logo\\\/image\\\/\"},\"sameAs\":[\"https:\\\/\\\/www.facebook.com\\\/Radiio-Ljubuski-1490835324566332\",\"https:\\\/\\\/x.com\\\/radioljubuski\",\"https:\\\/\\\/hr.linkedin.com\\\/company\\\/radio-ljubuski\",\"https:\\\/\\\/www.youtube.com\\\/channel\\\/UCHYaeO_n0Db3tjNGudGpXyw\"]},{\"@type\":\"Person\",\"@id\":\"https:\\\/\\\/radioljubuski.ba\\\/#\\\/schema\\\/person\\\/19fc700381a780f69665d7956c469e3b\",\"name\":\"Radio Ljubu\u0161ki\"}]}<\/script>\n<!-- \/ Yoast SEO plugin. -->","yoast_head_json":{"title":"Ragu\u017e: Za\u0161to se ne smije govoriti o sporazumnom razvodu braka u BiH - RADIO LJUBU\u0160KI","robots":{"index":"index","follow":"follow","max-snippet":"max-snippet:-1","max-image-preview":"max-image-preview:large","max-video-preview":"max-video-preview:-1"},"canonical":"https:\/\/radioljubuski.ba\/index.php\/2021\/06\/04\/raguz-zasto-se-ne-smije-govoriti-o-sporazumnom-razvodu-braka-u-bih\/","og_locale":"hr_HR","og_type":"article","og_title":"Ragu\u017e: Za\u0161to se ne smije govoriti o sporazumnom razvodu braka u BiH - RADIO LJUBU\u0160KI","og_description":"Izaslanicima Hrvatskog Narodnog Sabora BiH se obratio Slaven Ragu\u017e, predsjednik Hrvatske republikanske stranke. Kazao da sve \u0161to pi\u0161e u Rezoluciji stoji, ali bitnije je ono \u0161to nije napisano, javlja Hrvatski Medijski Servis. \u201cOvo je preuranjeni po\u010detak politi\u010dke kampanje. Budite iskreni prema narodu, vi se ne borite za njih nego za svoj status. Pojasnite narodu za\u0161to [&hellip;]","og_url":"https:\/\/radioljubuski.ba\/index.php\/2021\/06\/04\/raguz-zasto-se-ne-smije-govoriti-o-sporazumnom-razvodu-braka-u-bih\/","og_site_name":"RADIO LJUBU\u0160KI","article_publisher":"https:\/\/www.facebook.com\/Radiio-Ljubuski-1490835324566332","article_published_time":"2021-06-04T16:24:42+00:00","article_modified_time":"2021-06-04T16:24:43+00:00","og_image":[{"width":1068,"height":624,"url":"https:\/\/radioljubuski.ba\/wp-content\/uploads\/2021\/06\/20210604152328_IMG_5882-e1622813735423-1068x624-1.jpg","type":"image\/jpeg"}],"author":"Radio Ljubu\u0161ki","twitter_card":"summary_large_image","twitter_creator":"@radioljubuski","twitter_site":"@radioljubuski","twitter_misc":{"Napisao\/la":"Radio Ljubu\u0161ki","Procijenjeno vrijeme \u010ditanja":"1 minuta"},"schema":{"@context":"https:\/\/schema.org","@graph":[{"@type":"Article","@id":"https:\/\/radioljubuski.ba\/index.php\/2021\/06\/04\/raguz-zasto-se-ne-smije-govoriti-o-sporazumnom-razvodu-braka-u-bih\/#article","isPartOf":{"@id":"https:\/\/radioljubuski.ba\/index.php\/2021\/06\/04\/raguz-zasto-se-ne-smije-govoriti-o-sporazumnom-razvodu-braka-u-bih\/"},"author":{"name":"Radio Ljubu\u0161ki","@id":"https:\/\/radioljubuski.ba\/#\/schema\/person\/19fc700381a780f69665d7956c469e3b"},"headline":"Ragu\u017e: Za\u0161to se ne smije govoriti o sporazumnom razvodu braka u BiH","datePublished":"2021-06-04T16:24:42+00:00","dateModified":"2021-06-04T16:24:43+00:00","mainEntityOfPage":{"@id":"https:\/\/radioljubuski.ba\/index.php\/2021\/06\/04\/raguz-zasto-se-ne-smije-govoriti-o-sporazumnom-razvodu-braka-u-bih\/"},"wordCount":259,"publisher":{"@id":"https:\/\/radioljubuski.ba\/#organization"},"image":{"@id":"https:\/\/radioljubuski.ba\/index.php\/2021\/06\/04\/raguz-zasto-se-ne-smije-govoriti-o-sporazumnom-razvodu-braka-u-bih\/#primaryimage"},"thumbnailUrl":"https:\/\/radioljubuski.ba\/wp-content\/uploads\/2021\/06\/20210604152328_IMG_5882-e1622813735423-1068x624-1.jpg","articleSection":["BIH i regija"],"inLanguage":"hr"},{"@type":"WebPage","@id":"https:\/\/radioljubuski.ba\/index.php\/2021\/06\/04\/raguz-zasto-se-ne-smije-govoriti-o-sporazumnom-razvodu-braka-u-bih\/","url":"https:\/\/radioljubuski.ba\/index.php\/2021\/06\/04\/raguz-zasto-se-ne-smije-govoriti-o-sporazumnom-razvodu-braka-u-bih\/","name":"Ragu\u017e: Za\u0161to se ne smije govoriti o sporazumnom razvodu braka u BiH - RADIO LJUBU\u0160KI","isPartOf":{"@id":"https:\/\/radioljubuski.ba\/#website"},"primaryImageOfPage":{"@id":"https:\/\/radioljubuski.ba\/index.php\/2021\/06\/04\/raguz-zasto-se-ne-smije-govoriti-o-sporazumnom-razvodu-braka-u-bih\/#primaryimage"},"image":{"@id":"https:\/\/radioljubuski.ba\/index.php\/2021\/06\/04\/raguz-zasto-se-ne-smije-govoriti-o-sporazumnom-razvodu-braka-u-bih\/#primaryimage"},"thumbnailUrl":"https:\/\/radioljubuski.ba\/wp-content\/uploads\/2021\/06\/20210604152328_IMG_5882-e1622813735423-1068x624-1.jpg","datePublished":"2021-06-04T16:24:42+00:00","dateModified":"2021-06-04T16:24:43+00:00","breadcrumb":{"@id":"https:\/\/radioljubuski.ba\/index.php\/2021\/06\/04\/raguz-zasto-se-ne-smije-govoriti-o-sporazumnom-razvodu-braka-u-bih\/#breadcrumb"},"inLanguage":"hr","potentialAction":[{"@type":"ReadAction","target":["https:\/\/radioljubuski.ba\/index.php\/2021\/06\/04\/raguz-zasto-se-ne-smije-govoriti-o-sporazumnom-razvodu-braka-u-bih\/"]}]},{"@type":"ImageObject","inLanguage":"hr","@id":"https:\/\/radioljubuski.ba\/index.php\/2021\/06\/04\/raguz-zasto-se-ne-smije-govoriti-o-sporazumnom-razvodu-braka-u-bih\/#primaryimage","url":"https:\/\/radioljubuski.ba\/wp-content\/uploads\/2021\/06\/20210604152328_IMG_5882-e1622813735423-1068x624-1.jpg","contentUrl":"https:\/\/radioljubuski.ba\/wp-content\/uploads\/2021\/06\/20210604152328_IMG_5882-e1622813735423-1068x624-1.jpg","width":1068,"height":624},{"@type":"BreadcrumbList","@id":"https:\/\/radioljubuski.ba\/index.php\/2021\/06\/04\/raguz-zasto-se-ne-smije-govoriti-o-sporazumnom-razvodu-braka-u-bih\/#breadcrumb","itemListElement":[{"@type":"ListItem","position":1,"name":"Po\u010detna stranica","item":"https:\/\/radioljubuski.ba\/"},{"@type":"ListItem","position":2,"name":"Ragu\u017e: Za\u0161to se ne smije govoriti o sporazumnom razvodu braka u BiH"}]},{"@type":"WebSite","@id":"https:\/\/radioljubuski.ba\/#website","url":"https:\/\/radioljubuski.ba\/","name":"Radio Ljubu\u0161ki","description":"Sun\u010dana frekvencija Hercegovine","publisher":{"@id":"https:\/\/radioljubuski.ba\/#organization"},"potentialAction":[{"@type":"SearchAction","target":{"@type":"EntryPoint","urlTemplate":"https:\/\/radioljubuski.ba\/?s={search_term_string}"},"query-input":{"@type":"PropertyValueSpecification","valueRequired":true,"valueName":"search_term_string"}}],"inLanguage":"hr"},{"@type":"Organization","@id":"https:\/\/radioljubuski.ba\/#organization","name":"Radio Ljubu\u0161ki","url":"https:\/\/radioljubuski.ba\/","logo":{"@type":"ImageObject","inLanguage":"hr","@id":"https:\/\/radioljubuski.ba\/#\/schema\/logo\/image\/","url":"https:\/\/radioljubuski.ba\/wp-content\/uploads\/2021\/02\/cropped-Radio_Ljubuski_logo1.jpg","contentUrl":"https:\/\/radioljubuski.ba\/wp-content\/uploads\/2021\/02\/cropped-Radio_Ljubuski_logo1.jpg","width":512,"height":512,"caption":"Radio Ljubu\u0161ki"},"image":{"@id":"https:\/\/radioljubuski.ba\/#\/schema\/logo\/image\/"},"sameAs":["https:\/\/www.facebook.com\/Radiio-Ljubuski-1490835324566332","https:\/\/x.com\/radioljubuski","https:\/\/hr.linkedin.com\/company\/radio-ljubuski","https:\/\/www.youtube.com\/channel\/UCHYaeO_n0Db3tjNGudGpXyw"]},{"@type":"Person","@id":"https:\/\/radioljubuski.ba\/#\/schema\/person\/19fc700381a780f69665d7956c469e3b","name":"Radio Ljubu\u0161ki"}]}},"_links":{"self":[{"href":"https:\/\/radioljubuski.ba\/index.php\/wp-json\/wp\/v2\/posts\/28684","targetHints":{"allow":["GET"]}}],"collection":[{"href":"https:\/\/radioljubuski.ba\/index.php\/wp-json\/wp\/v2\/posts"}],"about":[{"href":"https:\/\/radioljubuski.ba\/index.php\/wp-json\/wp\/v2\/types\/post"}],"author":[{"embeddable":true,"href":"https:\/\/radioljubuski.ba\/index.php\/wp-json\/wp\/v2\/users\/2"}],"replies":[{"embeddable":true,"href":"https:\/\/radioljubuski.ba\/index.php\/wp-json\/wp\/v2\/comments?post=28684"}],"version-history":[{"count":1,"href":"https:\/\/radioljubuski.ba\/index.php\/wp-json\/wp\/v2\/posts\/28684\/revisions"}],"predecessor-version":[{"id":28686,"href":"https:\/\/radioljubuski.ba\/index.php\/wp-json\/wp\/v2\/posts\/28684\/revisions\/28686"}],"wp:featuredmedia":[{"embeddable":true,"href":"https:\/\/radioljubuski.ba\/index.php\/wp-json\/wp\/v2\/media\/28685"}],"wp:attachment":[{"href":"https:\/\/radioljubuski.ba\/index.php\/wp-json\/wp\/v2\/media?parent=28684"}],"wp:term":[{"taxonomy":"category","embeddable":true,"href":"https:\/\/radioljubuski.ba\/index.php\/wp-json\/wp\/v2\/categories?post=28684"},{"taxonomy":"post_tag","embeddable":true,"href":"https:\/\/radioljubuski.ba\/index.php\/wp-json\/wp\/v2\/tags?post=28684"}],"curies":[{"name":"wp","href":"https:\/\/api.w.org\/{rel}","templated":true}]}}