{"id":28755,"date":"2021-06-05T12:31:58","date_gmt":"2021-06-05T11:31:58","guid":{"rendered":"https:\/\/radioljubuski.ba\/?p=28755"},"modified":"2021-06-05T12:31:58","modified_gmt":"2021-06-05T11:31:58","slug":"tomasevic-preuzeo-zagreb-koliki-je-proracun-i-koja-je-sudbina-dosadasnjih-procelnika","status":"publish","type":"post","link":"https:\/\/radioljubuski.ba\/index.php\/2021\/06\/05\/tomasevic-preuzeo-zagreb-koliki-je-proracun-i-koja-je-sudbina-dosadasnjih-procelnika\/","title":{"rendered":"Toma\u0161evi\u0107 preuzeo Zagreb: Koliki je prora\u010dun i koja je sudbina dosada\u0161njih pro\u010delnika?"},"content":{"rendered":"\n<p>\u201cDa, situacija u Zagrebu jest ne\u0161to gora nego sam o\u010dekivao, ali ipak ne bih pretjerivao\u201d, izjavio je nakon ju\u010dera\u0161nje primopredaje vlasti u Zagrebu novoizabrani gradona\u010delnik Zagreba Tomislav Toma\u0161evi\u0107, \u010delnik ekstremno lijeve koalicije stranaka Mo\u017eemo, Zagreb je na\u0161, Nova ljevica, Zelena alternativa \u2013 ORaH i Za Grad.<\/p>\n\n\n\n<p>U Zagrebu je u petak obavljena primopredaja ovlasti izme\u0111u dosada\u0161nje zamjenice gradona\u010delnika i obna\u0161ateljice du\u017enosti gradona\u010delnika Zagreba Jelene Pavi\u010di\u0107 Vuki\u010devi\u0107 te novoizabranog gradona\u010delnika Zagreba Tomislava Toma\u0161evi\u0107a. To je ujedno novom gradona\u010delniku Toma\u0161evi\u0107u i prvi radni dan na novoj du\u017enosti.<\/p>\n\n\n\n<p>\u201cZavr\u0161ili smo sastanak o primopredaji. Sastanak je bio otvoren i konstruktivan. Dobili smo oko 2000 stranica izvje\u0161\u0107a i trebat \u0107e nam neko vrijeme da to pro\u0111emo. Pri\u010dali smo o izazovima. Financijsko stanje nije dobro, postoje rje\u0161enja za to i time \u0107emo se odmah pozabaviti. Imat \u0107emo sastanke s pro\u010delnicima, danas i s pro\u010delnicom za financije. Svim zaposlenicima gradskih poduze\u0107a i ustanova mogu re\u0107i da nas \u010dekaju veliki izazovi, no mi smo optimisti\u010dni\u201d, kazao je novi gradona\u010delnik, najaviv\u0161i da \u0107e s o financijama tijekom dana odr\u017eati detaljniji sastanak s pro\u010delnicom Danielom Juro\u0161 Pe\u010dnik.<\/p>\n\n\n\n<p>Vjeruje da do poskupljenja usluga u Zagrebu ne\u0107e do\u0107i. \u201cPostoje rje\u0161enja za to\u201d, uvjeren je.<\/p>\n\n\n\n<p>\u201cDanas \u0107emo se dobar dio dana baviti financijama, a i cijeli vikend \u0107emo to prou\u010davati. Trebat \u0107e nam neko vrijeme, ali brzo \u0107emo pohvatati konce i krenuti s radom\u201d, kazao je.<\/p>\n\n\n\n<p>\u0160to se ti\u010de koalicije s SDP-om, rekao je da su razgovori u tijeku. 17. lipnja bit \u0107e konstituiraju\u0107a sjednica Skup\u0161tine, a svi \u0107e razgovori sa SDP-om biti gotovi do tada. Vjeruje da su izvje\u0161\u0107a koje su dobili dobro napravljena.<\/p>\n\n\n\n<p><strong>27 pro\u010delnika i pro\u010delnica<\/strong><\/p>\n\n\n\n<p>Jedna od prvih najava Tomislava Toma\u0161evi\u0107a i njegove strana\u010dke kolegice Ur\u0161e Raukar bila je da \u0107e napraviti preustroj gradske uprave i smanjiti broj gradskih ureda, kojih trenuta\u010dno ima 27.<\/p>\n\n\n\n<p>\u201cMi smo politi\u010dka opcija, na \u010delu s Tomislavom Toma\u0161evi\u0107em, koja \u0107e racionalizirati gradsku upravu. Ne\u0107emo imati 27 gradskih ureda, koliko nemaju ni ogromni europski gradovi, nego 15-ak, 16-ak. Otvorit \u0107emo ured za poslijepotresnu obnovu koji je ve\u0107 trebao biti otvoren, kako bismo pomogli gra\u0111anima koji su o\u0161te\u0107eni u potresu\u201d, rekla je nakon prvog kruga izbora Ur\u0161a Raukar, najaviv\u0161i \u201csje\u010du glava\u201d.<\/p>\n\n\n\n<p>\u201cAko neki ne\u0107e dati mandat na raspolaganje, postoje rje\u0161enja za takve situacije bez ikakvih \u0161teta za grad, uvijek treba paziti da ne do\u0111e do sudskih procesa koji bi bili \u0161tetni za grad. Vjerujem ipak da \u0107e svima biti jasno da je po\u0161tenije i bolje dati mandat na raspolaganje, smatram da je to elementarna demokratska potreba\u201d, ustvrdila je.<\/p>\n\n\n\n<p>Toma\u0161evi\u0107 se ne\u0161to kasnije nadovezao na izjavu Raukar te je ustvrdio: \u201cNa\u0161e pravo je da tra\u017eimo od pro\u010delnika i direktora gradskih poduze\u0107a da stave mandat na raspolaganje, na\u0161e je pravo da ocjenjujemo njihov rad, a na\u0161e je pravo da imenujemo nove pro\u010delnike putem javnog natje\u010daja, \u0161to ho\u0107emo\u201d, dodav\u0161i da su najavili oko 15 ureda i ministarstava.<\/p>\n\n\n\n<p><a href=\"https:\/\/www.zagreb.hr\/gradski-uredi-zavodi-i-sluzbe\/763\" target=\"_blank\" rel=\"noreferrer noopener\">Grad Zagreb<\/a> trenuta\u010dno ima 27 gradskih ureda: Ured gradona\u010delnika, Stru\u010dna slu\u017eba gradona\u010delnika, Gradski kontrolni ured, Ured za zastupanje, Gradski ured za strategijsko planiranje i razvoj Grada, Gradski ured za op\u0107u upravu, Gradski ured za gospodarstvo, energetiku i za\u0161titu okoli\u0161a, Gradski ured za obrazovanje, Gradski ured za zdravstvo, Gradski ured za socijalnu za\u0161titu i osobe s invaliditetom, Gradski ured za poljoprivredu i \u0161umarstvo, Gradski ured za upravljanje imovinom Grada, Gradski ured za imovinsko-pravne poslove, Gradski ured za prostorno ure\u0111enje, izgradnju Grada, graditeljstvo, komunalne poslove i promet, Gradski ured za katastar i geodetske poslove, Ured za upravljanje hitnim situacijama, Gradski zavod za za\u0161titu spomenika kulture i prirode, Gradski ured za mjesnu samoupravu, Gradski ured za financije, Gradski ured za branitelje, Ured za javnu nabavu, Ured za programe i projekte Europske unije, Gradski ured za sport i mlade, Gradski ured za kulturu, Ured za me\u0111ugradsku i me\u0111unarodnu suradnju i promicanje ljudskih prava, Ured za demografiju i Stru\u010dna slu\u017eba Gradske skup\u0161tine.<\/p>\n\n\n\n<p>Za jedanaestero pro\u010delnika rje\u0161enja za obavljanje pro\u010delni\u010dkog posla istje\u010du do kraja ove godine, a me\u0111u njima su Mirka Jozi\u0107, Dinko Bili\u0107, Ivica Lovri\u0107 i Miro Laco. Laci se taj status obnavlja svakih \u0161est mjeseci, pa kao i Lovri\u0107u, istje\u010de ve\u0107 15. lipnja, navodi <a href=\"https:\/\/www.tportal.hr\/vijesti\/clanak\/ovih-je-27-bandicevih-ljudi-na-meti-provjerili-smo-kakav-je-status-gradskih-procelnika-i-sto-kaze-zakon-o-najavljenoj-tomasevicevoj-cistki-foto-20210519\" target=\"_blank\" rel=\"noreferrer noopener\">tportal<\/a>.<\/p>\n\n\n\n<p>Ivica Lovri\u0107 u me\u0111uvremenu je ve\u0107 podnio ostavku.<\/p>\n\n\n\n<p>Ostaje, rekao je, u gradskoj upravi na mjestu savjetnika gradona\u010delnika, no sjedit \u0107e u Ilici 25, gdje je slu\u017ebena adresa Ureda za obrazovanje. Tu je funkciju, dodu\u0161e, i prije obavljao. S obzirom da se u utrci za gradona\u010delnika \u201cpripetavao\u201d protiv Toma\u0161evi\u0107a jer je bio u taboru dogradona\u010delnice kao njen budu\u0107i zamjenik smatrao je, ka\u017ee, da je to najeti\u010dniji politi\u010dki potez koji je mogao povu\u0107i, zbog \u010dega se, dodaje, razlikuje od ostalih pro\u010delnika, navodi <a href=\"https:\/\/www.vecernji.hr\/vijesti\/lovric-o-svojoj-mogucoj-zamjeni-ako-me-tomasevic-pita-za-savjet-dat-cu-mu-ga-1497562\" target=\"_blank\" rel=\"noreferrer noopener\">Ve\u010dernji list<\/a>.<\/p>\n\n\n\n<p>Pro\u010delnici kojima tijekom 2021. isti\u010du rje\u0161enja\/ugovori za obavljanje tog posla su: <strong>Miro Laco<\/strong>, Ured gradona\u010delnika (15. lipnja), <strong>Romana Gali\u0107<\/strong>, socijala (4. kolovoza), <strong>Vjekoslav Jele\u010d<\/strong>, zdravstvo (27. kolovoza), <strong>Andrea \u0160ulenti\u0107<\/strong>, stru\u010dna slu\u017eba gradona\u010delnika (11. rujna), <strong>Dinko Bili\u0107<\/strong>, graditeljstvo, izgradnja, promet, komunalni poslovi (12. rujna), <strong>Vesna Helfrih<\/strong>, branitelji (17. rujna), <strong>Ivica Lovri\u0107<\/strong>, obrazovanje (15. listopada), <strong>Mirjana Zubak<\/strong>, Ured za programe i projekte Europske unije (16. listopada), <strong>Renata \u0160imon<\/strong>, mjesna samouprava (17. listopada), <strong>Mirka Jozi\u0107<\/strong>, ured za gospodarstvo (2. listopada), <strong>Ana Matijevi\u0107<\/strong>, kontrolni ured (27. studenog), <strong>Kre\u0161imir Lade\u0161i\u0107<\/strong>, ured za op\u0107u upravu (7. prosinca). U 2022. rje\u0161enja\/ugovori istje\u010du <strong>Milanu Paveli\u0107<\/strong>u iz ureda za sport i mlade i <strong>Vesni \u0160imi\u0107<\/strong> iz Ureda za me\u0111ugradsku i me\u0111unarodnu suradnju i promicanje ljudskih prava. Do 2023. rje\u0161enja imaju <strong>Stipe Tuti\u0161<\/strong>, zavod za za\u0161titu spomenika kulture i prirode, <strong>Jasna Jezer\u010di\u0107 Cvitkovi\u0107<\/strong>, ured za katastar i geodetske poslove, <strong>Milana Vukovi\u0107 Runji\u0107<\/strong>, kultura, <strong>Daniela Juro\u0161 Pe\u010dnik<\/strong>, ured za financije, <strong>Mila Jelavi\u0107<\/strong>, Ured za demografiju, i <strong>Mirjana Lichtner Kristi\u0107<\/strong> iz Stru\u010dne slu\u017ebe Gradske skup\u0161tine. U 2024. rje\u0161enja\/ugovori izlaze <strong>Mateji Topi\u0107<\/strong> iz Ureda za zastupanje, <strong>Sanji Jerkovi\u0107<\/strong>, strategijsko planiranje i razvoj grada, <strong>Dejanu Jai\u0107u<\/strong>, poljoprivreda i \u0161umarstvo, <strong>Marini Zagorec<\/strong> iz ureda za imovinsko-pravne poslove, <strong>Pavlu Kalini\u0107u<\/strong>, upravljanje u hitnim situacijama, i <strong>Danijeli Habijanec<\/strong>, javna nabava. Do 2025. rje\u0161enje ima <strong>Zlatko Makar<\/strong>, upravljanje imovinom Grada.<\/p>\n\n\n\n<p>Zakon o slu\u017ebenicima i namje\u0161tenicima u lokalnoj i podru\u010dnoj (regionalnoj) samoupravi propisuje proceduru koju \u0107e trebati po\u0161tovati, od raspore\u0111ivanja na radna mjesta za koja ispunjavaju uvjete pa do stavljanja na raspolaganje.<\/p>\n\n\n\n<p>Sve to trajat \u0107e vjerojatno mjesecima jer preustroj gradske uprave mora odobriti i Gradska skup\u0161tina.<\/p>\n\n\n\n<p><strong>Prora\u010dun grada Zagreba<\/strong><\/p>\n\n\n\n<p>\u201cNajvi\u0161e me zanima realizacija prora\u010duna u pro\u0161loj godini, koja je bila vrlo izazovna za grad Zagreb\u201d, izjavio je novoizabrani gradona\u010delnik Toma\u0161evi\u0107 u utorak.<\/p>\n\n\n\n<p>Krajem 2020. godine prihva\u0107en je prora\u010dun grada Zagreba za 2021. \u201cte\u017eak\u201d <strong>13,65 milijardi kuna<\/strong>. Pokojni zagreba\u010dki gradona\u010delnik Milan Bandi\u0107 rekao je tada da je prora\u010dun realan, socijalan, uravnote\u017een i razmjeran te korespondira s vremenom u kojem \u017eivimo, odnosno s potresom i koronakrizom.<\/p>\n\n\n\n<p>\u201cS obzirom na krizu i smanjene prihode grada, a u cilju omogu\u0107avanja razvoja i zadr\u017eavanja postoje\u0107eg standarda, Grad se odlu\u010dio na prodaju manjeg dijela svoje imovine, 150 od 450 milijuna eura koje smo te\u0161kom mukom stjecali ovih 20 godina\u201d, rekao je u prosincu Bandi\u0107.<\/p>\n\n\n\n<p>Toma\u0161evi\u0107 u ime Kluba zastupnika lijevog bloka, tada je kazao da \u010dak i kad bi prodali \u201cobiteljsko srebro\u201d i dalje ne bi ni po\u010deli vra\u0107ati rupu od 1,3 milijardi kuna.<\/p>\n\n\n\n<p>Prema procjenama, Grad Zagreb ima dug koji je krajem 2020. prema\u0161io najmanje dvije milijarde kuna, \u010demu treba pribrojiti i 2,6 milijardi duga Zagreba\u010dkog holdinga.<\/p>\n\n\n\n<p><em>Izvor: narod.hr<\/em><\/p>\n","protected":false},"excerpt":{"rendered":"<p>\u201cDa, situacija u Zagrebu jest ne\u0161to gora nego sam o\u010dekivao, ali ipak ne bih pretjerivao\u201d, izjavio je nakon ju\u010dera\u0161nje primopredaje vlasti u Zagrebu novoizabrani gradona\u010delnik Zagreba Tomislav Toma\u0161evi\u0107, \u010delnik ekstremno lijeve koalicije stranaka Mo\u017eemo, Zagreb je na\u0161, Nova ljevica, Zelena alternativa \u2013 ORaH i Za Grad. U Zagrebu je u petak obavljena primopredaja ovlasti izme\u0111u [&hellip;]<\/p>\n","protected":false},"author":2,"featured_media":28756,"comment_status":"closed","ping_status":"closed","sticky":false,"template":"","format":"standard","meta":{"h5ap_radio_sources":[],"footnotes":""},"categories":[1],"tags":[],"class_list":["post-28755","post","type-post","status-publish","format-standard","has-post-thumbnail","hentry","category-bihiregija"],"yoast_head":"<!-- This site is optimized with the Yoast SEO plugin v27.5 - https:\/\/yoast.com\/product\/yoast-seo-wordpress\/ -->\n<title>Toma\u0161evi\u0107 preuzeo Zagreb: Koliki je prora\u010dun i koja je sudbina dosada\u0161njih pro\u010delnika? - RADIO LJUBU\u0160KI<\/title>\n<meta name=\"robots\" content=\"index, follow, max-snippet:-1, max-image-preview:large, max-video-preview:-1\" \/>\n<link rel=\"canonical\" href=\"https:\/\/radioljubuski.ba\/index.php\/2021\/06\/05\/tomasevic-preuzeo-zagreb-koliki-je-proracun-i-koja-je-sudbina-dosadasnjih-procelnika\/\" \/>\n<meta property=\"og:locale\" content=\"hr_HR\" \/>\n<meta property=\"og:type\" content=\"article\" \/>\n<meta property=\"og:title\" content=\"Toma\u0161evi\u0107 preuzeo Zagreb: Koliki je prora\u010dun i koja je sudbina dosada\u0161njih pro\u010delnika? - RADIO LJUBU\u0160KI\" \/>\n<meta property=\"og:description\" content=\"\u201cDa, situacija u Zagrebu jest ne\u0161to gora nego sam o\u010dekivao, ali ipak ne bih pretjerivao\u201d, izjavio je nakon ju\u010dera\u0161nje primopredaje vlasti u Zagrebu novoizabrani gradona\u010delnik Zagreba Tomislav Toma\u0161evi\u0107, \u010delnik ekstremno lijeve koalicije stranaka Mo\u017eemo, Zagreb je na\u0161, Nova ljevica, Zelena alternativa \u2013 ORaH i Za Grad. U Zagrebu je u petak obavljena primopredaja ovlasti izme\u0111u [&hellip;]\" \/>\n<meta property=\"og:url\" content=\"https:\/\/radioljubuski.ba\/index.php\/2021\/06\/05\/tomasevic-preuzeo-zagreb-koliki-je-proracun-i-koja-je-sudbina-dosadasnjih-procelnika\/\" \/>\n<meta property=\"og:site_name\" content=\"RADIO LJUBU\u0160KI\" \/>\n<meta property=\"article:publisher\" content=\"https:\/\/www.facebook.com\/Radiio-Ljubuski-1490835324566332\" \/>\n<meta property=\"article:published_time\" content=\"2021-06-05T11:31:58+00:00\" \/>\n<meta property=\"og:image\" content=\"https:\/\/radioljubuski.ba\/wp-content\/uploads\/2021\/06\/HN20210604068592-696x417-1.jpg\" \/>\n\t<meta property=\"og:image:width\" content=\"696\" \/>\n\t<meta property=\"og:image:height\" content=\"417\" \/>\n\t<meta property=\"og:image:type\" content=\"image\/jpeg\" \/>\n<meta name=\"author\" content=\"Radio Ljubu\u0161ki\" \/>\n<meta name=\"twitter:card\" content=\"summary_large_image\" \/>\n<meta name=\"twitter:creator\" content=\"@radioljubuski\" \/>\n<meta name=\"twitter:site\" content=\"@radioljubuski\" \/>\n<meta name=\"twitter:label1\" content=\"Napisao\/la\" \/>\n\t<meta name=\"twitter:data1\" content=\"Radio Ljubu\u0161ki\" \/>\n\t<meta name=\"twitter:label2\" content=\"Procijenjeno vrijeme \u010ditanja\" \/>\n\t<meta name=\"twitter:data2\" content=\"7 minuta\" \/>\n<script type=\"application\/ld+json\" class=\"yoast-schema-graph\">{\"@context\":\"https:\\\/\\\/schema.org\",\"@graph\":[{\"@type\":\"Article\",\"@id\":\"https:\\\/\\\/radioljubuski.ba\\\/index.php\\\/2021\\\/06\\\/05\\\/tomasevic-preuzeo-zagreb-koliki-je-proracun-i-koja-je-sudbina-dosadasnjih-procelnika\\\/#article\",\"isPartOf\":{\"@id\":\"https:\\\/\\\/radioljubuski.ba\\\/index.php\\\/2021\\\/06\\\/05\\\/tomasevic-preuzeo-zagreb-koliki-je-proracun-i-koja-je-sudbina-dosadasnjih-procelnika\\\/\"},\"author\":{\"name\":\"Radio Ljubu\u0161ki\",\"@id\":\"https:\\\/\\\/radioljubuski.ba\\\/#\\\/schema\\\/person\\\/19fc700381a780f69665d7956c469e3b\"},\"headline\":\"Toma\u0161evi\u0107 preuzeo Zagreb: Koliki je prora\u010dun i koja je sudbina dosada\u0161njih pro\u010delnika?\",\"datePublished\":\"2021-06-05T11:31:58+00:00\",\"mainEntityOfPage\":{\"@id\":\"https:\\\/\\\/radioljubuski.ba\\\/index.php\\\/2021\\\/06\\\/05\\\/tomasevic-preuzeo-zagreb-koliki-je-proracun-i-koja-je-sudbina-dosadasnjih-procelnika\\\/\"},\"wordCount\":1334,\"publisher\":{\"@id\":\"https:\\\/\\\/radioljubuski.ba\\\/#organization\"},\"image\":{\"@id\":\"https:\\\/\\\/radioljubuski.ba\\\/index.php\\\/2021\\\/06\\\/05\\\/tomasevic-preuzeo-zagreb-koliki-je-proracun-i-koja-je-sudbina-dosadasnjih-procelnika\\\/#primaryimage\"},\"thumbnailUrl\":\"https:\\\/\\\/radioljubuski.ba\\\/wp-content\\\/uploads\\\/2021\\\/06\\\/HN20210604068592-696x417-1.jpg\",\"articleSection\":[\"BIH i regija\"],\"inLanguage\":\"hr\"},{\"@type\":\"WebPage\",\"@id\":\"https:\\\/\\\/radioljubuski.ba\\\/index.php\\\/2021\\\/06\\\/05\\\/tomasevic-preuzeo-zagreb-koliki-je-proracun-i-koja-je-sudbina-dosadasnjih-procelnika\\\/\",\"url\":\"https:\\\/\\\/radioljubuski.ba\\\/index.php\\\/2021\\\/06\\\/05\\\/tomasevic-preuzeo-zagreb-koliki-je-proracun-i-koja-je-sudbina-dosadasnjih-procelnika\\\/\",\"name\":\"Toma\u0161evi\u0107 preuzeo Zagreb: Koliki je prora\u010dun i koja je sudbina dosada\u0161njih pro\u010delnika? - RADIO LJUBU\u0160KI\",\"isPartOf\":{\"@id\":\"https:\\\/\\\/radioljubuski.ba\\\/#website\"},\"primaryImageOfPage\":{\"@id\":\"https:\\\/\\\/radioljubuski.ba\\\/index.php\\\/2021\\\/06\\\/05\\\/tomasevic-preuzeo-zagreb-koliki-je-proracun-i-koja-je-sudbina-dosadasnjih-procelnika\\\/#primaryimage\"},\"image\":{\"@id\":\"https:\\\/\\\/radioljubuski.ba\\\/index.php\\\/2021\\\/06\\\/05\\\/tomasevic-preuzeo-zagreb-koliki-je-proracun-i-koja-je-sudbina-dosadasnjih-procelnika\\\/#primaryimage\"},\"thumbnailUrl\":\"https:\\\/\\\/radioljubuski.ba\\\/wp-content\\\/uploads\\\/2021\\\/06\\\/HN20210604068592-696x417-1.jpg\",\"datePublished\":\"2021-06-05T11:31:58+00:00\",\"breadcrumb\":{\"@id\":\"https:\\\/\\\/radioljubuski.ba\\\/index.php\\\/2021\\\/06\\\/05\\\/tomasevic-preuzeo-zagreb-koliki-je-proracun-i-koja-je-sudbina-dosadasnjih-procelnika\\\/#breadcrumb\"},\"inLanguage\":\"hr\",\"potentialAction\":[{\"@type\":\"ReadAction\",\"target\":[\"https:\\\/\\\/radioljubuski.ba\\\/index.php\\\/2021\\\/06\\\/05\\\/tomasevic-preuzeo-zagreb-koliki-je-proracun-i-koja-je-sudbina-dosadasnjih-procelnika\\\/\"]}]},{\"@type\":\"ImageObject\",\"inLanguage\":\"hr\",\"@id\":\"https:\\\/\\\/radioljubuski.ba\\\/index.php\\\/2021\\\/06\\\/05\\\/tomasevic-preuzeo-zagreb-koliki-je-proracun-i-koja-je-sudbina-dosadasnjih-procelnika\\\/#primaryimage\",\"url\":\"https:\\\/\\\/radioljubuski.ba\\\/wp-content\\\/uploads\\\/2021\\\/06\\\/HN20210604068592-696x417-1.jpg\",\"contentUrl\":\"https:\\\/\\\/radioljubuski.ba\\\/wp-content\\\/uploads\\\/2021\\\/06\\\/HN20210604068592-696x417-1.jpg\",\"width\":696,\"height\":417},{\"@type\":\"BreadcrumbList\",\"@id\":\"https:\\\/\\\/radioljubuski.ba\\\/index.php\\\/2021\\\/06\\\/05\\\/tomasevic-preuzeo-zagreb-koliki-je-proracun-i-koja-je-sudbina-dosadasnjih-procelnika\\\/#breadcrumb\",\"itemListElement\":[{\"@type\":\"ListItem\",\"position\":1,\"name\":\"Po\u010detna stranica\",\"item\":\"https:\\\/\\\/radioljubuski.ba\\\/\"},{\"@type\":\"ListItem\",\"position\":2,\"name\":\"Toma\u0161evi\u0107 preuzeo Zagreb: Koliki je prora\u010dun i koja je sudbina dosada\u0161njih pro\u010delnika?\"}]},{\"@type\":\"WebSite\",\"@id\":\"https:\\\/\\\/radioljubuski.ba\\\/#website\",\"url\":\"https:\\\/\\\/radioljubuski.ba\\\/\",\"name\":\"Radio Ljubu\u0161ki\",\"description\":\"Sun\u010dana frekvencija Hercegovine\",\"publisher\":{\"@id\":\"https:\\\/\\\/radioljubuski.ba\\\/#organization\"},\"potentialAction\":[{\"@type\":\"SearchAction\",\"target\":{\"@type\":\"EntryPoint\",\"urlTemplate\":\"https:\\\/\\\/radioljubuski.ba\\\/?s={search_term_string}\"},\"query-input\":{\"@type\":\"PropertyValueSpecification\",\"valueRequired\":true,\"valueName\":\"search_term_string\"}}],\"inLanguage\":\"hr\"},{\"@type\":\"Organization\",\"@id\":\"https:\\\/\\\/radioljubuski.ba\\\/#organization\",\"name\":\"Radio Ljubu\u0161ki\",\"url\":\"https:\\\/\\\/radioljubuski.ba\\\/\",\"logo\":{\"@type\":\"ImageObject\",\"inLanguage\":\"hr\",\"@id\":\"https:\\\/\\\/radioljubuski.ba\\\/#\\\/schema\\\/logo\\\/image\\\/\",\"url\":\"https:\\\/\\\/radioljubuski.ba\\\/wp-content\\\/uploads\\\/2021\\\/02\\\/cropped-Radio_Ljubuski_logo1.jpg\",\"contentUrl\":\"https:\\\/\\\/radioljubuski.ba\\\/wp-content\\\/uploads\\\/2021\\\/02\\\/cropped-Radio_Ljubuski_logo1.jpg\",\"width\":512,\"height\":512,\"caption\":\"Radio Ljubu\u0161ki\"},\"image\":{\"@id\":\"https:\\\/\\\/radioljubuski.ba\\\/#\\\/schema\\\/logo\\\/image\\\/\"},\"sameAs\":[\"https:\\\/\\\/www.facebook.com\\\/Radiio-Ljubuski-1490835324566332\",\"https:\\\/\\\/x.com\\\/radioljubuski\",\"https:\\\/\\\/hr.linkedin.com\\\/company\\\/radio-ljubuski\",\"https:\\\/\\\/www.youtube.com\\\/channel\\\/UCHYaeO_n0Db3tjNGudGpXyw\"]},{\"@type\":\"Person\",\"@id\":\"https:\\\/\\\/radioljubuski.ba\\\/#\\\/schema\\\/person\\\/19fc700381a780f69665d7956c469e3b\",\"name\":\"Radio Ljubu\u0161ki\"}]}<\/script>\n<!-- \/ Yoast SEO plugin. -->","yoast_head_json":{"title":"Toma\u0161evi\u0107 preuzeo Zagreb: Koliki je prora\u010dun i koja je sudbina dosada\u0161njih pro\u010delnika? - RADIO LJUBU\u0160KI","robots":{"index":"index","follow":"follow","max-snippet":"max-snippet:-1","max-image-preview":"max-image-preview:large","max-video-preview":"max-video-preview:-1"},"canonical":"https:\/\/radioljubuski.ba\/index.php\/2021\/06\/05\/tomasevic-preuzeo-zagreb-koliki-je-proracun-i-koja-je-sudbina-dosadasnjih-procelnika\/","og_locale":"hr_HR","og_type":"article","og_title":"Toma\u0161evi\u0107 preuzeo Zagreb: Koliki je prora\u010dun i koja je sudbina dosada\u0161njih pro\u010delnika? - RADIO LJUBU\u0160KI","og_description":"\u201cDa, situacija u Zagrebu jest ne\u0161to gora nego sam o\u010dekivao, ali ipak ne bih pretjerivao\u201d, izjavio je nakon ju\u010dera\u0161nje primopredaje vlasti u Zagrebu novoizabrani gradona\u010delnik Zagreba Tomislav Toma\u0161evi\u0107, \u010delnik ekstremno lijeve koalicije stranaka Mo\u017eemo, Zagreb je na\u0161, Nova ljevica, Zelena alternativa \u2013 ORaH i Za Grad. U Zagrebu je u petak obavljena primopredaja ovlasti izme\u0111u [&hellip;]","og_url":"https:\/\/radioljubuski.ba\/index.php\/2021\/06\/05\/tomasevic-preuzeo-zagreb-koliki-je-proracun-i-koja-je-sudbina-dosadasnjih-procelnika\/","og_site_name":"RADIO LJUBU\u0160KI","article_publisher":"https:\/\/www.facebook.com\/Radiio-Ljubuski-1490835324566332","article_published_time":"2021-06-05T11:31:58+00:00","og_image":[{"width":696,"height":417,"url":"https:\/\/radioljubuski.ba\/wp-content\/uploads\/2021\/06\/HN20210604068592-696x417-1.jpg","type":"image\/jpeg"}],"author":"Radio Ljubu\u0161ki","twitter_card":"summary_large_image","twitter_creator":"@radioljubuski","twitter_site":"@radioljubuski","twitter_misc":{"Napisao\/la":"Radio Ljubu\u0161ki","Procijenjeno vrijeme \u010ditanja":"7 minuta"},"schema":{"@context":"https:\/\/schema.org","@graph":[{"@type":"Article","@id":"https:\/\/radioljubuski.ba\/index.php\/2021\/06\/05\/tomasevic-preuzeo-zagreb-koliki-je-proracun-i-koja-je-sudbina-dosadasnjih-procelnika\/#article","isPartOf":{"@id":"https:\/\/radioljubuski.ba\/index.php\/2021\/06\/05\/tomasevic-preuzeo-zagreb-koliki-je-proracun-i-koja-je-sudbina-dosadasnjih-procelnika\/"},"author":{"name":"Radio Ljubu\u0161ki","@id":"https:\/\/radioljubuski.ba\/#\/schema\/person\/19fc700381a780f69665d7956c469e3b"},"headline":"Toma\u0161evi\u0107 preuzeo Zagreb: Koliki je prora\u010dun i koja je sudbina dosada\u0161njih pro\u010delnika?","datePublished":"2021-06-05T11:31:58+00:00","mainEntityOfPage":{"@id":"https:\/\/radioljubuski.ba\/index.php\/2021\/06\/05\/tomasevic-preuzeo-zagreb-koliki-je-proracun-i-koja-je-sudbina-dosadasnjih-procelnika\/"},"wordCount":1334,"publisher":{"@id":"https:\/\/radioljubuski.ba\/#organization"},"image":{"@id":"https:\/\/radioljubuski.ba\/index.php\/2021\/06\/05\/tomasevic-preuzeo-zagreb-koliki-je-proracun-i-koja-je-sudbina-dosadasnjih-procelnika\/#primaryimage"},"thumbnailUrl":"https:\/\/radioljubuski.ba\/wp-content\/uploads\/2021\/06\/HN20210604068592-696x417-1.jpg","articleSection":["BIH i regija"],"inLanguage":"hr"},{"@type":"WebPage","@id":"https:\/\/radioljubuski.ba\/index.php\/2021\/06\/05\/tomasevic-preuzeo-zagreb-koliki-je-proracun-i-koja-je-sudbina-dosadasnjih-procelnika\/","url":"https:\/\/radioljubuski.ba\/index.php\/2021\/06\/05\/tomasevic-preuzeo-zagreb-koliki-je-proracun-i-koja-je-sudbina-dosadasnjih-procelnika\/","name":"Toma\u0161evi\u0107 preuzeo Zagreb: Koliki je prora\u010dun i koja je sudbina dosada\u0161njih pro\u010delnika? - RADIO LJUBU\u0160KI","isPartOf":{"@id":"https:\/\/radioljubuski.ba\/#website"},"primaryImageOfPage":{"@id":"https:\/\/radioljubuski.ba\/index.php\/2021\/06\/05\/tomasevic-preuzeo-zagreb-koliki-je-proracun-i-koja-je-sudbina-dosadasnjih-procelnika\/#primaryimage"},"image":{"@id":"https:\/\/radioljubuski.ba\/index.php\/2021\/06\/05\/tomasevic-preuzeo-zagreb-koliki-je-proracun-i-koja-je-sudbina-dosadasnjih-procelnika\/#primaryimage"},"thumbnailUrl":"https:\/\/radioljubuski.ba\/wp-content\/uploads\/2021\/06\/HN20210604068592-696x417-1.jpg","datePublished":"2021-06-05T11:31:58+00:00","breadcrumb":{"@id":"https:\/\/radioljubuski.ba\/index.php\/2021\/06\/05\/tomasevic-preuzeo-zagreb-koliki-je-proracun-i-koja-je-sudbina-dosadasnjih-procelnika\/#breadcrumb"},"inLanguage":"hr","potentialAction":[{"@type":"ReadAction","target":["https:\/\/radioljubuski.ba\/index.php\/2021\/06\/05\/tomasevic-preuzeo-zagreb-koliki-je-proracun-i-koja-je-sudbina-dosadasnjih-procelnika\/"]}]},{"@type":"ImageObject","inLanguage":"hr","@id":"https:\/\/radioljubuski.ba\/index.php\/2021\/06\/05\/tomasevic-preuzeo-zagreb-koliki-je-proracun-i-koja-je-sudbina-dosadasnjih-procelnika\/#primaryimage","url":"https:\/\/radioljubuski.ba\/wp-content\/uploads\/2021\/06\/HN20210604068592-696x417-1.jpg","contentUrl":"https:\/\/radioljubuski.ba\/wp-content\/uploads\/2021\/06\/HN20210604068592-696x417-1.jpg","width":696,"height":417},{"@type":"BreadcrumbList","@id":"https:\/\/radioljubuski.ba\/index.php\/2021\/06\/05\/tomasevic-preuzeo-zagreb-koliki-je-proracun-i-koja-je-sudbina-dosadasnjih-procelnika\/#breadcrumb","itemListElement":[{"@type":"ListItem","position":1,"name":"Po\u010detna stranica","item":"https:\/\/radioljubuski.ba\/"},{"@type":"ListItem","position":2,"name":"Toma\u0161evi\u0107 preuzeo Zagreb: Koliki je prora\u010dun i koja je sudbina dosada\u0161njih pro\u010delnika?"}]},{"@type":"WebSite","@id":"https:\/\/radioljubuski.ba\/#website","url":"https:\/\/radioljubuski.ba\/","name":"Radio Ljubu\u0161ki","description":"Sun\u010dana frekvencija Hercegovine","publisher":{"@id":"https:\/\/radioljubuski.ba\/#organization"},"potentialAction":[{"@type":"SearchAction","target":{"@type":"EntryPoint","urlTemplate":"https:\/\/radioljubuski.ba\/?s={search_term_string}"},"query-input":{"@type":"PropertyValueSpecification","valueRequired":true,"valueName":"search_term_string"}}],"inLanguage":"hr"},{"@type":"Organization","@id":"https:\/\/radioljubuski.ba\/#organization","name":"Radio Ljubu\u0161ki","url":"https:\/\/radioljubuski.ba\/","logo":{"@type":"ImageObject","inLanguage":"hr","@id":"https:\/\/radioljubuski.ba\/#\/schema\/logo\/image\/","url":"https:\/\/radioljubuski.ba\/wp-content\/uploads\/2021\/02\/cropped-Radio_Ljubuski_logo1.jpg","contentUrl":"https:\/\/radioljubuski.ba\/wp-content\/uploads\/2021\/02\/cropped-Radio_Ljubuski_logo1.jpg","width":512,"height":512,"caption":"Radio Ljubu\u0161ki"},"image":{"@id":"https:\/\/radioljubuski.ba\/#\/schema\/logo\/image\/"},"sameAs":["https:\/\/www.facebook.com\/Radiio-Ljubuski-1490835324566332","https:\/\/x.com\/radioljubuski","https:\/\/hr.linkedin.com\/company\/radio-ljubuski","https:\/\/www.youtube.com\/channel\/UCHYaeO_n0Db3tjNGudGpXyw"]},{"@type":"Person","@id":"https:\/\/radioljubuski.ba\/#\/schema\/person\/19fc700381a780f69665d7956c469e3b","name":"Radio Ljubu\u0161ki"}]}},"_links":{"self":[{"href":"https:\/\/radioljubuski.ba\/index.php\/wp-json\/wp\/v2\/posts\/28755","targetHints":{"allow":["GET"]}}],"collection":[{"href":"https:\/\/radioljubuski.ba\/index.php\/wp-json\/wp\/v2\/posts"}],"about":[{"href":"https:\/\/radioljubuski.ba\/index.php\/wp-json\/wp\/v2\/types\/post"}],"author":[{"embeddable":true,"href":"https:\/\/radioljubuski.ba\/index.php\/wp-json\/wp\/v2\/users\/2"}],"replies":[{"embeddable":true,"href":"https:\/\/radioljubuski.ba\/index.php\/wp-json\/wp\/v2\/comments?post=28755"}],"version-history":[{"count":1,"href":"https:\/\/radioljubuski.ba\/index.php\/wp-json\/wp\/v2\/posts\/28755\/revisions"}],"predecessor-version":[{"id":28757,"href":"https:\/\/radioljubuski.ba\/index.php\/wp-json\/wp\/v2\/posts\/28755\/revisions\/28757"}],"wp:featuredmedia":[{"embeddable":true,"href":"https:\/\/radioljubuski.ba\/index.php\/wp-json\/wp\/v2\/media\/28756"}],"wp:attachment":[{"href":"https:\/\/radioljubuski.ba\/index.php\/wp-json\/wp\/v2\/media?parent=28755"}],"wp:term":[{"taxonomy":"category","embeddable":true,"href":"https:\/\/radioljubuski.ba\/index.php\/wp-json\/wp\/v2\/categories?post=28755"},{"taxonomy":"post_tag","embeddable":true,"href":"https:\/\/radioljubuski.ba\/index.php\/wp-json\/wp\/v2\/tags?post=28755"}],"curies":[{"name":"wp","href":"https:\/\/api.w.org\/{rel}","templated":true}]}}